{"id":209526,"date":"2023-10-21T10:41:00","date_gmt":"2023-10-21T10:41:00","guid":{"rendered":"https:\/\/www.webdo.tn\/fr\/blog\/amnesty-international-les-attaques-israeliennes-doivent-faire-l-objet-d-une-enquete-pour-crimes-de-guerre\/209526\/"},"modified":"2025-05-20T21:56:36","modified_gmt":"2025-05-20T21:56:36","slug":"amnesty-international-les-attaques-israeliennes-doivent-faire-l-objet-d-une-enquete-pour-crimes-de-guerre","status":"publish","type":"post","link":"https:\/\/www.webdo.tn\/fr\/actualite\/international\/amnesty-international-les-attaques-israeliennes-doivent-faire-l-objet-d-une-enquete-pour-crimes-de-guerre\/209526\/","title":{"rendered":"Amnesty International : \u00ab\u00a0Les attaques isra\u00e9liennes doivent faire l&rsquo;objet d&rsquo;une enqu\u00eate pour crimes de guerre\u00a0\u00bb"},"content":{"rendered":"<p>L\u2019ONG appelle la communaut\u00e9 internationale \u00e0 \u00ab agir maintenant pour \u00e9viter que Gaza ne devienne un \u00ab cimeti\u00e8re g\u00e9ant \u00bb.<\/p>\n<p>\t\t\t\t\t\t\t\t\tL\u2019ONG Amnesty International a annonc\u00e9 dans un communiqu\u00e9 diffus\u00e9 dans la soir\u00e9e de vendredi 20 octobre 2023, avoir des informations \u00ab\u00a0sur des attaques isra\u00e9liennes ill\u00e9gales, y compris des attaques indiscrimin\u00e9es, qui ont fait un grand nombre de victimes civiles et doivent faire l&rsquo;objet d&rsquo;une enqu\u00eate en tant que crimes de guerre\u00a0\u00bb.<\/p>\n<p>Des images satellite analys\u00e9es<\/p>\n<p>Amnesty International indique, dans son communiqu\u00e9 qu&rsquo;elle s&rsquo;est entretenue avec des survivants et des t\u00e9moins oculaires, qu&rsquo;elle a analys\u00e9 des images satellite et v\u00e9rifi\u00e9 des photos et des vid\u00e9os pour enqu\u00eater sur les bombardements a\u00e9riens men\u00e9s par les forces isra\u00e9liennes entre le 7 et le 12 octobre, \u00ab\u00a0qui ont caus\u00e9 d&rsquo;horribles destructions et, dans certains cas, an\u00e9anti des familles enti\u00e8res\u00a0\u00bb.<\/p>\n<p>\u00ab\u00a0Dans leur intention d\u00e9clar\u00e9e d&rsquo;utiliser tous les moyens pour d\u00e9truire le Hamas, les forces isra\u00e9liennes ont fait preuve d&rsquo;un m\u00e9pris choquant pour les vies civiles. Elles ont pulv\u00e9ris\u00e9 rue apr\u00e8s rue des immeubles r\u00e9sidentiels, tuant des civils \u00e0 grande \u00e9chelle et d\u00e9truisant des infrastructures essentielles, tandis que de nouvelles restrictions font que Gaza manque rapidement d&rsquo;eau, de m\u00e9dicaments, de carburant et d&rsquo;\u00e9lectricit\u00e9\u00a0\u00bb, a d\u00e9clar\u00e9 Agn\u00e8s Callamard, secr\u00e9taire g\u00e9n\u00e9rale d&rsquo;Amnesty International.<\/p>\n<p>Elle affirme que \u00ab\u00a0les d\u00e9clarations des t\u00e9moins oculaires et des survivants\u00a0\u00bb on permis de d\u00e9montrer \u00e0 plusieurs reprises comment les attaques isra\u00e9liennes ont d\u00e9cim\u00e9 les familles palestiniennes, causant de telles destructions que les proches survivants n&rsquo;ont plus que des d\u00e9combres pour se souvenir de leurs proches\u00a0\u00bb.<\/p>\n<p>Aucune preuve de la pr\u00e9sence de combattants<\/p>\n<p>L\u2019ONG accuse aussi l\u2019arm\u00e9e isra\u00e9lienne de tenter de justifier ses actions sous de faux pr\u00e9texte. \u00ab\u00a0L&rsquo;arm\u00e9e isra\u00e9lienne affirme qu&rsquo;elle n&rsquo;attaque que des cibles militaires, mais dans un certain nombre de cas, Amnesty International n&rsquo;a trouv\u00e9 aucune preuve de la pr\u00e9sence de combattants ou d&rsquo;autres objectifs militaires \u00e0 proximit\u00e9 au moment des attaques\u00a0\u00bb, poursuit l&rsquo;organisation.<\/p>\n<p>Amnesty International a \u00e9galement constat\u00e9 que \u00ab\u00a0l&rsquo;arm\u00e9e isra\u00e9lienne ne prenait pas toutes les pr\u00e9cautions possibles avant les attaques, notamment en n&rsquo;avertissant pas efficacement les civils palestiniens au pr\u00e9alable. Dans certains cas, elle n&rsquo;a pas du tout averti les civils et dans d&rsquo;autres, elle a \u00e9mis des avertissements inad\u00e9quats\u00a0\u00bb.<\/p>\n<p>Selon Agn\u00e8s Callamard, \u00ab\u00a0les cinq cas ne repr\u00e9sentent qu&rsquo;une infime partie de l&rsquo;horreur document\u00e9e par Amnesty et illustrent l&rsquo;impact d\u00e9vastateur des bombardements a\u00e9riens isra\u00e9liens sur la population de Gaza\u00a0\u00bb.<\/p>\n<p>Agir maintenant pour \u00e9viter que Gaza ne devienne un \u00ab\u00a0cimeti\u00e8re g\u00e9ant\u00a0\u00bb<\/p>\n<p>\u00ab\u00a0Depuis 16 ans, le blocus ill\u00e9gal d&rsquo;Isra\u00ebl fait de Gaza la plus grande prison \u00e0 ciel ouvert du monde\u00a0\u00bb d\u00e9nonce-t-elle appelant la communaut\u00e9 internationale \u00e0 \u00ab\u00a0agir maintenant pour \u00e9viter qu&rsquo;elle ne devienne un cimeti\u00e8re g\u00e9ant\u00a0\u00bb.<\/p>\n<p>\u00ab\u00a0Nous demandons aux forces isra\u00e9liennes de mettre imm\u00e9diatement fin aux attaques ill\u00e9gales \u00e0 Gaza et de s&rsquo;assurer qu&rsquo;elles prennent toutes les pr\u00e9cautions possibles pour minimiser les dommages caus\u00e9s aux civils et aux biens \u00e0 caract\u00e8re civil, ajoute Mme Callamard.<\/p>\n<p>\u00ab\u00a0Les alli\u00e9s d&rsquo;Isra\u00ebl doivent imm\u00e9diatement imposer un embargo complet sur les armes, \u00e9tant donn\u00e9 que de graves violations du droit international sont commises\u00a0\u00bb. La responsable affirme en outre que son organisation \u00ab\u00a0demande au Hamas et aux autres groupes arm\u00e9s de lib\u00e9rer d&rsquo;urgence tous les otages civils et de cesser imm\u00e9diatement les tirs de roquettes aveugles. Rien ne peut justifier l&rsquo;assassinat d\u00e9lib\u00e9r\u00e9 de civils, quelles que soient les circonstances\u00a0\u00bb, poursuit-t-elle.<\/p>\n<p>Enfin, elle affirme qu&rsquo;il est \u00ab\u00a0essentiel que le Bureau du procureur de la Cour p\u00e9nale internationale acc\u00e9l\u00e8re d&rsquo;urgence son enqu\u00eate en cours sur les preuves de crimes de guerre et d&rsquo;autres crimes de droit international commis par toutes les parties\u00a0\u00bb.<\/p>\n<p>\u00ab\u00a0Sans justice et sans d\u00e9mant\u00e8lement du syst\u00e8me d&rsquo;apartheid mis en place par Isra\u00ebl \u00e0 l&rsquo;encontre des Palestiniens, il ne peut y avoir de fin aux horribles souffrances civiles dont nous sommes t\u00e9moins\u00a0\u00bb, conclut la secr\u00e9taire g\u00e9n\u00e9rale d&rsquo;Amnesty.<\/p>\n<p>Amnesty International affirme enfin \u00eatre en train de poursuivre ses enqu\u00eates sur des dizaines d&rsquo;attaques \u00e0 Gaza.<\/p>\n","protected":false},"excerpt":{"rendered":"<p>L\u2019ONG appelle la communaut\u00e9 internationale \u00e0 \u00ab agir maintenant pour \u00e9viter que Gaza ne devienne un \u00ab cimeti\u00e8re g\u00e9ant \u00bb.<\/p>\n","protected":false},"author":3162,"featured_media":249009,"comment_status":"open","ping_status":"closed","sticky":false,"template":"","format":"standard","meta":{"footnotes":""},"categories":[2598],"tags":[6764,7489,2689,2636],"class_list":["post-209526","post","type-post","status-publish","format-standard","has-post-thumbnail","hentry","category-international","tag-amnesty-international","tag-crimes-de-guerre","tag-gaza","tag-israel"],"yoast_head":"<!-- This site is optimized with the Yoast SEO Premium plugin v27.4 (Yoast SEO v27.5) - https:\/\/yoast.com\/product\/yoast-seo-premium-wordpress\/ -->\n<title>Amnesty International : Les attaques isra\u00e9liennes doivent faire l&#039;objet d&#039;une enqu\u00eate pour crimes de guerre<\/title>\n<meta name=\"description\" content=\"L\u2019ONG appelle la communaut\u00e9 internationale \u00e0 \u00ab agir maintenant pour \u00e9viter que Gaza ne devienne un \u00ab cimeti\u00e8re g\u00e9ant \u00bb.\" \/>\n<link rel=\"canonical\" href=\"https:\/\/www.webdo.tn\/fr\/actualite\/international\/amnesty-international-les-attaques-israeliennes-doivent-faire-l-objet-d-une-enquete-pour-crimes-de-guerre\/209526\/\" \/>\n<meta property=\"og:locale\" content=\"fr_FR\" \/>\n<meta property=\"og:type\" content=\"article\" \/>\n<meta property=\"og:title\" content=\"Amnesty International : &quot;Les attaques isra\u00e9liennes doivent faire l&#039;objet d&#039;une enqu\u00eate pour crimes de guerre&quot;\" \/>\n<meta property=\"og:description\" content=\"L\u2019ONG appelle la communaut\u00e9 internationale \u00e0 \u00ab agir maintenant pour \u00e9viter que Gaza ne devienne un \u00ab cimeti\u00e8re g\u00e9ant \u00bb.\" \/>\n<meta property=\"og:url\" content=\"https:\/\/www.webdo.tn\/fr\/actualite\/international\/amnesty-international-les-attaques-israeliennes-doivent-faire-l-objet-d-une-enquete-pour-crimes-de-guerre\/209526\/\" \/>\n<meta property=\"og:site_name\" content=\"webdo\" \/>\n<meta property=\"article:publisher\" content=\"https:\/\/www.facebook.com\/webdotn\" \/>\n<meta property=\"article:published_time\" content=\"2023-10-21T10:41:00+00:00\" \/>\n<meta property=\"article:modified_time\" content=\"2025-05-20T21:56:36+00:00\" \/>\n<meta property=\"og:image\" content=\"https:\/\/www.webdo.tn\/fr\/wp-content\/uploads\/2023\/10\/082f0c8a337e9c3d9ff3953d56e5cc52.jpg\" \/>\n\t<meta property=\"og:image:width\" content=\"750\" \/>\n\t<meta property=\"og:image:height\" content=\"400\" \/>\n\t<meta property=\"og:image:type\" content=\"image\/jpeg\" \/>\n<meta name=\"author\" content=\"MC\" \/>\n<meta name=\"twitter:card\" content=\"summary_large_image\" \/>\n<meta name=\"twitter:creator\" content=\"@webdo_tn\" \/>\n<meta name=\"twitter:site\" content=\"@webdo_tn\" \/>\n<meta name=\"twitter:label1\" content=\"\u00c9crit par\" \/>\n\t<meta name=\"twitter:data1\" content=\"MC\" \/>\n\t<meta name=\"twitter:label2\" content=\"Dur\u00e9e de lecture estim\u00e9e\" \/>\n\t<meta name=\"twitter:data2\" content=\"4 minutes\" \/>\n<script type=\"application\/ld+json\" class=\"yoast-schema-graph\">{\"@context\":\"https:\\\/\\\/schema.org\",\"@graph\":[{\"@type\":\"NewsArticle\",\"@id\":\"https:\\\/\\\/www.webdo.tn\\\/fr\\\/actualite\\\/international\\\/amnesty-international-les-attaques-israeliennes-doivent-faire-l-objet-d-une-enquete-pour-crimes-de-guerre\\\/209526\\\/#article\",\"isPartOf\":{\"@id\":\"https:\\\/\\\/www.webdo.tn\\\/fr\\\/actualite\\\/international\\\/amnesty-international-les-attaques-israeliennes-doivent-faire-l-objet-d-une-enquete-pour-crimes-de-guerre\\\/209526\\\/\"},\"author\":{\"name\":\"MC\",\"@id\":\"https:\\\/\\\/www.webdo.tn\\\/fr\\\/#\\\/schema\\\/person\\\/2c4929cbf5a809e3bd38617c6ce150f6\"},\"headline\":\"Amnesty International : \u00ab\u00a0Les attaques isra\u00e9liennes doivent faire l&rsquo;objet d&rsquo;une enqu\u00eate pour crimes de guerre\u00a0\u00bb\",\"datePublished\":\"2023-10-21T10:41:00+00:00\",\"dateModified\":\"2025-05-20T21:56:36+00:00\",\"mainEntityOfPage\":{\"@id\":\"https:\\\/\\\/www.webdo.tn\\\/fr\\\/actualite\\\/international\\\/amnesty-international-les-attaques-israeliennes-doivent-faire-l-objet-d-une-enquete-pour-crimes-de-guerre\\\/209526\\\/\"},\"wordCount\":770,\"commentCount\":0,\"publisher\":{\"@id\":\"https:\\\/\\\/www.webdo.tn\\\/fr\\\/#organization\"},\"image\":{\"@id\":\"https:\\\/\\\/www.webdo.tn\\\/fr\\\/actualite\\\/international\\\/amnesty-international-les-attaques-israeliennes-doivent-faire-l-objet-d-une-enquete-pour-crimes-de-guerre\\\/209526\\\/#primaryimage\"},\"thumbnailUrl\":\"https:\\\/\\\/www.webdo.tn\\\/fr\\\/wp-content\\\/uploads\\\/2023\\\/10\\\/082f0c8a337e9c3d9ff3953d56e5cc52.jpg\",\"keywords\":[\"Amnesty international\",\"crimes de guerre\",\"Gaza\",\"isra\u00ebl\"],\"articleSection\":[\"International\"],\"inLanguage\":\"fr-FR\"},{\"@type\":\"WebPage\",\"@id\":\"https:\\\/\\\/www.webdo.tn\\\/fr\\\/actualite\\\/international\\\/amnesty-international-les-attaques-israeliennes-doivent-faire-l-objet-d-une-enquete-pour-crimes-de-guerre\\\/209526\\\/\",\"url\":\"https:\\\/\\\/www.webdo.tn\\\/fr\\\/actualite\\\/international\\\/amnesty-international-les-attaques-israeliennes-doivent-faire-l-objet-d-une-enquete-pour-crimes-de-guerre\\\/209526\\\/\",\"name\":\"Amnesty International : Les attaques isra\u00e9liennes doivent faire l'objet d'une enqu\u00eate pour crimes de guerre\",\"isPartOf\":{\"@id\":\"https:\\\/\\\/www.webdo.tn\\\/fr\\\/#website\"},\"primaryImageOfPage\":{\"@id\":\"https:\\\/\\\/www.webdo.tn\\\/fr\\\/actualite\\\/international\\\/amnesty-international-les-attaques-israeliennes-doivent-faire-l-objet-d-une-enquete-pour-crimes-de-guerre\\\/209526\\\/#primaryimage\"},\"image\":{\"@id\":\"https:\\\/\\\/www.webdo.tn\\\/fr\\\/actualite\\\/international\\\/amnesty-international-les-attaques-israeliennes-doivent-faire-l-objet-d-une-enquete-pour-crimes-de-guerre\\\/209526\\\/#primaryimage\"},\"thumbnailUrl\":\"https:\\\/\\\/www.webdo.tn\\\/fr\\\/wp-content\\\/uploads\\\/2023\\\/10\\\/082f0c8a337e9c3d9ff3953d56e5cc52.jpg\",\"datePublished\":\"2023-10-21T10:41:00+00:00\",\"dateModified\":\"2025-05-20T21:56:36+00:00\",\"description\":\"L\u2019ONG appelle la communaut\u00e9 internationale \u00e0 \u00ab agir maintenant pour \u00e9viter que Gaza ne devienne un \u00ab cimeti\u00e8re g\u00e9ant \u00bb.\",\"breadcrumb\":{\"@id\":\"https:\\\/\\\/www.webdo.tn\\\/fr\\\/actualite\\\/international\\\/amnesty-international-les-attaques-israeliennes-doivent-faire-l-objet-d-une-enquete-pour-crimes-de-guerre\\\/209526\\\/#breadcrumb\"},\"inLanguage\":\"fr-FR\",\"potentialAction\":[{\"@type\":\"ReadAction\",\"target\":[\"https:\\\/\\\/www.webdo.tn\\\/fr\\\/actualite\\\/international\\\/amnesty-international-les-attaques-israeliennes-doivent-faire-l-objet-d-une-enquete-pour-crimes-de-guerre\\\/209526\\\/\"]}]},{\"@type\":\"ImageObject\",\"inLanguage\":\"fr-FR\",\"@id\":\"https:\\\/\\\/www.webdo.tn\\\/fr\\\/actualite\\\/international\\\/amnesty-international-les-attaques-israeliennes-doivent-faire-l-objet-d-une-enquete-pour-crimes-de-guerre\\\/209526\\\/#primaryimage\",\"url\":\"https:\\\/\\\/www.webdo.tn\\\/fr\\\/wp-content\\\/uploads\\\/2023\\\/10\\\/082f0c8a337e9c3d9ff3953d56e5cc52.jpg\",\"contentUrl\":\"https:\\\/\\\/www.webdo.tn\\\/fr\\\/wp-content\\\/uploads\\\/2023\\\/10\\\/082f0c8a337e9c3d9ff3953d56e5cc52.jpg\",\"width\":750,\"height\":400,\"caption\":\"Gaza - 20 octobre 2023\"},{\"@type\":\"BreadcrumbList\",\"@id\":\"https:\\\/\\\/www.webdo.tn\\\/fr\\\/actualite\\\/international\\\/amnesty-international-les-attaques-israeliennes-doivent-faire-l-objet-d-une-enquete-pour-crimes-de-guerre\\\/209526\\\/#breadcrumb\",\"itemListElement\":[{\"@type\":\"ListItem\",\"position\":1,\"name\":\"Accueil\",\"item\":\"https:\\\/\\\/www.webdo.tn\\\/fr\\\/\"},{\"@type\":\"ListItem\",\"position\":2,\"name\":\"Amnesty International : \u00ab\u00a0Les attaques isra\u00e9liennes doivent faire l&rsquo;objet d&rsquo;une enqu\u00eate pour crimes de guerre\u00a0\u00bb\"}]},{\"@type\":\"WebSite\",\"@id\":\"https:\\\/\\\/www.webdo.tn\\\/fr\\\/#website\",\"url\":\"https:\\\/\\\/www.webdo.tn\\\/fr\\\/\",\"name\":\"webdo\",\"description\":\"Tunisie - News en Tunisie et \u00e0 l&#039;international sur Webdo.tn\",\"publisher\":{\"@id\":\"https:\\\/\\\/www.webdo.tn\\\/fr\\\/#organization\"},\"potentialAction\":[{\"@type\":\"SearchAction\",\"target\":{\"@type\":\"EntryPoint\",\"urlTemplate\":\"https:\\\/\\\/www.webdo.tn\\\/fr\\\/?s={search_term_string}\"},\"query-input\":{\"@type\":\"PropertyValueSpecification\",\"valueRequired\":true,\"valueName\":\"search_term_string\"}}],\"inLanguage\":\"fr-FR\"},{\"@type\":\"Organization\",\"@id\":\"https:\\\/\\\/www.webdo.tn\\\/fr\\\/#organization\",\"name\":\"Webdo\",\"alternateName\":\"Webdo.tn\",\"url\":\"https:\\\/\\\/www.webdo.tn\\\/fr\\\/\",\"logo\":{\"@type\":\"ImageObject\",\"inLanguage\":\"fr-FR\",\"@id\":\"https:\\\/\\\/www.webdo.tn\\\/fr\\\/#\\\/schema\\\/logo\\\/image\\\/\",\"url\":\"https:\\\/\\\/www.webdo.tn\\\/fr\\\/wp-content\\\/uploads\\\/2025\\\/06\\\/Webdo-Tunisie_168377.jpg\",\"contentUrl\":\"https:\\\/\\\/www.webdo.tn\\\/fr\\\/wp-content\\\/uploads\\\/2025\\\/06\\\/Webdo-Tunisie_168377.jpg\",\"width\":301,\"height\":301,\"caption\":\"Webdo\"},\"image\":{\"@id\":\"https:\\\/\\\/www.webdo.tn\\\/fr\\\/#\\\/schema\\\/logo\\\/image\\\/\"},\"sameAs\":[\"https:\\\/\\\/www.facebook.com\\\/webdotn\",\"https:\\\/\\\/x.com\\\/webdo_tn\"],\"description\":\"Webdo est un m\u00e9dia num\u00e9rique tunisien fond\u00e9 en 2010, sp\u00e9cialis\u00e9 dans l\u2019actualit\u00e9 nationale et internationale, l\u2019\u00e9conomie, la soci\u00e9t\u00e9 et les analyses politiques. Le site s\u2019adresse \u00e0 un large public francophone et couvre l\u2019information tunisienne en temps r\u00e9el.\",\"email\":\"redac@webdo.tn\",\"legalName\":\"YNJ SARL\",\"foundingDate\":\"2010-09-06\",\"numberOfEmployees\":{\"@type\":\"QuantitativeValue\",\"minValue\":\"11\",\"maxValue\":\"50\"}},{\"@type\":\"Person\",\"@id\":\"https:\\\/\\\/www.webdo.tn\\\/fr\\\/#\\\/schema\\\/person\\\/2c4929cbf5a809e3bd38617c6ce150f6\",\"name\":\"MC\",\"image\":{\"@type\":\"ImageObject\",\"inLanguage\":\"fr-FR\",\"@id\":\"https:\\\/\\\/secure.gravatar.com\\\/avatar\\\/a545bbb6f84efdd5553dbbc2895e3ca8f1d12c5215e00a041c9670b54aa9b18a?s=96&d=mm&r=g\",\"url\":\"https:\\\/\\\/secure.gravatar.com\\\/avatar\\\/a545bbb6f84efdd5553dbbc2895e3ca8f1d12c5215e00a041c9670b54aa9b18a?s=96&d=mm&r=g\",\"contentUrl\":\"https:\\\/\\\/secure.gravatar.com\\\/avatar\\\/a545bbb6f84efdd5553dbbc2895e3ca8f1d12c5215e00a041c9670b54aa9b18a?s=96&d=mm&r=g\",\"caption\":\"MC\"},\"url\":\"https:\\\/\\\/www.webdo.tn\\\/fr\\\/actualite\\\/author\\\/mc\\\/\"}]}<\/script>\n<!-- \/ Yoast SEO Premium plugin. -->","yoast_head_json":{"title":"Amnesty International : Les attaques isra\u00e9liennes doivent faire l'objet d'une enqu\u00eate pour crimes de guerre","description":"L\u2019ONG appelle la communaut\u00e9 internationale \u00e0 \u00ab agir maintenant pour \u00e9viter que Gaza ne devienne un \u00ab cimeti\u00e8re g\u00e9ant \u00bb.","canonical":"https:\/\/www.webdo.tn\/fr\/actualite\/international\/amnesty-international-les-attaques-israeliennes-doivent-faire-l-objet-d-une-enquete-pour-crimes-de-guerre\/209526\/","og_locale":"fr_FR","og_type":"article","og_title":"Amnesty International : \"Les attaques isra\u00e9liennes doivent faire l'objet d'une enqu\u00eate pour crimes de guerre\"","og_description":"L\u2019ONG appelle la communaut\u00e9 internationale \u00e0 \u00ab agir maintenant pour \u00e9viter que Gaza ne devienne un \u00ab cimeti\u00e8re g\u00e9ant \u00bb.","og_url":"https:\/\/www.webdo.tn\/fr\/actualite\/international\/amnesty-international-les-attaques-israeliennes-doivent-faire-l-objet-d-une-enquete-pour-crimes-de-guerre\/209526\/","og_site_name":"webdo","article_publisher":"https:\/\/www.facebook.com\/webdotn","article_published_time":"2023-10-21T10:41:00+00:00","article_modified_time":"2025-05-20T21:56:36+00:00","og_image":[{"width":750,"height":400,"url":"https:\/\/www.webdo.tn\/fr\/wp-content\/uploads\/2023\/10\/082f0c8a337e9c3d9ff3953d56e5cc52.jpg","type":"image\/jpeg"}],"author":"MC","twitter_card":"summary_large_image","twitter_creator":"@webdo_tn","twitter_site":"@webdo_tn","twitter_misc":{"\u00c9crit par":"MC","Dur\u00e9e de lecture estim\u00e9e":"4 minutes"},"schema":{"@context":"https:\/\/schema.org","@graph":[{"@type":"NewsArticle","@id":"https:\/\/www.webdo.tn\/fr\/actualite\/international\/amnesty-international-les-attaques-israeliennes-doivent-faire-l-objet-d-une-enquete-pour-crimes-de-guerre\/209526\/#article","isPartOf":{"@id":"https:\/\/www.webdo.tn\/fr\/actualite\/international\/amnesty-international-les-attaques-israeliennes-doivent-faire-l-objet-d-une-enquete-pour-crimes-de-guerre\/209526\/"},"author":{"name":"MC","@id":"https:\/\/www.webdo.tn\/fr\/#\/schema\/person\/2c4929cbf5a809e3bd38617c6ce150f6"},"headline":"Amnesty International : \u00ab\u00a0Les attaques isra\u00e9liennes doivent faire l&rsquo;objet d&rsquo;une enqu\u00eate pour crimes de guerre\u00a0\u00bb","datePublished":"2023-10-21T10:41:00+00:00","dateModified":"2025-05-20T21:56:36+00:00","mainEntityOfPage":{"@id":"https:\/\/www.webdo.tn\/fr\/actualite\/international\/amnesty-international-les-attaques-israeliennes-doivent-faire-l-objet-d-une-enquete-pour-crimes-de-guerre\/209526\/"},"wordCount":770,"commentCount":0,"publisher":{"@id":"https:\/\/www.webdo.tn\/fr\/#organization"},"image":{"@id":"https:\/\/www.webdo.tn\/fr\/actualite\/international\/amnesty-international-les-attaques-israeliennes-doivent-faire-l-objet-d-une-enquete-pour-crimes-de-guerre\/209526\/#primaryimage"},"thumbnailUrl":"https:\/\/www.webdo.tn\/fr\/wp-content\/uploads\/2023\/10\/082f0c8a337e9c3d9ff3953d56e5cc52.jpg","keywords":["Amnesty international","crimes de guerre","Gaza","isra\u00ebl"],"articleSection":["International"],"inLanguage":"fr-FR"},{"@type":"WebPage","@id":"https:\/\/www.webdo.tn\/fr\/actualite\/international\/amnesty-international-les-attaques-israeliennes-doivent-faire-l-objet-d-une-enquete-pour-crimes-de-guerre\/209526\/","url":"https:\/\/www.webdo.tn\/fr\/actualite\/international\/amnesty-international-les-attaques-israeliennes-doivent-faire-l-objet-d-une-enquete-pour-crimes-de-guerre\/209526\/","name":"Amnesty International : Les attaques isra\u00e9liennes doivent faire l'objet d'une enqu\u00eate pour crimes de guerre","isPartOf":{"@id":"https:\/\/www.webdo.tn\/fr\/#website"},"primaryImageOfPage":{"@id":"https:\/\/www.webdo.tn\/fr\/actualite\/international\/amnesty-international-les-attaques-israeliennes-doivent-faire-l-objet-d-une-enquete-pour-crimes-de-guerre\/209526\/#primaryimage"},"image":{"@id":"https:\/\/www.webdo.tn\/fr\/actualite\/international\/amnesty-international-les-attaques-israeliennes-doivent-faire-l-objet-d-une-enquete-pour-crimes-de-guerre\/209526\/#primaryimage"},"thumbnailUrl":"https:\/\/www.webdo.tn\/fr\/wp-content\/uploads\/2023\/10\/082f0c8a337e9c3d9ff3953d56e5cc52.jpg","datePublished":"2023-10-21T10:41:00+00:00","dateModified":"2025-05-20T21:56:36+00:00","description":"L\u2019ONG appelle la communaut\u00e9 internationale \u00e0 \u00ab agir maintenant pour \u00e9viter que Gaza ne devienne un \u00ab cimeti\u00e8re g\u00e9ant \u00bb.","breadcrumb":{"@id":"https:\/\/www.webdo.tn\/fr\/actualite\/international\/amnesty-international-les-attaques-israeliennes-doivent-faire-l-objet-d-une-enquete-pour-crimes-de-guerre\/209526\/#breadcrumb"},"inLanguage":"fr-FR","potentialAction":[{"@type":"ReadAction","target":["https:\/\/www.webdo.tn\/fr\/actualite\/international\/amnesty-international-les-attaques-israeliennes-doivent-faire-l-objet-d-une-enquete-pour-crimes-de-guerre\/209526\/"]}]},{"@type":"ImageObject","inLanguage":"fr-FR","@id":"https:\/\/www.webdo.tn\/fr\/actualite\/international\/amnesty-international-les-attaques-israeliennes-doivent-faire-l-objet-d-une-enquete-pour-crimes-de-guerre\/209526\/#primaryimage","url":"https:\/\/www.webdo.tn\/fr\/wp-content\/uploads\/2023\/10\/082f0c8a337e9c3d9ff3953d56e5cc52.jpg","contentUrl":"https:\/\/www.webdo.tn\/fr\/wp-content\/uploads\/2023\/10\/082f0c8a337e9c3d9ff3953d56e5cc52.jpg","width":750,"height":400,"caption":"Gaza - 20 octobre 2023"},{"@type":"BreadcrumbList","@id":"https:\/\/www.webdo.tn\/fr\/actualite\/international\/amnesty-international-les-attaques-israeliennes-doivent-faire-l-objet-d-une-enquete-pour-crimes-de-guerre\/209526\/#breadcrumb","itemListElement":[{"@type":"ListItem","position":1,"name":"Accueil","item":"https:\/\/www.webdo.tn\/fr\/"},{"@type":"ListItem","position":2,"name":"Amnesty International : \u00ab\u00a0Les attaques isra\u00e9liennes doivent faire l&rsquo;objet d&rsquo;une enqu\u00eate pour crimes de guerre\u00a0\u00bb"}]},{"@type":"WebSite","@id":"https:\/\/www.webdo.tn\/fr\/#website","url":"https:\/\/www.webdo.tn\/fr\/","name":"webdo","description":"Tunisie - News en Tunisie et \u00e0 l&#039;international sur Webdo.tn","publisher":{"@id":"https:\/\/www.webdo.tn\/fr\/#organization"},"potentialAction":[{"@type":"SearchAction","target":{"@type":"EntryPoint","urlTemplate":"https:\/\/www.webdo.tn\/fr\/?s={search_term_string}"},"query-input":{"@type":"PropertyValueSpecification","valueRequired":true,"valueName":"search_term_string"}}],"inLanguage":"fr-FR"},{"@type":"Organization","@id":"https:\/\/www.webdo.tn\/fr\/#organization","name":"Webdo","alternateName":"Webdo.tn","url":"https:\/\/www.webdo.tn\/fr\/","logo":{"@type":"ImageObject","inLanguage":"fr-FR","@id":"https:\/\/www.webdo.tn\/fr\/#\/schema\/logo\/image\/","url":"https:\/\/www.webdo.tn\/fr\/wp-content\/uploads\/2025\/06\/Webdo-Tunisie_168377.jpg","contentUrl":"https:\/\/www.webdo.tn\/fr\/wp-content\/uploads\/2025\/06\/Webdo-Tunisie_168377.jpg","width":301,"height":301,"caption":"Webdo"},"image":{"@id":"https:\/\/www.webdo.tn\/fr\/#\/schema\/logo\/image\/"},"sameAs":["https:\/\/www.facebook.com\/webdotn","https:\/\/x.com\/webdo_tn"],"description":"Webdo est un m\u00e9dia num\u00e9rique tunisien fond\u00e9 en 2010, sp\u00e9cialis\u00e9 dans l\u2019actualit\u00e9 nationale et internationale, l\u2019\u00e9conomie, la soci\u00e9t\u00e9 et les analyses politiques. Le site s\u2019adresse \u00e0 un large public francophone et couvre l\u2019information tunisienne en temps r\u00e9el.","email":"redac@webdo.tn","legalName":"YNJ SARL","foundingDate":"2010-09-06","numberOfEmployees":{"@type":"QuantitativeValue","minValue":"11","maxValue":"50"}},{"@type":"Person","@id":"https:\/\/www.webdo.tn\/fr\/#\/schema\/person\/2c4929cbf5a809e3bd38617c6ce150f6","name":"MC","image":{"@type":"ImageObject","inLanguage":"fr-FR","@id":"https:\/\/secure.gravatar.com\/avatar\/a545bbb6f84efdd5553dbbc2895e3ca8f1d12c5215e00a041c9670b54aa9b18a?s=96&d=mm&r=g","url":"https:\/\/secure.gravatar.com\/avatar\/a545bbb6f84efdd5553dbbc2895e3ca8f1d12c5215e00a041c9670b54aa9b18a?s=96&d=mm&r=g","contentUrl":"https:\/\/secure.gravatar.com\/avatar\/a545bbb6f84efdd5553dbbc2895e3ca8f1d12c5215e00a041c9670b54aa9b18a?s=96&d=mm&r=g","caption":"MC"},"url":"https:\/\/www.webdo.tn\/fr\/actualite\/author\/mc\/"}]}},"_links":{"self":[{"href":"https:\/\/www.webdo.tn\/fr\/wp-json\/wp\/v2\/posts\/209526","targetHints":{"allow":["GET"]}}],"collection":[{"href":"https:\/\/www.webdo.tn\/fr\/wp-json\/wp\/v2\/posts"}],"about":[{"href":"https:\/\/www.webdo.tn\/fr\/wp-json\/wp\/v2\/types\/post"}],"author":[{"embeddable":true,"href":"https:\/\/www.webdo.tn\/fr\/wp-json\/wp\/v2\/users\/3162"}],"replies":[{"embeddable":true,"href":"https:\/\/www.webdo.tn\/fr\/wp-json\/wp\/v2\/comments?post=209526"}],"version-history":[{"count":0,"href":"https:\/\/www.webdo.tn\/fr\/wp-json\/wp\/v2\/posts\/209526\/revisions"}],"wp:featuredmedia":[{"embeddable":true,"href":"https:\/\/www.webdo.tn\/fr\/wp-json\/wp\/v2\/media\/249009"}],"wp:attachment":[{"href":"https:\/\/www.webdo.tn\/fr\/wp-json\/wp\/v2\/media?parent=209526"}],"wp:term":[{"taxonomy":"category","embeddable":true,"href":"https:\/\/www.webdo.tn\/fr\/wp-json\/wp\/v2\/categories?post=209526"},{"taxonomy":"post_tag","embeddable":true,"href":"https:\/\/www.webdo.tn\/fr\/wp-json\/wp\/v2\/tags?post=209526"}],"curies":[{"name":"wp","href":"https:\/\/api.w.org\/{rel}","templated":true}]}}