{"id":209522,"date":"2023-10-21T10:01:00","date_gmt":"2023-10-21T10:01:00","guid":{"rendered":"https:\/\/www.webdo.tn\/fr\/blog\/ligue-1-7eme-j-reprise-en-fanfare\/209522\/"},"modified":"2025-05-20T21:56:35","modified_gmt":"2025-05-20T21:56:35","slug":"ligue-1-7eme-j-reprise-en-fanfare","status":"publish","type":"post","link":"https:\/\/www.webdo.tn\/fr\/actualite\/sport\/ligue-1-7eme-j-reprise-en-fanfare\/209522\/","title":{"rendered":"Ligue 1 &#8211; 7\u00e8me J. : Reprise en fanfare !"},"content":{"rendered":"<p>C\u2019est la reprise apr\u00e8s la tr\u00eave internationale. Le Championnat de Ligue 1 reprend ses droits avec la 7\u00e8me et derni\u00e8re journ\u00e9e de l\u2019aller de la premi\u00e8re phase.<\/p>\n<p>\t\t\t\t\t\t\t\t\tCe samedi, deux rencontres sont au menu avec notamment le choc entre l&rsquo;US Monastirienne et le CS Sfaxien pour le compte de la poule B. la d\u00e9faite est interdite pour les deux \u00e9quipes qui sont aux trousses du leader esp\u00e9rantiste.<\/p>\n<p>La deuxi\u00e8me rencontre du jour opposera EGS Gafsa \u00e0 l\u2019US Ben Guerdane pour le compte de la poule A.<\/p>\n<p>Demain, dimanche, un autre choc est programm\u00e9 au stade Hamadi Agrebi de Rades entre le Club africain et l&rsquo;Olympique de B\u00e9ja (leader avec 12 points), o\u00f9 la place de leader est en jeu.<\/p>\n<p>De son c\u00f4t\u00e9, l\u2019ES Sahel aura la t\u00e2che relativement facile face \u00e0 la lanterne rouge, l\u2019AS Soliman \u00e0 domicile.<\/p>\n<p>Programme de la 7e journ\u00e9e<\/p>\n<p>Groupe A<\/p>\n<p>Samedi 21 octobre (14h30)<\/p>\n<p>\tEGS Gafsa &#8211; US Ben Guerdane<\/p>\n<p>Dimanche 22 octobre (14h30)<\/p>\n<p>\tClub Africain &#8211; O. B\u00e9ja<br \/>\n\tES Sahel &#8211; AS Soliman<\/p>\n<p>Groupe B<\/p>\n<p>Samedi 21 octobre (14h30)<\/p>\n<p>\tUS Monastirienne &#8211; CS Sfaxien<\/p>\n<p>Dimanche 22 octobre (14h30)<\/p>\n<p>\tAS Marsa &#8211; ES M\u00e9tlaoui<br \/>\n\tCA Bizertin &#8211; ES Tunis (report\u00e9 en raison de la participation de l&rsquo;ES Tunis \u00e0 l&rsquo;African Football League)<\/p>\n","protected":false},"excerpt":{"rendered":"<p>C\u2019est la reprise apr\u00e8s la tr\u00eave internationale. Le Championnat de Ligue 1 reprend ses droits avec la 7\u00e8me et derni\u00e8re journ\u00e9e de l\u2019aller de la premi\u00e8re phase.<\/p>\n","protected":false},"author":3162,"featured_media":249007,"comment_status":"open","ping_status":"closed","sticky":false,"template":"","format":"standard","meta":{"footnotes":""},"categories":[2593],"tags":[2778,2622,2777],"class_list":["post-209522","post","type-post","status-publish","format-standard","has-post-thumbnail","hentry","category-sport","tag-championnat","tag-football","tag-ligue-1"],"yoast_head":"<!-- This site is optimized with the Yoast SEO Premium plugin v27.4 (Yoast SEO v27.5) - https:\/\/yoast.com\/product\/yoast-seo-premium-wordpress\/ -->\n<title>Ligue 1 - 7\u00e8me J. : Reprise en fanfare !<\/title>\n<meta name=\"description\" content=\"C\u2019est la reprise apr\u00e8s la tr\u00eave internationale. Le Championnat de Ligue 1 reprend ses droits avec la 7\u00e8me et derni\u00e8re journ\u00e9e de l\u2019aller de la premi\u00e8re phase.\" \/>\n<link rel=\"canonical\" href=\"https:\/\/www.webdo.tn\/fr\/actualite\/sport\/ligue-1-7eme-j-reprise-en-fanfare\/209522\/\" \/>\n<meta property=\"og:locale\" content=\"fr_FR\" \/>\n<meta property=\"og:type\" content=\"article\" \/>\n<meta property=\"og:title\" content=\"Ligue 1 - 7\u00e8me J. : Reprise en fanfare !\" \/>\n<meta property=\"og:description\" content=\"C\u2019est la reprise apr\u00e8s la tr\u00eave internationale. Le Championnat de Ligue 1 reprend ses droits avec la 7\u00e8me et derni\u00e8re journ\u00e9e de l\u2019aller de la premi\u00e8re phase.\" \/>\n<meta property=\"og:url\" content=\"https:\/\/www.webdo.tn\/fr\/actualite\/sport\/ligue-1-7eme-j-reprise-en-fanfare\/209522\/\" \/>\n<meta property=\"og:site_name\" content=\"webdo\" \/>\n<meta property=\"article:publisher\" content=\"https:\/\/www.facebook.com\/webdotn\" \/>\n<meta property=\"article:published_time\" content=\"2023-10-21T10:01:00+00:00\" \/>\n<meta property=\"article:modified_time\" content=\"2025-05-20T21:56:35+00:00\" \/>\n<meta property=\"og:image\" content=\"https:\/\/www.webdo.tn\/fr\/wp-content\/uploads\/2023\/10\/27c449abe7debad8faa11b15c1bd9927.jpg\" \/>\n\t<meta property=\"og:image:width\" content=\"750\" \/>\n\t<meta property=\"og:image:height\" content=\"400\" \/>\n\t<meta property=\"og:image:type\" content=\"image\/jpeg\" \/>\n<meta name=\"author\" content=\"MC\" \/>\n<meta name=\"twitter:card\" content=\"summary_large_image\" \/>\n<meta name=\"twitter:creator\" content=\"@webdo_tn\" \/>\n<meta name=\"twitter:site\" content=\"@webdo_tn\" \/>\n<meta name=\"twitter:label1\" content=\"\u00c9crit par\" \/>\n\t<meta name=\"twitter:data1\" content=\"MC\" \/>\n\t<meta name=\"twitter:label2\" content=\"Dur\u00e9e de lecture estim\u00e9e\" \/>\n\t<meta name=\"twitter:data2\" content=\"1 minute\" \/>\n<script type=\"application\/ld+json\" class=\"yoast-schema-graph\">{\"@context\":\"https:\\\/\\\/schema.org\",\"@graph\":[{\"@type\":\"NewsArticle\",\"@id\":\"https:\\\/\\\/www.webdo.tn\\\/fr\\\/actualite\\\/sport\\\/ligue-1-7eme-j-reprise-en-fanfare\\\/209522\\\/#article\",\"isPartOf\":{\"@id\":\"https:\\\/\\\/www.webdo.tn\\\/fr\\\/actualite\\\/sport\\\/ligue-1-7eme-j-reprise-en-fanfare\\\/209522\\\/\"},\"author\":{\"name\":\"MC\",\"@id\":\"https:\\\/\\\/www.webdo.tn\\\/fr\\\/#\\\/schema\\\/person\\\/2c4929cbf5a809e3bd38617c6ce150f6\"},\"headline\":\"Ligue 1 &#8211; 7\u00e8me J. : Reprise en fanfare !\",\"datePublished\":\"2023-10-21T10:01:00+00:00\",\"dateModified\":\"2025-05-20T21:56:35+00:00\",\"mainEntityOfPage\":{\"@id\":\"https:\\\/\\\/www.webdo.tn\\\/fr\\\/actualite\\\/sport\\\/ligue-1-7eme-j-reprise-en-fanfare\\\/209522\\\/\"},\"wordCount\":227,\"commentCount\":0,\"publisher\":{\"@id\":\"https:\\\/\\\/www.webdo.tn\\\/fr\\\/#organization\"},\"image\":{\"@id\":\"https:\\\/\\\/www.webdo.tn\\\/fr\\\/actualite\\\/sport\\\/ligue-1-7eme-j-reprise-en-fanfare\\\/209522\\\/#primaryimage\"},\"thumbnailUrl\":\"https:\\\/\\\/www.webdo.tn\\\/fr\\\/wp-content\\\/uploads\\\/2023\\\/10\\\/27c449abe7debad8faa11b15c1bd9927.jpg\",\"keywords\":[\"championnat\",\"football\",\"Ligue 1\"],\"articleSection\":[\"Sport\"],\"inLanguage\":\"fr-FR\"},{\"@type\":\"WebPage\",\"@id\":\"https:\\\/\\\/www.webdo.tn\\\/fr\\\/actualite\\\/sport\\\/ligue-1-7eme-j-reprise-en-fanfare\\\/209522\\\/\",\"url\":\"https:\\\/\\\/www.webdo.tn\\\/fr\\\/actualite\\\/sport\\\/ligue-1-7eme-j-reprise-en-fanfare\\\/209522\\\/\",\"name\":\"Ligue 1 - 7\u00e8me J. : Reprise en fanfare !\",\"isPartOf\":{\"@id\":\"https:\\\/\\\/www.webdo.tn\\\/fr\\\/#website\"},\"primaryImageOfPage\":{\"@id\":\"https:\\\/\\\/www.webdo.tn\\\/fr\\\/actualite\\\/sport\\\/ligue-1-7eme-j-reprise-en-fanfare\\\/209522\\\/#primaryimage\"},\"image\":{\"@id\":\"https:\\\/\\\/www.webdo.tn\\\/fr\\\/actualite\\\/sport\\\/ligue-1-7eme-j-reprise-en-fanfare\\\/209522\\\/#primaryimage\"},\"thumbnailUrl\":\"https:\\\/\\\/www.webdo.tn\\\/fr\\\/wp-content\\\/uploads\\\/2023\\\/10\\\/27c449abe7debad8faa11b15c1bd9927.jpg\",\"datePublished\":\"2023-10-21T10:01:00+00:00\",\"dateModified\":\"2025-05-20T21:56:35+00:00\",\"description\":\"C\u2019est la reprise apr\u00e8s la tr\u00eave internationale. Le Championnat de Ligue 1 reprend ses droits avec la 7\u00e8me et derni\u00e8re journ\u00e9e de l\u2019aller de la premi\u00e8re phase.\",\"breadcrumb\":{\"@id\":\"https:\\\/\\\/www.webdo.tn\\\/fr\\\/actualite\\\/sport\\\/ligue-1-7eme-j-reprise-en-fanfare\\\/209522\\\/#breadcrumb\"},\"inLanguage\":\"fr-FR\",\"potentialAction\":[{\"@type\":\"ReadAction\",\"target\":[\"https:\\\/\\\/www.webdo.tn\\\/fr\\\/actualite\\\/sport\\\/ligue-1-7eme-j-reprise-en-fanfare\\\/209522\\\/\"]}]},{\"@type\":\"ImageObject\",\"inLanguage\":\"fr-FR\",\"@id\":\"https:\\\/\\\/www.webdo.tn\\\/fr\\\/actualite\\\/sport\\\/ligue-1-7eme-j-reprise-en-fanfare\\\/209522\\\/#primaryimage\",\"url\":\"https:\\\/\\\/www.webdo.tn\\\/fr\\\/wp-content\\\/uploads\\\/2023\\\/10\\\/27c449abe7debad8faa11b15c1bd9927.jpg\",\"contentUrl\":\"https:\\\/\\\/www.webdo.tn\\\/fr\\\/wp-content\\\/uploads\\\/2023\\\/10\\\/27c449abe7debad8faa11b15c1bd9927.jpg\",\"width\":750,\"height\":400,\"caption\":\"Ligue 1 - 7\u00e8me J. : Reprise en fanfare !\"},{\"@type\":\"BreadcrumbList\",\"@id\":\"https:\\\/\\\/www.webdo.tn\\\/fr\\\/actualite\\\/sport\\\/ligue-1-7eme-j-reprise-en-fanfare\\\/209522\\\/#breadcrumb\",\"itemListElement\":[{\"@type\":\"ListItem\",\"position\":1,\"name\":\"Accueil\",\"item\":\"https:\\\/\\\/www.webdo.tn\\\/fr\\\/\"},{\"@type\":\"ListItem\",\"position\":2,\"name\":\"Ligue 1 &#8211; 7\u00e8me J. : Reprise en fanfare !\"}]},{\"@type\":\"WebSite\",\"@id\":\"https:\\\/\\\/www.webdo.tn\\\/fr\\\/#website\",\"url\":\"https:\\\/\\\/www.webdo.tn\\\/fr\\\/\",\"name\":\"webdo\",\"description\":\"Tunisie - News en Tunisie et \u00e0 l&#039;international sur Webdo.tn\",\"publisher\":{\"@id\":\"https:\\\/\\\/www.webdo.tn\\\/fr\\\/#organization\"},\"potentialAction\":[{\"@type\":\"SearchAction\",\"target\":{\"@type\":\"EntryPoint\",\"urlTemplate\":\"https:\\\/\\\/www.webdo.tn\\\/fr\\\/?s={search_term_string}\"},\"query-input\":{\"@type\":\"PropertyValueSpecification\",\"valueRequired\":true,\"valueName\":\"search_term_string\"}}],\"inLanguage\":\"fr-FR\"},{\"@type\":\"Organization\",\"@id\":\"https:\\\/\\\/www.webdo.tn\\\/fr\\\/#organization\",\"name\":\"Webdo\",\"alternateName\":\"Webdo.tn\",\"url\":\"https:\\\/\\\/www.webdo.tn\\\/fr\\\/\",\"logo\":{\"@type\":\"ImageObject\",\"inLanguage\":\"fr-FR\",\"@id\":\"https:\\\/\\\/www.webdo.tn\\\/fr\\\/#\\\/schema\\\/logo\\\/image\\\/\",\"url\":\"https:\\\/\\\/www.webdo.tn\\\/fr\\\/wp-content\\\/uploads\\\/2025\\\/06\\\/Webdo-Tunisie_168377.jpg\",\"contentUrl\":\"https:\\\/\\\/www.webdo.tn\\\/fr\\\/wp-content\\\/uploads\\\/2025\\\/06\\\/Webdo-Tunisie_168377.jpg\",\"width\":301,\"height\":301,\"caption\":\"Webdo\"},\"image\":{\"@id\":\"https:\\\/\\\/www.webdo.tn\\\/fr\\\/#\\\/schema\\\/logo\\\/image\\\/\"},\"sameAs\":[\"https:\\\/\\\/www.facebook.com\\\/webdotn\",\"https:\\\/\\\/x.com\\\/webdo_tn\"],\"description\":\"Webdo est un m\u00e9dia num\u00e9rique tunisien fond\u00e9 en 2010, sp\u00e9cialis\u00e9 dans l\u2019actualit\u00e9 nationale et internationale, l\u2019\u00e9conomie, la soci\u00e9t\u00e9 et les analyses politiques. Le site s\u2019adresse \u00e0 un large public francophone et couvre l\u2019information tunisienne en temps r\u00e9el.\",\"email\":\"redac@webdo.tn\",\"legalName\":\"YNJ SARL\",\"foundingDate\":\"2010-09-06\",\"numberOfEmployees\":{\"@type\":\"QuantitativeValue\",\"minValue\":\"11\",\"maxValue\":\"50\"}},{\"@type\":\"Person\",\"@id\":\"https:\\\/\\\/www.webdo.tn\\\/fr\\\/#\\\/schema\\\/person\\\/2c4929cbf5a809e3bd38617c6ce150f6\",\"name\":\"MC\",\"image\":{\"@type\":\"ImageObject\",\"inLanguage\":\"fr-FR\",\"@id\":\"https:\\\/\\\/secure.gravatar.com\\\/avatar\\\/a545bbb6f84efdd5553dbbc2895e3ca8f1d12c5215e00a041c9670b54aa9b18a?s=96&d=mm&r=g\",\"url\":\"https:\\\/\\\/secure.gravatar.com\\\/avatar\\\/a545bbb6f84efdd5553dbbc2895e3ca8f1d12c5215e00a041c9670b54aa9b18a?s=96&d=mm&r=g\",\"contentUrl\":\"https:\\\/\\\/secure.gravatar.com\\\/avatar\\\/a545bbb6f84efdd5553dbbc2895e3ca8f1d12c5215e00a041c9670b54aa9b18a?s=96&d=mm&r=g\",\"caption\":\"MC\"},\"url\":\"https:\\\/\\\/www.webdo.tn\\\/fr\\\/actualite\\\/author\\\/mc\\\/\"}]}<\/script>\n<!-- \/ Yoast SEO Premium plugin. -->","yoast_head_json":{"title":"Ligue 1 - 7\u00e8me J. : Reprise en fanfare !","description":"C\u2019est la reprise apr\u00e8s la tr\u00eave internationale. Le Championnat de Ligue 1 reprend ses droits avec la 7\u00e8me et derni\u00e8re journ\u00e9e de l\u2019aller de la premi\u00e8re phase.","canonical":"https:\/\/www.webdo.tn\/fr\/actualite\/sport\/ligue-1-7eme-j-reprise-en-fanfare\/209522\/","og_locale":"fr_FR","og_type":"article","og_title":"Ligue 1 - 7\u00e8me J. : Reprise en fanfare !","og_description":"C\u2019est la reprise apr\u00e8s la tr\u00eave internationale. Le Championnat de Ligue 1 reprend ses droits avec la 7\u00e8me et derni\u00e8re journ\u00e9e de l\u2019aller de la premi\u00e8re phase.","og_url":"https:\/\/www.webdo.tn\/fr\/actualite\/sport\/ligue-1-7eme-j-reprise-en-fanfare\/209522\/","og_site_name":"webdo","article_publisher":"https:\/\/www.facebook.com\/webdotn","article_published_time":"2023-10-21T10:01:00+00:00","article_modified_time":"2025-05-20T21:56:35+00:00","og_image":[{"width":750,"height":400,"url":"https:\/\/www.webdo.tn\/fr\/wp-content\/uploads\/2023\/10\/27c449abe7debad8faa11b15c1bd9927.jpg","type":"image\/jpeg"}],"author":"MC","twitter_card":"summary_large_image","twitter_creator":"@webdo_tn","twitter_site":"@webdo_tn","twitter_misc":{"\u00c9crit par":"MC","Dur\u00e9e de lecture estim\u00e9e":"1 minute"},"schema":{"@context":"https:\/\/schema.org","@graph":[{"@type":"NewsArticle","@id":"https:\/\/www.webdo.tn\/fr\/actualite\/sport\/ligue-1-7eme-j-reprise-en-fanfare\/209522\/#article","isPartOf":{"@id":"https:\/\/www.webdo.tn\/fr\/actualite\/sport\/ligue-1-7eme-j-reprise-en-fanfare\/209522\/"},"author":{"name":"MC","@id":"https:\/\/www.webdo.tn\/fr\/#\/schema\/person\/2c4929cbf5a809e3bd38617c6ce150f6"},"headline":"Ligue 1 &#8211; 7\u00e8me J. : Reprise en fanfare !","datePublished":"2023-10-21T10:01:00+00:00","dateModified":"2025-05-20T21:56:35+00:00","mainEntityOfPage":{"@id":"https:\/\/www.webdo.tn\/fr\/actualite\/sport\/ligue-1-7eme-j-reprise-en-fanfare\/209522\/"},"wordCount":227,"commentCount":0,"publisher":{"@id":"https:\/\/www.webdo.tn\/fr\/#organization"},"image":{"@id":"https:\/\/www.webdo.tn\/fr\/actualite\/sport\/ligue-1-7eme-j-reprise-en-fanfare\/209522\/#primaryimage"},"thumbnailUrl":"https:\/\/www.webdo.tn\/fr\/wp-content\/uploads\/2023\/10\/27c449abe7debad8faa11b15c1bd9927.jpg","keywords":["championnat","football","Ligue 1"],"articleSection":["Sport"],"inLanguage":"fr-FR"},{"@type":"WebPage","@id":"https:\/\/www.webdo.tn\/fr\/actualite\/sport\/ligue-1-7eme-j-reprise-en-fanfare\/209522\/","url":"https:\/\/www.webdo.tn\/fr\/actualite\/sport\/ligue-1-7eme-j-reprise-en-fanfare\/209522\/","name":"Ligue 1 - 7\u00e8me J. : Reprise en fanfare !","isPartOf":{"@id":"https:\/\/www.webdo.tn\/fr\/#website"},"primaryImageOfPage":{"@id":"https:\/\/www.webdo.tn\/fr\/actualite\/sport\/ligue-1-7eme-j-reprise-en-fanfare\/209522\/#primaryimage"},"image":{"@id":"https:\/\/www.webdo.tn\/fr\/actualite\/sport\/ligue-1-7eme-j-reprise-en-fanfare\/209522\/#primaryimage"},"thumbnailUrl":"https:\/\/www.webdo.tn\/fr\/wp-content\/uploads\/2023\/10\/27c449abe7debad8faa11b15c1bd9927.jpg","datePublished":"2023-10-21T10:01:00+00:00","dateModified":"2025-05-20T21:56:35+00:00","description":"C\u2019est la reprise apr\u00e8s la tr\u00eave internationale. Le Championnat de Ligue 1 reprend ses droits avec la 7\u00e8me et derni\u00e8re journ\u00e9e de l\u2019aller de la premi\u00e8re phase.","breadcrumb":{"@id":"https:\/\/www.webdo.tn\/fr\/actualite\/sport\/ligue-1-7eme-j-reprise-en-fanfare\/209522\/#breadcrumb"},"inLanguage":"fr-FR","potentialAction":[{"@type":"ReadAction","target":["https:\/\/www.webdo.tn\/fr\/actualite\/sport\/ligue-1-7eme-j-reprise-en-fanfare\/209522\/"]}]},{"@type":"ImageObject","inLanguage":"fr-FR","@id":"https:\/\/www.webdo.tn\/fr\/actualite\/sport\/ligue-1-7eme-j-reprise-en-fanfare\/209522\/#primaryimage","url":"https:\/\/www.webdo.tn\/fr\/wp-content\/uploads\/2023\/10\/27c449abe7debad8faa11b15c1bd9927.jpg","contentUrl":"https:\/\/www.webdo.tn\/fr\/wp-content\/uploads\/2023\/10\/27c449abe7debad8faa11b15c1bd9927.jpg","width":750,"height":400,"caption":"Ligue 1 - 7\u00e8me J. : Reprise en fanfare !"},{"@type":"BreadcrumbList","@id":"https:\/\/www.webdo.tn\/fr\/actualite\/sport\/ligue-1-7eme-j-reprise-en-fanfare\/209522\/#breadcrumb","itemListElement":[{"@type":"ListItem","position":1,"name":"Accueil","item":"https:\/\/www.webdo.tn\/fr\/"},{"@type":"ListItem","position":2,"name":"Ligue 1 &#8211; 7\u00e8me J. : Reprise en fanfare !"}]},{"@type":"WebSite","@id":"https:\/\/www.webdo.tn\/fr\/#website","url":"https:\/\/www.webdo.tn\/fr\/","name":"webdo","description":"Tunisie - News en Tunisie et \u00e0 l&#039;international sur Webdo.tn","publisher":{"@id":"https:\/\/www.webdo.tn\/fr\/#organization"},"potentialAction":[{"@type":"SearchAction","target":{"@type":"EntryPoint","urlTemplate":"https:\/\/www.webdo.tn\/fr\/?s={search_term_string}"},"query-input":{"@type":"PropertyValueSpecification","valueRequired":true,"valueName":"search_term_string"}}],"inLanguage":"fr-FR"},{"@type":"Organization","@id":"https:\/\/www.webdo.tn\/fr\/#organization","name":"Webdo","alternateName":"Webdo.tn","url":"https:\/\/www.webdo.tn\/fr\/","logo":{"@type":"ImageObject","inLanguage":"fr-FR","@id":"https:\/\/www.webdo.tn\/fr\/#\/schema\/logo\/image\/","url":"https:\/\/www.webdo.tn\/fr\/wp-content\/uploads\/2025\/06\/Webdo-Tunisie_168377.jpg","contentUrl":"https:\/\/www.webdo.tn\/fr\/wp-content\/uploads\/2025\/06\/Webdo-Tunisie_168377.jpg","width":301,"height":301,"caption":"Webdo"},"image":{"@id":"https:\/\/www.webdo.tn\/fr\/#\/schema\/logo\/image\/"},"sameAs":["https:\/\/www.facebook.com\/webdotn","https:\/\/x.com\/webdo_tn"],"description":"Webdo est un m\u00e9dia num\u00e9rique tunisien fond\u00e9 en 2010, sp\u00e9cialis\u00e9 dans l\u2019actualit\u00e9 nationale et internationale, l\u2019\u00e9conomie, la soci\u00e9t\u00e9 et les analyses politiques. Le site s\u2019adresse \u00e0 un large public francophone et couvre l\u2019information tunisienne en temps r\u00e9el.","email":"redac@webdo.tn","legalName":"YNJ SARL","foundingDate":"2010-09-06","numberOfEmployees":{"@type":"QuantitativeValue","minValue":"11","maxValue":"50"}},{"@type":"Person","@id":"https:\/\/www.webdo.tn\/fr\/#\/schema\/person\/2c4929cbf5a809e3bd38617c6ce150f6","name":"MC","image":{"@type":"ImageObject","inLanguage":"fr-FR","@id":"https:\/\/secure.gravatar.com\/avatar\/a545bbb6f84efdd5553dbbc2895e3ca8f1d12c5215e00a041c9670b54aa9b18a?s=96&d=mm&r=g","url":"https:\/\/secure.gravatar.com\/avatar\/a545bbb6f84efdd5553dbbc2895e3ca8f1d12c5215e00a041c9670b54aa9b18a?s=96&d=mm&r=g","contentUrl":"https:\/\/secure.gravatar.com\/avatar\/a545bbb6f84efdd5553dbbc2895e3ca8f1d12c5215e00a041c9670b54aa9b18a?s=96&d=mm&r=g","caption":"MC"},"url":"https:\/\/www.webdo.tn\/fr\/actualite\/author\/mc\/"}]}},"_links":{"self":[{"href":"https:\/\/www.webdo.tn\/fr\/wp-json\/wp\/v2\/posts\/209522","targetHints":{"allow":["GET"]}}],"collection":[{"href":"https:\/\/www.webdo.tn\/fr\/wp-json\/wp\/v2\/posts"}],"about":[{"href":"https:\/\/www.webdo.tn\/fr\/wp-json\/wp\/v2\/types\/post"}],"author":[{"embeddable":true,"href":"https:\/\/www.webdo.tn\/fr\/wp-json\/wp\/v2\/users\/3162"}],"replies":[{"embeddable":true,"href":"https:\/\/www.webdo.tn\/fr\/wp-json\/wp\/v2\/comments?post=209522"}],"version-history":[{"count":0,"href":"https:\/\/www.webdo.tn\/fr\/wp-json\/wp\/v2\/posts\/209522\/revisions"}],"wp:featuredmedia":[{"embeddable":true,"href":"https:\/\/www.webdo.tn\/fr\/wp-json\/wp\/v2\/media\/249007"}],"wp:attachment":[{"href":"https:\/\/www.webdo.tn\/fr\/wp-json\/wp\/v2\/media?parent=209522"}],"wp:term":[{"taxonomy":"category","embeddable":true,"href":"https:\/\/www.webdo.tn\/fr\/wp-json\/wp\/v2\/categories?post=209522"},{"taxonomy":"post_tag","embeddable":true,"href":"https:\/\/www.webdo.tn\/fr\/wp-json\/wp\/v2\/tags?post=209522"}],"curies":[{"name":"wp","href":"https:\/\/api.w.org\/{rel}","templated":true}]}}