{"id":209518,"date":"2023-10-21T09:15:00","date_gmt":"2023-10-21T09:15:00","guid":{"rendered":"https:\/\/www.webdo.tn\/fr\/blog\/l-aide-humanitaire-commence-a-arriver-a-gaza\/209518\/"},"modified":"2025-05-20T21:56:35","modified_gmt":"2025-05-20T21:56:35","slug":"l-aide-humanitaire-commence-a-arriver-a-gaza","status":"publish","type":"post","link":"https:\/\/www.webdo.tn\/fr\/actualite\/international\/l-aide-humanitaire-commence-a-arriver-a-gaza\/209518\/","title":{"rendered":"L\u2019aide humanitaire commence \u00e0 arriver \u00e0 Gaza"},"content":{"rendered":"<p>Deux semaines apr\u00e8s le d\u00e9clenchement de la guerre entre le Hamas et Isra\u00ebl, un premier convoi d&rsquo;aide humanitaire est entr\u00e9 par l&rsquo;\u00c9gypte \u00e0 Gaza.<\/p>\n<p>\t\t\t\t\t\t\t\t\tDes camions d&rsquo;aide humanitaire ont commenc\u00e9, ce samedi 21 octobre \u00e0 traverser le terminal de Rafah c\u00f4t\u00e9 \u00e9gyptien, vers la bande de Gaza.<\/p>\n<p>Selon des images en direct diffus\u00e9es aujourd\u2019hui par la t\u00e9l\u00e9vision \u00e9gyptienne, Des camions avec de l&rsquo;aide m\u00e9dicale ainsi que des personnels ont pu traverser le poste-fronti\u00e8re, alors que des tonnes d&rsquo;aide s&rsquo;entassent depuis des jours dans l&rsquo;attente d&rsquo;un passage vers les 2,4 millions de Gazaouis.<\/p>\n<p>20 trucks with humanitarian aid is now entering Gaza through Rafah Border Crossing.#Gaza #Egypt #CeasefireNOW pic.twitter.com\/T0cSWky0Zq\u2014 Khaled Yousry (@KhaledYousry22) October 21, 2023<\/p>\n","protected":false},"excerpt":{"rendered":"<p>Deux semaines apr\u00e8s le d\u00e9clenchement de la guerre entre le Hamas et Isra\u00ebl, un premier convoi d&rsquo;aide humanitaire est entr\u00e9 par l&rsquo;\u00c9gypte \u00e0 Gaza.<\/p>\n","protected":false},"author":3162,"featured_media":249006,"comment_status":"open","ping_status":"closed","sticky":false,"template":"","format":"standard","meta":{"footnotes":""},"categories":[2598],"tags":[5281,3183,2689,2688,3422],"class_list":["post-209518","post","type-post","status-publish","format-standard","has-post-thumbnail","hentry","category-international","tag-aide-humanitaire","tag-egypte","tag-gaza","tag-palestine","tag-rafah"],"yoast_head":"<!-- This site is optimized with the Yoast SEO Premium plugin v27.5 (Yoast SEO v27.5) - https:\/\/yoast.com\/product\/yoast-seo-premium-wordpress\/ -->\n<title>L\u2019aide humanitaire commence \u00e0 arriver \u00e0 Gaza<\/title>\n<meta name=\"description\" content=\"Deux semaines apr\u00e8s le d\u00e9clenchement de la guerre entre le Hamas et Isra\u00ebl, un premier convoi d&#039;aide humanitaire est entr\u00e9 par l&#039;\u00c9gypte \u00e0 Gaza.\" \/>\n<link rel=\"canonical\" href=\"https:\/\/www.webdo.tn\/fr\/actualite\/international\/l-aide-humanitaire-commence-a-arriver-a-gaza\/209518\/\" \/>\n<meta property=\"og:locale\" content=\"fr_FR\" \/>\n<meta property=\"og:type\" content=\"article\" \/>\n<meta property=\"og:title\" content=\"L\u2019aide humanitaire commence \u00e0 arriver \u00e0 Gaza\" \/>\n<meta property=\"og:description\" content=\"Deux semaines apr\u00e8s le d\u00e9clenchement de la guerre entre le Hamas et Isra\u00ebl, un premier convoi d&#039;aide humanitaire est entr\u00e9 par l&#039;\u00c9gypte \u00e0 Gaza.\" \/>\n<meta property=\"og:url\" content=\"https:\/\/www.webdo.tn\/fr\/actualite\/international\/l-aide-humanitaire-commence-a-arriver-a-gaza\/209518\/\" \/>\n<meta property=\"og:site_name\" content=\"webdo\" \/>\n<meta property=\"article:publisher\" content=\"https:\/\/www.facebook.com\/webdotn\" \/>\n<meta property=\"article:published_time\" content=\"2023-10-21T09:15:00+00:00\" \/>\n<meta property=\"article:modified_time\" content=\"2025-05-20T21:56:35+00:00\" \/>\n<meta property=\"og:image\" content=\"https:\/\/www.webdo.tn\/fr\/wp-content\/uploads\/2023\/10\/b274d127aada84d9a748f77b02943f3b.jpg\" \/>\n\t<meta property=\"og:image:width\" content=\"750\" \/>\n\t<meta property=\"og:image:height\" content=\"400\" \/>\n\t<meta property=\"og:image:type\" content=\"image\/jpeg\" \/>\n<meta name=\"author\" content=\"MC\" \/>\n<meta name=\"twitter:card\" content=\"summary_large_image\" \/>\n<meta name=\"twitter:creator\" content=\"@webdo_tn\" \/>\n<meta name=\"twitter:site\" content=\"@webdo_tn\" \/>\n<meta name=\"twitter:label1\" content=\"\u00c9crit par\" \/>\n\t<meta name=\"twitter:data1\" content=\"MC\" \/>\n\t<meta name=\"twitter:label2\" content=\"Dur\u00e9e de lecture estim\u00e9e\" \/>\n\t<meta name=\"twitter:data2\" content=\"1 minute\" \/>\n<script type=\"application\/ld+json\" class=\"yoast-schema-graph\">{\"@context\":\"https:\\\/\\\/schema.org\",\"@graph\":[{\"@type\":\"NewsArticle\",\"@id\":\"https:\\\/\\\/www.webdo.tn\\\/fr\\\/actualite\\\/international\\\/l-aide-humanitaire-commence-a-arriver-a-gaza\\\/209518\\\/#article\",\"isPartOf\":{\"@id\":\"https:\\\/\\\/www.webdo.tn\\\/fr\\\/actualite\\\/international\\\/l-aide-humanitaire-commence-a-arriver-a-gaza\\\/209518\\\/\"},\"author\":{\"name\":\"MC\",\"@id\":\"https:\\\/\\\/www.webdo.tn\\\/fr\\\/#\\\/schema\\\/person\\\/2c4929cbf5a809e3bd38617c6ce150f6\"},\"headline\":\"L\u2019aide humanitaire commence \u00e0 arriver \u00e0 Gaza\",\"datePublished\":\"2023-10-21T09:15:00+00:00\",\"dateModified\":\"2025-05-20T21:56:35+00:00\",\"mainEntityOfPage\":{\"@id\":\"https:\\\/\\\/www.webdo.tn\\\/fr\\\/actualite\\\/international\\\/l-aide-humanitaire-commence-a-arriver-a-gaza\\\/209518\\\/\"},\"wordCount\":137,\"commentCount\":0,\"publisher\":{\"@id\":\"https:\\\/\\\/www.webdo.tn\\\/fr\\\/#organization\"},\"image\":{\"@id\":\"https:\\\/\\\/www.webdo.tn\\\/fr\\\/actualite\\\/international\\\/l-aide-humanitaire-commence-a-arriver-a-gaza\\\/209518\\\/#primaryimage\"},\"thumbnailUrl\":\"https:\\\/\\\/www.webdo.tn\\\/fr\\\/wp-content\\\/uploads\\\/2023\\\/10\\\/b274d127aada84d9a748f77b02943f3b.jpg\",\"keywords\":[\"aide humanitaire\",\"Egypte\",\"Gaza\",\"Palestine\",\"rafah\"],\"articleSection\":[\"International\"],\"inLanguage\":\"fr-FR\"},{\"@type\":\"WebPage\",\"@id\":\"https:\\\/\\\/www.webdo.tn\\\/fr\\\/actualite\\\/international\\\/l-aide-humanitaire-commence-a-arriver-a-gaza\\\/209518\\\/\",\"url\":\"https:\\\/\\\/www.webdo.tn\\\/fr\\\/actualite\\\/international\\\/l-aide-humanitaire-commence-a-arriver-a-gaza\\\/209518\\\/\",\"name\":\"L\u2019aide humanitaire commence \u00e0 arriver \u00e0 Gaza\",\"isPartOf\":{\"@id\":\"https:\\\/\\\/www.webdo.tn\\\/fr\\\/#website\"},\"primaryImageOfPage\":{\"@id\":\"https:\\\/\\\/www.webdo.tn\\\/fr\\\/actualite\\\/international\\\/l-aide-humanitaire-commence-a-arriver-a-gaza\\\/209518\\\/#primaryimage\"},\"image\":{\"@id\":\"https:\\\/\\\/www.webdo.tn\\\/fr\\\/actualite\\\/international\\\/l-aide-humanitaire-commence-a-arriver-a-gaza\\\/209518\\\/#primaryimage\"},\"thumbnailUrl\":\"https:\\\/\\\/www.webdo.tn\\\/fr\\\/wp-content\\\/uploads\\\/2023\\\/10\\\/b274d127aada84d9a748f77b02943f3b.jpg\",\"datePublished\":\"2023-10-21T09:15:00+00:00\",\"dateModified\":\"2025-05-20T21:56:35+00:00\",\"description\":\"Deux semaines apr\u00e8s le d\u00e9clenchement de la guerre entre le Hamas et Isra\u00ebl, un premier convoi d'aide humanitaire est entr\u00e9 par l'\u00c9gypte \u00e0 Gaza.\",\"breadcrumb\":{\"@id\":\"https:\\\/\\\/www.webdo.tn\\\/fr\\\/actualite\\\/international\\\/l-aide-humanitaire-commence-a-arriver-a-gaza\\\/209518\\\/#breadcrumb\"},\"inLanguage\":\"fr-FR\",\"potentialAction\":[{\"@type\":\"ReadAction\",\"target\":[\"https:\\\/\\\/www.webdo.tn\\\/fr\\\/actualite\\\/international\\\/l-aide-humanitaire-commence-a-arriver-a-gaza\\\/209518\\\/\"]}]},{\"@type\":\"ImageObject\",\"inLanguage\":\"fr-FR\",\"@id\":\"https:\\\/\\\/www.webdo.tn\\\/fr\\\/actualite\\\/international\\\/l-aide-humanitaire-commence-a-arriver-a-gaza\\\/209518\\\/#primaryimage\",\"url\":\"https:\\\/\\\/www.webdo.tn\\\/fr\\\/wp-content\\\/uploads\\\/2023\\\/10\\\/b274d127aada84d9a748f77b02943f3b.jpg\",\"contentUrl\":\"https:\\\/\\\/www.webdo.tn\\\/fr\\\/wp-content\\\/uploads\\\/2023\\\/10\\\/b274d127aada84d9a748f77b02943f3b.jpg\",\"width\":750,\"height\":400,\"caption\":\"L\u2019aide humanitaire commence \u00e0 arriver \u00e0 Gaza\"},{\"@type\":\"BreadcrumbList\",\"@id\":\"https:\\\/\\\/www.webdo.tn\\\/fr\\\/actualite\\\/international\\\/l-aide-humanitaire-commence-a-arriver-a-gaza\\\/209518\\\/#breadcrumb\",\"itemListElement\":[{\"@type\":\"ListItem\",\"position\":1,\"name\":\"Accueil\",\"item\":\"https:\\\/\\\/www.webdo.tn\\\/fr\\\/\"},{\"@type\":\"ListItem\",\"position\":2,\"name\":\"L\u2019aide humanitaire commence \u00e0 arriver \u00e0 Gaza\"}]},{\"@type\":\"WebSite\",\"@id\":\"https:\\\/\\\/www.webdo.tn\\\/fr\\\/#website\",\"url\":\"https:\\\/\\\/www.webdo.tn\\\/fr\\\/\",\"name\":\"webdo\",\"description\":\"Tunisie - News en Tunisie et \u00e0 l&#039;international sur Webdo.tn\",\"publisher\":{\"@id\":\"https:\\\/\\\/www.webdo.tn\\\/fr\\\/#organization\"},\"potentialAction\":[{\"@type\":\"SearchAction\",\"target\":{\"@type\":\"EntryPoint\",\"urlTemplate\":\"https:\\\/\\\/www.webdo.tn\\\/fr\\\/?s={search_term_string}\"},\"query-input\":{\"@type\":\"PropertyValueSpecification\",\"valueRequired\":true,\"valueName\":\"search_term_string\"}}],\"inLanguage\":\"fr-FR\"},{\"@type\":\"Organization\",\"@id\":\"https:\\\/\\\/www.webdo.tn\\\/fr\\\/#organization\",\"name\":\"Webdo\",\"alternateName\":\"Webdo.tn\",\"url\":\"https:\\\/\\\/www.webdo.tn\\\/fr\\\/\",\"logo\":{\"@type\":\"ImageObject\",\"inLanguage\":\"fr-FR\",\"@id\":\"https:\\\/\\\/www.webdo.tn\\\/fr\\\/#\\\/schema\\\/logo\\\/image\\\/\",\"url\":\"https:\\\/\\\/www.webdo.tn\\\/fr\\\/wp-content\\\/uploads\\\/2025\\\/06\\\/Webdo-Tunisie_168377.jpg\",\"contentUrl\":\"https:\\\/\\\/www.webdo.tn\\\/fr\\\/wp-content\\\/uploads\\\/2025\\\/06\\\/Webdo-Tunisie_168377.jpg\",\"width\":301,\"height\":301,\"caption\":\"Webdo\"},\"image\":{\"@id\":\"https:\\\/\\\/www.webdo.tn\\\/fr\\\/#\\\/schema\\\/logo\\\/image\\\/\"},\"sameAs\":[\"https:\\\/\\\/www.facebook.com\\\/webdotn\",\"https:\\\/\\\/x.com\\\/webdo_tn\"],\"description\":\"Webdo est un m\u00e9dia num\u00e9rique tunisien fond\u00e9 en 2010, sp\u00e9cialis\u00e9 dans l\u2019actualit\u00e9 nationale et internationale, l\u2019\u00e9conomie, la soci\u00e9t\u00e9 et les analyses politiques. Le site s\u2019adresse \u00e0 un large public francophone et couvre l\u2019information tunisienne en temps r\u00e9el.\",\"email\":\"redac@webdo.tn\",\"legalName\":\"YNJ SARL\",\"foundingDate\":\"2010-09-06\",\"numberOfEmployees\":{\"@type\":\"QuantitativeValue\",\"minValue\":\"11\",\"maxValue\":\"50\"}},{\"@type\":\"Person\",\"@id\":\"https:\\\/\\\/www.webdo.tn\\\/fr\\\/#\\\/schema\\\/person\\\/2c4929cbf5a809e3bd38617c6ce150f6\",\"name\":\"MC\",\"image\":{\"@type\":\"ImageObject\",\"inLanguage\":\"fr-FR\",\"@id\":\"https:\\\/\\\/secure.gravatar.com\\\/avatar\\\/a545bbb6f84efdd5553dbbc2895e3ca8f1d12c5215e00a041c9670b54aa9b18a?s=96&d=mm&r=g\",\"url\":\"https:\\\/\\\/secure.gravatar.com\\\/avatar\\\/a545bbb6f84efdd5553dbbc2895e3ca8f1d12c5215e00a041c9670b54aa9b18a?s=96&d=mm&r=g\",\"contentUrl\":\"https:\\\/\\\/secure.gravatar.com\\\/avatar\\\/a545bbb6f84efdd5553dbbc2895e3ca8f1d12c5215e00a041c9670b54aa9b18a?s=96&d=mm&r=g\",\"caption\":\"MC\"},\"url\":\"https:\\\/\\\/www.webdo.tn\\\/fr\\\/actualite\\\/author\\\/mc\\\/\"}]}<\/script>\n<!-- \/ Yoast SEO Premium plugin. -->","yoast_head_json":{"title":"L\u2019aide humanitaire commence \u00e0 arriver \u00e0 Gaza","description":"Deux semaines apr\u00e8s le d\u00e9clenchement de la guerre entre le Hamas et Isra\u00ebl, un premier convoi d'aide humanitaire est entr\u00e9 par l'\u00c9gypte \u00e0 Gaza.","canonical":"https:\/\/www.webdo.tn\/fr\/actualite\/international\/l-aide-humanitaire-commence-a-arriver-a-gaza\/209518\/","og_locale":"fr_FR","og_type":"article","og_title":"L\u2019aide humanitaire commence \u00e0 arriver \u00e0 Gaza","og_description":"Deux semaines apr\u00e8s le d\u00e9clenchement de la guerre entre le Hamas et Isra\u00ebl, un premier convoi d'aide humanitaire est entr\u00e9 par l'\u00c9gypte \u00e0 Gaza.","og_url":"https:\/\/www.webdo.tn\/fr\/actualite\/international\/l-aide-humanitaire-commence-a-arriver-a-gaza\/209518\/","og_site_name":"webdo","article_publisher":"https:\/\/www.facebook.com\/webdotn","article_published_time":"2023-10-21T09:15:00+00:00","article_modified_time":"2025-05-20T21:56:35+00:00","og_image":[{"width":750,"height":400,"url":"https:\/\/www.webdo.tn\/fr\/wp-content\/uploads\/2023\/10\/b274d127aada84d9a748f77b02943f3b.jpg","type":"image\/jpeg"}],"author":"MC","twitter_card":"summary_large_image","twitter_creator":"@webdo_tn","twitter_site":"@webdo_tn","twitter_misc":{"\u00c9crit par":"MC","Dur\u00e9e de lecture estim\u00e9e":"1 minute"},"schema":{"@context":"https:\/\/schema.org","@graph":[{"@type":"NewsArticle","@id":"https:\/\/www.webdo.tn\/fr\/actualite\/international\/l-aide-humanitaire-commence-a-arriver-a-gaza\/209518\/#article","isPartOf":{"@id":"https:\/\/www.webdo.tn\/fr\/actualite\/international\/l-aide-humanitaire-commence-a-arriver-a-gaza\/209518\/"},"author":{"name":"MC","@id":"https:\/\/www.webdo.tn\/fr\/#\/schema\/person\/2c4929cbf5a809e3bd38617c6ce150f6"},"headline":"L\u2019aide humanitaire commence \u00e0 arriver \u00e0 Gaza","datePublished":"2023-10-21T09:15:00+00:00","dateModified":"2025-05-20T21:56:35+00:00","mainEntityOfPage":{"@id":"https:\/\/www.webdo.tn\/fr\/actualite\/international\/l-aide-humanitaire-commence-a-arriver-a-gaza\/209518\/"},"wordCount":137,"commentCount":0,"publisher":{"@id":"https:\/\/www.webdo.tn\/fr\/#organization"},"image":{"@id":"https:\/\/www.webdo.tn\/fr\/actualite\/international\/l-aide-humanitaire-commence-a-arriver-a-gaza\/209518\/#primaryimage"},"thumbnailUrl":"https:\/\/www.webdo.tn\/fr\/wp-content\/uploads\/2023\/10\/b274d127aada84d9a748f77b02943f3b.jpg","keywords":["aide humanitaire","Egypte","Gaza","Palestine","rafah"],"articleSection":["International"],"inLanguage":"fr-FR"},{"@type":"WebPage","@id":"https:\/\/www.webdo.tn\/fr\/actualite\/international\/l-aide-humanitaire-commence-a-arriver-a-gaza\/209518\/","url":"https:\/\/www.webdo.tn\/fr\/actualite\/international\/l-aide-humanitaire-commence-a-arriver-a-gaza\/209518\/","name":"L\u2019aide humanitaire commence \u00e0 arriver \u00e0 Gaza","isPartOf":{"@id":"https:\/\/www.webdo.tn\/fr\/#website"},"primaryImageOfPage":{"@id":"https:\/\/www.webdo.tn\/fr\/actualite\/international\/l-aide-humanitaire-commence-a-arriver-a-gaza\/209518\/#primaryimage"},"image":{"@id":"https:\/\/www.webdo.tn\/fr\/actualite\/international\/l-aide-humanitaire-commence-a-arriver-a-gaza\/209518\/#primaryimage"},"thumbnailUrl":"https:\/\/www.webdo.tn\/fr\/wp-content\/uploads\/2023\/10\/b274d127aada84d9a748f77b02943f3b.jpg","datePublished":"2023-10-21T09:15:00+00:00","dateModified":"2025-05-20T21:56:35+00:00","description":"Deux semaines apr\u00e8s le d\u00e9clenchement de la guerre entre le Hamas et Isra\u00ebl, un premier convoi d'aide humanitaire est entr\u00e9 par l'\u00c9gypte \u00e0 Gaza.","breadcrumb":{"@id":"https:\/\/www.webdo.tn\/fr\/actualite\/international\/l-aide-humanitaire-commence-a-arriver-a-gaza\/209518\/#breadcrumb"},"inLanguage":"fr-FR","potentialAction":[{"@type":"ReadAction","target":["https:\/\/www.webdo.tn\/fr\/actualite\/international\/l-aide-humanitaire-commence-a-arriver-a-gaza\/209518\/"]}]},{"@type":"ImageObject","inLanguage":"fr-FR","@id":"https:\/\/www.webdo.tn\/fr\/actualite\/international\/l-aide-humanitaire-commence-a-arriver-a-gaza\/209518\/#primaryimage","url":"https:\/\/www.webdo.tn\/fr\/wp-content\/uploads\/2023\/10\/b274d127aada84d9a748f77b02943f3b.jpg","contentUrl":"https:\/\/www.webdo.tn\/fr\/wp-content\/uploads\/2023\/10\/b274d127aada84d9a748f77b02943f3b.jpg","width":750,"height":400,"caption":"L\u2019aide humanitaire commence \u00e0 arriver \u00e0 Gaza"},{"@type":"BreadcrumbList","@id":"https:\/\/www.webdo.tn\/fr\/actualite\/international\/l-aide-humanitaire-commence-a-arriver-a-gaza\/209518\/#breadcrumb","itemListElement":[{"@type":"ListItem","position":1,"name":"Accueil","item":"https:\/\/www.webdo.tn\/fr\/"},{"@type":"ListItem","position":2,"name":"L\u2019aide humanitaire commence \u00e0 arriver \u00e0 Gaza"}]},{"@type":"WebSite","@id":"https:\/\/www.webdo.tn\/fr\/#website","url":"https:\/\/www.webdo.tn\/fr\/","name":"webdo","description":"Tunisie - News en Tunisie et \u00e0 l&#039;international sur Webdo.tn","publisher":{"@id":"https:\/\/www.webdo.tn\/fr\/#organization"},"potentialAction":[{"@type":"SearchAction","target":{"@type":"EntryPoint","urlTemplate":"https:\/\/www.webdo.tn\/fr\/?s={search_term_string}"},"query-input":{"@type":"PropertyValueSpecification","valueRequired":true,"valueName":"search_term_string"}}],"inLanguage":"fr-FR"},{"@type":"Organization","@id":"https:\/\/www.webdo.tn\/fr\/#organization","name":"Webdo","alternateName":"Webdo.tn","url":"https:\/\/www.webdo.tn\/fr\/","logo":{"@type":"ImageObject","inLanguage":"fr-FR","@id":"https:\/\/www.webdo.tn\/fr\/#\/schema\/logo\/image\/","url":"https:\/\/www.webdo.tn\/fr\/wp-content\/uploads\/2025\/06\/Webdo-Tunisie_168377.jpg","contentUrl":"https:\/\/www.webdo.tn\/fr\/wp-content\/uploads\/2025\/06\/Webdo-Tunisie_168377.jpg","width":301,"height":301,"caption":"Webdo"},"image":{"@id":"https:\/\/www.webdo.tn\/fr\/#\/schema\/logo\/image\/"},"sameAs":["https:\/\/www.facebook.com\/webdotn","https:\/\/x.com\/webdo_tn"],"description":"Webdo est un m\u00e9dia num\u00e9rique tunisien fond\u00e9 en 2010, sp\u00e9cialis\u00e9 dans l\u2019actualit\u00e9 nationale et internationale, l\u2019\u00e9conomie, la soci\u00e9t\u00e9 et les analyses politiques. Le site s\u2019adresse \u00e0 un large public francophone et couvre l\u2019information tunisienne en temps r\u00e9el.","email":"redac@webdo.tn","legalName":"YNJ SARL","foundingDate":"2010-09-06","numberOfEmployees":{"@type":"QuantitativeValue","minValue":"11","maxValue":"50"}},{"@type":"Person","@id":"https:\/\/www.webdo.tn\/fr\/#\/schema\/person\/2c4929cbf5a809e3bd38617c6ce150f6","name":"MC","image":{"@type":"ImageObject","inLanguage":"fr-FR","@id":"https:\/\/secure.gravatar.com\/avatar\/a545bbb6f84efdd5553dbbc2895e3ca8f1d12c5215e00a041c9670b54aa9b18a?s=96&d=mm&r=g","url":"https:\/\/secure.gravatar.com\/avatar\/a545bbb6f84efdd5553dbbc2895e3ca8f1d12c5215e00a041c9670b54aa9b18a?s=96&d=mm&r=g","contentUrl":"https:\/\/secure.gravatar.com\/avatar\/a545bbb6f84efdd5553dbbc2895e3ca8f1d12c5215e00a041c9670b54aa9b18a?s=96&d=mm&r=g","caption":"MC"},"url":"https:\/\/www.webdo.tn\/fr\/actualite\/author\/mc\/"}]}},"_links":{"self":[{"href":"https:\/\/www.webdo.tn\/fr\/wp-json\/wp\/v2\/posts\/209518","targetHints":{"allow":["GET"]}}],"collection":[{"href":"https:\/\/www.webdo.tn\/fr\/wp-json\/wp\/v2\/posts"}],"about":[{"href":"https:\/\/www.webdo.tn\/fr\/wp-json\/wp\/v2\/types\/post"}],"author":[{"embeddable":true,"href":"https:\/\/www.webdo.tn\/fr\/wp-json\/wp\/v2\/users\/3162"}],"replies":[{"embeddable":true,"href":"https:\/\/www.webdo.tn\/fr\/wp-json\/wp\/v2\/comments?post=209518"}],"version-history":[{"count":0,"href":"https:\/\/www.webdo.tn\/fr\/wp-json\/wp\/v2\/posts\/209518\/revisions"}],"wp:featuredmedia":[{"embeddable":true,"href":"https:\/\/www.webdo.tn\/fr\/wp-json\/wp\/v2\/media\/249006"}],"wp:attachment":[{"href":"https:\/\/www.webdo.tn\/fr\/wp-json\/wp\/v2\/media?parent=209518"}],"wp:term":[{"taxonomy":"category","embeddable":true,"href":"https:\/\/www.webdo.tn\/fr\/wp-json\/wp\/v2\/categories?post=209518"},{"taxonomy":"post_tag","embeddable":true,"href":"https:\/\/www.webdo.tn\/fr\/wp-json\/wp\/v2\/tags?post=209518"}],"curies":[{"name":"wp","href":"https:\/\/api.w.org\/{rel}","templated":true}]}}