{"id":209511,"date":"2023-10-20T21:24:00","date_gmt":"2023-10-20T21:24:00","guid":{"rendered":"https:\/\/www.webdo.tn\/fr\/blog\/la-tunisie-avait-reclame-l-extradition-d-a-lassoued-depuis-2022-demission-du-ministre-de-la-justice-belge\/209511\/"},"modified":"2025-05-20T22:10:21","modified_gmt":"2025-05-20T22:10:21","slug":"la-tunisie-avait-reclame-l-extradition-d-a-lassoued-depuis-2022-demission-du-ministre-de-la-justice-belge","status":"publish","type":"post","link":"https:\/\/www.webdo.tn\/fr\/actualite\/international\/la-tunisie-avait-reclame-l-extradition-d-a-lassoued-depuis-2022-demission-du-ministre-de-la-justice-belge\/209511\/","title":{"rendered":"\u00ab\u00a0La Tunisie avait r\u00e9clam\u00e9 l\u2019extradition d\u2019A. Lassoued depuis 2022\u00a0\u00bb : D\u00e9mission du ministre de la Justice belge"},"content":{"rendered":"<p>Vincent Van Quickenborne a expliqu\u00e9 avoir appris vendredi que la Tunisie avait r\u00e9clam\u00e9 en ao\u00fbt 2022 l\u2019extradition de l\u2019auteur de l\u2019attaque ayant fait deux morts, lundi \u00e0 Bruxelles.<\/p>\n<p>\t\t\t\t\t\t\t\t\tLe ministre belge de la Justice, Vincent Van Quickenborne, a annonc\u00e9 vendredi 20 octobre sa d\u00e9mission du gouvernement.<\/p>\n<p>Quatre jours apr\u00e8s l\u2019attaque perp\u00e9tr\u00e9e \u00e0 Bruxelles par Abdessalem Lassoued, un Tunisien de 45 ans sans papiers, qui a tu\u00e9 deux Su\u00e9dois, le ministre a d\u00e9missionn\u00e9, ce vendredi 20 octobre 2023 en expliquant, lors d\u2019une conf\u00e9rence de presse les raisons de cette d\u00e9mission.<\/p>\n<p>Le ministre a affirm\u00e9 \u00ab\u00a0avoir appris que la Tunisie avait r\u00e9clam\u00e9 en ao\u00fbt 2022 l\u2019extradition d\u2019Abdessalem Lassoued, une demande non trait\u00e9e par le parquet de Bruxelles qui en a \u00e9t\u00e9 destinataire\u00a0\u00bb.<\/p>\n<p>\u00ab\u00a0Le magistrat comp\u00e9tent n\u2019a pas donn\u00e9 suite \u00e0 cette demande d\u2019extradition et le dossier n\u2019a pas \u00e9t\u00e9 trait\u00e9\u00a0\u00bb, a-t-il expliqu\u00e9. \u00ab\u00a0C\u2019est une faute individuelle, monumentale, une faute inacceptable, aux cons\u00e9quences dramatiques\u00a0\u00bb, a-t-il ajout\u00e9.<\/p>\n<p>Vincent Van Quickenborne a dit en assumer la responsabilit\u00e9 en d\u00e9missionnant.<\/p>\n<p>Abdesalem Lassoued \u00e9tait connu des autorit\u00e9s belges pour des d\u00e9lits, notamment des menaces de mort prof\u00e9r\u00e9es \u00e0 l\u2019encontre d\u2019un demandeur d\u2019asile, selon la justice. Mais il n\u2019\u00e9tait pas fich\u00e9 dans la base de donn\u00e9es de l\u2019Organe de coordination pour l\u2019analyse de la menace (OCAM), une agence f\u00e9d\u00e9rale.<\/p>\n<p>L\u2019auteur de l\u2019attentat de Bruxelles est mort mardi 17 octobre 2023 en succombant \u00e0 ses blessures \u00e0 l\u2019h\u00f4pital. Il avait \u00e9t\u00e9 touch\u00e9 par balles lors de son arrestation.<\/p>\n<p>Selon le ministre de la justice, Vincent Van Quickenborne, ce demandeur d\u2019asile a \u00e9t\u00e9 condamn\u00e9 en Tunisie \u00ab pour des d\u00e9lits de droit commun \u00bb, mais n\u2019\u00e9tait pas signal\u00e9 pour un risque terroriste.<\/p>\n<p>Il avait demand\u00e9 l\u2019asile en Belgique en novembre 2019. Il \u00e9tait connu des services de police pour des faits suspects de trafic d\u2019\u00eatres humains, [de] s\u00e9jour ill\u00e9gal et [d\u2019]atteinte \u00e0 la s\u00fbret\u00e9 de l\u2019Etat.<\/p>\n","protected":false},"excerpt":{"rendered":"<p>Vincent Van Quickenborne a d\u00e9missionn\u00e9 apr\u00e8s avoir appris que la Tunisie avait r\u00e9clam\u00e9 en ao\u00fbt 2022 l\u2019extradition de l\u2019auteur de l\u2019attaque ayant fait deux morts&#8230;<\/p>\n","protected":false},"author":3162,"featured_media":278943,"comment_status":"open","ping_status":"closed","sticky":false,"template":"","format":"standard","meta":{"footnotes":""},"categories":[2598],"tags":[4655,6831,6832,6379],"class_list":["post-209511","post","type-post","status-publish","format-standard","has-post-thumbnail","hentry","category-international","tag-attentat","tag-belgique","tag-bruxelles","tag-demission"],"yoast_head":"<!-- This site is optimized with the Yoast SEO Premium plugin v27.4 (Yoast SEO v27.5) - https:\/\/yoast.com\/product\/yoast-seo-premium-wordpress\/ -->\n<title>La Tunisie avait r\u00e9clam\u00e9 l\u2019extradition d\u2019A. Lassoued depuis 2022 : D\u00e9mission du ministre de la Justice belge<\/title>\n<meta name=\"description\" content=\"Vincent Van Quickenborne a d\u00e9missionn\u00e9 apr\u00e8s avoir appris que la Tunisie avait r\u00e9clam\u00e9 en ao\u00fbt 2022 l\u2019extradition de l\u2019auteur de l\u2019attaque ayant fait deux morts...\" \/>\n<link rel=\"canonical\" href=\"https:\/\/www.webdo.tn\/fr\/actualite\/international\/la-tunisie-avait-reclame-l-extradition-d-a-lassoued-depuis-2022-demission-du-ministre-de-la-justice-belge\/209511\/\" \/>\n<meta property=\"og:locale\" content=\"fr_FR\" \/>\n<meta property=\"og:type\" content=\"article\" \/>\n<meta property=\"og:title\" content=\"&quot;La Tunisie avait r\u00e9clam\u00e9 l\u2019extradition d\u2019A. Lassoued depuis 2022&quot; : D\u00e9mission du ministre de la Justice belge\" \/>\n<meta property=\"og:description\" content=\"Vincent Van Quickenborne a d\u00e9missionn\u00e9 apr\u00e8s avoir appris que la Tunisie avait r\u00e9clam\u00e9 en ao\u00fbt 2022 l\u2019extradition de l\u2019auteur de l\u2019attaque ayant fait deux morts...\" \/>\n<meta property=\"og:url\" content=\"https:\/\/www.webdo.tn\/fr\/actualite\/international\/la-tunisie-avait-reclame-l-extradition-d-a-lassoued-depuis-2022-demission-du-ministre-de-la-justice-belge\/209511\/\" \/>\n<meta property=\"og:site_name\" content=\"webdo\" \/>\n<meta property=\"article:publisher\" content=\"https:\/\/www.facebook.com\/webdotn\" \/>\n<meta property=\"article:published_time\" content=\"2023-10-20T21:24:00+00:00\" \/>\n<meta property=\"article:modified_time\" content=\"2025-05-20T22:10:21+00:00\" \/>\n<meta property=\"og:image\" content=\"https:\/\/www.webdo.tn\/fr\/wp-content\/uploads\/2023\/10\/e569d6deea39bf21352375e3c9b9431a.png\" \/>\n\t<meta property=\"og:image:width\" content=\"750\" \/>\n\t<meta property=\"og:image:height\" content=\"400\" \/>\n\t<meta property=\"og:image:type\" content=\"image\/png\" \/>\n<meta name=\"author\" content=\"MC\" \/>\n<meta name=\"twitter:card\" content=\"summary_large_image\" \/>\n<meta name=\"twitter:creator\" content=\"@webdo_tn\" \/>\n<meta name=\"twitter:site\" content=\"@webdo_tn\" \/>\n<meta name=\"twitter:label1\" content=\"\u00c9crit par\" \/>\n\t<meta name=\"twitter:data1\" content=\"MC\" \/>\n\t<meta name=\"twitter:label2\" content=\"Dur\u00e9e de lecture estim\u00e9e\" \/>\n\t<meta name=\"twitter:data2\" content=\"2 minutes\" \/>\n<script type=\"application\/ld+json\" class=\"yoast-schema-graph\">{\"@context\":\"https:\\\/\\\/schema.org\",\"@graph\":[{\"@type\":\"NewsArticle\",\"@id\":\"https:\\\/\\\/www.webdo.tn\\\/fr\\\/actualite\\\/international\\\/la-tunisie-avait-reclame-l-extradition-d-a-lassoued-depuis-2022-demission-du-ministre-de-la-justice-belge\\\/209511\\\/#article\",\"isPartOf\":{\"@id\":\"https:\\\/\\\/www.webdo.tn\\\/fr\\\/actualite\\\/international\\\/la-tunisie-avait-reclame-l-extradition-d-a-lassoued-depuis-2022-demission-du-ministre-de-la-justice-belge\\\/209511\\\/\"},\"author\":{\"name\":\"MC\",\"@id\":\"https:\\\/\\\/www.webdo.tn\\\/fr\\\/#\\\/schema\\\/person\\\/2c4929cbf5a809e3bd38617c6ce150f6\"},\"headline\":\"\u00ab\u00a0La Tunisie avait r\u00e9clam\u00e9 l\u2019extradition d\u2019A. Lassoued depuis 2022\u00a0\u00bb : D\u00e9mission du ministre de la Justice belge\",\"datePublished\":\"2023-10-20T21:24:00+00:00\",\"dateModified\":\"2025-05-20T22:10:21+00:00\",\"mainEntityOfPage\":{\"@id\":\"https:\\\/\\\/www.webdo.tn\\\/fr\\\/actualite\\\/international\\\/la-tunisie-avait-reclame-l-extradition-d-a-lassoued-depuis-2022-demission-du-ministre-de-la-justice-belge\\\/209511\\\/\"},\"wordCount\":361,\"commentCount\":0,\"publisher\":{\"@id\":\"https:\\\/\\\/www.webdo.tn\\\/fr\\\/#organization\"},\"image\":{\"@id\":\"https:\\\/\\\/www.webdo.tn\\\/fr\\\/actualite\\\/international\\\/la-tunisie-avait-reclame-l-extradition-d-a-lassoued-depuis-2022-demission-du-ministre-de-la-justice-belge\\\/209511\\\/#primaryimage\"},\"thumbnailUrl\":\"https:\\\/\\\/www.webdo.tn\\\/fr\\\/wp-content\\\/uploads\\\/2023\\\/10\\\/e569d6deea39bf21352375e3c9b9431a.png\",\"keywords\":[\"attentat\",\"belgique\",\"Bruxelles\",\"D\u00e9mission\"],\"articleSection\":[\"International\"],\"inLanguage\":\"fr-FR\"},{\"@type\":\"WebPage\",\"@id\":\"https:\\\/\\\/www.webdo.tn\\\/fr\\\/actualite\\\/international\\\/la-tunisie-avait-reclame-l-extradition-d-a-lassoued-depuis-2022-demission-du-ministre-de-la-justice-belge\\\/209511\\\/\",\"url\":\"https:\\\/\\\/www.webdo.tn\\\/fr\\\/actualite\\\/international\\\/la-tunisie-avait-reclame-l-extradition-d-a-lassoued-depuis-2022-demission-du-ministre-de-la-justice-belge\\\/209511\\\/\",\"name\":\"La Tunisie avait r\u00e9clam\u00e9 l\u2019extradition d\u2019A. Lassoued depuis 2022 : D\u00e9mission du ministre de la Justice belge\",\"isPartOf\":{\"@id\":\"https:\\\/\\\/www.webdo.tn\\\/fr\\\/#website\"},\"primaryImageOfPage\":{\"@id\":\"https:\\\/\\\/www.webdo.tn\\\/fr\\\/actualite\\\/international\\\/la-tunisie-avait-reclame-l-extradition-d-a-lassoued-depuis-2022-demission-du-ministre-de-la-justice-belge\\\/209511\\\/#primaryimage\"},\"image\":{\"@id\":\"https:\\\/\\\/www.webdo.tn\\\/fr\\\/actualite\\\/international\\\/la-tunisie-avait-reclame-l-extradition-d-a-lassoued-depuis-2022-demission-du-ministre-de-la-justice-belge\\\/209511\\\/#primaryimage\"},\"thumbnailUrl\":\"https:\\\/\\\/www.webdo.tn\\\/fr\\\/wp-content\\\/uploads\\\/2023\\\/10\\\/e569d6deea39bf21352375e3c9b9431a.png\",\"datePublished\":\"2023-10-20T21:24:00+00:00\",\"dateModified\":\"2025-05-20T22:10:21+00:00\",\"description\":\"Vincent Van Quickenborne a d\u00e9missionn\u00e9 apr\u00e8s avoir appris que la Tunisie avait r\u00e9clam\u00e9 en ao\u00fbt 2022 l\u2019extradition de l\u2019auteur de l\u2019attaque ayant fait deux morts...\",\"breadcrumb\":{\"@id\":\"https:\\\/\\\/www.webdo.tn\\\/fr\\\/actualite\\\/international\\\/la-tunisie-avait-reclame-l-extradition-d-a-lassoued-depuis-2022-demission-du-ministre-de-la-justice-belge\\\/209511\\\/#breadcrumb\"},\"inLanguage\":\"fr-FR\",\"potentialAction\":[{\"@type\":\"ReadAction\",\"target\":[\"https:\\\/\\\/www.webdo.tn\\\/fr\\\/actualite\\\/international\\\/la-tunisie-avait-reclame-l-extradition-d-a-lassoued-depuis-2022-demission-du-ministre-de-la-justice-belge\\\/209511\\\/\"]}]},{\"@type\":\"ImageObject\",\"inLanguage\":\"fr-FR\",\"@id\":\"https:\\\/\\\/www.webdo.tn\\\/fr\\\/actualite\\\/international\\\/la-tunisie-avait-reclame-l-extradition-d-a-lassoued-depuis-2022-demission-du-ministre-de-la-justice-belge\\\/209511\\\/#primaryimage\",\"url\":\"https:\\\/\\\/www.webdo.tn\\\/fr\\\/wp-content\\\/uploads\\\/2023\\\/10\\\/e569d6deea39bf21352375e3c9b9431a.png\",\"contentUrl\":\"https:\\\/\\\/www.webdo.tn\\\/fr\\\/wp-content\\\/uploads\\\/2023\\\/10\\\/e569d6deea39bf21352375e3c9b9431a.png\",\"width\":750,\"height\":400,\"caption\":\"\\\"La Tunisie avait r\u00e9clam\u00e9 l\u2019extradition d\u2019A. Lassoued depuis 2022\\\" : D\u00e9mission du ministre de la Justice belge\"},{\"@type\":\"BreadcrumbList\",\"@id\":\"https:\\\/\\\/www.webdo.tn\\\/fr\\\/actualite\\\/international\\\/la-tunisie-avait-reclame-l-extradition-d-a-lassoued-depuis-2022-demission-du-ministre-de-la-justice-belge\\\/209511\\\/#breadcrumb\",\"itemListElement\":[{\"@type\":\"ListItem\",\"position\":1,\"name\":\"Accueil\",\"item\":\"https:\\\/\\\/www.webdo.tn\\\/fr\\\/\"},{\"@type\":\"ListItem\",\"position\":2,\"name\":\"\u00ab\u00a0La Tunisie avait r\u00e9clam\u00e9 l\u2019extradition d\u2019A. Lassoued depuis 2022\u00a0\u00bb : D\u00e9mission du ministre de la Justice belge\"}]},{\"@type\":\"WebSite\",\"@id\":\"https:\\\/\\\/www.webdo.tn\\\/fr\\\/#website\",\"url\":\"https:\\\/\\\/www.webdo.tn\\\/fr\\\/\",\"name\":\"webdo\",\"description\":\"Tunisie - News en Tunisie et \u00e0 l&#039;international sur Webdo.tn\",\"publisher\":{\"@id\":\"https:\\\/\\\/www.webdo.tn\\\/fr\\\/#organization\"},\"potentialAction\":[{\"@type\":\"SearchAction\",\"target\":{\"@type\":\"EntryPoint\",\"urlTemplate\":\"https:\\\/\\\/www.webdo.tn\\\/fr\\\/?s={search_term_string}\"},\"query-input\":{\"@type\":\"PropertyValueSpecification\",\"valueRequired\":true,\"valueName\":\"search_term_string\"}}],\"inLanguage\":\"fr-FR\"},{\"@type\":\"Organization\",\"@id\":\"https:\\\/\\\/www.webdo.tn\\\/fr\\\/#organization\",\"name\":\"Webdo\",\"alternateName\":\"Webdo.tn\",\"url\":\"https:\\\/\\\/www.webdo.tn\\\/fr\\\/\",\"logo\":{\"@type\":\"ImageObject\",\"inLanguage\":\"fr-FR\",\"@id\":\"https:\\\/\\\/www.webdo.tn\\\/fr\\\/#\\\/schema\\\/logo\\\/image\\\/\",\"url\":\"https:\\\/\\\/www.webdo.tn\\\/fr\\\/wp-content\\\/uploads\\\/2025\\\/06\\\/Webdo-Tunisie_168377.jpg\",\"contentUrl\":\"https:\\\/\\\/www.webdo.tn\\\/fr\\\/wp-content\\\/uploads\\\/2025\\\/06\\\/Webdo-Tunisie_168377.jpg\",\"width\":301,\"height\":301,\"caption\":\"Webdo\"},\"image\":{\"@id\":\"https:\\\/\\\/www.webdo.tn\\\/fr\\\/#\\\/schema\\\/logo\\\/image\\\/\"},\"sameAs\":[\"https:\\\/\\\/www.facebook.com\\\/webdotn\",\"https:\\\/\\\/x.com\\\/webdo_tn\"],\"description\":\"Webdo est un m\u00e9dia num\u00e9rique tunisien fond\u00e9 en 2010, sp\u00e9cialis\u00e9 dans l\u2019actualit\u00e9 nationale et internationale, l\u2019\u00e9conomie, la soci\u00e9t\u00e9 et les analyses politiques. Le site s\u2019adresse \u00e0 un large public francophone et couvre l\u2019information tunisienne en temps r\u00e9el.\",\"email\":\"redac@webdo.tn\",\"legalName\":\"YNJ SARL\",\"foundingDate\":\"2010-09-06\",\"numberOfEmployees\":{\"@type\":\"QuantitativeValue\",\"minValue\":\"11\",\"maxValue\":\"50\"}},{\"@type\":\"Person\",\"@id\":\"https:\\\/\\\/www.webdo.tn\\\/fr\\\/#\\\/schema\\\/person\\\/2c4929cbf5a809e3bd38617c6ce150f6\",\"name\":\"MC\",\"image\":{\"@type\":\"ImageObject\",\"inLanguage\":\"fr-FR\",\"@id\":\"https:\\\/\\\/secure.gravatar.com\\\/avatar\\\/a545bbb6f84efdd5553dbbc2895e3ca8f1d12c5215e00a041c9670b54aa9b18a?s=96&d=mm&r=g\",\"url\":\"https:\\\/\\\/secure.gravatar.com\\\/avatar\\\/a545bbb6f84efdd5553dbbc2895e3ca8f1d12c5215e00a041c9670b54aa9b18a?s=96&d=mm&r=g\",\"contentUrl\":\"https:\\\/\\\/secure.gravatar.com\\\/avatar\\\/a545bbb6f84efdd5553dbbc2895e3ca8f1d12c5215e00a041c9670b54aa9b18a?s=96&d=mm&r=g\",\"caption\":\"MC\"},\"url\":\"https:\\\/\\\/www.webdo.tn\\\/fr\\\/actualite\\\/author\\\/mc\\\/\"}]}<\/script>\n<!-- \/ Yoast SEO Premium plugin. -->","yoast_head_json":{"title":"La Tunisie avait r\u00e9clam\u00e9 l\u2019extradition d\u2019A. Lassoued depuis 2022 : D\u00e9mission du ministre de la Justice belge","description":"Vincent Van Quickenborne a d\u00e9missionn\u00e9 apr\u00e8s avoir appris que la Tunisie avait r\u00e9clam\u00e9 en ao\u00fbt 2022 l\u2019extradition de l\u2019auteur de l\u2019attaque ayant fait deux morts...","canonical":"https:\/\/www.webdo.tn\/fr\/actualite\/international\/la-tunisie-avait-reclame-l-extradition-d-a-lassoued-depuis-2022-demission-du-ministre-de-la-justice-belge\/209511\/","og_locale":"fr_FR","og_type":"article","og_title":"\"La Tunisie avait r\u00e9clam\u00e9 l\u2019extradition d\u2019A. Lassoued depuis 2022\" : D\u00e9mission du ministre de la Justice belge","og_description":"Vincent Van Quickenborne a d\u00e9missionn\u00e9 apr\u00e8s avoir appris que la Tunisie avait r\u00e9clam\u00e9 en ao\u00fbt 2022 l\u2019extradition de l\u2019auteur de l\u2019attaque ayant fait deux morts...","og_url":"https:\/\/www.webdo.tn\/fr\/actualite\/international\/la-tunisie-avait-reclame-l-extradition-d-a-lassoued-depuis-2022-demission-du-ministre-de-la-justice-belge\/209511\/","og_site_name":"webdo","article_publisher":"https:\/\/www.facebook.com\/webdotn","article_published_time":"2023-10-20T21:24:00+00:00","article_modified_time":"2025-05-20T22:10:21+00:00","og_image":[{"width":750,"height":400,"url":"https:\/\/www.webdo.tn\/fr\/wp-content\/uploads\/2023\/10\/e569d6deea39bf21352375e3c9b9431a.png","type":"image\/png"}],"author":"MC","twitter_card":"summary_large_image","twitter_creator":"@webdo_tn","twitter_site":"@webdo_tn","twitter_misc":{"\u00c9crit par":"MC","Dur\u00e9e de lecture estim\u00e9e":"2 minutes"},"schema":{"@context":"https:\/\/schema.org","@graph":[{"@type":"NewsArticle","@id":"https:\/\/www.webdo.tn\/fr\/actualite\/international\/la-tunisie-avait-reclame-l-extradition-d-a-lassoued-depuis-2022-demission-du-ministre-de-la-justice-belge\/209511\/#article","isPartOf":{"@id":"https:\/\/www.webdo.tn\/fr\/actualite\/international\/la-tunisie-avait-reclame-l-extradition-d-a-lassoued-depuis-2022-demission-du-ministre-de-la-justice-belge\/209511\/"},"author":{"name":"MC","@id":"https:\/\/www.webdo.tn\/fr\/#\/schema\/person\/2c4929cbf5a809e3bd38617c6ce150f6"},"headline":"\u00ab\u00a0La Tunisie avait r\u00e9clam\u00e9 l\u2019extradition d\u2019A. Lassoued depuis 2022\u00a0\u00bb : D\u00e9mission du ministre de la Justice belge","datePublished":"2023-10-20T21:24:00+00:00","dateModified":"2025-05-20T22:10:21+00:00","mainEntityOfPage":{"@id":"https:\/\/www.webdo.tn\/fr\/actualite\/international\/la-tunisie-avait-reclame-l-extradition-d-a-lassoued-depuis-2022-demission-du-ministre-de-la-justice-belge\/209511\/"},"wordCount":361,"commentCount":0,"publisher":{"@id":"https:\/\/www.webdo.tn\/fr\/#organization"},"image":{"@id":"https:\/\/www.webdo.tn\/fr\/actualite\/international\/la-tunisie-avait-reclame-l-extradition-d-a-lassoued-depuis-2022-demission-du-ministre-de-la-justice-belge\/209511\/#primaryimage"},"thumbnailUrl":"https:\/\/www.webdo.tn\/fr\/wp-content\/uploads\/2023\/10\/e569d6deea39bf21352375e3c9b9431a.png","keywords":["attentat","belgique","Bruxelles","D\u00e9mission"],"articleSection":["International"],"inLanguage":"fr-FR"},{"@type":"WebPage","@id":"https:\/\/www.webdo.tn\/fr\/actualite\/international\/la-tunisie-avait-reclame-l-extradition-d-a-lassoued-depuis-2022-demission-du-ministre-de-la-justice-belge\/209511\/","url":"https:\/\/www.webdo.tn\/fr\/actualite\/international\/la-tunisie-avait-reclame-l-extradition-d-a-lassoued-depuis-2022-demission-du-ministre-de-la-justice-belge\/209511\/","name":"La Tunisie avait r\u00e9clam\u00e9 l\u2019extradition d\u2019A. Lassoued depuis 2022 : D\u00e9mission du ministre de la Justice belge","isPartOf":{"@id":"https:\/\/www.webdo.tn\/fr\/#website"},"primaryImageOfPage":{"@id":"https:\/\/www.webdo.tn\/fr\/actualite\/international\/la-tunisie-avait-reclame-l-extradition-d-a-lassoued-depuis-2022-demission-du-ministre-de-la-justice-belge\/209511\/#primaryimage"},"image":{"@id":"https:\/\/www.webdo.tn\/fr\/actualite\/international\/la-tunisie-avait-reclame-l-extradition-d-a-lassoued-depuis-2022-demission-du-ministre-de-la-justice-belge\/209511\/#primaryimage"},"thumbnailUrl":"https:\/\/www.webdo.tn\/fr\/wp-content\/uploads\/2023\/10\/e569d6deea39bf21352375e3c9b9431a.png","datePublished":"2023-10-20T21:24:00+00:00","dateModified":"2025-05-20T22:10:21+00:00","description":"Vincent Van Quickenborne a d\u00e9missionn\u00e9 apr\u00e8s avoir appris que la Tunisie avait r\u00e9clam\u00e9 en ao\u00fbt 2022 l\u2019extradition de l\u2019auteur de l\u2019attaque ayant fait deux morts...","breadcrumb":{"@id":"https:\/\/www.webdo.tn\/fr\/actualite\/international\/la-tunisie-avait-reclame-l-extradition-d-a-lassoued-depuis-2022-demission-du-ministre-de-la-justice-belge\/209511\/#breadcrumb"},"inLanguage":"fr-FR","potentialAction":[{"@type":"ReadAction","target":["https:\/\/www.webdo.tn\/fr\/actualite\/international\/la-tunisie-avait-reclame-l-extradition-d-a-lassoued-depuis-2022-demission-du-ministre-de-la-justice-belge\/209511\/"]}]},{"@type":"ImageObject","inLanguage":"fr-FR","@id":"https:\/\/www.webdo.tn\/fr\/actualite\/international\/la-tunisie-avait-reclame-l-extradition-d-a-lassoued-depuis-2022-demission-du-ministre-de-la-justice-belge\/209511\/#primaryimage","url":"https:\/\/www.webdo.tn\/fr\/wp-content\/uploads\/2023\/10\/e569d6deea39bf21352375e3c9b9431a.png","contentUrl":"https:\/\/www.webdo.tn\/fr\/wp-content\/uploads\/2023\/10\/e569d6deea39bf21352375e3c9b9431a.png","width":750,"height":400,"caption":"\"La Tunisie avait r\u00e9clam\u00e9 l\u2019extradition d\u2019A. Lassoued depuis 2022\" : D\u00e9mission du ministre de la Justice belge"},{"@type":"BreadcrumbList","@id":"https:\/\/www.webdo.tn\/fr\/actualite\/international\/la-tunisie-avait-reclame-l-extradition-d-a-lassoued-depuis-2022-demission-du-ministre-de-la-justice-belge\/209511\/#breadcrumb","itemListElement":[{"@type":"ListItem","position":1,"name":"Accueil","item":"https:\/\/www.webdo.tn\/fr\/"},{"@type":"ListItem","position":2,"name":"\u00ab\u00a0La Tunisie avait r\u00e9clam\u00e9 l\u2019extradition d\u2019A. Lassoued depuis 2022\u00a0\u00bb : D\u00e9mission du ministre de la Justice belge"}]},{"@type":"WebSite","@id":"https:\/\/www.webdo.tn\/fr\/#website","url":"https:\/\/www.webdo.tn\/fr\/","name":"webdo","description":"Tunisie - News en Tunisie et \u00e0 l&#039;international sur Webdo.tn","publisher":{"@id":"https:\/\/www.webdo.tn\/fr\/#organization"},"potentialAction":[{"@type":"SearchAction","target":{"@type":"EntryPoint","urlTemplate":"https:\/\/www.webdo.tn\/fr\/?s={search_term_string}"},"query-input":{"@type":"PropertyValueSpecification","valueRequired":true,"valueName":"search_term_string"}}],"inLanguage":"fr-FR"},{"@type":"Organization","@id":"https:\/\/www.webdo.tn\/fr\/#organization","name":"Webdo","alternateName":"Webdo.tn","url":"https:\/\/www.webdo.tn\/fr\/","logo":{"@type":"ImageObject","inLanguage":"fr-FR","@id":"https:\/\/www.webdo.tn\/fr\/#\/schema\/logo\/image\/","url":"https:\/\/www.webdo.tn\/fr\/wp-content\/uploads\/2025\/06\/Webdo-Tunisie_168377.jpg","contentUrl":"https:\/\/www.webdo.tn\/fr\/wp-content\/uploads\/2025\/06\/Webdo-Tunisie_168377.jpg","width":301,"height":301,"caption":"Webdo"},"image":{"@id":"https:\/\/www.webdo.tn\/fr\/#\/schema\/logo\/image\/"},"sameAs":["https:\/\/www.facebook.com\/webdotn","https:\/\/x.com\/webdo_tn"],"description":"Webdo est un m\u00e9dia num\u00e9rique tunisien fond\u00e9 en 2010, sp\u00e9cialis\u00e9 dans l\u2019actualit\u00e9 nationale et internationale, l\u2019\u00e9conomie, la soci\u00e9t\u00e9 et les analyses politiques. Le site s\u2019adresse \u00e0 un large public francophone et couvre l\u2019information tunisienne en temps r\u00e9el.","email":"redac@webdo.tn","legalName":"YNJ SARL","foundingDate":"2010-09-06","numberOfEmployees":{"@type":"QuantitativeValue","minValue":"11","maxValue":"50"}},{"@type":"Person","@id":"https:\/\/www.webdo.tn\/fr\/#\/schema\/person\/2c4929cbf5a809e3bd38617c6ce150f6","name":"MC","image":{"@type":"ImageObject","inLanguage":"fr-FR","@id":"https:\/\/secure.gravatar.com\/avatar\/a545bbb6f84efdd5553dbbc2895e3ca8f1d12c5215e00a041c9670b54aa9b18a?s=96&d=mm&r=g","url":"https:\/\/secure.gravatar.com\/avatar\/a545bbb6f84efdd5553dbbc2895e3ca8f1d12c5215e00a041c9670b54aa9b18a?s=96&d=mm&r=g","contentUrl":"https:\/\/secure.gravatar.com\/avatar\/a545bbb6f84efdd5553dbbc2895e3ca8f1d12c5215e00a041c9670b54aa9b18a?s=96&d=mm&r=g","caption":"MC"},"url":"https:\/\/www.webdo.tn\/fr\/actualite\/author\/mc\/"}]}},"_links":{"self":[{"href":"https:\/\/www.webdo.tn\/fr\/wp-json\/wp\/v2\/posts\/209511","targetHints":{"allow":["GET"]}}],"collection":[{"href":"https:\/\/www.webdo.tn\/fr\/wp-json\/wp\/v2\/posts"}],"about":[{"href":"https:\/\/www.webdo.tn\/fr\/wp-json\/wp\/v2\/types\/post"}],"author":[{"embeddable":true,"href":"https:\/\/www.webdo.tn\/fr\/wp-json\/wp\/v2\/users\/3162"}],"replies":[{"embeddable":true,"href":"https:\/\/www.webdo.tn\/fr\/wp-json\/wp\/v2\/comments?post=209511"}],"version-history":[{"count":0,"href":"https:\/\/www.webdo.tn\/fr\/wp-json\/wp\/v2\/posts\/209511\/revisions"}],"wp:featuredmedia":[{"embeddable":true,"href":"https:\/\/www.webdo.tn\/fr\/wp-json\/wp\/v2\/media\/278943"}],"wp:attachment":[{"href":"https:\/\/www.webdo.tn\/fr\/wp-json\/wp\/v2\/media?parent=209511"}],"wp:term":[{"taxonomy":"category","embeddable":true,"href":"https:\/\/www.webdo.tn\/fr\/wp-json\/wp\/v2\/categories?post=209511"},{"taxonomy":"post_tag","embeddable":true,"href":"https:\/\/www.webdo.tn\/fr\/wp-json\/wp\/v2\/tags?post=209511"}],"curies":[{"name":"wp","href":"https:\/\/api.w.org\/{rel}","templated":true}]}}