{"id":209506,"date":"2023-10-20T20:18:00","date_gmt":"2023-10-20T20:18:00","guid":{"rendered":"https:\/\/www.webdo.tn\/fr\/blog\/emploi-migration-et-palestine-au-menu-de-la-rencontre-entre-kais-saied-et-antonio-tajani\/209506\/"},"modified":"2025-05-20T22:10:20","modified_gmt":"2025-05-20T22:10:20","slug":"emploi-migration-et-palestine-au-menu-de-la-rencontre-entre-kais-saied-et-antonio-tajani","status":"publish","type":"post","link":"https:\/\/www.webdo.tn\/fr\/actualite\/national\/emploi-migration-et-palestine-au-menu-de-la-rencontre-entre-kais-saied-et-antonio-tajani\/209506\/","title":{"rendered":"Emploi, migration et Palestine au menu de la rencontre entre Kais Saied et Antonio Tajani"},"content":{"rendered":"<p>Le Pr\u00e9sident de la R\u00e9publique, Kais Saied, a re\u00e7u, ce vendredi 20 octobre 2023, au Palais de Carthage, Antonio Tajani, vice-Premier ministre et ministre italien des Affaires \u00e9trang\u00e8res et de la Coop\u00e9ration internationale, accompagn\u00e9 de Francesco Lollobrigida, ministre italien de l&rsquo;Agriculture, de la Souverainet\u00e9 alimentaire et des For\u00eats, et de Marina Elvira Calderone, ministre de l&rsquo;Emploi et des Affaires sociales.<\/p>\n<p>\t\t\t\t\t\t\t\t\tLa r\u00e9union a \u00e9t\u00e9 ax\u00e9e sur l&rsquo;accord sign\u00e9 aujourd&rsquo;hui entre la Tunisie et l&rsquo;Italie visant \u00e0 \u00e9tablir un cadre juridique pour l&rsquo;immigration. Un m\u00e9morandum d&rsquo;accord sur la migration r\u00e9guli\u00e8re afin qu\u2019il profite \u00e0 toutes les parties et r\u00e9duit les vagues d&rsquo;\u00e9migration irr\u00e9guli\u00e8re.<\/p>\n<p>La signature qui a eu lieu avec le chef de la diplomatie tunisienne Nabil Ammar porte notamment sur L&rsquo;accord de la cr\u00e9ation de nouveaux canaux de migration r\u00e9guli\u00e8re entre les deux pays. Ainsi 4000 travailleurs tunisiens qualifi\u00e9s auront la possibilit\u00e9 d\u2019aller travailler en Italie r\u00e9guli\u00e8rement, selon cette convention.<\/p>\n<p>En effet, l\u2019Italie envisage d\u2019accueillir des milliers de travailleurs tunisiens dans diff\u00e9rents secteurs d\u2019activit\u00e9s et a fait part de sa disposition \u00e0 accroitre la coop\u00e9ration avec la Tunisie dans le domaine de l\u2019emploi des comp\u00e9tences dans les diff\u00e9rents secteurs \u00e9conomiques.<\/p>\n<p>Le succ\u00e8s de ce projet pilote balisera la voie pour l\u2019emploi des milliers de tunisiens dans des entreprises italiennes.<\/p>\n<p>Kais Saied a ainsi soulign\u00e9 que cette nouvelle approche de l&rsquo;immigration peut \u00eatre d\u00e9velopp\u00e9e non seulement avec l&rsquo;Italie mais avec un certain nombre d&rsquo;autres pays, dans le but d&rsquo;\u00e9liminer les causes qui ont conduit \u00e0 ce ph\u00e9nom\u00e8ne inhumain dans les pays d&rsquo;o\u00f9 proviennent les vagues des migrants, rapporte un communiqu\u00e9 de la Pr\u00e9sidence de la R\u00e9publique.<\/p>\n<p>Le pr\u00e9sident de la R\u00e9publique a expliqu\u00e9 que la Tunisie tient \u00e0 remplir ses obligations, rappelant que ces derni\u00e8res semaines, les forces de s\u00e9curit\u00e9 tunisiennes ont d\u00e9mantel\u00e9 un grand nombre de r\u00e9seaux criminels sp\u00e9cialis\u00e9s dans l\u2019immigration irr\u00e9guli\u00e8re.<\/p>\n<p>La coop\u00e9ration bilat\u00e9rale dans le domaine agricole a \u00e9galement \u00e9t\u00e9 discut\u00e9e, notamment \u00e0 la lumi\u00e8re du changement climatique et de la p\u00e9nurie d&rsquo;eau.<\/p>\n<p>La situation en Palestine a constitu\u00e9 le th\u00e8me le plus important de cette r\u00e9union, le Pr\u00e9sident de la R\u00e9publique ayant soulign\u00e9 le droit du peuple palestinien \u00e0 sa terre, un droit reconnu par le droit international, et le droit des peuples \u00e0 l&rsquo;autod\u00e9termination, soulignant que ce qui se passe aujourd\u2019hui en Palestine est un processus de punition collective et de d\u00e9placement forc\u00e9.<\/p>\n","protected":false},"excerpt":{"rendered":"<p>Le Pr\u00e9sident de la R\u00e9publique, Kais Saied, a re\u00e7u, ce vendredi 20 octobre 2023, au Palais de Carthage, Antonio Tajani, vice-Premier ministre et ministre italien&#8230;<\/p>\n","protected":false},"author":3162,"featured_media":278941,"comment_status":"open","ping_status":"closed","sticky":false,"template":"","format":"standard","meta":{"footnotes":""},"categories":[44],"tags":[3049,2660,2615,2688,2608],"class_list":["post-209506","post","type-post","status-publish","format-standard","has-post-thumbnail","hentry","category-national","tag-emploi","tag-italie","tag-migration","tag-palestine","tag-tunisie"],"yoast_head":"<!-- This site is optimized with the Yoast SEO Premium plugin v27.4 (Yoast SEO v27.4) - https:\/\/yoast.com\/product\/yoast-seo-premium-wordpress\/ -->\n<title>Emploi, migration et Palestine au menu de la rencontre entre Kais Saied et Antonio Tajani<\/title>\n<meta name=\"description\" content=\"Le Pr\u00e9sident de la R\u00e9publique, Kais Saied, a re\u00e7u, ce vendredi 20 octobre 2023, au Palais de Carthage, Antonio Tajani, vice-Premier ministre et ministre italien...\" \/>\n<link rel=\"canonical\" href=\"https:\/\/www.webdo.tn\/fr\/actualite\/national\/emploi-migration-et-palestine-au-menu-de-la-rencontre-entre-kais-saied-et-antonio-tajani\/209506\/\" \/>\n<meta property=\"og:locale\" content=\"fr_FR\" \/>\n<meta property=\"og:type\" content=\"article\" \/>\n<meta property=\"og:title\" content=\"Emploi, migration et Palestine au menu de la rencontre entre Kais Saied et Antonio Tajani\" \/>\n<meta property=\"og:description\" content=\"Le Pr\u00e9sident de la R\u00e9publique, Kais Saied, a re\u00e7u, ce vendredi 20 octobre 2023, au Palais de Carthage, Antonio Tajani, vice-Premier ministre et ministre italien...\" \/>\n<meta property=\"og:url\" content=\"https:\/\/www.webdo.tn\/fr\/actualite\/national\/emploi-migration-et-palestine-au-menu-de-la-rencontre-entre-kais-saied-et-antonio-tajani\/209506\/\" \/>\n<meta property=\"og:site_name\" content=\"webdo\" \/>\n<meta property=\"article:publisher\" content=\"https:\/\/www.facebook.com\/webdotn\" \/>\n<meta property=\"article:published_time\" content=\"2023-10-20T20:18:00+00:00\" \/>\n<meta property=\"article:modified_time\" content=\"2025-05-20T22:10:20+00:00\" \/>\n<meta property=\"og:image\" content=\"https:\/\/www.webdo.tn\/fr\/wp-content\/uploads\/2023\/10\/1a4ddfbe7de124037627bad511667acb.jpg\" \/>\n\t<meta property=\"og:image:width\" content=\"750\" \/>\n\t<meta property=\"og:image:height\" content=\"400\" \/>\n\t<meta property=\"og:image:type\" content=\"image\/jpeg\" \/>\n<meta name=\"author\" content=\"MC\" \/>\n<meta name=\"twitter:card\" content=\"summary_large_image\" \/>\n<meta name=\"twitter:creator\" content=\"@webdo_tn\" \/>\n<meta name=\"twitter:site\" content=\"@webdo_tn\" \/>\n<meta name=\"twitter:label1\" content=\"\u00c9crit par\" \/>\n\t<meta name=\"twitter:data1\" content=\"MC\" \/>\n\t<meta name=\"twitter:label2\" content=\"Dur\u00e9e de lecture estim\u00e9e\" \/>\n\t<meta name=\"twitter:data2\" content=\"2 minutes\" \/>\n<script type=\"application\/ld+json\" class=\"yoast-schema-graph\">{\"@context\":\"https:\\\/\\\/schema.org\",\"@graph\":[{\"@type\":\"NewsArticle\",\"@id\":\"https:\\\/\\\/www.webdo.tn\\\/fr\\\/actualite\\\/national\\\/emploi-migration-et-palestine-au-menu-de-la-rencontre-entre-kais-saied-et-antonio-tajani\\\/209506\\\/#article\",\"isPartOf\":{\"@id\":\"https:\\\/\\\/www.webdo.tn\\\/fr\\\/actualite\\\/national\\\/emploi-migration-et-palestine-au-menu-de-la-rencontre-entre-kais-saied-et-antonio-tajani\\\/209506\\\/\"},\"author\":{\"name\":\"MC\",\"@id\":\"https:\\\/\\\/www.webdo.tn\\\/fr\\\/#\\\/schema\\\/person\\\/2c4929cbf5a809e3bd38617c6ce150f6\"},\"headline\":\"Emploi, migration et Palestine au menu de la rencontre entre Kais Saied et Antonio Tajani\",\"datePublished\":\"2023-10-20T20:18:00+00:00\",\"dateModified\":\"2025-05-20T22:10:20+00:00\",\"mainEntityOfPage\":{\"@id\":\"https:\\\/\\\/www.webdo.tn\\\/fr\\\/actualite\\\/national\\\/emploi-migration-et-palestine-au-menu-de-la-rencontre-entre-kais-saied-et-antonio-tajani\\\/209506\\\/\"},\"wordCount\":469,\"commentCount\":0,\"publisher\":{\"@id\":\"https:\\\/\\\/www.webdo.tn\\\/fr\\\/#organization\"},\"image\":{\"@id\":\"https:\\\/\\\/www.webdo.tn\\\/fr\\\/actualite\\\/national\\\/emploi-migration-et-palestine-au-menu-de-la-rencontre-entre-kais-saied-et-antonio-tajani\\\/209506\\\/#primaryimage\"},\"thumbnailUrl\":\"https:\\\/\\\/www.webdo.tn\\\/fr\\\/wp-content\\\/uploads\\\/2023\\\/10\\\/1a4ddfbe7de124037627bad511667acb.jpg\",\"keywords\":[\"emploi\",\"Italie\",\"Migration\",\"Palestine\",\"Tunisie\"],\"articleSection\":[\"National\"],\"inLanguage\":\"fr-FR\"},{\"@type\":\"WebPage\",\"@id\":\"https:\\\/\\\/www.webdo.tn\\\/fr\\\/actualite\\\/national\\\/emploi-migration-et-palestine-au-menu-de-la-rencontre-entre-kais-saied-et-antonio-tajani\\\/209506\\\/\",\"url\":\"https:\\\/\\\/www.webdo.tn\\\/fr\\\/actualite\\\/national\\\/emploi-migration-et-palestine-au-menu-de-la-rencontre-entre-kais-saied-et-antonio-tajani\\\/209506\\\/\",\"name\":\"Emploi, migration et Palestine au menu de la rencontre entre Kais Saied et Antonio Tajani\",\"isPartOf\":{\"@id\":\"https:\\\/\\\/www.webdo.tn\\\/fr\\\/#website\"},\"primaryImageOfPage\":{\"@id\":\"https:\\\/\\\/www.webdo.tn\\\/fr\\\/actualite\\\/national\\\/emploi-migration-et-palestine-au-menu-de-la-rencontre-entre-kais-saied-et-antonio-tajani\\\/209506\\\/#primaryimage\"},\"image\":{\"@id\":\"https:\\\/\\\/www.webdo.tn\\\/fr\\\/actualite\\\/national\\\/emploi-migration-et-palestine-au-menu-de-la-rencontre-entre-kais-saied-et-antonio-tajani\\\/209506\\\/#primaryimage\"},\"thumbnailUrl\":\"https:\\\/\\\/www.webdo.tn\\\/fr\\\/wp-content\\\/uploads\\\/2023\\\/10\\\/1a4ddfbe7de124037627bad511667acb.jpg\",\"datePublished\":\"2023-10-20T20:18:00+00:00\",\"dateModified\":\"2025-05-20T22:10:20+00:00\",\"description\":\"Le Pr\u00e9sident de la R\u00e9publique, Kais Saied, a re\u00e7u, ce vendredi 20 octobre 2023, au Palais de Carthage, Antonio Tajani, vice-Premier ministre et ministre italien...\",\"breadcrumb\":{\"@id\":\"https:\\\/\\\/www.webdo.tn\\\/fr\\\/actualite\\\/national\\\/emploi-migration-et-palestine-au-menu-de-la-rencontre-entre-kais-saied-et-antonio-tajani\\\/209506\\\/#breadcrumb\"},\"inLanguage\":\"fr-FR\",\"potentialAction\":[{\"@type\":\"ReadAction\",\"target\":[\"https:\\\/\\\/www.webdo.tn\\\/fr\\\/actualite\\\/national\\\/emploi-migration-et-palestine-au-menu-de-la-rencontre-entre-kais-saied-et-antonio-tajani\\\/209506\\\/\"]}]},{\"@type\":\"ImageObject\",\"inLanguage\":\"fr-FR\",\"@id\":\"https:\\\/\\\/www.webdo.tn\\\/fr\\\/actualite\\\/national\\\/emploi-migration-et-palestine-au-menu-de-la-rencontre-entre-kais-saied-et-antonio-tajani\\\/209506\\\/#primaryimage\",\"url\":\"https:\\\/\\\/www.webdo.tn\\\/fr\\\/wp-content\\\/uploads\\\/2023\\\/10\\\/1a4ddfbe7de124037627bad511667acb.jpg\",\"contentUrl\":\"https:\\\/\\\/www.webdo.tn\\\/fr\\\/wp-content\\\/uploads\\\/2023\\\/10\\\/1a4ddfbe7de124037627bad511667acb.jpg\",\"width\":750,\"height\":400,\"caption\":\"Emploi, migration et Palestine au menu de la rencontre entre Kais Saied et Antonio Tajani\"},{\"@type\":\"BreadcrumbList\",\"@id\":\"https:\\\/\\\/www.webdo.tn\\\/fr\\\/actualite\\\/national\\\/emploi-migration-et-palestine-au-menu-de-la-rencontre-entre-kais-saied-et-antonio-tajani\\\/209506\\\/#breadcrumb\",\"itemListElement\":[{\"@type\":\"ListItem\",\"position\":1,\"name\":\"Accueil\",\"item\":\"https:\\\/\\\/www.webdo.tn\\\/fr\\\/\"},{\"@type\":\"ListItem\",\"position\":2,\"name\":\"Emploi, migration et Palestine au menu de la rencontre entre Kais Saied et Antonio Tajani\"}]},{\"@type\":\"WebSite\",\"@id\":\"https:\\\/\\\/www.webdo.tn\\\/fr\\\/#website\",\"url\":\"https:\\\/\\\/www.webdo.tn\\\/fr\\\/\",\"name\":\"webdo\",\"description\":\"Tunisie - News en Tunisie et \u00e0 l&#039;international sur Webdo.tn\",\"publisher\":{\"@id\":\"https:\\\/\\\/www.webdo.tn\\\/fr\\\/#organization\"},\"potentialAction\":[{\"@type\":\"SearchAction\",\"target\":{\"@type\":\"EntryPoint\",\"urlTemplate\":\"https:\\\/\\\/www.webdo.tn\\\/fr\\\/?s={search_term_string}\"},\"query-input\":{\"@type\":\"PropertyValueSpecification\",\"valueRequired\":true,\"valueName\":\"search_term_string\"}}],\"inLanguage\":\"fr-FR\"},{\"@type\":\"Organization\",\"@id\":\"https:\\\/\\\/www.webdo.tn\\\/fr\\\/#organization\",\"name\":\"Webdo\",\"alternateName\":\"Webdo.tn\",\"url\":\"https:\\\/\\\/www.webdo.tn\\\/fr\\\/\",\"logo\":{\"@type\":\"ImageObject\",\"inLanguage\":\"fr-FR\",\"@id\":\"https:\\\/\\\/www.webdo.tn\\\/fr\\\/#\\\/schema\\\/logo\\\/image\\\/\",\"url\":\"https:\\\/\\\/www.webdo.tn\\\/fr\\\/wp-content\\\/uploads\\\/2025\\\/06\\\/Webdo-Tunisie_168377.jpg\",\"contentUrl\":\"https:\\\/\\\/www.webdo.tn\\\/fr\\\/wp-content\\\/uploads\\\/2025\\\/06\\\/Webdo-Tunisie_168377.jpg\",\"width\":301,\"height\":301,\"caption\":\"Webdo\"},\"image\":{\"@id\":\"https:\\\/\\\/www.webdo.tn\\\/fr\\\/#\\\/schema\\\/logo\\\/image\\\/\"},\"sameAs\":[\"https:\\\/\\\/www.facebook.com\\\/webdotn\",\"https:\\\/\\\/x.com\\\/webdo_tn\"],\"description\":\"Webdo est un m\u00e9dia num\u00e9rique tunisien fond\u00e9 en 2010, sp\u00e9cialis\u00e9 dans l\u2019actualit\u00e9 nationale et internationale, l\u2019\u00e9conomie, la soci\u00e9t\u00e9 et les analyses politiques. Le site s\u2019adresse \u00e0 un large public francophone et couvre l\u2019information tunisienne en temps r\u00e9el.\",\"email\":\"redac@webdo.tn\",\"legalName\":\"YNJ SARL\",\"foundingDate\":\"2010-09-06\",\"numberOfEmployees\":{\"@type\":\"QuantitativeValue\",\"minValue\":\"11\",\"maxValue\":\"50\"}},{\"@type\":\"Person\",\"@id\":\"https:\\\/\\\/www.webdo.tn\\\/fr\\\/#\\\/schema\\\/person\\\/2c4929cbf5a809e3bd38617c6ce150f6\",\"name\":\"MC\",\"image\":{\"@type\":\"ImageObject\",\"inLanguage\":\"fr-FR\",\"@id\":\"https:\\\/\\\/secure.gravatar.com\\\/avatar\\\/a545bbb6f84efdd5553dbbc2895e3ca8f1d12c5215e00a041c9670b54aa9b18a?s=96&d=mm&r=g\",\"url\":\"https:\\\/\\\/secure.gravatar.com\\\/avatar\\\/a545bbb6f84efdd5553dbbc2895e3ca8f1d12c5215e00a041c9670b54aa9b18a?s=96&d=mm&r=g\",\"contentUrl\":\"https:\\\/\\\/secure.gravatar.com\\\/avatar\\\/a545bbb6f84efdd5553dbbc2895e3ca8f1d12c5215e00a041c9670b54aa9b18a?s=96&d=mm&r=g\",\"caption\":\"MC\"},\"url\":\"https:\\\/\\\/www.webdo.tn\\\/fr\\\/actualite\\\/author\\\/mc\\\/\"}]}<\/script>\n<!-- \/ Yoast SEO Premium plugin. -->","yoast_head_json":{"title":"Emploi, migration et Palestine au menu de la rencontre entre Kais Saied et Antonio Tajani","description":"Le Pr\u00e9sident de la R\u00e9publique, Kais Saied, a re\u00e7u, ce vendredi 20 octobre 2023, au Palais de Carthage, Antonio Tajani, vice-Premier ministre et ministre italien...","canonical":"https:\/\/www.webdo.tn\/fr\/actualite\/national\/emploi-migration-et-palestine-au-menu-de-la-rencontre-entre-kais-saied-et-antonio-tajani\/209506\/","og_locale":"fr_FR","og_type":"article","og_title":"Emploi, migration et Palestine au menu de la rencontre entre Kais Saied et Antonio Tajani","og_description":"Le Pr\u00e9sident de la R\u00e9publique, Kais Saied, a re\u00e7u, ce vendredi 20 octobre 2023, au Palais de Carthage, Antonio Tajani, vice-Premier ministre et ministre italien...","og_url":"https:\/\/www.webdo.tn\/fr\/actualite\/national\/emploi-migration-et-palestine-au-menu-de-la-rencontre-entre-kais-saied-et-antonio-tajani\/209506\/","og_site_name":"webdo","article_publisher":"https:\/\/www.facebook.com\/webdotn","article_published_time":"2023-10-20T20:18:00+00:00","article_modified_time":"2025-05-20T22:10:20+00:00","og_image":[{"width":750,"height":400,"url":"https:\/\/www.webdo.tn\/fr\/wp-content\/uploads\/2023\/10\/1a4ddfbe7de124037627bad511667acb.jpg","type":"image\/jpeg"}],"author":"MC","twitter_card":"summary_large_image","twitter_creator":"@webdo_tn","twitter_site":"@webdo_tn","twitter_misc":{"\u00c9crit par":"MC","Dur\u00e9e de lecture estim\u00e9e":"2 minutes"},"schema":{"@context":"https:\/\/schema.org","@graph":[{"@type":"NewsArticle","@id":"https:\/\/www.webdo.tn\/fr\/actualite\/national\/emploi-migration-et-palestine-au-menu-de-la-rencontre-entre-kais-saied-et-antonio-tajani\/209506\/#article","isPartOf":{"@id":"https:\/\/www.webdo.tn\/fr\/actualite\/national\/emploi-migration-et-palestine-au-menu-de-la-rencontre-entre-kais-saied-et-antonio-tajani\/209506\/"},"author":{"name":"MC","@id":"https:\/\/www.webdo.tn\/fr\/#\/schema\/person\/2c4929cbf5a809e3bd38617c6ce150f6"},"headline":"Emploi, migration et Palestine au menu de la rencontre entre Kais Saied et Antonio Tajani","datePublished":"2023-10-20T20:18:00+00:00","dateModified":"2025-05-20T22:10:20+00:00","mainEntityOfPage":{"@id":"https:\/\/www.webdo.tn\/fr\/actualite\/national\/emploi-migration-et-palestine-au-menu-de-la-rencontre-entre-kais-saied-et-antonio-tajani\/209506\/"},"wordCount":469,"commentCount":0,"publisher":{"@id":"https:\/\/www.webdo.tn\/fr\/#organization"},"image":{"@id":"https:\/\/www.webdo.tn\/fr\/actualite\/national\/emploi-migration-et-palestine-au-menu-de-la-rencontre-entre-kais-saied-et-antonio-tajani\/209506\/#primaryimage"},"thumbnailUrl":"https:\/\/www.webdo.tn\/fr\/wp-content\/uploads\/2023\/10\/1a4ddfbe7de124037627bad511667acb.jpg","keywords":["emploi","Italie","Migration","Palestine","Tunisie"],"articleSection":["National"],"inLanguage":"fr-FR"},{"@type":"WebPage","@id":"https:\/\/www.webdo.tn\/fr\/actualite\/national\/emploi-migration-et-palestine-au-menu-de-la-rencontre-entre-kais-saied-et-antonio-tajani\/209506\/","url":"https:\/\/www.webdo.tn\/fr\/actualite\/national\/emploi-migration-et-palestine-au-menu-de-la-rencontre-entre-kais-saied-et-antonio-tajani\/209506\/","name":"Emploi, migration et Palestine au menu de la rencontre entre Kais Saied et Antonio Tajani","isPartOf":{"@id":"https:\/\/www.webdo.tn\/fr\/#website"},"primaryImageOfPage":{"@id":"https:\/\/www.webdo.tn\/fr\/actualite\/national\/emploi-migration-et-palestine-au-menu-de-la-rencontre-entre-kais-saied-et-antonio-tajani\/209506\/#primaryimage"},"image":{"@id":"https:\/\/www.webdo.tn\/fr\/actualite\/national\/emploi-migration-et-palestine-au-menu-de-la-rencontre-entre-kais-saied-et-antonio-tajani\/209506\/#primaryimage"},"thumbnailUrl":"https:\/\/www.webdo.tn\/fr\/wp-content\/uploads\/2023\/10\/1a4ddfbe7de124037627bad511667acb.jpg","datePublished":"2023-10-20T20:18:00+00:00","dateModified":"2025-05-20T22:10:20+00:00","description":"Le Pr\u00e9sident de la R\u00e9publique, Kais Saied, a re\u00e7u, ce vendredi 20 octobre 2023, au Palais de Carthage, Antonio Tajani, vice-Premier ministre et ministre italien...","breadcrumb":{"@id":"https:\/\/www.webdo.tn\/fr\/actualite\/national\/emploi-migration-et-palestine-au-menu-de-la-rencontre-entre-kais-saied-et-antonio-tajani\/209506\/#breadcrumb"},"inLanguage":"fr-FR","potentialAction":[{"@type":"ReadAction","target":["https:\/\/www.webdo.tn\/fr\/actualite\/national\/emploi-migration-et-palestine-au-menu-de-la-rencontre-entre-kais-saied-et-antonio-tajani\/209506\/"]}]},{"@type":"ImageObject","inLanguage":"fr-FR","@id":"https:\/\/www.webdo.tn\/fr\/actualite\/national\/emploi-migration-et-palestine-au-menu-de-la-rencontre-entre-kais-saied-et-antonio-tajani\/209506\/#primaryimage","url":"https:\/\/www.webdo.tn\/fr\/wp-content\/uploads\/2023\/10\/1a4ddfbe7de124037627bad511667acb.jpg","contentUrl":"https:\/\/www.webdo.tn\/fr\/wp-content\/uploads\/2023\/10\/1a4ddfbe7de124037627bad511667acb.jpg","width":750,"height":400,"caption":"Emploi, migration et Palestine au menu de la rencontre entre Kais Saied et Antonio Tajani"},{"@type":"BreadcrumbList","@id":"https:\/\/www.webdo.tn\/fr\/actualite\/national\/emploi-migration-et-palestine-au-menu-de-la-rencontre-entre-kais-saied-et-antonio-tajani\/209506\/#breadcrumb","itemListElement":[{"@type":"ListItem","position":1,"name":"Accueil","item":"https:\/\/www.webdo.tn\/fr\/"},{"@type":"ListItem","position":2,"name":"Emploi, migration et Palestine au menu de la rencontre entre Kais Saied et Antonio Tajani"}]},{"@type":"WebSite","@id":"https:\/\/www.webdo.tn\/fr\/#website","url":"https:\/\/www.webdo.tn\/fr\/","name":"webdo","description":"Tunisie - News en Tunisie et \u00e0 l&#039;international sur Webdo.tn","publisher":{"@id":"https:\/\/www.webdo.tn\/fr\/#organization"},"potentialAction":[{"@type":"SearchAction","target":{"@type":"EntryPoint","urlTemplate":"https:\/\/www.webdo.tn\/fr\/?s={search_term_string}"},"query-input":{"@type":"PropertyValueSpecification","valueRequired":true,"valueName":"search_term_string"}}],"inLanguage":"fr-FR"},{"@type":"Organization","@id":"https:\/\/www.webdo.tn\/fr\/#organization","name":"Webdo","alternateName":"Webdo.tn","url":"https:\/\/www.webdo.tn\/fr\/","logo":{"@type":"ImageObject","inLanguage":"fr-FR","@id":"https:\/\/www.webdo.tn\/fr\/#\/schema\/logo\/image\/","url":"https:\/\/www.webdo.tn\/fr\/wp-content\/uploads\/2025\/06\/Webdo-Tunisie_168377.jpg","contentUrl":"https:\/\/www.webdo.tn\/fr\/wp-content\/uploads\/2025\/06\/Webdo-Tunisie_168377.jpg","width":301,"height":301,"caption":"Webdo"},"image":{"@id":"https:\/\/www.webdo.tn\/fr\/#\/schema\/logo\/image\/"},"sameAs":["https:\/\/www.facebook.com\/webdotn","https:\/\/x.com\/webdo_tn"],"description":"Webdo est un m\u00e9dia num\u00e9rique tunisien fond\u00e9 en 2010, sp\u00e9cialis\u00e9 dans l\u2019actualit\u00e9 nationale et internationale, l\u2019\u00e9conomie, la soci\u00e9t\u00e9 et les analyses politiques. Le site s\u2019adresse \u00e0 un large public francophone et couvre l\u2019information tunisienne en temps r\u00e9el.","email":"redac@webdo.tn","legalName":"YNJ SARL","foundingDate":"2010-09-06","numberOfEmployees":{"@type":"QuantitativeValue","minValue":"11","maxValue":"50"}},{"@type":"Person","@id":"https:\/\/www.webdo.tn\/fr\/#\/schema\/person\/2c4929cbf5a809e3bd38617c6ce150f6","name":"MC","image":{"@type":"ImageObject","inLanguage":"fr-FR","@id":"https:\/\/secure.gravatar.com\/avatar\/a545bbb6f84efdd5553dbbc2895e3ca8f1d12c5215e00a041c9670b54aa9b18a?s=96&d=mm&r=g","url":"https:\/\/secure.gravatar.com\/avatar\/a545bbb6f84efdd5553dbbc2895e3ca8f1d12c5215e00a041c9670b54aa9b18a?s=96&d=mm&r=g","contentUrl":"https:\/\/secure.gravatar.com\/avatar\/a545bbb6f84efdd5553dbbc2895e3ca8f1d12c5215e00a041c9670b54aa9b18a?s=96&d=mm&r=g","caption":"MC"},"url":"https:\/\/www.webdo.tn\/fr\/actualite\/author\/mc\/"}]}},"_links":{"self":[{"href":"https:\/\/www.webdo.tn\/fr\/wp-json\/wp\/v2\/posts\/209506","targetHints":{"allow":["GET"]}}],"collection":[{"href":"https:\/\/www.webdo.tn\/fr\/wp-json\/wp\/v2\/posts"}],"about":[{"href":"https:\/\/www.webdo.tn\/fr\/wp-json\/wp\/v2\/types\/post"}],"author":[{"embeddable":true,"href":"https:\/\/www.webdo.tn\/fr\/wp-json\/wp\/v2\/users\/3162"}],"replies":[{"embeddable":true,"href":"https:\/\/www.webdo.tn\/fr\/wp-json\/wp\/v2\/comments?post=209506"}],"version-history":[{"count":0,"href":"https:\/\/www.webdo.tn\/fr\/wp-json\/wp\/v2\/posts\/209506\/revisions"}],"wp:featuredmedia":[{"embeddable":true,"href":"https:\/\/www.webdo.tn\/fr\/wp-json\/wp\/v2\/media\/278941"}],"wp:attachment":[{"href":"https:\/\/www.webdo.tn\/fr\/wp-json\/wp\/v2\/media?parent=209506"}],"wp:term":[{"taxonomy":"category","embeddable":true,"href":"https:\/\/www.webdo.tn\/fr\/wp-json\/wp\/v2\/categories?post=209506"},{"taxonomy":"post_tag","embeddable":true,"href":"https:\/\/www.webdo.tn\/fr\/wp-json\/wp\/v2\/tags?post=209506"}],"curies":[{"name":"wp","href":"https:\/\/api.w.org\/{rel}","templated":true}]}}