{"id":209500,"date":"2023-10-20T14:45:00","date_gmt":"2023-10-20T14:45:00","guid":{"rendered":"https:\/\/www.webdo.tn\/fr\/blog\/emploi-signature-d-une-convention-entre-la-tunisie-et-l-italie\/209500\/"},"modified":"2025-05-20T22:40:18","modified_gmt":"2025-05-20T22:40:18","slug":"emploi-signature-d-une-convention-entre-la-tunisie-et-l-italie","status":"publish","type":"post","link":"https:\/\/www.webdo.tn\/fr\/actualite\/national\/emploi-signature-d-une-convention-entre-la-tunisie-et-l-italie\/209500\/","title":{"rendered":"Emploi : Signature d\u2019une convention entre la Tunisie et l\u2019Italie"},"content":{"rendered":"<p>En visite officielle en Tunisie, le Vice-Premier Ministre et Ministre des Affaires \u00e9trang\u00e8res et de la Coop\u00e9ration internationale, italien Antonio Tajani, a sign\u00e9 aujourd&rsquo;hui \u00e0 Tunis un m\u00e9morandum d&rsquo;accord sur la migration r\u00e9guli\u00e8re.<\/p>\n<p>\t\t\t\t\t\t\t\t\tLa signature qui a eu lieu avec le chef de la diplomatie tunisienne Nabil Ammar porte notamment sur L&rsquo;accord de la cr\u00e9ation de nouveaux canaux de migration r\u00e9guli\u00e8re entre les deux pays.\u00a0<\/p>\n<p>Ainsi 4.000 travailleurs tunisiens qualifi\u00e9s peuvent avoir la possibilit\u00e9 d\u2019aller travailler en Italie r\u00e9guli\u00e8rement.\u00a0<\/p>\n<p>En effet, l\u2019Italie envisage d\u2019accueillir des milliers de travailleurs tunisiens dans diff\u00e9rents secteurs d\u2019activit\u00e9s.\u00a0<\/p>\n<p>Pour contrer la migration clandestine, l\u2019Italie a fait part de sa disposition \u00e0 accroitre la coop\u00e9ration avec la Tunisie dans le domaine de l\u2019emploi des comp\u00e9tences dans les diff\u00e9rents secteurs \u00e9conomiques.<\/p>\n<p>Les b\u00e9n\u00e9ficiaires \u00a0auront des formations en langue italienne. Ainsi qu\u2019en s\u00e9curit\u00e9 dans les chantiers. Le succ\u00e8s de ce projet pilote balisera la voie pour l\u2019emploi des milliers de tunisiens dans des entreprises italiennes, selon l\u2019ambassadeur.<\/p>\n","protected":false},"excerpt":{"rendered":"<p>En visite officielle en Tunisie, le Vice-Premier Ministre et Ministre des Affaires \u00e9trang\u00e8res et de la Coop\u00e9ration internationale, italien Antonio Tajani, a sig&#8230;<\/p>\n","protected":false},"author":3175,"featured_media":249028,"comment_status":"open","ping_status":"closed","sticky":false,"template":"","format":"standard","meta":{"footnotes":""},"categories":[44],"tags":[3049,2660,2615,2608],"class_list":["post-209500","post","type-post","status-publish","format-standard","has-post-thumbnail","hentry","category-national","tag-emploi","tag-italie","tag-migration","tag-tunisie"],"yoast_head":"<!-- This site is optimized with the Yoast SEO Premium plugin v27.4 (Yoast SEO v27.4) - https:\/\/yoast.com\/product\/yoast-seo-premium-wordpress\/ -->\n<title>Emploi : Signature d\u2019une convention entre la Tunisie et l\u2019Italie<\/title>\n<meta name=\"description\" content=\"En visite officielle en Tunisie, le Vice-Premier Ministre et Ministre des Affaires \u00e9trang\u00e8res et de la Coop\u00e9ration internationale, italien Antonio Tajani, a sig...\" \/>\n<link rel=\"canonical\" href=\"https:\/\/www.webdo.tn\/fr\/actualite\/national\/emploi-signature-d-une-convention-entre-la-tunisie-et-l-italie\/209500\/\" \/>\n<meta property=\"og:locale\" content=\"fr_FR\" \/>\n<meta property=\"og:type\" content=\"article\" \/>\n<meta property=\"og:title\" content=\"Emploi : Signature d\u2019une convention entre la Tunisie et l\u2019Italie\" \/>\n<meta property=\"og:description\" content=\"En visite officielle en Tunisie, le Vice-Premier Ministre et Ministre des Affaires \u00e9trang\u00e8res et de la Coop\u00e9ration internationale, italien Antonio Tajani, a sig...\" \/>\n<meta property=\"og:url\" content=\"https:\/\/www.webdo.tn\/fr\/actualite\/national\/emploi-signature-d-une-convention-entre-la-tunisie-et-l-italie\/209500\/\" \/>\n<meta property=\"og:site_name\" content=\"webdo\" \/>\n<meta property=\"article:publisher\" content=\"https:\/\/www.facebook.com\/webdotn\" \/>\n<meta property=\"article:published_time\" content=\"2023-10-20T14:45:00+00:00\" \/>\n<meta property=\"article:modified_time\" content=\"2025-05-20T22:40:18+00:00\" \/>\n<meta property=\"og:image\" content=\"https:\/\/www.webdo.tn\/fr\/wp-content\/uploads\/2023\/10\/2b94d537a3f6e95748d56e1939f9628a.jpg\" \/>\n\t<meta property=\"og:image:width\" content=\"750\" \/>\n\t<meta property=\"og:image:height\" content=\"400\" \/>\n\t<meta property=\"og:image:type\" content=\"image\/jpeg\" \/>\n<meta name=\"author\" content=\"CL\" \/>\n<meta name=\"twitter:card\" content=\"summary_large_image\" \/>\n<meta name=\"twitter:creator\" content=\"@webdo_tn\" \/>\n<meta name=\"twitter:site\" content=\"@webdo_tn\" \/>\n<meta name=\"twitter:label1\" content=\"\u00c9crit par\" \/>\n\t<meta name=\"twitter:data1\" content=\"CL\" \/>\n\t<meta name=\"twitter:label2\" content=\"Dur\u00e9e de lecture estim\u00e9e\" \/>\n\t<meta name=\"twitter:data2\" content=\"1 minute\" \/>\n<script type=\"application\/ld+json\" class=\"yoast-schema-graph\">{\"@context\":\"https:\\\/\\\/schema.org\",\"@graph\":[{\"@type\":\"NewsArticle\",\"@id\":\"https:\\\/\\\/www.webdo.tn\\\/fr\\\/actualite\\\/national\\\/emploi-signature-d-une-convention-entre-la-tunisie-et-l-italie\\\/209500\\\/#article\",\"isPartOf\":{\"@id\":\"https:\\\/\\\/www.webdo.tn\\\/fr\\\/actualite\\\/national\\\/emploi-signature-d-une-convention-entre-la-tunisie-et-l-italie\\\/209500\\\/\"},\"author\":{\"name\":\"CL\",\"@id\":\"https:\\\/\\\/www.webdo.tn\\\/fr\\\/#\\\/schema\\\/person\\\/f35b42a42c5e2511bbd282959d6385cc\"},\"headline\":\"Emploi : Signature d\u2019une convention entre la Tunisie et l\u2019Italie\",\"datePublished\":\"2023-10-20T14:45:00+00:00\",\"dateModified\":\"2025-05-20T22:40:18+00:00\",\"mainEntityOfPage\":{\"@id\":\"https:\\\/\\\/www.webdo.tn\\\/fr\\\/actualite\\\/national\\\/emploi-signature-d-une-convention-entre-la-tunisie-et-l-italie\\\/209500\\\/\"},\"wordCount\":199,\"commentCount\":0,\"publisher\":{\"@id\":\"https:\\\/\\\/www.webdo.tn\\\/fr\\\/#organization\"},\"image\":{\"@id\":\"https:\\\/\\\/www.webdo.tn\\\/fr\\\/actualite\\\/national\\\/emploi-signature-d-une-convention-entre-la-tunisie-et-l-italie\\\/209500\\\/#primaryimage\"},\"thumbnailUrl\":\"https:\\\/\\\/www.webdo.tn\\\/fr\\\/wp-content\\\/uploads\\\/2023\\\/10\\\/2b94d537a3f6e95748d56e1939f9628a.jpg\",\"keywords\":[\"emploi\",\"Italie\",\"Migration\",\"Tunisie\"],\"articleSection\":[\"National\"],\"inLanguage\":\"fr-FR\"},{\"@type\":\"WebPage\",\"@id\":\"https:\\\/\\\/www.webdo.tn\\\/fr\\\/actualite\\\/national\\\/emploi-signature-d-une-convention-entre-la-tunisie-et-l-italie\\\/209500\\\/\",\"url\":\"https:\\\/\\\/www.webdo.tn\\\/fr\\\/actualite\\\/national\\\/emploi-signature-d-une-convention-entre-la-tunisie-et-l-italie\\\/209500\\\/\",\"name\":\"Emploi : Signature d\u2019une convention entre la Tunisie et l\u2019Italie\",\"isPartOf\":{\"@id\":\"https:\\\/\\\/www.webdo.tn\\\/fr\\\/#website\"},\"primaryImageOfPage\":{\"@id\":\"https:\\\/\\\/www.webdo.tn\\\/fr\\\/actualite\\\/national\\\/emploi-signature-d-une-convention-entre-la-tunisie-et-l-italie\\\/209500\\\/#primaryimage\"},\"image\":{\"@id\":\"https:\\\/\\\/www.webdo.tn\\\/fr\\\/actualite\\\/national\\\/emploi-signature-d-une-convention-entre-la-tunisie-et-l-italie\\\/209500\\\/#primaryimage\"},\"thumbnailUrl\":\"https:\\\/\\\/www.webdo.tn\\\/fr\\\/wp-content\\\/uploads\\\/2023\\\/10\\\/2b94d537a3f6e95748d56e1939f9628a.jpg\",\"datePublished\":\"2023-10-20T14:45:00+00:00\",\"dateModified\":\"2025-05-20T22:40:18+00:00\",\"description\":\"En visite officielle en Tunisie, le Vice-Premier Ministre et Ministre des Affaires \u00e9trang\u00e8res et de la Coop\u00e9ration internationale, italien Antonio Tajani, a sig...\",\"breadcrumb\":{\"@id\":\"https:\\\/\\\/www.webdo.tn\\\/fr\\\/actualite\\\/national\\\/emploi-signature-d-une-convention-entre-la-tunisie-et-l-italie\\\/209500\\\/#breadcrumb\"},\"inLanguage\":\"fr-FR\",\"potentialAction\":[{\"@type\":\"ReadAction\",\"target\":[\"https:\\\/\\\/www.webdo.tn\\\/fr\\\/actualite\\\/national\\\/emploi-signature-d-une-convention-entre-la-tunisie-et-l-italie\\\/209500\\\/\"]}]},{\"@type\":\"ImageObject\",\"inLanguage\":\"fr-FR\",\"@id\":\"https:\\\/\\\/www.webdo.tn\\\/fr\\\/actualite\\\/national\\\/emploi-signature-d-une-convention-entre-la-tunisie-et-l-italie\\\/209500\\\/#primaryimage\",\"url\":\"https:\\\/\\\/www.webdo.tn\\\/fr\\\/wp-content\\\/uploads\\\/2023\\\/10\\\/2b94d537a3f6e95748d56e1939f9628a.jpg\",\"contentUrl\":\"https:\\\/\\\/www.webdo.tn\\\/fr\\\/wp-content\\\/uploads\\\/2023\\\/10\\\/2b94d537a3f6e95748d56e1939f9628a.jpg\",\"width\":750,\"height\":400,\"caption\":\"Emploi : Signature d\u2019une convention entre la Tunisie et l\u2019Italie\"},{\"@type\":\"BreadcrumbList\",\"@id\":\"https:\\\/\\\/www.webdo.tn\\\/fr\\\/actualite\\\/national\\\/emploi-signature-d-une-convention-entre-la-tunisie-et-l-italie\\\/209500\\\/#breadcrumb\",\"itemListElement\":[{\"@type\":\"ListItem\",\"position\":1,\"name\":\"Accueil\",\"item\":\"https:\\\/\\\/www.webdo.tn\\\/fr\\\/\"},{\"@type\":\"ListItem\",\"position\":2,\"name\":\"Emploi : Signature d\u2019une convention entre la Tunisie et l\u2019Italie\"}]},{\"@type\":\"WebSite\",\"@id\":\"https:\\\/\\\/www.webdo.tn\\\/fr\\\/#website\",\"url\":\"https:\\\/\\\/www.webdo.tn\\\/fr\\\/\",\"name\":\"webdo\",\"description\":\"Tunisie - News en Tunisie et \u00e0 l&#039;international sur Webdo.tn\",\"publisher\":{\"@id\":\"https:\\\/\\\/www.webdo.tn\\\/fr\\\/#organization\"},\"potentialAction\":[{\"@type\":\"SearchAction\",\"target\":{\"@type\":\"EntryPoint\",\"urlTemplate\":\"https:\\\/\\\/www.webdo.tn\\\/fr\\\/?s={search_term_string}\"},\"query-input\":{\"@type\":\"PropertyValueSpecification\",\"valueRequired\":true,\"valueName\":\"search_term_string\"}}],\"inLanguage\":\"fr-FR\"},{\"@type\":\"Organization\",\"@id\":\"https:\\\/\\\/www.webdo.tn\\\/fr\\\/#organization\",\"name\":\"Webdo\",\"alternateName\":\"Webdo.tn\",\"url\":\"https:\\\/\\\/www.webdo.tn\\\/fr\\\/\",\"logo\":{\"@type\":\"ImageObject\",\"inLanguage\":\"fr-FR\",\"@id\":\"https:\\\/\\\/www.webdo.tn\\\/fr\\\/#\\\/schema\\\/logo\\\/image\\\/\",\"url\":\"https:\\\/\\\/www.webdo.tn\\\/fr\\\/wp-content\\\/uploads\\\/2025\\\/06\\\/Webdo-Tunisie_168377.jpg\",\"contentUrl\":\"https:\\\/\\\/www.webdo.tn\\\/fr\\\/wp-content\\\/uploads\\\/2025\\\/06\\\/Webdo-Tunisie_168377.jpg\",\"width\":301,\"height\":301,\"caption\":\"Webdo\"},\"image\":{\"@id\":\"https:\\\/\\\/www.webdo.tn\\\/fr\\\/#\\\/schema\\\/logo\\\/image\\\/\"},\"sameAs\":[\"https:\\\/\\\/www.facebook.com\\\/webdotn\",\"https:\\\/\\\/x.com\\\/webdo_tn\"],\"description\":\"Webdo est un m\u00e9dia num\u00e9rique tunisien fond\u00e9 en 2010, sp\u00e9cialis\u00e9 dans l\u2019actualit\u00e9 nationale et internationale, l\u2019\u00e9conomie, la soci\u00e9t\u00e9 et les analyses politiques. Le site s\u2019adresse \u00e0 un large public francophone et couvre l\u2019information tunisienne en temps r\u00e9el.\",\"email\":\"redac@webdo.tn\",\"legalName\":\"YNJ SARL\",\"foundingDate\":\"2010-09-06\",\"numberOfEmployees\":{\"@type\":\"QuantitativeValue\",\"minValue\":\"11\",\"maxValue\":\"50\"}},{\"@type\":\"Person\",\"@id\":\"https:\\\/\\\/www.webdo.tn\\\/fr\\\/#\\\/schema\\\/person\\\/f35b42a42c5e2511bbd282959d6385cc\",\"name\":\"CL\",\"image\":{\"@type\":\"ImageObject\",\"inLanguage\":\"fr-FR\",\"@id\":\"https:\\\/\\\/secure.gravatar.com\\\/avatar\\\/1447a49909b67aa657c488aec6512e1dd6143a480c1ecfee9b5b5cd74eb3b59e?s=96&d=mm&r=g\",\"url\":\"https:\\\/\\\/secure.gravatar.com\\\/avatar\\\/1447a49909b67aa657c488aec6512e1dd6143a480c1ecfee9b5b5cd74eb3b59e?s=96&d=mm&r=g\",\"contentUrl\":\"https:\\\/\\\/secure.gravatar.com\\\/avatar\\\/1447a49909b67aa657c488aec6512e1dd6143a480c1ecfee9b5b5cd74eb3b59e?s=96&d=mm&r=g\",\"caption\":\"CL\"},\"url\":\"https:\\\/\\\/www.webdo.tn\\\/fr\\\/actualite\\\/author\\\/cl\\\/\"}]}<\/script>\n<!-- \/ Yoast SEO Premium plugin. -->","yoast_head_json":{"title":"Emploi : Signature d\u2019une convention entre la Tunisie et l\u2019Italie","description":"En visite officielle en Tunisie, le Vice-Premier Ministre et Ministre des Affaires \u00e9trang\u00e8res et de la Coop\u00e9ration internationale, italien Antonio Tajani, a sig...","canonical":"https:\/\/www.webdo.tn\/fr\/actualite\/national\/emploi-signature-d-une-convention-entre-la-tunisie-et-l-italie\/209500\/","og_locale":"fr_FR","og_type":"article","og_title":"Emploi : Signature d\u2019une convention entre la Tunisie et l\u2019Italie","og_description":"En visite officielle en Tunisie, le Vice-Premier Ministre et Ministre des Affaires \u00e9trang\u00e8res et de la Coop\u00e9ration internationale, italien Antonio Tajani, a sig...","og_url":"https:\/\/www.webdo.tn\/fr\/actualite\/national\/emploi-signature-d-une-convention-entre-la-tunisie-et-l-italie\/209500\/","og_site_name":"webdo","article_publisher":"https:\/\/www.facebook.com\/webdotn","article_published_time":"2023-10-20T14:45:00+00:00","article_modified_time":"2025-05-20T22:40:18+00:00","og_image":[{"width":750,"height":400,"url":"https:\/\/www.webdo.tn\/fr\/wp-content\/uploads\/2023\/10\/2b94d537a3f6e95748d56e1939f9628a.jpg","type":"image\/jpeg"}],"author":"CL","twitter_card":"summary_large_image","twitter_creator":"@webdo_tn","twitter_site":"@webdo_tn","twitter_misc":{"\u00c9crit par":"CL","Dur\u00e9e de lecture estim\u00e9e":"1 minute"},"schema":{"@context":"https:\/\/schema.org","@graph":[{"@type":"NewsArticle","@id":"https:\/\/www.webdo.tn\/fr\/actualite\/national\/emploi-signature-d-une-convention-entre-la-tunisie-et-l-italie\/209500\/#article","isPartOf":{"@id":"https:\/\/www.webdo.tn\/fr\/actualite\/national\/emploi-signature-d-une-convention-entre-la-tunisie-et-l-italie\/209500\/"},"author":{"name":"CL","@id":"https:\/\/www.webdo.tn\/fr\/#\/schema\/person\/f35b42a42c5e2511bbd282959d6385cc"},"headline":"Emploi : Signature d\u2019une convention entre la Tunisie et l\u2019Italie","datePublished":"2023-10-20T14:45:00+00:00","dateModified":"2025-05-20T22:40:18+00:00","mainEntityOfPage":{"@id":"https:\/\/www.webdo.tn\/fr\/actualite\/national\/emploi-signature-d-une-convention-entre-la-tunisie-et-l-italie\/209500\/"},"wordCount":199,"commentCount":0,"publisher":{"@id":"https:\/\/www.webdo.tn\/fr\/#organization"},"image":{"@id":"https:\/\/www.webdo.tn\/fr\/actualite\/national\/emploi-signature-d-une-convention-entre-la-tunisie-et-l-italie\/209500\/#primaryimage"},"thumbnailUrl":"https:\/\/www.webdo.tn\/fr\/wp-content\/uploads\/2023\/10\/2b94d537a3f6e95748d56e1939f9628a.jpg","keywords":["emploi","Italie","Migration","Tunisie"],"articleSection":["National"],"inLanguage":"fr-FR"},{"@type":"WebPage","@id":"https:\/\/www.webdo.tn\/fr\/actualite\/national\/emploi-signature-d-une-convention-entre-la-tunisie-et-l-italie\/209500\/","url":"https:\/\/www.webdo.tn\/fr\/actualite\/national\/emploi-signature-d-une-convention-entre-la-tunisie-et-l-italie\/209500\/","name":"Emploi : Signature d\u2019une convention entre la Tunisie et l\u2019Italie","isPartOf":{"@id":"https:\/\/www.webdo.tn\/fr\/#website"},"primaryImageOfPage":{"@id":"https:\/\/www.webdo.tn\/fr\/actualite\/national\/emploi-signature-d-une-convention-entre-la-tunisie-et-l-italie\/209500\/#primaryimage"},"image":{"@id":"https:\/\/www.webdo.tn\/fr\/actualite\/national\/emploi-signature-d-une-convention-entre-la-tunisie-et-l-italie\/209500\/#primaryimage"},"thumbnailUrl":"https:\/\/www.webdo.tn\/fr\/wp-content\/uploads\/2023\/10\/2b94d537a3f6e95748d56e1939f9628a.jpg","datePublished":"2023-10-20T14:45:00+00:00","dateModified":"2025-05-20T22:40:18+00:00","description":"En visite officielle en Tunisie, le Vice-Premier Ministre et Ministre des Affaires \u00e9trang\u00e8res et de la Coop\u00e9ration internationale, italien Antonio Tajani, a sig...","breadcrumb":{"@id":"https:\/\/www.webdo.tn\/fr\/actualite\/national\/emploi-signature-d-une-convention-entre-la-tunisie-et-l-italie\/209500\/#breadcrumb"},"inLanguage":"fr-FR","potentialAction":[{"@type":"ReadAction","target":["https:\/\/www.webdo.tn\/fr\/actualite\/national\/emploi-signature-d-une-convention-entre-la-tunisie-et-l-italie\/209500\/"]}]},{"@type":"ImageObject","inLanguage":"fr-FR","@id":"https:\/\/www.webdo.tn\/fr\/actualite\/national\/emploi-signature-d-une-convention-entre-la-tunisie-et-l-italie\/209500\/#primaryimage","url":"https:\/\/www.webdo.tn\/fr\/wp-content\/uploads\/2023\/10\/2b94d537a3f6e95748d56e1939f9628a.jpg","contentUrl":"https:\/\/www.webdo.tn\/fr\/wp-content\/uploads\/2023\/10\/2b94d537a3f6e95748d56e1939f9628a.jpg","width":750,"height":400,"caption":"Emploi : Signature d\u2019une convention entre la Tunisie et l\u2019Italie"},{"@type":"BreadcrumbList","@id":"https:\/\/www.webdo.tn\/fr\/actualite\/national\/emploi-signature-d-une-convention-entre-la-tunisie-et-l-italie\/209500\/#breadcrumb","itemListElement":[{"@type":"ListItem","position":1,"name":"Accueil","item":"https:\/\/www.webdo.tn\/fr\/"},{"@type":"ListItem","position":2,"name":"Emploi : Signature d\u2019une convention entre la Tunisie et l\u2019Italie"}]},{"@type":"WebSite","@id":"https:\/\/www.webdo.tn\/fr\/#website","url":"https:\/\/www.webdo.tn\/fr\/","name":"webdo","description":"Tunisie - News en Tunisie et \u00e0 l&#039;international sur Webdo.tn","publisher":{"@id":"https:\/\/www.webdo.tn\/fr\/#organization"},"potentialAction":[{"@type":"SearchAction","target":{"@type":"EntryPoint","urlTemplate":"https:\/\/www.webdo.tn\/fr\/?s={search_term_string}"},"query-input":{"@type":"PropertyValueSpecification","valueRequired":true,"valueName":"search_term_string"}}],"inLanguage":"fr-FR"},{"@type":"Organization","@id":"https:\/\/www.webdo.tn\/fr\/#organization","name":"Webdo","alternateName":"Webdo.tn","url":"https:\/\/www.webdo.tn\/fr\/","logo":{"@type":"ImageObject","inLanguage":"fr-FR","@id":"https:\/\/www.webdo.tn\/fr\/#\/schema\/logo\/image\/","url":"https:\/\/www.webdo.tn\/fr\/wp-content\/uploads\/2025\/06\/Webdo-Tunisie_168377.jpg","contentUrl":"https:\/\/www.webdo.tn\/fr\/wp-content\/uploads\/2025\/06\/Webdo-Tunisie_168377.jpg","width":301,"height":301,"caption":"Webdo"},"image":{"@id":"https:\/\/www.webdo.tn\/fr\/#\/schema\/logo\/image\/"},"sameAs":["https:\/\/www.facebook.com\/webdotn","https:\/\/x.com\/webdo_tn"],"description":"Webdo est un m\u00e9dia num\u00e9rique tunisien fond\u00e9 en 2010, sp\u00e9cialis\u00e9 dans l\u2019actualit\u00e9 nationale et internationale, l\u2019\u00e9conomie, la soci\u00e9t\u00e9 et les analyses politiques. Le site s\u2019adresse \u00e0 un large public francophone et couvre l\u2019information tunisienne en temps r\u00e9el.","email":"redac@webdo.tn","legalName":"YNJ SARL","foundingDate":"2010-09-06","numberOfEmployees":{"@type":"QuantitativeValue","minValue":"11","maxValue":"50"}},{"@type":"Person","@id":"https:\/\/www.webdo.tn\/fr\/#\/schema\/person\/f35b42a42c5e2511bbd282959d6385cc","name":"CL","image":{"@type":"ImageObject","inLanguage":"fr-FR","@id":"https:\/\/secure.gravatar.com\/avatar\/1447a49909b67aa657c488aec6512e1dd6143a480c1ecfee9b5b5cd74eb3b59e?s=96&d=mm&r=g","url":"https:\/\/secure.gravatar.com\/avatar\/1447a49909b67aa657c488aec6512e1dd6143a480c1ecfee9b5b5cd74eb3b59e?s=96&d=mm&r=g","contentUrl":"https:\/\/secure.gravatar.com\/avatar\/1447a49909b67aa657c488aec6512e1dd6143a480c1ecfee9b5b5cd74eb3b59e?s=96&d=mm&r=g","caption":"CL"},"url":"https:\/\/www.webdo.tn\/fr\/actualite\/author\/cl\/"}]}},"_links":{"self":[{"href":"https:\/\/www.webdo.tn\/fr\/wp-json\/wp\/v2\/posts\/209500","targetHints":{"allow":["GET"]}}],"collection":[{"href":"https:\/\/www.webdo.tn\/fr\/wp-json\/wp\/v2\/posts"}],"about":[{"href":"https:\/\/www.webdo.tn\/fr\/wp-json\/wp\/v2\/types\/post"}],"author":[{"embeddable":true,"href":"https:\/\/www.webdo.tn\/fr\/wp-json\/wp\/v2\/users\/3175"}],"replies":[{"embeddable":true,"href":"https:\/\/www.webdo.tn\/fr\/wp-json\/wp\/v2\/comments?post=209500"}],"version-history":[{"count":0,"href":"https:\/\/www.webdo.tn\/fr\/wp-json\/wp\/v2\/posts\/209500\/revisions"}],"wp:featuredmedia":[{"embeddable":true,"href":"https:\/\/www.webdo.tn\/fr\/wp-json\/wp\/v2\/media\/249028"}],"wp:attachment":[{"href":"https:\/\/www.webdo.tn\/fr\/wp-json\/wp\/v2\/media?parent=209500"}],"wp:term":[{"taxonomy":"category","embeddable":true,"href":"https:\/\/www.webdo.tn\/fr\/wp-json\/wp\/v2\/categories?post=209500"},{"taxonomy":"post_tag","embeddable":true,"href":"https:\/\/www.webdo.tn\/fr\/wp-json\/wp\/v2\/tags?post=209500"}],"curies":[{"name":"wp","href":"https:\/\/api.w.org\/{rel}","templated":true}]}}