{"id":209499,"date":"2023-10-20T14:21:00","date_gmt":"2023-10-20T14:21:00","guid":{"rendered":"https:\/\/www.webdo.tn\/fr\/blog\/plf-2024-vers-le-doublement-de-la-taxe-sur-les-billets-de-voyage-aerien-et-maritime\/209499\/"},"modified":"2025-05-20T22:40:16","modified_gmt":"2025-05-20T22:40:16","slug":"plf-2024-vers-le-doublement-de-la-taxe-sur-les-billets-de-voyage-aerien-et-maritime","status":"publish","type":"post","link":"https:\/\/www.webdo.tn\/fr\/actualite\/national\/plf-2024-vers-le-doublement-de-la-taxe-sur-les-billets-de-voyage-aerien-et-maritime\/209499\/","title":{"rendered":"PLF 2024 : Vers le doublement de la taxe sur les billets de voyage a\u00e9rien et maritime"},"content":{"rendered":"<p>En vue de consolider l\u2019\u00e9conomie verte et le d\u00e9veloppement durable et dans le cadre des d\u00e9marches mondiales de g\u00e9n\u00e9ralisation de la taxe carbone, l\u2019article 39 du PLF pr\u00e9voit de fournir des ressources fiscales suppl\u00e9mentaires au profit du Fonds de transition \u00e9nerg\u00e9tique (FTE) pour financer les op\u00e9rations de rationalisation de la consommation de l\u2019\u00e9nergie.<\/p>\n<p>\t\t\t\t\t\t\t\t\tIl s\u2019agit, \u00e9galement, d\u2019inciter \u00e0 l\u2019utilisation des \u00e9nergies alternatives ou renouvelables et de couvrir une partie des d\u00e9penses de subvention.<\/p>\n<p>La taxe sur les billets d\u2019avion devra passer de 20 dinars(D) \u00e0 40 D pour les billets en classe \u00e9conomique.<\/p>\n<p>De m\u00eame, la taxe sur les billets de bateaux progressera pour atteindre 60 D pour la premi\u00e8re classe et classe affaires.<\/p>\n<p>Le gouvernement a expliqu\u00e9 cette mesure par sa volont\u00e9 de pr\u00e9server l\u2019environnement et lutter contre les \u00e9missions de gaz \u00e0 effet de serre des avions et des navires, en k\u00e9ros\u00e8ne et autres hydrocarbures, et pour se conformer \u00e0 la d\u00e9marche internationale visant \u00e0 cr\u00e9er et \u00e0 g\u00e9n\u00e9raliser le droit sur le carbone de mani\u00e8re progressive.<\/p>\n","protected":false},"excerpt":{"rendered":"<p>Le PLF pr\u00e9voit de fournir des ressources fiscales suppl\u00e9mentaires au profit du Fonds de transition \u00e9nerg\u00e9tique (FTE) pour financer les op\u00e9rations de rationalisa&#8230;<\/p>\n","protected":false},"author":3175,"featured_media":249025,"comment_status":"open","ping_status":"closed","sticky":false,"template":"","format":"standard","meta":{"footnotes":""},"categories":[44],"tags":[3407,2608,4627],"class_list":["post-209499","post","type-post","status-publish","format-standard","has-post-thumbnail","hentry","category-national","tag-taxe","tag-tunisie","tag-voyage"],"yoast_head":"<!-- This site is optimized with the Yoast SEO Premium plugin v27.5 (Yoast SEO v27.5) - https:\/\/yoast.com\/product\/yoast-seo-premium-wordpress\/ -->\n<title>PLF 2024 : Vers le doublement de la taxe sur les billets de voyage a\u00e9rien et maritime<\/title>\n<meta name=\"description\" content=\"Le PLF pr\u00e9voit de fournir des ressources fiscales suppl\u00e9mentaires au profit du Fonds de transition \u00e9nerg\u00e9tique (FTE) pour financer les op\u00e9rations de rationalisa...\" \/>\n<link rel=\"canonical\" href=\"https:\/\/www.webdo.tn\/fr\/actualite\/national\/plf-2024-vers-le-doublement-de-la-taxe-sur-les-billets-de-voyage-aerien-et-maritime\/209499\/\" \/>\n<meta property=\"og:locale\" content=\"fr_FR\" \/>\n<meta property=\"og:type\" content=\"article\" \/>\n<meta property=\"og:title\" content=\"PLF 2024 : Vers le doublement de la taxe sur les billets de voyage a\u00e9rien et maritime\" \/>\n<meta property=\"og:description\" content=\"Le PLF pr\u00e9voit de fournir des ressources fiscales suppl\u00e9mentaires au profit du Fonds de transition \u00e9nerg\u00e9tique (FTE) pour financer les op\u00e9rations de rationalisa...\" \/>\n<meta property=\"og:url\" content=\"https:\/\/www.webdo.tn\/fr\/actualite\/national\/plf-2024-vers-le-doublement-de-la-taxe-sur-les-billets-de-voyage-aerien-et-maritime\/209499\/\" \/>\n<meta property=\"og:site_name\" content=\"webdo\" \/>\n<meta property=\"article:publisher\" content=\"https:\/\/www.facebook.com\/webdotn\" \/>\n<meta property=\"article:published_time\" content=\"2023-10-20T14:21:00+00:00\" \/>\n<meta property=\"article:modified_time\" content=\"2025-05-20T22:40:16+00:00\" \/>\n<meta property=\"og:image\" content=\"https:\/\/www.webdo.tn\/fr\/wp-content\/uploads\/2023\/10\/e207ccd996a6eab0d30ceb7e80f2517b.jpg\" \/>\n\t<meta property=\"og:image:width\" content=\"750\" \/>\n\t<meta property=\"og:image:height\" content=\"400\" \/>\n\t<meta property=\"og:image:type\" content=\"image\/jpeg\" \/>\n<meta name=\"author\" content=\"CL\" \/>\n<meta name=\"twitter:card\" content=\"summary_large_image\" \/>\n<meta name=\"twitter:creator\" content=\"@webdo_tn\" \/>\n<meta name=\"twitter:site\" content=\"@webdo_tn\" \/>\n<meta name=\"twitter:label1\" content=\"\u00c9crit par\" \/>\n\t<meta name=\"twitter:data1\" content=\"CL\" \/>\n\t<meta name=\"twitter:label2\" content=\"Dur\u00e9e de lecture estim\u00e9e\" \/>\n\t<meta name=\"twitter:data2\" content=\"1 minute\" \/>\n<script type=\"application\/ld+json\" class=\"yoast-schema-graph\">{\"@context\":\"https:\\\/\\\/schema.org\",\"@graph\":[{\"@type\":\"NewsArticle\",\"@id\":\"https:\\\/\\\/www.webdo.tn\\\/fr\\\/actualite\\\/national\\\/plf-2024-vers-le-doublement-de-la-taxe-sur-les-billets-de-voyage-aerien-et-maritime\\\/209499\\\/#article\",\"isPartOf\":{\"@id\":\"https:\\\/\\\/www.webdo.tn\\\/fr\\\/actualite\\\/national\\\/plf-2024-vers-le-doublement-de-la-taxe-sur-les-billets-de-voyage-aerien-et-maritime\\\/209499\\\/\"},\"author\":{\"name\":\"CL\",\"@id\":\"https:\\\/\\\/www.webdo.tn\\\/fr\\\/#\\\/schema\\\/person\\\/f35b42a42c5e2511bbd282959d6385cc\"},\"headline\":\"PLF 2024 : Vers le doublement de la taxe sur les billets de voyage a\u00e9rien et maritime\",\"datePublished\":\"2023-10-20T14:21:00+00:00\",\"dateModified\":\"2025-05-20T22:40:16+00:00\",\"mainEntityOfPage\":{\"@id\":\"https:\\\/\\\/www.webdo.tn\\\/fr\\\/actualite\\\/national\\\/plf-2024-vers-le-doublement-de-la-taxe-sur-les-billets-de-voyage-aerien-et-maritime\\\/209499\\\/\"},\"wordCount\":203,\"commentCount\":0,\"publisher\":{\"@id\":\"https:\\\/\\\/www.webdo.tn\\\/fr\\\/#organization\"},\"image\":{\"@id\":\"https:\\\/\\\/www.webdo.tn\\\/fr\\\/actualite\\\/national\\\/plf-2024-vers-le-doublement-de-la-taxe-sur-les-billets-de-voyage-aerien-et-maritime\\\/209499\\\/#primaryimage\"},\"thumbnailUrl\":\"https:\\\/\\\/www.webdo.tn\\\/fr\\\/wp-content\\\/uploads\\\/2023\\\/10\\\/e207ccd996a6eab0d30ceb7e80f2517b.jpg\",\"keywords\":[\"taxe\",\"Tunisie\",\"Voyage\"],\"articleSection\":[\"National\"],\"inLanguage\":\"fr-FR\"},{\"@type\":\"WebPage\",\"@id\":\"https:\\\/\\\/www.webdo.tn\\\/fr\\\/actualite\\\/national\\\/plf-2024-vers-le-doublement-de-la-taxe-sur-les-billets-de-voyage-aerien-et-maritime\\\/209499\\\/\",\"url\":\"https:\\\/\\\/www.webdo.tn\\\/fr\\\/actualite\\\/national\\\/plf-2024-vers-le-doublement-de-la-taxe-sur-les-billets-de-voyage-aerien-et-maritime\\\/209499\\\/\",\"name\":\"PLF 2024 : Vers le doublement de la taxe sur les billets de voyage a\u00e9rien et maritime\",\"isPartOf\":{\"@id\":\"https:\\\/\\\/www.webdo.tn\\\/fr\\\/#website\"},\"primaryImageOfPage\":{\"@id\":\"https:\\\/\\\/www.webdo.tn\\\/fr\\\/actualite\\\/national\\\/plf-2024-vers-le-doublement-de-la-taxe-sur-les-billets-de-voyage-aerien-et-maritime\\\/209499\\\/#primaryimage\"},\"image\":{\"@id\":\"https:\\\/\\\/www.webdo.tn\\\/fr\\\/actualite\\\/national\\\/plf-2024-vers-le-doublement-de-la-taxe-sur-les-billets-de-voyage-aerien-et-maritime\\\/209499\\\/#primaryimage\"},\"thumbnailUrl\":\"https:\\\/\\\/www.webdo.tn\\\/fr\\\/wp-content\\\/uploads\\\/2023\\\/10\\\/e207ccd996a6eab0d30ceb7e80f2517b.jpg\",\"datePublished\":\"2023-10-20T14:21:00+00:00\",\"dateModified\":\"2025-05-20T22:40:16+00:00\",\"description\":\"Le PLF pr\u00e9voit de fournir des ressources fiscales suppl\u00e9mentaires au profit du Fonds de transition \u00e9nerg\u00e9tique (FTE) pour financer les op\u00e9rations de rationalisa...\",\"breadcrumb\":{\"@id\":\"https:\\\/\\\/www.webdo.tn\\\/fr\\\/actualite\\\/national\\\/plf-2024-vers-le-doublement-de-la-taxe-sur-les-billets-de-voyage-aerien-et-maritime\\\/209499\\\/#breadcrumb\"},\"inLanguage\":\"fr-FR\",\"potentialAction\":[{\"@type\":\"ReadAction\",\"target\":[\"https:\\\/\\\/www.webdo.tn\\\/fr\\\/actualite\\\/national\\\/plf-2024-vers-le-doublement-de-la-taxe-sur-les-billets-de-voyage-aerien-et-maritime\\\/209499\\\/\"]}]},{\"@type\":\"ImageObject\",\"inLanguage\":\"fr-FR\",\"@id\":\"https:\\\/\\\/www.webdo.tn\\\/fr\\\/actualite\\\/national\\\/plf-2024-vers-le-doublement-de-la-taxe-sur-les-billets-de-voyage-aerien-et-maritime\\\/209499\\\/#primaryimage\",\"url\":\"https:\\\/\\\/www.webdo.tn\\\/fr\\\/wp-content\\\/uploads\\\/2023\\\/10\\\/e207ccd996a6eab0d30ceb7e80f2517b.jpg\",\"contentUrl\":\"https:\\\/\\\/www.webdo.tn\\\/fr\\\/wp-content\\\/uploads\\\/2023\\\/10\\\/e207ccd996a6eab0d30ceb7e80f2517b.jpg\",\"width\":750,\"height\":400,\"caption\":\"PLF 2024 : Vers le doublement de la taxe sur les billets de voyage a\u00e9rien et maritime\"},{\"@type\":\"BreadcrumbList\",\"@id\":\"https:\\\/\\\/www.webdo.tn\\\/fr\\\/actualite\\\/national\\\/plf-2024-vers-le-doublement-de-la-taxe-sur-les-billets-de-voyage-aerien-et-maritime\\\/209499\\\/#breadcrumb\",\"itemListElement\":[{\"@type\":\"ListItem\",\"position\":1,\"name\":\"Accueil\",\"item\":\"https:\\\/\\\/www.webdo.tn\\\/fr\\\/\"},{\"@type\":\"ListItem\",\"position\":2,\"name\":\"PLF 2024 : Vers le doublement de la taxe sur les billets de voyage a\u00e9rien et maritime\"}]},{\"@type\":\"WebSite\",\"@id\":\"https:\\\/\\\/www.webdo.tn\\\/fr\\\/#website\",\"url\":\"https:\\\/\\\/www.webdo.tn\\\/fr\\\/\",\"name\":\"webdo\",\"description\":\"Tunisie - News en Tunisie et \u00e0 l&#039;international sur Webdo.tn\",\"publisher\":{\"@id\":\"https:\\\/\\\/www.webdo.tn\\\/fr\\\/#organization\"},\"potentialAction\":[{\"@type\":\"SearchAction\",\"target\":{\"@type\":\"EntryPoint\",\"urlTemplate\":\"https:\\\/\\\/www.webdo.tn\\\/fr\\\/?s={search_term_string}\"},\"query-input\":{\"@type\":\"PropertyValueSpecification\",\"valueRequired\":true,\"valueName\":\"search_term_string\"}}],\"inLanguage\":\"fr-FR\"},{\"@type\":\"Organization\",\"@id\":\"https:\\\/\\\/www.webdo.tn\\\/fr\\\/#organization\",\"name\":\"Webdo\",\"alternateName\":\"Webdo.tn\",\"url\":\"https:\\\/\\\/www.webdo.tn\\\/fr\\\/\",\"logo\":{\"@type\":\"ImageObject\",\"inLanguage\":\"fr-FR\",\"@id\":\"https:\\\/\\\/www.webdo.tn\\\/fr\\\/#\\\/schema\\\/logo\\\/image\\\/\",\"url\":\"https:\\\/\\\/www.webdo.tn\\\/fr\\\/wp-content\\\/uploads\\\/2025\\\/06\\\/Webdo-Tunisie_168377.jpg\",\"contentUrl\":\"https:\\\/\\\/www.webdo.tn\\\/fr\\\/wp-content\\\/uploads\\\/2025\\\/06\\\/Webdo-Tunisie_168377.jpg\",\"width\":301,\"height\":301,\"caption\":\"Webdo\"},\"image\":{\"@id\":\"https:\\\/\\\/www.webdo.tn\\\/fr\\\/#\\\/schema\\\/logo\\\/image\\\/\"},\"sameAs\":[\"https:\\\/\\\/www.facebook.com\\\/webdotn\",\"https:\\\/\\\/x.com\\\/webdo_tn\"],\"description\":\"Webdo est un m\u00e9dia num\u00e9rique tunisien fond\u00e9 en 2010, sp\u00e9cialis\u00e9 dans l\u2019actualit\u00e9 nationale et internationale, l\u2019\u00e9conomie, la soci\u00e9t\u00e9 et les analyses politiques. Le site s\u2019adresse \u00e0 un large public francophone et couvre l\u2019information tunisienne en temps r\u00e9el.\",\"email\":\"redac@webdo.tn\",\"legalName\":\"YNJ SARL\",\"foundingDate\":\"2010-09-06\",\"numberOfEmployees\":{\"@type\":\"QuantitativeValue\",\"minValue\":\"11\",\"maxValue\":\"50\"}},{\"@type\":\"Person\",\"@id\":\"https:\\\/\\\/www.webdo.tn\\\/fr\\\/#\\\/schema\\\/person\\\/f35b42a42c5e2511bbd282959d6385cc\",\"name\":\"CL\",\"image\":{\"@type\":\"ImageObject\",\"inLanguage\":\"fr-FR\",\"@id\":\"https:\\\/\\\/secure.gravatar.com\\\/avatar\\\/1447a49909b67aa657c488aec6512e1dd6143a480c1ecfee9b5b5cd74eb3b59e?s=96&d=mm&r=g\",\"url\":\"https:\\\/\\\/secure.gravatar.com\\\/avatar\\\/1447a49909b67aa657c488aec6512e1dd6143a480c1ecfee9b5b5cd74eb3b59e?s=96&d=mm&r=g\",\"contentUrl\":\"https:\\\/\\\/secure.gravatar.com\\\/avatar\\\/1447a49909b67aa657c488aec6512e1dd6143a480c1ecfee9b5b5cd74eb3b59e?s=96&d=mm&r=g\",\"caption\":\"CL\"},\"url\":\"https:\\\/\\\/www.webdo.tn\\\/fr\\\/actualite\\\/author\\\/cl\\\/\"}]}<\/script>\n<!-- \/ Yoast SEO Premium plugin. -->","yoast_head_json":{"title":"PLF 2024 : Vers le doublement de la taxe sur les billets de voyage a\u00e9rien et maritime","description":"Le PLF pr\u00e9voit de fournir des ressources fiscales suppl\u00e9mentaires au profit du Fonds de transition \u00e9nerg\u00e9tique (FTE) pour financer les op\u00e9rations de rationalisa...","canonical":"https:\/\/www.webdo.tn\/fr\/actualite\/national\/plf-2024-vers-le-doublement-de-la-taxe-sur-les-billets-de-voyage-aerien-et-maritime\/209499\/","og_locale":"fr_FR","og_type":"article","og_title":"PLF 2024 : Vers le doublement de la taxe sur les billets de voyage a\u00e9rien et maritime","og_description":"Le PLF pr\u00e9voit de fournir des ressources fiscales suppl\u00e9mentaires au profit du Fonds de transition \u00e9nerg\u00e9tique (FTE) pour financer les op\u00e9rations de rationalisa...","og_url":"https:\/\/www.webdo.tn\/fr\/actualite\/national\/plf-2024-vers-le-doublement-de-la-taxe-sur-les-billets-de-voyage-aerien-et-maritime\/209499\/","og_site_name":"webdo","article_publisher":"https:\/\/www.facebook.com\/webdotn","article_published_time":"2023-10-20T14:21:00+00:00","article_modified_time":"2025-05-20T22:40:16+00:00","og_image":[{"width":750,"height":400,"url":"https:\/\/www.webdo.tn\/fr\/wp-content\/uploads\/2023\/10\/e207ccd996a6eab0d30ceb7e80f2517b.jpg","type":"image\/jpeg"}],"author":"CL","twitter_card":"summary_large_image","twitter_creator":"@webdo_tn","twitter_site":"@webdo_tn","twitter_misc":{"\u00c9crit par":"CL","Dur\u00e9e de lecture estim\u00e9e":"1 minute"},"schema":{"@context":"https:\/\/schema.org","@graph":[{"@type":"NewsArticle","@id":"https:\/\/www.webdo.tn\/fr\/actualite\/national\/plf-2024-vers-le-doublement-de-la-taxe-sur-les-billets-de-voyage-aerien-et-maritime\/209499\/#article","isPartOf":{"@id":"https:\/\/www.webdo.tn\/fr\/actualite\/national\/plf-2024-vers-le-doublement-de-la-taxe-sur-les-billets-de-voyage-aerien-et-maritime\/209499\/"},"author":{"name":"CL","@id":"https:\/\/www.webdo.tn\/fr\/#\/schema\/person\/f35b42a42c5e2511bbd282959d6385cc"},"headline":"PLF 2024 : Vers le doublement de la taxe sur les billets de voyage a\u00e9rien et maritime","datePublished":"2023-10-20T14:21:00+00:00","dateModified":"2025-05-20T22:40:16+00:00","mainEntityOfPage":{"@id":"https:\/\/www.webdo.tn\/fr\/actualite\/national\/plf-2024-vers-le-doublement-de-la-taxe-sur-les-billets-de-voyage-aerien-et-maritime\/209499\/"},"wordCount":203,"commentCount":0,"publisher":{"@id":"https:\/\/www.webdo.tn\/fr\/#organization"},"image":{"@id":"https:\/\/www.webdo.tn\/fr\/actualite\/national\/plf-2024-vers-le-doublement-de-la-taxe-sur-les-billets-de-voyage-aerien-et-maritime\/209499\/#primaryimage"},"thumbnailUrl":"https:\/\/www.webdo.tn\/fr\/wp-content\/uploads\/2023\/10\/e207ccd996a6eab0d30ceb7e80f2517b.jpg","keywords":["taxe","Tunisie","Voyage"],"articleSection":["National"],"inLanguage":"fr-FR"},{"@type":"WebPage","@id":"https:\/\/www.webdo.tn\/fr\/actualite\/national\/plf-2024-vers-le-doublement-de-la-taxe-sur-les-billets-de-voyage-aerien-et-maritime\/209499\/","url":"https:\/\/www.webdo.tn\/fr\/actualite\/national\/plf-2024-vers-le-doublement-de-la-taxe-sur-les-billets-de-voyage-aerien-et-maritime\/209499\/","name":"PLF 2024 : Vers le doublement de la taxe sur les billets de voyage a\u00e9rien et maritime","isPartOf":{"@id":"https:\/\/www.webdo.tn\/fr\/#website"},"primaryImageOfPage":{"@id":"https:\/\/www.webdo.tn\/fr\/actualite\/national\/plf-2024-vers-le-doublement-de-la-taxe-sur-les-billets-de-voyage-aerien-et-maritime\/209499\/#primaryimage"},"image":{"@id":"https:\/\/www.webdo.tn\/fr\/actualite\/national\/plf-2024-vers-le-doublement-de-la-taxe-sur-les-billets-de-voyage-aerien-et-maritime\/209499\/#primaryimage"},"thumbnailUrl":"https:\/\/www.webdo.tn\/fr\/wp-content\/uploads\/2023\/10\/e207ccd996a6eab0d30ceb7e80f2517b.jpg","datePublished":"2023-10-20T14:21:00+00:00","dateModified":"2025-05-20T22:40:16+00:00","description":"Le PLF pr\u00e9voit de fournir des ressources fiscales suppl\u00e9mentaires au profit du Fonds de transition \u00e9nerg\u00e9tique (FTE) pour financer les op\u00e9rations de rationalisa...","breadcrumb":{"@id":"https:\/\/www.webdo.tn\/fr\/actualite\/national\/plf-2024-vers-le-doublement-de-la-taxe-sur-les-billets-de-voyage-aerien-et-maritime\/209499\/#breadcrumb"},"inLanguage":"fr-FR","potentialAction":[{"@type":"ReadAction","target":["https:\/\/www.webdo.tn\/fr\/actualite\/national\/plf-2024-vers-le-doublement-de-la-taxe-sur-les-billets-de-voyage-aerien-et-maritime\/209499\/"]}]},{"@type":"ImageObject","inLanguage":"fr-FR","@id":"https:\/\/www.webdo.tn\/fr\/actualite\/national\/plf-2024-vers-le-doublement-de-la-taxe-sur-les-billets-de-voyage-aerien-et-maritime\/209499\/#primaryimage","url":"https:\/\/www.webdo.tn\/fr\/wp-content\/uploads\/2023\/10\/e207ccd996a6eab0d30ceb7e80f2517b.jpg","contentUrl":"https:\/\/www.webdo.tn\/fr\/wp-content\/uploads\/2023\/10\/e207ccd996a6eab0d30ceb7e80f2517b.jpg","width":750,"height":400,"caption":"PLF 2024 : Vers le doublement de la taxe sur les billets de voyage a\u00e9rien et maritime"},{"@type":"BreadcrumbList","@id":"https:\/\/www.webdo.tn\/fr\/actualite\/national\/plf-2024-vers-le-doublement-de-la-taxe-sur-les-billets-de-voyage-aerien-et-maritime\/209499\/#breadcrumb","itemListElement":[{"@type":"ListItem","position":1,"name":"Accueil","item":"https:\/\/www.webdo.tn\/fr\/"},{"@type":"ListItem","position":2,"name":"PLF 2024 : Vers le doublement de la taxe sur les billets de voyage a\u00e9rien et maritime"}]},{"@type":"WebSite","@id":"https:\/\/www.webdo.tn\/fr\/#website","url":"https:\/\/www.webdo.tn\/fr\/","name":"webdo","description":"Tunisie - News en Tunisie et \u00e0 l&#039;international sur Webdo.tn","publisher":{"@id":"https:\/\/www.webdo.tn\/fr\/#organization"},"potentialAction":[{"@type":"SearchAction","target":{"@type":"EntryPoint","urlTemplate":"https:\/\/www.webdo.tn\/fr\/?s={search_term_string}"},"query-input":{"@type":"PropertyValueSpecification","valueRequired":true,"valueName":"search_term_string"}}],"inLanguage":"fr-FR"},{"@type":"Organization","@id":"https:\/\/www.webdo.tn\/fr\/#organization","name":"Webdo","alternateName":"Webdo.tn","url":"https:\/\/www.webdo.tn\/fr\/","logo":{"@type":"ImageObject","inLanguage":"fr-FR","@id":"https:\/\/www.webdo.tn\/fr\/#\/schema\/logo\/image\/","url":"https:\/\/www.webdo.tn\/fr\/wp-content\/uploads\/2025\/06\/Webdo-Tunisie_168377.jpg","contentUrl":"https:\/\/www.webdo.tn\/fr\/wp-content\/uploads\/2025\/06\/Webdo-Tunisie_168377.jpg","width":301,"height":301,"caption":"Webdo"},"image":{"@id":"https:\/\/www.webdo.tn\/fr\/#\/schema\/logo\/image\/"},"sameAs":["https:\/\/www.facebook.com\/webdotn","https:\/\/x.com\/webdo_tn"],"description":"Webdo est un m\u00e9dia num\u00e9rique tunisien fond\u00e9 en 2010, sp\u00e9cialis\u00e9 dans l\u2019actualit\u00e9 nationale et internationale, l\u2019\u00e9conomie, la soci\u00e9t\u00e9 et les analyses politiques. Le site s\u2019adresse \u00e0 un large public francophone et couvre l\u2019information tunisienne en temps r\u00e9el.","email":"redac@webdo.tn","legalName":"YNJ SARL","foundingDate":"2010-09-06","numberOfEmployees":{"@type":"QuantitativeValue","minValue":"11","maxValue":"50"}},{"@type":"Person","@id":"https:\/\/www.webdo.tn\/fr\/#\/schema\/person\/f35b42a42c5e2511bbd282959d6385cc","name":"CL","image":{"@type":"ImageObject","inLanguage":"fr-FR","@id":"https:\/\/secure.gravatar.com\/avatar\/1447a49909b67aa657c488aec6512e1dd6143a480c1ecfee9b5b5cd74eb3b59e?s=96&d=mm&r=g","url":"https:\/\/secure.gravatar.com\/avatar\/1447a49909b67aa657c488aec6512e1dd6143a480c1ecfee9b5b5cd74eb3b59e?s=96&d=mm&r=g","contentUrl":"https:\/\/secure.gravatar.com\/avatar\/1447a49909b67aa657c488aec6512e1dd6143a480c1ecfee9b5b5cd74eb3b59e?s=96&d=mm&r=g","caption":"CL"},"url":"https:\/\/www.webdo.tn\/fr\/actualite\/author\/cl\/"}]}},"_links":{"self":[{"href":"https:\/\/www.webdo.tn\/fr\/wp-json\/wp\/v2\/posts\/209499","targetHints":{"allow":["GET"]}}],"collection":[{"href":"https:\/\/www.webdo.tn\/fr\/wp-json\/wp\/v2\/posts"}],"about":[{"href":"https:\/\/www.webdo.tn\/fr\/wp-json\/wp\/v2\/types\/post"}],"author":[{"embeddable":true,"href":"https:\/\/www.webdo.tn\/fr\/wp-json\/wp\/v2\/users\/3175"}],"replies":[{"embeddable":true,"href":"https:\/\/www.webdo.tn\/fr\/wp-json\/wp\/v2\/comments?post=209499"}],"version-history":[{"count":0,"href":"https:\/\/www.webdo.tn\/fr\/wp-json\/wp\/v2\/posts\/209499\/revisions"}],"wp:featuredmedia":[{"embeddable":true,"href":"https:\/\/www.webdo.tn\/fr\/wp-json\/wp\/v2\/media\/249025"}],"wp:attachment":[{"href":"https:\/\/www.webdo.tn\/fr\/wp-json\/wp\/v2\/media?parent=209499"}],"wp:term":[{"taxonomy":"category","embeddable":true,"href":"https:\/\/www.webdo.tn\/fr\/wp-json\/wp\/v2\/categories?post=209499"},{"taxonomy":"post_tag","embeddable":true,"href":"https:\/\/www.webdo.tn\/fr\/wp-json\/wp\/v2\/tags?post=209499"}],"curies":[{"name":"wp","href":"https:\/\/api.w.org\/{rel}","templated":true}]}}