{"id":209498,"date":"2023-10-20T14:20:00","date_gmt":"2023-10-20T14:20:00","guid":{"rendered":"https:\/\/www.webdo.tn\/fr\/blog\/tunisie-republique-tcheque-complementarite-dans-la-cooperation-economique\/209498\/"},"modified":"2023-10-20T14:20:00","modified_gmt":"2023-10-20T14:20:00","slug":"tunisie-republique-tcheque-complementarite-dans-la-cooperation-economique","status":"publish","type":"post","link":"https:\/\/www.webdo.tn\/fr\/actualite\/national\/tunisie-republique-tcheque-complementarite-dans-la-cooperation-economique\/209498\/","title":{"rendered":"Tunisie &#8211; R\u00e9publique Tch\u00e8que :  Compl\u00e9mentarit\u00e9 dans la coop\u00e9ration \u00e9conomique"},"content":{"rendered":"<p>La coop\u00e9ration \u00e9conomique entre la Tunisie et la R\u00e9publique Tch\u00e8que a connu une croissance au cours des derni\u00e8res ann\u00e9es. Les deux nations partagent un d\u00e9sir commun de renforcer leurs liens \u00e9conomiques.<\/p>\n<p>\t\t\t\t\t\t\t\t\tSecteur automobile &#8211; le moteur des \u00e9changes commerciales<\/p>\n<p>Selon le CEPEX, les \u00e9changes commerciaux entre la Tunisie et la R\u00e9publique Tch\u00e8que ne cessent de progresser. Les chiffres de la premi\u00e8re moiti\u00e9 de l&rsquo;ann\u00e9e 2023 d\u00e9montrent une croissance confirm\u00e9e des \u00e9changes pour un volume estim\u00e9 \u00e0 285,9 millions d\u2019euros seulement entre janvier et juillet, avec une balance commerciale toujours en faveur de la Tunisie. Ils sont domin\u00e9s essentiellement par le secteur des industries m\u00e9caniques et \u00e9lectriques. La Tunisie est le 3\u00e8me fournisseur africain de la R\u00e9publique Tch\u00e8que.<\/p>\n<p>Le point d\u2019orgue des \u00e9changes commerciaux reste incontestablement le constructeur tch\u00e8que Skoda Auto, retenue par le Groupe Volkswagen. La marque Skoda a rentr\u00e9 sur le march\u00e9 tunisien en 2015 avec les mod\u00e8les connus comme Fabia ou Octavia.\u00a0 Au fil des ann\u00e9es, la gamme Skoda s\u2019est \u00e9largie avec le Karoq, le Kodiaq et la Superb en premier lieu, puis la Scala et le Kamiq, et actuellement avec le nouveau-n\u00e9 de Skoda, le Kushaq.<\/p>\n<p>Ainsi, en 2022, la Tunisie a export\u00e9 l\u2019\u00e9quivalent de 126 millions de dinars de composantes m\u00e9caniques et \u00e9lectriques entrant dans le cadre de la fabrication des voitures vers la R\u00e9publique Tch\u00e8que (en progression de 63% par rapport \u00e0 2021) et a import\u00e9 l\u2019\u00e9quivalent de 94 millions de dinars de voitures (en progression de 80% par rapport \u00e0 2021) essentiellement en provenance de l\u2019usine Skoda.<\/p>\n<p>En choisissant de s\u2019approvisionner en Tunisie pour ses composantes mais aussi des \u00e9l\u00e9ments de recherche et d\u00e9veloppement entrant dans la fabrication de ses voitures, Skoda renforce sa contribution \u00e0 la cr\u00e9ation de valeur et d\u2019emplois en Tunisie.<\/p>\n<p>La diversification est renforcement des \u00e9changes<\/p>\n<p>C\u2019est dans ce contexte et afin de dynamiser les relations \u00e9conomiques entre les deux pays encore plus, que la cinqui\u00e8me session de la Commission \u00e9conomique mixte tuniso-tch\u00e8que s&rsquo;est tenue \u00e0 Prague les 25 et 26 septembre 2023 sous la pr\u00e9sidence du directeur g\u00e9n\u00e9ral de la coop\u00e9ration \u00e9conomique et commerciale au minist\u00e8re du Commerce et du d\u00e9veloppement des exportations, Lazhar Bennour et du directeur g\u00e9n\u00e9ral de l&rsquo;Union europ\u00e9enne et du Commerce ext\u00e9rieur au minist\u00e8re tch\u00e8que du Commerce et de l&rsquo;industrie, David Muller.<\/p>\n<p>Le but \u00e9tant d&rsquo;\u00e9voquer les pistes de d\u00e9veloppement du partenariat \u00e9conomique dans une logique gagnant-gagnant tout en soulignant l&rsquo;importance d&rsquo;identifier les secteurs pr\u00e9sentant un potentiel inexploit\u00e9. Il s\u2019agit de par ex. l\u2019agriculture, des \u00e9nergies et des mines, de l\u2019industrie, des eaux, aux c\u00f4t\u00e9s de l\u2019industrie automobile et du tourisme d\u00e9j\u00e0 actifs.<\/p>\n<p>Une coop\u00e9ration potentielle sur les march\u00e9s d&rsquo;Afrique et de Libye, la s\u00e9curit\u00e9 alimentaire et l\u2019am\u00e9lioration des conditions pour le commerce bilat\u00e9ral, \u00e9taient aussi au centre des discussions.<\/p>\n<p>Un Forum d&rsquo;affaires tuniso-tch\u00e8que a \u00e9t\u00e9 organis\u00e9, \u00e0 cette occasion, en \u00e9troite collaboration entre l\u2019Union de l\u2019industrie et transport de la R\u00e9publique tch\u00e8que, les deux minist\u00e8res du commerce tch\u00e8que et tunisien, l&rsquo;Ambassade de Tunisie \u00e0 Prague et de l\u2019Ambassade de la R\u00e9publique tch\u00e8que \u00e0 Tunis.<\/p>\n<p>Une s\u00e9ance de networking r\u00e9unissant les responsables institutionnels et une d\u00e9l\u00e9gation d\u2019hommes d\u2019affaires des deux pays op\u00e9rant dans divers secteurs d\u2019int\u00e9r\u00eats mutuels \u00e0 l&rsquo;instar du secteur agricole et agro-alimentaire, le secteur des IME, l\u2019\u00e9nergie, le textile, la technologie de l&rsquo;information et les services a \u00e9t\u00e9 organis\u00e9e au terme de ce Forum auquel a particip\u00e9 la Cheffe de la Repr\u00e9sentation commerciale du CEPEX \u00e0 Varsovie en Pologne, Raoudha Jerbi.<\/p>\n<p>Ces \u00e9v\u00e8nements suivent des missions d\u2019affaires tunisiennes comme celle de la CONECT International en d\u00e9cembre dernier, ou d\u2019autres missions sectorielles tch\u00e8ques en Tunisie.\u00a0 \u00a0<\/p>\n<p>Exploiter des atouts de la Tunisie<\/p>\n<p>L\u2019exemple des relations commerciales entre la Tunisie est la R\u00e9publique tch\u00e8que \u00e9voque un potentiel pour la Tunisie. D\u2019abord, la Tunisie s&rsquo;est positionn\u00e9e en tant que plaque tournante \u00e9conomique de tout le continent africain, offrant un acc\u00e8s aux march\u00e9s africains en croissance rapide.<\/p>\n<p>Il est aussi important de souligner, dans ce contexte, l\u2019importance du tissu industriel d\u00e9j\u00e0 pr\u00e9sente en Tunisie en ce qui concerne le secteur des industries m\u00e9caniques et \u00e9lectriques et la n\u00e9cessit\u00e9 de pr\u00e9server et encore d\u00e9velopper ses acquis.<\/p>\n<p>La Tunisie peut b\u00e9n\u00e9ficier, durant cette p\u00e9riode, de la forte transformation du secteur de l\u2019automobile en Europe, qui fait face \u00e0 de nombreux enjeux et d\u00e9fis dans le secteur de l\u2019industrie automobile, et qui consid\u00e8re particuli\u00e8rement la Tunisie comme \u00e9tant un site \u00e0 fort potentiel pour r\u00e9orienter leurs approvisionnements dans le cadre de la politique du \u00ab\u00a0nearshoring\u00a0\u00bb pour la conception et la fabrication de composants \u00e0 forte valeur ajout\u00e9e.<\/p>\n<p>Car si pour beaucoup, l\u2019importation de voitures est consid\u00e9r\u00e9e comme \u00e9tant un moyen de puiser dans les ressources de devises du pays, pour Skoda comme d\u2019autres constructeurs, bien au contraire, son apport au d\u00e9veloppement du pays et la cr\u00e9ation d\u2019emplois, sont notables en choisissant le site Tunisie pour ses \u00ab\u00a0Sourcing\u00a0\u00bb.<\/p>\n","protected":false},"excerpt":{"rendered":"<p>La coop\u00e9ration \u00e9conomique entre la Tunisie et la R\u00e9publique Tch\u00e8que a connu une croissance au cours des derni\u00e8res ann\u00e9es. Les deux nations partagent un d\u00e9sir co&#8230;<\/p>\n","protected":false},"author":3220,"featured_media":249024,"comment_status":"open","ping_status":"closed","sticky":false,"template":"","format":"standard","meta":{"footnotes":""},"categories":[44],"tags":[7714,2942,7337,2608],"class_list":["post-209498","post","type-post","status-publish","format-standard","has-post-thumbnail","hentry","category-national","tag-commission-economique-mixte","tag-republique-tcheque","tag-tchequie","tag-tunisie"],"yoast_head":"<!-- This site is optimized with the Yoast SEO Premium plugin v27.4 (Yoast SEO v27.5) - https:\/\/yoast.com\/product\/yoast-seo-premium-wordpress\/ -->\n<title>Tunisie - R\u00e9publique Tch\u00e8que : Compl\u00e9mentarit\u00e9 dans la coop\u00e9ration \u00e9conomique<\/title>\n<meta name=\"description\" content=\"La coop\u00e9ration \u00e9conomique entre la Tunisie et la R\u00e9publique Tch\u00e8que a connu une croissance au cours des derni\u00e8res ann\u00e9es. Les deux nations partagent un d\u00e9sir co...\" \/>\n<link rel=\"canonical\" href=\"https:\/\/www.webdo.tn\/fr\/actualite\/national\/tunisie-republique-tcheque-complementarite-dans-la-cooperation-economique\/209498\/\" \/>\n<meta property=\"og:locale\" content=\"fr_FR\" \/>\n<meta property=\"og:type\" content=\"article\" \/>\n<meta property=\"og:title\" content=\"Tunisie - R\u00e9publique Tch\u00e8que : Compl\u00e9mentarit\u00e9 dans la coop\u00e9ration \u00e9conomique\" \/>\n<meta property=\"og:description\" content=\"La coop\u00e9ration \u00e9conomique entre la Tunisie et la R\u00e9publique Tch\u00e8que a connu une croissance au cours des derni\u00e8res ann\u00e9es. Les deux nations partagent un d\u00e9sir co...\" \/>\n<meta property=\"og:url\" content=\"https:\/\/www.webdo.tn\/fr\/actualite\/national\/tunisie-republique-tcheque-complementarite-dans-la-cooperation-economique\/209498\/\" \/>\n<meta property=\"og:site_name\" content=\"webdo\" \/>\n<meta property=\"article:publisher\" content=\"https:\/\/www.facebook.com\/webdotn\" \/>\n<meta property=\"article:published_time\" content=\"2023-10-20T14:20:00+00:00\" \/>\n<meta property=\"og:image\" content=\"https:\/\/www.webdo.tn\/fr\/wp-content\/uploads\/2023\/10\/85e9a786db8c128da97144d57d5a65b2.jpg\" \/>\n\t<meta property=\"og:image:width\" content=\"750\" \/>\n\t<meta property=\"og:image:height\" content=\"400\" \/>\n\t<meta property=\"og:image:type\" content=\"image\/jpeg\" \/>\n<meta name=\"author\" content=\"MC et CL\" \/>\n<meta name=\"twitter:card\" content=\"summary_large_image\" \/>\n<meta name=\"twitter:creator\" content=\"@webdo_tn\" \/>\n<meta name=\"twitter:site\" content=\"@webdo_tn\" \/>\n<meta name=\"twitter:label1\" content=\"\u00c9crit par\" \/>\n\t<meta name=\"twitter:data1\" content=\"MC et CL\" \/>\n\t<meta name=\"twitter:label2\" content=\"Dur\u00e9e de lecture estim\u00e9e\" \/>\n\t<meta name=\"twitter:data2\" content=\"4 minutes\" \/>\n<script type=\"application\/ld+json\" class=\"yoast-schema-graph\">{\"@context\":\"https:\\\/\\\/schema.org\",\"@graph\":[{\"@type\":\"NewsArticle\",\"@id\":\"https:\\\/\\\/www.webdo.tn\\\/fr\\\/actualite\\\/national\\\/tunisie-republique-tcheque-complementarite-dans-la-cooperation-economique\\\/209498\\\/#article\",\"isPartOf\":{\"@id\":\"https:\\\/\\\/www.webdo.tn\\\/fr\\\/actualite\\\/national\\\/tunisie-republique-tcheque-complementarite-dans-la-cooperation-economique\\\/209498\\\/\"},\"author\":{\"name\":\"MC et CL\",\"@id\":\"https:\\\/\\\/www.webdo.tn\\\/fr\\\/#\\\/schema\\\/person\\\/fe52b6b22ac35778575e5792967feca9\"},\"headline\":\"Tunisie &#8211; R\u00e9publique Tch\u00e8que : Compl\u00e9mentarit\u00e9 dans la coop\u00e9ration \u00e9conomique\",\"datePublished\":\"2023-10-20T14:20:00+00:00\",\"mainEntityOfPage\":{\"@id\":\"https:\\\/\\\/www.webdo.tn\\\/fr\\\/actualite\\\/national\\\/tunisie-republique-tcheque-complementarite-dans-la-cooperation-economique\\\/209498\\\/\"},\"wordCount\":918,\"commentCount\":0,\"publisher\":{\"@id\":\"https:\\\/\\\/www.webdo.tn\\\/fr\\\/#organization\"},\"image\":{\"@id\":\"https:\\\/\\\/www.webdo.tn\\\/fr\\\/actualite\\\/national\\\/tunisie-republique-tcheque-complementarite-dans-la-cooperation-economique\\\/209498\\\/#primaryimage\"},\"thumbnailUrl\":\"https:\\\/\\\/www.webdo.tn\\\/fr\\\/wp-content\\\/uploads\\\/2023\\\/10\\\/85e9a786db8c128da97144d57d5a65b2.jpg\",\"keywords\":[\"Commission \u00e9conomique mixte\",\"R\u00e9publique tch\u00e9que\",\"tch\u00e9quie\",\"Tunisie\"],\"articleSection\":[\"National\"],\"inLanguage\":\"fr-FR\"},{\"@type\":\"WebPage\",\"@id\":\"https:\\\/\\\/www.webdo.tn\\\/fr\\\/actualite\\\/national\\\/tunisie-republique-tcheque-complementarite-dans-la-cooperation-economique\\\/209498\\\/\",\"url\":\"https:\\\/\\\/www.webdo.tn\\\/fr\\\/actualite\\\/national\\\/tunisie-republique-tcheque-complementarite-dans-la-cooperation-economique\\\/209498\\\/\",\"name\":\"Tunisie - R\u00e9publique Tch\u00e8que : Compl\u00e9mentarit\u00e9 dans la coop\u00e9ration \u00e9conomique\",\"isPartOf\":{\"@id\":\"https:\\\/\\\/www.webdo.tn\\\/fr\\\/#website\"},\"primaryImageOfPage\":{\"@id\":\"https:\\\/\\\/www.webdo.tn\\\/fr\\\/actualite\\\/national\\\/tunisie-republique-tcheque-complementarite-dans-la-cooperation-economique\\\/209498\\\/#primaryimage\"},\"image\":{\"@id\":\"https:\\\/\\\/www.webdo.tn\\\/fr\\\/actualite\\\/national\\\/tunisie-republique-tcheque-complementarite-dans-la-cooperation-economique\\\/209498\\\/#primaryimage\"},\"thumbnailUrl\":\"https:\\\/\\\/www.webdo.tn\\\/fr\\\/wp-content\\\/uploads\\\/2023\\\/10\\\/85e9a786db8c128da97144d57d5a65b2.jpg\",\"datePublished\":\"2023-10-20T14:20:00+00:00\",\"description\":\"La coop\u00e9ration \u00e9conomique entre la Tunisie et la R\u00e9publique Tch\u00e8que a connu une croissance au cours des derni\u00e8res ann\u00e9es. Les deux nations partagent un d\u00e9sir co...\",\"breadcrumb\":{\"@id\":\"https:\\\/\\\/www.webdo.tn\\\/fr\\\/actualite\\\/national\\\/tunisie-republique-tcheque-complementarite-dans-la-cooperation-economique\\\/209498\\\/#breadcrumb\"},\"inLanguage\":\"fr-FR\",\"potentialAction\":[{\"@type\":\"ReadAction\",\"target\":[\"https:\\\/\\\/www.webdo.tn\\\/fr\\\/actualite\\\/national\\\/tunisie-republique-tcheque-complementarite-dans-la-cooperation-economique\\\/209498\\\/\"]}]},{\"@type\":\"ImageObject\",\"inLanguage\":\"fr-FR\",\"@id\":\"https:\\\/\\\/www.webdo.tn\\\/fr\\\/actualite\\\/national\\\/tunisie-republique-tcheque-complementarite-dans-la-cooperation-economique\\\/209498\\\/#primaryimage\",\"url\":\"https:\\\/\\\/www.webdo.tn\\\/fr\\\/wp-content\\\/uploads\\\/2023\\\/10\\\/85e9a786db8c128da97144d57d5a65b2.jpg\",\"contentUrl\":\"https:\\\/\\\/www.webdo.tn\\\/fr\\\/wp-content\\\/uploads\\\/2023\\\/10\\\/85e9a786db8c128da97144d57d5a65b2.jpg\",\"width\":750,\"height\":400,\"caption\":\"Tunisie - R\u00e9publique Tch\u00e8que : Compl\u00e9mentarit\u00e9 dans la coop\u00e9ration \u00e9conomique\"},{\"@type\":\"BreadcrumbList\",\"@id\":\"https:\\\/\\\/www.webdo.tn\\\/fr\\\/actualite\\\/national\\\/tunisie-republique-tcheque-complementarite-dans-la-cooperation-economique\\\/209498\\\/#breadcrumb\",\"itemListElement\":[{\"@type\":\"ListItem\",\"position\":1,\"name\":\"Accueil\",\"item\":\"https:\\\/\\\/www.webdo.tn\\\/fr\\\/\"},{\"@type\":\"ListItem\",\"position\":2,\"name\":\"Tunisie &#8211; R\u00e9publique Tch\u00e8que : Compl\u00e9mentarit\u00e9 dans la coop\u00e9ration \u00e9conomique\"}]},{\"@type\":\"WebSite\",\"@id\":\"https:\\\/\\\/www.webdo.tn\\\/fr\\\/#website\",\"url\":\"https:\\\/\\\/www.webdo.tn\\\/fr\\\/\",\"name\":\"webdo\",\"description\":\"Tunisie - News en Tunisie et \u00e0 l&#039;international sur Webdo.tn\",\"publisher\":{\"@id\":\"https:\\\/\\\/www.webdo.tn\\\/fr\\\/#organization\"},\"potentialAction\":[{\"@type\":\"SearchAction\",\"target\":{\"@type\":\"EntryPoint\",\"urlTemplate\":\"https:\\\/\\\/www.webdo.tn\\\/fr\\\/?s={search_term_string}\"},\"query-input\":{\"@type\":\"PropertyValueSpecification\",\"valueRequired\":true,\"valueName\":\"search_term_string\"}}],\"inLanguage\":\"fr-FR\"},{\"@type\":\"Organization\",\"@id\":\"https:\\\/\\\/www.webdo.tn\\\/fr\\\/#organization\",\"name\":\"Webdo\",\"alternateName\":\"Webdo.tn\",\"url\":\"https:\\\/\\\/www.webdo.tn\\\/fr\\\/\",\"logo\":{\"@type\":\"ImageObject\",\"inLanguage\":\"fr-FR\",\"@id\":\"https:\\\/\\\/www.webdo.tn\\\/fr\\\/#\\\/schema\\\/logo\\\/image\\\/\",\"url\":\"https:\\\/\\\/www.webdo.tn\\\/fr\\\/wp-content\\\/uploads\\\/2025\\\/06\\\/Webdo-Tunisie_168377.jpg\",\"contentUrl\":\"https:\\\/\\\/www.webdo.tn\\\/fr\\\/wp-content\\\/uploads\\\/2025\\\/06\\\/Webdo-Tunisie_168377.jpg\",\"width\":301,\"height\":301,\"caption\":\"Webdo\"},\"image\":{\"@id\":\"https:\\\/\\\/www.webdo.tn\\\/fr\\\/#\\\/schema\\\/logo\\\/image\\\/\"},\"sameAs\":[\"https:\\\/\\\/www.facebook.com\\\/webdotn\",\"https:\\\/\\\/x.com\\\/webdo_tn\"],\"description\":\"Webdo est un m\u00e9dia num\u00e9rique tunisien fond\u00e9 en 2010, sp\u00e9cialis\u00e9 dans l\u2019actualit\u00e9 nationale et internationale, l\u2019\u00e9conomie, la soci\u00e9t\u00e9 et les analyses politiques. Le site s\u2019adresse \u00e0 un large public francophone et couvre l\u2019information tunisienne en temps r\u00e9el.\",\"email\":\"redac@webdo.tn\",\"legalName\":\"YNJ SARL\",\"foundingDate\":\"2010-09-06\",\"numberOfEmployees\":{\"@type\":\"QuantitativeValue\",\"minValue\":\"11\",\"maxValue\":\"50\"}},{\"@type\":\"Person\",\"@id\":\"https:\\\/\\\/www.webdo.tn\\\/fr\\\/#\\\/schema\\\/person\\\/fe52b6b22ac35778575e5792967feca9\",\"name\":\"MC et CL\",\"image\":{\"@type\":\"ImageObject\",\"inLanguage\":\"fr-FR\",\"@id\":\"https:\\\/\\\/secure.gravatar.com\\\/avatar\\\/6a28b1a8cacc71c65f6dca9a5f11a06eec1b5e438f9d6484ae1543587e01f50c?s=96&d=mm&r=g\",\"url\":\"https:\\\/\\\/secure.gravatar.com\\\/avatar\\\/6a28b1a8cacc71c65f6dca9a5f11a06eec1b5e438f9d6484ae1543587e01f50c?s=96&d=mm&r=g\",\"contentUrl\":\"https:\\\/\\\/secure.gravatar.com\\\/avatar\\\/6a28b1a8cacc71c65f6dca9a5f11a06eec1b5e438f9d6484ae1543587e01f50c?s=96&d=mm&r=g\",\"caption\":\"MC et CL\"},\"url\":\"https:\\\/\\\/www.webdo.tn\\\/fr\\\/actualite\\\/author\\\/mc-et-cl\\\/\"}]}<\/script>\n<!-- \/ Yoast SEO Premium plugin. -->","yoast_head_json":{"title":"Tunisie - R\u00e9publique Tch\u00e8que : Compl\u00e9mentarit\u00e9 dans la coop\u00e9ration \u00e9conomique","description":"La coop\u00e9ration \u00e9conomique entre la Tunisie et la R\u00e9publique Tch\u00e8que a connu une croissance au cours des derni\u00e8res ann\u00e9es. Les deux nations partagent un d\u00e9sir co...","canonical":"https:\/\/www.webdo.tn\/fr\/actualite\/national\/tunisie-republique-tcheque-complementarite-dans-la-cooperation-economique\/209498\/","og_locale":"fr_FR","og_type":"article","og_title":"Tunisie - R\u00e9publique Tch\u00e8que : Compl\u00e9mentarit\u00e9 dans la coop\u00e9ration \u00e9conomique","og_description":"La coop\u00e9ration \u00e9conomique entre la Tunisie et la R\u00e9publique Tch\u00e8que a connu une croissance au cours des derni\u00e8res ann\u00e9es. Les deux nations partagent un d\u00e9sir co...","og_url":"https:\/\/www.webdo.tn\/fr\/actualite\/national\/tunisie-republique-tcheque-complementarite-dans-la-cooperation-economique\/209498\/","og_site_name":"webdo","article_publisher":"https:\/\/www.facebook.com\/webdotn","article_published_time":"2023-10-20T14:20:00+00:00","og_image":[{"width":750,"height":400,"url":"https:\/\/www.webdo.tn\/fr\/wp-content\/uploads\/2023\/10\/85e9a786db8c128da97144d57d5a65b2.jpg","type":"image\/jpeg"}],"author":"MC et CL","twitter_card":"summary_large_image","twitter_creator":"@webdo_tn","twitter_site":"@webdo_tn","twitter_misc":{"\u00c9crit par":"MC et CL","Dur\u00e9e de lecture estim\u00e9e":"4 minutes"},"schema":{"@context":"https:\/\/schema.org","@graph":[{"@type":"NewsArticle","@id":"https:\/\/www.webdo.tn\/fr\/actualite\/national\/tunisie-republique-tcheque-complementarite-dans-la-cooperation-economique\/209498\/#article","isPartOf":{"@id":"https:\/\/www.webdo.tn\/fr\/actualite\/national\/tunisie-republique-tcheque-complementarite-dans-la-cooperation-economique\/209498\/"},"author":{"name":"MC et CL","@id":"https:\/\/www.webdo.tn\/fr\/#\/schema\/person\/fe52b6b22ac35778575e5792967feca9"},"headline":"Tunisie &#8211; R\u00e9publique Tch\u00e8que : Compl\u00e9mentarit\u00e9 dans la coop\u00e9ration \u00e9conomique","datePublished":"2023-10-20T14:20:00+00:00","mainEntityOfPage":{"@id":"https:\/\/www.webdo.tn\/fr\/actualite\/national\/tunisie-republique-tcheque-complementarite-dans-la-cooperation-economique\/209498\/"},"wordCount":918,"commentCount":0,"publisher":{"@id":"https:\/\/www.webdo.tn\/fr\/#organization"},"image":{"@id":"https:\/\/www.webdo.tn\/fr\/actualite\/national\/tunisie-republique-tcheque-complementarite-dans-la-cooperation-economique\/209498\/#primaryimage"},"thumbnailUrl":"https:\/\/www.webdo.tn\/fr\/wp-content\/uploads\/2023\/10\/85e9a786db8c128da97144d57d5a65b2.jpg","keywords":["Commission \u00e9conomique mixte","R\u00e9publique tch\u00e9que","tch\u00e9quie","Tunisie"],"articleSection":["National"],"inLanguage":"fr-FR"},{"@type":"WebPage","@id":"https:\/\/www.webdo.tn\/fr\/actualite\/national\/tunisie-republique-tcheque-complementarite-dans-la-cooperation-economique\/209498\/","url":"https:\/\/www.webdo.tn\/fr\/actualite\/national\/tunisie-republique-tcheque-complementarite-dans-la-cooperation-economique\/209498\/","name":"Tunisie - R\u00e9publique Tch\u00e8que : Compl\u00e9mentarit\u00e9 dans la coop\u00e9ration \u00e9conomique","isPartOf":{"@id":"https:\/\/www.webdo.tn\/fr\/#website"},"primaryImageOfPage":{"@id":"https:\/\/www.webdo.tn\/fr\/actualite\/national\/tunisie-republique-tcheque-complementarite-dans-la-cooperation-economique\/209498\/#primaryimage"},"image":{"@id":"https:\/\/www.webdo.tn\/fr\/actualite\/national\/tunisie-republique-tcheque-complementarite-dans-la-cooperation-economique\/209498\/#primaryimage"},"thumbnailUrl":"https:\/\/www.webdo.tn\/fr\/wp-content\/uploads\/2023\/10\/85e9a786db8c128da97144d57d5a65b2.jpg","datePublished":"2023-10-20T14:20:00+00:00","description":"La coop\u00e9ration \u00e9conomique entre la Tunisie et la R\u00e9publique Tch\u00e8que a connu une croissance au cours des derni\u00e8res ann\u00e9es. Les deux nations partagent un d\u00e9sir co...","breadcrumb":{"@id":"https:\/\/www.webdo.tn\/fr\/actualite\/national\/tunisie-republique-tcheque-complementarite-dans-la-cooperation-economique\/209498\/#breadcrumb"},"inLanguage":"fr-FR","potentialAction":[{"@type":"ReadAction","target":["https:\/\/www.webdo.tn\/fr\/actualite\/national\/tunisie-republique-tcheque-complementarite-dans-la-cooperation-economique\/209498\/"]}]},{"@type":"ImageObject","inLanguage":"fr-FR","@id":"https:\/\/www.webdo.tn\/fr\/actualite\/national\/tunisie-republique-tcheque-complementarite-dans-la-cooperation-economique\/209498\/#primaryimage","url":"https:\/\/www.webdo.tn\/fr\/wp-content\/uploads\/2023\/10\/85e9a786db8c128da97144d57d5a65b2.jpg","contentUrl":"https:\/\/www.webdo.tn\/fr\/wp-content\/uploads\/2023\/10\/85e9a786db8c128da97144d57d5a65b2.jpg","width":750,"height":400,"caption":"Tunisie - R\u00e9publique Tch\u00e8que : Compl\u00e9mentarit\u00e9 dans la coop\u00e9ration \u00e9conomique"},{"@type":"BreadcrumbList","@id":"https:\/\/www.webdo.tn\/fr\/actualite\/national\/tunisie-republique-tcheque-complementarite-dans-la-cooperation-economique\/209498\/#breadcrumb","itemListElement":[{"@type":"ListItem","position":1,"name":"Accueil","item":"https:\/\/www.webdo.tn\/fr\/"},{"@type":"ListItem","position":2,"name":"Tunisie &#8211; R\u00e9publique Tch\u00e8que : Compl\u00e9mentarit\u00e9 dans la coop\u00e9ration \u00e9conomique"}]},{"@type":"WebSite","@id":"https:\/\/www.webdo.tn\/fr\/#website","url":"https:\/\/www.webdo.tn\/fr\/","name":"webdo","description":"Tunisie - News en Tunisie et \u00e0 l&#039;international sur Webdo.tn","publisher":{"@id":"https:\/\/www.webdo.tn\/fr\/#organization"},"potentialAction":[{"@type":"SearchAction","target":{"@type":"EntryPoint","urlTemplate":"https:\/\/www.webdo.tn\/fr\/?s={search_term_string}"},"query-input":{"@type":"PropertyValueSpecification","valueRequired":true,"valueName":"search_term_string"}}],"inLanguage":"fr-FR"},{"@type":"Organization","@id":"https:\/\/www.webdo.tn\/fr\/#organization","name":"Webdo","alternateName":"Webdo.tn","url":"https:\/\/www.webdo.tn\/fr\/","logo":{"@type":"ImageObject","inLanguage":"fr-FR","@id":"https:\/\/www.webdo.tn\/fr\/#\/schema\/logo\/image\/","url":"https:\/\/www.webdo.tn\/fr\/wp-content\/uploads\/2025\/06\/Webdo-Tunisie_168377.jpg","contentUrl":"https:\/\/www.webdo.tn\/fr\/wp-content\/uploads\/2025\/06\/Webdo-Tunisie_168377.jpg","width":301,"height":301,"caption":"Webdo"},"image":{"@id":"https:\/\/www.webdo.tn\/fr\/#\/schema\/logo\/image\/"},"sameAs":["https:\/\/www.facebook.com\/webdotn","https:\/\/x.com\/webdo_tn"],"description":"Webdo est un m\u00e9dia num\u00e9rique tunisien fond\u00e9 en 2010, sp\u00e9cialis\u00e9 dans l\u2019actualit\u00e9 nationale et internationale, l\u2019\u00e9conomie, la soci\u00e9t\u00e9 et les analyses politiques. Le site s\u2019adresse \u00e0 un large public francophone et couvre l\u2019information tunisienne en temps r\u00e9el.","email":"redac@webdo.tn","legalName":"YNJ SARL","foundingDate":"2010-09-06","numberOfEmployees":{"@type":"QuantitativeValue","minValue":"11","maxValue":"50"}},{"@type":"Person","@id":"https:\/\/www.webdo.tn\/fr\/#\/schema\/person\/fe52b6b22ac35778575e5792967feca9","name":"MC et CL","image":{"@type":"ImageObject","inLanguage":"fr-FR","@id":"https:\/\/secure.gravatar.com\/avatar\/6a28b1a8cacc71c65f6dca9a5f11a06eec1b5e438f9d6484ae1543587e01f50c?s=96&d=mm&r=g","url":"https:\/\/secure.gravatar.com\/avatar\/6a28b1a8cacc71c65f6dca9a5f11a06eec1b5e438f9d6484ae1543587e01f50c?s=96&d=mm&r=g","contentUrl":"https:\/\/secure.gravatar.com\/avatar\/6a28b1a8cacc71c65f6dca9a5f11a06eec1b5e438f9d6484ae1543587e01f50c?s=96&d=mm&r=g","caption":"MC et CL"},"url":"https:\/\/www.webdo.tn\/fr\/actualite\/author\/mc-et-cl\/"}]}},"_links":{"self":[{"href":"https:\/\/www.webdo.tn\/fr\/wp-json\/wp\/v2\/posts\/209498","targetHints":{"allow":["GET"]}}],"collection":[{"href":"https:\/\/www.webdo.tn\/fr\/wp-json\/wp\/v2\/posts"}],"about":[{"href":"https:\/\/www.webdo.tn\/fr\/wp-json\/wp\/v2\/types\/post"}],"author":[{"embeddable":true,"href":"https:\/\/www.webdo.tn\/fr\/wp-json\/wp\/v2\/users\/3220"}],"replies":[{"embeddable":true,"href":"https:\/\/www.webdo.tn\/fr\/wp-json\/wp\/v2\/comments?post=209498"}],"version-history":[{"count":0,"href":"https:\/\/www.webdo.tn\/fr\/wp-json\/wp\/v2\/posts\/209498\/revisions"}],"wp:featuredmedia":[{"embeddable":true,"href":"https:\/\/www.webdo.tn\/fr\/wp-json\/wp\/v2\/media\/249024"}],"wp:attachment":[{"href":"https:\/\/www.webdo.tn\/fr\/wp-json\/wp\/v2\/media?parent=209498"}],"wp:term":[{"taxonomy":"category","embeddable":true,"href":"https:\/\/www.webdo.tn\/fr\/wp-json\/wp\/v2\/categories?post=209498"},{"taxonomy":"post_tag","embeddable":true,"href":"https:\/\/www.webdo.tn\/fr\/wp-json\/wp\/v2\/tags?post=209498"}],"curies":[{"name":"wp","href":"https:\/\/api.w.org\/{rel}","templated":true}]}}