{"id":209492,"date":"2023-10-20T11:57:00","date_gmt":"2023-10-20T11:57:00","guid":{"rendered":"https:\/\/www.webdo.tn\/fr\/blog\/report-du-festival-du-film-d-el-gouna-en-consideration-des-evenements-tragiques-a-gaza\/209492\/"},"modified":"2025-05-21T08:56:22","modified_gmt":"2025-05-21T08:56:22","slug":"report-du-festival-du-film-d-el-gouna-en-consideration-des-evenements-tragiques-a-gaza","status":"publish","type":"post","link":"https:\/\/www.webdo.tn\/fr\/actualite\/culture\/report-du-festival-du-film-d-el-gouna-en-consideration-des-evenements-tragiques-a-gaza\/209492\/","title":{"rendered":"Report du Festival du Film d&rsquo;El Gouna en consid\u00e9ration des \u00e9v\u00e9nements tragiques \u00e0 Gaza"},"content":{"rendered":"<div class=\"single-body entry-content typography-copy\" itemprop=\"articleBody\">\n<p style=\"font-weight: bold; text-align: justify\">\n\t\t\t\t\t\t\t\t\tReport du Festival du Film d&rsquo;El Gouna en consid\u00e9ration des \u00e9v\u00e9nements tragiques \u00e0 Gaza\n\t\t\t\t\t\t\t\t<\/p>\n<div class=\"coprs\" style=\"text-align: center\"><\/div>\n<div class=\"coprs\" style=\"text-align: justify\">\n<p><span>Compte tenu des circonstances profond\u00e9ment pr\u00e9occupantes pr\u00e9valant \u00e0 Gaza, la direction du Festival du Film d&rsquo;El Gouna (GFF) a pris la d\u00e9cision r\u00e9fl\u00e9chie\u00a0de reporter encore la prochaine sixi\u00e8me \u00e9dition du festival, <a href=\"https:\/\/www.webdo.tn\/fr\/actualite\/culture\/le-festival-du-film-d-el-gouna-est-de-retour\/203222\">qui \u00e9tait pr\u00e9vue du 13 au 20 octobre<\/a>, et ensuite <a href=\"https:\/\/www.webdo.tn\/fr\/actualite\/culture\/le-festival-du-film-d-el-gouna-reporte\/209233\">repouss\u00e9e\u00a0une premi\u00e8re fois du 27 octobre au 2 novembre 2023.\u00a0<\/a><\/span><\/p>\n<p><span>Une somme\u00a0de 5 millions de livres \u00e9gyptiennes a \u00e9t\u00e9 donn\u00e9e pour renforcer la crise humanitaire en cours \u00e0 Gaza, en partenariat avec la Fondation Sawiris pour le D\u00e9veloppement Social et la Soci\u00e9t\u00e9 du Croissant-Rouge \u00e9gyptien. <\/span><\/p>\n<p><span>Ces mesures r\u00e9sonnent profond\u00e9ment avec l&rsquo;esprit de solidarit\u00e9 exprim\u00e9 par l&rsquo;administration du Festival du Film d&rsquo;El Gouna envers le peuple palestinien et la population civile de Gaza. <\/span><\/p>\n<p><span>Depuis sa cr\u00e9ation, le Festival du Film d&rsquo;El Gouna a adopt\u00e9 le principe du \u00ab\u00a0Cin\u00e9ma pour l&rsquo;Humanit\u00e9\u00a0\u00bb comme croyance fondamentale renfor\u00e7ant toutes les valeurs de compr\u00e9hension humanitaire. <\/span><\/p>\n<p><span>La direction du GFF aspire \u00e0 la reprise de la 6e \u00e9dition lorsque la situation se stabilisera dans les territoires palestiniens.<\/span><\/p>\n<p><span>Communiqu\u00e9.<\/span><\/p>\n<\/p><\/div>\n<div class=\"coprs\" style=\"text-align: center\"><\/div><\/div>\n","protected":false},"excerpt":{"rendered":"<p>Report du Festival du Film d&rsquo;El Gouna en consid\u00e9ration des \u00e9v\u00e9nements tragiques \u00e0 Gaza<\/p>\n","protected":false},"author":3164,"featured_media":249021,"comment_status":"open","ping_status":"closed","sticky":false,"template":"","format":"standard","meta":{"footnotes":""},"categories":[2594],"tags":[6648,7281,3258,3259,7280],"class_list":["post-209492","post","type-post","status-publish","format-standard","has-post-thumbnail","hentry","category-culture","tag-el-gouna","tag-el-gouna-2023","tag-festival-du-film-del-gouna","tag-gff","tag-gff-2023"],"yoast_head":"<!-- This site is optimized with the Yoast SEO Premium plugin v27.5 (Yoast SEO v27.5) - https:\/\/yoast.com\/product\/yoast-seo-premium-wordpress\/ -->\n<title>Report du Festival du Film d&#039;El Gouna en consid\u00e9ration des \u00e9v\u00e9nements tragiques \u00e0 Gaza<\/title>\n<meta name=\"description\" content=\"Report du Festival du Film d&#039;El Gouna en consid\u00e9ration des \u00e9v\u00e9nements tragiques \u00e0 Gaza\" \/>\n<link rel=\"canonical\" href=\"https:\/\/www.webdo.tn\/fr\/actualite\/culture\/report-du-festival-du-film-d-el-gouna-en-consideration-des-evenements-tragiques-a-gaza\/209492\/\" \/>\n<meta property=\"og:locale\" content=\"fr_FR\" \/>\n<meta property=\"og:type\" content=\"article\" \/>\n<meta property=\"og:title\" content=\"Report du Festival du Film d&#039;El Gouna en consid\u00e9ration des \u00e9v\u00e9nements tragiques \u00e0 Gaza\" \/>\n<meta property=\"og:description\" content=\"Report du Festival du Film d&#039;El Gouna en consid\u00e9ration des \u00e9v\u00e9nements tragiques \u00e0 Gaza\" \/>\n<meta property=\"og:url\" content=\"https:\/\/www.webdo.tn\/fr\/actualite\/culture\/report-du-festival-du-film-d-el-gouna-en-consideration-des-evenements-tragiques-a-gaza\/209492\/\" \/>\n<meta property=\"og:site_name\" content=\"webdo\" \/>\n<meta property=\"article:publisher\" content=\"https:\/\/www.facebook.com\/webdotn\" \/>\n<meta property=\"article:author\" content=\"https:\/\/www.facebook.com\/massir.destiniii\/\" \/>\n<meta property=\"article:published_time\" content=\"2023-10-20T11:57:00+00:00\" \/>\n<meta property=\"article:modified_time\" content=\"2025-05-21T08:56:22+00:00\" \/>\n<meta property=\"og:image\" content=\"https:\/\/www.webdo.tn\/fr\/wp-content\/uploads\/2023\/10\/dc76bf95b5668901417eb92a03e4e93f.jpeg\" \/>\n\t<meta property=\"og:image:width\" content=\"750\" \/>\n\t<meta property=\"og:image:height\" content=\"400\" \/>\n\t<meta property=\"og:image:type\" content=\"image\/jpeg\" \/>\n<meta name=\"author\" content=\"Ne\u00efla DRISS\" \/>\n<meta name=\"twitter:card\" content=\"summary_large_image\" \/>\n<meta name=\"twitter:creator\" content=\"@https:\/\/x.com\/MassirDestin\" \/>\n<meta name=\"twitter:site\" content=\"@webdo_tn\" \/>\n<meta name=\"twitter:label1\" content=\"\u00c9crit par\" \/>\n\t<meta name=\"twitter:data1\" content=\"Ne\u00efla DRISS\" \/>\n\t<meta name=\"twitter:label2\" content=\"Dur\u00e9e de lecture estim\u00e9e\" \/>\n\t<meta name=\"twitter:data2\" content=\"1 minute\" \/>\n<script type=\"application\/ld+json\" class=\"yoast-schema-graph\">{\"@context\":\"https:\\\/\\\/schema.org\",\"@graph\":[{\"@type\":\"NewsArticle\",\"@id\":\"https:\\\/\\\/www.webdo.tn\\\/fr\\\/actualite\\\/culture\\\/report-du-festival-du-film-d-el-gouna-en-consideration-des-evenements-tragiques-a-gaza\\\/209492\\\/#article\",\"isPartOf\":{\"@id\":\"https:\\\/\\\/www.webdo.tn\\\/fr\\\/actualite\\\/culture\\\/report-du-festival-du-film-d-el-gouna-en-consideration-des-evenements-tragiques-a-gaza\\\/209492\\\/\"},\"author\":{\"name\":\"Ne\u00efla DRISS\",\"@id\":\"https:\\\/\\\/www.webdo.tn\\\/fr\\\/#\\\/schema\\\/person\\\/60d5ba619ed3f58783b0dc82b7dada80\"},\"headline\":\"Report du Festival du Film d&rsquo;El Gouna en consid\u00e9ration des \u00e9v\u00e9nements tragiques \u00e0 Gaza\",\"datePublished\":\"2023-10-20T11:57:00+00:00\",\"dateModified\":\"2025-05-21T08:56:22+00:00\",\"mainEntityOfPage\":{\"@id\":\"https:\\\/\\\/www.webdo.tn\\\/fr\\\/actualite\\\/culture\\\/report-du-festival-du-film-d-el-gouna-en-consideration-des-evenements-tragiques-a-gaza\\\/209492\\\/\"},\"wordCount\":213,\"commentCount\":0,\"publisher\":{\"@id\":\"https:\\\/\\\/www.webdo.tn\\\/fr\\\/#organization\"},\"image\":{\"@id\":\"https:\\\/\\\/www.webdo.tn\\\/fr\\\/actualite\\\/culture\\\/report-du-festival-du-film-d-el-gouna-en-consideration-des-evenements-tragiques-a-gaza\\\/209492\\\/#primaryimage\"},\"thumbnailUrl\":\"https:\\\/\\\/www.webdo.tn\\\/fr\\\/wp-content\\\/uploads\\\/2023\\\/10\\\/dc76bf95b5668901417eb92a03e4e93f.jpeg\",\"keywords\":[\"El Gouna\",\"El Gouna 2023\",\"Festival du Film d'El Gouna\",\"GFF\",\"GFF 2023\"],\"articleSection\":[\"Culture\"],\"inLanguage\":\"fr-FR\"},{\"@type\":\"WebPage\",\"@id\":\"https:\\\/\\\/www.webdo.tn\\\/fr\\\/actualite\\\/culture\\\/report-du-festival-du-film-d-el-gouna-en-consideration-des-evenements-tragiques-a-gaza\\\/209492\\\/\",\"url\":\"https:\\\/\\\/www.webdo.tn\\\/fr\\\/actualite\\\/culture\\\/report-du-festival-du-film-d-el-gouna-en-consideration-des-evenements-tragiques-a-gaza\\\/209492\\\/\",\"name\":\"Report du Festival du Film d'El Gouna en consid\u00e9ration des \u00e9v\u00e9nements tragiques \u00e0 Gaza\",\"isPartOf\":{\"@id\":\"https:\\\/\\\/www.webdo.tn\\\/fr\\\/#website\"},\"primaryImageOfPage\":{\"@id\":\"https:\\\/\\\/www.webdo.tn\\\/fr\\\/actualite\\\/culture\\\/report-du-festival-du-film-d-el-gouna-en-consideration-des-evenements-tragiques-a-gaza\\\/209492\\\/#primaryimage\"},\"image\":{\"@id\":\"https:\\\/\\\/www.webdo.tn\\\/fr\\\/actualite\\\/culture\\\/report-du-festival-du-film-d-el-gouna-en-consideration-des-evenements-tragiques-a-gaza\\\/209492\\\/#primaryimage\"},\"thumbnailUrl\":\"https:\\\/\\\/www.webdo.tn\\\/fr\\\/wp-content\\\/uploads\\\/2023\\\/10\\\/dc76bf95b5668901417eb92a03e4e93f.jpeg\",\"datePublished\":\"2023-10-20T11:57:00+00:00\",\"dateModified\":\"2025-05-21T08:56:22+00:00\",\"description\":\"Report du Festival du Film d'El Gouna en consid\u00e9ration des \u00e9v\u00e9nements tragiques \u00e0 Gaza\",\"breadcrumb\":{\"@id\":\"https:\\\/\\\/www.webdo.tn\\\/fr\\\/actualite\\\/culture\\\/report-du-festival-du-film-d-el-gouna-en-consideration-des-evenements-tragiques-a-gaza\\\/209492\\\/#breadcrumb\"},\"inLanguage\":\"fr-FR\",\"potentialAction\":[{\"@type\":\"ReadAction\",\"target\":[\"https:\\\/\\\/www.webdo.tn\\\/fr\\\/actualite\\\/culture\\\/report-du-festival-du-film-d-el-gouna-en-consideration-des-evenements-tragiques-a-gaza\\\/209492\\\/\"]}]},{\"@type\":\"ImageObject\",\"inLanguage\":\"fr-FR\",\"@id\":\"https:\\\/\\\/www.webdo.tn\\\/fr\\\/actualite\\\/culture\\\/report-du-festival-du-film-d-el-gouna-en-consideration-des-evenements-tragiques-a-gaza\\\/209492\\\/#primaryimage\",\"url\":\"https:\\\/\\\/www.webdo.tn\\\/fr\\\/wp-content\\\/uploads\\\/2023\\\/10\\\/dc76bf95b5668901417eb92a03e4e93f.jpeg\",\"contentUrl\":\"https:\\\/\\\/www.webdo.tn\\\/fr\\\/wp-content\\\/uploads\\\/2023\\\/10\\\/dc76bf95b5668901417eb92a03e4e93f.jpeg\",\"width\":750,\"height\":400,\"caption\":\"Report du Festival du Film d'El Gouna en consid\u00e9ration des \u00e9v\u00e9nements tragiques \u00e0 Gaza\"},{\"@type\":\"BreadcrumbList\",\"@id\":\"https:\\\/\\\/www.webdo.tn\\\/fr\\\/actualite\\\/culture\\\/report-du-festival-du-film-d-el-gouna-en-consideration-des-evenements-tragiques-a-gaza\\\/209492\\\/#breadcrumb\",\"itemListElement\":[{\"@type\":\"ListItem\",\"position\":1,\"name\":\"Accueil\",\"item\":\"https:\\\/\\\/www.webdo.tn\\\/fr\\\/\"},{\"@type\":\"ListItem\",\"position\":2,\"name\":\"Report du Festival du Film d&rsquo;El Gouna en consid\u00e9ration des \u00e9v\u00e9nements tragiques \u00e0 Gaza\"}]},{\"@type\":\"WebSite\",\"@id\":\"https:\\\/\\\/www.webdo.tn\\\/fr\\\/#website\",\"url\":\"https:\\\/\\\/www.webdo.tn\\\/fr\\\/\",\"name\":\"webdo\",\"description\":\"Tunisie - News en Tunisie et \u00e0 l&#039;international sur Webdo.tn\",\"publisher\":{\"@id\":\"https:\\\/\\\/www.webdo.tn\\\/fr\\\/#organization\"},\"potentialAction\":[{\"@type\":\"SearchAction\",\"target\":{\"@type\":\"EntryPoint\",\"urlTemplate\":\"https:\\\/\\\/www.webdo.tn\\\/fr\\\/?s={search_term_string}\"},\"query-input\":{\"@type\":\"PropertyValueSpecification\",\"valueRequired\":true,\"valueName\":\"search_term_string\"}}],\"inLanguage\":\"fr-FR\"},{\"@type\":\"Organization\",\"@id\":\"https:\\\/\\\/www.webdo.tn\\\/fr\\\/#organization\",\"name\":\"Webdo\",\"alternateName\":\"Webdo.tn\",\"url\":\"https:\\\/\\\/www.webdo.tn\\\/fr\\\/\",\"logo\":{\"@type\":\"ImageObject\",\"inLanguage\":\"fr-FR\",\"@id\":\"https:\\\/\\\/www.webdo.tn\\\/fr\\\/#\\\/schema\\\/logo\\\/image\\\/\",\"url\":\"https:\\\/\\\/www.webdo.tn\\\/fr\\\/wp-content\\\/uploads\\\/2025\\\/06\\\/Webdo-Tunisie_168377.jpg\",\"contentUrl\":\"https:\\\/\\\/www.webdo.tn\\\/fr\\\/wp-content\\\/uploads\\\/2025\\\/06\\\/Webdo-Tunisie_168377.jpg\",\"width\":301,\"height\":301,\"caption\":\"Webdo\"},\"image\":{\"@id\":\"https:\\\/\\\/www.webdo.tn\\\/fr\\\/#\\\/schema\\\/logo\\\/image\\\/\"},\"sameAs\":[\"https:\\\/\\\/www.facebook.com\\\/webdotn\",\"https:\\\/\\\/x.com\\\/webdo_tn\"],\"description\":\"Webdo est un m\u00e9dia num\u00e9rique tunisien fond\u00e9 en 2010, sp\u00e9cialis\u00e9 dans l\u2019actualit\u00e9 nationale et internationale, l\u2019\u00e9conomie, la soci\u00e9t\u00e9 et les analyses politiques. Le site s\u2019adresse \u00e0 un large public francophone et couvre l\u2019information tunisienne en temps r\u00e9el.\",\"email\":\"redac@webdo.tn\",\"legalName\":\"YNJ SARL\",\"foundingDate\":\"2010-09-06\",\"numberOfEmployees\":{\"@type\":\"QuantitativeValue\",\"minValue\":\"11\",\"maxValue\":\"50\"}},{\"@type\":\"Person\",\"@id\":\"https:\\\/\\\/www.webdo.tn\\\/fr\\\/#\\\/schema\\\/person\\\/60d5ba619ed3f58783b0dc82b7dada80\",\"name\":\"Ne\u00efla DRISS\",\"image\":{\"@type\":\"ImageObject\",\"inLanguage\":\"fr-FR\",\"@id\":\"https:\\\/\\\/www.webdo.tn\\\/fr\\\/wp-content\\\/uploads\\\/2026\\\/04\\\/neila-driss_avatar-96x96.jpg\",\"url\":\"https:\\\/\\\/www.webdo.tn\\\/fr\\\/wp-content\\\/uploads\\\/2026\\\/04\\\/neila-driss_avatar-96x96.jpg\",\"contentUrl\":\"https:\\\/\\\/www.webdo.tn\\\/fr\\\/wp-content\\\/uploads\\\/2026\\\/04\\\/neila-driss_avatar-96x96.jpg\",\"caption\":\"Ne\u00efla DRISS\"},\"description\":\"Ne\u00efla Driss est juriste, journaliste culturelle et critique de cin\u00e9ma tunisienne. Titulaire d\u2019un DEA en droit priv\u00e9 de l\u2019Universit\u00e9 Paris II et d\u2019un DESS de l\u2019IHEC Carthage, elle d\u00e9bute sa carri\u00e8re comme juriste sp\u00e9cialis\u00e9e en gestion de patrimoine immobilier. Elle s\u2019oriente ensuite vers l\u2019\u00e9criture en ligne, o\u00f9 elle se distingue d\u00e8s 2006 aux Tunisia Blog Awards, avant de se consacrer au journalisme culturel, avec une sp\u00e9cialisation dans la critique cin\u00e9matographique. Elle couvre r\u00e9guli\u00e8rement les grands festivals internationaux, notamment le Festival de Cannes, les Journ\u00e9es Cin\u00e9matographiques de Carthage et le Festival du film du Caire. Membre de l\u2019ATPCC et de la FIPRESCI, elle participe \u00e0 des jurys et initiatives internationales de critique. Depuis 2024, elle est \u00e9lectrice internationale aux Golden Globes. Facebook : https:\\\/\\\/www.facebook.com\\\/massir.destiniii\\\/ X : https:\\\/\\\/x.com\\\/MassirDestin\",\"sameAs\":[\"https:\\\/\\\/www.facebook.com\\\/massir.destiniii\\\/\",\"https:\\\/\\\/www.instagram.com\\\/neila.driss\\\/?hl=fr\",\"https:\\\/\\\/www.linkedin.com\\\/in\\\/neila-driss-22606a80\\\/\",\"https:\\\/\\\/x.com\\\/https:\\\/\\\/x.com\\\/MassirDestin\"],\"knowsAbout\":[\"Cin\u00e9ma international\",\"critique cin\u00e9matographique\",\"festivals de cin\u00e9ma\",\"journalisme culturel\"],\"knowsLanguage\":[\"Fran\u00e7ais\",\"Arabe\",\"Anglais\"],\"jobTitle\":\"Journaliste culturelle et critique de cin\u00e9ma\",\"worksFor\":\"Webdo\",\"url\":\"https:\\\/\\\/www.webdo.tn\\\/fr\\\/actualite\\\/author\\\/neila-driss\\\/\"}]}<\/script>\n<!-- \/ Yoast SEO Premium plugin. -->","yoast_head_json":{"title":"Report du Festival du Film d'El Gouna en consid\u00e9ration des \u00e9v\u00e9nements tragiques \u00e0 Gaza","description":"Report du Festival du Film d'El Gouna en consid\u00e9ration des \u00e9v\u00e9nements tragiques \u00e0 Gaza","canonical":"https:\/\/www.webdo.tn\/fr\/actualite\/culture\/report-du-festival-du-film-d-el-gouna-en-consideration-des-evenements-tragiques-a-gaza\/209492\/","og_locale":"fr_FR","og_type":"article","og_title":"Report du Festival du Film d'El Gouna en consid\u00e9ration des \u00e9v\u00e9nements tragiques \u00e0 Gaza","og_description":"Report du Festival du Film d'El Gouna en consid\u00e9ration des \u00e9v\u00e9nements tragiques \u00e0 Gaza","og_url":"https:\/\/www.webdo.tn\/fr\/actualite\/culture\/report-du-festival-du-film-d-el-gouna-en-consideration-des-evenements-tragiques-a-gaza\/209492\/","og_site_name":"webdo","article_publisher":"https:\/\/www.facebook.com\/webdotn","article_author":"https:\/\/www.facebook.com\/massir.destiniii\/","article_published_time":"2023-10-20T11:57:00+00:00","article_modified_time":"2025-05-21T08:56:22+00:00","og_image":[{"width":750,"height":400,"url":"https:\/\/www.webdo.tn\/fr\/wp-content\/uploads\/2023\/10\/dc76bf95b5668901417eb92a03e4e93f.jpeg","type":"image\/jpeg"}],"author":"Ne\u00efla DRISS","twitter_card":"summary_large_image","twitter_creator":"@https:\/\/x.com\/MassirDestin","twitter_site":"@webdo_tn","twitter_misc":{"\u00c9crit par":"Ne\u00efla DRISS","Dur\u00e9e de lecture estim\u00e9e":"1 minute"},"schema":{"@context":"https:\/\/schema.org","@graph":[{"@type":"NewsArticle","@id":"https:\/\/www.webdo.tn\/fr\/actualite\/culture\/report-du-festival-du-film-d-el-gouna-en-consideration-des-evenements-tragiques-a-gaza\/209492\/#article","isPartOf":{"@id":"https:\/\/www.webdo.tn\/fr\/actualite\/culture\/report-du-festival-du-film-d-el-gouna-en-consideration-des-evenements-tragiques-a-gaza\/209492\/"},"author":{"name":"Ne\u00efla DRISS","@id":"https:\/\/www.webdo.tn\/fr\/#\/schema\/person\/60d5ba619ed3f58783b0dc82b7dada80"},"headline":"Report du Festival du Film d&rsquo;El Gouna en consid\u00e9ration des \u00e9v\u00e9nements tragiques \u00e0 Gaza","datePublished":"2023-10-20T11:57:00+00:00","dateModified":"2025-05-21T08:56:22+00:00","mainEntityOfPage":{"@id":"https:\/\/www.webdo.tn\/fr\/actualite\/culture\/report-du-festival-du-film-d-el-gouna-en-consideration-des-evenements-tragiques-a-gaza\/209492\/"},"wordCount":213,"commentCount":0,"publisher":{"@id":"https:\/\/www.webdo.tn\/fr\/#organization"},"image":{"@id":"https:\/\/www.webdo.tn\/fr\/actualite\/culture\/report-du-festival-du-film-d-el-gouna-en-consideration-des-evenements-tragiques-a-gaza\/209492\/#primaryimage"},"thumbnailUrl":"https:\/\/www.webdo.tn\/fr\/wp-content\/uploads\/2023\/10\/dc76bf95b5668901417eb92a03e4e93f.jpeg","keywords":["El Gouna","El Gouna 2023","Festival du Film d'El Gouna","GFF","GFF 2023"],"articleSection":["Culture"],"inLanguage":"fr-FR"},{"@type":"WebPage","@id":"https:\/\/www.webdo.tn\/fr\/actualite\/culture\/report-du-festival-du-film-d-el-gouna-en-consideration-des-evenements-tragiques-a-gaza\/209492\/","url":"https:\/\/www.webdo.tn\/fr\/actualite\/culture\/report-du-festival-du-film-d-el-gouna-en-consideration-des-evenements-tragiques-a-gaza\/209492\/","name":"Report du Festival du Film d'El Gouna en consid\u00e9ration des \u00e9v\u00e9nements tragiques \u00e0 Gaza","isPartOf":{"@id":"https:\/\/www.webdo.tn\/fr\/#website"},"primaryImageOfPage":{"@id":"https:\/\/www.webdo.tn\/fr\/actualite\/culture\/report-du-festival-du-film-d-el-gouna-en-consideration-des-evenements-tragiques-a-gaza\/209492\/#primaryimage"},"image":{"@id":"https:\/\/www.webdo.tn\/fr\/actualite\/culture\/report-du-festival-du-film-d-el-gouna-en-consideration-des-evenements-tragiques-a-gaza\/209492\/#primaryimage"},"thumbnailUrl":"https:\/\/www.webdo.tn\/fr\/wp-content\/uploads\/2023\/10\/dc76bf95b5668901417eb92a03e4e93f.jpeg","datePublished":"2023-10-20T11:57:00+00:00","dateModified":"2025-05-21T08:56:22+00:00","description":"Report du Festival du Film d'El Gouna en consid\u00e9ration des \u00e9v\u00e9nements tragiques \u00e0 Gaza","breadcrumb":{"@id":"https:\/\/www.webdo.tn\/fr\/actualite\/culture\/report-du-festival-du-film-d-el-gouna-en-consideration-des-evenements-tragiques-a-gaza\/209492\/#breadcrumb"},"inLanguage":"fr-FR","potentialAction":[{"@type":"ReadAction","target":["https:\/\/www.webdo.tn\/fr\/actualite\/culture\/report-du-festival-du-film-d-el-gouna-en-consideration-des-evenements-tragiques-a-gaza\/209492\/"]}]},{"@type":"ImageObject","inLanguage":"fr-FR","@id":"https:\/\/www.webdo.tn\/fr\/actualite\/culture\/report-du-festival-du-film-d-el-gouna-en-consideration-des-evenements-tragiques-a-gaza\/209492\/#primaryimage","url":"https:\/\/www.webdo.tn\/fr\/wp-content\/uploads\/2023\/10\/dc76bf95b5668901417eb92a03e4e93f.jpeg","contentUrl":"https:\/\/www.webdo.tn\/fr\/wp-content\/uploads\/2023\/10\/dc76bf95b5668901417eb92a03e4e93f.jpeg","width":750,"height":400,"caption":"Report du Festival du Film d'El Gouna en consid\u00e9ration des \u00e9v\u00e9nements tragiques \u00e0 Gaza"},{"@type":"BreadcrumbList","@id":"https:\/\/www.webdo.tn\/fr\/actualite\/culture\/report-du-festival-du-film-d-el-gouna-en-consideration-des-evenements-tragiques-a-gaza\/209492\/#breadcrumb","itemListElement":[{"@type":"ListItem","position":1,"name":"Accueil","item":"https:\/\/www.webdo.tn\/fr\/"},{"@type":"ListItem","position":2,"name":"Report du Festival du Film d&rsquo;El Gouna en consid\u00e9ration des \u00e9v\u00e9nements tragiques \u00e0 Gaza"}]},{"@type":"WebSite","@id":"https:\/\/www.webdo.tn\/fr\/#website","url":"https:\/\/www.webdo.tn\/fr\/","name":"webdo","description":"Tunisie - News en Tunisie et \u00e0 l&#039;international sur Webdo.tn","publisher":{"@id":"https:\/\/www.webdo.tn\/fr\/#organization"},"potentialAction":[{"@type":"SearchAction","target":{"@type":"EntryPoint","urlTemplate":"https:\/\/www.webdo.tn\/fr\/?s={search_term_string}"},"query-input":{"@type":"PropertyValueSpecification","valueRequired":true,"valueName":"search_term_string"}}],"inLanguage":"fr-FR"},{"@type":"Organization","@id":"https:\/\/www.webdo.tn\/fr\/#organization","name":"Webdo","alternateName":"Webdo.tn","url":"https:\/\/www.webdo.tn\/fr\/","logo":{"@type":"ImageObject","inLanguage":"fr-FR","@id":"https:\/\/www.webdo.tn\/fr\/#\/schema\/logo\/image\/","url":"https:\/\/www.webdo.tn\/fr\/wp-content\/uploads\/2025\/06\/Webdo-Tunisie_168377.jpg","contentUrl":"https:\/\/www.webdo.tn\/fr\/wp-content\/uploads\/2025\/06\/Webdo-Tunisie_168377.jpg","width":301,"height":301,"caption":"Webdo"},"image":{"@id":"https:\/\/www.webdo.tn\/fr\/#\/schema\/logo\/image\/"},"sameAs":["https:\/\/www.facebook.com\/webdotn","https:\/\/x.com\/webdo_tn"],"description":"Webdo est un m\u00e9dia num\u00e9rique tunisien fond\u00e9 en 2010, sp\u00e9cialis\u00e9 dans l\u2019actualit\u00e9 nationale et internationale, l\u2019\u00e9conomie, la soci\u00e9t\u00e9 et les analyses politiques. Le site s\u2019adresse \u00e0 un large public francophone et couvre l\u2019information tunisienne en temps r\u00e9el.","email":"redac@webdo.tn","legalName":"YNJ SARL","foundingDate":"2010-09-06","numberOfEmployees":{"@type":"QuantitativeValue","minValue":"11","maxValue":"50"}},{"@type":"Person","@id":"https:\/\/www.webdo.tn\/fr\/#\/schema\/person\/60d5ba619ed3f58783b0dc82b7dada80","name":"Ne\u00efla DRISS","image":{"@type":"ImageObject","inLanguage":"fr-FR","@id":"https:\/\/www.webdo.tn\/fr\/wp-content\/uploads\/2026\/04\/neila-driss_avatar-96x96.jpg","url":"https:\/\/www.webdo.tn\/fr\/wp-content\/uploads\/2026\/04\/neila-driss_avatar-96x96.jpg","contentUrl":"https:\/\/www.webdo.tn\/fr\/wp-content\/uploads\/2026\/04\/neila-driss_avatar-96x96.jpg","caption":"Ne\u00efla DRISS"},"description":"Ne\u00efla Driss est juriste, journaliste culturelle et critique de cin\u00e9ma tunisienne. Titulaire d\u2019un DEA en droit priv\u00e9 de l\u2019Universit\u00e9 Paris II et d\u2019un DESS de l\u2019IHEC Carthage, elle d\u00e9bute sa carri\u00e8re comme juriste sp\u00e9cialis\u00e9e en gestion de patrimoine immobilier. Elle s\u2019oriente ensuite vers l\u2019\u00e9criture en ligne, o\u00f9 elle se distingue d\u00e8s 2006 aux Tunisia Blog Awards, avant de se consacrer au journalisme culturel, avec une sp\u00e9cialisation dans la critique cin\u00e9matographique. Elle couvre r\u00e9guli\u00e8rement les grands festivals internationaux, notamment le Festival de Cannes, les Journ\u00e9es Cin\u00e9matographiques de Carthage et le Festival du film du Caire. Membre de l\u2019ATPCC et de la FIPRESCI, elle participe \u00e0 des jurys et initiatives internationales de critique. Depuis 2024, elle est \u00e9lectrice internationale aux Golden Globes. Facebook : https:\/\/www.facebook.com\/massir.destiniii\/ X : https:\/\/x.com\/MassirDestin","sameAs":["https:\/\/www.facebook.com\/massir.destiniii\/","https:\/\/www.instagram.com\/neila.driss\/?hl=fr","https:\/\/www.linkedin.com\/in\/neila-driss-22606a80\/","https:\/\/x.com\/https:\/\/x.com\/MassirDestin"],"knowsAbout":["Cin\u00e9ma international","critique cin\u00e9matographique","festivals de cin\u00e9ma","journalisme culturel"],"knowsLanguage":["Fran\u00e7ais","Arabe","Anglais"],"jobTitle":"Journaliste culturelle et critique de cin\u00e9ma","worksFor":"Webdo","url":"https:\/\/www.webdo.tn\/fr\/actualite\/author\/neila-driss\/"}]}},"_links":{"self":[{"href":"https:\/\/www.webdo.tn\/fr\/wp-json\/wp\/v2\/posts\/209492","targetHints":{"allow":["GET"]}}],"collection":[{"href":"https:\/\/www.webdo.tn\/fr\/wp-json\/wp\/v2\/posts"}],"about":[{"href":"https:\/\/www.webdo.tn\/fr\/wp-json\/wp\/v2\/types\/post"}],"author":[{"embeddable":true,"href":"https:\/\/www.webdo.tn\/fr\/wp-json\/wp\/v2\/users\/3164"}],"replies":[{"embeddable":true,"href":"https:\/\/www.webdo.tn\/fr\/wp-json\/wp\/v2\/comments?post=209492"}],"version-history":[{"count":0,"href":"https:\/\/www.webdo.tn\/fr\/wp-json\/wp\/v2\/posts\/209492\/revisions"}],"wp:featuredmedia":[{"embeddable":true,"href":"https:\/\/www.webdo.tn\/fr\/wp-json\/wp\/v2\/media\/249021"}],"wp:attachment":[{"href":"https:\/\/www.webdo.tn\/fr\/wp-json\/wp\/v2\/media?parent=209492"}],"wp:term":[{"taxonomy":"category","embeddable":true,"href":"https:\/\/www.webdo.tn\/fr\/wp-json\/wp\/v2\/categories?post=209492"},{"taxonomy":"post_tag","embeddable":true,"href":"https:\/\/www.webdo.tn\/fr\/wp-json\/wp\/v2\/tags?post=209492"}],"curies":[{"name":"wp","href":"https:\/\/api.w.org\/{rel}","templated":true}]}}