{"id":209488,"date":"2023-10-20T10:46:00","date_gmt":"2023-10-20T10:46:00","guid":{"rendered":"https:\/\/www.webdo.tn\/fr\/blog\/salut-a-mon-drapeau-le-jour-de-ses-196-ans\/209488\/"},"modified":"2023-10-20T10:46:00","modified_gmt":"2023-10-20T10:46:00","slug":"salut-a-mon-drapeau-le-jour-de-ses-196-ans","status":"publish","type":"post","link":"https:\/\/www.webdo.tn\/fr\/actualite\/chroniques\/salut-a-mon-drapeau-le-jour-de-ses-196-ans\/209488\/","title":{"rendered":"Salut \u00e0 mon drapeau, le jour de ses 196 ans"},"content":{"rendered":"<p>Chaque 20 octobre, la Tunisie c\u00e9l\u00e8bre son pavillon national institu\u00e9 il y a 196 ans, jour pour jour.<\/p>\n<p>\t\t\t\t\t\t\t\t\tJe suis Tunisienne. Fille d&rsquo;Elyssa et de Aziza Othmana. Je suis Tunisienne. Fille de Kahena et Sayda Manoubia.<\/p>\n<p>J&rsquo;ai une g\u00e9n\u00e9alogie de commer\u00e7ants. Je suis l&rsquo;Orient et l&rsquo;Occident. Je parle arabe et fran\u00e7ais, russe ou japonais et s&rsquo;il faut apprendre le turc et le chinois, je le ferais assur\u00e9ment.<\/p>\n<p>Je suis Tunisienne. Mon \u00e2me est m\u00e9tisse, parfois siamoise\u00a0 et je suis ainsi, une et toujours plurielle. Mais le jour o\u00f9 j&rsquo;oublierai cette diversit\u00e9, je perdrais mon histoire et ma g\u00e9ographie.<\/p>\n<p>Je suis Tunisienne dans un pays-monde et je r\u00e9cuse les races pures et les religions sup\u00e9rieures. Je suis creuset m\u00e9diterran\u00e9en, un peu Byzantine et un brin Andalouse. Je suis musulmane vendredi, juive samedi et chr\u00e9tienne dimanche.<\/p>\n<p>Mon pays est une \u00eele entre la mer et le d\u00e9sert.<\/p>\n<p>Je suis Tunisienne et mon drapeau flotte depuis bient\u00f4t deux si\u00e8cles. Je ne suis ni Arabe ni Berb\u00e8re ni Africaine ni M\u00e9diterran\u00e9enne ni Europ\u00e9enne. Je suis tout cela \u00e0 la fois dans mon pays-monde.<\/p>\n<p>Mes horizons sont atlantiques et pacifiques. Je scrute les pays du Soleil levant et du Matin calme. Je vis aussi au pays de l&rsquo;\u00e9rable et du Mississippi. Beaucoup de mes fr\u00e8res et soeurs ont choisi de vivre ailleurs et d&rsquo;autres, venus du Congo ou du S\u00e9n\u00e9gal, sont mes voisins.<\/p>\n<p>Je suis Tunisienne et mes filles et fils ont aussi le polonais, le finnois, le n\u00e9erlandais ou le zoulou pour langue maternelle.<\/p>\n<p>Je suis Tunisienne, une et plurielle, de l&rsquo;\u00e9picerie de mon quartier au fin fond de l&rsquo;Australie.<\/p>\n<p>Je suis Tunisienne, je suis la diff\u00e9rence et l&rsquo;unit\u00e9. Mes identit\u00e9s sont multiples et au nom de mon ips\u00e9it\u00e9, j&#8217;embrasse le monde par son nom.<\/p>\n","protected":false},"excerpt":{"rendered":"<p>Chaque 20 octobre, la Tunisie c\u00e9l\u00e8bre son pavillon national institu\u00e9 il y a 196 ans, jour pour jour.<\/p>\n","protected":false},"author":3229,"featured_media":249018,"comment_status":"open","ping_status":"closed","sticky":false,"template":"","format":"standard","meta":{"footnotes":""},"categories":[2596],"tags":[3732,2608],"class_list":["post-209488","post","type-post","status-publish","format-standard","has-post-thumbnail","hentry","category-chroniques","tag-drapeau","tag-tunisie"],"yoast_head":"<!-- This site is optimized with the Yoast SEO Premium plugin v27.5 (Yoast SEO v27.5) - https:\/\/yoast.com\/product\/yoast-seo-premium-wordpress\/ -->\n<title>Salut \u00e0 mon drapeau, le jour de ses 196 ans<\/title>\n<meta name=\"description\" content=\"Chaque 20 octobre, la Tunisie c\u00e9l\u00e8bre son pavillon national institu\u00e9 il y a 196 ans, jour pour jour.\" \/>\n<link rel=\"canonical\" href=\"https:\/\/www.webdo.tn\/fr\/actualite\/chroniques\/salut-a-mon-drapeau-le-jour-de-ses-196-ans\/209488\/\" \/>\n<meta property=\"og:locale\" content=\"fr_FR\" \/>\n<meta property=\"og:type\" content=\"article\" \/>\n<meta property=\"og:title\" content=\"Salut \u00e0 mon drapeau, le jour de ses 196 ans\" \/>\n<meta property=\"og:description\" content=\"Chaque 20 octobre, la Tunisie c\u00e9l\u00e8bre son pavillon national institu\u00e9 il y a 196 ans, jour pour jour.\" \/>\n<meta property=\"og:url\" content=\"https:\/\/www.webdo.tn\/fr\/actualite\/chroniques\/salut-a-mon-drapeau-le-jour-de-ses-196-ans\/209488\/\" \/>\n<meta property=\"og:site_name\" content=\"webdo\" \/>\n<meta property=\"article:publisher\" content=\"https:\/\/www.facebook.com\/webdotn\" \/>\n<meta property=\"article:author\" content=\"https:\/\/www.facebook.com\/hatem.bourial.2025\" \/>\n<meta property=\"article:published_time\" content=\"2023-10-20T10:46:00+00:00\" \/>\n<meta property=\"og:image\" content=\"https:\/\/www.webdo.tn\/fr\/wp-content\/uploads\/2023\/10\/cafce533a6672f4af6b4610f3a60071f.jpg\" \/>\n\t<meta property=\"og:image:width\" content=\"720\" \/>\n\t<meta property=\"og:image:height\" content=\"384\" \/>\n\t<meta property=\"og:image:type\" content=\"image\/jpeg\" \/>\n<meta name=\"author\" content=\"Hatem Bourial\" \/>\n<meta name=\"twitter:card\" content=\"summary_large_image\" \/>\n<meta name=\"twitter:creator\" content=\"@webdo_tn\" \/>\n<meta name=\"twitter:site\" content=\"@webdo_tn\" \/>\n<meta name=\"twitter:label1\" content=\"\u00c9crit par\" \/>\n\t<meta name=\"twitter:data1\" content=\"Hatem Bourial\" \/>\n\t<meta name=\"twitter:label2\" content=\"Dur\u00e9e de lecture estim\u00e9e\" \/>\n\t<meta name=\"twitter:data2\" content=\"2 minutes\" \/>\n<script type=\"application\/ld+json\" class=\"yoast-schema-graph\">{\"@context\":\"https:\\\/\\\/schema.org\",\"@graph\":[{\"@type\":\"NewsArticle\",\"@id\":\"https:\\\/\\\/www.webdo.tn\\\/fr\\\/actualite\\\/chroniques\\\/salut-a-mon-drapeau-le-jour-de-ses-196-ans\\\/209488\\\/#article\",\"isPartOf\":{\"@id\":\"https:\\\/\\\/www.webdo.tn\\\/fr\\\/actualite\\\/chroniques\\\/salut-a-mon-drapeau-le-jour-de-ses-196-ans\\\/209488\\\/\"},\"author\":{\"name\":\"Hatem Bourial\",\"@id\":\"https:\\\/\\\/www.webdo.tn\\\/fr\\\/#\\\/schema\\\/person\\\/6bc0beba2cd23aec27cb5df85ca2554f\"},\"headline\":\"Salut \u00e0 mon drapeau, le jour de ses 196 ans\",\"datePublished\":\"2023-10-20T10:46:00+00:00\",\"mainEntityOfPage\":{\"@id\":\"https:\\\/\\\/www.webdo.tn\\\/fr\\\/actualite\\\/chroniques\\\/salut-a-mon-drapeau-le-jour-de-ses-196-ans\\\/209488\\\/\"},\"wordCount\":336,\"commentCount\":0,\"publisher\":{\"@id\":\"https:\\\/\\\/www.webdo.tn\\\/fr\\\/#organization\"},\"image\":{\"@id\":\"https:\\\/\\\/www.webdo.tn\\\/fr\\\/actualite\\\/chroniques\\\/salut-a-mon-drapeau-le-jour-de-ses-196-ans\\\/209488\\\/#primaryimage\"},\"thumbnailUrl\":\"https:\\\/\\\/www.webdo.tn\\\/fr\\\/wp-content\\\/uploads\\\/2023\\\/10\\\/cafce533a6672f4af6b4610f3a60071f.jpg\",\"keywords\":[\"drapeau\",\"Tunisie\"],\"articleSection\":[\"Chroniques\"],\"inLanguage\":\"fr-FR\"},{\"@type\":\"WebPage\",\"@id\":\"https:\\\/\\\/www.webdo.tn\\\/fr\\\/actualite\\\/chroniques\\\/salut-a-mon-drapeau-le-jour-de-ses-196-ans\\\/209488\\\/\",\"url\":\"https:\\\/\\\/www.webdo.tn\\\/fr\\\/actualite\\\/chroniques\\\/salut-a-mon-drapeau-le-jour-de-ses-196-ans\\\/209488\\\/\",\"name\":\"Salut \u00e0 mon drapeau, le jour de ses 196 ans\",\"isPartOf\":{\"@id\":\"https:\\\/\\\/www.webdo.tn\\\/fr\\\/#website\"},\"primaryImageOfPage\":{\"@id\":\"https:\\\/\\\/www.webdo.tn\\\/fr\\\/actualite\\\/chroniques\\\/salut-a-mon-drapeau-le-jour-de-ses-196-ans\\\/209488\\\/#primaryimage\"},\"image\":{\"@id\":\"https:\\\/\\\/www.webdo.tn\\\/fr\\\/actualite\\\/chroniques\\\/salut-a-mon-drapeau-le-jour-de-ses-196-ans\\\/209488\\\/#primaryimage\"},\"thumbnailUrl\":\"https:\\\/\\\/www.webdo.tn\\\/fr\\\/wp-content\\\/uploads\\\/2023\\\/10\\\/cafce533a6672f4af6b4610f3a60071f.jpg\",\"datePublished\":\"2023-10-20T10:46:00+00:00\",\"description\":\"Chaque 20 octobre, la Tunisie c\u00e9l\u00e8bre son pavillon national institu\u00e9 il y a 196 ans, jour pour jour.\",\"breadcrumb\":{\"@id\":\"https:\\\/\\\/www.webdo.tn\\\/fr\\\/actualite\\\/chroniques\\\/salut-a-mon-drapeau-le-jour-de-ses-196-ans\\\/209488\\\/#breadcrumb\"},\"inLanguage\":\"fr-FR\",\"potentialAction\":[{\"@type\":\"ReadAction\",\"target\":[\"https:\\\/\\\/www.webdo.tn\\\/fr\\\/actualite\\\/chroniques\\\/salut-a-mon-drapeau-le-jour-de-ses-196-ans\\\/209488\\\/\"]}]},{\"@type\":\"ImageObject\",\"inLanguage\":\"fr-FR\",\"@id\":\"https:\\\/\\\/www.webdo.tn\\\/fr\\\/actualite\\\/chroniques\\\/salut-a-mon-drapeau-le-jour-de-ses-196-ans\\\/209488\\\/#primaryimage\",\"url\":\"https:\\\/\\\/www.webdo.tn\\\/fr\\\/wp-content\\\/uploads\\\/2023\\\/10\\\/cafce533a6672f4af6b4610f3a60071f.jpg\",\"contentUrl\":\"https:\\\/\\\/www.webdo.tn\\\/fr\\\/wp-content\\\/uploads\\\/2023\\\/10\\\/cafce533a6672f4af6b4610f3a60071f.jpg\",\"width\":720,\"height\":384,\"caption\":\"Salut \u00e0 mon drapeau, le jour de ses 196 ans\"},{\"@type\":\"BreadcrumbList\",\"@id\":\"https:\\\/\\\/www.webdo.tn\\\/fr\\\/actualite\\\/chroniques\\\/salut-a-mon-drapeau-le-jour-de-ses-196-ans\\\/209488\\\/#breadcrumb\",\"itemListElement\":[{\"@type\":\"ListItem\",\"position\":1,\"name\":\"Accueil\",\"item\":\"https:\\\/\\\/www.webdo.tn\\\/fr\\\/\"},{\"@type\":\"ListItem\",\"position\":2,\"name\":\"Salut \u00e0 mon drapeau, le jour de ses 196 ans\"}]},{\"@type\":\"WebSite\",\"@id\":\"https:\\\/\\\/www.webdo.tn\\\/fr\\\/#website\",\"url\":\"https:\\\/\\\/www.webdo.tn\\\/fr\\\/\",\"name\":\"webdo\",\"description\":\"Tunisie - News en Tunisie et \u00e0 l&#039;international sur Webdo.tn\",\"publisher\":{\"@id\":\"https:\\\/\\\/www.webdo.tn\\\/fr\\\/#organization\"},\"potentialAction\":[{\"@type\":\"SearchAction\",\"target\":{\"@type\":\"EntryPoint\",\"urlTemplate\":\"https:\\\/\\\/www.webdo.tn\\\/fr\\\/?s={search_term_string}\"},\"query-input\":{\"@type\":\"PropertyValueSpecification\",\"valueRequired\":true,\"valueName\":\"search_term_string\"}}],\"inLanguage\":\"fr-FR\"},{\"@type\":\"Organization\",\"@id\":\"https:\\\/\\\/www.webdo.tn\\\/fr\\\/#organization\",\"name\":\"Webdo\",\"alternateName\":\"Webdo.tn\",\"url\":\"https:\\\/\\\/www.webdo.tn\\\/fr\\\/\",\"logo\":{\"@type\":\"ImageObject\",\"inLanguage\":\"fr-FR\",\"@id\":\"https:\\\/\\\/www.webdo.tn\\\/fr\\\/#\\\/schema\\\/logo\\\/image\\\/\",\"url\":\"https:\\\/\\\/www.webdo.tn\\\/fr\\\/wp-content\\\/uploads\\\/2025\\\/06\\\/Webdo-Tunisie_168377.jpg\",\"contentUrl\":\"https:\\\/\\\/www.webdo.tn\\\/fr\\\/wp-content\\\/uploads\\\/2025\\\/06\\\/Webdo-Tunisie_168377.jpg\",\"width\":301,\"height\":301,\"caption\":\"Webdo\"},\"image\":{\"@id\":\"https:\\\/\\\/www.webdo.tn\\\/fr\\\/#\\\/schema\\\/logo\\\/image\\\/\"},\"sameAs\":[\"https:\\\/\\\/www.facebook.com\\\/webdotn\",\"https:\\\/\\\/x.com\\\/webdo_tn\"],\"description\":\"Webdo est un m\u00e9dia num\u00e9rique tunisien fond\u00e9 en 2010, sp\u00e9cialis\u00e9 dans l\u2019actualit\u00e9 nationale et internationale, l\u2019\u00e9conomie, la soci\u00e9t\u00e9 et les analyses politiques. Le site s\u2019adresse \u00e0 un large public francophone et couvre l\u2019information tunisienne en temps r\u00e9el.\",\"email\":\"redac@webdo.tn\",\"legalName\":\"YNJ SARL\",\"foundingDate\":\"2010-09-06\",\"numberOfEmployees\":{\"@type\":\"QuantitativeValue\",\"minValue\":\"11\",\"maxValue\":\"50\"}},{\"@type\":\"Person\",\"@id\":\"https:\\\/\\\/www.webdo.tn\\\/fr\\\/#\\\/schema\\\/person\\\/6bc0beba2cd23aec27cb5df85ca2554f\",\"name\":\"Hatem Bourial\",\"image\":{\"@type\":\"ImageObject\",\"inLanguage\":\"fr-FR\",\"@id\":\"https:\\\/\\\/www.webdo.tn\\\/fr\\\/wp-content\\\/uploads\\\/2026\\\/04\\\/hatem-bourial_avatar-96x96.jpg\",\"url\":\"https:\\\/\\\/www.webdo.tn\\\/fr\\\/wp-content\\\/uploads\\\/2026\\\/04\\\/hatem-bourial_avatar-96x96.jpg\",\"contentUrl\":\"https:\\\/\\\/www.webdo.tn\\\/fr\\\/wp-content\\\/uploads\\\/2026\\\/04\\\/hatem-bourial_avatar-96x96.jpg\",\"caption\":\"Hatem Bourial\"},\"description\":\"Hatem Bourial est journaliste, \u00e9crivain et chroniqueur tunisien. Actif depuis plusieurs d\u00e9cennies, il s\u2019est impos\u00e9 comme un observateur attentif de la soci\u00e9t\u00e9 tunisienne, m\u00ealant dans ses \u00e9crits m\u00e9moire, culture et analyse du quotidien. Auteur de nombreux ouvrages, il d\u00e9veloppe une \u0153uvre \u00e0 la crois\u00e9e du r\u00e9cit, de la po\u00e9sie et de l\u2019observation sociologique. Parall\u00e8lement \u00e0 ses contributions dans la presse, il intervient r\u00e9guli\u00e8rement \u00e0 la radio et dans des espaces culturels, o\u00f9 il explore les enjeux li\u00e9s au patrimoine, \u00e0 l\u2019identit\u00e9 et aux transformations du monde contemporain. \u00c0 travers ses chroniques, Hatem Bourial propose une lecture sensible et approfondie de l\u2019actualit\u00e9, nourrie par une exp\u00e9rience journalistique et litt\u00e9raire reconnue. \ud83d\udd17 Facebook : https:\\\/\\\/www.facebook.com\\\/hatem.bourial.2025\",\"sameAs\":[\"https:\\\/\\\/www.facebook.com\\\/hatem.bourial.2025\",\"https:\\\/\\\/fr.wikipedia.org\\\/wiki\\\/Fichier:Hatem_Bourial.jpg\"],\"knowsAbout\":[\"Culture & patrimoine tunisien\",\"Chronique soci\u00e9tale\",\"Litt\u00e9rature & m\u00e9moire\",\"Cin\u00e9ma & critique culturelle\",\"Identit\u00e9 & mutations sociales\"],\"knowsLanguage\":[\"Arabe\",\"Fran\u00e7ais\",\"Anglais\",\"Italien\",\"Polonais\"],\"jobTitle\":\"Journaliste, \u00e9crivain et chroniqueur culturel\",\"worksFor\":\"Webdo\",\"url\":\"https:\\\/\\\/www.webdo.tn\\\/fr\\\/actualite\\\/author\\\/hatem-bourial-2\\\/\"}]}<\/script>\n<!-- \/ Yoast SEO Premium plugin. -->","yoast_head_json":{"title":"Salut \u00e0 mon drapeau, le jour de ses 196 ans","description":"Chaque 20 octobre, la Tunisie c\u00e9l\u00e8bre son pavillon national institu\u00e9 il y a 196 ans, jour pour jour.","canonical":"https:\/\/www.webdo.tn\/fr\/actualite\/chroniques\/salut-a-mon-drapeau-le-jour-de-ses-196-ans\/209488\/","og_locale":"fr_FR","og_type":"article","og_title":"Salut \u00e0 mon drapeau, le jour de ses 196 ans","og_description":"Chaque 20 octobre, la Tunisie c\u00e9l\u00e8bre son pavillon national institu\u00e9 il y a 196 ans, jour pour jour.","og_url":"https:\/\/www.webdo.tn\/fr\/actualite\/chroniques\/salut-a-mon-drapeau-le-jour-de-ses-196-ans\/209488\/","og_site_name":"webdo","article_publisher":"https:\/\/www.facebook.com\/webdotn","article_author":"https:\/\/www.facebook.com\/hatem.bourial.2025","article_published_time":"2023-10-20T10:46:00+00:00","og_image":[{"width":720,"height":384,"url":"https:\/\/www.webdo.tn\/fr\/wp-content\/uploads\/2023\/10\/cafce533a6672f4af6b4610f3a60071f.jpg","type":"image\/jpeg"}],"author":"Hatem Bourial","twitter_card":"summary_large_image","twitter_creator":"@webdo_tn","twitter_site":"@webdo_tn","twitter_misc":{"\u00c9crit par":"Hatem Bourial","Dur\u00e9e de lecture estim\u00e9e":"2 minutes"},"schema":{"@context":"https:\/\/schema.org","@graph":[{"@type":"NewsArticle","@id":"https:\/\/www.webdo.tn\/fr\/actualite\/chroniques\/salut-a-mon-drapeau-le-jour-de-ses-196-ans\/209488\/#article","isPartOf":{"@id":"https:\/\/www.webdo.tn\/fr\/actualite\/chroniques\/salut-a-mon-drapeau-le-jour-de-ses-196-ans\/209488\/"},"author":{"name":"Hatem Bourial","@id":"https:\/\/www.webdo.tn\/fr\/#\/schema\/person\/6bc0beba2cd23aec27cb5df85ca2554f"},"headline":"Salut \u00e0 mon drapeau, le jour de ses 196 ans","datePublished":"2023-10-20T10:46:00+00:00","mainEntityOfPage":{"@id":"https:\/\/www.webdo.tn\/fr\/actualite\/chroniques\/salut-a-mon-drapeau-le-jour-de-ses-196-ans\/209488\/"},"wordCount":336,"commentCount":0,"publisher":{"@id":"https:\/\/www.webdo.tn\/fr\/#organization"},"image":{"@id":"https:\/\/www.webdo.tn\/fr\/actualite\/chroniques\/salut-a-mon-drapeau-le-jour-de-ses-196-ans\/209488\/#primaryimage"},"thumbnailUrl":"https:\/\/www.webdo.tn\/fr\/wp-content\/uploads\/2023\/10\/cafce533a6672f4af6b4610f3a60071f.jpg","keywords":["drapeau","Tunisie"],"articleSection":["Chroniques"],"inLanguage":"fr-FR"},{"@type":"WebPage","@id":"https:\/\/www.webdo.tn\/fr\/actualite\/chroniques\/salut-a-mon-drapeau-le-jour-de-ses-196-ans\/209488\/","url":"https:\/\/www.webdo.tn\/fr\/actualite\/chroniques\/salut-a-mon-drapeau-le-jour-de-ses-196-ans\/209488\/","name":"Salut \u00e0 mon drapeau, le jour de ses 196 ans","isPartOf":{"@id":"https:\/\/www.webdo.tn\/fr\/#website"},"primaryImageOfPage":{"@id":"https:\/\/www.webdo.tn\/fr\/actualite\/chroniques\/salut-a-mon-drapeau-le-jour-de-ses-196-ans\/209488\/#primaryimage"},"image":{"@id":"https:\/\/www.webdo.tn\/fr\/actualite\/chroniques\/salut-a-mon-drapeau-le-jour-de-ses-196-ans\/209488\/#primaryimage"},"thumbnailUrl":"https:\/\/www.webdo.tn\/fr\/wp-content\/uploads\/2023\/10\/cafce533a6672f4af6b4610f3a60071f.jpg","datePublished":"2023-10-20T10:46:00+00:00","description":"Chaque 20 octobre, la Tunisie c\u00e9l\u00e8bre son pavillon national institu\u00e9 il y a 196 ans, jour pour jour.","breadcrumb":{"@id":"https:\/\/www.webdo.tn\/fr\/actualite\/chroniques\/salut-a-mon-drapeau-le-jour-de-ses-196-ans\/209488\/#breadcrumb"},"inLanguage":"fr-FR","potentialAction":[{"@type":"ReadAction","target":["https:\/\/www.webdo.tn\/fr\/actualite\/chroniques\/salut-a-mon-drapeau-le-jour-de-ses-196-ans\/209488\/"]}]},{"@type":"ImageObject","inLanguage":"fr-FR","@id":"https:\/\/www.webdo.tn\/fr\/actualite\/chroniques\/salut-a-mon-drapeau-le-jour-de-ses-196-ans\/209488\/#primaryimage","url":"https:\/\/www.webdo.tn\/fr\/wp-content\/uploads\/2023\/10\/cafce533a6672f4af6b4610f3a60071f.jpg","contentUrl":"https:\/\/www.webdo.tn\/fr\/wp-content\/uploads\/2023\/10\/cafce533a6672f4af6b4610f3a60071f.jpg","width":720,"height":384,"caption":"Salut \u00e0 mon drapeau, le jour de ses 196 ans"},{"@type":"BreadcrumbList","@id":"https:\/\/www.webdo.tn\/fr\/actualite\/chroniques\/salut-a-mon-drapeau-le-jour-de-ses-196-ans\/209488\/#breadcrumb","itemListElement":[{"@type":"ListItem","position":1,"name":"Accueil","item":"https:\/\/www.webdo.tn\/fr\/"},{"@type":"ListItem","position":2,"name":"Salut \u00e0 mon drapeau, le jour de ses 196 ans"}]},{"@type":"WebSite","@id":"https:\/\/www.webdo.tn\/fr\/#website","url":"https:\/\/www.webdo.tn\/fr\/","name":"webdo","description":"Tunisie - News en Tunisie et \u00e0 l&#039;international sur Webdo.tn","publisher":{"@id":"https:\/\/www.webdo.tn\/fr\/#organization"},"potentialAction":[{"@type":"SearchAction","target":{"@type":"EntryPoint","urlTemplate":"https:\/\/www.webdo.tn\/fr\/?s={search_term_string}"},"query-input":{"@type":"PropertyValueSpecification","valueRequired":true,"valueName":"search_term_string"}}],"inLanguage":"fr-FR"},{"@type":"Organization","@id":"https:\/\/www.webdo.tn\/fr\/#organization","name":"Webdo","alternateName":"Webdo.tn","url":"https:\/\/www.webdo.tn\/fr\/","logo":{"@type":"ImageObject","inLanguage":"fr-FR","@id":"https:\/\/www.webdo.tn\/fr\/#\/schema\/logo\/image\/","url":"https:\/\/www.webdo.tn\/fr\/wp-content\/uploads\/2025\/06\/Webdo-Tunisie_168377.jpg","contentUrl":"https:\/\/www.webdo.tn\/fr\/wp-content\/uploads\/2025\/06\/Webdo-Tunisie_168377.jpg","width":301,"height":301,"caption":"Webdo"},"image":{"@id":"https:\/\/www.webdo.tn\/fr\/#\/schema\/logo\/image\/"},"sameAs":["https:\/\/www.facebook.com\/webdotn","https:\/\/x.com\/webdo_tn"],"description":"Webdo est un m\u00e9dia num\u00e9rique tunisien fond\u00e9 en 2010, sp\u00e9cialis\u00e9 dans l\u2019actualit\u00e9 nationale et internationale, l\u2019\u00e9conomie, la soci\u00e9t\u00e9 et les analyses politiques. Le site s\u2019adresse \u00e0 un large public francophone et couvre l\u2019information tunisienne en temps r\u00e9el.","email":"redac@webdo.tn","legalName":"YNJ SARL","foundingDate":"2010-09-06","numberOfEmployees":{"@type":"QuantitativeValue","minValue":"11","maxValue":"50"}},{"@type":"Person","@id":"https:\/\/www.webdo.tn\/fr\/#\/schema\/person\/6bc0beba2cd23aec27cb5df85ca2554f","name":"Hatem Bourial","image":{"@type":"ImageObject","inLanguage":"fr-FR","@id":"https:\/\/www.webdo.tn\/fr\/wp-content\/uploads\/2026\/04\/hatem-bourial_avatar-96x96.jpg","url":"https:\/\/www.webdo.tn\/fr\/wp-content\/uploads\/2026\/04\/hatem-bourial_avatar-96x96.jpg","contentUrl":"https:\/\/www.webdo.tn\/fr\/wp-content\/uploads\/2026\/04\/hatem-bourial_avatar-96x96.jpg","caption":"Hatem Bourial"},"description":"Hatem Bourial est journaliste, \u00e9crivain et chroniqueur tunisien. Actif depuis plusieurs d\u00e9cennies, il s\u2019est impos\u00e9 comme un observateur attentif de la soci\u00e9t\u00e9 tunisienne, m\u00ealant dans ses \u00e9crits m\u00e9moire, culture et analyse du quotidien. Auteur de nombreux ouvrages, il d\u00e9veloppe une \u0153uvre \u00e0 la crois\u00e9e du r\u00e9cit, de la po\u00e9sie et de l\u2019observation sociologique. Parall\u00e8lement \u00e0 ses contributions dans la presse, il intervient r\u00e9guli\u00e8rement \u00e0 la radio et dans des espaces culturels, o\u00f9 il explore les enjeux li\u00e9s au patrimoine, \u00e0 l\u2019identit\u00e9 et aux transformations du monde contemporain. \u00c0 travers ses chroniques, Hatem Bourial propose une lecture sensible et approfondie de l\u2019actualit\u00e9, nourrie par une exp\u00e9rience journalistique et litt\u00e9raire reconnue. \ud83d\udd17 Facebook : https:\/\/www.facebook.com\/hatem.bourial.2025","sameAs":["https:\/\/www.facebook.com\/hatem.bourial.2025","https:\/\/fr.wikipedia.org\/wiki\/Fichier:Hatem_Bourial.jpg"],"knowsAbout":["Culture & patrimoine tunisien","Chronique soci\u00e9tale","Litt\u00e9rature & m\u00e9moire","Cin\u00e9ma & critique culturelle","Identit\u00e9 & mutations sociales"],"knowsLanguage":["Arabe","Fran\u00e7ais","Anglais","Italien","Polonais"],"jobTitle":"Journaliste, \u00e9crivain et chroniqueur culturel","worksFor":"Webdo","url":"https:\/\/www.webdo.tn\/fr\/actualite\/author\/hatem-bourial-2\/"}]}},"_links":{"self":[{"href":"https:\/\/www.webdo.tn\/fr\/wp-json\/wp\/v2\/posts\/209488","targetHints":{"allow":["GET"]}}],"collection":[{"href":"https:\/\/www.webdo.tn\/fr\/wp-json\/wp\/v2\/posts"}],"about":[{"href":"https:\/\/www.webdo.tn\/fr\/wp-json\/wp\/v2\/types\/post"}],"author":[{"embeddable":true,"href":"https:\/\/www.webdo.tn\/fr\/wp-json\/wp\/v2\/users\/3229"}],"replies":[{"embeddable":true,"href":"https:\/\/www.webdo.tn\/fr\/wp-json\/wp\/v2\/comments?post=209488"}],"version-history":[{"count":0,"href":"https:\/\/www.webdo.tn\/fr\/wp-json\/wp\/v2\/posts\/209488\/revisions"}],"wp:featuredmedia":[{"embeddable":true,"href":"https:\/\/www.webdo.tn\/fr\/wp-json\/wp\/v2\/media\/249018"}],"wp:attachment":[{"href":"https:\/\/www.webdo.tn\/fr\/wp-json\/wp\/v2\/media?parent=209488"}],"wp:term":[{"taxonomy":"category","embeddable":true,"href":"https:\/\/www.webdo.tn\/fr\/wp-json\/wp\/v2\/categories?post=209488"},{"taxonomy":"post_tag","embeddable":true,"href":"https:\/\/www.webdo.tn\/fr\/wp-json\/wp\/v2\/tags?post=209488"}],"curies":[{"name":"wp","href":"https:\/\/api.w.org\/{rel}","templated":true}]}}