{"id":209482,"date":"2023-10-20T08:02:00","date_gmt":"2023-10-20T08:02:00","guid":{"rendered":"https:\/\/www.webdo.tn\/fr\/blog\/au-mali-un-avion-militaire-tunisien-essuie-des-tirs\/209482\/"},"modified":"2025-05-20T22:40:13","modified_gmt":"2025-05-20T22:40:13","slug":"au-mali-un-avion-militaire-tunisien-essuie-des-tirs","status":"publish","type":"post","link":"https:\/\/www.webdo.tn\/fr\/actualite\/international\/au-mali-un-avion-militaire-tunisien-essuie-des-tirs\/209482\/","title":{"rendered":"Au Mali, un avion militaire tunisien essuie des tirs"},"content":{"rendered":"<p>Cet avion op\u00e8re dans le cadre de la contribution tunisienne aux missions de maintien de la Paix dans le cadre des Nations Unies.<\/p>\n<p>\t\t\t\t\t\t\t\t\tL\u2019avion S130, appartenant \u00e0 l&rsquo;unit\u00e9 de transport de l\u2019arm\u00e9e tunisienne op\u00e9rant au Mali, a \u00e9t\u00e9 touch\u00e9 par des tirs au sol, hier jeudi 19 octobre, sans causer de d\u00e9g\u00e2ts s\u00e9rieux, ni des bless\u00e9s dans les rangs de l&rsquo;\u00e9quipage, rapporte Mosa\u00efque FM, de source bien inform\u00e9e.\u00a0<\/p>\n<p>On indique \u00e9galement que l\u2019avion a \u00e9t\u00e9 rapidement r\u00e9par\u00e9 et a repris sa mission.\u00a0<\/p>\n<p>La Mission multidimensionnelle int\u00e9gr\u00e9e des Nations unies (ONU) pour la stabilisation au Mali (Minusma) a annonc\u00e9 qu\u2019elle va finir sa mission dans ce pays, renvoy\u00e9e par le pouvoir en place.<\/p>\n<p>La Minusma doit quitter le pays d\u2019ici au 31 d\u00e9cembre. Elle a d\u00e9j\u00e0 transf\u00e9r\u00e9 aux autorit\u00e9s maliennes quatre des camps qu\u2019elle occupait, et doit en lib\u00e9rer plusieurs autres dans les jours ou les semaines \u00e0 venir dans la r\u00e9gion de Kidal (Nord), rapporte Le Monde.<\/p>\n","protected":false},"excerpt":{"rendered":"<p>Cet avion op\u00e8re dans le cadre de la contribution tunisienne aux missions de maintien de la Paix dans le cadre des Nations Unies.<\/p>\n","protected":false},"author":3175,"featured_media":249015,"comment_status":"open","ping_status":"closed","sticky":false,"template":"","format":"standard","meta":{"footnotes":""},"categories":[2598],"tags":[4664,3344,4151,2608],"class_list":["post-209482","post","type-post","status-publish","format-standard","has-post-thumbnail","hentry","category-international","tag-avion","tag-mali","tag-militaire","tag-tunisie"],"yoast_head":"<!-- This site is optimized with the Yoast SEO Premium plugin v27.5 (Yoast SEO v27.5) - https:\/\/yoast.com\/product\/yoast-seo-premium-wordpress\/ -->\n<title>Au Mali, un avion militaire tunisien essuie des tirs<\/title>\n<meta name=\"description\" content=\"Cet avion op\u00e8re dans le cadre de la contribution tunisienne aux missions de maintien de la Paix dans le cadre des Nations Unies.\" \/>\n<link rel=\"canonical\" href=\"https:\/\/www.webdo.tn\/fr\/actualite\/international\/au-mali-un-avion-militaire-tunisien-essuie-des-tirs\/209482\/\" \/>\n<meta property=\"og:locale\" content=\"fr_FR\" \/>\n<meta property=\"og:type\" content=\"article\" \/>\n<meta property=\"og:title\" content=\"Au Mali, un avion militaire tunisien essuie des tirs\" \/>\n<meta property=\"og:description\" content=\"Cet avion op\u00e8re dans le cadre de la contribution tunisienne aux missions de maintien de la Paix dans le cadre des Nations Unies.\" \/>\n<meta property=\"og:url\" content=\"https:\/\/www.webdo.tn\/fr\/actualite\/international\/au-mali-un-avion-militaire-tunisien-essuie-des-tirs\/209482\/\" \/>\n<meta property=\"og:site_name\" content=\"webdo\" \/>\n<meta property=\"article:publisher\" content=\"https:\/\/www.facebook.com\/webdotn\" \/>\n<meta property=\"article:published_time\" content=\"2023-10-20T08:02:00+00:00\" \/>\n<meta property=\"article:modified_time\" content=\"2025-05-20T22:40:13+00:00\" \/>\n<meta property=\"og:image\" content=\"https:\/\/www.webdo.tn\/fr\/wp-content\/uploads\/2023\/10\/5787c77d077dc5ff8ca29f506c95cbc7.jpg\" \/>\n\t<meta property=\"og:image:width\" content=\"750\" \/>\n\t<meta property=\"og:image:height\" content=\"400\" \/>\n\t<meta property=\"og:image:type\" content=\"image\/jpeg\" \/>\n<meta name=\"author\" content=\"CL\" \/>\n<meta name=\"twitter:card\" content=\"summary_large_image\" \/>\n<meta name=\"twitter:creator\" content=\"@webdo_tn\" \/>\n<meta name=\"twitter:site\" content=\"@webdo_tn\" \/>\n<meta name=\"twitter:label1\" content=\"\u00c9crit par\" \/>\n\t<meta name=\"twitter:data1\" content=\"CL\" \/>\n\t<meta name=\"twitter:label2\" content=\"Dur\u00e9e de lecture estim\u00e9e\" \/>\n\t<meta name=\"twitter:data2\" content=\"1 minute\" \/>\n<script type=\"application\/ld+json\" class=\"yoast-schema-graph\">{\"@context\":\"https:\\\/\\\/schema.org\",\"@graph\":[{\"@type\":\"NewsArticle\",\"@id\":\"https:\\\/\\\/www.webdo.tn\\\/fr\\\/actualite\\\/international\\\/au-mali-un-avion-militaire-tunisien-essuie-des-tirs\\\/209482\\\/#article\",\"isPartOf\":{\"@id\":\"https:\\\/\\\/www.webdo.tn\\\/fr\\\/actualite\\\/international\\\/au-mali-un-avion-militaire-tunisien-essuie-des-tirs\\\/209482\\\/\"},\"author\":{\"name\":\"CL\",\"@id\":\"https:\\\/\\\/www.webdo.tn\\\/fr\\\/#\\\/schema\\\/person\\\/f35b42a42c5e2511bbd282959d6385cc\"},\"headline\":\"Au Mali, un avion militaire tunisien essuie des tirs\",\"datePublished\":\"2023-10-20T08:02:00+00:00\",\"dateModified\":\"2025-05-20T22:40:13+00:00\",\"mainEntityOfPage\":{\"@id\":\"https:\\\/\\\/www.webdo.tn\\\/fr\\\/actualite\\\/international\\\/au-mali-un-avion-militaire-tunisien-essuie-des-tirs\\\/209482\\\/\"},\"wordCount\":189,\"commentCount\":0,\"publisher\":{\"@id\":\"https:\\\/\\\/www.webdo.tn\\\/fr\\\/#organization\"},\"image\":{\"@id\":\"https:\\\/\\\/www.webdo.tn\\\/fr\\\/actualite\\\/international\\\/au-mali-un-avion-militaire-tunisien-essuie-des-tirs\\\/209482\\\/#primaryimage\"},\"thumbnailUrl\":\"https:\\\/\\\/www.webdo.tn\\\/fr\\\/wp-content\\\/uploads\\\/2023\\\/10\\\/5787c77d077dc5ff8ca29f506c95cbc7.jpg\",\"keywords\":[\"Avion\",\"Mali\",\"Militaire\",\"Tunisie\"],\"articleSection\":[\"International\"],\"inLanguage\":\"fr-FR\"},{\"@type\":\"WebPage\",\"@id\":\"https:\\\/\\\/www.webdo.tn\\\/fr\\\/actualite\\\/international\\\/au-mali-un-avion-militaire-tunisien-essuie-des-tirs\\\/209482\\\/\",\"url\":\"https:\\\/\\\/www.webdo.tn\\\/fr\\\/actualite\\\/international\\\/au-mali-un-avion-militaire-tunisien-essuie-des-tirs\\\/209482\\\/\",\"name\":\"Au Mali, un avion militaire tunisien essuie des tirs\",\"isPartOf\":{\"@id\":\"https:\\\/\\\/www.webdo.tn\\\/fr\\\/#website\"},\"primaryImageOfPage\":{\"@id\":\"https:\\\/\\\/www.webdo.tn\\\/fr\\\/actualite\\\/international\\\/au-mali-un-avion-militaire-tunisien-essuie-des-tirs\\\/209482\\\/#primaryimage\"},\"image\":{\"@id\":\"https:\\\/\\\/www.webdo.tn\\\/fr\\\/actualite\\\/international\\\/au-mali-un-avion-militaire-tunisien-essuie-des-tirs\\\/209482\\\/#primaryimage\"},\"thumbnailUrl\":\"https:\\\/\\\/www.webdo.tn\\\/fr\\\/wp-content\\\/uploads\\\/2023\\\/10\\\/5787c77d077dc5ff8ca29f506c95cbc7.jpg\",\"datePublished\":\"2023-10-20T08:02:00+00:00\",\"dateModified\":\"2025-05-20T22:40:13+00:00\",\"description\":\"Cet avion op\u00e8re dans le cadre de la contribution tunisienne aux missions de maintien de la Paix dans le cadre des Nations Unies.\",\"breadcrumb\":{\"@id\":\"https:\\\/\\\/www.webdo.tn\\\/fr\\\/actualite\\\/international\\\/au-mali-un-avion-militaire-tunisien-essuie-des-tirs\\\/209482\\\/#breadcrumb\"},\"inLanguage\":\"fr-FR\",\"potentialAction\":[{\"@type\":\"ReadAction\",\"target\":[\"https:\\\/\\\/www.webdo.tn\\\/fr\\\/actualite\\\/international\\\/au-mali-un-avion-militaire-tunisien-essuie-des-tirs\\\/209482\\\/\"]}]},{\"@type\":\"ImageObject\",\"inLanguage\":\"fr-FR\",\"@id\":\"https:\\\/\\\/www.webdo.tn\\\/fr\\\/actualite\\\/international\\\/au-mali-un-avion-militaire-tunisien-essuie-des-tirs\\\/209482\\\/#primaryimage\",\"url\":\"https:\\\/\\\/www.webdo.tn\\\/fr\\\/wp-content\\\/uploads\\\/2023\\\/10\\\/5787c77d077dc5ff8ca29f506c95cbc7.jpg\",\"contentUrl\":\"https:\\\/\\\/www.webdo.tn\\\/fr\\\/wp-content\\\/uploads\\\/2023\\\/10\\\/5787c77d077dc5ff8ca29f506c95cbc7.jpg\",\"width\":750,\"height\":400,\"caption\":\"Au Mali, un avion militaire tunisien essuie des tirs\"},{\"@type\":\"BreadcrumbList\",\"@id\":\"https:\\\/\\\/www.webdo.tn\\\/fr\\\/actualite\\\/international\\\/au-mali-un-avion-militaire-tunisien-essuie-des-tirs\\\/209482\\\/#breadcrumb\",\"itemListElement\":[{\"@type\":\"ListItem\",\"position\":1,\"name\":\"Accueil\",\"item\":\"https:\\\/\\\/www.webdo.tn\\\/fr\\\/\"},{\"@type\":\"ListItem\",\"position\":2,\"name\":\"Au Mali, un avion militaire tunisien essuie des tirs\"}]},{\"@type\":\"WebSite\",\"@id\":\"https:\\\/\\\/www.webdo.tn\\\/fr\\\/#website\",\"url\":\"https:\\\/\\\/www.webdo.tn\\\/fr\\\/\",\"name\":\"webdo\",\"description\":\"Tunisie - News en Tunisie et \u00e0 l&#039;international sur Webdo.tn\",\"publisher\":{\"@id\":\"https:\\\/\\\/www.webdo.tn\\\/fr\\\/#organization\"},\"potentialAction\":[{\"@type\":\"SearchAction\",\"target\":{\"@type\":\"EntryPoint\",\"urlTemplate\":\"https:\\\/\\\/www.webdo.tn\\\/fr\\\/?s={search_term_string}\"},\"query-input\":{\"@type\":\"PropertyValueSpecification\",\"valueRequired\":true,\"valueName\":\"search_term_string\"}}],\"inLanguage\":\"fr-FR\"},{\"@type\":\"Organization\",\"@id\":\"https:\\\/\\\/www.webdo.tn\\\/fr\\\/#organization\",\"name\":\"Webdo\",\"alternateName\":\"Webdo.tn\",\"url\":\"https:\\\/\\\/www.webdo.tn\\\/fr\\\/\",\"logo\":{\"@type\":\"ImageObject\",\"inLanguage\":\"fr-FR\",\"@id\":\"https:\\\/\\\/www.webdo.tn\\\/fr\\\/#\\\/schema\\\/logo\\\/image\\\/\",\"url\":\"https:\\\/\\\/www.webdo.tn\\\/fr\\\/wp-content\\\/uploads\\\/2025\\\/06\\\/Webdo-Tunisie_168377.jpg\",\"contentUrl\":\"https:\\\/\\\/www.webdo.tn\\\/fr\\\/wp-content\\\/uploads\\\/2025\\\/06\\\/Webdo-Tunisie_168377.jpg\",\"width\":301,\"height\":301,\"caption\":\"Webdo\"},\"image\":{\"@id\":\"https:\\\/\\\/www.webdo.tn\\\/fr\\\/#\\\/schema\\\/logo\\\/image\\\/\"},\"sameAs\":[\"https:\\\/\\\/www.facebook.com\\\/webdotn\",\"https:\\\/\\\/x.com\\\/webdo_tn\"],\"description\":\"Webdo est un m\u00e9dia num\u00e9rique tunisien fond\u00e9 en 2010, sp\u00e9cialis\u00e9 dans l\u2019actualit\u00e9 nationale et internationale, l\u2019\u00e9conomie, la soci\u00e9t\u00e9 et les analyses politiques. Le site s\u2019adresse \u00e0 un large public francophone et couvre l\u2019information tunisienne en temps r\u00e9el.\",\"email\":\"redac@webdo.tn\",\"legalName\":\"YNJ SARL\",\"foundingDate\":\"2010-09-06\",\"numberOfEmployees\":{\"@type\":\"QuantitativeValue\",\"minValue\":\"11\",\"maxValue\":\"50\"}},{\"@type\":\"Person\",\"@id\":\"https:\\\/\\\/www.webdo.tn\\\/fr\\\/#\\\/schema\\\/person\\\/f35b42a42c5e2511bbd282959d6385cc\",\"name\":\"CL\",\"image\":{\"@type\":\"ImageObject\",\"inLanguage\":\"fr-FR\",\"@id\":\"https:\\\/\\\/secure.gravatar.com\\\/avatar\\\/1447a49909b67aa657c488aec6512e1dd6143a480c1ecfee9b5b5cd74eb3b59e?s=96&d=mm&r=g\",\"url\":\"https:\\\/\\\/secure.gravatar.com\\\/avatar\\\/1447a49909b67aa657c488aec6512e1dd6143a480c1ecfee9b5b5cd74eb3b59e?s=96&d=mm&r=g\",\"contentUrl\":\"https:\\\/\\\/secure.gravatar.com\\\/avatar\\\/1447a49909b67aa657c488aec6512e1dd6143a480c1ecfee9b5b5cd74eb3b59e?s=96&d=mm&r=g\",\"caption\":\"CL\"},\"url\":\"https:\\\/\\\/www.webdo.tn\\\/fr\\\/actualite\\\/author\\\/cl\\\/\"}]}<\/script>\n<!-- \/ Yoast SEO Premium plugin. -->","yoast_head_json":{"title":"Au Mali, un avion militaire tunisien essuie des tirs","description":"Cet avion op\u00e8re dans le cadre de la contribution tunisienne aux missions de maintien de la Paix dans le cadre des Nations Unies.","canonical":"https:\/\/www.webdo.tn\/fr\/actualite\/international\/au-mali-un-avion-militaire-tunisien-essuie-des-tirs\/209482\/","og_locale":"fr_FR","og_type":"article","og_title":"Au Mali, un avion militaire tunisien essuie des tirs","og_description":"Cet avion op\u00e8re dans le cadre de la contribution tunisienne aux missions de maintien de la Paix dans le cadre des Nations Unies.","og_url":"https:\/\/www.webdo.tn\/fr\/actualite\/international\/au-mali-un-avion-militaire-tunisien-essuie-des-tirs\/209482\/","og_site_name":"webdo","article_publisher":"https:\/\/www.facebook.com\/webdotn","article_published_time":"2023-10-20T08:02:00+00:00","article_modified_time":"2025-05-20T22:40:13+00:00","og_image":[{"width":750,"height":400,"url":"https:\/\/www.webdo.tn\/fr\/wp-content\/uploads\/2023\/10\/5787c77d077dc5ff8ca29f506c95cbc7.jpg","type":"image\/jpeg"}],"author":"CL","twitter_card":"summary_large_image","twitter_creator":"@webdo_tn","twitter_site":"@webdo_tn","twitter_misc":{"\u00c9crit par":"CL","Dur\u00e9e de lecture estim\u00e9e":"1 minute"},"schema":{"@context":"https:\/\/schema.org","@graph":[{"@type":"NewsArticle","@id":"https:\/\/www.webdo.tn\/fr\/actualite\/international\/au-mali-un-avion-militaire-tunisien-essuie-des-tirs\/209482\/#article","isPartOf":{"@id":"https:\/\/www.webdo.tn\/fr\/actualite\/international\/au-mali-un-avion-militaire-tunisien-essuie-des-tirs\/209482\/"},"author":{"name":"CL","@id":"https:\/\/www.webdo.tn\/fr\/#\/schema\/person\/f35b42a42c5e2511bbd282959d6385cc"},"headline":"Au Mali, un avion militaire tunisien essuie des tirs","datePublished":"2023-10-20T08:02:00+00:00","dateModified":"2025-05-20T22:40:13+00:00","mainEntityOfPage":{"@id":"https:\/\/www.webdo.tn\/fr\/actualite\/international\/au-mali-un-avion-militaire-tunisien-essuie-des-tirs\/209482\/"},"wordCount":189,"commentCount":0,"publisher":{"@id":"https:\/\/www.webdo.tn\/fr\/#organization"},"image":{"@id":"https:\/\/www.webdo.tn\/fr\/actualite\/international\/au-mali-un-avion-militaire-tunisien-essuie-des-tirs\/209482\/#primaryimage"},"thumbnailUrl":"https:\/\/www.webdo.tn\/fr\/wp-content\/uploads\/2023\/10\/5787c77d077dc5ff8ca29f506c95cbc7.jpg","keywords":["Avion","Mali","Militaire","Tunisie"],"articleSection":["International"],"inLanguage":"fr-FR"},{"@type":"WebPage","@id":"https:\/\/www.webdo.tn\/fr\/actualite\/international\/au-mali-un-avion-militaire-tunisien-essuie-des-tirs\/209482\/","url":"https:\/\/www.webdo.tn\/fr\/actualite\/international\/au-mali-un-avion-militaire-tunisien-essuie-des-tirs\/209482\/","name":"Au Mali, un avion militaire tunisien essuie des tirs","isPartOf":{"@id":"https:\/\/www.webdo.tn\/fr\/#website"},"primaryImageOfPage":{"@id":"https:\/\/www.webdo.tn\/fr\/actualite\/international\/au-mali-un-avion-militaire-tunisien-essuie-des-tirs\/209482\/#primaryimage"},"image":{"@id":"https:\/\/www.webdo.tn\/fr\/actualite\/international\/au-mali-un-avion-militaire-tunisien-essuie-des-tirs\/209482\/#primaryimage"},"thumbnailUrl":"https:\/\/www.webdo.tn\/fr\/wp-content\/uploads\/2023\/10\/5787c77d077dc5ff8ca29f506c95cbc7.jpg","datePublished":"2023-10-20T08:02:00+00:00","dateModified":"2025-05-20T22:40:13+00:00","description":"Cet avion op\u00e8re dans le cadre de la contribution tunisienne aux missions de maintien de la Paix dans le cadre des Nations Unies.","breadcrumb":{"@id":"https:\/\/www.webdo.tn\/fr\/actualite\/international\/au-mali-un-avion-militaire-tunisien-essuie-des-tirs\/209482\/#breadcrumb"},"inLanguage":"fr-FR","potentialAction":[{"@type":"ReadAction","target":["https:\/\/www.webdo.tn\/fr\/actualite\/international\/au-mali-un-avion-militaire-tunisien-essuie-des-tirs\/209482\/"]}]},{"@type":"ImageObject","inLanguage":"fr-FR","@id":"https:\/\/www.webdo.tn\/fr\/actualite\/international\/au-mali-un-avion-militaire-tunisien-essuie-des-tirs\/209482\/#primaryimage","url":"https:\/\/www.webdo.tn\/fr\/wp-content\/uploads\/2023\/10\/5787c77d077dc5ff8ca29f506c95cbc7.jpg","contentUrl":"https:\/\/www.webdo.tn\/fr\/wp-content\/uploads\/2023\/10\/5787c77d077dc5ff8ca29f506c95cbc7.jpg","width":750,"height":400,"caption":"Au Mali, un avion militaire tunisien essuie des tirs"},{"@type":"BreadcrumbList","@id":"https:\/\/www.webdo.tn\/fr\/actualite\/international\/au-mali-un-avion-militaire-tunisien-essuie-des-tirs\/209482\/#breadcrumb","itemListElement":[{"@type":"ListItem","position":1,"name":"Accueil","item":"https:\/\/www.webdo.tn\/fr\/"},{"@type":"ListItem","position":2,"name":"Au Mali, un avion militaire tunisien essuie des tirs"}]},{"@type":"WebSite","@id":"https:\/\/www.webdo.tn\/fr\/#website","url":"https:\/\/www.webdo.tn\/fr\/","name":"webdo","description":"Tunisie - News en Tunisie et \u00e0 l&#039;international sur Webdo.tn","publisher":{"@id":"https:\/\/www.webdo.tn\/fr\/#organization"},"potentialAction":[{"@type":"SearchAction","target":{"@type":"EntryPoint","urlTemplate":"https:\/\/www.webdo.tn\/fr\/?s={search_term_string}"},"query-input":{"@type":"PropertyValueSpecification","valueRequired":true,"valueName":"search_term_string"}}],"inLanguage":"fr-FR"},{"@type":"Organization","@id":"https:\/\/www.webdo.tn\/fr\/#organization","name":"Webdo","alternateName":"Webdo.tn","url":"https:\/\/www.webdo.tn\/fr\/","logo":{"@type":"ImageObject","inLanguage":"fr-FR","@id":"https:\/\/www.webdo.tn\/fr\/#\/schema\/logo\/image\/","url":"https:\/\/www.webdo.tn\/fr\/wp-content\/uploads\/2025\/06\/Webdo-Tunisie_168377.jpg","contentUrl":"https:\/\/www.webdo.tn\/fr\/wp-content\/uploads\/2025\/06\/Webdo-Tunisie_168377.jpg","width":301,"height":301,"caption":"Webdo"},"image":{"@id":"https:\/\/www.webdo.tn\/fr\/#\/schema\/logo\/image\/"},"sameAs":["https:\/\/www.facebook.com\/webdotn","https:\/\/x.com\/webdo_tn"],"description":"Webdo est un m\u00e9dia num\u00e9rique tunisien fond\u00e9 en 2010, sp\u00e9cialis\u00e9 dans l\u2019actualit\u00e9 nationale et internationale, l\u2019\u00e9conomie, la soci\u00e9t\u00e9 et les analyses politiques. Le site s\u2019adresse \u00e0 un large public francophone et couvre l\u2019information tunisienne en temps r\u00e9el.","email":"redac@webdo.tn","legalName":"YNJ SARL","foundingDate":"2010-09-06","numberOfEmployees":{"@type":"QuantitativeValue","minValue":"11","maxValue":"50"}},{"@type":"Person","@id":"https:\/\/www.webdo.tn\/fr\/#\/schema\/person\/f35b42a42c5e2511bbd282959d6385cc","name":"CL","image":{"@type":"ImageObject","inLanguage":"fr-FR","@id":"https:\/\/secure.gravatar.com\/avatar\/1447a49909b67aa657c488aec6512e1dd6143a480c1ecfee9b5b5cd74eb3b59e?s=96&d=mm&r=g","url":"https:\/\/secure.gravatar.com\/avatar\/1447a49909b67aa657c488aec6512e1dd6143a480c1ecfee9b5b5cd74eb3b59e?s=96&d=mm&r=g","contentUrl":"https:\/\/secure.gravatar.com\/avatar\/1447a49909b67aa657c488aec6512e1dd6143a480c1ecfee9b5b5cd74eb3b59e?s=96&d=mm&r=g","caption":"CL"},"url":"https:\/\/www.webdo.tn\/fr\/actualite\/author\/cl\/"}]}},"_links":{"self":[{"href":"https:\/\/www.webdo.tn\/fr\/wp-json\/wp\/v2\/posts\/209482","targetHints":{"allow":["GET"]}}],"collection":[{"href":"https:\/\/www.webdo.tn\/fr\/wp-json\/wp\/v2\/posts"}],"about":[{"href":"https:\/\/www.webdo.tn\/fr\/wp-json\/wp\/v2\/types\/post"}],"author":[{"embeddable":true,"href":"https:\/\/www.webdo.tn\/fr\/wp-json\/wp\/v2\/users\/3175"}],"replies":[{"embeddable":true,"href":"https:\/\/www.webdo.tn\/fr\/wp-json\/wp\/v2\/comments?post=209482"}],"version-history":[{"count":0,"href":"https:\/\/www.webdo.tn\/fr\/wp-json\/wp\/v2\/posts\/209482\/revisions"}],"wp:featuredmedia":[{"embeddable":true,"href":"https:\/\/www.webdo.tn\/fr\/wp-json\/wp\/v2\/media\/249015"}],"wp:attachment":[{"href":"https:\/\/www.webdo.tn\/fr\/wp-json\/wp\/v2\/media?parent=209482"}],"wp:term":[{"taxonomy":"category","embeddable":true,"href":"https:\/\/www.webdo.tn\/fr\/wp-json\/wp\/v2\/categories?post=209482"},{"taxonomy":"post_tag","embeddable":true,"href":"https:\/\/www.webdo.tn\/fr\/wp-json\/wp\/v2\/tags?post=209482"}],"curies":[{"name":"wp","href":"https:\/\/api.w.org\/{rel}","templated":true}]}}