{"id":209469,"date":"2023-10-19T18:31:00","date_gmt":"2023-10-19T18:31:00","guid":{"rendered":"https:\/\/www.webdo.tn\/fr\/blog\/gaza-l-onat-menace-suspendre-son-adhesion-a-l-union-internationale-des-avocats\/209469\/"},"modified":"2025-05-20T22:52:08","modified_gmt":"2025-05-20T22:52:08","slug":"gaza-l-onat-menace-suspendre-son-adhesion-a-l-union-internationale-des-avocats","status":"publish","type":"post","link":"https:\/\/www.webdo.tn\/fr\/actualite\/national\/gaza-l-onat-menace-suspendre-son-adhesion-a-l-union-internationale-des-avocats\/209469\/","title":{"rendered":"Gaza : L&rsquo;ONAT menace de suspendre son adh\u00e9sion \u00e0 l&rsquo;Union internationale des avocats"},"content":{"rendered":"<p>L&rsquo;Ordre national des avocats de Tunisie (ONAT) a annonc\u00e9, jeudi, qu&rsquo;il envisage de suspendre, d\u00e9finitivement, son adh\u00e9sion \u00e0 l&rsquo;Union internationale des avocats (UIA), au cas o\u00f9 elle ne renonce pas \u00e0 sa position en faveur de l&rsquo;entit\u00e9 sioniste.<\/p>\n<p>\t\t\t\t\t\t\t\t\tL&rsquo;ONAT a, en outre, annonc\u00e9 son boycott des travaux du congr\u00e8s international de l&rsquo;Union pr\u00e9vu du 25 au 29 octobre courant, \u00e0 Rome.<\/p>\n<p>L&rsquo;Onat proteste contre la position de l&rsquo;UIA qui va \u00e0 l&rsquo;encontre des principes et des valeurs du barreau tunisien, lit-on dans une lettre adress\u00e9e, jeudi, \u00e0 la pr\u00e9sidente de l&rsquo;Union, par le b\u00e2tonnier des avocats.<\/p>\n<p>L&rsquo;Ordre des avocats d\u00e9nonce aussi la position de l&rsquo;UIA en faveur de l&rsquo;agression sioniste contre Gaza, l&rsquo;exhortant \u00e0 r\u00e9viser cette position et \u00e0 se r\u00e9f\u00e9rer aux principes nobles de l&rsquo;Union.<\/p>\n<p>Dans une d\u00e9claration publi\u00e9e le 12 octobre courant, l&rsquo;Union internationale des avocats a \u00ab\u00a0condamn\u00e9 avec la plus grande fermet\u00e9 les attaques men\u00e9es par la r\u00e9sistance palestinienne en Isra\u00ebl\u00a0\u00bb.<\/p>\n","protected":false},"excerpt":{"rendered":"<p>L&rsquo;Ordre national des avocats de Tunisie (ONAT) a annonc\u00e9, jeudi, qu&rsquo;il envisage de suspendre, d\u00e9finitivement, son adh\u00e9sion \u00e0 l&rsquo;Union internationale des avocats&#8230;<\/p>\n","protected":false},"author":3175,"featured_media":278922,"comment_status":"open","ping_status":"closed","sticky":false,"template":"","format":"standard","meta":{"footnotes":""},"categories":[44],"tags":[4962,5693,2608],"class_list":["post-209469","post","type-post","status-publish","format-standard","has-post-thumbnail","hentry","category-national","tag-avocats","tag-onat","tag-tunisie"],"yoast_head":"<!-- This site is optimized with the Yoast SEO Premium plugin v27.4 (Yoast SEO v27.5) - https:\/\/yoast.com\/product\/yoast-seo-premium-wordpress\/ -->\n<title>Gaza : L&#039;ONAT menace de suspendre son adh\u00e9sion \u00e0 l&#039;Union internationale des avocats<\/title>\n<meta name=\"description\" content=\"L&#039;Ordre national des avocats de Tunisie (ONAT) a annonc\u00e9, jeudi, qu&#039;il envisage de suspendre, d\u00e9finitivement, son adh\u00e9sion \u00e0 l&#039;Union internationale des avocats...\" \/>\n<link rel=\"canonical\" href=\"https:\/\/www.webdo.tn\/fr\/actualite\/national\/gaza-l-onat-menace-suspendre-son-adhesion-a-l-union-internationale-des-avocats\/209469\/\" \/>\n<meta property=\"og:locale\" content=\"fr_FR\" \/>\n<meta property=\"og:type\" content=\"article\" \/>\n<meta property=\"og:title\" content=\"Gaza : L&#039;ONAT menace de suspendre son adh\u00e9sion \u00e0 l&#039;Union internationale des avocats\" \/>\n<meta property=\"og:description\" content=\"L&#039;Ordre national des avocats de Tunisie (ONAT) a annonc\u00e9, jeudi, qu&#039;il envisage de suspendre, d\u00e9finitivement, son adh\u00e9sion \u00e0 l&#039;Union internationale des avocats...\" \/>\n<meta property=\"og:url\" content=\"https:\/\/www.webdo.tn\/fr\/actualite\/national\/gaza-l-onat-menace-suspendre-son-adhesion-a-l-union-internationale-des-avocats\/209469\/\" \/>\n<meta property=\"og:site_name\" content=\"webdo\" \/>\n<meta property=\"article:publisher\" content=\"https:\/\/www.facebook.com\/webdotn\" \/>\n<meta property=\"article:published_time\" content=\"2023-10-19T18:31:00+00:00\" \/>\n<meta property=\"article:modified_time\" content=\"2025-05-20T22:52:08+00:00\" \/>\n<meta property=\"og:image\" content=\"https:\/\/www.webdo.tn\/fr\/wp-content\/uploads\/2023\/10\/e4899cf3382f220251d5678b26aba098.jpg\" \/>\n\t<meta property=\"og:image:width\" content=\"750\" \/>\n\t<meta property=\"og:image:height\" content=\"400\" \/>\n\t<meta property=\"og:image:type\" content=\"image\/jpeg\" \/>\n<meta name=\"author\" content=\"CL\" \/>\n<meta name=\"twitter:card\" content=\"summary_large_image\" \/>\n<meta name=\"twitter:creator\" content=\"@webdo_tn\" \/>\n<meta name=\"twitter:site\" content=\"@webdo_tn\" \/>\n<meta name=\"twitter:label1\" content=\"\u00c9crit par\" \/>\n\t<meta name=\"twitter:data1\" content=\"CL\" \/>\n\t<meta name=\"twitter:label2\" content=\"Dur\u00e9e de lecture estim\u00e9e\" \/>\n\t<meta name=\"twitter:data2\" content=\"1 minute\" \/>\n<script type=\"application\/ld+json\" class=\"yoast-schema-graph\">{\"@context\":\"https:\\\/\\\/schema.org\",\"@graph\":[{\"@type\":\"NewsArticle\",\"@id\":\"https:\\\/\\\/www.webdo.tn\\\/fr\\\/actualite\\\/national\\\/gaza-l-onat-menace-suspendre-son-adhesion-a-l-union-internationale-des-avocats\\\/209469\\\/#article\",\"isPartOf\":{\"@id\":\"https:\\\/\\\/www.webdo.tn\\\/fr\\\/actualite\\\/national\\\/gaza-l-onat-menace-suspendre-son-adhesion-a-l-union-internationale-des-avocats\\\/209469\\\/\"},\"author\":{\"name\":\"CL\",\"@id\":\"https:\\\/\\\/www.webdo.tn\\\/fr\\\/#\\\/schema\\\/person\\\/f35b42a42c5e2511bbd282959d6385cc\"},\"headline\":\"Gaza : L&rsquo;ONAT menace de suspendre son adh\u00e9sion \u00e0 l&rsquo;Union internationale des avocats\",\"datePublished\":\"2023-10-19T18:31:00+00:00\",\"dateModified\":\"2025-05-20T22:52:08+00:00\",\"mainEntityOfPage\":{\"@id\":\"https:\\\/\\\/www.webdo.tn\\\/fr\\\/actualite\\\/national\\\/gaza-l-onat-menace-suspendre-son-adhesion-a-l-union-internationale-des-avocats\\\/209469\\\/\"},\"wordCount\":190,\"commentCount\":0,\"publisher\":{\"@id\":\"https:\\\/\\\/www.webdo.tn\\\/fr\\\/#organization\"},\"image\":{\"@id\":\"https:\\\/\\\/www.webdo.tn\\\/fr\\\/actualite\\\/national\\\/gaza-l-onat-menace-suspendre-son-adhesion-a-l-union-internationale-des-avocats\\\/209469\\\/#primaryimage\"},\"thumbnailUrl\":\"https:\\\/\\\/www.webdo.tn\\\/fr\\\/wp-content\\\/uploads\\\/2023\\\/10\\\/e4899cf3382f220251d5678b26aba098.jpg\",\"keywords\":[\"avocats\",\"onat\",\"Tunisie\"],\"articleSection\":[\"National\"],\"inLanguage\":\"fr-FR\"},{\"@type\":\"WebPage\",\"@id\":\"https:\\\/\\\/www.webdo.tn\\\/fr\\\/actualite\\\/national\\\/gaza-l-onat-menace-suspendre-son-adhesion-a-l-union-internationale-des-avocats\\\/209469\\\/\",\"url\":\"https:\\\/\\\/www.webdo.tn\\\/fr\\\/actualite\\\/national\\\/gaza-l-onat-menace-suspendre-son-adhesion-a-l-union-internationale-des-avocats\\\/209469\\\/\",\"name\":\"Gaza : L'ONAT menace de suspendre son adh\u00e9sion \u00e0 l'Union internationale des avocats\",\"isPartOf\":{\"@id\":\"https:\\\/\\\/www.webdo.tn\\\/fr\\\/#website\"},\"primaryImageOfPage\":{\"@id\":\"https:\\\/\\\/www.webdo.tn\\\/fr\\\/actualite\\\/national\\\/gaza-l-onat-menace-suspendre-son-adhesion-a-l-union-internationale-des-avocats\\\/209469\\\/#primaryimage\"},\"image\":{\"@id\":\"https:\\\/\\\/www.webdo.tn\\\/fr\\\/actualite\\\/national\\\/gaza-l-onat-menace-suspendre-son-adhesion-a-l-union-internationale-des-avocats\\\/209469\\\/#primaryimage\"},\"thumbnailUrl\":\"https:\\\/\\\/www.webdo.tn\\\/fr\\\/wp-content\\\/uploads\\\/2023\\\/10\\\/e4899cf3382f220251d5678b26aba098.jpg\",\"datePublished\":\"2023-10-19T18:31:00+00:00\",\"dateModified\":\"2025-05-20T22:52:08+00:00\",\"description\":\"L'Ordre national des avocats de Tunisie (ONAT) a annonc\u00e9, jeudi, qu'il envisage de suspendre, d\u00e9finitivement, son adh\u00e9sion \u00e0 l'Union internationale des avocats...\",\"breadcrumb\":{\"@id\":\"https:\\\/\\\/www.webdo.tn\\\/fr\\\/actualite\\\/national\\\/gaza-l-onat-menace-suspendre-son-adhesion-a-l-union-internationale-des-avocats\\\/209469\\\/#breadcrumb\"},\"inLanguage\":\"fr-FR\",\"potentialAction\":[{\"@type\":\"ReadAction\",\"target\":[\"https:\\\/\\\/www.webdo.tn\\\/fr\\\/actualite\\\/national\\\/gaza-l-onat-menace-suspendre-son-adhesion-a-l-union-internationale-des-avocats\\\/209469\\\/\"]}]},{\"@type\":\"ImageObject\",\"inLanguage\":\"fr-FR\",\"@id\":\"https:\\\/\\\/www.webdo.tn\\\/fr\\\/actualite\\\/national\\\/gaza-l-onat-menace-suspendre-son-adhesion-a-l-union-internationale-des-avocats\\\/209469\\\/#primaryimage\",\"url\":\"https:\\\/\\\/www.webdo.tn\\\/fr\\\/wp-content\\\/uploads\\\/2023\\\/10\\\/e4899cf3382f220251d5678b26aba098.jpg\",\"contentUrl\":\"https:\\\/\\\/www.webdo.tn\\\/fr\\\/wp-content\\\/uploads\\\/2023\\\/10\\\/e4899cf3382f220251d5678b26aba098.jpg\",\"width\":750,\"height\":400,\"caption\":\"Gaza : L'ONAT menace de suspendre son adh\u00e9sion \u00e0 l'Union internationale des avocats\"},{\"@type\":\"BreadcrumbList\",\"@id\":\"https:\\\/\\\/www.webdo.tn\\\/fr\\\/actualite\\\/national\\\/gaza-l-onat-menace-suspendre-son-adhesion-a-l-union-internationale-des-avocats\\\/209469\\\/#breadcrumb\",\"itemListElement\":[{\"@type\":\"ListItem\",\"position\":1,\"name\":\"Accueil\",\"item\":\"https:\\\/\\\/www.webdo.tn\\\/fr\\\/\"},{\"@type\":\"ListItem\",\"position\":2,\"name\":\"Gaza : L&rsquo;ONAT menace de suspendre son adh\u00e9sion \u00e0 l&rsquo;Union internationale des avocats\"}]},{\"@type\":\"WebSite\",\"@id\":\"https:\\\/\\\/www.webdo.tn\\\/fr\\\/#website\",\"url\":\"https:\\\/\\\/www.webdo.tn\\\/fr\\\/\",\"name\":\"webdo\",\"description\":\"Tunisie - News en Tunisie et \u00e0 l&#039;international sur Webdo.tn\",\"publisher\":{\"@id\":\"https:\\\/\\\/www.webdo.tn\\\/fr\\\/#organization\"},\"potentialAction\":[{\"@type\":\"SearchAction\",\"target\":{\"@type\":\"EntryPoint\",\"urlTemplate\":\"https:\\\/\\\/www.webdo.tn\\\/fr\\\/?s={search_term_string}\"},\"query-input\":{\"@type\":\"PropertyValueSpecification\",\"valueRequired\":true,\"valueName\":\"search_term_string\"}}],\"inLanguage\":\"fr-FR\"},{\"@type\":\"Organization\",\"@id\":\"https:\\\/\\\/www.webdo.tn\\\/fr\\\/#organization\",\"name\":\"Webdo\",\"alternateName\":\"Webdo.tn\",\"url\":\"https:\\\/\\\/www.webdo.tn\\\/fr\\\/\",\"logo\":{\"@type\":\"ImageObject\",\"inLanguage\":\"fr-FR\",\"@id\":\"https:\\\/\\\/www.webdo.tn\\\/fr\\\/#\\\/schema\\\/logo\\\/image\\\/\",\"url\":\"https:\\\/\\\/www.webdo.tn\\\/fr\\\/wp-content\\\/uploads\\\/2025\\\/06\\\/Webdo-Tunisie_168377.jpg\",\"contentUrl\":\"https:\\\/\\\/www.webdo.tn\\\/fr\\\/wp-content\\\/uploads\\\/2025\\\/06\\\/Webdo-Tunisie_168377.jpg\",\"width\":301,\"height\":301,\"caption\":\"Webdo\"},\"image\":{\"@id\":\"https:\\\/\\\/www.webdo.tn\\\/fr\\\/#\\\/schema\\\/logo\\\/image\\\/\"},\"sameAs\":[\"https:\\\/\\\/www.facebook.com\\\/webdotn\",\"https:\\\/\\\/x.com\\\/webdo_tn\"],\"description\":\"Webdo est un m\u00e9dia num\u00e9rique tunisien fond\u00e9 en 2010, sp\u00e9cialis\u00e9 dans l\u2019actualit\u00e9 nationale et internationale, l\u2019\u00e9conomie, la soci\u00e9t\u00e9 et les analyses politiques. Le site s\u2019adresse \u00e0 un large public francophone et couvre l\u2019information tunisienne en temps r\u00e9el.\",\"email\":\"redac@webdo.tn\",\"legalName\":\"YNJ SARL\",\"foundingDate\":\"2010-09-06\",\"numberOfEmployees\":{\"@type\":\"QuantitativeValue\",\"minValue\":\"11\",\"maxValue\":\"50\"}},{\"@type\":\"Person\",\"@id\":\"https:\\\/\\\/www.webdo.tn\\\/fr\\\/#\\\/schema\\\/person\\\/f35b42a42c5e2511bbd282959d6385cc\",\"name\":\"CL\",\"image\":{\"@type\":\"ImageObject\",\"inLanguage\":\"fr-FR\",\"@id\":\"https:\\\/\\\/secure.gravatar.com\\\/avatar\\\/1447a49909b67aa657c488aec6512e1dd6143a480c1ecfee9b5b5cd74eb3b59e?s=96&d=mm&r=g\",\"url\":\"https:\\\/\\\/secure.gravatar.com\\\/avatar\\\/1447a49909b67aa657c488aec6512e1dd6143a480c1ecfee9b5b5cd74eb3b59e?s=96&d=mm&r=g\",\"contentUrl\":\"https:\\\/\\\/secure.gravatar.com\\\/avatar\\\/1447a49909b67aa657c488aec6512e1dd6143a480c1ecfee9b5b5cd74eb3b59e?s=96&d=mm&r=g\",\"caption\":\"CL\"},\"url\":\"https:\\\/\\\/www.webdo.tn\\\/fr\\\/actualite\\\/author\\\/cl\\\/\"}]}<\/script>\n<!-- \/ Yoast SEO Premium plugin. -->","yoast_head_json":{"title":"Gaza : L'ONAT menace de suspendre son adh\u00e9sion \u00e0 l'Union internationale des avocats","description":"L'Ordre national des avocats de Tunisie (ONAT) a annonc\u00e9, jeudi, qu'il envisage de suspendre, d\u00e9finitivement, son adh\u00e9sion \u00e0 l'Union internationale des avocats...","canonical":"https:\/\/www.webdo.tn\/fr\/actualite\/national\/gaza-l-onat-menace-suspendre-son-adhesion-a-l-union-internationale-des-avocats\/209469\/","og_locale":"fr_FR","og_type":"article","og_title":"Gaza : L'ONAT menace de suspendre son adh\u00e9sion \u00e0 l'Union internationale des avocats","og_description":"L'Ordre national des avocats de Tunisie (ONAT) a annonc\u00e9, jeudi, qu'il envisage de suspendre, d\u00e9finitivement, son adh\u00e9sion \u00e0 l'Union internationale des avocats...","og_url":"https:\/\/www.webdo.tn\/fr\/actualite\/national\/gaza-l-onat-menace-suspendre-son-adhesion-a-l-union-internationale-des-avocats\/209469\/","og_site_name":"webdo","article_publisher":"https:\/\/www.facebook.com\/webdotn","article_published_time":"2023-10-19T18:31:00+00:00","article_modified_time":"2025-05-20T22:52:08+00:00","og_image":[{"width":750,"height":400,"url":"https:\/\/www.webdo.tn\/fr\/wp-content\/uploads\/2023\/10\/e4899cf3382f220251d5678b26aba098.jpg","type":"image\/jpeg"}],"author":"CL","twitter_card":"summary_large_image","twitter_creator":"@webdo_tn","twitter_site":"@webdo_tn","twitter_misc":{"\u00c9crit par":"CL","Dur\u00e9e de lecture estim\u00e9e":"1 minute"},"schema":{"@context":"https:\/\/schema.org","@graph":[{"@type":"NewsArticle","@id":"https:\/\/www.webdo.tn\/fr\/actualite\/national\/gaza-l-onat-menace-suspendre-son-adhesion-a-l-union-internationale-des-avocats\/209469\/#article","isPartOf":{"@id":"https:\/\/www.webdo.tn\/fr\/actualite\/national\/gaza-l-onat-menace-suspendre-son-adhesion-a-l-union-internationale-des-avocats\/209469\/"},"author":{"name":"CL","@id":"https:\/\/www.webdo.tn\/fr\/#\/schema\/person\/f35b42a42c5e2511bbd282959d6385cc"},"headline":"Gaza : L&rsquo;ONAT menace de suspendre son adh\u00e9sion \u00e0 l&rsquo;Union internationale des avocats","datePublished":"2023-10-19T18:31:00+00:00","dateModified":"2025-05-20T22:52:08+00:00","mainEntityOfPage":{"@id":"https:\/\/www.webdo.tn\/fr\/actualite\/national\/gaza-l-onat-menace-suspendre-son-adhesion-a-l-union-internationale-des-avocats\/209469\/"},"wordCount":190,"commentCount":0,"publisher":{"@id":"https:\/\/www.webdo.tn\/fr\/#organization"},"image":{"@id":"https:\/\/www.webdo.tn\/fr\/actualite\/national\/gaza-l-onat-menace-suspendre-son-adhesion-a-l-union-internationale-des-avocats\/209469\/#primaryimage"},"thumbnailUrl":"https:\/\/www.webdo.tn\/fr\/wp-content\/uploads\/2023\/10\/e4899cf3382f220251d5678b26aba098.jpg","keywords":["avocats","onat","Tunisie"],"articleSection":["National"],"inLanguage":"fr-FR"},{"@type":"WebPage","@id":"https:\/\/www.webdo.tn\/fr\/actualite\/national\/gaza-l-onat-menace-suspendre-son-adhesion-a-l-union-internationale-des-avocats\/209469\/","url":"https:\/\/www.webdo.tn\/fr\/actualite\/national\/gaza-l-onat-menace-suspendre-son-adhesion-a-l-union-internationale-des-avocats\/209469\/","name":"Gaza : L'ONAT menace de suspendre son adh\u00e9sion \u00e0 l'Union internationale des avocats","isPartOf":{"@id":"https:\/\/www.webdo.tn\/fr\/#website"},"primaryImageOfPage":{"@id":"https:\/\/www.webdo.tn\/fr\/actualite\/national\/gaza-l-onat-menace-suspendre-son-adhesion-a-l-union-internationale-des-avocats\/209469\/#primaryimage"},"image":{"@id":"https:\/\/www.webdo.tn\/fr\/actualite\/national\/gaza-l-onat-menace-suspendre-son-adhesion-a-l-union-internationale-des-avocats\/209469\/#primaryimage"},"thumbnailUrl":"https:\/\/www.webdo.tn\/fr\/wp-content\/uploads\/2023\/10\/e4899cf3382f220251d5678b26aba098.jpg","datePublished":"2023-10-19T18:31:00+00:00","dateModified":"2025-05-20T22:52:08+00:00","description":"L'Ordre national des avocats de Tunisie (ONAT) a annonc\u00e9, jeudi, qu'il envisage de suspendre, d\u00e9finitivement, son adh\u00e9sion \u00e0 l'Union internationale des avocats...","breadcrumb":{"@id":"https:\/\/www.webdo.tn\/fr\/actualite\/national\/gaza-l-onat-menace-suspendre-son-adhesion-a-l-union-internationale-des-avocats\/209469\/#breadcrumb"},"inLanguage":"fr-FR","potentialAction":[{"@type":"ReadAction","target":["https:\/\/www.webdo.tn\/fr\/actualite\/national\/gaza-l-onat-menace-suspendre-son-adhesion-a-l-union-internationale-des-avocats\/209469\/"]}]},{"@type":"ImageObject","inLanguage":"fr-FR","@id":"https:\/\/www.webdo.tn\/fr\/actualite\/national\/gaza-l-onat-menace-suspendre-son-adhesion-a-l-union-internationale-des-avocats\/209469\/#primaryimage","url":"https:\/\/www.webdo.tn\/fr\/wp-content\/uploads\/2023\/10\/e4899cf3382f220251d5678b26aba098.jpg","contentUrl":"https:\/\/www.webdo.tn\/fr\/wp-content\/uploads\/2023\/10\/e4899cf3382f220251d5678b26aba098.jpg","width":750,"height":400,"caption":"Gaza : L'ONAT menace de suspendre son adh\u00e9sion \u00e0 l'Union internationale des avocats"},{"@type":"BreadcrumbList","@id":"https:\/\/www.webdo.tn\/fr\/actualite\/national\/gaza-l-onat-menace-suspendre-son-adhesion-a-l-union-internationale-des-avocats\/209469\/#breadcrumb","itemListElement":[{"@type":"ListItem","position":1,"name":"Accueil","item":"https:\/\/www.webdo.tn\/fr\/"},{"@type":"ListItem","position":2,"name":"Gaza : L&rsquo;ONAT menace de suspendre son adh\u00e9sion \u00e0 l&rsquo;Union internationale des avocats"}]},{"@type":"WebSite","@id":"https:\/\/www.webdo.tn\/fr\/#website","url":"https:\/\/www.webdo.tn\/fr\/","name":"webdo","description":"Tunisie - News en Tunisie et \u00e0 l&#039;international sur Webdo.tn","publisher":{"@id":"https:\/\/www.webdo.tn\/fr\/#organization"},"potentialAction":[{"@type":"SearchAction","target":{"@type":"EntryPoint","urlTemplate":"https:\/\/www.webdo.tn\/fr\/?s={search_term_string}"},"query-input":{"@type":"PropertyValueSpecification","valueRequired":true,"valueName":"search_term_string"}}],"inLanguage":"fr-FR"},{"@type":"Organization","@id":"https:\/\/www.webdo.tn\/fr\/#organization","name":"Webdo","alternateName":"Webdo.tn","url":"https:\/\/www.webdo.tn\/fr\/","logo":{"@type":"ImageObject","inLanguage":"fr-FR","@id":"https:\/\/www.webdo.tn\/fr\/#\/schema\/logo\/image\/","url":"https:\/\/www.webdo.tn\/fr\/wp-content\/uploads\/2025\/06\/Webdo-Tunisie_168377.jpg","contentUrl":"https:\/\/www.webdo.tn\/fr\/wp-content\/uploads\/2025\/06\/Webdo-Tunisie_168377.jpg","width":301,"height":301,"caption":"Webdo"},"image":{"@id":"https:\/\/www.webdo.tn\/fr\/#\/schema\/logo\/image\/"},"sameAs":["https:\/\/www.facebook.com\/webdotn","https:\/\/x.com\/webdo_tn"],"description":"Webdo est un m\u00e9dia num\u00e9rique tunisien fond\u00e9 en 2010, sp\u00e9cialis\u00e9 dans l\u2019actualit\u00e9 nationale et internationale, l\u2019\u00e9conomie, la soci\u00e9t\u00e9 et les analyses politiques. Le site s\u2019adresse \u00e0 un large public francophone et couvre l\u2019information tunisienne en temps r\u00e9el.","email":"redac@webdo.tn","legalName":"YNJ SARL","foundingDate":"2010-09-06","numberOfEmployees":{"@type":"QuantitativeValue","minValue":"11","maxValue":"50"}},{"@type":"Person","@id":"https:\/\/www.webdo.tn\/fr\/#\/schema\/person\/f35b42a42c5e2511bbd282959d6385cc","name":"CL","image":{"@type":"ImageObject","inLanguage":"fr-FR","@id":"https:\/\/secure.gravatar.com\/avatar\/1447a49909b67aa657c488aec6512e1dd6143a480c1ecfee9b5b5cd74eb3b59e?s=96&d=mm&r=g","url":"https:\/\/secure.gravatar.com\/avatar\/1447a49909b67aa657c488aec6512e1dd6143a480c1ecfee9b5b5cd74eb3b59e?s=96&d=mm&r=g","contentUrl":"https:\/\/secure.gravatar.com\/avatar\/1447a49909b67aa657c488aec6512e1dd6143a480c1ecfee9b5b5cd74eb3b59e?s=96&d=mm&r=g","caption":"CL"},"url":"https:\/\/www.webdo.tn\/fr\/actualite\/author\/cl\/"}]}},"_links":{"self":[{"href":"https:\/\/www.webdo.tn\/fr\/wp-json\/wp\/v2\/posts\/209469","targetHints":{"allow":["GET"]}}],"collection":[{"href":"https:\/\/www.webdo.tn\/fr\/wp-json\/wp\/v2\/posts"}],"about":[{"href":"https:\/\/www.webdo.tn\/fr\/wp-json\/wp\/v2\/types\/post"}],"author":[{"embeddable":true,"href":"https:\/\/www.webdo.tn\/fr\/wp-json\/wp\/v2\/users\/3175"}],"replies":[{"embeddable":true,"href":"https:\/\/www.webdo.tn\/fr\/wp-json\/wp\/v2\/comments?post=209469"}],"version-history":[{"count":0,"href":"https:\/\/www.webdo.tn\/fr\/wp-json\/wp\/v2\/posts\/209469\/revisions"}],"wp:featuredmedia":[{"embeddable":true,"href":"https:\/\/www.webdo.tn\/fr\/wp-json\/wp\/v2\/media\/278922"}],"wp:attachment":[{"href":"https:\/\/www.webdo.tn\/fr\/wp-json\/wp\/v2\/media?parent=209469"}],"wp:term":[{"taxonomy":"category","embeddable":true,"href":"https:\/\/www.webdo.tn\/fr\/wp-json\/wp\/v2\/categories?post=209469"},{"taxonomy":"post_tag","embeddable":true,"href":"https:\/\/www.webdo.tn\/fr\/wp-json\/wp\/v2\/tags?post=209469"}],"curies":[{"name":"wp","href":"https:\/\/api.w.org\/{rel}","templated":true}]}}