{"id":209450,"date":"2023-10-19T09:30:00","date_gmt":"2023-10-19T09:30:00","guid":{"rendered":"https:\/\/www.webdo.tn\/fr\/blog\/antonio-tajani-en-visite-officielle-en-tunisie\/209450\/"},"modified":"2025-05-20T21:56:39","modified_gmt":"2025-05-20T21:56:39","slug":"antonio-tajani-en-visite-officielle-en-tunisie","status":"publish","type":"post","link":"https:\/\/www.webdo.tn\/fr\/actualite\/national\/antonio-tajani-en-visite-officielle-en-tunisie\/209450\/","title":{"rendered":"Antonio Tajani en visite officielle en Tunisie"},"content":{"rendered":"<p>Le chef de la diplomatie italienne, Antonio Tajani sera en visite officielle en Tunisie, demain, vendredi 20 octobre 2023.<\/p>\n<p>\t\t\t\t\t\t\t\t\tCette visite avait \u00e9t\u00e9 annonc\u00e9e le 5 octobre par le haut responsable italien sans en pr\u00e9ciser la date, mais il avait soulign\u00e9 qu\u2019elle aura pour objectif la signature d\u2019une convention avec la Tunisie pour augmenter le nombre de migrants tunisiens r\u00e9guliers.<\/p>\n<p>Une convention de partenariat avec la Tunisie qui s\u2019inscrit dans le cadre de l\u2019accueil par l\u2019Italie de milliers de travailleurs tunisiens dans diff\u00e9rents secteurs d\u2019activit\u00e9s.<\/p>\n<p>Antonio Tajani, ministre des Affaires \u00e9trang\u00e8res et de la Coop\u00e9ration internationale et \u00e9galement vice-Premier ministre, sera ainsi en visite officielle en Tunisie, demain vendredi 20 octobre 2023.<\/p>\n<p>\u00ab\u00a0Vendredi, je serai en Tunisie car la question s&rsquo;\u00e9tend \u00e9videmment aussi au ph\u00e9nom\u00e8ne migratoire\u00a0\u00bb, a d\u00e9clar\u00e9 le chef de la diplomatie italienne lors des \u00ab\u00a0Journ\u00e9es de s\u00e9curit\u00e9 et de d\u00e9fense\u00a0\u00bb de la Fondation De Gasperi.<\/p>\n<p>Lors de sa visite il devrait \u00e9galement \u00eatre question de la guerre entre le Hamas et Isra\u00ebl afin de trouver une solution pour la paix et la stabilit\u00e9 r\u00e9gionales, et activer des couloirs humanitaires dans la bande de Gaza.<\/p>\n","protected":false},"excerpt":{"rendered":"<p>Antonio Tajani, ministre des Affaires \u00e9trang\u00e8res et de la Coop\u00e9ration internationale et \u00e9galement vice-Premier ministre, sera en visite officielle en Tunisie, v&#8230;<\/p>\n","protected":false},"author":3162,"featured_media":249032,"comment_status":"open","ping_status":"closed","sticky":false,"template":"","format":"standard","meta":{"footnotes":""},"categories":[44],"tags":[7718,2660,2615,2608],"class_list":["post-209450","post","type-post","status-publish","format-standard","has-post-thumbnail","hentry","category-national","tag-antonio-tajani","tag-italie","tag-migration","tag-tunisie"],"yoast_head":"<!-- This site is optimized with the Yoast SEO Premium plugin v27.4 (Yoast SEO v27.4) - https:\/\/yoast.com\/product\/yoast-seo-premium-wordpress\/ -->\n<title>Antonio Tajani en visite officielle en Tunisie<\/title>\n<meta name=\"description\" content=\"Antonio Tajani, ministre des Affaires \u00e9trang\u00e8res et de la Coop\u00e9ration internationale et \u00e9galement vice-Premier ministre, sera en visite officielle en Tunisie, v...\" \/>\n<link rel=\"canonical\" href=\"https:\/\/www.webdo.tn\/fr\/actualite\/national\/antonio-tajani-en-visite-officielle-en-tunisie\/209450\/\" \/>\n<meta property=\"og:locale\" content=\"fr_FR\" \/>\n<meta property=\"og:type\" content=\"article\" \/>\n<meta property=\"og:title\" content=\"Antonio Tajani en visite officielle en Tunisie\" \/>\n<meta property=\"og:description\" content=\"Antonio Tajani, ministre des Affaires \u00e9trang\u00e8res et de la Coop\u00e9ration internationale et \u00e9galement vice-Premier ministre, sera en visite officielle en Tunisie, v...\" \/>\n<meta property=\"og:url\" content=\"https:\/\/www.webdo.tn\/fr\/actualite\/national\/antonio-tajani-en-visite-officielle-en-tunisie\/209450\/\" \/>\n<meta property=\"og:site_name\" content=\"webdo\" \/>\n<meta property=\"article:publisher\" content=\"https:\/\/www.facebook.com\/webdotn\" \/>\n<meta property=\"article:published_time\" content=\"2023-10-19T09:30:00+00:00\" \/>\n<meta property=\"article:modified_time\" content=\"2025-05-20T21:56:39+00:00\" \/>\n<meta property=\"og:image\" content=\"https:\/\/www.webdo.tn\/fr\/wp-content\/uploads\/2023\/10\/2eead77f60c62168c078dda79c242da2.jpg\" \/>\n\t<meta property=\"og:image:width\" content=\"750\" \/>\n\t<meta property=\"og:image:height\" content=\"400\" \/>\n\t<meta property=\"og:image:type\" content=\"image\/jpeg\" \/>\n<meta name=\"author\" content=\"MC\" \/>\n<meta name=\"twitter:card\" content=\"summary_large_image\" \/>\n<meta name=\"twitter:creator\" content=\"@webdo_tn\" \/>\n<meta name=\"twitter:site\" content=\"@webdo_tn\" \/>\n<meta name=\"twitter:label1\" content=\"\u00c9crit par\" \/>\n\t<meta name=\"twitter:data1\" content=\"MC\" \/>\n\t<meta name=\"twitter:label2\" content=\"Dur\u00e9e de lecture estim\u00e9e\" \/>\n\t<meta name=\"twitter:data2\" content=\"1 minute\" \/>\n<script type=\"application\/ld+json\" class=\"yoast-schema-graph\">{\"@context\":\"https:\\\/\\\/schema.org\",\"@graph\":[{\"@type\":\"NewsArticle\",\"@id\":\"https:\\\/\\\/www.webdo.tn\\\/fr\\\/actualite\\\/national\\\/antonio-tajani-en-visite-officielle-en-tunisie\\\/209450\\\/#article\",\"isPartOf\":{\"@id\":\"https:\\\/\\\/www.webdo.tn\\\/fr\\\/actualite\\\/national\\\/antonio-tajani-en-visite-officielle-en-tunisie\\\/209450\\\/\"},\"author\":{\"name\":\"MC\",\"@id\":\"https:\\\/\\\/www.webdo.tn\\\/fr\\\/#\\\/schema\\\/person\\\/2c4929cbf5a809e3bd38617c6ce150f6\"},\"headline\":\"Antonio Tajani en visite officielle en Tunisie\",\"datePublished\":\"2023-10-19T09:30:00+00:00\",\"dateModified\":\"2025-05-20T21:56:39+00:00\",\"mainEntityOfPage\":{\"@id\":\"https:\\\/\\\/www.webdo.tn\\\/fr\\\/actualite\\\/national\\\/antonio-tajani-en-visite-officielle-en-tunisie\\\/209450\\\/\"},\"wordCount\":210,\"commentCount\":0,\"publisher\":{\"@id\":\"https:\\\/\\\/www.webdo.tn\\\/fr\\\/#organization\"},\"image\":{\"@id\":\"https:\\\/\\\/www.webdo.tn\\\/fr\\\/actualite\\\/national\\\/antonio-tajani-en-visite-officielle-en-tunisie\\\/209450\\\/#primaryimage\"},\"thumbnailUrl\":\"https:\\\/\\\/www.webdo.tn\\\/fr\\\/wp-content\\\/uploads\\\/2023\\\/10\\\/2eead77f60c62168c078dda79c242da2.jpg\",\"keywords\":[\"antonio tajani\",\"Italie\",\"Migration\",\"Tunisie\"],\"articleSection\":[\"National\"],\"inLanguage\":\"fr-FR\"},{\"@type\":\"WebPage\",\"@id\":\"https:\\\/\\\/www.webdo.tn\\\/fr\\\/actualite\\\/national\\\/antonio-tajani-en-visite-officielle-en-tunisie\\\/209450\\\/\",\"url\":\"https:\\\/\\\/www.webdo.tn\\\/fr\\\/actualite\\\/national\\\/antonio-tajani-en-visite-officielle-en-tunisie\\\/209450\\\/\",\"name\":\"Antonio Tajani en visite officielle en Tunisie\",\"isPartOf\":{\"@id\":\"https:\\\/\\\/www.webdo.tn\\\/fr\\\/#website\"},\"primaryImageOfPage\":{\"@id\":\"https:\\\/\\\/www.webdo.tn\\\/fr\\\/actualite\\\/national\\\/antonio-tajani-en-visite-officielle-en-tunisie\\\/209450\\\/#primaryimage\"},\"image\":{\"@id\":\"https:\\\/\\\/www.webdo.tn\\\/fr\\\/actualite\\\/national\\\/antonio-tajani-en-visite-officielle-en-tunisie\\\/209450\\\/#primaryimage\"},\"thumbnailUrl\":\"https:\\\/\\\/www.webdo.tn\\\/fr\\\/wp-content\\\/uploads\\\/2023\\\/10\\\/2eead77f60c62168c078dda79c242da2.jpg\",\"datePublished\":\"2023-10-19T09:30:00+00:00\",\"dateModified\":\"2025-05-20T21:56:39+00:00\",\"description\":\"Antonio Tajani, ministre des Affaires \u00e9trang\u00e8res et de la Coop\u00e9ration internationale et \u00e9galement vice-Premier ministre, sera en visite officielle en Tunisie, v...\",\"breadcrumb\":{\"@id\":\"https:\\\/\\\/www.webdo.tn\\\/fr\\\/actualite\\\/national\\\/antonio-tajani-en-visite-officielle-en-tunisie\\\/209450\\\/#breadcrumb\"},\"inLanguage\":\"fr-FR\",\"potentialAction\":[{\"@type\":\"ReadAction\",\"target\":[\"https:\\\/\\\/www.webdo.tn\\\/fr\\\/actualite\\\/national\\\/antonio-tajani-en-visite-officielle-en-tunisie\\\/209450\\\/\"]}]},{\"@type\":\"ImageObject\",\"inLanguage\":\"fr-FR\",\"@id\":\"https:\\\/\\\/www.webdo.tn\\\/fr\\\/actualite\\\/national\\\/antonio-tajani-en-visite-officielle-en-tunisie\\\/209450\\\/#primaryimage\",\"url\":\"https:\\\/\\\/www.webdo.tn\\\/fr\\\/wp-content\\\/uploads\\\/2023\\\/10\\\/2eead77f60c62168c078dda79c242da2.jpg\",\"contentUrl\":\"https:\\\/\\\/www.webdo.tn\\\/fr\\\/wp-content\\\/uploads\\\/2023\\\/10\\\/2eead77f60c62168c078dda79c242da2.jpg\",\"width\":750,\"height\":400,\"caption\":\"Antonio Tajani en visite officielle en Tunisie\"},{\"@type\":\"BreadcrumbList\",\"@id\":\"https:\\\/\\\/www.webdo.tn\\\/fr\\\/actualite\\\/national\\\/antonio-tajani-en-visite-officielle-en-tunisie\\\/209450\\\/#breadcrumb\",\"itemListElement\":[{\"@type\":\"ListItem\",\"position\":1,\"name\":\"Accueil\",\"item\":\"https:\\\/\\\/www.webdo.tn\\\/fr\\\/\"},{\"@type\":\"ListItem\",\"position\":2,\"name\":\"Antonio Tajani en visite officielle en Tunisie\"}]},{\"@type\":\"WebSite\",\"@id\":\"https:\\\/\\\/www.webdo.tn\\\/fr\\\/#website\",\"url\":\"https:\\\/\\\/www.webdo.tn\\\/fr\\\/\",\"name\":\"webdo\",\"description\":\"Tunisie - News en Tunisie et \u00e0 l&#039;international sur Webdo.tn\",\"publisher\":{\"@id\":\"https:\\\/\\\/www.webdo.tn\\\/fr\\\/#organization\"},\"potentialAction\":[{\"@type\":\"SearchAction\",\"target\":{\"@type\":\"EntryPoint\",\"urlTemplate\":\"https:\\\/\\\/www.webdo.tn\\\/fr\\\/?s={search_term_string}\"},\"query-input\":{\"@type\":\"PropertyValueSpecification\",\"valueRequired\":true,\"valueName\":\"search_term_string\"}}],\"inLanguage\":\"fr-FR\"},{\"@type\":\"Organization\",\"@id\":\"https:\\\/\\\/www.webdo.tn\\\/fr\\\/#organization\",\"name\":\"Webdo\",\"alternateName\":\"Webdo.tn\",\"url\":\"https:\\\/\\\/www.webdo.tn\\\/fr\\\/\",\"logo\":{\"@type\":\"ImageObject\",\"inLanguage\":\"fr-FR\",\"@id\":\"https:\\\/\\\/www.webdo.tn\\\/fr\\\/#\\\/schema\\\/logo\\\/image\\\/\",\"url\":\"https:\\\/\\\/www.webdo.tn\\\/fr\\\/wp-content\\\/uploads\\\/2025\\\/06\\\/Webdo-Tunisie_168377.jpg\",\"contentUrl\":\"https:\\\/\\\/www.webdo.tn\\\/fr\\\/wp-content\\\/uploads\\\/2025\\\/06\\\/Webdo-Tunisie_168377.jpg\",\"width\":301,\"height\":301,\"caption\":\"Webdo\"},\"image\":{\"@id\":\"https:\\\/\\\/www.webdo.tn\\\/fr\\\/#\\\/schema\\\/logo\\\/image\\\/\"},\"sameAs\":[\"https:\\\/\\\/www.facebook.com\\\/webdotn\",\"https:\\\/\\\/x.com\\\/webdo_tn\"],\"description\":\"Webdo est un m\u00e9dia num\u00e9rique tunisien fond\u00e9 en 2010, sp\u00e9cialis\u00e9 dans l\u2019actualit\u00e9 nationale et internationale, l\u2019\u00e9conomie, la soci\u00e9t\u00e9 et les analyses politiques. Le site s\u2019adresse \u00e0 un large public francophone et couvre l\u2019information tunisienne en temps r\u00e9el.\",\"email\":\"redac@webdo.tn\",\"legalName\":\"YNJ SARL\",\"foundingDate\":\"2010-09-06\",\"numberOfEmployees\":{\"@type\":\"QuantitativeValue\",\"minValue\":\"11\",\"maxValue\":\"50\"}},{\"@type\":\"Person\",\"@id\":\"https:\\\/\\\/www.webdo.tn\\\/fr\\\/#\\\/schema\\\/person\\\/2c4929cbf5a809e3bd38617c6ce150f6\",\"name\":\"MC\",\"image\":{\"@type\":\"ImageObject\",\"inLanguage\":\"fr-FR\",\"@id\":\"https:\\\/\\\/secure.gravatar.com\\\/avatar\\\/a545bbb6f84efdd5553dbbc2895e3ca8f1d12c5215e00a041c9670b54aa9b18a?s=96&d=mm&r=g\",\"url\":\"https:\\\/\\\/secure.gravatar.com\\\/avatar\\\/a545bbb6f84efdd5553dbbc2895e3ca8f1d12c5215e00a041c9670b54aa9b18a?s=96&d=mm&r=g\",\"contentUrl\":\"https:\\\/\\\/secure.gravatar.com\\\/avatar\\\/a545bbb6f84efdd5553dbbc2895e3ca8f1d12c5215e00a041c9670b54aa9b18a?s=96&d=mm&r=g\",\"caption\":\"MC\"},\"url\":\"https:\\\/\\\/www.webdo.tn\\\/fr\\\/actualite\\\/author\\\/mc\\\/\"}]}<\/script>\n<!-- \/ Yoast SEO Premium plugin. -->","yoast_head_json":{"title":"Antonio Tajani en visite officielle en Tunisie","description":"Antonio Tajani, ministre des Affaires \u00e9trang\u00e8res et de la Coop\u00e9ration internationale et \u00e9galement vice-Premier ministre, sera en visite officielle en Tunisie, v...","canonical":"https:\/\/www.webdo.tn\/fr\/actualite\/national\/antonio-tajani-en-visite-officielle-en-tunisie\/209450\/","og_locale":"fr_FR","og_type":"article","og_title":"Antonio Tajani en visite officielle en Tunisie","og_description":"Antonio Tajani, ministre des Affaires \u00e9trang\u00e8res et de la Coop\u00e9ration internationale et \u00e9galement vice-Premier ministre, sera en visite officielle en Tunisie, v...","og_url":"https:\/\/www.webdo.tn\/fr\/actualite\/national\/antonio-tajani-en-visite-officielle-en-tunisie\/209450\/","og_site_name":"webdo","article_publisher":"https:\/\/www.facebook.com\/webdotn","article_published_time":"2023-10-19T09:30:00+00:00","article_modified_time":"2025-05-20T21:56:39+00:00","og_image":[{"width":750,"height":400,"url":"https:\/\/www.webdo.tn\/fr\/wp-content\/uploads\/2023\/10\/2eead77f60c62168c078dda79c242da2.jpg","type":"image\/jpeg"}],"author":"MC","twitter_card":"summary_large_image","twitter_creator":"@webdo_tn","twitter_site":"@webdo_tn","twitter_misc":{"\u00c9crit par":"MC","Dur\u00e9e de lecture estim\u00e9e":"1 minute"},"schema":{"@context":"https:\/\/schema.org","@graph":[{"@type":"NewsArticle","@id":"https:\/\/www.webdo.tn\/fr\/actualite\/national\/antonio-tajani-en-visite-officielle-en-tunisie\/209450\/#article","isPartOf":{"@id":"https:\/\/www.webdo.tn\/fr\/actualite\/national\/antonio-tajani-en-visite-officielle-en-tunisie\/209450\/"},"author":{"name":"MC","@id":"https:\/\/www.webdo.tn\/fr\/#\/schema\/person\/2c4929cbf5a809e3bd38617c6ce150f6"},"headline":"Antonio Tajani en visite officielle en Tunisie","datePublished":"2023-10-19T09:30:00+00:00","dateModified":"2025-05-20T21:56:39+00:00","mainEntityOfPage":{"@id":"https:\/\/www.webdo.tn\/fr\/actualite\/national\/antonio-tajani-en-visite-officielle-en-tunisie\/209450\/"},"wordCount":210,"commentCount":0,"publisher":{"@id":"https:\/\/www.webdo.tn\/fr\/#organization"},"image":{"@id":"https:\/\/www.webdo.tn\/fr\/actualite\/national\/antonio-tajani-en-visite-officielle-en-tunisie\/209450\/#primaryimage"},"thumbnailUrl":"https:\/\/www.webdo.tn\/fr\/wp-content\/uploads\/2023\/10\/2eead77f60c62168c078dda79c242da2.jpg","keywords":["antonio tajani","Italie","Migration","Tunisie"],"articleSection":["National"],"inLanguage":"fr-FR"},{"@type":"WebPage","@id":"https:\/\/www.webdo.tn\/fr\/actualite\/national\/antonio-tajani-en-visite-officielle-en-tunisie\/209450\/","url":"https:\/\/www.webdo.tn\/fr\/actualite\/national\/antonio-tajani-en-visite-officielle-en-tunisie\/209450\/","name":"Antonio Tajani en visite officielle en Tunisie","isPartOf":{"@id":"https:\/\/www.webdo.tn\/fr\/#website"},"primaryImageOfPage":{"@id":"https:\/\/www.webdo.tn\/fr\/actualite\/national\/antonio-tajani-en-visite-officielle-en-tunisie\/209450\/#primaryimage"},"image":{"@id":"https:\/\/www.webdo.tn\/fr\/actualite\/national\/antonio-tajani-en-visite-officielle-en-tunisie\/209450\/#primaryimage"},"thumbnailUrl":"https:\/\/www.webdo.tn\/fr\/wp-content\/uploads\/2023\/10\/2eead77f60c62168c078dda79c242da2.jpg","datePublished":"2023-10-19T09:30:00+00:00","dateModified":"2025-05-20T21:56:39+00:00","description":"Antonio Tajani, ministre des Affaires \u00e9trang\u00e8res et de la Coop\u00e9ration internationale et \u00e9galement vice-Premier ministre, sera en visite officielle en Tunisie, v...","breadcrumb":{"@id":"https:\/\/www.webdo.tn\/fr\/actualite\/national\/antonio-tajani-en-visite-officielle-en-tunisie\/209450\/#breadcrumb"},"inLanguage":"fr-FR","potentialAction":[{"@type":"ReadAction","target":["https:\/\/www.webdo.tn\/fr\/actualite\/national\/antonio-tajani-en-visite-officielle-en-tunisie\/209450\/"]}]},{"@type":"ImageObject","inLanguage":"fr-FR","@id":"https:\/\/www.webdo.tn\/fr\/actualite\/national\/antonio-tajani-en-visite-officielle-en-tunisie\/209450\/#primaryimage","url":"https:\/\/www.webdo.tn\/fr\/wp-content\/uploads\/2023\/10\/2eead77f60c62168c078dda79c242da2.jpg","contentUrl":"https:\/\/www.webdo.tn\/fr\/wp-content\/uploads\/2023\/10\/2eead77f60c62168c078dda79c242da2.jpg","width":750,"height":400,"caption":"Antonio Tajani en visite officielle en Tunisie"},{"@type":"BreadcrumbList","@id":"https:\/\/www.webdo.tn\/fr\/actualite\/national\/antonio-tajani-en-visite-officielle-en-tunisie\/209450\/#breadcrumb","itemListElement":[{"@type":"ListItem","position":1,"name":"Accueil","item":"https:\/\/www.webdo.tn\/fr\/"},{"@type":"ListItem","position":2,"name":"Antonio Tajani en visite officielle en Tunisie"}]},{"@type":"WebSite","@id":"https:\/\/www.webdo.tn\/fr\/#website","url":"https:\/\/www.webdo.tn\/fr\/","name":"webdo","description":"Tunisie - News en Tunisie et \u00e0 l&#039;international sur Webdo.tn","publisher":{"@id":"https:\/\/www.webdo.tn\/fr\/#organization"},"potentialAction":[{"@type":"SearchAction","target":{"@type":"EntryPoint","urlTemplate":"https:\/\/www.webdo.tn\/fr\/?s={search_term_string}"},"query-input":{"@type":"PropertyValueSpecification","valueRequired":true,"valueName":"search_term_string"}}],"inLanguage":"fr-FR"},{"@type":"Organization","@id":"https:\/\/www.webdo.tn\/fr\/#organization","name":"Webdo","alternateName":"Webdo.tn","url":"https:\/\/www.webdo.tn\/fr\/","logo":{"@type":"ImageObject","inLanguage":"fr-FR","@id":"https:\/\/www.webdo.tn\/fr\/#\/schema\/logo\/image\/","url":"https:\/\/www.webdo.tn\/fr\/wp-content\/uploads\/2025\/06\/Webdo-Tunisie_168377.jpg","contentUrl":"https:\/\/www.webdo.tn\/fr\/wp-content\/uploads\/2025\/06\/Webdo-Tunisie_168377.jpg","width":301,"height":301,"caption":"Webdo"},"image":{"@id":"https:\/\/www.webdo.tn\/fr\/#\/schema\/logo\/image\/"},"sameAs":["https:\/\/www.facebook.com\/webdotn","https:\/\/x.com\/webdo_tn"],"description":"Webdo est un m\u00e9dia num\u00e9rique tunisien fond\u00e9 en 2010, sp\u00e9cialis\u00e9 dans l\u2019actualit\u00e9 nationale et internationale, l\u2019\u00e9conomie, la soci\u00e9t\u00e9 et les analyses politiques. Le site s\u2019adresse \u00e0 un large public francophone et couvre l\u2019information tunisienne en temps r\u00e9el.","email":"redac@webdo.tn","legalName":"YNJ SARL","foundingDate":"2010-09-06","numberOfEmployees":{"@type":"QuantitativeValue","minValue":"11","maxValue":"50"}},{"@type":"Person","@id":"https:\/\/www.webdo.tn\/fr\/#\/schema\/person\/2c4929cbf5a809e3bd38617c6ce150f6","name":"MC","image":{"@type":"ImageObject","inLanguage":"fr-FR","@id":"https:\/\/secure.gravatar.com\/avatar\/a545bbb6f84efdd5553dbbc2895e3ca8f1d12c5215e00a041c9670b54aa9b18a?s=96&d=mm&r=g","url":"https:\/\/secure.gravatar.com\/avatar\/a545bbb6f84efdd5553dbbc2895e3ca8f1d12c5215e00a041c9670b54aa9b18a?s=96&d=mm&r=g","contentUrl":"https:\/\/secure.gravatar.com\/avatar\/a545bbb6f84efdd5553dbbc2895e3ca8f1d12c5215e00a041c9670b54aa9b18a?s=96&d=mm&r=g","caption":"MC"},"url":"https:\/\/www.webdo.tn\/fr\/actualite\/author\/mc\/"}]}},"_links":{"self":[{"href":"https:\/\/www.webdo.tn\/fr\/wp-json\/wp\/v2\/posts\/209450","targetHints":{"allow":["GET"]}}],"collection":[{"href":"https:\/\/www.webdo.tn\/fr\/wp-json\/wp\/v2\/posts"}],"about":[{"href":"https:\/\/www.webdo.tn\/fr\/wp-json\/wp\/v2\/types\/post"}],"author":[{"embeddable":true,"href":"https:\/\/www.webdo.tn\/fr\/wp-json\/wp\/v2\/users\/3162"}],"replies":[{"embeddable":true,"href":"https:\/\/www.webdo.tn\/fr\/wp-json\/wp\/v2\/comments?post=209450"}],"version-history":[{"count":0,"href":"https:\/\/www.webdo.tn\/fr\/wp-json\/wp\/v2\/posts\/209450\/revisions"}],"wp:featuredmedia":[{"embeddable":true,"href":"https:\/\/www.webdo.tn\/fr\/wp-json\/wp\/v2\/media\/249032"}],"wp:attachment":[{"href":"https:\/\/www.webdo.tn\/fr\/wp-json\/wp\/v2\/media?parent=209450"}],"wp:term":[{"taxonomy":"category","embeddable":true,"href":"https:\/\/www.webdo.tn\/fr\/wp-json\/wp\/v2\/categories?post=209450"},{"taxonomy":"post_tag","embeddable":true,"href":"https:\/\/www.webdo.tn\/fr\/wp-json\/wp\/v2\/tags?post=209450"}],"curies":[{"name":"wp","href":"https:\/\/api.w.org\/{rel}","templated":true}]}}