{"id":209431,"date":"2023-10-18T14:23:00","date_gmt":"2023-10-18T14:23:00","guid":{"rendered":"https:\/\/www.webdo.tn\/fr\/blog\/gaza-le-snjt-annonce-un-etat-d-urgence-mediatique\/209431\/"},"modified":"2025-05-20T22:52:07","modified_gmt":"2025-05-20T22:52:07","slug":"gaza-le-snjt-annonce-un-etat-d-urgence-mediatique","status":"publish","type":"post","link":"https:\/\/www.webdo.tn\/fr\/actualite\/national\/gaza-le-snjt-annonce-un-etat-d-urgence-mediatique\/209431\/","title":{"rendered":"Gaza : Le SNJT annonce un \u00ab \u00e9tat d\u2019urgence m\u00e9diatique \u00bb"},"content":{"rendered":"<p>Le Syndicat National des Journalistes Tunisiens (SNJT) a annonc\u00e9 la cr\u00e9ation d'\u00a0\u00bb un \u00e9tat d&rsquo;urgence m\u00e9diatique \u00a0\u00bb pour lutter contre les fausses informations.<\/p>\n<p>\t\t\t\t\t\t\t\t\tDans une d\u00e9claration publi\u00e9e mercredi, le syndicat a appel\u00e9 tous les m\u00e9dias tunisiens publics et priv\u00e9s ainsi que la presse associative \u00e0 la cr\u00e9ation d&rsquo;une unit\u00e9 centralis\u00e9e qui assure une diffusion unifi\u00e9e des \u00e9v\u00e9nements dans les territoires occup\u00e9s et leurs rebondissements en Tunisie et au niveau arabe et international.<\/p>\n<p>Le syndicat affirme que la plate-forme Tunisfact sera, \u00e9galement, utilis\u00e9e pour v\u00e9rifier les informations relatives \u00e0 l&rsquo;actualit\u00e9 palestinienne, \u00e0 lutter contre les pratiques de la presse occidentale dans son traitement de la guerre men\u00e9e par l&rsquo;entit\u00e9 sioniste contre Gaza et \u00e0 \u00e9pingler les informations trompeuses relay\u00e9es aux fins de leurrer l&rsquo;opinion publique mondiale.<\/p>\n<p>Le syndicat affirme avoir charg\u00e9 l&rsquo;unit\u00e9 de monitoring de r\u00e9diger des rapports sur les violations subies par les journalistes palestiniens<\/p>\n<p>Dans sa d\u00e9claration, le SNJT r\u00e9it\u00e8re son enti\u00e8re adh\u00e9sion aux mouvements de protestations qu&rsquo;ils soient syndicaux, populaires, civils ou politiques, men\u00e9s en soutien aux Palestiniens.<\/p>\n","protected":false},"excerpt":{"rendered":"<p>Le Syndicat National des Journalistes Tunisiens (SNJT) a annonc\u00e9 la cr\u00e9ation d&rsquo;  un \u00e9tat d&rsquo;urgence m\u00e9diatique   pour lutter contre les fausses informations.<\/p>\n","protected":false},"author":3175,"featured_media":278918,"comment_status":"open","ping_status":"closed","sticky":false,"template":"","format":"standard","meta":{"footnotes":""},"categories":[44],"tags":[2689,2943,2759,2608],"class_list":["post-209431","post","type-post","status-publish","format-standard","has-post-thumbnail","hentry","category-national","tag-gaza","tag-medias","tag-snjt","tag-tunisie"],"yoast_head":"<!-- This site is optimized with the Yoast SEO Premium plugin v27.5 (Yoast SEO v27.5) - https:\/\/yoast.com\/product\/yoast-seo-premium-wordpress\/ -->\n<title>Gaza : Le SNJT annonce un \u00ab \u00e9tat d\u2019urgence m\u00e9diatique \u00bb<\/title>\n<meta name=\"description\" content=\"Le Syndicat National des Journalistes Tunisiens (SNJT) a annonc\u00e9 la cr\u00e9ation d&#039; un \u00e9tat d&#039;urgence m\u00e9diatique pour lutter contre les fausses informations.\" \/>\n<link rel=\"canonical\" href=\"https:\/\/www.webdo.tn\/fr\/actualite\/national\/gaza-le-snjt-annonce-un-etat-d-urgence-mediatique\/209431\/\" \/>\n<meta property=\"og:locale\" content=\"fr_FR\" \/>\n<meta property=\"og:type\" content=\"article\" \/>\n<meta property=\"og:title\" content=\"Gaza : Le SNJT annonce un \u00ab \u00e9tat d\u2019urgence m\u00e9diatique \u00bb\" \/>\n<meta property=\"og:description\" content=\"Le Syndicat National des Journalistes Tunisiens (SNJT) a annonc\u00e9 la cr\u00e9ation d&#039; un \u00e9tat d&#039;urgence m\u00e9diatique pour lutter contre les fausses informations.\" \/>\n<meta property=\"og:url\" content=\"https:\/\/www.webdo.tn\/fr\/actualite\/national\/gaza-le-snjt-annonce-un-etat-d-urgence-mediatique\/209431\/\" \/>\n<meta property=\"og:site_name\" content=\"webdo\" \/>\n<meta property=\"article:publisher\" content=\"https:\/\/www.facebook.com\/webdotn\" \/>\n<meta property=\"article:published_time\" content=\"2023-10-18T14:23:00+00:00\" \/>\n<meta property=\"article:modified_time\" content=\"2025-05-20T22:52:07+00:00\" \/>\n<meta property=\"og:image\" content=\"https:\/\/www.webdo.tn\/fr\/wp-content\/uploads\/2023\/10\/fa478f60e5caaa9c55156a0ac309843c.jpg\" \/>\n\t<meta property=\"og:image:width\" content=\"750\" \/>\n\t<meta property=\"og:image:height\" content=\"400\" \/>\n\t<meta property=\"og:image:type\" content=\"image\/jpeg\" \/>\n<meta name=\"author\" content=\"CL\" \/>\n<meta name=\"twitter:card\" content=\"summary_large_image\" \/>\n<meta name=\"twitter:creator\" content=\"@webdo_tn\" \/>\n<meta name=\"twitter:site\" content=\"@webdo_tn\" \/>\n<meta name=\"twitter:label1\" content=\"\u00c9crit par\" \/>\n\t<meta name=\"twitter:data1\" content=\"CL\" \/>\n\t<meta name=\"twitter:label2\" content=\"Dur\u00e9e de lecture estim\u00e9e\" \/>\n\t<meta name=\"twitter:data2\" content=\"1 minute\" \/>\n<script type=\"application\/ld+json\" class=\"yoast-schema-graph\">{\"@context\":\"https:\\\/\\\/schema.org\",\"@graph\":[{\"@type\":\"NewsArticle\",\"@id\":\"https:\\\/\\\/www.webdo.tn\\\/fr\\\/actualite\\\/national\\\/gaza-le-snjt-annonce-un-etat-d-urgence-mediatique\\\/209431\\\/#article\",\"isPartOf\":{\"@id\":\"https:\\\/\\\/www.webdo.tn\\\/fr\\\/actualite\\\/national\\\/gaza-le-snjt-annonce-un-etat-d-urgence-mediatique\\\/209431\\\/\"},\"author\":{\"name\":\"CL\",\"@id\":\"https:\\\/\\\/www.webdo.tn\\\/fr\\\/#\\\/schema\\\/person\\\/f35b42a42c5e2511bbd282959d6385cc\"},\"headline\":\"Gaza : Le SNJT annonce un \u00ab \u00e9tat d\u2019urgence m\u00e9diatique \u00bb\",\"datePublished\":\"2023-10-18T14:23:00+00:00\",\"dateModified\":\"2025-05-20T22:52:07+00:00\",\"mainEntityOfPage\":{\"@id\":\"https:\\\/\\\/www.webdo.tn\\\/fr\\\/actualite\\\/national\\\/gaza-le-snjt-annonce-un-etat-d-urgence-mediatique\\\/209431\\\/\"},\"wordCount\":204,\"commentCount\":0,\"publisher\":{\"@id\":\"https:\\\/\\\/www.webdo.tn\\\/fr\\\/#organization\"},\"image\":{\"@id\":\"https:\\\/\\\/www.webdo.tn\\\/fr\\\/actualite\\\/national\\\/gaza-le-snjt-annonce-un-etat-d-urgence-mediatique\\\/209431\\\/#primaryimage\"},\"thumbnailUrl\":\"https:\\\/\\\/www.webdo.tn\\\/fr\\\/wp-content\\\/uploads\\\/2023\\\/10\\\/fa478f60e5caaa9c55156a0ac309843c.jpg\",\"keywords\":[\"Gaza\",\"m\u00e9dias\",\"snjt\",\"Tunisie\"],\"articleSection\":[\"National\"],\"inLanguage\":\"fr-FR\"},{\"@type\":\"WebPage\",\"@id\":\"https:\\\/\\\/www.webdo.tn\\\/fr\\\/actualite\\\/national\\\/gaza-le-snjt-annonce-un-etat-d-urgence-mediatique\\\/209431\\\/\",\"url\":\"https:\\\/\\\/www.webdo.tn\\\/fr\\\/actualite\\\/national\\\/gaza-le-snjt-annonce-un-etat-d-urgence-mediatique\\\/209431\\\/\",\"name\":\"Gaza : Le SNJT annonce un \u00ab \u00e9tat d\u2019urgence m\u00e9diatique \u00bb\",\"isPartOf\":{\"@id\":\"https:\\\/\\\/www.webdo.tn\\\/fr\\\/#website\"},\"primaryImageOfPage\":{\"@id\":\"https:\\\/\\\/www.webdo.tn\\\/fr\\\/actualite\\\/national\\\/gaza-le-snjt-annonce-un-etat-d-urgence-mediatique\\\/209431\\\/#primaryimage\"},\"image\":{\"@id\":\"https:\\\/\\\/www.webdo.tn\\\/fr\\\/actualite\\\/national\\\/gaza-le-snjt-annonce-un-etat-d-urgence-mediatique\\\/209431\\\/#primaryimage\"},\"thumbnailUrl\":\"https:\\\/\\\/www.webdo.tn\\\/fr\\\/wp-content\\\/uploads\\\/2023\\\/10\\\/fa478f60e5caaa9c55156a0ac309843c.jpg\",\"datePublished\":\"2023-10-18T14:23:00+00:00\",\"dateModified\":\"2025-05-20T22:52:07+00:00\",\"description\":\"Le Syndicat National des Journalistes Tunisiens (SNJT) a annonc\u00e9 la cr\u00e9ation d' un \u00e9tat d'urgence m\u00e9diatique pour lutter contre les fausses informations.\",\"breadcrumb\":{\"@id\":\"https:\\\/\\\/www.webdo.tn\\\/fr\\\/actualite\\\/national\\\/gaza-le-snjt-annonce-un-etat-d-urgence-mediatique\\\/209431\\\/#breadcrumb\"},\"inLanguage\":\"fr-FR\",\"potentialAction\":[{\"@type\":\"ReadAction\",\"target\":[\"https:\\\/\\\/www.webdo.tn\\\/fr\\\/actualite\\\/national\\\/gaza-le-snjt-annonce-un-etat-d-urgence-mediatique\\\/209431\\\/\"]}]},{\"@type\":\"ImageObject\",\"inLanguage\":\"fr-FR\",\"@id\":\"https:\\\/\\\/www.webdo.tn\\\/fr\\\/actualite\\\/national\\\/gaza-le-snjt-annonce-un-etat-d-urgence-mediatique\\\/209431\\\/#primaryimage\",\"url\":\"https:\\\/\\\/www.webdo.tn\\\/fr\\\/wp-content\\\/uploads\\\/2023\\\/10\\\/fa478f60e5caaa9c55156a0ac309843c.jpg\",\"contentUrl\":\"https:\\\/\\\/www.webdo.tn\\\/fr\\\/wp-content\\\/uploads\\\/2023\\\/10\\\/fa478f60e5caaa9c55156a0ac309843c.jpg\",\"width\":750,\"height\":400,\"caption\":\"Gaza : Le SNJT annonce un \u00ab \u00e9tat d\u2019urgence m\u00e9diatique \u00bb\"},{\"@type\":\"BreadcrumbList\",\"@id\":\"https:\\\/\\\/www.webdo.tn\\\/fr\\\/actualite\\\/national\\\/gaza-le-snjt-annonce-un-etat-d-urgence-mediatique\\\/209431\\\/#breadcrumb\",\"itemListElement\":[{\"@type\":\"ListItem\",\"position\":1,\"name\":\"Accueil\",\"item\":\"https:\\\/\\\/www.webdo.tn\\\/fr\\\/\"},{\"@type\":\"ListItem\",\"position\":2,\"name\":\"Gaza : Le SNJT annonce un \u00ab \u00e9tat d\u2019urgence m\u00e9diatique \u00bb\"}]},{\"@type\":\"WebSite\",\"@id\":\"https:\\\/\\\/www.webdo.tn\\\/fr\\\/#website\",\"url\":\"https:\\\/\\\/www.webdo.tn\\\/fr\\\/\",\"name\":\"webdo\",\"description\":\"Tunisie - News en Tunisie et \u00e0 l&#039;international sur Webdo.tn\",\"publisher\":{\"@id\":\"https:\\\/\\\/www.webdo.tn\\\/fr\\\/#organization\"},\"potentialAction\":[{\"@type\":\"SearchAction\",\"target\":{\"@type\":\"EntryPoint\",\"urlTemplate\":\"https:\\\/\\\/www.webdo.tn\\\/fr\\\/?s={search_term_string}\"},\"query-input\":{\"@type\":\"PropertyValueSpecification\",\"valueRequired\":true,\"valueName\":\"search_term_string\"}}],\"inLanguage\":\"fr-FR\"},{\"@type\":\"Organization\",\"@id\":\"https:\\\/\\\/www.webdo.tn\\\/fr\\\/#organization\",\"name\":\"Webdo\",\"alternateName\":\"Webdo.tn\",\"url\":\"https:\\\/\\\/www.webdo.tn\\\/fr\\\/\",\"logo\":{\"@type\":\"ImageObject\",\"inLanguage\":\"fr-FR\",\"@id\":\"https:\\\/\\\/www.webdo.tn\\\/fr\\\/#\\\/schema\\\/logo\\\/image\\\/\",\"url\":\"https:\\\/\\\/www.webdo.tn\\\/fr\\\/wp-content\\\/uploads\\\/2025\\\/06\\\/Webdo-Tunisie_168377.jpg\",\"contentUrl\":\"https:\\\/\\\/www.webdo.tn\\\/fr\\\/wp-content\\\/uploads\\\/2025\\\/06\\\/Webdo-Tunisie_168377.jpg\",\"width\":301,\"height\":301,\"caption\":\"Webdo\"},\"image\":{\"@id\":\"https:\\\/\\\/www.webdo.tn\\\/fr\\\/#\\\/schema\\\/logo\\\/image\\\/\"},\"sameAs\":[\"https:\\\/\\\/www.facebook.com\\\/webdotn\",\"https:\\\/\\\/x.com\\\/webdo_tn\"],\"description\":\"Webdo est un m\u00e9dia num\u00e9rique tunisien fond\u00e9 en 2010, sp\u00e9cialis\u00e9 dans l\u2019actualit\u00e9 nationale et internationale, l\u2019\u00e9conomie, la soci\u00e9t\u00e9 et les analyses politiques. Le site s\u2019adresse \u00e0 un large public francophone et couvre l\u2019information tunisienne en temps r\u00e9el.\",\"email\":\"redac@webdo.tn\",\"legalName\":\"YNJ SARL\",\"foundingDate\":\"2010-09-06\",\"numberOfEmployees\":{\"@type\":\"QuantitativeValue\",\"minValue\":\"11\",\"maxValue\":\"50\"}},{\"@type\":\"Person\",\"@id\":\"https:\\\/\\\/www.webdo.tn\\\/fr\\\/#\\\/schema\\\/person\\\/f35b42a42c5e2511bbd282959d6385cc\",\"name\":\"CL\",\"image\":{\"@type\":\"ImageObject\",\"inLanguage\":\"fr-FR\",\"@id\":\"https:\\\/\\\/secure.gravatar.com\\\/avatar\\\/1447a49909b67aa657c488aec6512e1dd6143a480c1ecfee9b5b5cd74eb3b59e?s=96&d=mm&r=g\",\"url\":\"https:\\\/\\\/secure.gravatar.com\\\/avatar\\\/1447a49909b67aa657c488aec6512e1dd6143a480c1ecfee9b5b5cd74eb3b59e?s=96&d=mm&r=g\",\"contentUrl\":\"https:\\\/\\\/secure.gravatar.com\\\/avatar\\\/1447a49909b67aa657c488aec6512e1dd6143a480c1ecfee9b5b5cd74eb3b59e?s=96&d=mm&r=g\",\"caption\":\"CL\"},\"url\":\"https:\\\/\\\/www.webdo.tn\\\/fr\\\/actualite\\\/author\\\/cl\\\/\"}]}<\/script>\n<!-- \/ Yoast SEO Premium plugin. -->","yoast_head_json":{"title":"Gaza : Le SNJT annonce un \u00ab \u00e9tat d\u2019urgence m\u00e9diatique \u00bb","description":"Le Syndicat National des Journalistes Tunisiens (SNJT) a annonc\u00e9 la cr\u00e9ation d' un \u00e9tat d'urgence m\u00e9diatique pour lutter contre les fausses informations.","canonical":"https:\/\/www.webdo.tn\/fr\/actualite\/national\/gaza-le-snjt-annonce-un-etat-d-urgence-mediatique\/209431\/","og_locale":"fr_FR","og_type":"article","og_title":"Gaza : Le SNJT annonce un \u00ab \u00e9tat d\u2019urgence m\u00e9diatique \u00bb","og_description":"Le Syndicat National des Journalistes Tunisiens (SNJT) a annonc\u00e9 la cr\u00e9ation d' un \u00e9tat d'urgence m\u00e9diatique pour lutter contre les fausses informations.","og_url":"https:\/\/www.webdo.tn\/fr\/actualite\/national\/gaza-le-snjt-annonce-un-etat-d-urgence-mediatique\/209431\/","og_site_name":"webdo","article_publisher":"https:\/\/www.facebook.com\/webdotn","article_published_time":"2023-10-18T14:23:00+00:00","article_modified_time":"2025-05-20T22:52:07+00:00","og_image":[{"width":750,"height":400,"url":"https:\/\/www.webdo.tn\/fr\/wp-content\/uploads\/2023\/10\/fa478f60e5caaa9c55156a0ac309843c.jpg","type":"image\/jpeg"}],"author":"CL","twitter_card":"summary_large_image","twitter_creator":"@webdo_tn","twitter_site":"@webdo_tn","twitter_misc":{"\u00c9crit par":"CL","Dur\u00e9e de lecture estim\u00e9e":"1 minute"},"schema":{"@context":"https:\/\/schema.org","@graph":[{"@type":"NewsArticle","@id":"https:\/\/www.webdo.tn\/fr\/actualite\/national\/gaza-le-snjt-annonce-un-etat-d-urgence-mediatique\/209431\/#article","isPartOf":{"@id":"https:\/\/www.webdo.tn\/fr\/actualite\/national\/gaza-le-snjt-annonce-un-etat-d-urgence-mediatique\/209431\/"},"author":{"name":"CL","@id":"https:\/\/www.webdo.tn\/fr\/#\/schema\/person\/f35b42a42c5e2511bbd282959d6385cc"},"headline":"Gaza : Le SNJT annonce un \u00ab \u00e9tat d\u2019urgence m\u00e9diatique \u00bb","datePublished":"2023-10-18T14:23:00+00:00","dateModified":"2025-05-20T22:52:07+00:00","mainEntityOfPage":{"@id":"https:\/\/www.webdo.tn\/fr\/actualite\/national\/gaza-le-snjt-annonce-un-etat-d-urgence-mediatique\/209431\/"},"wordCount":204,"commentCount":0,"publisher":{"@id":"https:\/\/www.webdo.tn\/fr\/#organization"},"image":{"@id":"https:\/\/www.webdo.tn\/fr\/actualite\/national\/gaza-le-snjt-annonce-un-etat-d-urgence-mediatique\/209431\/#primaryimage"},"thumbnailUrl":"https:\/\/www.webdo.tn\/fr\/wp-content\/uploads\/2023\/10\/fa478f60e5caaa9c55156a0ac309843c.jpg","keywords":["Gaza","m\u00e9dias","snjt","Tunisie"],"articleSection":["National"],"inLanguage":"fr-FR"},{"@type":"WebPage","@id":"https:\/\/www.webdo.tn\/fr\/actualite\/national\/gaza-le-snjt-annonce-un-etat-d-urgence-mediatique\/209431\/","url":"https:\/\/www.webdo.tn\/fr\/actualite\/national\/gaza-le-snjt-annonce-un-etat-d-urgence-mediatique\/209431\/","name":"Gaza : Le SNJT annonce un \u00ab \u00e9tat d\u2019urgence m\u00e9diatique \u00bb","isPartOf":{"@id":"https:\/\/www.webdo.tn\/fr\/#website"},"primaryImageOfPage":{"@id":"https:\/\/www.webdo.tn\/fr\/actualite\/national\/gaza-le-snjt-annonce-un-etat-d-urgence-mediatique\/209431\/#primaryimage"},"image":{"@id":"https:\/\/www.webdo.tn\/fr\/actualite\/national\/gaza-le-snjt-annonce-un-etat-d-urgence-mediatique\/209431\/#primaryimage"},"thumbnailUrl":"https:\/\/www.webdo.tn\/fr\/wp-content\/uploads\/2023\/10\/fa478f60e5caaa9c55156a0ac309843c.jpg","datePublished":"2023-10-18T14:23:00+00:00","dateModified":"2025-05-20T22:52:07+00:00","description":"Le Syndicat National des Journalistes Tunisiens (SNJT) a annonc\u00e9 la cr\u00e9ation d' un \u00e9tat d'urgence m\u00e9diatique pour lutter contre les fausses informations.","breadcrumb":{"@id":"https:\/\/www.webdo.tn\/fr\/actualite\/national\/gaza-le-snjt-annonce-un-etat-d-urgence-mediatique\/209431\/#breadcrumb"},"inLanguage":"fr-FR","potentialAction":[{"@type":"ReadAction","target":["https:\/\/www.webdo.tn\/fr\/actualite\/national\/gaza-le-snjt-annonce-un-etat-d-urgence-mediatique\/209431\/"]}]},{"@type":"ImageObject","inLanguage":"fr-FR","@id":"https:\/\/www.webdo.tn\/fr\/actualite\/national\/gaza-le-snjt-annonce-un-etat-d-urgence-mediatique\/209431\/#primaryimage","url":"https:\/\/www.webdo.tn\/fr\/wp-content\/uploads\/2023\/10\/fa478f60e5caaa9c55156a0ac309843c.jpg","contentUrl":"https:\/\/www.webdo.tn\/fr\/wp-content\/uploads\/2023\/10\/fa478f60e5caaa9c55156a0ac309843c.jpg","width":750,"height":400,"caption":"Gaza : Le SNJT annonce un \u00ab \u00e9tat d\u2019urgence m\u00e9diatique \u00bb"},{"@type":"BreadcrumbList","@id":"https:\/\/www.webdo.tn\/fr\/actualite\/national\/gaza-le-snjt-annonce-un-etat-d-urgence-mediatique\/209431\/#breadcrumb","itemListElement":[{"@type":"ListItem","position":1,"name":"Accueil","item":"https:\/\/www.webdo.tn\/fr\/"},{"@type":"ListItem","position":2,"name":"Gaza : Le SNJT annonce un \u00ab \u00e9tat d\u2019urgence m\u00e9diatique \u00bb"}]},{"@type":"WebSite","@id":"https:\/\/www.webdo.tn\/fr\/#website","url":"https:\/\/www.webdo.tn\/fr\/","name":"webdo","description":"Tunisie - News en Tunisie et \u00e0 l&#039;international sur Webdo.tn","publisher":{"@id":"https:\/\/www.webdo.tn\/fr\/#organization"},"potentialAction":[{"@type":"SearchAction","target":{"@type":"EntryPoint","urlTemplate":"https:\/\/www.webdo.tn\/fr\/?s={search_term_string}"},"query-input":{"@type":"PropertyValueSpecification","valueRequired":true,"valueName":"search_term_string"}}],"inLanguage":"fr-FR"},{"@type":"Organization","@id":"https:\/\/www.webdo.tn\/fr\/#organization","name":"Webdo","alternateName":"Webdo.tn","url":"https:\/\/www.webdo.tn\/fr\/","logo":{"@type":"ImageObject","inLanguage":"fr-FR","@id":"https:\/\/www.webdo.tn\/fr\/#\/schema\/logo\/image\/","url":"https:\/\/www.webdo.tn\/fr\/wp-content\/uploads\/2025\/06\/Webdo-Tunisie_168377.jpg","contentUrl":"https:\/\/www.webdo.tn\/fr\/wp-content\/uploads\/2025\/06\/Webdo-Tunisie_168377.jpg","width":301,"height":301,"caption":"Webdo"},"image":{"@id":"https:\/\/www.webdo.tn\/fr\/#\/schema\/logo\/image\/"},"sameAs":["https:\/\/www.facebook.com\/webdotn","https:\/\/x.com\/webdo_tn"],"description":"Webdo est un m\u00e9dia num\u00e9rique tunisien fond\u00e9 en 2010, sp\u00e9cialis\u00e9 dans l\u2019actualit\u00e9 nationale et internationale, l\u2019\u00e9conomie, la soci\u00e9t\u00e9 et les analyses politiques. Le site s\u2019adresse \u00e0 un large public francophone et couvre l\u2019information tunisienne en temps r\u00e9el.","email":"redac@webdo.tn","legalName":"YNJ SARL","foundingDate":"2010-09-06","numberOfEmployees":{"@type":"QuantitativeValue","minValue":"11","maxValue":"50"}},{"@type":"Person","@id":"https:\/\/www.webdo.tn\/fr\/#\/schema\/person\/f35b42a42c5e2511bbd282959d6385cc","name":"CL","image":{"@type":"ImageObject","inLanguage":"fr-FR","@id":"https:\/\/secure.gravatar.com\/avatar\/1447a49909b67aa657c488aec6512e1dd6143a480c1ecfee9b5b5cd74eb3b59e?s=96&d=mm&r=g","url":"https:\/\/secure.gravatar.com\/avatar\/1447a49909b67aa657c488aec6512e1dd6143a480c1ecfee9b5b5cd74eb3b59e?s=96&d=mm&r=g","contentUrl":"https:\/\/secure.gravatar.com\/avatar\/1447a49909b67aa657c488aec6512e1dd6143a480c1ecfee9b5b5cd74eb3b59e?s=96&d=mm&r=g","caption":"CL"},"url":"https:\/\/www.webdo.tn\/fr\/actualite\/author\/cl\/"}]}},"_links":{"self":[{"href":"https:\/\/www.webdo.tn\/fr\/wp-json\/wp\/v2\/posts\/209431","targetHints":{"allow":["GET"]}}],"collection":[{"href":"https:\/\/www.webdo.tn\/fr\/wp-json\/wp\/v2\/posts"}],"about":[{"href":"https:\/\/www.webdo.tn\/fr\/wp-json\/wp\/v2\/types\/post"}],"author":[{"embeddable":true,"href":"https:\/\/www.webdo.tn\/fr\/wp-json\/wp\/v2\/users\/3175"}],"replies":[{"embeddable":true,"href":"https:\/\/www.webdo.tn\/fr\/wp-json\/wp\/v2\/comments?post=209431"}],"version-history":[{"count":0,"href":"https:\/\/www.webdo.tn\/fr\/wp-json\/wp\/v2\/posts\/209431\/revisions"}],"wp:featuredmedia":[{"embeddable":true,"href":"https:\/\/www.webdo.tn\/fr\/wp-json\/wp\/v2\/media\/278918"}],"wp:attachment":[{"href":"https:\/\/www.webdo.tn\/fr\/wp-json\/wp\/v2\/media?parent=209431"}],"wp:term":[{"taxonomy":"category","embeddable":true,"href":"https:\/\/www.webdo.tn\/fr\/wp-json\/wp\/v2\/categories?post=209431"},{"taxonomy":"post_tag","embeddable":true,"href":"https:\/\/www.webdo.tn\/fr\/wp-json\/wp\/v2\/tags?post=209431"}],"curies":[{"name":"wp","href":"https:\/\/api.w.org\/{rel}","templated":true}]}}