{"id":209428,"date":"2023-10-18T14:05:00","date_gmt":"2023-10-18T14:05:00","guid":{"rendered":"https:\/\/www.webdo.tn\/fr\/blog\/lady-tabouna-coup-de-coeur-pour-nos-boulangeres-traditionnelles\/209428\/"},"modified":"2025-05-17T21:14:34","modified_gmt":"2025-05-17T21:14:34","slug":"lady-tabouna-coup-de-coeur-pour-nos-boulangeres-traditionnelles","status":"publish","type":"post","link":"https:\/\/www.webdo.tn\/fr\/actualite\/chroniques\/lady-tabouna-coup-de-coeur-pour-nos-boulangeres-traditionnelles\/209428\/","title":{"rendered":"Lady Tabouna : Coup de c\u0153ur pour nos boulang\u00e8res traditionnelles"},"content":{"rendered":"<p>Elles sont des centaines de boulang\u00e8res traditionnelles qui, chaque jour, gagnent leur pain quotidien, en p\u00e9trissant et cuisant des galettes tabouna.<\/p>\n<p>\t\t\t\t\t\t\t\t\tJe vous pr\u00e9sente Monia. Elle vit et travaille \u00e0 Bhar Lazreg. Je l&rsquo;ai nomm\u00e9e Lady Tabouna. Elle produit un pain savoureux. C&rsquo;est une femme admirable et exemplaire \u00e0 qui je d\u00e9die ces quelques lignes.\u00a0<\/p>\n<p>Monia et Saliha sont deux soeurs. L&rsquo;a\u00een\u00e9e a choisi de monter un petit projet en obtenant un micro-cr\u00e9dit qui lui a permis d&rsquo;installer un four \u00e0 tabouna.\u00a0<\/p>\n<p>Depuis, Monia, appuy\u00e9e par sa soeur Saliha, p\u00e9trit, cuit et vend un pain savoureux qui rec\u00e8le mille nuances de Tunisie.\u00a0<\/p>\n<p>Dans sa petite \u00e9choppe qui ne paie pas de mine, un couffin est rempli de nos galettes toujours chaudes et croustillantes.\u00a0<\/p>\n<p>Toute la journ\u00e9e, Saliha et Monia sont au service d&rsquo;une client\u00e8le des plus cosmopolites puisque Congolais, Ivoiriens ou Libyens viennent aussi go\u00fbter son bon pain.<\/p>\n<p>On le dit : il n&rsquo;y a que le travail qui paie et, dans notre cas, Monia gagne chaque jour en notori\u00e9t\u00e9.\u00a0<\/p>\n<p>Je peux t\u00e9moigner de son courage, son talent, son sens de la responsabilit\u00e9 et aussi de son talent inn\u00e9. Chaque jour, j&rsquo;admire sa virtuosit\u00e9 et son d\u00e9sir d&rsquo;aller de l&rsquo;avant.\u00a0<\/p>\n<p>Dans ma famille virtuelle, elles sont nombreuses ces m\u00e8re-courage qui trouvent toujours des solutions et cherchent les ressources en elles-m\u00eames.\u00a0<\/p>\n<p>\u00c0 mes yeux, elles sont les plus belles de nos femmes et les architectes invisibles et parfois ignor\u00e9es de notre progr\u00e8s social.\u00a0<\/p>\n<p>Et si j&rsquo;\u00e9cris ces quelques lignes aujourd&rsquo;hui, c&rsquo;est pour m&rsquo;incliner devant leur pers\u00e9v\u00e9rance et leur travail. C&rsquo;est pour leur dire toute ma gratitude et mon admiration.<\/p>\n<p>C&rsquo;est aussi pour que tous, autant que nous sommes, sachions ne pas passer \u00e0 c\u00f4t\u00e9 de cet effort incomparable qu&rsquo;accomplissent des femmes anonymes et pourtant si exemplaires.\u00a0<\/p>\n<p>\u00c0 Bhar Lazreg, en banlieue de la Marsa, elles sont nombreuses, de tous horizons et plurielles comme un arc-en-ciel.\u00a0<\/p>\n<p>Quant \u00e0 Monia et Saliha, \u00e0 l&rsquo;heure o\u00f9 vous me lisez, elles pr\u00e9parent leur pain, notre pain que nous romprons au nom du partage et de l&rsquo;amour du prochain.<\/p>\n","protected":false},"excerpt":{"rendered":"<p>Elles sont des centaines de boulang\u00e8res traditionnelles qui, chaque jour, gagnent leur pain quotidien, en p\u00e9trissant et cuisant des galettes tabouna.<\/p>\n","protected":false},"author":3229,"featured_media":278912,"comment_status":"open","ping_status":"closed","sticky":false,"template":"","format":"standard","meta":{"footnotes":""},"categories":[2596],"tags":[6003,5596,9773],"class_list":["post-209428","post","type-post","status-publish","format-standard","has-post-thumbnail","hentry","category-chroniques","tag-billet","tag-culture","tag-metier"],"yoast_head":"<!-- This site is optimized with the Yoast SEO Premium plugin v27.5 (Yoast SEO v27.5) - https:\/\/yoast.com\/product\/yoast-seo-premium-wordpress\/ -->\n<title>Lady Tabouna : Coup de c\u0153ur pour nos boulang\u00e8res traditionnelles<\/title>\n<meta name=\"description\" content=\"Elles sont des centaines de boulang\u00e8res traditionnelles qui, chaque jour, gagnent leur pain quotidien, en p\u00e9trissant et cuisant des galettes tabouna.\" \/>\n<link rel=\"canonical\" href=\"https:\/\/www.webdo.tn\/fr\/actualite\/chroniques\/lady-tabouna-coup-de-coeur-pour-nos-boulangeres-traditionnelles\/209428\/\" \/>\n<meta property=\"og:locale\" content=\"fr_FR\" \/>\n<meta property=\"og:type\" content=\"article\" \/>\n<meta property=\"og:title\" content=\"Lady Tabouna : Coup de c\u0153ur pour nos boulang\u00e8res traditionnelles\" \/>\n<meta property=\"og:description\" content=\"Elles sont des centaines de boulang\u00e8res traditionnelles qui, chaque jour, gagnent leur pain quotidien, en p\u00e9trissant et cuisant des galettes tabouna.\" \/>\n<meta property=\"og:url\" content=\"https:\/\/www.webdo.tn\/fr\/actualite\/chroniques\/lady-tabouna-coup-de-coeur-pour-nos-boulangeres-traditionnelles\/209428\/\" \/>\n<meta property=\"og:site_name\" content=\"webdo\" \/>\n<meta property=\"article:publisher\" content=\"https:\/\/www.facebook.com\/webdotn\" \/>\n<meta property=\"article:author\" content=\"https:\/\/www.facebook.com\/hatem.bourial.2025\" \/>\n<meta property=\"article:published_time\" content=\"2023-10-18T14:05:00+00:00\" \/>\n<meta property=\"article:modified_time\" content=\"2025-05-17T21:14:34+00:00\" \/>\n<meta property=\"og:image\" content=\"https:\/\/www.webdo.tn\/fr\/wp-content\/uploads\/2023\/10\/271cb7c6f21016bcfa9b495bff908179.png\" \/>\n\t<meta property=\"og:image:width\" content=\"750\" \/>\n\t<meta property=\"og:image:height\" content=\"400\" \/>\n\t<meta property=\"og:image:type\" content=\"image\/png\" \/>\n<meta name=\"author\" content=\"Hatem Bourial\" \/>\n<meta name=\"twitter:card\" content=\"summary_large_image\" \/>\n<meta name=\"twitter:creator\" content=\"@webdo_tn\" \/>\n<meta name=\"twitter:site\" content=\"@webdo_tn\" \/>\n<meta name=\"twitter:label1\" content=\"\u00c9crit par\" \/>\n\t<meta name=\"twitter:data1\" content=\"Hatem Bourial\" \/>\n\t<meta name=\"twitter:label2\" content=\"Dur\u00e9e de lecture estim\u00e9e\" \/>\n\t<meta name=\"twitter:data2\" content=\"2 minutes\" \/>\n<script type=\"application\/ld+json\" class=\"yoast-schema-graph\">{\"@context\":\"https:\\\/\\\/schema.org\",\"@graph\":[{\"@type\":\"NewsArticle\",\"@id\":\"https:\\\/\\\/www.webdo.tn\\\/fr\\\/actualite\\\/chroniques\\\/lady-tabouna-coup-de-coeur-pour-nos-boulangeres-traditionnelles\\\/209428\\\/#article\",\"isPartOf\":{\"@id\":\"https:\\\/\\\/www.webdo.tn\\\/fr\\\/actualite\\\/chroniques\\\/lady-tabouna-coup-de-coeur-pour-nos-boulangeres-traditionnelles\\\/209428\\\/\"},\"author\":{\"name\":\"Hatem Bourial\",\"@id\":\"https:\\\/\\\/www.webdo.tn\\\/fr\\\/#\\\/schema\\\/person\\\/6bc0beba2cd23aec27cb5df85ca2554f\"},\"headline\":\"Lady Tabouna : Coup de c\u0153ur pour nos boulang\u00e8res traditionnelles\",\"datePublished\":\"2023-10-18T14:05:00+00:00\",\"dateModified\":\"2025-05-17T21:14:34+00:00\",\"mainEntityOfPage\":{\"@id\":\"https:\\\/\\\/www.webdo.tn\\\/fr\\\/actualite\\\/chroniques\\\/lady-tabouna-coup-de-coeur-pour-nos-boulangeres-traditionnelles\\\/209428\\\/\"},\"wordCount\":388,\"commentCount\":0,\"publisher\":{\"@id\":\"https:\\\/\\\/www.webdo.tn\\\/fr\\\/#organization\"},\"image\":{\"@id\":\"https:\\\/\\\/www.webdo.tn\\\/fr\\\/actualite\\\/chroniques\\\/lady-tabouna-coup-de-coeur-pour-nos-boulangeres-traditionnelles\\\/209428\\\/#primaryimage\"},\"thumbnailUrl\":\"https:\\\/\\\/www.webdo.tn\\\/fr\\\/wp-content\\\/uploads\\\/2023\\\/10\\\/271cb7c6f21016bcfa9b495bff908179.png\",\"keywords\":[\"Billet\",\"culture\",\"M\u00e9tier\"],\"articleSection\":[\"Chroniques\"],\"inLanguage\":\"fr-FR\"},{\"@type\":\"WebPage\",\"@id\":\"https:\\\/\\\/www.webdo.tn\\\/fr\\\/actualite\\\/chroniques\\\/lady-tabouna-coup-de-coeur-pour-nos-boulangeres-traditionnelles\\\/209428\\\/\",\"url\":\"https:\\\/\\\/www.webdo.tn\\\/fr\\\/actualite\\\/chroniques\\\/lady-tabouna-coup-de-coeur-pour-nos-boulangeres-traditionnelles\\\/209428\\\/\",\"name\":\"Lady Tabouna : Coup de c\u0153ur pour nos boulang\u00e8res traditionnelles\",\"isPartOf\":{\"@id\":\"https:\\\/\\\/www.webdo.tn\\\/fr\\\/#website\"},\"primaryImageOfPage\":{\"@id\":\"https:\\\/\\\/www.webdo.tn\\\/fr\\\/actualite\\\/chroniques\\\/lady-tabouna-coup-de-coeur-pour-nos-boulangeres-traditionnelles\\\/209428\\\/#primaryimage\"},\"image\":{\"@id\":\"https:\\\/\\\/www.webdo.tn\\\/fr\\\/actualite\\\/chroniques\\\/lady-tabouna-coup-de-coeur-pour-nos-boulangeres-traditionnelles\\\/209428\\\/#primaryimage\"},\"thumbnailUrl\":\"https:\\\/\\\/www.webdo.tn\\\/fr\\\/wp-content\\\/uploads\\\/2023\\\/10\\\/271cb7c6f21016bcfa9b495bff908179.png\",\"datePublished\":\"2023-10-18T14:05:00+00:00\",\"dateModified\":\"2025-05-17T21:14:34+00:00\",\"description\":\"Elles sont des centaines de boulang\u00e8res traditionnelles qui, chaque jour, gagnent leur pain quotidien, en p\u00e9trissant et cuisant des galettes tabouna.\",\"breadcrumb\":{\"@id\":\"https:\\\/\\\/www.webdo.tn\\\/fr\\\/actualite\\\/chroniques\\\/lady-tabouna-coup-de-coeur-pour-nos-boulangeres-traditionnelles\\\/209428\\\/#breadcrumb\"},\"inLanguage\":\"fr-FR\",\"potentialAction\":[{\"@type\":\"ReadAction\",\"target\":[\"https:\\\/\\\/www.webdo.tn\\\/fr\\\/actualite\\\/chroniques\\\/lady-tabouna-coup-de-coeur-pour-nos-boulangeres-traditionnelles\\\/209428\\\/\"]}]},{\"@type\":\"ImageObject\",\"inLanguage\":\"fr-FR\",\"@id\":\"https:\\\/\\\/www.webdo.tn\\\/fr\\\/actualite\\\/chroniques\\\/lady-tabouna-coup-de-coeur-pour-nos-boulangeres-traditionnelles\\\/209428\\\/#primaryimage\",\"url\":\"https:\\\/\\\/www.webdo.tn\\\/fr\\\/wp-content\\\/uploads\\\/2023\\\/10\\\/271cb7c6f21016bcfa9b495bff908179.png\",\"contentUrl\":\"https:\\\/\\\/www.webdo.tn\\\/fr\\\/wp-content\\\/uploads\\\/2023\\\/10\\\/271cb7c6f21016bcfa9b495bff908179.png\",\"width\":750,\"height\":400,\"caption\":\"Lady Tabouna : Coup de c\u0153ur pour nos boulang\u00e8res traditionnelles\"},{\"@type\":\"BreadcrumbList\",\"@id\":\"https:\\\/\\\/www.webdo.tn\\\/fr\\\/actualite\\\/chroniques\\\/lady-tabouna-coup-de-coeur-pour-nos-boulangeres-traditionnelles\\\/209428\\\/#breadcrumb\",\"itemListElement\":[{\"@type\":\"ListItem\",\"position\":1,\"name\":\"Accueil\",\"item\":\"https:\\\/\\\/www.webdo.tn\\\/fr\\\/\"},{\"@type\":\"ListItem\",\"position\":2,\"name\":\"Lady Tabouna : Coup de c\u0153ur pour nos boulang\u00e8res traditionnelles\"}]},{\"@type\":\"WebSite\",\"@id\":\"https:\\\/\\\/www.webdo.tn\\\/fr\\\/#website\",\"url\":\"https:\\\/\\\/www.webdo.tn\\\/fr\\\/\",\"name\":\"webdo\",\"description\":\"Tunisie - News en Tunisie et \u00e0 l&#039;international sur Webdo.tn\",\"publisher\":{\"@id\":\"https:\\\/\\\/www.webdo.tn\\\/fr\\\/#organization\"},\"potentialAction\":[{\"@type\":\"SearchAction\",\"target\":{\"@type\":\"EntryPoint\",\"urlTemplate\":\"https:\\\/\\\/www.webdo.tn\\\/fr\\\/?s={search_term_string}\"},\"query-input\":{\"@type\":\"PropertyValueSpecification\",\"valueRequired\":true,\"valueName\":\"search_term_string\"}}],\"inLanguage\":\"fr-FR\"},{\"@type\":\"Organization\",\"@id\":\"https:\\\/\\\/www.webdo.tn\\\/fr\\\/#organization\",\"name\":\"Webdo\",\"alternateName\":\"Webdo.tn\",\"url\":\"https:\\\/\\\/www.webdo.tn\\\/fr\\\/\",\"logo\":{\"@type\":\"ImageObject\",\"inLanguage\":\"fr-FR\",\"@id\":\"https:\\\/\\\/www.webdo.tn\\\/fr\\\/#\\\/schema\\\/logo\\\/image\\\/\",\"url\":\"https:\\\/\\\/www.webdo.tn\\\/fr\\\/wp-content\\\/uploads\\\/2025\\\/06\\\/Webdo-Tunisie_168377.jpg\",\"contentUrl\":\"https:\\\/\\\/www.webdo.tn\\\/fr\\\/wp-content\\\/uploads\\\/2025\\\/06\\\/Webdo-Tunisie_168377.jpg\",\"width\":301,\"height\":301,\"caption\":\"Webdo\"},\"image\":{\"@id\":\"https:\\\/\\\/www.webdo.tn\\\/fr\\\/#\\\/schema\\\/logo\\\/image\\\/\"},\"sameAs\":[\"https:\\\/\\\/www.facebook.com\\\/webdotn\",\"https:\\\/\\\/x.com\\\/webdo_tn\"],\"description\":\"Webdo est un m\u00e9dia num\u00e9rique tunisien fond\u00e9 en 2010, sp\u00e9cialis\u00e9 dans l\u2019actualit\u00e9 nationale et internationale, l\u2019\u00e9conomie, la soci\u00e9t\u00e9 et les analyses politiques. Le site s\u2019adresse \u00e0 un large public francophone et couvre l\u2019information tunisienne en temps r\u00e9el.\",\"email\":\"redac@webdo.tn\",\"legalName\":\"YNJ SARL\",\"foundingDate\":\"2010-09-06\",\"numberOfEmployees\":{\"@type\":\"QuantitativeValue\",\"minValue\":\"11\",\"maxValue\":\"50\"}},{\"@type\":\"Person\",\"@id\":\"https:\\\/\\\/www.webdo.tn\\\/fr\\\/#\\\/schema\\\/person\\\/6bc0beba2cd23aec27cb5df85ca2554f\",\"name\":\"Hatem Bourial\",\"image\":{\"@type\":\"ImageObject\",\"inLanguage\":\"fr-FR\",\"@id\":\"https:\\\/\\\/www.webdo.tn\\\/fr\\\/wp-content\\\/uploads\\\/2026\\\/04\\\/hatem-bourial_avatar-96x96.jpg\",\"url\":\"https:\\\/\\\/www.webdo.tn\\\/fr\\\/wp-content\\\/uploads\\\/2026\\\/04\\\/hatem-bourial_avatar-96x96.jpg\",\"contentUrl\":\"https:\\\/\\\/www.webdo.tn\\\/fr\\\/wp-content\\\/uploads\\\/2026\\\/04\\\/hatem-bourial_avatar-96x96.jpg\",\"caption\":\"Hatem Bourial\"},\"description\":\"Hatem Bourial est journaliste, \u00e9crivain et chroniqueur tunisien. Actif depuis plusieurs d\u00e9cennies, il s\u2019est impos\u00e9 comme un observateur attentif de la soci\u00e9t\u00e9 tunisienne, m\u00ealant dans ses \u00e9crits m\u00e9moire, culture et analyse du quotidien. Auteur de nombreux ouvrages, il d\u00e9veloppe une \u0153uvre \u00e0 la crois\u00e9e du r\u00e9cit, de la po\u00e9sie et de l\u2019observation sociologique. Parall\u00e8lement \u00e0 ses contributions dans la presse, il intervient r\u00e9guli\u00e8rement \u00e0 la radio et dans des espaces culturels, o\u00f9 il explore les enjeux li\u00e9s au patrimoine, \u00e0 l\u2019identit\u00e9 et aux transformations du monde contemporain. \u00c0 travers ses chroniques, Hatem Bourial propose une lecture sensible et approfondie de l\u2019actualit\u00e9, nourrie par une exp\u00e9rience journalistique et litt\u00e9raire reconnue. \ud83d\udd17 Facebook : https:\\\/\\\/www.facebook.com\\\/hatem.bourial.2025\",\"sameAs\":[\"https:\\\/\\\/www.facebook.com\\\/hatem.bourial.2025\",\"https:\\\/\\\/fr.wikipedia.org\\\/wiki\\\/Fichier:Hatem_Bourial.jpg\"],\"knowsAbout\":[\"Culture & patrimoine tunisien\",\"Chronique soci\u00e9tale\",\"Litt\u00e9rature & m\u00e9moire\",\"Cin\u00e9ma & critique culturelle\",\"Identit\u00e9 & mutations sociales\"],\"knowsLanguage\":[\"Arabe\",\"Fran\u00e7ais\",\"Anglais\",\"Italien\",\"Polonais\"],\"jobTitle\":\"Journaliste, \u00e9crivain et chroniqueur culturel\",\"worksFor\":\"Webdo\",\"url\":\"https:\\\/\\\/www.webdo.tn\\\/fr\\\/actualite\\\/author\\\/hatem-bourial-2\\\/\"}]}<\/script>\n<!-- \/ Yoast SEO Premium plugin. -->","yoast_head_json":{"title":"Lady Tabouna : Coup de c\u0153ur pour nos boulang\u00e8res traditionnelles","description":"Elles sont des centaines de boulang\u00e8res traditionnelles qui, chaque jour, gagnent leur pain quotidien, en p\u00e9trissant et cuisant des galettes tabouna.","canonical":"https:\/\/www.webdo.tn\/fr\/actualite\/chroniques\/lady-tabouna-coup-de-coeur-pour-nos-boulangeres-traditionnelles\/209428\/","og_locale":"fr_FR","og_type":"article","og_title":"Lady Tabouna : Coup de c\u0153ur pour nos boulang\u00e8res traditionnelles","og_description":"Elles sont des centaines de boulang\u00e8res traditionnelles qui, chaque jour, gagnent leur pain quotidien, en p\u00e9trissant et cuisant des galettes tabouna.","og_url":"https:\/\/www.webdo.tn\/fr\/actualite\/chroniques\/lady-tabouna-coup-de-coeur-pour-nos-boulangeres-traditionnelles\/209428\/","og_site_name":"webdo","article_publisher":"https:\/\/www.facebook.com\/webdotn","article_author":"https:\/\/www.facebook.com\/hatem.bourial.2025","article_published_time":"2023-10-18T14:05:00+00:00","article_modified_time":"2025-05-17T21:14:34+00:00","og_image":[{"width":750,"height":400,"url":"https:\/\/www.webdo.tn\/fr\/wp-content\/uploads\/2023\/10\/271cb7c6f21016bcfa9b495bff908179.png","type":"image\/png"}],"author":"Hatem Bourial","twitter_card":"summary_large_image","twitter_creator":"@webdo_tn","twitter_site":"@webdo_tn","twitter_misc":{"\u00c9crit par":"Hatem Bourial","Dur\u00e9e de lecture estim\u00e9e":"2 minutes"},"schema":{"@context":"https:\/\/schema.org","@graph":[{"@type":"NewsArticle","@id":"https:\/\/www.webdo.tn\/fr\/actualite\/chroniques\/lady-tabouna-coup-de-coeur-pour-nos-boulangeres-traditionnelles\/209428\/#article","isPartOf":{"@id":"https:\/\/www.webdo.tn\/fr\/actualite\/chroniques\/lady-tabouna-coup-de-coeur-pour-nos-boulangeres-traditionnelles\/209428\/"},"author":{"name":"Hatem Bourial","@id":"https:\/\/www.webdo.tn\/fr\/#\/schema\/person\/6bc0beba2cd23aec27cb5df85ca2554f"},"headline":"Lady Tabouna : Coup de c\u0153ur pour nos boulang\u00e8res traditionnelles","datePublished":"2023-10-18T14:05:00+00:00","dateModified":"2025-05-17T21:14:34+00:00","mainEntityOfPage":{"@id":"https:\/\/www.webdo.tn\/fr\/actualite\/chroniques\/lady-tabouna-coup-de-coeur-pour-nos-boulangeres-traditionnelles\/209428\/"},"wordCount":388,"commentCount":0,"publisher":{"@id":"https:\/\/www.webdo.tn\/fr\/#organization"},"image":{"@id":"https:\/\/www.webdo.tn\/fr\/actualite\/chroniques\/lady-tabouna-coup-de-coeur-pour-nos-boulangeres-traditionnelles\/209428\/#primaryimage"},"thumbnailUrl":"https:\/\/www.webdo.tn\/fr\/wp-content\/uploads\/2023\/10\/271cb7c6f21016bcfa9b495bff908179.png","keywords":["Billet","culture","M\u00e9tier"],"articleSection":["Chroniques"],"inLanguage":"fr-FR"},{"@type":"WebPage","@id":"https:\/\/www.webdo.tn\/fr\/actualite\/chroniques\/lady-tabouna-coup-de-coeur-pour-nos-boulangeres-traditionnelles\/209428\/","url":"https:\/\/www.webdo.tn\/fr\/actualite\/chroniques\/lady-tabouna-coup-de-coeur-pour-nos-boulangeres-traditionnelles\/209428\/","name":"Lady Tabouna : Coup de c\u0153ur pour nos boulang\u00e8res traditionnelles","isPartOf":{"@id":"https:\/\/www.webdo.tn\/fr\/#website"},"primaryImageOfPage":{"@id":"https:\/\/www.webdo.tn\/fr\/actualite\/chroniques\/lady-tabouna-coup-de-coeur-pour-nos-boulangeres-traditionnelles\/209428\/#primaryimage"},"image":{"@id":"https:\/\/www.webdo.tn\/fr\/actualite\/chroniques\/lady-tabouna-coup-de-coeur-pour-nos-boulangeres-traditionnelles\/209428\/#primaryimage"},"thumbnailUrl":"https:\/\/www.webdo.tn\/fr\/wp-content\/uploads\/2023\/10\/271cb7c6f21016bcfa9b495bff908179.png","datePublished":"2023-10-18T14:05:00+00:00","dateModified":"2025-05-17T21:14:34+00:00","description":"Elles sont des centaines de boulang\u00e8res traditionnelles qui, chaque jour, gagnent leur pain quotidien, en p\u00e9trissant et cuisant des galettes tabouna.","breadcrumb":{"@id":"https:\/\/www.webdo.tn\/fr\/actualite\/chroniques\/lady-tabouna-coup-de-coeur-pour-nos-boulangeres-traditionnelles\/209428\/#breadcrumb"},"inLanguage":"fr-FR","potentialAction":[{"@type":"ReadAction","target":["https:\/\/www.webdo.tn\/fr\/actualite\/chroniques\/lady-tabouna-coup-de-coeur-pour-nos-boulangeres-traditionnelles\/209428\/"]}]},{"@type":"ImageObject","inLanguage":"fr-FR","@id":"https:\/\/www.webdo.tn\/fr\/actualite\/chroniques\/lady-tabouna-coup-de-coeur-pour-nos-boulangeres-traditionnelles\/209428\/#primaryimage","url":"https:\/\/www.webdo.tn\/fr\/wp-content\/uploads\/2023\/10\/271cb7c6f21016bcfa9b495bff908179.png","contentUrl":"https:\/\/www.webdo.tn\/fr\/wp-content\/uploads\/2023\/10\/271cb7c6f21016bcfa9b495bff908179.png","width":750,"height":400,"caption":"Lady Tabouna : Coup de c\u0153ur pour nos boulang\u00e8res traditionnelles"},{"@type":"BreadcrumbList","@id":"https:\/\/www.webdo.tn\/fr\/actualite\/chroniques\/lady-tabouna-coup-de-coeur-pour-nos-boulangeres-traditionnelles\/209428\/#breadcrumb","itemListElement":[{"@type":"ListItem","position":1,"name":"Accueil","item":"https:\/\/www.webdo.tn\/fr\/"},{"@type":"ListItem","position":2,"name":"Lady Tabouna : Coup de c\u0153ur pour nos boulang\u00e8res traditionnelles"}]},{"@type":"WebSite","@id":"https:\/\/www.webdo.tn\/fr\/#website","url":"https:\/\/www.webdo.tn\/fr\/","name":"webdo","description":"Tunisie - News en Tunisie et \u00e0 l&#039;international sur Webdo.tn","publisher":{"@id":"https:\/\/www.webdo.tn\/fr\/#organization"},"potentialAction":[{"@type":"SearchAction","target":{"@type":"EntryPoint","urlTemplate":"https:\/\/www.webdo.tn\/fr\/?s={search_term_string}"},"query-input":{"@type":"PropertyValueSpecification","valueRequired":true,"valueName":"search_term_string"}}],"inLanguage":"fr-FR"},{"@type":"Organization","@id":"https:\/\/www.webdo.tn\/fr\/#organization","name":"Webdo","alternateName":"Webdo.tn","url":"https:\/\/www.webdo.tn\/fr\/","logo":{"@type":"ImageObject","inLanguage":"fr-FR","@id":"https:\/\/www.webdo.tn\/fr\/#\/schema\/logo\/image\/","url":"https:\/\/www.webdo.tn\/fr\/wp-content\/uploads\/2025\/06\/Webdo-Tunisie_168377.jpg","contentUrl":"https:\/\/www.webdo.tn\/fr\/wp-content\/uploads\/2025\/06\/Webdo-Tunisie_168377.jpg","width":301,"height":301,"caption":"Webdo"},"image":{"@id":"https:\/\/www.webdo.tn\/fr\/#\/schema\/logo\/image\/"},"sameAs":["https:\/\/www.facebook.com\/webdotn","https:\/\/x.com\/webdo_tn"],"description":"Webdo est un m\u00e9dia num\u00e9rique tunisien fond\u00e9 en 2010, sp\u00e9cialis\u00e9 dans l\u2019actualit\u00e9 nationale et internationale, l\u2019\u00e9conomie, la soci\u00e9t\u00e9 et les analyses politiques. Le site s\u2019adresse \u00e0 un large public francophone et couvre l\u2019information tunisienne en temps r\u00e9el.","email":"redac@webdo.tn","legalName":"YNJ SARL","foundingDate":"2010-09-06","numberOfEmployees":{"@type":"QuantitativeValue","minValue":"11","maxValue":"50"}},{"@type":"Person","@id":"https:\/\/www.webdo.tn\/fr\/#\/schema\/person\/6bc0beba2cd23aec27cb5df85ca2554f","name":"Hatem Bourial","image":{"@type":"ImageObject","inLanguage":"fr-FR","@id":"https:\/\/www.webdo.tn\/fr\/wp-content\/uploads\/2026\/04\/hatem-bourial_avatar-96x96.jpg","url":"https:\/\/www.webdo.tn\/fr\/wp-content\/uploads\/2026\/04\/hatem-bourial_avatar-96x96.jpg","contentUrl":"https:\/\/www.webdo.tn\/fr\/wp-content\/uploads\/2026\/04\/hatem-bourial_avatar-96x96.jpg","caption":"Hatem Bourial"},"description":"Hatem Bourial est journaliste, \u00e9crivain et chroniqueur tunisien. Actif depuis plusieurs d\u00e9cennies, il s\u2019est impos\u00e9 comme un observateur attentif de la soci\u00e9t\u00e9 tunisienne, m\u00ealant dans ses \u00e9crits m\u00e9moire, culture et analyse du quotidien. Auteur de nombreux ouvrages, il d\u00e9veloppe une \u0153uvre \u00e0 la crois\u00e9e du r\u00e9cit, de la po\u00e9sie et de l\u2019observation sociologique. Parall\u00e8lement \u00e0 ses contributions dans la presse, il intervient r\u00e9guli\u00e8rement \u00e0 la radio et dans des espaces culturels, o\u00f9 il explore les enjeux li\u00e9s au patrimoine, \u00e0 l\u2019identit\u00e9 et aux transformations du monde contemporain. \u00c0 travers ses chroniques, Hatem Bourial propose une lecture sensible et approfondie de l\u2019actualit\u00e9, nourrie par une exp\u00e9rience journalistique et litt\u00e9raire reconnue. \ud83d\udd17 Facebook : https:\/\/www.facebook.com\/hatem.bourial.2025","sameAs":["https:\/\/www.facebook.com\/hatem.bourial.2025","https:\/\/fr.wikipedia.org\/wiki\/Fichier:Hatem_Bourial.jpg"],"knowsAbout":["Culture & patrimoine tunisien","Chronique soci\u00e9tale","Litt\u00e9rature & m\u00e9moire","Cin\u00e9ma & critique culturelle","Identit\u00e9 & mutations sociales"],"knowsLanguage":["Arabe","Fran\u00e7ais","Anglais","Italien","Polonais"],"jobTitle":"Journaliste, \u00e9crivain et chroniqueur culturel","worksFor":"Webdo","url":"https:\/\/www.webdo.tn\/fr\/actualite\/author\/hatem-bourial-2\/"}]}},"_links":{"self":[{"href":"https:\/\/www.webdo.tn\/fr\/wp-json\/wp\/v2\/posts\/209428","targetHints":{"allow":["GET"]}}],"collection":[{"href":"https:\/\/www.webdo.tn\/fr\/wp-json\/wp\/v2\/posts"}],"about":[{"href":"https:\/\/www.webdo.tn\/fr\/wp-json\/wp\/v2\/types\/post"}],"author":[{"embeddable":true,"href":"https:\/\/www.webdo.tn\/fr\/wp-json\/wp\/v2\/users\/3229"}],"replies":[{"embeddable":true,"href":"https:\/\/www.webdo.tn\/fr\/wp-json\/wp\/v2\/comments?post=209428"}],"version-history":[{"count":0,"href":"https:\/\/www.webdo.tn\/fr\/wp-json\/wp\/v2\/posts\/209428\/revisions"}],"wp:featuredmedia":[{"embeddable":true,"href":"https:\/\/www.webdo.tn\/fr\/wp-json\/wp\/v2\/media\/278912"}],"wp:attachment":[{"href":"https:\/\/www.webdo.tn\/fr\/wp-json\/wp\/v2\/media?parent=209428"}],"wp:term":[{"taxonomy":"category","embeddable":true,"href":"https:\/\/www.webdo.tn\/fr\/wp-json\/wp\/v2\/categories?post=209428"},{"taxonomy":"post_tag","embeddable":true,"href":"https:\/\/www.webdo.tn\/fr\/wp-json\/wp\/v2\/tags?post=209428"}],"curies":[{"name":"wp","href":"https:\/\/api.w.org\/{rel}","templated":true}]}}