{"id":209423,"date":"2023-10-18T11:20:00","date_gmt":"2023-10-18T11:20:00","guid":{"rendered":"https:\/\/www.webdo.tn\/fr\/blog\/palestine-cette-flamme-qui-ne-s-eteindra-jamais\/209423\/"},"modified":"2023-10-18T11:20:00","modified_gmt":"2023-10-18T11:20:00","slug":"palestine-cette-flamme-qui-ne-s-eteindra-jamais","status":"publish","type":"post","link":"https:\/\/www.webdo.tn\/fr\/actualite\/chroniques\/palestine-cette-flamme-qui-ne-s-eteindra-jamais\/209423\/","title":{"rendered":"Palestine, cette flamme qui ne s&rsquo;\u00e9teindra jamais !"},"content":{"rendered":"<p>Tous ces jeunes, \u00e9coliers, lyc\u00e9ens, \u00e9tudiants, qui ont submerg\u00e9 les rues de nos villes pour exprimer leur col\u00e8re et le refus de la barbarie sioniste, nous ont mis du baume au c\u0153ur.<\/p>\n<p>\t\t\t\t\t\t\t\t\tIls nous ont donn\u00e9 de l&rsquo;espoir nous qui, des ann\u00e9es auparavant, arpentions les m\u00eames rues pour soutenir cette cause qui est la n\u00f4tre, la cause palestinienne.<\/p>\n<p>Une cause qui rena\u00eet dans les rangs de nos petits-enfants, avec cette fougue qu&rsquo;on croyait d\u00e9pass\u00e9e.<\/p>\n<p>Non, la Palestine n&rsquo;est pas uniquement dans les coeurs, elle est dans les g\u00e8nes. Elle se transmet d&rsquo;a\u00efeuls en petits-enfants.<\/p>\n<p>La flamme est intacte, Isra\u00ebl avec ses crimes barbares n&rsquo;a fait que la raviver.<\/p>\n<p>En voyant les images des manifestations \u00e0 Tunis et ailleurs, Isra\u00ebl doit r\u00e9aliser que plus ils montent au cr\u00e9neau en mati\u00e8re de barbarie, plus la haine ressentie envers eux devient encore plus vigoureuse.<\/p>\n<p>A.B.<\/p>\n","protected":false},"excerpt":{"rendered":"<p>Tous ces jeunes, \u00e9coliers, lyc\u00e9ens, \u00e9tudiants, qui ont submerg\u00e9 les rues de nos villes pour exprimer leur col\u00e8re et le refus de la barbarie sioniste, nous ont m&#8230;<\/p>\n","protected":false},"author":3221,"featured_media":249054,"comment_status":"open","ping_status":"closed","sticky":false,"template":"","format":"standard","meta":{"footnotes":""},"categories":[2596],"tags":[7734,2689,2636,5948,2688,2608],"class_list":["post-209423","post","type-post","status-publish","format-standard","has-post-thumbnail","hentry","category-chroniques","tag-barbarie","tag-gaza","tag-israel","tag-massacre","tag-palestine","tag-tunisie"],"yoast_head":"<!-- This site is optimized with the Yoast SEO Premium plugin v27.5 (Yoast SEO v27.5) - https:\/\/yoast.com\/product\/yoast-seo-premium-wordpress\/ -->\n<title>Palestine, cette flamme qui ne s&#039;\u00e9teindra jamais !<\/title>\n<meta name=\"description\" content=\"Tous ces jeunes, \u00e9coliers, lyc\u00e9ens, \u00e9tudiants, qui ont submerg\u00e9 les rues de nos villes pour exprimer leur col\u00e8re et le refus de la barbarie sioniste, nous ont m...\" \/>\n<link rel=\"canonical\" href=\"https:\/\/www.webdo.tn\/fr\/actualite\/chroniques\/palestine-cette-flamme-qui-ne-s-eteindra-jamais\/209423\/\" \/>\n<meta property=\"og:locale\" content=\"fr_FR\" \/>\n<meta property=\"og:type\" content=\"article\" \/>\n<meta property=\"og:title\" content=\"Palestine, cette flamme qui ne s&#039;\u00e9teindra jamais !\" \/>\n<meta property=\"og:description\" content=\"Tous ces jeunes, \u00e9coliers, lyc\u00e9ens, \u00e9tudiants, qui ont submerg\u00e9 les rues de nos villes pour exprimer leur col\u00e8re et le refus de la barbarie sioniste, nous ont m...\" \/>\n<meta property=\"og:url\" content=\"https:\/\/www.webdo.tn\/fr\/actualite\/chroniques\/palestine-cette-flamme-qui-ne-s-eteindra-jamais\/209423\/\" \/>\n<meta property=\"og:site_name\" content=\"webdo\" \/>\n<meta property=\"article:publisher\" content=\"https:\/\/www.facebook.com\/webdotn\" \/>\n<meta property=\"article:published_time\" content=\"2023-10-18T11:20:00+00:00\" \/>\n<meta property=\"og:image\" content=\"https:\/\/www.webdo.tn\/fr\/wp-content\/uploads\/2023\/10\/4929c63205421aa9e6705562d9eea716.jpg\" \/>\n\t<meta property=\"og:image:width\" content=\"750\" \/>\n\t<meta property=\"og:image:height\" content=\"400\" \/>\n\t<meta property=\"og:image:type\" content=\"image\/jpeg\" \/>\n<meta name=\"author\" content=\"A.B.\" \/>\n<meta name=\"twitter:card\" content=\"summary_large_image\" \/>\n<meta name=\"twitter:creator\" content=\"@webdo_tn\" \/>\n<meta name=\"twitter:site\" content=\"@webdo_tn\" \/>\n<meta name=\"twitter:label1\" content=\"\u00c9crit par\" \/>\n\t<meta name=\"twitter:data1\" content=\"A.B.\" \/>\n\t<meta name=\"twitter:label2\" content=\"Dur\u00e9e de lecture estim\u00e9e\" \/>\n\t<meta name=\"twitter:data2\" content=\"1 minute\" \/>\n<script type=\"application\/ld+json\" class=\"yoast-schema-graph\">{\"@context\":\"https:\\\/\\\/schema.org\",\"@graph\":[{\"@type\":\"NewsArticle\",\"@id\":\"https:\\\/\\\/www.webdo.tn\\\/fr\\\/actualite\\\/chroniques\\\/palestine-cette-flamme-qui-ne-s-eteindra-jamais\\\/209423\\\/#article\",\"isPartOf\":{\"@id\":\"https:\\\/\\\/www.webdo.tn\\\/fr\\\/actualite\\\/chroniques\\\/palestine-cette-flamme-qui-ne-s-eteindra-jamais\\\/209423\\\/\"},\"author\":{\"name\":\"A.B.\",\"@id\":\"https:\\\/\\\/www.webdo.tn\\\/fr\\\/#\\\/schema\\\/person\\\/c11b6b75002c94517a5d7ff6c98d9d03\"},\"headline\":\"Palestine, cette flamme qui ne s&rsquo;\u00e9teindra jamais !\",\"datePublished\":\"2023-10-18T11:20:00+00:00\",\"mainEntityOfPage\":{\"@id\":\"https:\\\/\\\/www.webdo.tn\\\/fr\\\/actualite\\\/chroniques\\\/palestine-cette-flamme-qui-ne-s-eteindra-jamais\\\/209423\\\/\"},\"wordCount\":171,\"commentCount\":0,\"publisher\":{\"@id\":\"https:\\\/\\\/www.webdo.tn\\\/fr\\\/#organization\"},\"image\":{\"@id\":\"https:\\\/\\\/www.webdo.tn\\\/fr\\\/actualite\\\/chroniques\\\/palestine-cette-flamme-qui-ne-s-eteindra-jamais\\\/209423\\\/#primaryimage\"},\"thumbnailUrl\":\"https:\\\/\\\/www.webdo.tn\\\/fr\\\/wp-content\\\/uploads\\\/2023\\\/10\\\/4929c63205421aa9e6705562d9eea716.jpg\",\"keywords\":[\"barbarie\",\"Gaza\",\"isra\u00ebl\",\"massacre\",\"Palestine\",\"Tunisie\"],\"articleSection\":[\"Chroniques\"],\"inLanguage\":\"fr-FR\"},{\"@type\":\"WebPage\",\"@id\":\"https:\\\/\\\/www.webdo.tn\\\/fr\\\/actualite\\\/chroniques\\\/palestine-cette-flamme-qui-ne-s-eteindra-jamais\\\/209423\\\/\",\"url\":\"https:\\\/\\\/www.webdo.tn\\\/fr\\\/actualite\\\/chroniques\\\/palestine-cette-flamme-qui-ne-s-eteindra-jamais\\\/209423\\\/\",\"name\":\"Palestine, cette flamme qui ne s'\u00e9teindra jamais !\",\"isPartOf\":{\"@id\":\"https:\\\/\\\/www.webdo.tn\\\/fr\\\/#website\"},\"primaryImageOfPage\":{\"@id\":\"https:\\\/\\\/www.webdo.tn\\\/fr\\\/actualite\\\/chroniques\\\/palestine-cette-flamme-qui-ne-s-eteindra-jamais\\\/209423\\\/#primaryimage\"},\"image\":{\"@id\":\"https:\\\/\\\/www.webdo.tn\\\/fr\\\/actualite\\\/chroniques\\\/palestine-cette-flamme-qui-ne-s-eteindra-jamais\\\/209423\\\/#primaryimage\"},\"thumbnailUrl\":\"https:\\\/\\\/www.webdo.tn\\\/fr\\\/wp-content\\\/uploads\\\/2023\\\/10\\\/4929c63205421aa9e6705562d9eea716.jpg\",\"datePublished\":\"2023-10-18T11:20:00+00:00\",\"description\":\"Tous ces jeunes, \u00e9coliers, lyc\u00e9ens, \u00e9tudiants, qui ont submerg\u00e9 les rues de nos villes pour exprimer leur col\u00e8re et le refus de la barbarie sioniste, nous ont m...\",\"breadcrumb\":{\"@id\":\"https:\\\/\\\/www.webdo.tn\\\/fr\\\/actualite\\\/chroniques\\\/palestine-cette-flamme-qui-ne-s-eteindra-jamais\\\/209423\\\/#breadcrumb\"},\"inLanguage\":\"fr-FR\",\"potentialAction\":[{\"@type\":\"ReadAction\",\"target\":[\"https:\\\/\\\/www.webdo.tn\\\/fr\\\/actualite\\\/chroniques\\\/palestine-cette-flamme-qui-ne-s-eteindra-jamais\\\/209423\\\/\"]}]},{\"@type\":\"ImageObject\",\"inLanguage\":\"fr-FR\",\"@id\":\"https:\\\/\\\/www.webdo.tn\\\/fr\\\/actualite\\\/chroniques\\\/palestine-cette-flamme-qui-ne-s-eteindra-jamais\\\/209423\\\/#primaryimage\",\"url\":\"https:\\\/\\\/www.webdo.tn\\\/fr\\\/wp-content\\\/uploads\\\/2023\\\/10\\\/4929c63205421aa9e6705562d9eea716.jpg\",\"contentUrl\":\"https:\\\/\\\/www.webdo.tn\\\/fr\\\/wp-content\\\/uploads\\\/2023\\\/10\\\/4929c63205421aa9e6705562d9eea716.jpg\",\"width\":750,\"height\":400,\"caption\":\"Palestine, cette flamme qui ne s'\u00e9teindra jamais !\"},{\"@type\":\"BreadcrumbList\",\"@id\":\"https:\\\/\\\/www.webdo.tn\\\/fr\\\/actualite\\\/chroniques\\\/palestine-cette-flamme-qui-ne-s-eteindra-jamais\\\/209423\\\/#breadcrumb\",\"itemListElement\":[{\"@type\":\"ListItem\",\"position\":1,\"name\":\"Accueil\",\"item\":\"https:\\\/\\\/www.webdo.tn\\\/fr\\\/\"},{\"@type\":\"ListItem\",\"position\":2,\"name\":\"Palestine, cette flamme qui ne s&#8217;\u00e9teindra jamais !\"}]},{\"@type\":\"WebSite\",\"@id\":\"https:\\\/\\\/www.webdo.tn\\\/fr\\\/#website\",\"url\":\"https:\\\/\\\/www.webdo.tn\\\/fr\\\/\",\"name\":\"webdo\",\"description\":\"Tunisie - News en Tunisie et \u00e0 l&#039;international sur Webdo.tn\",\"publisher\":{\"@id\":\"https:\\\/\\\/www.webdo.tn\\\/fr\\\/#organization\"},\"potentialAction\":[{\"@type\":\"SearchAction\",\"target\":{\"@type\":\"EntryPoint\",\"urlTemplate\":\"https:\\\/\\\/www.webdo.tn\\\/fr\\\/?s={search_term_string}\"},\"query-input\":{\"@type\":\"PropertyValueSpecification\",\"valueRequired\":true,\"valueName\":\"search_term_string\"}}],\"inLanguage\":\"fr-FR\"},{\"@type\":\"Organization\",\"@id\":\"https:\\\/\\\/www.webdo.tn\\\/fr\\\/#organization\",\"name\":\"Webdo\",\"alternateName\":\"Webdo.tn\",\"url\":\"https:\\\/\\\/www.webdo.tn\\\/fr\\\/\",\"logo\":{\"@type\":\"ImageObject\",\"inLanguage\":\"fr-FR\",\"@id\":\"https:\\\/\\\/www.webdo.tn\\\/fr\\\/#\\\/schema\\\/logo\\\/image\\\/\",\"url\":\"https:\\\/\\\/www.webdo.tn\\\/fr\\\/wp-content\\\/uploads\\\/2025\\\/06\\\/Webdo-Tunisie_168377.jpg\",\"contentUrl\":\"https:\\\/\\\/www.webdo.tn\\\/fr\\\/wp-content\\\/uploads\\\/2025\\\/06\\\/Webdo-Tunisie_168377.jpg\",\"width\":301,\"height\":301,\"caption\":\"Webdo\"},\"image\":{\"@id\":\"https:\\\/\\\/www.webdo.tn\\\/fr\\\/#\\\/schema\\\/logo\\\/image\\\/\"},\"sameAs\":[\"https:\\\/\\\/www.facebook.com\\\/webdotn\",\"https:\\\/\\\/x.com\\\/webdo_tn\"],\"description\":\"Webdo est un m\u00e9dia num\u00e9rique tunisien fond\u00e9 en 2010, sp\u00e9cialis\u00e9 dans l\u2019actualit\u00e9 nationale et internationale, l\u2019\u00e9conomie, la soci\u00e9t\u00e9 et les analyses politiques. Le site s\u2019adresse \u00e0 un large public francophone et couvre l\u2019information tunisienne en temps r\u00e9el.\",\"email\":\"redac@webdo.tn\",\"legalName\":\"YNJ SARL\",\"foundingDate\":\"2010-09-06\",\"numberOfEmployees\":{\"@type\":\"QuantitativeValue\",\"minValue\":\"11\",\"maxValue\":\"50\"}},{\"@type\":\"Person\",\"@id\":\"https:\\\/\\\/www.webdo.tn\\\/fr\\\/#\\\/schema\\\/person\\\/c11b6b75002c94517a5d7ff6c98d9d03\",\"name\":\"A.B.\",\"image\":{\"@type\":\"ImageObject\",\"inLanguage\":\"fr-FR\",\"@id\":\"https:\\\/\\\/secure.gravatar.com\\\/avatar\\\/012483cbc30c595833cf006022cdf0b144004cb5f12f6230ade04b384ba7af97?s=96&d=mm&r=g\",\"url\":\"https:\\\/\\\/secure.gravatar.com\\\/avatar\\\/012483cbc30c595833cf006022cdf0b144004cb5f12f6230ade04b384ba7af97?s=96&d=mm&r=g\",\"contentUrl\":\"https:\\\/\\\/secure.gravatar.com\\\/avatar\\\/012483cbc30c595833cf006022cdf0b144004cb5f12f6230ade04b384ba7af97?s=96&d=mm&r=g\",\"caption\":\"A.B.\"},\"url\":\"https:\\\/\\\/www.webdo.tn\\\/fr\\\/actualite\\\/author\\\/ab\\\/\"}]}<\/script>\n<!-- \/ Yoast SEO Premium plugin. -->","yoast_head_json":{"title":"Palestine, cette flamme qui ne s'\u00e9teindra jamais !","description":"Tous ces jeunes, \u00e9coliers, lyc\u00e9ens, \u00e9tudiants, qui ont submerg\u00e9 les rues de nos villes pour exprimer leur col\u00e8re et le refus de la barbarie sioniste, nous ont m...","canonical":"https:\/\/www.webdo.tn\/fr\/actualite\/chroniques\/palestine-cette-flamme-qui-ne-s-eteindra-jamais\/209423\/","og_locale":"fr_FR","og_type":"article","og_title":"Palestine, cette flamme qui ne s'\u00e9teindra jamais !","og_description":"Tous ces jeunes, \u00e9coliers, lyc\u00e9ens, \u00e9tudiants, qui ont submerg\u00e9 les rues de nos villes pour exprimer leur col\u00e8re et le refus de la barbarie sioniste, nous ont m...","og_url":"https:\/\/www.webdo.tn\/fr\/actualite\/chroniques\/palestine-cette-flamme-qui-ne-s-eteindra-jamais\/209423\/","og_site_name":"webdo","article_publisher":"https:\/\/www.facebook.com\/webdotn","article_published_time":"2023-10-18T11:20:00+00:00","og_image":[{"width":750,"height":400,"url":"https:\/\/www.webdo.tn\/fr\/wp-content\/uploads\/2023\/10\/4929c63205421aa9e6705562d9eea716.jpg","type":"image\/jpeg"}],"author":"A.B.","twitter_card":"summary_large_image","twitter_creator":"@webdo_tn","twitter_site":"@webdo_tn","twitter_misc":{"\u00c9crit par":"A.B.","Dur\u00e9e de lecture estim\u00e9e":"1 minute"},"schema":{"@context":"https:\/\/schema.org","@graph":[{"@type":"NewsArticle","@id":"https:\/\/www.webdo.tn\/fr\/actualite\/chroniques\/palestine-cette-flamme-qui-ne-s-eteindra-jamais\/209423\/#article","isPartOf":{"@id":"https:\/\/www.webdo.tn\/fr\/actualite\/chroniques\/palestine-cette-flamme-qui-ne-s-eteindra-jamais\/209423\/"},"author":{"name":"A.B.","@id":"https:\/\/www.webdo.tn\/fr\/#\/schema\/person\/c11b6b75002c94517a5d7ff6c98d9d03"},"headline":"Palestine, cette flamme qui ne s&rsquo;\u00e9teindra jamais !","datePublished":"2023-10-18T11:20:00+00:00","mainEntityOfPage":{"@id":"https:\/\/www.webdo.tn\/fr\/actualite\/chroniques\/palestine-cette-flamme-qui-ne-s-eteindra-jamais\/209423\/"},"wordCount":171,"commentCount":0,"publisher":{"@id":"https:\/\/www.webdo.tn\/fr\/#organization"},"image":{"@id":"https:\/\/www.webdo.tn\/fr\/actualite\/chroniques\/palestine-cette-flamme-qui-ne-s-eteindra-jamais\/209423\/#primaryimage"},"thumbnailUrl":"https:\/\/www.webdo.tn\/fr\/wp-content\/uploads\/2023\/10\/4929c63205421aa9e6705562d9eea716.jpg","keywords":["barbarie","Gaza","isra\u00ebl","massacre","Palestine","Tunisie"],"articleSection":["Chroniques"],"inLanguage":"fr-FR"},{"@type":"WebPage","@id":"https:\/\/www.webdo.tn\/fr\/actualite\/chroniques\/palestine-cette-flamme-qui-ne-s-eteindra-jamais\/209423\/","url":"https:\/\/www.webdo.tn\/fr\/actualite\/chroniques\/palestine-cette-flamme-qui-ne-s-eteindra-jamais\/209423\/","name":"Palestine, cette flamme qui ne s'\u00e9teindra jamais !","isPartOf":{"@id":"https:\/\/www.webdo.tn\/fr\/#website"},"primaryImageOfPage":{"@id":"https:\/\/www.webdo.tn\/fr\/actualite\/chroniques\/palestine-cette-flamme-qui-ne-s-eteindra-jamais\/209423\/#primaryimage"},"image":{"@id":"https:\/\/www.webdo.tn\/fr\/actualite\/chroniques\/palestine-cette-flamme-qui-ne-s-eteindra-jamais\/209423\/#primaryimage"},"thumbnailUrl":"https:\/\/www.webdo.tn\/fr\/wp-content\/uploads\/2023\/10\/4929c63205421aa9e6705562d9eea716.jpg","datePublished":"2023-10-18T11:20:00+00:00","description":"Tous ces jeunes, \u00e9coliers, lyc\u00e9ens, \u00e9tudiants, qui ont submerg\u00e9 les rues de nos villes pour exprimer leur col\u00e8re et le refus de la barbarie sioniste, nous ont m...","breadcrumb":{"@id":"https:\/\/www.webdo.tn\/fr\/actualite\/chroniques\/palestine-cette-flamme-qui-ne-s-eteindra-jamais\/209423\/#breadcrumb"},"inLanguage":"fr-FR","potentialAction":[{"@type":"ReadAction","target":["https:\/\/www.webdo.tn\/fr\/actualite\/chroniques\/palestine-cette-flamme-qui-ne-s-eteindra-jamais\/209423\/"]}]},{"@type":"ImageObject","inLanguage":"fr-FR","@id":"https:\/\/www.webdo.tn\/fr\/actualite\/chroniques\/palestine-cette-flamme-qui-ne-s-eteindra-jamais\/209423\/#primaryimage","url":"https:\/\/www.webdo.tn\/fr\/wp-content\/uploads\/2023\/10\/4929c63205421aa9e6705562d9eea716.jpg","contentUrl":"https:\/\/www.webdo.tn\/fr\/wp-content\/uploads\/2023\/10\/4929c63205421aa9e6705562d9eea716.jpg","width":750,"height":400,"caption":"Palestine, cette flamme qui ne s'\u00e9teindra jamais !"},{"@type":"BreadcrumbList","@id":"https:\/\/www.webdo.tn\/fr\/actualite\/chroniques\/palestine-cette-flamme-qui-ne-s-eteindra-jamais\/209423\/#breadcrumb","itemListElement":[{"@type":"ListItem","position":1,"name":"Accueil","item":"https:\/\/www.webdo.tn\/fr\/"},{"@type":"ListItem","position":2,"name":"Palestine, cette flamme qui ne s&#8217;\u00e9teindra jamais !"}]},{"@type":"WebSite","@id":"https:\/\/www.webdo.tn\/fr\/#website","url":"https:\/\/www.webdo.tn\/fr\/","name":"webdo","description":"Tunisie - News en Tunisie et \u00e0 l&#039;international sur Webdo.tn","publisher":{"@id":"https:\/\/www.webdo.tn\/fr\/#organization"},"potentialAction":[{"@type":"SearchAction","target":{"@type":"EntryPoint","urlTemplate":"https:\/\/www.webdo.tn\/fr\/?s={search_term_string}"},"query-input":{"@type":"PropertyValueSpecification","valueRequired":true,"valueName":"search_term_string"}}],"inLanguage":"fr-FR"},{"@type":"Organization","@id":"https:\/\/www.webdo.tn\/fr\/#organization","name":"Webdo","alternateName":"Webdo.tn","url":"https:\/\/www.webdo.tn\/fr\/","logo":{"@type":"ImageObject","inLanguage":"fr-FR","@id":"https:\/\/www.webdo.tn\/fr\/#\/schema\/logo\/image\/","url":"https:\/\/www.webdo.tn\/fr\/wp-content\/uploads\/2025\/06\/Webdo-Tunisie_168377.jpg","contentUrl":"https:\/\/www.webdo.tn\/fr\/wp-content\/uploads\/2025\/06\/Webdo-Tunisie_168377.jpg","width":301,"height":301,"caption":"Webdo"},"image":{"@id":"https:\/\/www.webdo.tn\/fr\/#\/schema\/logo\/image\/"},"sameAs":["https:\/\/www.facebook.com\/webdotn","https:\/\/x.com\/webdo_tn"],"description":"Webdo est un m\u00e9dia num\u00e9rique tunisien fond\u00e9 en 2010, sp\u00e9cialis\u00e9 dans l\u2019actualit\u00e9 nationale et internationale, l\u2019\u00e9conomie, la soci\u00e9t\u00e9 et les analyses politiques. Le site s\u2019adresse \u00e0 un large public francophone et couvre l\u2019information tunisienne en temps r\u00e9el.","email":"redac@webdo.tn","legalName":"YNJ SARL","foundingDate":"2010-09-06","numberOfEmployees":{"@type":"QuantitativeValue","minValue":"11","maxValue":"50"}},{"@type":"Person","@id":"https:\/\/www.webdo.tn\/fr\/#\/schema\/person\/c11b6b75002c94517a5d7ff6c98d9d03","name":"A.B.","image":{"@type":"ImageObject","inLanguage":"fr-FR","@id":"https:\/\/secure.gravatar.com\/avatar\/012483cbc30c595833cf006022cdf0b144004cb5f12f6230ade04b384ba7af97?s=96&d=mm&r=g","url":"https:\/\/secure.gravatar.com\/avatar\/012483cbc30c595833cf006022cdf0b144004cb5f12f6230ade04b384ba7af97?s=96&d=mm&r=g","contentUrl":"https:\/\/secure.gravatar.com\/avatar\/012483cbc30c595833cf006022cdf0b144004cb5f12f6230ade04b384ba7af97?s=96&d=mm&r=g","caption":"A.B."},"url":"https:\/\/www.webdo.tn\/fr\/actualite\/author\/ab\/"}]}},"_links":{"self":[{"href":"https:\/\/www.webdo.tn\/fr\/wp-json\/wp\/v2\/posts\/209423","targetHints":{"allow":["GET"]}}],"collection":[{"href":"https:\/\/www.webdo.tn\/fr\/wp-json\/wp\/v2\/posts"}],"about":[{"href":"https:\/\/www.webdo.tn\/fr\/wp-json\/wp\/v2\/types\/post"}],"author":[{"embeddable":true,"href":"https:\/\/www.webdo.tn\/fr\/wp-json\/wp\/v2\/users\/3221"}],"replies":[{"embeddable":true,"href":"https:\/\/www.webdo.tn\/fr\/wp-json\/wp\/v2\/comments?post=209423"}],"version-history":[{"count":0,"href":"https:\/\/www.webdo.tn\/fr\/wp-json\/wp\/v2\/posts\/209423\/revisions"}],"wp:featuredmedia":[{"embeddable":true,"href":"https:\/\/www.webdo.tn\/fr\/wp-json\/wp\/v2\/media\/249054"}],"wp:attachment":[{"href":"https:\/\/www.webdo.tn\/fr\/wp-json\/wp\/v2\/media?parent=209423"}],"wp:term":[{"taxonomy":"category","embeddable":true,"href":"https:\/\/www.webdo.tn\/fr\/wp-json\/wp\/v2\/categories?post=209423"},{"taxonomy":"post_tag","embeddable":true,"href":"https:\/\/www.webdo.tn\/fr\/wp-json\/wp\/v2\/tags?post=209423"}],"curies":[{"name":"wp","href":"https:\/\/api.w.org\/{rel}","templated":true}]}}