{"id":209422,"date":"2023-10-18T11:02:00","date_gmt":"2023-10-18T11:02:00","guid":{"rendered":"https:\/\/www.webdo.tn\/fr\/blog\/france-evacuation-de-plusieurs-aeroports-suite-a-une-alerte-a-la-bombe\/209422\/"},"modified":"2025-05-20T22:40:19","modified_gmt":"2025-05-20T22:40:19","slug":"france-evacuation-de-plusieurs-aeroports-suite-a-une-alerte-a-la-bombe","status":"publish","type":"post","link":"https:\/\/www.webdo.tn\/fr\/actualite\/international\/france-evacuation-de-plusieurs-aeroports-suite-a-une-alerte-a-la-bombe\/209422\/","title":{"rendered":"France : Evacuation de plusieurs a\u00e9roports suite \u00e0 une alerte \u00e0 la bombe"},"content":{"rendered":"<p>Plusieurs a\u00e9roports fran\u00e7ais ont \u00e9t\u00e9 \u00e9vacu\u00e9s dans la matin\u00e9e de ce mercredi 18 octobre 2023 suite \u00e0 une alerte \u00e0 la bombe simultan\u00e9e.<\/p>\n<p>\t\t\t\t\t\t\t\t\tEn effet, les a\u00e9roports de Lille, Lyon et Toulouse ont re\u00e7u ce mercredi matin des alertes \u00e0 la bombe. Ils ont \u00e9t\u00e9 tous \u00e9vacu\u00e9s, rapporte BFMTV de source polici\u00e8re.\u00a0<\/p>\n<p>\u00ab Pour l&rsquo;heure, aucun avion ne d\u00e9colle des a\u00e9roports concern\u00e9s, indique la Direction g\u00e9n\u00e9rale de l&rsquo;aviation civile. Pour les appareils qui viennent d&rsquo;atterrir, soit les passagers sont d\u00e9barqu\u00e9s en bout de piste, et ne rejoignent pas l&rsquo;a\u00e9rogare, soit ils sont invit\u00e9s \u00e0 patienter dans leur avion \u00bb, rapporte la m\u00eame source.\u00a0<\/p>\n<p>L&rsquo;a\u00e9roport de Nice a \u00e9galement re\u00e7u une menace, mais l&rsquo;alerte est d&rsquo;ores et d\u00e9j\u00e0 termin\u00e9e. Il s&rsquo;agissait d&rsquo;un bagage abandonn\u00e9 qui a \u00e9t\u00e9 neutralis\u00e9, affirme-t-on.<\/p>\n","protected":false},"excerpt":{"rendered":"<p>Plusieurs a\u00e9roports fran\u00e7ais ont \u00e9t\u00e9 \u00e9vacu\u00e9s dans la matin\u00e9e de ce mercredi 18 octobre 2023.<\/p>\n","protected":false},"author":3175,"featured_media":249050,"comment_status":"open","ping_status":"closed","sticky":false,"template":"","format":"standard","meta":{"footnotes":""},"categories":[2598],"tags":[3974,7733,2998],"class_list":["post-209422","post","type-post","status-publish","format-standard","has-post-thumbnail","hentry","category-international","tag-aeroport","tag-alerte-bombe","tag-france"],"yoast_head":"<!-- This site is optimized with the Yoast SEO Premium plugin v27.5 (Yoast SEO v27.5) - https:\/\/yoast.com\/product\/yoast-seo-premium-wordpress\/ -->\n<title>France : Evacuation de plusieurs a\u00e9roports suite \u00e0 une alerte \u00e0 la bombe<\/title>\n<meta name=\"description\" content=\"Plusieurs a\u00e9roports fran\u00e7ais ont \u00e9t\u00e9 \u00e9vacu\u00e9s dans la matin\u00e9e de ce mercredi 18 octobre 2023.\" \/>\n<link rel=\"canonical\" href=\"https:\/\/www.webdo.tn\/fr\/actualite\/international\/france-evacuation-de-plusieurs-aeroports-suite-a-une-alerte-a-la-bombe\/209422\/\" \/>\n<meta property=\"og:locale\" content=\"fr_FR\" \/>\n<meta property=\"og:type\" content=\"article\" \/>\n<meta property=\"og:title\" content=\"France : Evacuation de plusieurs a\u00e9roports suite \u00e0 une alerte \u00e0 la bombe\" \/>\n<meta property=\"og:description\" content=\"Plusieurs a\u00e9roports fran\u00e7ais ont \u00e9t\u00e9 \u00e9vacu\u00e9s dans la matin\u00e9e de ce mercredi 18 octobre 2023.\" \/>\n<meta property=\"og:url\" content=\"https:\/\/www.webdo.tn\/fr\/actualite\/international\/france-evacuation-de-plusieurs-aeroports-suite-a-une-alerte-a-la-bombe\/209422\/\" \/>\n<meta property=\"og:site_name\" content=\"webdo\" \/>\n<meta property=\"article:publisher\" content=\"https:\/\/www.facebook.com\/webdotn\" \/>\n<meta property=\"article:published_time\" content=\"2023-10-18T11:02:00+00:00\" \/>\n<meta property=\"article:modified_time\" content=\"2025-05-20T22:40:19+00:00\" \/>\n<meta property=\"og:image\" content=\"https:\/\/www.webdo.tn\/fr\/wp-content\/uploads\/2023\/10\/edec1400d9d0d86ccec43c22cc09bbbb.jpg\" \/>\n\t<meta property=\"og:image:width\" content=\"750\" \/>\n\t<meta property=\"og:image:height\" content=\"400\" \/>\n\t<meta property=\"og:image:type\" content=\"image\/jpeg\" \/>\n<meta name=\"author\" content=\"CL\" \/>\n<meta name=\"twitter:card\" content=\"summary_large_image\" \/>\n<meta name=\"twitter:creator\" content=\"@webdo_tn\" \/>\n<meta name=\"twitter:site\" content=\"@webdo_tn\" \/>\n<meta name=\"twitter:label1\" content=\"\u00c9crit par\" \/>\n\t<meta name=\"twitter:data1\" content=\"CL\" \/>\n\t<meta name=\"twitter:label2\" content=\"Dur\u00e9e de lecture estim\u00e9e\" \/>\n\t<meta name=\"twitter:data2\" content=\"1 minute\" \/>\n<script type=\"application\/ld+json\" class=\"yoast-schema-graph\">{\"@context\":\"https:\\\/\\\/schema.org\",\"@graph\":[{\"@type\":\"NewsArticle\",\"@id\":\"https:\\\/\\\/www.webdo.tn\\\/fr\\\/actualite\\\/international\\\/france-evacuation-de-plusieurs-aeroports-suite-a-une-alerte-a-la-bombe\\\/209422\\\/#article\",\"isPartOf\":{\"@id\":\"https:\\\/\\\/www.webdo.tn\\\/fr\\\/actualite\\\/international\\\/france-evacuation-de-plusieurs-aeroports-suite-a-une-alerte-a-la-bombe\\\/209422\\\/\"},\"author\":{\"name\":\"CL\",\"@id\":\"https:\\\/\\\/www.webdo.tn\\\/fr\\\/#\\\/schema\\\/person\\\/f35b42a42c5e2511bbd282959d6385cc\"},\"headline\":\"France : Evacuation de plusieurs a\u00e9roports suite \u00e0 une alerte \u00e0 la bombe\",\"datePublished\":\"2023-10-18T11:02:00+00:00\",\"dateModified\":\"2025-05-20T22:40:19+00:00\",\"mainEntityOfPage\":{\"@id\":\"https:\\\/\\\/www.webdo.tn\\\/fr\\\/actualite\\\/international\\\/france-evacuation-de-plusieurs-aeroports-suite-a-une-alerte-a-la-bombe\\\/209422\\\/\"},\"wordCount\":163,\"commentCount\":0,\"publisher\":{\"@id\":\"https:\\\/\\\/www.webdo.tn\\\/fr\\\/#organization\"},\"image\":{\"@id\":\"https:\\\/\\\/www.webdo.tn\\\/fr\\\/actualite\\\/international\\\/france-evacuation-de-plusieurs-aeroports-suite-a-une-alerte-a-la-bombe\\\/209422\\\/#primaryimage\"},\"thumbnailUrl\":\"https:\\\/\\\/www.webdo.tn\\\/fr\\\/wp-content\\\/uploads\\\/2023\\\/10\\\/edec1400d9d0d86ccec43c22cc09bbbb.jpg\",\"keywords\":[\"a\u00e9roport\",\"Alerte bombe\",\"france\"],\"articleSection\":[\"International\"],\"inLanguage\":\"fr-FR\"},{\"@type\":\"WebPage\",\"@id\":\"https:\\\/\\\/www.webdo.tn\\\/fr\\\/actualite\\\/international\\\/france-evacuation-de-plusieurs-aeroports-suite-a-une-alerte-a-la-bombe\\\/209422\\\/\",\"url\":\"https:\\\/\\\/www.webdo.tn\\\/fr\\\/actualite\\\/international\\\/france-evacuation-de-plusieurs-aeroports-suite-a-une-alerte-a-la-bombe\\\/209422\\\/\",\"name\":\"France : Evacuation de plusieurs a\u00e9roports suite \u00e0 une alerte \u00e0 la bombe\",\"isPartOf\":{\"@id\":\"https:\\\/\\\/www.webdo.tn\\\/fr\\\/#website\"},\"primaryImageOfPage\":{\"@id\":\"https:\\\/\\\/www.webdo.tn\\\/fr\\\/actualite\\\/international\\\/france-evacuation-de-plusieurs-aeroports-suite-a-une-alerte-a-la-bombe\\\/209422\\\/#primaryimage\"},\"image\":{\"@id\":\"https:\\\/\\\/www.webdo.tn\\\/fr\\\/actualite\\\/international\\\/france-evacuation-de-plusieurs-aeroports-suite-a-une-alerte-a-la-bombe\\\/209422\\\/#primaryimage\"},\"thumbnailUrl\":\"https:\\\/\\\/www.webdo.tn\\\/fr\\\/wp-content\\\/uploads\\\/2023\\\/10\\\/edec1400d9d0d86ccec43c22cc09bbbb.jpg\",\"datePublished\":\"2023-10-18T11:02:00+00:00\",\"dateModified\":\"2025-05-20T22:40:19+00:00\",\"description\":\"Plusieurs a\u00e9roports fran\u00e7ais ont \u00e9t\u00e9 \u00e9vacu\u00e9s dans la matin\u00e9e de ce mercredi 18 octobre 2023.\",\"breadcrumb\":{\"@id\":\"https:\\\/\\\/www.webdo.tn\\\/fr\\\/actualite\\\/international\\\/france-evacuation-de-plusieurs-aeroports-suite-a-une-alerte-a-la-bombe\\\/209422\\\/#breadcrumb\"},\"inLanguage\":\"fr-FR\",\"potentialAction\":[{\"@type\":\"ReadAction\",\"target\":[\"https:\\\/\\\/www.webdo.tn\\\/fr\\\/actualite\\\/international\\\/france-evacuation-de-plusieurs-aeroports-suite-a-une-alerte-a-la-bombe\\\/209422\\\/\"]}]},{\"@type\":\"ImageObject\",\"inLanguage\":\"fr-FR\",\"@id\":\"https:\\\/\\\/www.webdo.tn\\\/fr\\\/actualite\\\/international\\\/france-evacuation-de-plusieurs-aeroports-suite-a-une-alerte-a-la-bombe\\\/209422\\\/#primaryimage\",\"url\":\"https:\\\/\\\/www.webdo.tn\\\/fr\\\/wp-content\\\/uploads\\\/2023\\\/10\\\/edec1400d9d0d86ccec43c22cc09bbbb.jpg\",\"contentUrl\":\"https:\\\/\\\/www.webdo.tn\\\/fr\\\/wp-content\\\/uploads\\\/2023\\\/10\\\/edec1400d9d0d86ccec43c22cc09bbbb.jpg\",\"width\":750,\"height\":400,\"caption\":\"France : Evacuation de plusieurs a\u00e9roports suite \u00e0 une alerte \u00e0 la bombe\"},{\"@type\":\"BreadcrumbList\",\"@id\":\"https:\\\/\\\/www.webdo.tn\\\/fr\\\/actualite\\\/international\\\/france-evacuation-de-plusieurs-aeroports-suite-a-une-alerte-a-la-bombe\\\/209422\\\/#breadcrumb\",\"itemListElement\":[{\"@type\":\"ListItem\",\"position\":1,\"name\":\"Accueil\",\"item\":\"https:\\\/\\\/www.webdo.tn\\\/fr\\\/\"},{\"@type\":\"ListItem\",\"position\":2,\"name\":\"France : Evacuation de plusieurs a\u00e9roports suite \u00e0 une alerte \u00e0 la bombe\"}]},{\"@type\":\"WebSite\",\"@id\":\"https:\\\/\\\/www.webdo.tn\\\/fr\\\/#website\",\"url\":\"https:\\\/\\\/www.webdo.tn\\\/fr\\\/\",\"name\":\"webdo\",\"description\":\"Tunisie - News en Tunisie et \u00e0 l&#039;international sur Webdo.tn\",\"publisher\":{\"@id\":\"https:\\\/\\\/www.webdo.tn\\\/fr\\\/#organization\"},\"potentialAction\":[{\"@type\":\"SearchAction\",\"target\":{\"@type\":\"EntryPoint\",\"urlTemplate\":\"https:\\\/\\\/www.webdo.tn\\\/fr\\\/?s={search_term_string}\"},\"query-input\":{\"@type\":\"PropertyValueSpecification\",\"valueRequired\":true,\"valueName\":\"search_term_string\"}}],\"inLanguage\":\"fr-FR\"},{\"@type\":\"Organization\",\"@id\":\"https:\\\/\\\/www.webdo.tn\\\/fr\\\/#organization\",\"name\":\"Webdo\",\"alternateName\":\"Webdo.tn\",\"url\":\"https:\\\/\\\/www.webdo.tn\\\/fr\\\/\",\"logo\":{\"@type\":\"ImageObject\",\"inLanguage\":\"fr-FR\",\"@id\":\"https:\\\/\\\/www.webdo.tn\\\/fr\\\/#\\\/schema\\\/logo\\\/image\\\/\",\"url\":\"https:\\\/\\\/www.webdo.tn\\\/fr\\\/wp-content\\\/uploads\\\/2025\\\/06\\\/Webdo-Tunisie_168377.jpg\",\"contentUrl\":\"https:\\\/\\\/www.webdo.tn\\\/fr\\\/wp-content\\\/uploads\\\/2025\\\/06\\\/Webdo-Tunisie_168377.jpg\",\"width\":301,\"height\":301,\"caption\":\"Webdo\"},\"image\":{\"@id\":\"https:\\\/\\\/www.webdo.tn\\\/fr\\\/#\\\/schema\\\/logo\\\/image\\\/\"},\"sameAs\":[\"https:\\\/\\\/www.facebook.com\\\/webdotn\",\"https:\\\/\\\/x.com\\\/webdo_tn\"],\"description\":\"Webdo est un m\u00e9dia num\u00e9rique tunisien fond\u00e9 en 2010, sp\u00e9cialis\u00e9 dans l\u2019actualit\u00e9 nationale et internationale, l\u2019\u00e9conomie, la soci\u00e9t\u00e9 et les analyses politiques. Le site s\u2019adresse \u00e0 un large public francophone et couvre l\u2019information tunisienne en temps r\u00e9el.\",\"email\":\"redac@webdo.tn\",\"legalName\":\"YNJ SARL\",\"foundingDate\":\"2010-09-06\",\"numberOfEmployees\":{\"@type\":\"QuantitativeValue\",\"minValue\":\"11\",\"maxValue\":\"50\"}},{\"@type\":\"Person\",\"@id\":\"https:\\\/\\\/www.webdo.tn\\\/fr\\\/#\\\/schema\\\/person\\\/f35b42a42c5e2511bbd282959d6385cc\",\"name\":\"CL\",\"image\":{\"@type\":\"ImageObject\",\"inLanguage\":\"fr-FR\",\"@id\":\"https:\\\/\\\/secure.gravatar.com\\\/avatar\\\/1447a49909b67aa657c488aec6512e1dd6143a480c1ecfee9b5b5cd74eb3b59e?s=96&d=mm&r=g\",\"url\":\"https:\\\/\\\/secure.gravatar.com\\\/avatar\\\/1447a49909b67aa657c488aec6512e1dd6143a480c1ecfee9b5b5cd74eb3b59e?s=96&d=mm&r=g\",\"contentUrl\":\"https:\\\/\\\/secure.gravatar.com\\\/avatar\\\/1447a49909b67aa657c488aec6512e1dd6143a480c1ecfee9b5b5cd74eb3b59e?s=96&d=mm&r=g\",\"caption\":\"CL\"},\"url\":\"https:\\\/\\\/www.webdo.tn\\\/fr\\\/actualite\\\/author\\\/cl\\\/\"}]}<\/script>\n<!-- \/ Yoast SEO Premium plugin. -->","yoast_head_json":{"title":"France : Evacuation de plusieurs a\u00e9roports suite \u00e0 une alerte \u00e0 la bombe","description":"Plusieurs a\u00e9roports fran\u00e7ais ont \u00e9t\u00e9 \u00e9vacu\u00e9s dans la matin\u00e9e de ce mercredi 18 octobre 2023.","canonical":"https:\/\/www.webdo.tn\/fr\/actualite\/international\/france-evacuation-de-plusieurs-aeroports-suite-a-une-alerte-a-la-bombe\/209422\/","og_locale":"fr_FR","og_type":"article","og_title":"France : Evacuation de plusieurs a\u00e9roports suite \u00e0 une alerte \u00e0 la bombe","og_description":"Plusieurs a\u00e9roports fran\u00e7ais ont \u00e9t\u00e9 \u00e9vacu\u00e9s dans la matin\u00e9e de ce mercredi 18 octobre 2023.","og_url":"https:\/\/www.webdo.tn\/fr\/actualite\/international\/france-evacuation-de-plusieurs-aeroports-suite-a-une-alerte-a-la-bombe\/209422\/","og_site_name":"webdo","article_publisher":"https:\/\/www.facebook.com\/webdotn","article_published_time":"2023-10-18T11:02:00+00:00","article_modified_time":"2025-05-20T22:40:19+00:00","og_image":[{"width":750,"height":400,"url":"https:\/\/www.webdo.tn\/fr\/wp-content\/uploads\/2023\/10\/edec1400d9d0d86ccec43c22cc09bbbb.jpg","type":"image\/jpeg"}],"author":"CL","twitter_card":"summary_large_image","twitter_creator":"@webdo_tn","twitter_site":"@webdo_tn","twitter_misc":{"\u00c9crit par":"CL","Dur\u00e9e de lecture estim\u00e9e":"1 minute"},"schema":{"@context":"https:\/\/schema.org","@graph":[{"@type":"NewsArticle","@id":"https:\/\/www.webdo.tn\/fr\/actualite\/international\/france-evacuation-de-plusieurs-aeroports-suite-a-une-alerte-a-la-bombe\/209422\/#article","isPartOf":{"@id":"https:\/\/www.webdo.tn\/fr\/actualite\/international\/france-evacuation-de-plusieurs-aeroports-suite-a-une-alerte-a-la-bombe\/209422\/"},"author":{"name":"CL","@id":"https:\/\/www.webdo.tn\/fr\/#\/schema\/person\/f35b42a42c5e2511bbd282959d6385cc"},"headline":"France : Evacuation de plusieurs a\u00e9roports suite \u00e0 une alerte \u00e0 la bombe","datePublished":"2023-10-18T11:02:00+00:00","dateModified":"2025-05-20T22:40:19+00:00","mainEntityOfPage":{"@id":"https:\/\/www.webdo.tn\/fr\/actualite\/international\/france-evacuation-de-plusieurs-aeroports-suite-a-une-alerte-a-la-bombe\/209422\/"},"wordCount":163,"commentCount":0,"publisher":{"@id":"https:\/\/www.webdo.tn\/fr\/#organization"},"image":{"@id":"https:\/\/www.webdo.tn\/fr\/actualite\/international\/france-evacuation-de-plusieurs-aeroports-suite-a-une-alerte-a-la-bombe\/209422\/#primaryimage"},"thumbnailUrl":"https:\/\/www.webdo.tn\/fr\/wp-content\/uploads\/2023\/10\/edec1400d9d0d86ccec43c22cc09bbbb.jpg","keywords":["a\u00e9roport","Alerte bombe","france"],"articleSection":["International"],"inLanguage":"fr-FR"},{"@type":"WebPage","@id":"https:\/\/www.webdo.tn\/fr\/actualite\/international\/france-evacuation-de-plusieurs-aeroports-suite-a-une-alerte-a-la-bombe\/209422\/","url":"https:\/\/www.webdo.tn\/fr\/actualite\/international\/france-evacuation-de-plusieurs-aeroports-suite-a-une-alerte-a-la-bombe\/209422\/","name":"France : Evacuation de plusieurs a\u00e9roports suite \u00e0 une alerte \u00e0 la bombe","isPartOf":{"@id":"https:\/\/www.webdo.tn\/fr\/#website"},"primaryImageOfPage":{"@id":"https:\/\/www.webdo.tn\/fr\/actualite\/international\/france-evacuation-de-plusieurs-aeroports-suite-a-une-alerte-a-la-bombe\/209422\/#primaryimage"},"image":{"@id":"https:\/\/www.webdo.tn\/fr\/actualite\/international\/france-evacuation-de-plusieurs-aeroports-suite-a-une-alerte-a-la-bombe\/209422\/#primaryimage"},"thumbnailUrl":"https:\/\/www.webdo.tn\/fr\/wp-content\/uploads\/2023\/10\/edec1400d9d0d86ccec43c22cc09bbbb.jpg","datePublished":"2023-10-18T11:02:00+00:00","dateModified":"2025-05-20T22:40:19+00:00","description":"Plusieurs a\u00e9roports fran\u00e7ais ont \u00e9t\u00e9 \u00e9vacu\u00e9s dans la matin\u00e9e de ce mercredi 18 octobre 2023.","breadcrumb":{"@id":"https:\/\/www.webdo.tn\/fr\/actualite\/international\/france-evacuation-de-plusieurs-aeroports-suite-a-une-alerte-a-la-bombe\/209422\/#breadcrumb"},"inLanguage":"fr-FR","potentialAction":[{"@type":"ReadAction","target":["https:\/\/www.webdo.tn\/fr\/actualite\/international\/france-evacuation-de-plusieurs-aeroports-suite-a-une-alerte-a-la-bombe\/209422\/"]}]},{"@type":"ImageObject","inLanguage":"fr-FR","@id":"https:\/\/www.webdo.tn\/fr\/actualite\/international\/france-evacuation-de-plusieurs-aeroports-suite-a-une-alerte-a-la-bombe\/209422\/#primaryimage","url":"https:\/\/www.webdo.tn\/fr\/wp-content\/uploads\/2023\/10\/edec1400d9d0d86ccec43c22cc09bbbb.jpg","contentUrl":"https:\/\/www.webdo.tn\/fr\/wp-content\/uploads\/2023\/10\/edec1400d9d0d86ccec43c22cc09bbbb.jpg","width":750,"height":400,"caption":"France : Evacuation de plusieurs a\u00e9roports suite \u00e0 une alerte \u00e0 la bombe"},{"@type":"BreadcrumbList","@id":"https:\/\/www.webdo.tn\/fr\/actualite\/international\/france-evacuation-de-plusieurs-aeroports-suite-a-une-alerte-a-la-bombe\/209422\/#breadcrumb","itemListElement":[{"@type":"ListItem","position":1,"name":"Accueil","item":"https:\/\/www.webdo.tn\/fr\/"},{"@type":"ListItem","position":2,"name":"France : Evacuation de plusieurs a\u00e9roports suite \u00e0 une alerte \u00e0 la bombe"}]},{"@type":"WebSite","@id":"https:\/\/www.webdo.tn\/fr\/#website","url":"https:\/\/www.webdo.tn\/fr\/","name":"webdo","description":"Tunisie - News en Tunisie et \u00e0 l&#039;international sur Webdo.tn","publisher":{"@id":"https:\/\/www.webdo.tn\/fr\/#organization"},"potentialAction":[{"@type":"SearchAction","target":{"@type":"EntryPoint","urlTemplate":"https:\/\/www.webdo.tn\/fr\/?s={search_term_string}"},"query-input":{"@type":"PropertyValueSpecification","valueRequired":true,"valueName":"search_term_string"}}],"inLanguage":"fr-FR"},{"@type":"Organization","@id":"https:\/\/www.webdo.tn\/fr\/#organization","name":"Webdo","alternateName":"Webdo.tn","url":"https:\/\/www.webdo.tn\/fr\/","logo":{"@type":"ImageObject","inLanguage":"fr-FR","@id":"https:\/\/www.webdo.tn\/fr\/#\/schema\/logo\/image\/","url":"https:\/\/www.webdo.tn\/fr\/wp-content\/uploads\/2025\/06\/Webdo-Tunisie_168377.jpg","contentUrl":"https:\/\/www.webdo.tn\/fr\/wp-content\/uploads\/2025\/06\/Webdo-Tunisie_168377.jpg","width":301,"height":301,"caption":"Webdo"},"image":{"@id":"https:\/\/www.webdo.tn\/fr\/#\/schema\/logo\/image\/"},"sameAs":["https:\/\/www.facebook.com\/webdotn","https:\/\/x.com\/webdo_tn"],"description":"Webdo est un m\u00e9dia num\u00e9rique tunisien fond\u00e9 en 2010, sp\u00e9cialis\u00e9 dans l\u2019actualit\u00e9 nationale et internationale, l\u2019\u00e9conomie, la soci\u00e9t\u00e9 et les analyses politiques. Le site s\u2019adresse \u00e0 un large public francophone et couvre l\u2019information tunisienne en temps r\u00e9el.","email":"redac@webdo.tn","legalName":"YNJ SARL","foundingDate":"2010-09-06","numberOfEmployees":{"@type":"QuantitativeValue","minValue":"11","maxValue":"50"}},{"@type":"Person","@id":"https:\/\/www.webdo.tn\/fr\/#\/schema\/person\/f35b42a42c5e2511bbd282959d6385cc","name":"CL","image":{"@type":"ImageObject","inLanguage":"fr-FR","@id":"https:\/\/secure.gravatar.com\/avatar\/1447a49909b67aa657c488aec6512e1dd6143a480c1ecfee9b5b5cd74eb3b59e?s=96&d=mm&r=g","url":"https:\/\/secure.gravatar.com\/avatar\/1447a49909b67aa657c488aec6512e1dd6143a480c1ecfee9b5b5cd74eb3b59e?s=96&d=mm&r=g","contentUrl":"https:\/\/secure.gravatar.com\/avatar\/1447a49909b67aa657c488aec6512e1dd6143a480c1ecfee9b5b5cd74eb3b59e?s=96&d=mm&r=g","caption":"CL"},"url":"https:\/\/www.webdo.tn\/fr\/actualite\/author\/cl\/"}]}},"_links":{"self":[{"href":"https:\/\/www.webdo.tn\/fr\/wp-json\/wp\/v2\/posts\/209422","targetHints":{"allow":["GET"]}}],"collection":[{"href":"https:\/\/www.webdo.tn\/fr\/wp-json\/wp\/v2\/posts"}],"about":[{"href":"https:\/\/www.webdo.tn\/fr\/wp-json\/wp\/v2\/types\/post"}],"author":[{"embeddable":true,"href":"https:\/\/www.webdo.tn\/fr\/wp-json\/wp\/v2\/users\/3175"}],"replies":[{"embeddable":true,"href":"https:\/\/www.webdo.tn\/fr\/wp-json\/wp\/v2\/comments?post=209422"}],"version-history":[{"count":0,"href":"https:\/\/www.webdo.tn\/fr\/wp-json\/wp\/v2\/posts\/209422\/revisions"}],"wp:featuredmedia":[{"embeddable":true,"href":"https:\/\/www.webdo.tn\/fr\/wp-json\/wp\/v2\/media\/249050"}],"wp:attachment":[{"href":"https:\/\/www.webdo.tn\/fr\/wp-json\/wp\/v2\/media?parent=209422"}],"wp:term":[{"taxonomy":"category","embeddable":true,"href":"https:\/\/www.webdo.tn\/fr\/wp-json\/wp\/v2\/categories?post=209422"},{"taxonomy":"post_tag","embeddable":true,"href":"https:\/\/www.webdo.tn\/fr\/wp-json\/wp\/v2\/tags?post=209422"}],"curies":[{"name":"wp","href":"https:\/\/api.w.org\/{rel}","templated":true}]}}