{"id":209418,"date":"2023-10-18T09:47:00","date_gmt":"2023-10-18T09:47:00","guid":{"rendered":"https:\/\/www.webdo.tn\/fr\/blog\/tunisie-appel-a-convoquer-les-ambassadeurs-des-pays-impliques-dans-la-guerre-contre-gaza\/209418\/"},"modified":"2025-05-20T22:40:20","modified_gmt":"2025-05-20T22:40:20","slug":"tunisie-appel-a-convoquer-les-ambassadeurs-des-pays-impliques-dans-la-guerre-contre-gaza","status":"publish","type":"post","link":"https:\/\/www.webdo.tn\/fr\/actualite\/national\/tunisie-appel-a-convoquer-les-ambassadeurs-des-pays-impliques-dans-la-guerre-contre-gaza\/209418\/","title":{"rendered":"Tunisie : Appel \u00e0 convoquer les ambassadeurs des pays impliqu\u00e9s dans la guerre contre Gaza"},"content":{"rendered":"<p>La guerre contre Gaza bat son plein. La frappe isra\u00e9lienne, hier, d\u2019un h\u00f4pital faisant plus de 500 morts a d\u00e9pass\u00e9 toutes les limites, c\u2019est un tournant.<\/p>\n<p>\t\t\t\t\t\t\t\t\tDans ce contexte, les r\u00e9actions en Tunisie se sont multipli\u00e9es. Outre la d\u00e9nonciation et la col\u00e8re, des personnalit\u00e9s ont appel\u00e9 \u00e0 des r\u00e9actions et des positions concr\u00e8tes.\u00a0<\/p>\n<p>La b\u00e2tonnier Hatem Mziou a appel\u00e9 dans ce sens les autorit\u00e9s tunisiennes \u00e0 convoquer les ambassadeurs des pays impliqu\u00e9s dans cette guerre pour exprimer les positions de la Tunisie et stopper cette attaque sans pr\u00e9c\u00e9dent contre le peuple palestinien.\u00a0<\/p>\n<p>Il a annonc\u00e9 \u00e9galement que l\u2019ordre des avocats coordonnera ses efforts avec les organisations internationales pour poursuivre les autorit\u00e9s isra\u00e9liennes pour ses crimes de guerre.\u00a0<\/p>\n<p>Hier, les Tunisiens sont sortis manifester pour exprimer leur solidarit\u00e9 avec les Palestiniens apr\u00e8s la mort d&rsquo;au moins 500 personnes apr\u00e8s le bombardement d&rsquo;un h\u00f4pital \u00e0 Gaza.<\/p>\n<p>Plusieurs personnalit\u00e9s politiques et activistes de la soci\u00e9t\u00e9 civile, mais aussi des citoyens, ont exprim\u00e9 leur solidarit\u00e9 aux Palestiniens en organisant une veill\u00e9e de protestation devant le th\u00e9\u00e2tre municipal de Tunis, condamnant les massacres et le g\u00e9nocide, perp\u00e9tr\u00e9s par l&rsquo;arm\u00e9e d&rsquo;occupation contre des civils d\u00e9sarm\u00e9s \u00e0 Gaza.<\/p>\n","protected":false},"excerpt":{"rendered":"<p>La guerre contre Gaza bat son plein. La frappe isra\u00e9lienne, hier, d\u2019un h\u00f4pital faisant plus de 500 morts a d\u00e9pass\u00e9 toutes les limites, c\u2019est un tournant.<\/p>\n","protected":false},"author":3175,"featured_media":249051,"comment_status":"open","ping_status":"closed","sticky":false,"template":"","format":"standard","meta":{"footnotes":""},"categories":[44],"tags":[5121,5119,2689,2688,2608],"class_list":["post-209418","post","type-post","status-publish","format-standard","has-post-thumbnail","hentry","category-national","tag-ambassadeurs","tag-convocation","tag-gaza","tag-palestine","tag-tunisie"],"yoast_head":"<!-- This site is optimized with the Yoast SEO Premium plugin v27.5 (Yoast SEO v27.5) - https:\/\/yoast.com\/product\/yoast-seo-premium-wordpress\/ -->\n<title>Tunisie : Appel \u00e0 convoquer les ambassadeurs des pays impliqu\u00e9s dans la guerre contre Gaza<\/title>\n<meta name=\"description\" content=\"La guerre contre Gaza bat son plein. La frappe isra\u00e9lienne, hier, d\u2019un h\u00f4pital faisant plus de 500 morts a d\u00e9pass\u00e9 toutes les limites, c\u2019est un tournant.\" \/>\n<link rel=\"canonical\" href=\"https:\/\/www.webdo.tn\/fr\/actualite\/national\/tunisie-appel-a-convoquer-les-ambassadeurs-des-pays-impliques-dans-la-guerre-contre-gaza\/209418\/\" \/>\n<meta property=\"og:locale\" content=\"fr_FR\" \/>\n<meta property=\"og:type\" content=\"article\" \/>\n<meta property=\"og:title\" content=\"Tunisie : Appel \u00e0 convoquer les ambassadeurs des pays impliqu\u00e9s dans la guerre contre Gaza\" \/>\n<meta property=\"og:description\" content=\"La guerre contre Gaza bat son plein. La frappe isra\u00e9lienne, hier, d\u2019un h\u00f4pital faisant plus de 500 morts a d\u00e9pass\u00e9 toutes les limites, c\u2019est un tournant.\" \/>\n<meta property=\"og:url\" content=\"https:\/\/www.webdo.tn\/fr\/actualite\/national\/tunisie-appel-a-convoquer-les-ambassadeurs-des-pays-impliques-dans-la-guerre-contre-gaza\/209418\/\" \/>\n<meta property=\"og:site_name\" content=\"webdo\" \/>\n<meta property=\"article:publisher\" content=\"https:\/\/www.facebook.com\/webdotn\" \/>\n<meta property=\"article:published_time\" content=\"2023-10-18T09:47:00+00:00\" \/>\n<meta property=\"article:modified_time\" content=\"2025-05-20T22:40:20+00:00\" \/>\n<meta property=\"og:image\" content=\"https:\/\/www.webdo.tn\/fr\/wp-content\/uploads\/2023\/10\/896e6a024b732f854a2f2f7abc5e03ff.jpg\" \/>\n\t<meta property=\"og:image:width\" content=\"750\" \/>\n\t<meta property=\"og:image:height\" content=\"400\" \/>\n\t<meta property=\"og:image:type\" content=\"image\/jpeg\" \/>\n<meta name=\"author\" content=\"CL\" \/>\n<meta name=\"twitter:card\" content=\"summary_large_image\" \/>\n<meta name=\"twitter:creator\" content=\"@webdo_tn\" \/>\n<meta name=\"twitter:site\" content=\"@webdo_tn\" \/>\n<meta name=\"twitter:label1\" content=\"\u00c9crit par\" \/>\n\t<meta name=\"twitter:data1\" content=\"CL\" \/>\n\t<meta name=\"twitter:label2\" content=\"Dur\u00e9e de lecture estim\u00e9e\" \/>\n\t<meta name=\"twitter:data2\" content=\"1 minute\" \/>\n<script type=\"application\/ld+json\" class=\"yoast-schema-graph\">{\"@context\":\"https:\\\/\\\/schema.org\",\"@graph\":[{\"@type\":\"NewsArticle\",\"@id\":\"https:\\\/\\\/www.webdo.tn\\\/fr\\\/actualite\\\/national\\\/tunisie-appel-a-convoquer-les-ambassadeurs-des-pays-impliques-dans-la-guerre-contre-gaza\\\/209418\\\/#article\",\"isPartOf\":{\"@id\":\"https:\\\/\\\/www.webdo.tn\\\/fr\\\/actualite\\\/national\\\/tunisie-appel-a-convoquer-les-ambassadeurs-des-pays-impliques-dans-la-guerre-contre-gaza\\\/209418\\\/\"},\"author\":{\"name\":\"CL\",\"@id\":\"https:\\\/\\\/www.webdo.tn\\\/fr\\\/#\\\/schema\\\/person\\\/f35b42a42c5e2511bbd282959d6385cc\"},\"headline\":\"Tunisie : Appel \u00e0 convoquer les ambassadeurs des pays impliqu\u00e9s dans la guerre contre Gaza\",\"datePublished\":\"2023-10-18T09:47:00+00:00\",\"dateModified\":\"2025-05-20T22:40:20+00:00\",\"mainEntityOfPage\":{\"@id\":\"https:\\\/\\\/www.webdo.tn\\\/fr\\\/actualite\\\/national\\\/tunisie-appel-a-convoquer-les-ambassadeurs-des-pays-impliques-dans-la-guerre-contre-gaza\\\/209418\\\/\"},\"wordCount\":236,\"commentCount\":0,\"publisher\":{\"@id\":\"https:\\\/\\\/www.webdo.tn\\\/fr\\\/#organization\"},\"image\":{\"@id\":\"https:\\\/\\\/www.webdo.tn\\\/fr\\\/actualite\\\/national\\\/tunisie-appel-a-convoquer-les-ambassadeurs-des-pays-impliques-dans-la-guerre-contre-gaza\\\/209418\\\/#primaryimage\"},\"thumbnailUrl\":\"https:\\\/\\\/www.webdo.tn\\\/fr\\\/wp-content\\\/uploads\\\/2023\\\/10\\\/896e6a024b732f854a2f2f7abc5e03ff.jpg\",\"keywords\":[\"ambassadeurs\",\"convocation\",\"Gaza\",\"Palestine\",\"Tunisie\"],\"articleSection\":[\"National\"],\"inLanguage\":\"fr-FR\"},{\"@type\":\"WebPage\",\"@id\":\"https:\\\/\\\/www.webdo.tn\\\/fr\\\/actualite\\\/national\\\/tunisie-appel-a-convoquer-les-ambassadeurs-des-pays-impliques-dans-la-guerre-contre-gaza\\\/209418\\\/\",\"url\":\"https:\\\/\\\/www.webdo.tn\\\/fr\\\/actualite\\\/national\\\/tunisie-appel-a-convoquer-les-ambassadeurs-des-pays-impliques-dans-la-guerre-contre-gaza\\\/209418\\\/\",\"name\":\"Tunisie : Appel \u00e0 convoquer les ambassadeurs des pays impliqu\u00e9s dans la guerre contre Gaza\",\"isPartOf\":{\"@id\":\"https:\\\/\\\/www.webdo.tn\\\/fr\\\/#website\"},\"primaryImageOfPage\":{\"@id\":\"https:\\\/\\\/www.webdo.tn\\\/fr\\\/actualite\\\/national\\\/tunisie-appel-a-convoquer-les-ambassadeurs-des-pays-impliques-dans-la-guerre-contre-gaza\\\/209418\\\/#primaryimage\"},\"image\":{\"@id\":\"https:\\\/\\\/www.webdo.tn\\\/fr\\\/actualite\\\/national\\\/tunisie-appel-a-convoquer-les-ambassadeurs-des-pays-impliques-dans-la-guerre-contre-gaza\\\/209418\\\/#primaryimage\"},\"thumbnailUrl\":\"https:\\\/\\\/www.webdo.tn\\\/fr\\\/wp-content\\\/uploads\\\/2023\\\/10\\\/896e6a024b732f854a2f2f7abc5e03ff.jpg\",\"datePublished\":\"2023-10-18T09:47:00+00:00\",\"dateModified\":\"2025-05-20T22:40:20+00:00\",\"description\":\"La guerre contre Gaza bat son plein. La frappe isra\u00e9lienne, hier, d\u2019un h\u00f4pital faisant plus de 500 morts a d\u00e9pass\u00e9 toutes les limites, c\u2019est un tournant.\",\"breadcrumb\":{\"@id\":\"https:\\\/\\\/www.webdo.tn\\\/fr\\\/actualite\\\/national\\\/tunisie-appel-a-convoquer-les-ambassadeurs-des-pays-impliques-dans-la-guerre-contre-gaza\\\/209418\\\/#breadcrumb\"},\"inLanguage\":\"fr-FR\",\"potentialAction\":[{\"@type\":\"ReadAction\",\"target\":[\"https:\\\/\\\/www.webdo.tn\\\/fr\\\/actualite\\\/national\\\/tunisie-appel-a-convoquer-les-ambassadeurs-des-pays-impliques-dans-la-guerre-contre-gaza\\\/209418\\\/\"]}]},{\"@type\":\"ImageObject\",\"inLanguage\":\"fr-FR\",\"@id\":\"https:\\\/\\\/www.webdo.tn\\\/fr\\\/actualite\\\/national\\\/tunisie-appel-a-convoquer-les-ambassadeurs-des-pays-impliques-dans-la-guerre-contre-gaza\\\/209418\\\/#primaryimage\",\"url\":\"https:\\\/\\\/www.webdo.tn\\\/fr\\\/wp-content\\\/uploads\\\/2023\\\/10\\\/896e6a024b732f854a2f2f7abc5e03ff.jpg\",\"contentUrl\":\"https:\\\/\\\/www.webdo.tn\\\/fr\\\/wp-content\\\/uploads\\\/2023\\\/10\\\/896e6a024b732f854a2f2f7abc5e03ff.jpg\",\"width\":750,\"height\":400,\"caption\":\"Tunisie : Appel \u00e0 convoquer les ambassadeurs des pays impliqu\u00e9s dans la guerre contre Gaza\"},{\"@type\":\"BreadcrumbList\",\"@id\":\"https:\\\/\\\/www.webdo.tn\\\/fr\\\/actualite\\\/national\\\/tunisie-appel-a-convoquer-les-ambassadeurs-des-pays-impliques-dans-la-guerre-contre-gaza\\\/209418\\\/#breadcrumb\",\"itemListElement\":[{\"@type\":\"ListItem\",\"position\":1,\"name\":\"Accueil\",\"item\":\"https:\\\/\\\/www.webdo.tn\\\/fr\\\/\"},{\"@type\":\"ListItem\",\"position\":2,\"name\":\"Tunisie : Appel \u00e0 convoquer les ambassadeurs des pays impliqu\u00e9s dans la guerre contre Gaza\"}]},{\"@type\":\"WebSite\",\"@id\":\"https:\\\/\\\/www.webdo.tn\\\/fr\\\/#website\",\"url\":\"https:\\\/\\\/www.webdo.tn\\\/fr\\\/\",\"name\":\"webdo\",\"description\":\"Tunisie - News en Tunisie et \u00e0 l&#039;international sur Webdo.tn\",\"publisher\":{\"@id\":\"https:\\\/\\\/www.webdo.tn\\\/fr\\\/#organization\"},\"potentialAction\":[{\"@type\":\"SearchAction\",\"target\":{\"@type\":\"EntryPoint\",\"urlTemplate\":\"https:\\\/\\\/www.webdo.tn\\\/fr\\\/?s={search_term_string}\"},\"query-input\":{\"@type\":\"PropertyValueSpecification\",\"valueRequired\":true,\"valueName\":\"search_term_string\"}}],\"inLanguage\":\"fr-FR\"},{\"@type\":\"Organization\",\"@id\":\"https:\\\/\\\/www.webdo.tn\\\/fr\\\/#organization\",\"name\":\"Webdo\",\"alternateName\":\"Webdo.tn\",\"url\":\"https:\\\/\\\/www.webdo.tn\\\/fr\\\/\",\"logo\":{\"@type\":\"ImageObject\",\"inLanguage\":\"fr-FR\",\"@id\":\"https:\\\/\\\/www.webdo.tn\\\/fr\\\/#\\\/schema\\\/logo\\\/image\\\/\",\"url\":\"https:\\\/\\\/www.webdo.tn\\\/fr\\\/wp-content\\\/uploads\\\/2025\\\/06\\\/Webdo-Tunisie_168377.jpg\",\"contentUrl\":\"https:\\\/\\\/www.webdo.tn\\\/fr\\\/wp-content\\\/uploads\\\/2025\\\/06\\\/Webdo-Tunisie_168377.jpg\",\"width\":301,\"height\":301,\"caption\":\"Webdo\"},\"image\":{\"@id\":\"https:\\\/\\\/www.webdo.tn\\\/fr\\\/#\\\/schema\\\/logo\\\/image\\\/\"},\"sameAs\":[\"https:\\\/\\\/www.facebook.com\\\/webdotn\",\"https:\\\/\\\/x.com\\\/webdo_tn\"],\"description\":\"Webdo est un m\u00e9dia num\u00e9rique tunisien fond\u00e9 en 2010, sp\u00e9cialis\u00e9 dans l\u2019actualit\u00e9 nationale et internationale, l\u2019\u00e9conomie, la soci\u00e9t\u00e9 et les analyses politiques. Le site s\u2019adresse \u00e0 un large public francophone et couvre l\u2019information tunisienne en temps r\u00e9el.\",\"email\":\"redac@webdo.tn\",\"legalName\":\"YNJ SARL\",\"foundingDate\":\"2010-09-06\",\"numberOfEmployees\":{\"@type\":\"QuantitativeValue\",\"minValue\":\"11\",\"maxValue\":\"50\"}},{\"@type\":\"Person\",\"@id\":\"https:\\\/\\\/www.webdo.tn\\\/fr\\\/#\\\/schema\\\/person\\\/f35b42a42c5e2511bbd282959d6385cc\",\"name\":\"CL\",\"image\":{\"@type\":\"ImageObject\",\"inLanguage\":\"fr-FR\",\"@id\":\"https:\\\/\\\/secure.gravatar.com\\\/avatar\\\/1447a49909b67aa657c488aec6512e1dd6143a480c1ecfee9b5b5cd74eb3b59e?s=96&d=mm&r=g\",\"url\":\"https:\\\/\\\/secure.gravatar.com\\\/avatar\\\/1447a49909b67aa657c488aec6512e1dd6143a480c1ecfee9b5b5cd74eb3b59e?s=96&d=mm&r=g\",\"contentUrl\":\"https:\\\/\\\/secure.gravatar.com\\\/avatar\\\/1447a49909b67aa657c488aec6512e1dd6143a480c1ecfee9b5b5cd74eb3b59e?s=96&d=mm&r=g\",\"caption\":\"CL\"},\"url\":\"https:\\\/\\\/www.webdo.tn\\\/fr\\\/actualite\\\/author\\\/cl\\\/\"}]}<\/script>\n<!-- \/ Yoast SEO Premium plugin. -->","yoast_head_json":{"title":"Tunisie : Appel \u00e0 convoquer les ambassadeurs des pays impliqu\u00e9s dans la guerre contre Gaza","description":"La guerre contre Gaza bat son plein. La frappe isra\u00e9lienne, hier, d\u2019un h\u00f4pital faisant plus de 500 morts a d\u00e9pass\u00e9 toutes les limites, c\u2019est un tournant.","canonical":"https:\/\/www.webdo.tn\/fr\/actualite\/national\/tunisie-appel-a-convoquer-les-ambassadeurs-des-pays-impliques-dans-la-guerre-contre-gaza\/209418\/","og_locale":"fr_FR","og_type":"article","og_title":"Tunisie : Appel \u00e0 convoquer les ambassadeurs des pays impliqu\u00e9s dans la guerre contre Gaza","og_description":"La guerre contre Gaza bat son plein. La frappe isra\u00e9lienne, hier, d\u2019un h\u00f4pital faisant plus de 500 morts a d\u00e9pass\u00e9 toutes les limites, c\u2019est un tournant.","og_url":"https:\/\/www.webdo.tn\/fr\/actualite\/national\/tunisie-appel-a-convoquer-les-ambassadeurs-des-pays-impliques-dans-la-guerre-contre-gaza\/209418\/","og_site_name":"webdo","article_publisher":"https:\/\/www.facebook.com\/webdotn","article_published_time":"2023-10-18T09:47:00+00:00","article_modified_time":"2025-05-20T22:40:20+00:00","og_image":[{"width":750,"height":400,"url":"https:\/\/www.webdo.tn\/fr\/wp-content\/uploads\/2023\/10\/896e6a024b732f854a2f2f7abc5e03ff.jpg","type":"image\/jpeg"}],"author":"CL","twitter_card":"summary_large_image","twitter_creator":"@webdo_tn","twitter_site":"@webdo_tn","twitter_misc":{"\u00c9crit par":"CL","Dur\u00e9e de lecture estim\u00e9e":"1 minute"},"schema":{"@context":"https:\/\/schema.org","@graph":[{"@type":"NewsArticle","@id":"https:\/\/www.webdo.tn\/fr\/actualite\/national\/tunisie-appel-a-convoquer-les-ambassadeurs-des-pays-impliques-dans-la-guerre-contre-gaza\/209418\/#article","isPartOf":{"@id":"https:\/\/www.webdo.tn\/fr\/actualite\/national\/tunisie-appel-a-convoquer-les-ambassadeurs-des-pays-impliques-dans-la-guerre-contre-gaza\/209418\/"},"author":{"name":"CL","@id":"https:\/\/www.webdo.tn\/fr\/#\/schema\/person\/f35b42a42c5e2511bbd282959d6385cc"},"headline":"Tunisie : Appel \u00e0 convoquer les ambassadeurs des pays impliqu\u00e9s dans la guerre contre Gaza","datePublished":"2023-10-18T09:47:00+00:00","dateModified":"2025-05-20T22:40:20+00:00","mainEntityOfPage":{"@id":"https:\/\/www.webdo.tn\/fr\/actualite\/national\/tunisie-appel-a-convoquer-les-ambassadeurs-des-pays-impliques-dans-la-guerre-contre-gaza\/209418\/"},"wordCount":236,"commentCount":0,"publisher":{"@id":"https:\/\/www.webdo.tn\/fr\/#organization"},"image":{"@id":"https:\/\/www.webdo.tn\/fr\/actualite\/national\/tunisie-appel-a-convoquer-les-ambassadeurs-des-pays-impliques-dans-la-guerre-contre-gaza\/209418\/#primaryimage"},"thumbnailUrl":"https:\/\/www.webdo.tn\/fr\/wp-content\/uploads\/2023\/10\/896e6a024b732f854a2f2f7abc5e03ff.jpg","keywords":["ambassadeurs","convocation","Gaza","Palestine","Tunisie"],"articleSection":["National"],"inLanguage":"fr-FR"},{"@type":"WebPage","@id":"https:\/\/www.webdo.tn\/fr\/actualite\/national\/tunisie-appel-a-convoquer-les-ambassadeurs-des-pays-impliques-dans-la-guerre-contre-gaza\/209418\/","url":"https:\/\/www.webdo.tn\/fr\/actualite\/national\/tunisie-appel-a-convoquer-les-ambassadeurs-des-pays-impliques-dans-la-guerre-contre-gaza\/209418\/","name":"Tunisie : Appel \u00e0 convoquer les ambassadeurs des pays impliqu\u00e9s dans la guerre contre Gaza","isPartOf":{"@id":"https:\/\/www.webdo.tn\/fr\/#website"},"primaryImageOfPage":{"@id":"https:\/\/www.webdo.tn\/fr\/actualite\/national\/tunisie-appel-a-convoquer-les-ambassadeurs-des-pays-impliques-dans-la-guerre-contre-gaza\/209418\/#primaryimage"},"image":{"@id":"https:\/\/www.webdo.tn\/fr\/actualite\/national\/tunisie-appel-a-convoquer-les-ambassadeurs-des-pays-impliques-dans-la-guerre-contre-gaza\/209418\/#primaryimage"},"thumbnailUrl":"https:\/\/www.webdo.tn\/fr\/wp-content\/uploads\/2023\/10\/896e6a024b732f854a2f2f7abc5e03ff.jpg","datePublished":"2023-10-18T09:47:00+00:00","dateModified":"2025-05-20T22:40:20+00:00","description":"La guerre contre Gaza bat son plein. La frappe isra\u00e9lienne, hier, d\u2019un h\u00f4pital faisant plus de 500 morts a d\u00e9pass\u00e9 toutes les limites, c\u2019est un tournant.","breadcrumb":{"@id":"https:\/\/www.webdo.tn\/fr\/actualite\/national\/tunisie-appel-a-convoquer-les-ambassadeurs-des-pays-impliques-dans-la-guerre-contre-gaza\/209418\/#breadcrumb"},"inLanguage":"fr-FR","potentialAction":[{"@type":"ReadAction","target":["https:\/\/www.webdo.tn\/fr\/actualite\/national\/tunisie-appel-a-convoquer-les-ambassadeurs-des-pays-impliques-dans-la-guerre-contre-gaza\/209418\/"]}]},{"@type":"ImageObject","inLanguage":"fr-FR","@id":"https:\/\/www.webdo.tn\/fr\/actualite\/national\/tunisie-appel-a-convoquer-les-ambassadeurs-des-pays-impliques-dans-la-guerre-contre-gaza\/209418\/#primaryimage","url":"https:\/\/www.webdo.tn\/fr\/wp-content\/uploads\/2023\/10\/896e6a024b732f854a2f2f7abc5e03ff.jpg","contentUrl":"https:\/\/www.webdo.tn\/fr\/wp-content\/uploads\/2023\/10\/896e6a024b732f854a2f2f7abc5e03ff.jpg","width":750,"height":400,"caption":"Tunisie : Appel \u00e0 convoquer les ambassadeurs des pays impliqu\u00e9s dans la guerre contre Gaza"},{"@type":"BreadcrumbList","@id":"https:\/\/www.webdo.tn\/fr\/actualite\/national\/tunisie-appel-a-convoquer-les-ambassadeurs-des-pays-impliques-dans-la-guerre-contre-gaza\/209418\/#breadcrumb","itemListElement":[{"@type":"ListItem","position":1,"name":"Accueil","item":"https:\/\/www.webdo.tn\/fr\/"},{"@type":"ListItem","position":2,"name":"Tunisie : Appel \u00e0 convoquer les ambassadeurs des pays impliqu\u00e9s dans la guerre contre Gaza"}]},{"@type":"WebSite","@id":"https:\/\/www.webdo.tn\/fr\/#website","url":"https:\/\/www.webdo.tn\/fr\/","name":"webdo","description":"Tunisie - News en Tunisie et \u00e0 l&#039;international sur Webdo.tn","publisher":{"@id":"https:\/\/www.webdo.tn\/fr\/#organization"},"potentialAction":[{"@type":"SearchAction","target":{"@type":"EntryPoint","urlTemplate":"https:\/\/www.webdo.tn\/fr\/?s={search_term_string}"},"query-input":{"@type":"PropertyValueSpecification","valueRequired":true,"valueName":"search_term_string"}}],"inLanguage":"fr-FR"},{"@type":"Organization","@id":"https:\/\/www.webdo.tn\/fr\/#organization","name":"Webdo","alternateName":"Webdo.tn","url":"https:\/\/www.webdo.tn\/fr\/","logo":{"@type":"ImageObject","inLanguage":"fr-FR","@id":"https:\/\/www.webdo.tn\/fr\/#\/schema\/logo\/image\/","url":"https:\/\/www.webdo.tn\/fr\/wp-content\/uploads\/2025\/06\/Webdo-Tunisie_168377.jpg","contentUrl":"https:\/\/www.webdo.tn\/fr\/wp-content\/uploads\/2025\/06\/Webdo-Tunisie_168377.jpg","width":301,"height":301,"caption":"Webdo"},"image":{"@id":"https:\/\/www.webdo.tn\/fr\/#\/schema\/logo\/image\/"},"sameAs":["https:\/\/www.facebook.com\/webdotn","https:\/\/x.com\/webdo_tn"],"description":"Webdo est un m\u00e9dia num\u00e9rique tunisien fond\u00e9 en 2010, sp\u00e9cialis\u00e9 dans l\u2019actualit\u00e9 nationale et internationale, l\u2019\u00e9conomie, la soci\u00e9t\u00e9 et les analyses politiques. Le site s\u2019adresse \u00e0 un large public francophone et couvre l\u2019information tunisienne en temps r\u00e9el.","email":"redac@webdo.tn","legalName":"YNJ SARL","foundingDate":"2010-09-06","numberOfEmployees":{"@type":"QuantitativeValue","minValue":"11","maxValue":"50"}},{"@type":"Person","@id":"https:\/\/www.webdo.tn\/fr\/#\/schema\/person\/f35b42a42c5e2511bbd282959d6385cc","name":"CL","image":{"@type":"ImageObject","inLanguage":"fr-FR","@id":"https:\/\/secure.gravatar.com\/avatar\/1447a49909b67aa657c488aec6512e1dd6143a480c1ecfee9b5b5cd74eb3b59e?s=96&d=mm&r=g","url":"https:\/\/secure.gravatar.com\/avatar\/1447a49909b67aa657c488aec6512e1dd6143a480c1ecfee9b5b5cd74eb3b59e?s=96&d=mm&r=g","contentUrl":"https:\/\/secure.gravatar.com\/avatar\/1447a49909b67aa657c488aec6512e1dd6143a480c1ecfee9b5b5cd74eb3b59e?s=96&d=mm&r=g","caption":"CL"},"url":"https:\/\/www.webdo.tn\/fr\/actualite\/author\/cl\/"}]}},"_links":{"self":[{"href":"https:\/\/www.webdo.tn\/fr\/wp-json\/wp\/v2\/posts\/209418","targetHints":{"allow":["GET"]}}],"collection":[{"href":"https:\/\/www.webdo.tn\/fr\/wp-json\/wp\/v2\/posts"}],"about":[{"href":"https:\/\/www.webdo.tn\/fr\/wp-json\/wp\/v2\/types\/post"}],"author":[{"embeddable":true,"href":"https:\/\/www.webdo.tn\/fr\/wp-json\/wp\/v2\/users\/3175"}],"replies":[{"embeddable":true,"href":"https:\/\/www.webdo.tn\/fr\/wp-json\/wp\/v2\/comments?post=209418"}],"version-history":[{"count":0,"href":"https:\/\/www.webdo.tn\/fr\/wp-json\/wp\/v2\/posts\/209418\/revisions"}],"wp:featuredmedia":[{"embeddable":true,"href":"https:\/\/www.webdo.tn\/fr\/wp-json\/wp\/v2\/media\/249051"}],"wp:attachment":[{"href":"https:\/\/www.webdo.tn\/fr\/wp-json\/wp\/v2\/media?parent=209418"}],"wp:term":[{"taxonomy":"category","embeddable":true,"href":"https:\/\/www.webdo.tn\/fr\/wp-json\/wp\/v2\/categories?post=209418"},{"taxonomy":"post_tag","embeddable":true,"href":"https:\/\/www.webdo.tn\/fr\/wp-json\/wp\/v2\/tags?post=209418"}],"curies":[{"name":"wp","href":"https:\/\/api.w.org\/{rel}","templated":true}]}}