{"id":209417,"date":"2023-10-18T08:25:00","date_gmt":"2023-10-18T08:25:00","guid":{"rendered":"https:\/\/www.webdo.tn\/fr\/blog\/massacre-de-l-hopital-de-gaza-israel-accuse-un-tir-de-roquette-rate\/209417\/"},"modified":"2025-05-20T22:40:19","modified_gmt":"2025-05-20T22:40:19","slug":"massacre-de-l-hopital-de-gaza-israel-accuse-un-tir-de-roquette-rate","status":"publish","type":"post","link":"https:\/\/www.webdo.tn\/fr\/actualite\/international\/massacre-de-l-hopital-de-gaza-israel-accuse-un-tir-de-roquette-rate\/209417\/","title":{"rendered":"Massacre de l\u2019h\u00f4pital de Gaza : Isra\u00ebl accuse un tir de roquette rat\u00e9 !"},"content":{"rendered":"<p>Au moins 500 personnes ont \u00e9t\u00e9 tu\u00e9es ce mardi dans une frappe sur l&rsquo;h\u00f4pital Ahli Arab, au centre-ville de Gaza,  au onzi\u00e8me jour de la guerre entre Isra\u00ebl et le Hamas et \u00e0 la veille d&rsquo;une visite en Isra\u00ebl du pr\u00e9sident am\u00e9ricain Joe Biden.<\/p>\n<p>\t\t\t\t\t\t\t\t\t\u00ab 500 personnes sont mortes dans un bombardement ayant touch\u00e9 l&rsquo;enceinte de l&rsquo;h\u00f4pital Ahli Arab, situ\u00e9 dans le centre-ville, et des centaines de victimes se trouvent encore dans les d\u00e9combres, a d\u00e9clar\u00e9 un communiqu\u00e9 du minist\u00e8re de la Sant\u00e9 de Gaza.\u00a0<\/p>\n<p>Interrog\u00e9 sur ces informations provenant du Hamas, le porte-parole de l&rsquo;arm\u00e9e isra\u00e9lienne Daniel Hagari a d\u2019abord indiqu\u00e9 \u00ab\u00a0ne pas encore disposer de tous les d\u00e9tails\u00a0\u00bb. Puis l&rsquo;arm\u00e9e isra\u00e9lienne a attribu\u00e9 la frappe \u00e0 un tir de roquette rat\u00e9 de l&rsquo;organisation palestinienne Djihad islamique.<\/p>\n<p>\u00ab\u00a0D&rsquo;apr\u00e8s des informations des services de renseignements, bas\u00e9es sur plusieurs sources que nous avons obtenues, le Djihad islamique est responsable du tir de roquette rat\u00e9 qui a touch\u00e9 l&rsquo;h\u00f4pital\u00a0\u00bb, a affirm\u00e9 l&rsquo;arm\u00e9e isra\u00e9lienne dans un communiqu\u00e9.<\/p>\n","protected":false},"excerpt":{"rendered":"<p>Au moins 500 personnes ont \u00e9t\u00e9 tu\u00e9es ce mardi dans une frappe sur l&rsquo;h\u00f4pital Ahli Arab, au centre-ville de Gaza,  au onzi\u00e8me jour de la guerre entre Isra\u00ebl et le&#8230;<\/p>\n","protected":false},"author":3175,"featured_media":249049,"comment_status":"open","ping_status":"closed","sticky":false,"template":"","format":"standard","meta":{"footnotes":""},"categories":[2598],"tags":[2689,2858,5948,2688],"class_list":["post-209417","post","type-post","status-publish","format-standard","has-post-thumbnail","hentry","category-international","tag-gaza","tag-hopital","tag-massacre","tag-palestine"],"yoast_head":"<!-- This site is optimized with the Yoast SEO Premium plugin v27.5 (Yoast SEO v27.5) - https:\/\/yoast.com\/product\/yoast-seo-premium-wordpress\/ -->\n<title>Massacre de l\u2019h\u00f4pital de Gaza : Isra\u00ebl accuse un tir de roquette rat\u00e9 !<\/title>\n<meta name=\"description\" content=\"Au moins 500 personnes ont \u00e9t\u00e9 tu\u00e9es ce mardi dans une frappe sur l&#039;h\u00f4pital Ahli Arab, au centre-ville de Gaza, au onzi\u00e8me jour de la guerre entre Isra\u00ebl et le...\" \/>\n<link rel=\"canonical\" href=\"https:\/\/www.webdo.tn\/fr\/actualite\/international\/massacre-de-l-hopital-de-gaza-israel-accuse-un-tir-de-roquette-rate\/209417\/\" \/>\n<meta property=\"og:locale\" content=\"fr_FR\" \/>\n<meta property=\"og:type\" content=\"article\" \/>\n<meta property=\"og:title\" content=\"Massacre de l\u2019h\u00f4pital de Gaza : Isra\u00ebl accuse un tir de roquette rat\u00e9 !\" \/>\n<meta property=\"og:description\" content=\"Au moins 500 personnes ont \u00e9t\u00e9 tu\u00e9es ce mardi dans une frappe sur l&#039;h\u00f4pital Ahli Arab, au centre-ville de Gaza, au onzi\u00e8me jour de la guerre entre Isra\u00ebl et le...\" \/>\n<meta property=\"og:url\" content=\"https:\/\/www.webdo.tn\/fr\/actualite\/international\/massacre-de-l-hopital-de-gaza-israel-accuse-un-tir-de-roquette-rate\/209417\/\" \/>\n<meta property=\"og:site_name\" content=\"webdo\" \/>\n<meta property=\"article:publisher\" content=\"https:\/\/www.facebook.com\/webdotn\" \/>\n<meta property=\"article:published_time\" content=\"2023-10-18T08:25:00+00:00\" \/>\n<meta property=\"article:modified_time\" content=\"2025-05-20T22:40:19+00:00\" \/>\n<meta property=\"og:image\" content=\"https:\/\/www.webdo.tn\/fr\/wp-content\/uploads\/2023\/10\/c6556dabd108637edadc56d1b4b0ad39.jpeg\" \/>\n\t<meta property=\"og:image:width\" content=\"640\" \/>\n\t<meta property=\"og:image:height\" content=\"341\" \/>\n\t<meta property=\"og:image:type\" content=\"image\/jpeg\" \/>\n<meta name=\"author\" content=\"CL\" \/>\n<meta name=\"twitter:card\" content=\"summary_large_image\" \/>\n<meta name=\"twitter:creator\" content=\"@webdo_tn\" \/>\n<meta name=\"twitter:site\" content=\"@webdo_tn\" \/>\n<meta name=\"twitter:label1\" content=\"\u00c9crit par\" \/>\n\t<meta name=\"twitter:data1\" content=\"CL\" \/>\n\t<meta name=\"twitter:label2\" content=\"Dur\u00e9e de lecture estim\u00e9e\" \/>\n\t<meta name=\"twitter:data2\" content=\"1 minute\" \/>\n<script type=\"application\/ld+json\" class=\"yoast-schema-graph\">{\"@context\":\"https:\\\/\\\/schema.org\",\"@graph\":[{\"@type\":\"NewsArticle\",\"@id\":\"https:\\\/\\\/www.webdo.tn\\\/fr\\\/actualite\\\/international\\\/massacre-de-l-hopital-de-gaza-israel-accuse-un-tir-de-roquette-rate\\\/209417\\\/#article\",\"isPartOf\":{\"@id\":\"https:\\\/\\\/www.webdo.tn\\\/fr\\\/actualite\\\/international\\\/massacre-de-l-hopital-de-gaza-israel-accuse-un-tir-de-roquette-rate\\\/209417\\\/\"},\"author\":{\"name\":\"CL\",\"@id\":\"https:\\\/\\\/www.webdo.tn\\\/fr\\\/#\\\/schema\\\/person\\\/f35b42a42c5e2511bbd282959d6385cc\"},\"headline\":\"Massacre de l\u2019h\u00f4pital de Gaza : Isra\u00ebl accuse un tir de roquette rat\u00e9 !\",\"datePublished\":\"2023-10-18T08:25:00+00:00\",\"dateModified\":\"2025-05-20T22:40:19+00:00\",\"mainEntityOfPage\":{\"@id\":\"https:\\\/\\\/www.webdo.tn\\\/fr\\\/actualite\\\/international\\\/massacre-de-l-hopital-de-gaza-israel-accuse-un-tir-de-roquette-rate\\\/209417\\\/\"},\"wordCount\":206,\"commentCount\":0,\"publisher\":{\"@id\":\"https:\\\/\\\/www.webdo.tn\\\/fr\\\/#organization\"},\"image\":{\"@id\":\"https:\\\/\\\/www.webdo.tn\\\/fr\\\/actualite\\\/international\\\/massacre-de-l-hopital-de-gaza-israel-accuse-un-tir-de-roquette-rate\\\/209417\\\/#primaryimage\"},\"thumbnailUrl\":\"https:\\\/\\\/www.webdo.tn\\\/fr\\\/wp-content\\\/uploads\\\/2023\\\/10\\\/c6556dabd108637edadc56d1b4b0ad39.jpeg\",\"keywords\":[\"Gaza\",\"H\u00f4pital\",\"massacre\",\"Palestine\"],\"articleSection\":[\"International\"],\"inLanguage\":\"fr-FR\"},{\"@type\":\"WebPage\",\"@id\":\"https:\\\/\\\/www.webdo.tn\\\/fr\\\/actualite\\\/international\\\/massacre-de-l-hopital-de-gaza-israel-accuse-un-tir-de-roquette-rate\\\/209417\\\/\",\"url\":\"https:\\\/\\\/www.webdo.tn\\\/fr\\\/actualite\\\/international\\\/massacre-de-l-hopital-de-gaza-israel-accuse-un-tir-de-roquette-rate\\\/209417\\\/\",\"name\":\"Massacre de l\u2019h\u00f4pital de Gaza : Isra\u00ebl accuse un tir de roquette rat\u00e9 !\",\"isPartOf\":{\"@id\":\"https:\\\/\\\/www.webdo.tn\\\/fr\\\/#website\"},\"primaryImageOfPage\":{\"@id\":\"https:\\\/\\\/www.webdo.tn\\\/fr\\\/actualite\\\/international\\\/massacre-de-l-hopital-de-gaza-israel-accuse-un-tir-de-roquette-rate\\\/209417\\\/#primaryimage\"},\"image\":{\"@id\":\"https:\\\/\\\/www.webdo.tn\\\/fr\\\/actualite\\\/international\\\/massacre-de-l-hopital-de-gaza-israel-accuse-un-tir-de-roquette-rate\\\/209417\\\/#primaryimage\"},\"thumbnailUrl\":\"https:\\\/\\\/www.webdo.tn\\\/fr\\\/wp-content\\\/uploads\\\/2023\\\/10\\\/c6556dabd108637edadc56d1b4b0ad39.jpeg\",\"datePublished\":\"2023-10-18T08:25:00+00:00\",\"dateModified\":\"2025-05-20T22:40:19+00:00\",\"description\":\"Au moins 500 personnes ont \u00e9t\u00e9 tu\u00e9es ce mardi dans une frappe sur l'h\u00f4pital Ahli Arab, au centre-ville de Gaza, au onzi\u00e8me jour de la guerre entre Isra\u00ebl et le...\",\"breadcrumb\":{\"@id\":\"https:\\\/\\\/www.webdo.tn\\\/fr\\\/actualite\\\/international\\\/massacre-de-l-hopital-de-gaza-israel-accuse-un-tir-de-roquette-rate\\\/209417\\\/#breadcrumb\"},\"inLanguage\":\"fr-FR\",\"potentialAction\":[{\"@type\":\"ReadAction\",\"target\":[\"https:\\\/\\\/www.webdo.tn\\\/fr\\\/actualite\\\/international\\\/massacre-de-l-hopital-de-gaza-israel-accuse-un-tir-de-roquette-rate\\\/209417\\\/\"]}]},{\"@type\":\"ImageObject\",\"inLanguage\":\"fr-FR\",\"@id\":\"https:\\\/\\\/www.webdo.tn\\\/fr\\\/actualite\\\/international\\\/massacre-de-l-hopital-de-gaza-israel-accuse-un-tir-de-roquette-rate\\\/209417\\\/#primaryimage\",\"url\":\"https:\\\/\\\/www.webdo.tn\\\/fr\\\/wp-content\\\/uploads\\\/2023\\\/10\\\/c6556dabd108637edadc56d1b4b0ad39.jpeg\",\"contentUrl\":\"https:\\\/\\\/www.webdo.tn\\\/fr\\\/wp-content\\\/uploads\\\/2023\\\/10\\\/c6556dabd108637edadc56d1b4b0ad39.jpeg\",\"width\":640,\"height\":341,\"caption\":\"Massacre de l\u2019h\u00f4pital de Gaza : Isra\u00ebl accuse un tir de roquette rat\u00e9 !\"},{\"@type\":\"BreadcrumbList\",\"@id\":\"https:\\\/\\\/www.webdo.tn\\\/fr\\\/actualite\\\/international\\\/massacre-de-l-hopital-de-gaza-israel-accuse-un-tir-de-roquette-rate\\\/209417\\\/#breadcrumb\",\"itemListElement\":[{\"@type\":\"ListItem\",\"position\":1,\"name\":\"Accueil\",\"item\":\"https:\\\/\\\/www.webdo.tn\\\/fr\\\/\"},{\"@type\":\"ListItem\",\"position\":2,\"name\":\"Massacre de l\u2019h\u00f4pital de Gaza : Isra\u00ebl accuse un tir de roquette rat\u00e9 !\"}]},{\"@type\":\"WebSite\",\"@id\":\"https:\\\/\\\/www.webdo.tn\\\/fr\\\/#website\",\"url\":\"https:\\\/\\\/www.webdo.tn\\\/fr\\\/\",\"name\":\"webdo\",\"description\":\"Tunisie - News en Tunisie et \u00e0 l&#039;international sur Webdo.tn\",\"publisher\":{\"@id\":\"https:\\\/\\\/www.webdo.tn\\\/fr\\\/#organization\"},\"potentialAction\":[{\"@type\":\"SearchAction\",\"target\":{\"@type\":\"EntryPoint\",\"urlTemplate\":\"https:\\\/\\\/www.webdo.tn\\\/fr\\\/?s={search_term_string}\"},\"query-input\":{\"@type\":\"PropertyValueSpecification\",\"valueRequired\":true,\"valueName\":\"search_term_string\"}}],\"inLanguage\":\"fr-FR\"},{\"@type\":\"Organization\",\"@id\":\"https:\\\/\\\/www.webdo.tn\\\/fr\\\/#organization\",\"name\":\"Webdo\",\"alternateName\":\"Webdo.tn\",\"url\":\"https:\\\/\\\/www.webdo.tn\\\/fr\\\/\",\"logo\":{\"@type\":\"ImageObject\",\"inLanguage\":\"fr-FR\",\"@id\":\"https:\\\/\\\/www.webdo.tn\\\/fr\\\/#\\\/schema\\\/logo\\\/image\\\/\",\"url\":\"https:\\\/\\\/www.webdo.tn\\\/fr\\\/wp-content\\\/uploads\\\/2025\\\/06\\\/Webdo-Tunisie_168377.jpg\",\"contentUrl\":\"https:\\\/\\\/www.webdo.tn\\\/fr\\\/wp-content\\\/uploads\\\/2025\\\/06\\\/Webdo-Tunisie_168377.jpg\",\"width\":301,\"height\":301,\"caption\":\"Webdo\"},\"image\":{\"@id\":\"https:\\\/\\\/www.webdo.tn\\\/fr\\\/#\\\/schema\\\/logo\\\/image\\\/\"},\"sameAs\":[\"https:\\\/\\\/www.facebook.com\\\/webdotn\",\"https:\\\/\\\/x.com\\\/webdo_tn\"],\"description\":\"Webdo est un m\u00e9dia num\u00e9rique tunisien fond\u00e9 en 2010, sp\u00e9cialis\u00e9 dans l\u2019actualit\u00e9 nationale et internationale, l\u2019\u00e9conomie, la soci\u00e9t\u00e9 et les analyses politiques. Le site s\u2019adresse \u00e0 un large public francophone et couvre l\u2019information tunisienne en temps r\u00e9el.\",\"email\":\"redac@webdo.tn\",\"legalName\":\"YNJ SARL\",\"foundingDate\":\"2010-09-06\",\"numberOfEmployees\":{\"@type\":\"QuantitativeValue\",\"minValue\":\"11\",\"maxValue\":\"50\"}},{\"@type\":\"Person\",\"@id\":\"https:\\\/\\\/www.webdo.tn\\\/fr\\\/#\\\/schema\\\/person\\\/f35b42a42c5e2511bbd282959d6385cc\",\"name\":\"CL\",\"image\":{\"@type\":\"ImageObject\",\"inLanguage\":\"fr-FR\",\"@id\":\"https:\\\/\\\/secure.gravatar.com\\\/avatar\\\/1447a49909b67aa657c488aec6512e1dd6143a480c1ecfee9b5b5cd74eb3b59e?s=96&d=mm&r=g\",\"url\":\"https:\\\/\\\/secure.gravatar.com\\\/avatar\\\/1447a49909b67aa657c488aec6512e1dd6143a480c1ecfee9b5b5cd74eb3b59e?s=96&d=mm&r=g\",\"contentUrl\":\"https:\\\/\\\/secure.gravatar.com\\\/avatar\\\/1447a49909b67aa657c488aec6512e1dd6143a480c1ecfee9b5b5cd74eb3b59e?s=96&d=mm&r=g\",\"caption\":\"CL\"},\"url\":\"https:\\\/\\\/www.webdo.tn\\\/fr\\\/actualite\\\/author\\\/cl\\\/\"}]}<\/script>\n<!-- \/ Yoast SEO Premium plugin. -->","yoast_head_json":{"title":"Massacre de l\u2019h\u00f4pital de Gaza : Isra\u00ebl accuse un tir de roquette rat\u00e9 !","description":"Au moins 500 personnes ont \u00e9t\u00e9 tu\u00e9es ce mardi dans une frappe sur l'h\u00f4pital Ahli Arab, au centre-ville de Gaza, au onzi\u00e8me jour de la guerre entre Isra\u00ebl et le...","canonical":"https:\/\/www.webdo.tn\/fr\/actualite\/international\/massacre-de-l-hopital-de-gaza-israel-accuse-un-tir-de-roquette-rate\/209417\/","og_locale":"fr_FR","og_type":"article","og_title":"Massacre de l\u2019h\u00f4pital de Gaza : Isra\u00ebl accuse un tir de roquette rat\u00e9 !","og_description":"Au moins 500 personnes ont \u00e9t\u00e9 tu\u00e9es ce mardi dans une frappe sur l'h\u00f4pital Ahli Arab, au centre-ville de Gaza, au onzi\u00e8me jour de la guerre entre Isra\u00ebl et le...","og_url":"https:\/\/www.webdo.tn\/fr\/actualite\/international\/massacre-de-l-hopital-de-gaza-israel-accuse-un-tir-de-roquette-rate\/209417\/","og_site_name":"webdo","article_publisher":"https:\/\/www.facebook.com\/webdotn","article_published_time":"2023-10-18T08:25:00+00:00","article_modified_time":"2025-05-20T22:40:19+00:00","og_image":[{"width":640,"height":341,"url":"https:\/\/www.webdo.tn\/fr\/wp-content\/uploads\/2023\/10\/c6556dabd108637edadc56d1b4b0ad39.jpeg","type":"image\/jpeg"}],"author":"CL","twitter_card":"summary_large_image","twitter_creator":"@webdo_tn","twitter_site":"@webdo_tn","twitter_misc":{"\u00c9crit par":"CL","Dur\u00e9e de lecture estim\u00e9e":"1 minute"},"schema":{"@context":"https:\/\/schema.org","@graph":[{"@type":"NewsArticle","@id":"https:\/\/www.webdo.tn\/fr\/actualite\/international\/massacre-de-l-hopital-de-gaza-israel-accuse-un-tir-de-roquette-rate\/209417\/#article","isPartOf":{"@id":"https:\/\/www.webdo.tn\/fr\/actualite\/international\/massacre-de-l-hopital-de-gaza-israel-accuse-un-tir-de-roquette-rate\/209417\/"},"author":{"name":"CL","@id":"https:\/\/www.webdo.tn\/fr\/#\/schema\/person\/f35b42a42c5e2511bbd282959d6385cc"},"headline":"Massacre de l\u2019h\u00f4pital de Gaza : Isra\u00ebl accuse un tir de roquette rat\u00e9 !","datePublished":"2023-10-18T08:25:00+00:00","dateModified":"2025-05-20T22:40:19+00:00","mainEntityOfPage":{"@id":"https:\/\/www.webdo.tn\/fr\/actualite\/international\/massacre-de-l-hopital-de-gaza-israel-accuse-un-tir-de-roquette-rate\/209417\/"},"wordCount":206,"commentCount":0,"publisher":{"@id":"https:\/\/www.webdo.tn\/fr\/#organization"},"image":{"@id":"https:\/\/www.webdo.tn\/fr\/actualite\/international\/massacre-de-l-hopital-de-gaza-israel-accuse-un-tir-de-roquette-rate\/209417\/#primaryimage"},"thumbnailUrl":"https:\/\/www.webdo.tn\/fr\/wp-content\/uploads\/2023\/10\/c6556dabd108637edadc56d1b4b0ad39.jpeg","keywords":["Gaza","H\u00f4pital","massacre","Palestine"],"articleSection":["International"],"inLanguage":"fr-FR"},{"@type":"WebPage","@id":"https:\/\/www.webdo.tn\/fr\/actualite\/international\/massacre-de-l-hopital-de-gaza-israel-accuse-un-tir-de-roquette-rate\/209417\/","url":"https:\/\/www.webdo.tn\/fr\/actualite\/international\/massacre-de-l-hopital-de-gaza-israel-accuse-un-tir-de-roquette-rate\/209417\/","name":"Massacre de l\u2019h\u00f4pital de Gaza : Isra\u00ebl accuse un tir de roquette rat\u00e9 !","isPartOf":{"@id":"https:\/\/www.webdo.tn\/fr\/#website"},"primaryImageOfPage":{"@id":"https:\/\/www.webdo.tn\/fr\/actualite\/international\/massacre-de-l-hopital-de-gaza-israel-accuse-un-tir-de-roquette-rate\/209417\/#primaryimage"},"image":{"@id":"https:\/\/www.webdo.tn\/fr\/actualite\/international\/massacre-de-l-hopital-de-gaza-israel-accuse-un-tir-de-roquette-rate\/209417\/#primaryimage"},"thumbnailUrl":"https:\/\/www.webdo.tn\/fr\/wp-content\/uploads\/2023\/10\/c6556dabd108637edadc56d1b4b0ad39.jpeg","datePublished":"2023-10-18T08:25:00+00:00","dateModified":"2025-05-20T22:40:19+00:00","description":"Au moins 500 personnes ont \u00e9t\u00e9 tu\u00e9es ce mardi dans une frappe sur l'h\u00f4pital Ahli Arab, au centre-ville de Gaza, au onzi\u00e8me jour de la guerre entre Isra\u00ebl et le...","breadcrumb":{"@id":"https:\/\/www.webdo.tn\/fr\/actualite\/international\/massacre-de-l-hopital-de-gaza-israel-accuse-un-tir-de-roquette-rate\/209417\/#breadcrumb"},"inLanguage":"fr-FR","potentialAction":[{"@type":"ReadAction","target":["https:\/\/www.webdo.tn\/fr\/actualite\/international\/massacre-de-l-hopital-de-gaza-israel-accuse-un-tir-de-roquette-rate\/209417\/"]}]},{"@type":"ImageObject","inLanguage":"fr-FR","@id":"https:\/\/www.webdo.tn\/fr\/actualite\/international\/massacre-de-l-hopital-de-gaza-israel-accuse-un-tir-de-roquette-rate\/209417\/#primaryimage","url":"https:\/\/www.webdo.tn\/fr\/wp-content\/uploads\/2023\/10\/c6556dabd108637edadc56d1b4b0ad39.jpeg","contentUrl":"https:\/\/www.webdo.tn\/fr\/wp-content\/uploads\/2023\/10\/c6556dabd108637edadc56d1b4b0ad39.jpeg","width":640,"height":341,"caption":"Massacre de l\u2019h\u00f4pital de Gaza : Isra\u00ebl accuse un tir de roquette rat\u00e9 !"},{"@type":"BreadcrumbList","@id":"https:\/\/www.webdo.tn\/fr\/actualite\/international\/massacre-de-l-hopital-de-gaza-israel-accuse-un-tir-de-roquette-rate\/209417\/#breadcrumb","itemListElement":[{"@type":"ListItem","position":1,"name":"Accueil","item":"https:\/\/www.webdo.tn\/fr\/"},{"@type":"ListItem","position":2,"name":"Massacre de l\u2019h\u00f4pital de Gaza : Isra\u00ebl accuse un tir de roquette rat\u00e9 !"}]},{"@type":"WebSite","@id":"https:\/\/www.webdo.tn\/fr\/#website","url":"https:\/\/www.webdo.tn\/fr\/","name":"webdo","description":"Tunisie - News en Tunisie et \u00e0 l&#039;international sur Webdo.tn","publisher":{"@id":"https:\/\/www.webdo.tn\/fr\/#organization"},"potentialAction":[{"@type":"SearchAction","target":{"@type":"EntryPoint","urlTemplate":"https:\/\/www.webdo.tn\/fr\/?s={search_term_string}"},"query-input":{"@type":"PropertyValueSpecification","valueRequired":true,"valueName":"search_term_string"}}],"inLanguage":"fr-FR"},{"@type":"Organization","@id":"https:\/\/www.webdo.tn\/fr\/#organization","name":"Webdo","alternateName":"Webdo.tn","url":"https:\/\/www.webdo.tn\/fr\/","logo":{"@type":"ImageObject","inLanguage":"fr-FR","@id":"https:\/\/www.webdo.tn\/fr\/#\/schema\/logo\/image\/","url":"https:\/\/www.webdo.tn\/fr\/wp-content\/uploads\/2025\/06\/Webdo-Tunisie_168377.jpg","contentUrl":"https:\/\/www.webdo.tn\/fr\/wp-content\/uploads\/2025\/06\/Webdo-Tunisie_168377.jpg","width":301,"height":301,"caption":"Webdo"},"image":{"@id":"https:\/\/www.webdo.tn\/fr\/#\/schema\/logo\/image\/"},"sameAs":["https:\/\/www.facebook.com\/webdotn","https:\/\/x.com\/webdo_tn"],"description":"Webdo est un m\u00e9dia num\u00e9rique tunisien fond\u00e9 en 2010, sp\u00e9cialis\u00e9 dans l\u2019actualit\u00e9 nationale et internationale, l\u2019\u00e9conomie, la soci\u00e9t\u00e9 et les analyses politiques. Le site s\u2019adresse \u00e0 un large public francophone et couvre l\u2019information tunisienne en temps r\u00e9el.","email":"redac@webdo.tn","legalName":"YNJ SARL","foundingDate":"2010-09-06","numberOfEmployees":{"@type":"QuantitativeValue","minValue":"11","maxValue":"50"}},{"@type":"Person","@id":"https:\/\/www.webdo.tn\/fr\/#\/schema\/person\/f35b42a42c5e2511bbd282959d6385cc","name":"CL","image":{"@type":"ImageObject","inLanguage":"fr-FR","@id":"https:\/\/secure.gravatar.com\/avatar\/1447a49909b67aa657c488aec6512e1dd6143a480c1ecfee9b5b5cd74eb3b59e?s=96&d=mm&r=g","url":"https:\/\/secure.gravatar.com\/avatar\/1447a49909b67aa657c488aec6512e1dd6143a480c1ecfee9b5b5cd74eb3b59e?s=96&d=mm&r=g","contentUrl":"https:\/\/secure.gravatar.com\/avatar\/1447a49909b67aa657c488aec6512e1dd6143a480c1ecfee9b5b5cd74eb3b59e?s=96&d=mm&r=g","caption":"CL"},"url":"https:\/\/www.webdo.tn\/fr\/actualite\/author\/cl\/"}]}},"_links":{"self":[{"href":"https:\/\/www.webdo.tn\/fr\/wp-json\/wp\/v2\/posts\/209417","targetHints":{"allow":["GET"]}}],"collection":[{"href":"https:\/\/www.webdo.tn\/fr\/wp-json\/wp\/v2\/posts"}],"about":[{"href":"https:\/\/www.webdo.tn\/fr\/wp-json\/wp\/v2\/types\/post"}],"author":[{"embeddable":true,"href":"https:\/\/www.webdo.tn\/fr\/wp-json\/wp\/v2\/users\/3175"}],"replies":[{"embeddable":true,"href":"https:\/\/www.webdo.tn\/fr\/wp-json\/wp\/v2\/comments?post=209417"}],"version-history":[{"count":0,"href":"https:\/\/www.webdo.tn\/fr\/wp-json\/wp\/v2\/posts\/209417\/revisions"}],"wp:featuredmedia":[{"embeddable":true,"href":"https:\/\/www.webdo.tn\/fr\/wp-json\/wp\/v2\/media\/249049"}],"wp:attachment":[{"href":"https:\/\/www.webdo.tn\/fr\/wp-json\/wp\/v2\/media?parent=209417"}],"wp:term":[{"taxonomy":"category","embeddable":true,"href":"https:\/\/www.webdo.tn\/fr\/wp-json\/wp\/v2\/categories?post=209417"},{"taxonomy":"post_tag","embeddable":true,"href":"https:\/\/www.webdo.tn\/fr\/wp-json\/wp\/v2\/tags?post=209417"}],"curies":[{"name":"wp","href":"https:\/\/api.w.org\/{rel}","templated":true}]}}