{"id":209416,"date":"2023-10-18T08:14:00","date_gmt":"2023-10-18T08:14:00","guid":{"rendered":"https:\/\/www.webdo.tn\/fr\/blog\/kais-saied-preside-un-conseil-de-securite-nationale-sur-la-situation-en-palestine\/209416\/"},"modified":"2025-05-20T22:40:18","modified_gmt":"2025-05-20T22:40:18","slug":"kais-saied-preside-un-conseil-de-securite-nationale-sur-la-situation-en-palestine","status":"publish","type":"post","link":"https:\/\/www.webdo.tn\/fr\/actualite\/national\/kais-saied-preside-un-conseil-de-securite-nationale-sur-la-situation-en-palestine\/209416\/","title":{"rendered":"Kais Saied pr\u00e9side un Conseil de s\u00e9curit\u00e9 nationale sur la situation en Palestine"},"content":{"rendered":"<p>A l\u2019aube de ce mercredi 18 octobre 2023, le chef de l\u2019Etat Kais Saied a pr\u00e9sid\u00e9 Conseil de s\u00e9curit\u00e9 nationale sur la situation en Palestine.<\/p>\n<p>Ka\u00efs Sa\u00efed, a appel\u00e9, dans ce sens, la communaut\u00e9 internationale \u00e0 \u00ab assumer pleinement ses responsabilit\u00e9s et \u00e0 appliquer les lois humanitaires \u00e9labor\u00e9es pour le peuple palestinien \u00bb.\u00a0<\/p>\n<p>\u00ab\u00a0Il est du droit du peuple tunisien, comme de tous les peuples libres du monde, d&rsquo;exprimer sa position constante en faveur du droit palestinien\u00a0\u00bb, a-t-il dit.\u00a0<\/p>\n<p>\u00ab\u00a0Nous ne voulons pas qu&rsquo;on s&rsquo;en prend aux Juifs.. Nous ne l&rsquo;avons jamais \u00e9t\u00e9&#8230; La question est une bataille contre le sionisme mondial, et nous ne reculerons pas sur cette position\u00a0\u00bb, a-t-il insist\u00e9.\u00a0<\/p>\n<p>La r\u00e9union d&rsquo;urgence du Conseil de s\u00e9curit\u00e9 nationale intervient apr\u00e8s les massacres commis chaque jour contre le peuple palestinien face au silence de la communaut\u00e9 internationale, notamment hier, quand plus de 500 personnes ont \u00e9t\u00e9 tu\u00e9es dans une frappe ciblant un h\u00f4pital.<\/p>\n","protected":false},"excerpt":{"rendered":"<p>A l\u2019aube de ce mercredi 18 octobre 2023, le chef de l\u2019Etat Kais Saied a pr\u00e9sid\u00e9 Conseil de s\u00e9curit\u00e9 nationale sur la situation en Palestine.<\/p>\n","protected":false},"author":3175,"featured_media":249048,"comment_status":"open","ping_status":"closed","sticky":false,"template":"","format":"standard","meta":{"footnotes":""},"categories":[44],"tags":[7732,2688,2608],"class_list":["post-209416","post","type-post","status-publish","format-standard","has-post-thumbnail","hentry","category-national","tag-conseil-de-securite-nationale","tag-palestine","tag-tunisie"],"yoast_head":"<!-- This site is optimized with the Yoast SEO Premium plugin v27.4 (Yoast SEO v27.5) - https:\/\/yoast.com\/product\/yoast-seo-premium-wordpress\/ -->\n<title>Kais Saied pr\u00e9side un Conseil de s\u00e9curit\u00e9 nationale sur la situation en Palestine<\/title>\n<meta name=\"description\" content=\"A l\u2019aube de ce mercredi 18 octobre 2023, le chef de l\u2019Etat Kais Saied a pr\u00e9sid\u00e9 Conseil de s\u00e9curit\u00e9 nationale sur la situation en Palestine.\" \/>\n<link rel=\"canonical\" href=\"https:\/\/www.webdo.tn\/fr\/actualite\/national\/kais-saied-preside-un-conseil-de-securite-nationale-sur-la-situation-en-palestine\/209416\/\" \/>\n<meta property=\"og:locale\" content=\"fr_FR\" \/>\n<meta property=\"og:type\" content=\"article\" \/>\n<meta property=\"og:title\" content=\"Kais Saied pr\u00e9side un Conseil de s\u00e9curit\u00e9 nationale sur la situation en Palestine\" \/>\n<meta property=\"og:description\" content=\"A l\u2019aube de ce mercredi 18 octobre 2023, le chef de l\u2019Etat Kais Saied a pr\u00e9sid\u00e9 Conseil de s\u00e9curit\u00e9 nationale sur la situation en Palestine.\" \/>\n<meta property=\"og:url\" content=\"https:\/\/www.webdo.tn\/fr\/actualite\/national\/kais-saied-preside-un-conseil-de-securite-nationale-sur-la-situation-en-palestine\/209416\/\" \/>\n<meta property=\"og:site_name\" content=\"webdo\" \/>\n<meta property=\"article:publisher\" content=\"https:\/\/www.facebook.com\/webdotn\" \/>\n<meta property=\"article:published_time\" content=\"2023-10-18T08:14:00+00:00\" \/>\n<meta property=\"article:modified_time\" content=\"2025-05-20T22:40:18+00:00\" \/>\n<meta property=\"og:image\" content=\"https:\/\/www.webdo.tn\/fr\/wp-content\/uploads\/2023\/10\/1117d5339f43a79b89135bf3e1d99c18.png\" \/>\n\t<meta property=\"og:image:width\" content=\"750\" \/>\n\t<meta property=\"og:image:height\" content=\"400\" \/>\n\t<meta property=\"og:image:type\" content=\"image\/png\" \/>\n<meta name=\"author\" content=\"CL\" \/>\n<meta name=\"twitter:card\" content=\"summary_large_image\" \/>\n<meta name=\"twitter:creator\" content=\"@webdo_tn\" \/>\n<meta name=\"twitter:site\" content=\"@webdo_tn\" \/>\n<meta name=\"twitter:label1\" content=\"\u00c9crit par\" \/>\n\t<meta name=\"twitter:data1\" content=\"CL\" \/>\n\t<meta name=\"twitter:label2\" content=\"Dur\u00e9e de lecture estim\u00e9e\" \/>\n\t<meta name=\"twitter:data2\" content=\"1 minute\" \/>\n<script type=\"application\/ld+json\" class=\"yoast-schema-graph\">{\"@context\":\"https:\\\/\\\/schema.org\",\"@graph\":[{\"@type\":\"NewsArticle\",\"@id\":\"https:\\\/\\\/www.webdo.tn\\\/fr\\\/actualite\\\/national\\\/kais-saied-preside-un-conseil-de-securite-nationale-sur-la-situation-en-palestine\\\/209416\\\/#article\",\"isPartOf\":{\"@id\":\"https:\\\/\\\/www.webdo.tn\\\/fr\\\/actualite\\\/national\\\/kais-saied-preside-un-conseil-de-securite-nationale-sur-la-situation-en-palestine\\\/209416\\\/\"},\"author\":{\"name\":\"CL\",\"@id\":\"https:\\\/\\\/www.webdo.tn\\\/fr\\\/#\\\/schema\\\/person\\\/f35b42a42c5e2511bbd282959d6385cc\"},\"headline\":\"Kais Saied pr\u00e9side un Conseil de s\u00e9curit\u00e9 nationale sur la situation en Palestine\",\"datePublished\":\"2023-10-18T08:14:00+00:00\",\"dateModified\":\"2025-05-20T22:40:18+00:00\",\"mainEntityOfPage\":{\"@id\":\"https:\\\/\\\/www.webdo.tn\\\/fr\\\/actualite\\\/national\\\/kais-saied-preside-un-conseil-de-securite-nationale-sur-la-situation-en-palestine\\\/209416\\\/\"},\"wordCount\":180,\"commentCount\":0,\"publisher\":{\"@id\":\"https:\\\/\\\/www.webdo.tn\\\/fr\\\/#organization\"},\"image\":{\"@id\":\"https:\\\/\\\/www.webdo.tn\\\/fr\\\/actualite\\\/national\\\/kais-saied-preside-un-conseil-de-securite-nationale-sur-la-situation-en-palestine\\\/209416\\\/#primaryimage\"},\"thumbnailUrl\":\"https:\\\/\\\/www.webdo.tn\\\/fr\\\/wp-content\\\/uploads\\\/2023\\\/10\\\/1117d5339f43a79b89135bf3e1d99c18.png\",\"keywords\":[\"Conseil de s\u00e9curit\u00e9 nationale\",\"Palestine\",\"Tunisie\"],\"articleSection\":[\"National\"],\"inLanguage\":\"fr-FR\"},{\"@type\":\"WebPage\",\"@id\":\"https:\\\/\\\/www.webdo.tn\\\/fr\\\/actualite\\\/national\\\/kais-saied-preside-un-conseil-de-securite-nationale-sur-la-situation-en-palestine\\\/209416\\\/\",\"url\":\"https:\\\/\\\/www.webdo.tn\\\/fr\\\/actualite\\\/national\\\/kais-saied-preside-un-conseil-de-securite-nationale-sur-la-situation-en-palestine\\\/209416\\\/\",\"name\":\"Kais Saied pr\u00e9side un Conseil de s\u00e9curit\u00e9 nationale sur la situation en Palestine\",\"isPartOf\":{\"@id\":\"https:\\\/\\\/www.webdo.tn\\\/fr\\\/#website\"},\"primaryImageOfPage\":{\"@id\":\"https:\\\/\\\/www.webdo.tn\\\/fr\\\/actualite\\\/national\\\/kais-saied-preside-un-conseil-de-securite-nationale-sur-la-situation-en-palestine\\\/209416\\\/#primaryimage\"},\"image\":{\"@id\":\"https:\\\/\\\/www.webdo.tn\\\/fr\\\/actualite\\\/national\\\/kais-saied-preside-un-conseil-de-securite-nationale-sur-la-situation-en-palestine\\\/209416\\\/#primaryimage\"},\"thumbnailUrl\":\"https:\\\/\\\/www.webdo.tn\\\/fr\\\/wp-content\\\/uploads\\\/2023\\\/10\\\/1117d5339f43a79b89135bf3e1d99c18.png\",\"datePublished\":\"2023-10-18T08:14:00+00:00\",\"dateModified\":\"2025-05-20T22:40:18+00:00\",\"description\":\"A l\u2019aube de ce mercredi 18 octobre 2023, le chef de l\u2019Etat Kais Saied a pr\u00e9sid\u00e9 Conseil de s\u00e9curit\u00e9 nationale sur la situation en Palestine.\",\"breadcrumb\":{\"@id\":\"https:\\\/\\\/www.webdo.tn\\\/fr\\\/actualite\\\/national\\\/kais-saied-preside-un-conseil-de-securite-nationale-sur-la-situation-en-palestine\\\/209416\\\/#breadcrumb\"},\"inLanguage\":\"fr-FR\",\"potentialAction\":[{\"@type\":\"ReadAction\",\"target\":[\"https:\\\/\\\/www.webdo.tn\\\/fr\\\/actualite\\\/national\\\/kais-saied-preside-un-conseil-de-securite-nationale-sur-la-situation-en-palestine\\\/209416\\\/\"]}]},{\"@type\":\"ImageObject\",\"inLanguage\":\"fr-FR\",\"@id\":\"https:\\\/\\\/www.webdo.tn\\\/fr\\\/actualite\\\/national\\\/kais-saied-preside-un-conseil-de-securite-nationale-sur-la-situation-en-palestine\\\/209416\\\/#primaryimage\",\"url\":\"https:\\\/\\\/www.webdo.tn\\\/fr\\\/wp-content\\\/uploads\\\/2023\\\/10\\\/1117d5339f43a79b89135bf3e1d99c18.png\",\"contentUrl\":\"https:\\\/\\\/www.webdo.tn\\\/fr\\\/wp-content\\\/uploads\\\/2023\\\/10\\\/1117d5339f43a79b89135bf3e1d99c18.png\",\"width\":750,\"height\":400,\"caption\":\"Kais Saied pr\u00e9side un Conseil de s\u00e9curit\u00e9 nationale sur la situation en Palestine\"},{\"@type\":\"BreadcrumbList\",\"@id\":\"https:\\\/\\\/www.webdo.tn\\\/fr\\\/actualite\\\/national\\\/kais-saied-preside-un-conseil-de-securite-nationale-sur-la-situation-en-palestine\\\/209416\\\/#breadcrumb\",\"itemListElement\":[{\"@type\":\"ListItem\",\"position\":1,\"name\":\"Accueil\",\"item\":\"https:\\\/\\\/www.webdo.tn\\\/fr\\\/\"},{\"@type\":\"ListItem\",\"position\":2,\"name\":\"Kais Saied pr\u00e9side un Conseil de s\u00e9curit\u00e9 nationale sur la situation en Palestine\"}]},{\"@type\":\"WebSite\",\"@id\":\"https:\\\/\\\/www.webdo.tn\\\/fr\\\/#website\",\"url\":\"https:\\\/\\\/www.webdo.tn\\\/fr\\\/\",\"name\":\"webdo\",\"description\":\"Tunisie - News en Tunisie et \u00e0 l&#039;international sur Webdo.tn\",\"publisher\":{\"@id\":\"https:\\\/\\\/www.webdo.tn\\\/fr\\\/#organization\"},\"potentialAction\":[{\"@type\":\"SearchAction\",\"target\":{\"@type\":\"EntryPoint\",\"urlTemplate\":\"https:\\\/\\\/www.webdo.tn\\\/fr\\\/?s={search_term_string}\"},\"query-input\":{\"@type\":\"PropertyValueSpecification\",\"valueRequired\":true,\"valueName\":\"search_term_string\"}}],\"inLanguage\":\"fr-FR\"},{\"@type\":\"Organization\",\"@id\":\"https:\\\/\\\/www.webdo.tn\\\/fr\\\/#organization\",\"name\":\"Webdo\",\"alternateName\":\"Webdo.tn\",\"url\":\"https:\\\/\\\/www.webdo.tn\\\/fr\\\/\",\"logo\":{\"@type\":\"ImageObject\",\"inLanguage\":\"fr-FR\",\"@id\":\"https:\\\/\\\/www.webdo.tn\\\/fr\\\/#\\\/schema\\\/logo\\\/image\\\/\",\"url\":\"https:\\\/\\\/www.webdo.tn\\\/fr\\\/wp-content\\\/uploads\\\/2025\\\/06\\\/Webdo-Tunisie_168377.jpg\",\"contentUrl\":\"https:\\\/\\\/www.webdo.tn\\\/fr\\\/wp-content\\\/uploads\\\/2025\\\/06\\\/Webdo-Tunisie_168377.jpg\",\"width\":301,\"height\":301,\"caption\":\"Webdo\"},\"image\":{\"@id\":\"https:\\\/\\\/www.webdo.tn\\\/fr\\\/#\\\/schema\\\/logo\\\/image\\\/\"},\"sameAs\":[\"https:\\\/\\\/www.facebook.com\\\/webdotn\",\"https:\\\/\\\/x.com\\\/webdo_tn\"],\"description\":\"Webdo est un m\u00e9dia num\u00e9rique tunisien fond\u00e9 en 2010, sp\u00e9cialis\u00e9 dans l\u2019actualit\u00e9 nationale et internationale, l\u2019\u00e9conomie, la soci\u00e9t\u00e9 et les analyses politiques. Le site s\u2019adresse \u00e0 un large public francophone et couvre l\u2019information tunisienne en temps r\u00e9el.\",\"email\":\"redac@webdo.tn\",\"legalName\":\"YNJ SARL\",\"foundingDate\":\"2010-09-06\",\"numberOfEmployees\":{\"@type\":\"QuantitativeValue\",\"minValue\":\"11\",\"maxValue\":\"50\"}},{\"@type\":\"Person\",\"@id\":\"https:\\\/\\\/www.webdo.tn\\\/fr\\\/#\\\/schema\\\/person\\\/f35b42a42c5e2511bbd282959d6385cc\",\"name\":\"CL\",\"image\":{\"@type\":\"ImageObject\",\"inLanguage\":\"fr-FR\",\"@id\":\"https:\\\/\\\/secure.gravatar.com\\\/avatar\\\/1447a49909b67aa657c488aec6512e1dd6143a480c1ecfee9b5b5cd74eb3b59e?s=96&d=mm&r=g\",\"url\":\"https:\\\/\\\/secure.gravatar.com\\\/avatar\\\/1447a49909b67aa657c488aec6512e1dd6143a480c1ecfee9b5b5cd74eb3b59e?s=96&d=mm&r=g\",\"contentUrl\":\"https:\\\/\\\/secure.gravatar.com\\\/avatar\\\/1447a49909b67aa657c488aec6512e1dd6143a480c1ecfee9b5b5cd74eb3b59e?s=96&d=mm&r=g\",\"caption\":\"CL\"},\"url\":\"https:\\\/\\\/www.webdo.tn\\\/fr\\\/actualite\\\/author\\\/cl\\\/\"}]}<\/script>\n<!-- \/ Yoast SEO Premium plugin. -->","yoast_head_json":{"title":"Kais Saied pr\u00e9side un Conseil de s\u00e9curit\u00e9 nationale sur la situation en Palestine","description":"A l\u2019aube de ce mercredi 18 octobre 2023, le chef de l\u2019Etat Kais Saied a pr\u00e9sid\u00e9 Conseil de s\u00e9curit\u00e9 nationale sur la situation en Palestine.","canonical":"https:\/\/www.webdo.tn\/fr\/actualite\/national\/kais-saied-preside-un-conseil-de-securite-nationale-sur-la-situation-en-palestine\/209416\/","og_locale":"fr_FR","og_type":"article","og_title":"Kais Saied pr\u00e9side un Conseil de s\u00e9curit\u00e9 nationale sur la situation en Palestine","og_description":"A l\u2019aube de ce mercredi 18 octobre 2023, le chef de l\u2019Etat Kais Saied a pr\u00e9sid\u00e9 Conseil de s\u00e9curit\u00e9 nationale sur la situation en Palestine.","og_url":"https:\/\/www.webdo.tn\/fr\/actualite\/national\/kais-saied-preside-un-conseil-de-securite-nationale-sur-la-situation-en-palestine\/209416\/","og_site_name":"webdo","article_publisher":"https:\/\/www.facebook.com\/webdotn","article_published_time":"2023-10-18T08:14:00+00:00","article_modified_time":"2025-05-20T22:40:18+00:00","og_image":[{"width":750,"height":400,"url":"https:\/\/www.webdo.tn\/fr\/wp-content\/uploads\/2023\/10\/1117d5339f43a79b89135bf3e1d99c18.png","type":"image\/png"}],"author":"CL","twitter_card":"summary_large_image","twitter_creator":"@webdo_tn","twitter_site":"@webdo_tn","twitter_misc":{"\u00c9crit par":"CL","Dur\u00e9e de lecture estim\u00e9e":"1 minute"},"schema":{"@context":"https:\/\/schema.org","@graph":[{"@type":"NewsArticle","@id":"https:\/\/www.webdo.tn\/fr\/actualite\/national\/kais-saied-preside-un-conseil-de-securite-nationale-sur-la-situation-en-palestine\/209416\/#article","isPartOf":{"@id":"https:\/\/www.webdo.tn\/fr\/actualite\/national\/kais-saied-preside-un-conseil-de-securite-nationale-sur-la-situation-en-palestine\/209416\/"},"author":{"name":"CL","@id":"https:\/\/www.webdo.tn\/fr\/#\/schema\/person\/f35b42a42c5e2511bbd282959d6385cc"},"headline":"Kais Saied pr\u00e9side un Conseil de s\u00e9curit\u00e9 nationale sur la situation en Palestine","datePublished":"2023-10-18T08:14:00+00:00","dateModified":"2025-05-20T22:40:18+00:00","mainEntityOfPage":{"@id":"https:\/\/www.webdo.tn\/fr\/actualite\/national\/kais-saied-preside-un-conseil-de-securite-nationale-sur-la-situation-en-palestine\/209416\/"},"wordCount":180,"commentCount":0,"publisher":{"@id":"https:\/\/www.webdo.tn\/fr\/#organization"},"image":{"@id":"https:\/\/www.webdo.tn\/fr\/actualite\/national\/kais-saied-preside-un-conseil-de-securite-nationale-sur-la-situation-en-palestine\/209416\/#primaryimage"},"thumbnailUrl":"https:\/\/www.webdo.tn\/fr\/wp-content\/uploads\/2023\/10\/1117d5339f43a79b89135bf3e1d99c18.png","keywords":["Conseil de s\u00e9curit\u00e9 nationale","Palestine","Tunisie"],"articleSection":["National"],"inLanguage":"fr-FR"},{"@type":"WebPage","@id":"https:\/\/www.webdo.tn\/fr\/actualite\/national\/kais-saied-preside-un-conseil-de-securite-nationale-sur-la-situation-en-palestine\/209416\/","url":"https:\/\/www.webdo.tn\/fr\/actualite\/national\/kais-saied-preside-un-conseil-de-securite-nationale-sur-la-situation-en-palestine\/209416\/","name":"Kais Saied pr\u00e9side un Conseil de s\u00e9curit\u00e9 nationale sur la situation en Palestine","isPartOf":{"@id":"https:\/\/www.webdo.tn\/fr\/#website"},"primaryImageOfPage":{"@id":"https:\/\/www.webdo.tn\/fr\/actualite\/national\/kais-saied-preside-un-conseil-de-securite-nationale-sur-la-situation-en-palestine\/209416\/#primaryimage"},"image":{"@id":"https:\/\/www.webdo.tn\/fr\/actualite\/national\/kais-saied-preside-un-conseil-de-securite-nationale-sur-la-situation-en-palestine\/209416\/#primaryimage"},"thumbnailUrl":"https:\/\/www.webdo.tn\/fr\/wp-content\/uploads\/2023\/10\/1117d5339f43a79b89135bf3e1d99c18.png","datePublished":"2023-10-18T08:14:00+00:00","dateModified":"2025-05-20T22:40:18+00:00","description":"A l\u2019aube de ce mercredi 18 octobre 2023, le chef de l\u2019Etat Kais Saied a pr\u00e9sid\u00e9 Conseil de s\u00e9curit\u00e9 nationale sur la situation en Palestine.","breadcrumb":{"@id":"https:\/\/www.webdo.tn\/fr\/actualite\/national\/kais-saied-preside-un-conseil-de-securite-nationale-sur-la-situation-en-palestine\/209416\/#breadcrumb"},"inLanguage":"fr-FR","potentialAction":[{"@type":"ReadAction","target":["https:\/\/www.webdo.tn\/fr\/actualite\/national\/kais-saied-preside-un-conseil-de-securite-nationale-sur-la-situation-en-palestine\/209416\/"]}]},{"@type":"ImageObject","inLanguage":"fr-FR","@id":"https:\/\/www.webdo.tn\/fr\/actualite\/national\/kais-saied-preside-un-conseil-de-securite-nationale-sur-la-situation-en-palestine\/209416\/#primaryimage","url":"https:\/\/www.webdo.tn\/fr\/wp-content\/uploads\/2023\/10\/1117d5339f43a79b89135bf3e1d99c18.png","contentUrl":"https:\/\/www.webdo.tn\/fr\/wp-content\/uploads\/2023\/10\/1117d5339f43a79b89135bf3e1d99c18.png","width":750,"height":400,"caption":"Kais Saied pr\u00e9side un Conseil de s\u00e9curit\u00e9 nationale sur la situation en Palestine"},{"@type":"BreadcrumbList","@id":"https:\/\/www.webdo.tn\/fr\/actualite\/national\/kais-saied-preside-un-conseil-de-securite-nationale-sur-la-situation-en-palestine\/209416\/#breadcrumb","itemListElement":[{"@type":"ListItem","position":1,"name":"Accueil","item":"https:\/\/www.webdo.tn\/fr\/"},{"@type":"ListItem","position":2,"name":"Kais Saied pr\u00e9side un Conseil de s\u00e9curit\u00e9 nationale sur la situation en Palestine"}]},{"@type":"WebSite","@id":"https:\/\/www.webdo.tn\/fr\/#website","url":"https:\/\/www.webdo.tn\/fr\/","name":"webdo","description":"Tunisie - News en Tunisie et \u00e0 l&#039;international sur Webdo.tn","publisher":{"@id":"https:\/\/www.webdo.tn\/fr\/#organization"},"potentialAction":[{"@type":"SearchAction","target":{"@type":"EntryPoint","urlTemplate":"https:\/\/www.webdo.tn\/fr\/?s={search_term_string}"},"query-input":{"@type":"PropertyValueSpecification","valueRequired":true,"valueName":"search_term_string"}}],"inLanguage":"fr-FR"},{"@type":"Organization","@id":"https:\/\/www.webdo.tn\/fr\/#organization","name":"Webdo","alternateName":"Webdo.tn","url":"https:\/\/www.webdo.tn\/fr\/","logo":{"@type":"ImageObject","inLanguage":"fr-FR","@id":"https:\/\/www.webdo.tn\/fr\/#\/schema\/logo\/image\/","url":"https:\/\/www.webdo.tn\/fr\/wp-content\/uploads\/2025\/06\/Webdo-Tunisie_168377.jpg","contentUrl":"https:\/\/www.webdo.tn\/fr\/wp-content\/uploads\/2025\/06\/Webdo-Tunisie_168377.jpg","width":301,"height":301,"caption":"Webdo"},"image":{"@id":"https:\/\/www.webdo.tn\/fr\/#\/schema\/logo\/image\/"},"sameAs":["https:\/\/www.facebook.com\/webdotn","https:\/\/x.com\/webdo_tn"],"description":"Webdo est un m\u00e9dia num\u00e9rique tunisien fond\u00e9 en 2010, sp\u00e9cialis\u00e9 dans l\u2019actualit\u00e9 nationale et internationale, l\u2019\u00e9conomie, la soci\u00e9t\u00e9 et les analyses politiques. Le site s\u2019adresse \u00e0 un large public francophone et couvre l\u2019information tunisienne en temps r\u00e9el.","email":"redac@webdo.tn","legalName":"YNJ SARL","foundingDate":"2010-09-06","numberOfEmployees":{"@type":"QuantitativeValue","minValue":"11","maxValue":"50"}},{"@type":"Person","@id":"https:\/\/www.webdo.tn\/fr\/#\/schema\/person\/f35b42a42c5e2511bbd282959d6385cc","name":"CL","image":{"@type":"ImageObject","inLanguage":"fr-FR","@id":"https:\/\/secure.gravatar.com\/avatar\/1447a49909b67aa657c488aec6512e1dd6143a480c1ecfee9b5b5cd74eb3b59e?s=96&d=mm&r=g","url":"https:\/\/secure.gravatar.com\/avatar\/1447a49909b67aa657c488aec6512e1dd6143a480c1ecfee9b5b5cd74eb3b59e?s=96&d=mm&r=g","contentUrl":"https:\/\/secure.gravatar.com\/avatar\/1447a49909b67aa657c488aec6512e1dd6143a480c1ecfee9b5b5cd74eb3b59e?s=96&d=mm&r=g","caption":"CL"},"url":"https:\/\/www.webdo.tn\/fr\/actualite\/author\/cl\/"}]}},"_links":{"self":[{"href":"https:\/\/www.webdo.tn\/fr\/wp-json\/wp\/v2\/posts\/209416","targetHints":{"allow":["GET"]}}],"collection":[{"href":"https:\/\/www.webdo.tn\/fr\/wp-json\/wp\/v2\/posts"}],"about":[{"href":"https:\/\/www.webdo.tn\/fr\/wp-json\/wp\/v2\/types\/post"}],"author":[{"embeddable":true,"href":"https:\/\/www.webdo.tn\/fr\/wp-json\/wp\/v2\/users\/3175"}],"replies":[{"embeddable":true,"href":"https:\/\/www.webdo.tn\/fr\/wp-json\/wp\/v2\/comments?post=209416"}],"version-history":[{"count":0,"href":"https:\/\/www.webdo.tn\/fr\/wp-json\/wp\/v2\/posts\/209416\/revisions"}],"wp:featuredmedia":[{"embeddable":true,"href":"https:\/\/www.webdo.tn\/fr\/wp-json\/wp\/v2\/media\/249048"}],"wp:attachment":[{"href":"https:\/\/www.webdo.tn\/fr\/wp-json\/wp\/v2\/media?parent=209416"}],"wp:term":[{"taxonomy":"category","embeddable":true,"href":"https:\/\/www.webdo.tn\/fr\/wp-json\/wp\/v2\/categories?post=209416"},{"taxonomy":"post_tag","embeddable":true,"href":"https:\/\/www.webdo.tn\/fr\/wp-json\/wp\/v2\/tags?post=209416"}],"curies":[{"name":"wp","href":"https:\/\/api.w.org\/{rel}","templated":true}]}}