{"id":209413,"date":"2023-10-17T22:51:00","date_gmt":"2023-10-17T22:51:00","guid":{"rendered":"https:\/\/www.webdo.tn\/fr\/blog\/massacre-a-gaza-vague-de-colere-dans-le-monde-arabe\/209413\/"},"modified":"2025-05-20T21:56:46","modified_gmt":"2025-05-20T21:56:46","slug":"massacre-a-gaza-vague-de-colere-dans-le-monde-arabe","status":"publish","type":"post","link":"https:\/\/www.webdo.tn\/fr\/actualite\/international\/massacre-a-gaza-vague-de-colere-dans-le-monde-arabe\/209413\/","title":{"rendered":"Massacre \u00e0 Gaza : Vague de col\u00e8re dans le monde arabe"},"content":{"rendered":"<p>Au moins 500 Palestiniens sont morts ce mardi 17 octobre, selon le Hamas, apr\u00e8s une frappe a\u00e9rienne sur l\u2019h\u00f4pital Ahli Arab, situ\u00e9 dans le centre-ville de Gaza. Un massacre qui a provoqu\u00e9 la col\u00e8re du monde arabe.<\/p>\n<p>\t\t\t\t\t\t\t\t\tCe mardi soir, plusieurs repr\u00e9sentants d&rsquo;institutions internationales ont condamn\u00e9 une frappe ayant touch\u00e9 un h\u00f4pital de Gaza et fait au moins 500 morts selon un bilan du minist\u00e8re de la Sant\u00e9 du Hamas, qui accuse Isra\u00ebl.<\/p>\n<p>Ce massacre survient \u00e0 la veille d&rsquo;une visite en Isra\u00ebl du pr\u00e9sident am\u00e9ricain Joe Biden et au onzi\u00e8me jour de la guerre entre le Hamas et Isra\u00ebl.<\/p>\n<p>Le pr\u00e9sident de l&rsquo;Autorit\u00e9 palestinienne Mahmoud Abbas a d\u00e9cr\u00e9t\u00e9 un deuil de trois jours dans les Territoires palestiniens. Il a d&rsquo;ailleurs annul\u00e9 sa rencontre pr\u00e9vue mercredi avec le pr\u00e9sident am\u00e9ricain Joe Biden, le roi de Jordanie Abdallah II et le pr\u00e9sident \u00e9gyptien Abdel Fattah al-Sissi \u00e0 Amman.<\/p>\n<p>Cette trag\u00e9die a provoqu\u00e9 la col\u00e8re des pays du monde arabe o\u00f9 des manifestations se sont d\u00e9clench\u00e9es devant plusieurs ambassades et consulats.<\/p>\n<p>Dans la soir\u00e9e, des dizaines de manifestants ont tent\u00e9 de p\u00e9n\u00e9trer dans l&rsquo;enceinte de l&rsquo;ambassade d&rsquo;Isra\u00ebl \u00e0 Amman, en Jordanie, pour exprimer leur col\u00e8re. Les manifestants ont contourn\u00e9 la barri\u00e8re des forces de s\u00e9curit\u00e9 et avanc\u00e9 vers l&rsquo;enceinte de l&rsquo;ambassade. Les forces de s\u00e9curit\u00e9 ont tir\u00e9 des gaz lacrymog\u00e8nes pour les disperser.<\/p>\n<p>Des centaines de manifestants se sont \u00e9galement rassembl\u00e9s devant l&rsquo;ambassade de France \u00e0 Tunis. Une foule importante s&rsquo;est aussi rassembl\u00e9e devant le consulat isra\u00e9lien \u00e0 Istanbul. D\u2019autre manifestations ont eu lieu au Maroc, en Mauritanie, etc.<\/p>\n<p>Alors que le Hamas a d\u00e9nonc\u00e9 un raid isra\u00e9lien sur Gaza, l&rsquo;arm\u00e9e isra\u00e9lienne a d\u00e9menti \u00eatre \u00e0 l&rsquo;origine de cette frappe et l&rsquo;a attribu\u00e9 \u00e0 l&rsquo;organisation palestinienne Jihad islamique.<\/p>\n","protected":false},"excerpt":{"rendered":"<p>Au moins 500 Palestiniens sont morts ce mardi 17 octobre, selon le Hamas, apr\u00e8s une frappe a\u00e9rienne sur l\u2019h\u00f4pital Ahli Arab, situ\u00e9 dans le centre-ville de Gaza&#8230;.<\/p>\n","protected":false},"author":3162,"featured_media":249046,"comment_status":"open","ping_status":"closed","sticky":false,"template":"","format":"standard","meta":{"footnotes":""},"categories":[2598],"tags":[2689,2636,5948],"class_list":["post-209413","post","type-post","status-publish","format-standard","has-post-thumbnail","hentry","category-international","tag-gaza","tag-israel","tag-massacre"],"yoast_head":"<!-- This site is optimized with the Yoast SEO Premium plugin v27.5 (Yoast SEO v27.5) - https:\/\/yoast.com\/product\/yoast-seo-premium-wordpress\/ -->\n<title>Massacre \u00e0 Gaza : Vague de col\u00e8re dans le monde arabe<\/title>\n<meta name=\"description\" content=\"Au moins 500 Palestiniens sont morts ce mardi 17 octobre, selon le Hamas, apr\u00e8s une frappe a\u00e9rienne sur l\u2019h\u00f4pital Ahli Arab, situ\u00e9 dans le centre-ville de Gaza....\" \/>\n<link rel=\"canonical\" href=\"https:\/\/www.webdo.tn\/fr\/actualite\/international\/massacre-a-gaza-vague-de-colere-dans-le-monde-arabe\/209413\/\" \/>\n<meta property=\"og:locale\" content=\"fr_FR\" \/>\n<meta property=\"og:type\" content=\"article\" \/>\n<meta property=\"og:title\" content=\"Massacre \u00e0 Gaza : Vague de col\u00e8re dans le monde arabe\" \/>\n<meta property=\"og:description\" content=\"Au moins 500 Palestiniens sont morts ce mardi 17 octobre, selon le Hamas, apr\u00e8s une frappe a\u00e9rienne sur l\u2019h\u00f4pital Ahli Arab, situ\u00e9 dans le centre-ville de Gaza....\" \/>\n<meta property=\"og:url\" content=\"https:\/\/www.webdo.tn\/fr\/actualite\/international\/massacre-a-gaza-vague-de-colere-dans-le-monde-arabe\/209413\/\" \/>\n<meta property=\"og:site_name\" content=\"webdo\" \/>\n<meta property=\"article:publisher\" content=\"https:\/\/www.facebook.com\/webdotn\" \/>\n<meta property=\"article:published_time\" content=\"2023-10-17T22:51:00+00:00\" \/>\n<meta property=\"article:modified_time\" content=\"2025-05-20T21:56:46+00:00\" \/>\n<meta property=\"og:image\" content=\"https:\/\/www.webdo.tn\/fr\/wp-content\/uploads\/2023\/10\/84848d6bd9025e3e1a5947cf6bdc3d89.png\" \/>\n\t<meta property=\"og:image:width\" content=\"744\" \/>\n\t<meta property=\"og:image:height\" content=\"397\" \/>\n\t<meta property=\"og:image:type\" content=\"image\/png\" \/>\n<meta name=\"author\" content=\"MC\" \/>\n<meta name=\"twitter:card\" content=\"summary_large_image\" \/>\n<meta name=\"twitter:creator\" content=\"@webdo_tn\" \/>\n<meta name=\"twitter:site\" content=\"@webdo_tn\" \/>\n<meta name=\"twitter:label1\" content=\"\u00c9crit par\" \/>\n\t<meta name=\"twitter:data1\" content=\"MC\" \/>\n\t<meta name=\"twitter:label2\" content=\"Dur\u00e9e de lecture estim\u00e9e\" \/>\n\t<meta name=\"twitter:data2\" content=\"2 minutes\" \/>\n<script type=\"application\/ld+json\" class=\"yoast-schema-graph\">{\"@context\":\"https:\\\/\\\/schema.org\",\"@graph\":[{\"@type\":\"NewsArticle\",\"@id\":\"https:\\\/\\\/www.webdo.tn\\\/fr\\\/actualite\\\/international\\\/massacre-a-gaza-vague-de-colere-dans-le-monde-arabe\\\/209413\\\/#article\",\"isPartOf\":{\"@id\":\"https:\\\/\\\/www.webdo.tn\\\/fr\\\/actualite\\\/international\\\/massacre-a-gaza-vague-de-colere-dans-le-monde-arabe\\\/209413\\\/\"},\"author\":{\"name\":\"MC\",\"@id\":\"https:\\\/\\\/www.webdo.tn\\\/fr\\\/#\\\/schema\\\/person\\\/2c4929cbf5a809e3bd38617c6ce150f6\"},\"headline\":\"Massacre \u00e0 Gaza : Vague de col\u00e8re dans le monde arabe\",\"datePublished\":\"2023-10-17T22:51:00+00:00\",\"dateModified\":\"2025-05-20T21:56:46+00:00\",\"mainEntityOfPage\":{\"@id\":\"https:\\\/\\\/www.webdo.tn\\\/fr\\\/actualite\\\/international\\\/massacre-a-gaza-vague-de-colere-dans-le-monde-arabe\\\/209413\\\/\"},\"wordCount\":344,\"commentCount\":0,\"publisher\":{\"@id\":\"https:\\\/\\\/www.webdo.tn\\\/fr\\\/#organization\"},\"image\":{\"@id\":\"https:\\\/\\\/www.webdo.tn\\\/fr\\\/actualite\\\/international\\\/massacre-a-gaza-vague-de-colere-dans-le-monde-arabe\\\/209413\\\/#primaryimage\"},\"thumbnailUrl\":\"https:\\\/\\\/www.webdo.tn\\\/fr\\\/wp-content\\\/uploads\\\/2023\\\/10\\\/84848d6bd9025e3e1a5947cf6bdc3d89.png\",\"keywords\":[\"Gaza\",\"isra\u00ebl\",\"massacre\"],\"articleSection\":[\"International\"],\"inLanguage\":\"fr-FR\"},{\"@type\":\"WebPage\",\"@id\":\"https:\\\/\\\/www.webdo.tn\\\/fr\\\/actualite\\\/international\\\/massacre-a-gaza-vague-de-colere-dans-le-monde-arabe\\\/209413\\\/\",\"url\":\"https:\\\/\\\/www.webdo.tn\\\/fr\\\/actualite\\\/international\\\/massacre-a-gaza-vague-de-colere-dans-le-monde-arabe\\\/209413\\\/\",\"name\":\"Massacre \u00e0 Gaza : Vague de col\u00e8re dans le monde arabe\",\"isPartOf\":{\"@id\":\"https:\\\/\\\/www.webdo.tn\\\/fr\\\/#website\"},\"primaryImageOfPage\":{\"@id\":\"https:\\\/\\\/www.webdo.tn\\\/fr\\\/actualite\\\/international\\\/massacre-a-gaza-vague-de-colere-dans-le-monde-arabe\\\/209413\\\/#primaryimage\"},\"image\":{\"@id\":\"https:\\\/\\\/www.webdo.tn\\\/fr\\\/actualite\\\/international\\\/massacre-a-gaza-vague-de-colere-dans-le-monde-arabe\\\/209413\\\/#primaryimage\"},\"thumbnailUrl\":\"https:\\\/\\\/www.webdo.tn\\\/fr\\\/wp-content\\\/uploads\\\/2023\\\/10\\\/84848d6bd9025e3e1a5947cf6bdc3d89.png\",\"datePublished\":\"2023-10-17T22:51:00+00:00\",\"dateModified\":\"2025-05-20T21:56:46+00:00\",\"description\":\"Au moins 500 Palestiniens sont morts ce mardi 17 octobre, selon le Hamas, apr\u00e8s une frappe a\u00e9rienne sur l\u2019h\u00f4pital Ahli Arab, situ\u00e9 dans le centre-ville de Gaza....\",\"breadcrumb\":{\"@id\":\"https:\\\/\\\/www.webdo.tn\\\/fr\\\/actualite\\\/international\\\/massacre-a-gaza-vague-de-colere-dans-le-monde-arabe\\\/209413\\\/#breadcrumb\"},\"inLanguage\":\"fr-FR\",\"potentialAction\":[{\"@type\":\"ReadAction\",\"target\":[\"https:\\\/\\\/www.webdo.tn\\\/fr\\\/actualite\\\/international\\\/massacre-a-gaza-vague-de-colere-dans-le-monde-arabe\\\/209413\\\/\"]}]},{\"@type\":\"ImageObject\",\"inLanguage\":\"fr-FR\",\"@id\":\"https:\\\/\\\/www.webdo.tn\\\/fr\\\/actualite\\\/international\\\/massacre-a-gaza-vague-de-colere-dans-le-monde-arabe\\\/209413\\\/#primaryimage\",\"url\":\"https:\\\/\\\/www.webdo.tn\\\/fr\\\/wp-content\\\/uploads\\\/2023\\\/10\\\/84848d6bd9025e3e1a5947cf6bdc3d89.png\",\"contentUrl\":\"https:\\\/\\\/www.webdo.tn\\\/fr\\\/wp-content\\\/uploads\\\/2023\\\/10\\\/84848d6bd9025e3e1a5947cf6bdc3d89.png\",\"width\":744,\"height\":397,\"caption\":\"Massacre \u00e0 Gaza : Vague de col\u00e8re dans le monde arabe\"},{\"@type\":\"BreadcrumbList\",\"@id\":\"https:\\\/\\\/www.webdo.tn\\\/fr\\\/actualite\\\/international\\\/massacre-a-gaza-vague-de-colere-dans-le-monde-arabe\\\/209413\\\/#breadcrumb\",\"itemListElement\":[{\"@type\":\"ListItem\",\"position\":1,\"name\":\"Accueil\",\"item\":\"https:\\\/\\\/www.webdo.tn\\\/fr\\\/\"},{\"@type\":\"ListItem\",\"position\":2,\"name\":\"Massacre \u00e0 Gaza : Vague de col\u00e8re dans le monde arabe\"}]},{\"@type\":\"WebSite\",\"@id\":\"https:\\\/\\\/www.webdo.tn\\\/fr\\\/#website\",\"url\":\"https:\\\/\\\/www.webdo.tn\\\/fr\\\/\",\"name\":\"webdo\",\"description\":\"Tunisie - News en Tunisie et \u00e0 l&#039;international sur Webdo.tn\",\"publisher\":{\"@id\":\"https:\\\/\\\/www.webdo.tn\\\/fr\\\/#organization\"},\"potentialAction\":[{\"@type\":\"SearchAction\",\"target\":{\"@type\":\"EntryPoint\",\"urlTemplate\":\"https:\\\/\\\/www.webdo.tn\\\/fr\\\/?s={search_term_string}\"},\"query-input\":{\"@type\":\"PropertyValueSpecification\",\"valueRequired\":true,\"valueName\":\"search_term_string\"}}],\"inLanguage\":\"fr-FR\"},{\"@type\":\"Organization\",\"@id\":\"https:\\\/\\\/www.webdo.tn\\\/fr\\\/#organization\",\"name\":\"Webdo\",\"alternateName\":\"Webdo.tn\",\"url\":\"https:\\\/\\\/www.webdo.tn\\\/fr\\\/\",\"logo\":{\"@type\":\"ImageObject\",\"inLanguage\":\"fr-FR\",\"@id\":\"https:\\\/\\\/www.webdo.tn\\\/fr\\\/#\\\/schema\\\/logo\\\/image\\\/\",\"url\":\"https:\\\/\\\/www.webdo.tn\\\/fr\\\/wp-content\\\/uploads\\\/2025\\\/06\\\/Webdo-Tunisie_168377.jpg\",\"contentUrl\":\"https:\\\/\\\/www.webdo.tn\\\/fr\\\/wp-content\\\/uploads\\\/2025\\\/06\\\/Webdo-Tunisie_168377.jpg\",\"width\":301,\"height\":301,\"caption\":\"Webdo\"},\"image\":{\"@id\":\"https:\\\/\\\/www.webdo.tn\\\/fr\\\/#\\\/schema\\\/logo\\\/image\\\/\"},\"sameAs\":[\"https:\\\/\\\/www.facebook.com\\\/webdotn\",\"https:\\\/\\\/x.com\\\/webdo_tn\"],\"description\":\"Webdo est un m\u00e9dia num\u00e9rique tunisien fond\u00e9 en 2010, sp\u00e9cialis\u00e9 dans l\u2019actualit\u00e9 nationale et internationale, l\u2019\u00e9conomie, la soci\u00e9t\u00e9 et les analyses politiques. Le site s\u2019adresse \u00e0 un large public francophone et couvre l\u2019information tunisienne en temps r\u00e9el.\",\"email\":\"redac@webdo.tn\",\"legalName\":\"YNJ SARL\",\"foundingDate\":\"2010-09-06\",\"numberOfEmployees\":{\"@type\":\"QuantitativeValue\",\"minValue\":\"11\",\"maxValue\":\"50\"}},{\"@type\":\"Person\",\"@id\":\"https:\\\/\\\/www.webdo.tn\\\/fr\\\/#\\\/schema\\\/person\\\/2c4929cbf5a809e3bd38617c6ce150f6\",\"name\":\"MC\",\"image\":{\"@type\":\"ImageObject\",\"inLanguage\":\"fr-FR\",\"@id\":\"https:\\\/\\\/secure.gravatar.com\\\/avatar\\\/a545bbb6f84efdd5553dbbc2895e3ca8f1d12c5215e00a041c9670b54aa9b18a?s=96&d=mm&r=g\",\"url\":\"https:\\\/\\\/secure.gravatar.com\\\/avatar\\\/a545bbb6f84efdd5553dbbc2895e3ca8f1d12c5215e00a041c9670b54aa9b18a?s=96&d=mm&r=g\",\"contentUrl\":\"https:\\\/\\\/secure.gravatar.com\\\/avatar\\\/a545bbb6f84efdd5553dbbc2895e3ca8f1d12c5215e00a041c9670b54aa9b18a?s=96&d=mm&r=g\",\"caption\":\"MC\"},\"url\":\"https:\\\/\\\/www.webdo.tn\\\/fr\\\/actualite\\\/author\\\/mc\\\/\"}]}<\/script>\n<!-- \/ Yoast SEO Premium plugin. -->","yoast_head_json":{"title":"Massacre \u00e0 Gaza : Vague de col\u00e8re dans le monde arabe","description":"Au moins 500 Palestiniens sont morts ce mardi 17 octobre, selon le Hamas, apr\u00e8s une frappe a\u00e9rienne sur l\u2019h\u00f4pital Ahli Arab, situ\u00e9 dans le centre-ville de Gaza....","canonical":"https:\/\/www.webdo.tn\/fr\/actualite\/international\/massacre-a-gaza-vague-de-colere-dans-le-monde-arabe\/209413\/","og_locale":"fr_FR","og_type":"article","og_title":"Massacre \u00e0 Gaza : Vague de col\u00e8re dans le monde arabe","og_description":"Au moins 500 Palestiniens sont morts ce mardi 17 octobre, selon le Hamas, apr\u00e8s une frappe a\u00e9rienne sur l\u2019h\u00f4pital Ahli Arab, situ\u00e9 dans le centre-ville de Gaza....","og_url":"https:\/\/www.webdo.tn\/fr\/actualite\/international\/massacre-a-gaza-vague-de-colere-dans-le-monde-arabe\/209413\/","og_site_name":"webdo","article_publisher":"https:\/\/www.facebook.com\/webdotn","article_published_time":"2023-10-17T22:51:00+00:00","article_modified_time":"2025-05-20T21:56:46+00:00","og_image":[{"width":744,"height":397,"url":"https:\/\/www.webdo.tn\/fr\/wp-content\/uploads\/2023\/10\/84848d6bd9025e3e1a5947cf6bdc3d89.png","type":"image\/png"}],"author":"MC","twitter_card":"summary_large_image","twitter_creator":"@webdo_tn","twitter_site":"@webdo_tn","twitter_misc":{"\u00c9crit par":"MC","Dur\u00e9e de lecture estim\u00e9e":"2 minutes"},"schema":{"@context":"https:\/\/schema.org","@graph":[{"@type":"NewsArticle","@id":"https:\/\/www.webdo.tn\/fr\/actualite\/international\/massacre-a-gaza-vague-de-colere-dans-le-monde-arabe\/209413\/#article","isPartOf":{"@id":"https:\/\/www.webdo.tn\/fr\/actualite\/international\/massacre-a-gaza-vague-de-colere-dans-le-monde-arabe\/209413\/"},"author":{"name":"MC","@id":"https:\/\/www.webdo.tn\/fr\/#\/schema\/person\/2c4929cbf5a809e3bd38617c6ce150f6"},"headline":"Massacre \u00e0 Gaza : Vague de col\u00e8re dans le monde arabe","datePublished":"2023-10-17T22:51:00+00:00","dateModified":"2025-05-20T21:56:46+00:00","mainEntityOfPage":{"@id":"https:\/\/www.webdo.tn\/fr\/actualite\/international\/massacre-a-gaza-vague-de-colere-dans-le-monde-arabe\/209413\/"},"wordCount":344,"commentCount":0,"publisher":{"@id":"https:\/\/www.webdo.tn\/fr\/#organization"},"image":{"@id":"https:\/\/www.webdo.tn\/fr\/actualite\/international\/massacre-a-gaza-vague-de-colere-dans-le-monde-arabe\/209413\/#primaryimage"},"thumbnailUrl":"https:\/\/www.webdo.tn\/fr\/wp-content\/uploads\/2023\/10\/84848d6bd9025e3e1a5947cf6bdc3d89.png","keywords":["Gaza","isra\u00ebl","massacre"],"articleSection":["International"],"inLanguage":"fr-FR"},{"@type":"WebPage","@id":"https:\/\/www.webdo.tn\/fr\/actualite\/international\/massacre-a-gaza-vague-de-colere-dans-le-monde-arabe\/209413\/","url":"https:\/\/www.webdo.tn\/fr\/actualite\/international\/massacre-a-gaza-vague-de-colere-dans-le-monde-arabe\/209413\/","name":"Massacre \u00e0 Gaza : Vague de col\u00e8re dans le monde arabe","isPartOf":{"@id":"https:\/\/www.webdo.tn\/fr\/#website"},"primaryImageOfPage":{"@id":"https:\/\/www.webdo.tn\/fr\/actualite\/international\/massacre-a-gaza-vague-de-colere-dans-le-monde-arabe\/209413\/#primaryimage"},"image":{"@id":"https:\/\/www.webdo.tn\/fr\/actualite\/international\/massacre-a-gaza-vague-de-colere-dans-le-monde-arabe\/209413\/#primaryimage"},"thumbnailUrl":"https:\/\/www.webdo.tn\/fr\/wp-content\/uploads\/2023\/10\/84848d6bd9025e3e1a5947cf6bdc3d89.png","datePublished":"2023-10-17T22:51:00+00:00","dateModified":"2025-05-20T21:56:46+00:00","description":"Au moins 500 Palestiniens sont morts ce mardi 17 octobre, selon le Hamas, apr\u00e8s une frappe a\u00e9rienne sur l\u2019h\u00f4pital Ahli Arab, situ\u00e9 dans le centre-ville de Gaza....","breadcrumb":{"@id":"https:\/\/www.webdo.tn\/fr\/actualite\/international\/massacre-a-gaza-vague-de-colere-dans-le-monde-arabe\/209413\/#breadcrumb"},"inLanguage":"fr-FR","potentialAction":[{"@type":"ReadAction","target":["https:\/\/www.webdo.tn\/fr\/actualite\/international\/massacre-a-gaza-vague-de-colere-dans-le-monde-arabe\/209413\/"]}]},{"@type":"ImageObject","inLanguage":"fr-FR","@id":"https:\/\/www.webdo.tn\/fr\/actualite\/international\/massacre-a-gaza-vague-de-colere-dans-le-monde-arabe\/209413\/#primaryimage","url":"https:\/\/www.webdo.tn\/fr\/wp-content\/uploads\/2023\/10\/84848d6bd9025e3e1a5947cf6bdc3d89.png","contentUrl":"https:\/\/www.webdo.tn\/fr\/wp-content\/uploads\/2023\/10\/84848d6bd9025e3e1a5947cf6bdc3d89.png","width":744,"height":397,"caption":"Massacre \u00e0 Gaza : Vague de col\u00e8re dans le monde arabe"},{"@type":"BreadcrumbList","@id":"https:\/\/www.webdo.tn\/fr\/actualite\/international\/massacre-a-gaza-vague-de-colere-dans-le-monde-arabe\/209413\/#breadcrumb","itemListElement":[{"@type":"ListItem","position":1,"name":"Accueil","item":"https:\/\/www.webdo.tn\/fr\/"},{"@type":"ListItem","position":2,"name":"Massacre \u00e0 Gaza : Vague de col\u00e8re dans le monde arabe"}]},{"@type":"WebSite","@id":"https:\/\/www.webdo.tn\/fr\/#website","url":"https:\/\/www.webdo.tn\/fr\/","name":"webdo","description":"Tunisie - News en Tunisie et \u00e0 l&#039;international sur Webdo.tn","publisher":{"@id":"https:\/\/www.webdo.tn\/fr\/#organization"},"potentialAction":[{"@type":"SearchAction","target":{"@type":"EntryPoint","urlTemplate":"https:\/\/www.webdo.tn\/fr\/?s={search_term_string}"},"query-input":{"@type":"PropertyValueSpecification","valueRequired":true,"valueName":"search_term_string"}}],"inLanguage":"fr-FR"},{"@type":"Organization","@id":"https:\/\/www.webdo.tn\/fr\/#organization","name":"Webdo","alternateName":"Webdo.tn","url":"https:\/\/www.webdo.tn\/fr\/","logo":{"@type":"ImageObject","inLanguage":"fr-FR","@id":"https:\/\/www.webdo.tn\/fr\/#\/schema\/logo\/image\/","url":"https:\/\/www.webdo.tn\/fr\/wp-content\/uploads\/2025\/06\/Webdo-Tunisie_168377.jpg","contentUrl":"https:\/\/www.webdo.tn\/fr\/wp-content\/uploads\/2025\/06\/Webdo-Tunisie_168377.jpg","width":301,"height":301,"caption":"Webdo"},"image":{"@id":"https:\/\/www.webdo.tn\/fr\/#\/schema\/logo\/image\/"},"sameAs":["https:\/\/www.facebook.com\/webdotn","https:\/\/x.com\/webdo_tn"],"description":"Webdo est un m\u00e9dia num\u00e9rique tunisien fond\u00e9 en 2010, sp\u00e9cialis\u00e9 dans l\u2019actualit\u00e9 nationale et internationale, l\u2019\u00e9conomie, la soci\u00e9t\u00e9 et les analyses politiques. Le site s\u2019adresse \u00e0 un large public francophone et couvre l\u2019information tunisienne en temps r\u00e9el.","email":"redac@webdo.tn","legalName":"YNJ SARL","foundingDate":"2010-09-06","numberOfEmployees":{"@type":"QuantitativeValue","minValue":"11","maxValue":"50"}},{"@type":"Person","@id":"https:\/\/www.webdo.tn\/fr\/#\/schema\/person\/2c4929cbf5a809e3bd38617c6ce150f6","name":"MC","image":{"@type":"ImageObject","inLanguage":"fr-FR","@id":"https:\/\/secure.gravatar.com\/avatar\/a545bbb6f84efdd5553dbbc2895e3ca8f1d12c5215e00a041c9670b54aa9b18a?s=96&d=mm&r=g","url":"https:\/\/secure.gravatar.com\/avatar\/a545bbb6f84efdd5553dbbc2895e3ca8f1d12c5215e00a041c9670b54aa9b18a?s=96&d=mm&r=g","contentUrl":"https:\/\/secure.gravatar.com\/avatar\/a545bbb6f84efdd5553dbbc2895e3ca8f1d12c5215e00a041c9670b54aa9b18a?s=96&d=mm&r=g","caption":"MC"},"url":"https:\/\/www.webdo.tn\/fr\/actualite\/author\/mc\/"}]}},"_links":{"self":[{"href":"https:\/\/www.webdo.tn\/fr\/wp-json\/wp\/v2\/posts\/209413","targetHints":{"allow":["GET"]}}],"collection":[{"href":"https:\/\/www.webdo.tn\/fr\/wp-json\/wp\/v2\/posts"}],"about":[{"href":"https:\/\/www.webdo.tn\/fr\/wp-json\/wp\/v2\/types\/post"}],"author":[{"embeddable":true,"href":"https:\/\/www.webdo.tn\/fr\/wp-json\/wp\/v2\/users\/3162"}],"replies":[{"embeddable":true,"href":"https:\/\/www.webdo.tn\/fr\/wp-json\/wp\/v2\/comments?post=209413"}],"version-history":[{"count":0,"href":"https:\/\/www.webdo.tn\/fr\/wp-json\/wp\/v2\/posts\/209413\/revisions"}],"wp:featuredmedia":[{"embeddable":true,"href":"https:\/\/www.webdo.tn\/fr\/wp-json\/wp\/v2\/media\/249046"}],"wp:attachment":[{"href":"https:\/\/www.webdo.tn\/fr\/wp-json\/wp\/v2\/media?parent=209413"}],"wp:term":[{"taxonomy":"category","embeddable":true,"href":"https:\/\/www.webdo.tn\/fr\/wp-json\/wp\/v2\/categories?post=209413"},{"taxonomy":"post_tag","embeddable":true,"href":"https:\/\/www.webdo.tn\/fr\/wp-json\/wp\/v2\/tags?post=209413"}],"curies":[{"name":"wp","href":"https:\/\/api.w.org\/{rel}","templated":true}]}}