{"id":209407,"date":"2023-10-17T20:42:00","date_gmt":"2023-10-17T20:42:00","guid":{"rendered":"https:\/\/www.webdo.tn\/fr\/blog\/plf-2024-nouvelles-mesures-pour-encourager-l-utilisation-des-voitures-electriques\/209407\/"},"modified":"2025-05-20T21:56:44","modified_gmt":"2025-05-20T21:56:44","slug":"plf-2024-nouvelles-mesures-pour-encourager-l-utilisation-des-voitures-electriques","status":"publish","type":"post","link":"https:\/\/www.webdo.tn\/fr\/actualite\/national\/plf-2024-nouvelles-mesures-pour-encourager-l-utilisation-des-voitures-electriques\/209407\/","title":{"rendered":"PLF 2024 : Nouvelles mesures pour encourager l\u2019utilisation des voitures \u00e9lectriques"},"content":{"rendered":"<p>Le projet de la Loi de finances 2024 propose plusieurs mesures en vue d\u2019encourager l\u2019utilisation des voitures \u00e9lectriques.<\/p>\n<p>\t\t\t\t\t\t\t\t\tCes mesures pr\u00e9vues par le projet de la Loi de finances 2024 en vue d&rsquo;encourager l&rsquo;utilisation des voitures 100% \u00e9lectriques tablent sur une r\u00e9duction de la TVA et une baisse des tarifs de la vignette.<\/p>\n<p>Le PLF 2024 pr\u00e9voit de r\u00e9duire la TVA appliqu\u00e9e sur ces v\u00e9hicules de 19%, actuellement, \u00e0 7%, \u00e0 partir du 1er janvier 2024. Il pr\u00e9voit, \u00e9galement, de baisser de 50% la taxe de circulation (vignette) et les frais d&rsquo;enregistrement de ces v\u00e9hicules.<\/p>\n<p>Ces mesures incitatives ont pour objectif d&rsquo;inciter les Tunisiens \u00e0 recourir \u00e0 ces voitures non polluantes et de contribuer \u00e0 r\u00e9duire le co\u00fbt de compensation de l&rsquo;\u00e9nergie.<\/p>\n","protected":false},"excerpt":{"rendered":"<p>Plusieurs mesures en vue d\u2019encourager l\u2019utilisation des voitures \u00e9lectriques sont pr\u00e9vues par le PLF 2024.<\/p>\n","protected":false},"author":3162,"featured_media":249044,"comment_status":"open","ping_status":"closed","sticky":false,"template":"","format":"standard","meta":{"footnotes":""},"categories":[44],"tags":[3110,7429,6177],"class_list":["post-209407","post","type-post","status-publish","format-standard","has-post-thumbnail","hentry","category-national","tag-mesures","tag-plf-2024","tag-voiture-electrique"],"yoast_head":"<!-- This site is optimized with the Yoast SEO Premium plugin v27.5 (Yoast SEO v27.5) - https:\/\/yoast.com\/product\/yoast-seo-premium-wordpress\/ -->\n<title>PLF 2024 : Nouvelles mesures pour encourager l\u2019utilisation des voitures \u00e9lectriques<\/title>\n<meta name=\"description\" content=\"Plusieurs mesures en vue d\u2019encourager l\u2019utilisation des voitures \u00e9lectriques sont pr\u00e9vues par le PLF 2024.\" \/>\n<link rel=\"canonical\" href=\"https:\/\/www.webdo.tn\/fr\/actualite\/national\/plf-2024-nouvelles-mesures-pour-encourager-l-utilisation-des-voitures-electriques\/209407\/\" \/>\n<meta property=\"og:locale\" content=\"fr_FR\" \/>\n<meta property=\"og:type\" content=\"article\" \/>\n<meta property=\"og:title\" content=\"PLF 2024 : Nouvelles mesures pour encourager l\u2019utilisation des voitures \u00e9lectriques\" \/>\n<meta property=\"og:description\" content=\"Plusieurs mesures en vue d\u2019encourager l\u2019utilisation des voitures \u00e9lectriques sont pr\u00e9vues par le PLF 2024.\" \/>\n<meta property=\"og:url\" content=\"https:\/\/www.webdo.tn\/fr\/actualite\/national\/plf-2024-nouvelles-mesures-pour-encourager-l-utilisation-des-voitures-electriques\/209407\/\" \/>\n<meta property=\"og:site_name\" content=\"webdo\" \/>\n<meta property=\"article:publisher\" content=\"https:\/\/www.facebook.com\/webdotn\" \/>\n<meta property=\"article:published_time\" content=\"2023-10-17T20:42:00+00:00\" \/>\n<meta property=\"article:modified_time\" content=\"2025-05-20T21:56:44+00:00\" \/>\n<meta property=\"og:image\" content=\"https:\/\/www.webdo.tn\/fr\/wp-content\/uploads\/2023\/10\/7b7d31d7a7d97c7b001c2944c7a87d33.jpg\" \/>\n\t<meta property=\"og:image:width\" content=\"744\" \/>\n\t<meta property=\"og:image:height\" content=\"397\" \/>\n\t<meta property=\"og:image:type\" content=\"image\/jpeg\" \/>\n<meta name=\"author\" content=\"MC\" \/>\n<meta name=\"twitter:card\" content=\"summary_large_image\" \/>\n<meta name=\"twitter:creator\" content=\"@webdo_tn\" \/>\n<meta name=\"twitter:site\" content=\"@webdo_tn\" \/>\n<meta name=\"twitter:label1\" content=\"\u00c9crit par\" \/>\n\t<meta name=\"twitter:data1\" content=\"MC\" \/>\n\t<meta name=\"twitter:label2\" content=\"Dur\u00e9e de lecture estim\u00e9e\" \/>\n\t<meta name=\"twitter:data2\" content=\"1 minute\" \/>\n<script type=\"application\/ld+json\" class=\"yoast-schema-graph\">{\"@context\":\"https:\\\/\\\/schema.org\",\"@graph\":[{\"@type\":\"NewsArticle\",\"@id\":\"https:\\\/\\\/www.webdo.tn\\\/fr\\\/actualite\\\/national\\\/plf-2024-nouvelles-mesures-pour-encourager-l-utilisation-des-voitures-electriques\\\/209407\\\/#article\",\"isPartOf\":{\"@id\":\"https:\\\/\\\/www.webdo.tn\\\/fr\\\/actualite\\\/national\\\/plf-2024-nouvelles-mesures-pour-encourager-l-utilisation-des-voitures-electriques\\\/209407\\\/\"},\"author\":{\"name\":\"MC\",\"@id\":\"https:\\\/\\\/www.webdo.tn\\\/fr\\\/#\\\/schema\\\/person\\\/2c4929cbf5a809e3bd38617c6ce150f6\"},\"headline\":\"PLF 2024 : Nouvelles mesures pour encourager l\u2019utilisation des voitures \u00e9lectriques\",\"datePublished\":\"2023-10-17T20:42:00+00:00\",\"dateModified\":\"2025-05-20T21:56:44+00:00\",\"mainEntityOfPage\":{\"@id\":\"https:\\\/\\\/www.webdo.tn\\\/fr\\\/actualite\\\/national\\\/plf-2024-nouvelles-mesures-pour-encourager-l-utilisation-des-voitures-electriques\\\/209407\\\/\"},\"wordCount\":136,\"commentCount\":0,\"publisher\":{\"@id\":\"https:\\\/\\\/www.webdo.tn\\\/fr\\\/#organization\"},\"image\":{\"@id\":\"https:\\\/\\\/www.webdo.tn\\\/fr\\\/actualite\\\/national\\\/plf-2024-nouvelles-mesures-pour-encourager-l-utilisation-des-voitures-electriques\\\/209407\\\/#primaryimage\"},\"thumbnailUrl\":\"https:\\\/\\\/www.webdo.tn\\\/fr\\\/wp-content\\\/uploads\\\/2023\\\/10\\\/7b7d31d7a7d97c7b001c2944c7a87d33.jpg\",\"keywords\":[\"Mesures\",\"PLF 2024\",\"Voiture \u00e9lectrique\"],\"articleSection\":[\"National\"],\"inLanguage\":\"fr-FR\"},{\"@type\":\"WebPage\",\"@id\":\"https:\\\/\\\/www.webdo.tn\\\/fr\\\/actualite\\\/national\\\/plf-2024-nouvelles-mesures-pour-encourager-l-utilisation-des-voitures-electriques\\\/209407\\\/\",\"url\":\"https:\\\/\\\/www.webdo.tn\\\/fr\\\/actualite\\\/national\\\/plf-2024-nouvelles-mesures-pour-encourager-l-utilisation-des-voitures-electriques\\\/209407\\\/\",\"name\":\"PLF 2024 : Nouvelles mesures pour encourager l\u2019utilisation des voitures \u00e9lectriques\",\"isPartOf\":{\"@id\":\"https:\\\/\\\/www.webdo.tn\\\/fr\\\/#website\"},\"primaryImageOfPage\":{\"@id\":\"https:\\\/\\\/www.webdo.tn\\\/fr\\\/actualite\\\/national\\\/plf-2024-nouvelles-mesures-pour-encourager-l-utilisation-des-voitures-electriques\\\/209407\\\/#primaryimage\"},\"image\":{\"@id\":\"https:\\\/\\\/www.webdo.tn\\\/fr\\\/actualite\\\/national\\\/plf-2024-nouvelles-mesures-pour-encourager-l-utilisation-des-voitures-electriques\\\/209407\\\/#primaryimage\"},\"thumbnailUrl\":\"https:\\\/\\\/www.webdo.tn\\\/fr\\\/wp-content\\\/uploads\\\/2023\\\/10\\\/7b7d31d7a7d97c7b001c2944c7a87d33.jpg\",\"datePublished\":\"2023-10-17T20:42:00+00:00\",\"dateModified\":\"2025-05-20T21:56:44+00:00\",\"description\":\"Plusieurs mesures en vue d\u2019encourager l\u2019utilisation des voitures \u00e9lectriques sont pr\u00e9vues par le PLF 2024.\",\"breadcrumb\":{\"@id\":\"https:\\\/\\\/www.webdo.tn\\\/fr\\\/actualite\\\/national\\\/plf-2024-nouvelles-mesures-pour-encourager-l-utilisation-des-voitures-electriques\\\/209407\\\/#breadcrumb\"},\"inLanguage\":\"fr-FR\",\"potentialAction\":[{\"@type\":\"ReadAction\",\"target\":[\"https:\\\/\\\/www.webdo.tn\\\/fr\\\/actualite\\\/national\\\/plf-2024-nouvelles-mesures-pour-encourager-l-utilisation-des-voitures-electriques\\\/209407\\\/\"]}]},{\"@type\":\"ImageObject\",\"inLanguage\":\"fr-FR\",\"@id\":\"https:\\\/\\\/www.webdo.tn\\\/fr\\\/actualite\\\/national\\\/plf-2024-nouvelles-mesures-pour-encourager-l-utilisation-des-voitures-electriques\\\/209407\\\/#primaryimage\",\"url\":\"https:\\\/\\\/www.webdo.tn\\\/fr\\\/wp-content\\\/uploads\\\/2023\\\/10\\\/7b7d31d7a7d97c7b001c2944c7a87d33.jpg\",\"contentUrl\":\"https:\\\/\\\/www.webdo.tn\\\/fr\\\/wp-content\\\/uploads\\\/2023\\\/10\\\/7b7d31d7a7d97c7b001c2944c7a87d33.jpg\",\"width\":744,\"height\":397,\"caption\":\"PLF 2024 : Nouvelles mesures pour encourager l\u2019utilisation des voitures \u00e9lectriques\"},{\"@type\":\"BreadcrumbList\",\"@id\":\"https:\\\/\\\/www.webdo.tn\\\/fr\\\/actualite\\\/national\\\/plf-2024-nouvelles-mesures-pour-encourager-l-utilisation-des-voitures-electriques\\\/209407\\\/#breadcrumb\",\"itemListElement\":[{\"@type\":\"ListItem\",\"position\":1,\"name\":\"Accueil\",\"item\":\"https:\\\/\\\/www.webdo.tn\\\/fr\\\/\"},{\"@type\":\"ListItem\",\"position\":2,\"name\":\"PLF 2024 : Nouvelles mesures pour encourager l\u2019utilisation des voitures \u00e9lectriques\"}]},{\"@type\":\"WebSite\",\"@id\":\"https:\\\/\\\/www.webdo.tn\\\/fr\\\/#website\",\"url\":\"https:\\\/\\\/www.webdo.tn\\\/fr\\\/\",\"name\":\"webdo\",\"description\":\"Tunisie - News en Tunisie et \u00e0 l&#039;international sur Webdo.tn\",\"publisher\":{\"@id\":\"https:\\\/\\\/www.webdo.tn\\\/fr\\\/#organization\"},\"potentialAction\":[{\"@type\":\"SearchAction\",\"target\":{\"@type\":\"EntryPoint\",\"urlTemplate\":\"https:\\\/\\\/www.webdo.tn\\\/fr\\\/?s={search_term_string}\"},\"query-input\":{\"@type\":\"PropertyValueSpecification\",\"valueRequired\":true,\"valueName\":\"search_term_string\"}}],\"inLanguage\":\"fr-FR\"},{\"@type\":\"Organization\",\"@id\":\"https:\\\/\\\/www.webdo.tn\\\/fr\\\/#organization\",\"name\":\"Webdo\",\"alternateName\":\"Webdo.tn\",\"url\":\"https:\\\/\\\/www.webdo.tn\\\/fr\\\/\",\"logo\":{\"@type\":\"ImageObject\",\"inLanguage\":\"fr-FR\",\"@id\":\"https:\\\/\\\/www.webdo.tn\\\/fr\\\/#\\\/schema\\\/logo\\\/image\\\/\",\"url\":\"https:\\\/\\\/www.webdo.tn\\\/fr\\\/wp-content\\\/uploads\\\/2025\\\/06\\\/Webdo-Tunisie_168377.jpg\",\"contentUrl\":\"https:\\\/\\\/www.webdo.tn\\\/fr\\\/wp-content\\\/uploads\\\/2025\\\/06\\\/Webdo-Tunisie_168377.jpg\",\"width\":301,\"height\":301,\"caption\":\"Webdo\"},\"image\":{\"@id\":\"https:\\\/\\\/www.webdo.tn\\\/fr\\\/#\\\/schema\\\/logo\\\/image\\\/\"},\"sameAs\":[\"https:\\\/\\\/www.facebook.com\\\/webdotn\",\"https:\\\/\\\/x.com\\\/webdo_tn\"],\"description\":\"Webdo est un m\u00e9dia num\u00e9rique tunisien fond\u00e9 en 2010, sp\u00e9cialis\u00e9 dans l\u2019actualit\u00e9 nationale et internationale, l\u2019\u00e9conomie, la soci\u00e9t\u00e9 et les analyses politiques. Le site s\u2019adresse \u00e0 un large public francophone et couvre l\u2019information tunisienne en temps r\u00e9el.\",\"email\":\"redac@webdo.tn\",\"legalName\":\"YNJ SARL\",\"foundingDate\":\"2010-09-06\",\"numberOfEmployees\":{\"@type\":\"QuantitativeValue\",\"minValue\":\"11\",\"maxValue\":\"50\"}},{\"@type\":\"Person\",\"@id\":\"https:\\\/\\\/www.webdo.tn\\\/fr\\\/#\\\/schema\\\/person\\\/2c4929cbf5a809e3bd38617c6ce150f6\",\"name\":\"MC\",\"image\":{\"@type\":\"ImageObject\",\"inLanguage\":\"fr-FR\",\"@id\":\"https:\\\/\\\/secure.gravatar.com\\\/avatar\\\/a545bbb6f84efdd5553dbbc2895e3ca8f1d12c5215e00a041c9670b54aa9b18a?s=96&d=mm&r=g\",\"url\":\"https:\\\/\\\/secure.gravatar.com\\\/avatar\\\/a545bbb6f84efdd5553dbbc2895e3ca8f1d12c5215e00a041c9670b54aa9b18a?s=96&d=mm&r=g\",\"contentUrl\":\"https:\\\/\\\/secure.gravatar.com\\\/avatar\\\/a545bbb6f84efdd5553dbbc2895e3ca8f1d12c5215e00a041c9670b54aa9b18a?s=96&d=mm&r=g\",\"caption\":\"MC\"},\"url\":\"https:\\\/\\\/www.webdo.tn\\\/fr\\\/actualite\\\/author\\\/mc\\\/\"}]}<\/script>\n<!-- \/ Yoast SEO Premium plugin. -->","yoast_head_json":{"title":"PLF 2024 : Nouvelles mesures pour encourager l\u2019utilisation des voitures \u00e9lectriques","description":"Plusieurs mesures en vue d\u2019encourager l\u2019utilisation des voitures \u00e9lectriques sont pr\u00e9vues par le PLF 2024.","canonical":"https:\/\/www.webdo.tn\/fr\/actualite\/national\/plf-2024-nouvelles-mesures-pour-encourager-l-utilisation-des-voitures-electriques\/209407\/","og_locale":"fr_FR","og_type":"article","og_title":"PLF 2024 : Nouvelles mesures pour encourager l\u2019utilisation des voitures \u00e9lectriques","og_description":"Plusieurs mesures en vue d\u2019encourager l\u2019utilisation des voitures \u00e9lectriques sont pr\u00e9vues par le PLF 2024.","og_url":"https:\/\/www.webdo.tn\/fr\/actualite\/national\/plf-2024-nouvelles-mesures-pour-encourager-l-utilisation-des-voitures-electriques\/209407\/","og_site_name":"webdo","article_publisher":"https:\/\/www.facebook.com\/webdotn","article_published_time":"2023-10-17T20:42:00+00:00","article_modified_time":"2025-05-20T21:56:44+00:00","og_image":[{"width":744,"height":397,"url":"https:\/\/www.webdo.tn\/fr\/wp-content\/uploads\/2023\/10\/7b7d31d7a7d97c7b001c2944c7a87d33.jpg","type":"image\/jpeg"}],"author":"MC","twitter_card":"summary_large_image","twitter_creator":"@webdo_tn","twitter_site":"@webdo_tn","twitter_misc":{"\u00c9crit par":"MC","Dur\u00e9e de lecture estim\u00e9e":"1 minute"},"schema":{"@context":"https:\/\/schema.org","@graph":[{"@type":"NewsArticle","@id":"https:\/\/www.webdo.tn\/fr\/actualite\/national\/plf-2024-nouvelles-mesures-pour-encourager-l-utilisation-des-voitures-electriques\/209407\/#article","isPartOf":{"@id":"https:\/\/www.webdo.tn\/fr\/actualite\/national\/plf-2024-nouvelles-mesures-pour-encourager-l-utilisation-des-voitures-electriques\/209407\/"},"author":{"name":"MC","@id":"https:\/\/www.webdo.tn\/fr\/#\/schema\/person\/2c4929cbf5a809e3bd38617c6ce150f6"},"headline":"PLF 2024 : Nouvelles mesures pour encourager l\u2019utilisation des voitures \u00e9lectriques","datePublished":"2023-10-17T20:42:00+00:00","dateModified":"2025-05-20T21:56:44+00:00","mainEntityOfPage":{"@id":"https:\/\/www.webdo.tn\/fr\/actualite\/national\/plf-2024-nouvelles-mesures-pour-encourager-l-utilisation-des-voitures-electriques\/209407\/"},"wordCount":136,"commentCount":0,"publisher":{"@id":"https:\/\/www.webdo.tn\/fr\/#organization"},"image":{"@id":"https:\/\/www.webdo.tn\/fr\/actualite\/national\/plf-2024-nouvelles-mesures-pour-encourager-l-utilisation-des-voitures-electriques\/209407\/#primaryimage"},"thumbnailUrl":"https:\/\/www.webdo.tn\/fr\/wp-content\/uploads\/2023\/10\/7b7d31d7a7d97c7b001c2944c7a87d33.jpg","keywords":["Mesures","PLF 2024","Voiture \u00e9lectrique"],"articleSection":["National"],"inLanguage":"fr-FR"},{"@type":"WebPage","@id":"https:\/\/www.webdo.tn\/fr\/actualite\/national\/plf-2024-nouvelles-mesures-pour-encourager-l-utilisation-des-voitures-electriques\/209407\/","url":"https:\/\/www.webdo.tn\/fr\/actualite\/national\/plf-2024-nouvelles-mesures-pour-encourager-l-utilisation-des-voitures-electriques\/209407\/","name":"PLF 2024 : Nouvelles mesures pour encourager l\u2019utilisation des voitures \u00e9lectriques","isPartOf":{"@id":"https:\/\/www.webdo.tn\/fr\/#website"},"primaryImageOfPage":{"@id":"https:\/\/www.webdo.tn\/fr\/actualite\/national\/plf-2024-nouvelles-mesures-pour-encourager-l-utilisation-des-voitures-electriques\/209407\/#primaryimage"},"image":{"@id":"https:\/\/www.webdo.tn\/fr\/actualite\/national\/plf-2024-nouvelles-mesures-pour-encourager-l-utilisation-des-voitures-electriques\/209407\/#primaryimage"},"thumbnailUrl":"https:\/\/www.webdo.tn\/fr\/wp-content\/uploads\/2023\/10\/7b7d31d7a7d97c7b001c2944c7a87d33.jpg","datePublished":"2023-10-17T20:42:00+00:00","dateModified":"2025-05-20T21:56:44+00:00","description":"Plusieurs mesures en vue d\u2019encourager l\u2019utilisation des voitures \u00e9lectriques sont pr\u00e9vues par le PLF 2024.","breadcrumb":{"@id":"https:\/\/www.webdo.tn\/fr\/actualite\/national\/plf-2024-nouvelles-mesures-pour-encourager-l-utilisation-des-voitures-electriques\/209407\/#breadcrumb"},"inLanguage":"fr-FR","potentialAction":[{"@type":"ReadAction","target":["https:\/\/www.webdo.tn\/fr\/actualite\/national\/plf-2024-nouvelles-mesures-pour-encourager-l-utilisation-des-voitures-electriques\/209407\/"]}]},{"@type":"ImageObject","inLanguage":"fr-FR","@id":"https:\/\/www.webdo.tn\/fr\/actualite\/national\/plf-2024-nouvelles-mesures-pour-encourager-l-utilisation-des-voitures-electriques\/209407\/#primaryimage","url":"https:\/\/www.webdo.tn\/fr\/wp-content\/uploads\/2023\/10\/7b7d31d7a7d97c7b001c2944c7a87d33.jpg","contentUrl":"https:\/\/www.webdo.tn\/fr\/wp-content\/uploads\/2023\/10\/7b7d31d7a7d97c7b001c2944c7a87d33.jpg","width":744,"height":397,"caption":"PLF 2024 : Nouvelles mesures pour encourager l\u2019utilisation des voitures \u00e9lectriques"},{"@type":"BreadcrumbList","@id":"https:\/\/www.webdo.tn\/fr\/actualite\/national\/plf-2024-nouvelles-mesures-pour-encourager-l-utilisation-des-voitures-electriques\/209407\/#breadcrumb","itemListElement":[{"@type":"ListItem","position":1,"name":"Accueil","item":"https:\/\/www.webdo.tn\/fr\/"},{"@type":"ListItem","position":2,"name":"PLF 2024 : Nouvelles mesures pour encourager l\u2019utilisation des voitures \u00e9lectriques"}]},{"@type":"WebSite","@id":"https:\/\/www.webdo.tn\/fr\/#website","url":"https:\/\/www.webdo.tn\/fr\/","name":"webdo","description":"Tunisie - News en Tunisie et \u00e0 l&#039;international sur Webdo.tn","publisher":{"@id":"https:\/\/www.webdo.tn\/fr\/#organization"},"potentialAction":[{"@type":"SearchAction","target":{"@type":"EntryPoint","urlTemplate":"https:\/\/www.webdo.tn\/fr\/?s={search_term_string}"},"query-input":{"@type":"PropertyValueSpecification","valueRequired":true,"valueName":"search_term_string"}}],"inLanguage":"fr-FR"},{"@type":"Organization","@id":"https:\/\/www.webdo.tn\/fr\/#organization","name":"Webdo","alternateName":"Webdo.tn","url":"https:\/\/www.webdo.tn\/fr\/","logo":{"@type":"ImageObject","inLanguage":"fr-FR","@id":"https:\/\/www.webdo.tn\/fr\/#\/schema\/logo\/image\/","url":"https:\/\/www.webdo.tn\/fr\/wp-content\/uploads\/2025\/06\/Webdo-Tunisie_168377.jpg","contentUrl":"https:\/\/www.webdo.tn\/fr\/wp-content\/uploads\/2025\/06\/Webdo-Tunisie_168377.jpg","width":301,"height":301,"caption":"Webdo"},"image":{"@id":"https:\/\/www.webdo.tn\/fr\/#\/schema\/logo\/image\/"},"sameAs":["https:\/\/www.facebook.com\/webdotn","https:\/\/x.com\/webdo_tn"],"description":"Webdo est un m\u00e9dia num\u00e9rique tunisien fond\u00e9 en 2010, sp\u00e9cialis\u00e9 dans l\u2019actualit\u00e9 nationale et internationale, l\u2019\u00e9conomie, la soci\u00e9t\u00e9 et les analyses politiques. Le site s\u2019adresse \u00e0 un large public francophone et couvre l\u2019information tunisienne en temps r\u00e9el.","email":"redac@webdo.tn","legalName":"YNJ SARL","foundingDate":"2010-09-06","numberOfEmployees":{"@type":"QuantitativeValue","minValue":"11","maxValue":"50"}},{"@type":"Person","@id":"https:\/\/www.webdo.tn\/fr\/#\/schema\/person\/2c4929cbf5a809e3bd38617c6ce150f6","name":"MC","image":{"@type":"ImageObject","inLanguage":"fr-FR","@id":"https:\/\/secure.gravatar.com\/avatar\/a545bbb6f84efdd5553dbbc2895e3ca8f1d12c5215e00a041c9670b54aa9b18a?s=96&d=mm&r=g","url":"https:\/\/secure.gravatar.com\/avatar\/a545bbb6f84efdd5553dbbc2895e3ca8f1d12c5215e00a041c9670b54aa9b18a?s=96&d=mm&r=g","contentUrl":"https:\/\/secure.gravatar.com\/avatar\/a545bbb6f84efdd5553dbbc2895e3ca8f1d12c5215e00a041c9670b54aa9b18a?s=96&d=mm&r=g","caption":"MC"},"url":"https:\/\/www.webdo.tn\/fr\/actualite\/author\/mc\/"}]}},"_links":{"self":[{"href":"https:\/\/www.webdo.tn\/fr\/wp-json\/wp\/v2\/posts\/209407","targetHints":{"allow":["GET"]}}],"collection":[{"href":"https:\/\/www.webdo.tn\/fr\/wp-json\/wp\/v2\/posts"}],"about":[{"href":"https:\/\/www.webdo.tn\/fr\/wp-json\/wp\/v2\/types\/post"}],"author":[{"embeddable":true,"href":"https:\/\/www.webdo.tn\/fr\/wp-json\/wp\/v2\/users\/3162"}],"replies":[{"embeddable":true,"href":"https:\/\/www.webdo.tn\/fr\/wp-json\/wp\/v2\/comments?post=209407"}],"version-history":[{"count":0,"href":"https:\/\/www.webdo.tn\/fr\/wp-json\/wp\/v2\/posts\/209407\/revisions"}],"wp:featuredmedia":[{"embeddable":true,"href":"https:\/\/www.webdo.tn\/fr\/wp-json\/wp\/v2\/media\/249044"}],"wp:attachment":[{"href":"https:\/\/www.webdo.tn\/fr\/wp-json\/wp\/v2\/media?parent=209407"}],"wp:term":[{"taxonomy":"category","embeddable":true,"href":"https:\/\/www.webdo.tn\/fr\/wp-json\/wp\/v2\/categories?post=209407"},{"taxonomy":"post_tag","embeddable":true,"href":"https:\/\/www.webdo.tn\/fr\/wp-json\/wp\/v2\/tags?post=209407"}],"curies":[{"name":"wp","href":"https:\/\/api.w.org\/{rel}","templated":true}]}}