{"id":209402,"date":"2023-10-17T19:19:00","date_gmt":"2023-10-17T19:19:00","guid":{"rendered":"https:\/\/www.webdo.tn\/fr\/blog\/guerre-hamas-israel-au-moins-500-martyrs-dans-un-raid-israelien-sur-un-hopital\/209402\/"},"modified":"2025-05-20T22:10:19","modified_gmt":"2025-05-20T22:10:19","slug":"guerre-hamas-israel-au-moins-500-martyrs-dans-un-raid-israelien-sur-un-hopital","status":"publish","type":"post","link":"https:\/\/www.webdo.tn\/fr\/actualite\/international\/guerre-hamas-israel-au-moins-500-martyrs-dans-un-raid-israelien-sur-un-hopital\/209402\/","title":{"rendered":"Guerre Hamas &#8211; Isra\u00ebl : Au moins 500 martyrs dans un raid isra\u00e9lien sur un h\u00f4pital"},"content":{"rendered":"<p>Au moins 500 personnes ont \u00e9t\u00e9 tu\u00e9es dans une frappe isra\u00e9lienne qui a atteint l&rsquo;enceinte d&rsquo;un h\u00f4pital de la ville de Gaza.<\/p>\n<p>\t\t\t\t\t\t\t\t\tSelon le minist\u00e8re de la Sant\u00e9 du Hamas, le bilan des victimes s\u2019est alourdi \u00e0 au moins 500 morts tu\u00e9s dans un bombardement ayant touch\u00e9 l&rsquo;enceinte de l&rsquo;h\u00f4pital Ahli Arab, situ\u00e9 dans le centre-ville.<\/p>\n<p>Le bureau m\u00e9dias du Hamas a d\u00e9nonc\u00e9 \u00abun nouveau crime de guerre de l&rsquo;occupation (Isra\u00ebl, NDLR)\u00bb et indiqu\u00e9 que \u00abdes centaines de patients, de bless\u00e9s et de d\u00e9plac\u00e9s\u00bb se trouvaient dans l&rsquo;\u00e9tablissement.<\/p>\n<p>Au total, quelque 3000 personnes ont \u00e9t\u00e9 tu\u00e9es dans les frappes isra\u00e9liennes sur la bande de Gaza, d&rsquo;apr\u00e8s un bilan actualis\u00e9 diffus\u00e9 mardi par le minist\u00e8re de la Sant\u00e9 du Hamas. Ces raids ont \u00e9galement fait plus de 12.500 bless\u00e9s.<\/p>\n<p>C\u00f4t\u00e9 isra\u00e9lien, le bilan se monte \u00e0 plus de 1400 morts, dont 286 soldats. L&rsquo;arm\u00e9e isra\u00e9lienne a \u00e9galement affirm\u00e9 que 200 personnes avaient \u00e9t\u00e9 captur\u00e9es par le Hamas lors de l&rsquo;attaque du 7 octobre. De son c\u00f4t\u00e9, le Hamas affirme d\u00e9tenir \u00ab\u00a0entre 200 et 250 otages isra\u00e9liens\u00a0\u00bb.<\/p>\n","protected":false},"excerpt":{"rendered":"<p>Au moins 500 personnes ont \u00e9t\u00e9 tu\u00e9es dans une frappe isra\u00e9lienne ayant touch\u00e9 un h\u00f4pital de Gaza.<\/p>\n","protected":false},"author":3162,"featured_media":278908,"comment_status":"open","ping_status":"closed","sticky":false,"template":"","format":"standard","meta":{"footnotes":""},"categories":[2598],"tags":[2689,2636,4472,3208],"class_list":["post-209402","post","type-post","status-publish","format-standard","has-post-thumbnail","hentry","category-international","tag-gaza","tag-israel","tag-martyrs","tag-morts"],"yoast_head":"<!-- This site is optimized with the Yoast SEO Premium plugin v27.4 (Yoast SEO v27.5) - https:\/\/yoast.com\/product\/yoast-seo-premium-wordpress\/ -->\n<title>Guerre Hamas - Isra\u00ebl : Au moins 500 martyrs dans un raid isra\u00e9lien sur un h\u00f4pital<\/title>\n<meta name=\"description\" content=\"Au moins 500 personnes ont \u00e9t\u00e9 tu\u00e9es dans une frappe isra\u00e9lienne ayant touch\u00e9 un h\u00f4pital de Gaza.\" \/>\n<link rel=\"canonical\" href=\"https:\/\/www.webdo.tn\/fr\/actualite\/international\/guerre-hamas-israel-au-moins-500-martyrs-dans-un-raid-israelien-sur-un-hopital\/209402\/\" \/>\n<meta property=\"og:locale\" content=\"fr_FR\" \/>\n<meta property=\"og:type\" content=\"article\" \/>\n<meta property=\"og:title\" content=\"Guerre Hamas - Isra\u00ebl : Au moins 500 martyrs dans un raid isra\u00e9lien sur un h\u00f4pital\" \/>\n<meta property=\"og:description\" content=\"Au moins 500 personnes ont \u00e9t\u00e9 tu\u00e9es dans une frappe isra\u00e9lienne ayant touch\u00e9 un h\u00f4pital de Gaza.\" \/>\n<meta property=\"og:url\" content=\"https:\/\/www.webdo.tn\/fr\/actualite\/international\/guerre-hamas-israel-au-moins-500-martyrs-dans-un-raid-israelien-sur-un-hopital\/209402\/\" \/>\n<meta property=\"og:site_name\" content=\"webdo\" \/>\n<meta property=\"article:publisher\" content=\"https:\/\/www.facebook.com\/webdotn\" \/>\n<meta property=\"article:published_time\" content=\"2023-10-17T19:19:00+00:00\" \/>\n<meta property=\"article:modified_time\" content=\"2025-05-20T22:10:19+00:00\" \/>\n<meta property=\"og:image\" content=\"https:\/\/www.webdo.tn\/fr\/wp-content\/uploads\/2023\/10\/8c0ebbe13c68128cfe5274fc537a3a1c.jpg\" \/>\n\t<meta property=\"og:image:width\" content=\"750\" \/>\n\t<meta property=\"og:image:height\" content=\"400\" \/>\n\t<meta property=\"og:image:type\" content=\"image\/jpeg\" \/>\n<meta name=\"author\" content=\"MC\" \/>\n<meta name=\"twitter:card\" content=\"summary_large_image\" \/>\n<meta name=\"twitter:creator\" content=\"@webdo_tn\" \/>\n<meta name=\"twitter:site\" content=\"@webdo_tn\" \/>\n<meta name=\"twitter:label1\" content=\"\u00c9crit par\" \/>\n\t<meta name=\"twitter:data1\" content=\"MC\" \/>\n\t<meta name=\"twitter:label2\" content=\"Dur\u00e9e de lecture estim\u00e9e\" \/>\n\t<meta name=\"twitter:data2\" content=\"1 minute\" \/>\n<script type=\"application\/ld+json\" class=\"yoast-schema-graph\">{\"@context\":\"https:\\\/\\\/schema.org\",\"@graph\":[{\"@type\":\"NewsArticle\",\"@id\":\"https:\\\/\\\/www.webdo.tn\\\/fr\\\/actualite\\\/international\\\/guerre-hamas-israel-au-moins-500-martyrs-dans-un-raid-israelien-sur-un-hopital\\\/209402\\\/#article\",\"isPartOf\":{\"@id\":\"https:\\\/\\\/www.webdo.tn\\\/fr\\\/actualite\\\/international\\\/guerre-hamas-israel-au-moins-500-martyrs-dans-un-raid-israelien-sur-un-hopital\\\/209402\\\/\"},\"author\":{\"name\":\"MC\",\"@id\":\"https:\\\/\\\/www.webdo.tn\\\/fr\\\/#\\\/schema\\\/person\\\/2c4929cbf5a809e3bd38617c6ce150f6\"},\"headline\":\"Guerre Hamas &#8211; Isra\u00ebl : Au moins 500 martyrs dans un raid isra\u00e9lien sur un h\u00f4pital\",\"datePublished\":\"2023-10-17T19:19:00+00:00\",\"dateModified\":\"2025-05-20T22:10:19+00:00\",\"mainEntityOfPage\":{\"@id\":\"https:\\\/\\\/www.webdo.tn\\\/fr\\\/actualite\\\/international\\\/guerre-hamas-israel-au-moins-500-martyrs-dans-un-raid-israelien-sur-un-hopital\\\/209402\\\/\"},\"wordCount\":215,\"commentCount\":0,\"publisher\":{\"@id\":\"https:\\\/\\\/www.webdo.tn\\\/fr\\\/#organization\"},\"image\":{\"@id\":\"https:\\\/\\\/www.webdo.tn\\\/fr\\\/actualite\\\/international\\\/guerre-hamas-israel-au-moins-500-martyrs-dans-un-raid-israelien-sur-un-hopital\\\/209402\\\/#primaryimage\"},\"thumbnailUrl\":\"https:\\\/\\\/www.webdo.tn\\\/fr\\\/wp-content\\\/uploads\\\/2023\\\/10\\\/8c0ebbe13c68128cfe5274fc537a3a1c.jpg\",\"keywords\":[\"Gaza\",\"isra\u00ebl\",\"Martyrs\",\"morts\"],\"articleSection\":[\"International\"],\"inLanguage\":\"fr-FR\"},{\"@type\":\"WebPage\",\"@id\":\"https:\\\/\\\/www.webdo.tn\\\/fr\\\/actualite\\\/international\\\/guerre-hamas-israel-au-moins-500-martyrs-dans-un-raid-israelien-sur-un-hopital\\\/209402\\\/\",\"url\":\"https:\\\/\\\/www.webdo.tn\\\/fr\\\/actualite\\\/international\\\/guerre-hamas-israel-au-moins-500-martyrs-dans-un-raid-israelien-sur-un-hopital\\\/209402\\\/\",\"name\":\"Guerre Hamas - Isra\u00ebl : Au moins 500 martyrs dans un raid isra\u00e9lien sur un h\u00f4pital\",\"isPartOf\":{\"@id\":\"https:\\\/\\\/www.webdo.tn\\\/fr\\\/#website\"},\"primaryImageOfPage\":{\"@id\":\"https:\\\/\\\/www.webdo.tn\\\/fr\\\/actualite\\\/international\\\/guerre-hamas-israel-au-moins-500-martyrs-dans-un-raid-israelien-sur-un-hopital\\\/209402\\\/#primaryimage\"},\"image\":{\"@id\":\"https:\\\/\\\/www.webdo.tn\\\/fr\\\/actualite\\\/international\\\/guerre-hamas-israel-au-moins-500-martyrs-dans-un-raid-israelien-sur-un-hopital\\\/209402\\\/#primaryimage\"},\"thumbnailUrl\":\"https:\\\/\\\/www.webdo.tn\\\/fr\\\/wp-content\\\/uploads\\\/2023\\\/10\\\/8c0ebbe13c68128cfe5274fc537a3a1c.jpg\",\"datePublished\":\"2023-10-17T19:19:00+00:00\",\"dateModified\":\"2025-05-20T22:10:19+00:00\",\"description\":\"Au moins 500 personnes ont \u00e9t\u00e9 tu\u00e9es dans une frappe isra\u00e9lienne ayant touch\u00e9 un h\u00f4pital de Gaza.\",\"breadcrumb\":{\"@id\":\"https:\\\/\\\/www.webdo.tn\\\/fr\\\/actualite\\\/international\\\/guerre-hamas-israel-au-moins-500-martyrs-dans-un-raid-israelien-sur-un-hopital\\\/209402\\\/#breadcrumb\"},\"inLanguage\":\"fr-FR\",\"potentialAction\":[{\"@type\":\"ReadAction\",\"target\":[\"https:\\\/\\\/www.webdo.tn\\\/fr\\\/actualite\\\/international\\\/guerre-hamas-israel-au-moins-500-martyrs-dans-un-raid-israelien-sur-un-hopital\\\/209402\\\/\"]}]},{\"@type\":\"ImageObject\",\"inLanguage\":\"fr-FR\",\"@id\":\"https:\\\/\\\/www.webdo.tn\\\/fr\\\/actualite\\\/international\\\/guerre-hamas-israel-au-moins-500-martyrs-dans-un-raid-israelien-sur-un-hopital\\\/209402\\\/#primaryimage\",\"url\":\"https:\\\/\\\/www.webdo.tn\\\/fr\\\/wp-content\\\/uploads\\\/2023\\\/10\\\/8c0ebbe13c68128cfe5274fc537a3a1c.jpg\",\"contentUrl\":\"https:\\\/\\\/www.webdo.tn\\\/fr\\\/wp-content\\\/uploads\\\/2023\\\/10\\\/8c0ebbe13c68128cfe5274fc537a3a1c.jpg\",\"width\":750,\"height\":400,\"caption\":\"Guerre Hamas - Isra\u00ebl : Au moins 500 martyrs dans un raid isra\u00e9lien sur un h\u00f4pital\"},{\"@type\":\"BreadcrumbList\",\"@id\":\"https:\\\/\\\/www.webdo.tn\\\/fr\\\/actualite\\\/international\\\/guerre-hamas-israel-au-moins-500-martyrs-dans-un-raid-israelien-sur-un-hopital\\\/209402\\\/#breadcrumb\",\"itemListElement\":[{\"@type\":\"ListItem\",\"position\":1,\"name\":\"Accueil\",\"item\":\"https:\\\/\\\/www.webdo.tn\\\/fr\\\/\"},{\"@type\":\"ListItem\",\"position\":2,\"name\":\"Guerre Hamas &#8211; Isra\u00ebl : Au moins 500 martyrs dans un raid isra\u00e9lien sur un h\u00f4pital\"}]},{\"@type\":\"WebSite\",\"@id\":\"https:\\\/\\\/www.webdo.tn\\\/fr\\\/#website\",\"url\":\"https:\\\/\\\/www.webdo.tn\\\/fr\\\/\",\"name\":\"webdo\",\"description\":\"Tunisie - News en Tunisie et \u00e0 l&#039;international sur Webdo.tn\",\"publisher\":{\"@id\":\"https:\\\/\\\/www.webdo.tn\\\/fr\\\/#organization\"},\"potentialAction\":[{\"@type\":\"SearchAction\",\"target\":{\"@type\":\"EntryPoint\",\"urlTemplate\":\"https:\\\/\\\/www.webdo.tn\\\/fr\\\/?s={search_term_string}\"},\"query-input\":{\"@type\":\"PropertyValueSpecification\",\"valueRequired\":true,\"valueName\":\"search_term_string\"}}],\"inLanguage\":\"fr-FR\"},{\"@type\":\"Organization\",\"@id\":\"https:\\\/\\\/www.webdo.tn\\\/fr\\\/#organization\",\"name\":\"Webdo\",\"alternateName\":\"Webdo.tn\",\"url\":\"https:\\\/\\\/www.webdo.tn\\\/fr\\\/\",\"logo\":{\"@type\":\"ImageObject\",\"inLanguage\":\"fr-FR\",\"@id\":\"https:\\\/\\\/www.webdo.tn\\\/fr\\\/#\\\/schema\\\/logo\\\/image\\\/\",\"url\":\"https:\\\/\\\/www.webdo.tn\\\/fr\\\/wp-content\\\/uploads\\\/2025\\\/06\\\/Webdo-Tunisie_168377.jpg\",\"contentUrl\":\"https:\\\/\\\/www.webdo.tn\\\/fr\\\/wp-content\\\/uploads\\\/2025\\\/06\\\/Webdo-Tunisie_168377.jpg\",\"width\":301,\"height\":301,\"caption\":\"Webdo\"},\"image\":{\"@id\":\"https:\\\/\\\/www.webdo.tn\\\/fr\\\/#\\\/schema\\\/logo\\\/image\\\/\"},\"sameAs\":[\"https:\\\/\\\/www.facebook.com\\\/webdotn\",\"https:\\\/\\\/x.com\\\/webdo_tn\"],\"description\":\"Webdo est un m\u00e9dia num\u00e9rique tunisien fond\u00e9 en 2010, sp\u00e9cialis\u00e9 dans l\u2019actualit\u00e9 nationale et internationale, l\u2019\u00e9conomie, la soci\u00e9t\u00e9 et les analyses politiques. Le site s\u2019adresse \u00e0 un large public francophone et couvre l\u2019information tunisienne en temps r\u00e9el.\",\"email\":\"redac@webdo.tn\",\"legalName\":\"YNJ SARL\",\"foundingDate\":\"2010-09-06\",\"numberOfEmployees\":{\"@type\":\"QuantitativeValue\",\"minValue\":\"11\",\"maxValue\":\"50\"}},{\"@type\":\"Person\",\"@id\":\"https:\\\/\\\/www.webdo.tn\\\/fr\\\/#\\\/schema\\\/person\\\/2c4929cbf5a809e3bd38617c6ce150f6\",\"name\":\"MC\",\"image\":{\"@type\":\"ImageObject\",\"inLanguage\":\"fr-FR\",\"@id\":\"https:\\\/\\\/secure.gravatar.com\\\/avatar\\\/a545bbb6f84efdd5553dbbc2895e3ca8f1d12c5215e00a041c9670b54aa9b18a?s=96&d=mm&r=g\",\"url\":\"https:\\\/\\\/secure.gravatar.com\\\/avatar\\\/a545bbb6f84efdd5553dbbc2895e3ca8f1d12c5215e00a041c9670b54aa9b18a?s=96&d=mm&r=g\",\"contentUrl\":\"https:\\\/\\\/secure.gravatar.com\\\/avatar\\\/a545bbb6f84efdd5553dbbc2895e3ca8f1d12c5215e00a041c9670b54aa9b18a?s=96&d=mm&r=g\",\"caption\":\"MC\"},\"url\":\"https:\\\/\\\/www.webdo.tn\\\/fr\\\/actualite\\\/author\\\/mc\\\/\"}]}<\/script>\n<!-- \/ Yoast SEO Premium plugin. -->","yoast_head_json":{"title":"Guerre Hamas - Isra\u00ebl : Au moins 500 martyrs dans un raid isra\u00e9lien sur un h\u00f4pital","description":"Au moins 500 personnes ont \u00e9t\u00e9 tu\u00e9es dans une frappe isra\u00e9lienne ayant touch\u00e9 un h\u00f4pital de Gaza.","canonical":"https:\/\/www.webdo.tn\/fr\/actualite\/international\/guerre-hamas-israel-au-moins-500-martyrs-dans-un-raid-israelien-sur-un-hopital\/209402\/","og_locale":"fr_FR","og_type":"article","og_title":"Guerre Hamas - Isra\u00ebl : Au moins 500 martyrs dans un raid isra\u00e9lien sur un h\u00f4pital","og_description":"Au moins 500 personnes ont \u00e9t\u00e9 tu\u00e9es dans une frappe isra\u00e9lienne ayant touch\u00e9 un h\u00f4pital de Gaza.","og_url":"https:\/\/www.webdo.tn\/fr\/actualite\/international\/guerre-hamas-israel-au-moins-500-martyrs-dans-un-raid-israelien-sur-un-hopital\/209402\/","og_site_name":"webdo","article_publisher":"https:\/\/www.facebook.com\/webdotn","article_published_time":"2023-10-17T19:19:00+00:00","article_modified_time":"2025-05-20T22:10:19+00:00","og_image":[{"width":750,"height":400,"url":"https:\/\/www.webdo.tn\/fr\/wp-content\/uploads\/2023\/10\/8c0ebbe13c68128cfe5274fc537a3a1c.jpg","type":"image\/jpeg"}],"author":"MC","twitter_card":"summary_large_image","twitter_creator":"@webdo_tn","twitter_site":"@webdo_tn","twitter_misc":{"\u00c9crit par":"MC","Dur\u00e9e de lecture estim\u00e9e":"1 minute"},"schema":{"@context":"https:\/\/schema.org","@graph":[{"@type":"NewsArticle","@id":"https:\/\/www.webdo.tn\/fr\/actualite\/international\/guerre-hamas-israel-au-moins-500-martyrs-dans-un-raid-israelien-sur-un-hopital\/209402\/#article","isPartOf":{"@id":"https:\/\/www.webdo.tn\/fr\/actualite\/international\/guerre-hamas-israel-au-moins-500-martyrs-dans-un-raid-israelien-sur-un-hopital\/209402\/"},"author":{"name":"MC","@id":"https:\/\/www.webdo.tn\/fr\/#\/schema\/person\/2c4929cbf5a809e3bd38617c6ce150f6"},"headline":"Guerre Hamas &#8211; Isra\u00ebl : Au moins 500 martyrs dans un raid isra\u00e9lien sur un h\u00f4pital","datePublished":"2023-10-17T19:19:00+00:00","dateModified":"2025-05-20T22:10:19+00:00","mainEntityOfPage":{"@id":"https:\/\/www.webdo.tn\/fr\/actualite\/international\/guerre-hamas-israel-au-moins-500-martyrs-dans-un-raid-israelien-sur-un-hopital\/209402\/"},"wordCount":215,"commentCount":0,"publisher":{"@id":"https:\/\/www.webdo.tn\/fr\/#organization"},"image":{"@id":"https:\/\/www.webdo.tn\/fr\/actualite\/international\/guerre-hamas-israel-au-moins-500-martyrs-dans-un-raid-israelien-sur-un-hopital\/209402\/#primaryimage"},"thumbnailUrl":"https:\/\/www.webdo.tn\/fr\/wp-content\/uploads\/2023\/10\/8c0ebbe13c68128cfe5274fc537a3a1c.jpg","keywords":["Gaza","isra\u00ebl","Martyrs","morts"],"articleSection":["International"],"inLanguage":"fr-FR"},{"@type":"WebPage","@id":"https:\/\/www.webdo.tn\/fr\/actualite\/international\/guerre-hamas-israel-au-moins-500-martyrs-dans-un-raid-israelien-sur-un-hopital\/209402\/","url":"https:\/\/www.webdo.tn\/fr\/actualite\/international\/guerre-hamas-israel-au-moins-500-martyrs-dans-un-raid-israelien-sur-un-hopital\/209402\/","name":"Guerre Hamas - Isra\u00ebl : Au moins 500 martyrs dans un raid isra\u00e9lien sur un h\u00f4pital","isPartOf":{"@id":"https:\/\/www.webdo.tn\/fr\/#website"},"primaryImageOfPage":{"@id":"https:\/\/www.webdo.tn\/fr\/actualite\/international\/guerre-hamas-israel-au-moins-500-martyrs-dans-un-raid-israelien-sur-un-hopital\/209402\/#primaryimage"},"image":{"@id":"https:\/\/www.webdo.tn\/fr\/actualite\/international\/guerre-hamas-israel-au-moins-500-martyrs-dans-un-raid-israelien-sur-un-hopital\/209402\/#primaryimage"},"thumbnailUrl":"https:\/\/www.webdo.tn\/fr\/wp-content\/uploads\/2023\/10\/8c0ebbe13c68128cfe5274fc537a3a1c.jpg","datePublished":"2023-10-17T19:19:00+00:00","dateModified":"2025-05-20T22:10:19+00:00","description":"Au moins 500 personnes ont \u00e9t\u00e9 tu\u00e9es dans une frappe isra\u00e9lienne ayant touch\u00e9 un h\u00f4pital de Gaza.","breadcrumb":{"@id":"https:\/\/www.webdo.tn\/fr\/actualite\/international\/guerre-hamas-israel-au-moins-500-martyrs-dans-un-raid-israelien-sur-un-hopital\/209402\/#breadcrumb"},"inLanguage":"fr-FR","potentialAction":[{"@type":"ReadAction","target":["https:\/\/www.webdo.tn\/fr\/actualite\/international\/guerre-hamas-israel-au-moins-500-martyrs-dans-un-raid-israelien-sur-un-hopital\/209402\/"]}]},{"@type":"ImageObject","inLanguage":"fr-FR","@id":"https:\/\/www.webdo.tn\/fr\/actualite\/international\/guerre-hamas-israel-au-moins-500-martyrs-dans-un-raid-israelien-sur-un-hopital\/209402\/#primaryimage","url":"https:\/\/www.webdo.tn\/fr\/wp-content\/uploads\/2023\/10\/8c0ebbe13c68128cfe5274fc537a3a1c.jpg","contentUrl":"https:\/\/www.webdo.tn\/fr\/wp-content\/uploads\/2023\/10\/8c0ebbe13c68128cfe5274fc537a3a1c.jpg","width":750,"height":400,"caption":"Guerre Hamas - Isra\u00ebl : Au moins 500 martyrs dans un raid isra\u00e9lien sur un h\u00f4pital"},{"@type":"BreadcrumbList","@id":"https:\/\/www.webdo.tn\/fr\/actualite\/international\/guerre-hamas-israel-au-moins-500-martyrs-dans-un-raid-israelien-sur-un-hopital\/209402\/#breadcrumb","itemListElement":[{"@type":"ListItem","position":1,"name":"Accueil","item":"https:\/\/www.webdo.tn\/fr\/"},{"@type":"ListItem","position":2,"name":"Guerre Hamas &#8211; Isra\u00ebl : Au moins 500 martyrs dans un raid isra\u00e9lien sur un h\u00f4pital"}]},{"@type":"WebSite","@id":"https:\/\/www.webdo.tn\/fr\/#website","url":"https:\/\/www.webdo.tn\/fr\/","name":"webdo","description":"Tunisie - News en Tunisie et \u00e0 l&#039;international sur Webdo.tn","publisher":{"@id":"https:\/\/www.webdo.tn\/fr\/#organization"},"potentialAction":[{"@type":"SearchAction","target":{"@type":"EntryPoint","urlTemplate":"https:\/\/www.webdo.tn\/fr\/?s={search_term_string}"},"query-input":{"@type":"PropertyValueSpecification","valueRequired":true,"valueName":"search_term_string"}}],"inLanguage":"fr-FR"},{"@type":"Organization","@id":"https:\/\/www.webdo.tn\/fr\/#organization","name":"Webdo","alternateName":"Webdo.tn","url":"https:\/\/www.webdo.tn\/fr\/","logo":{"@type":"ImageObject","inLanguage":"fr-FR","@id":"https:\/\/www.webdo.tn\/fr\/#\/schema\/logo\/image\/","url":"https:\/\/www.webdo.tn\/fr\/wp-content\/uploads\/2025\/06\/Webdo-Tunisie_168377.jpg","contentUrl":"https:\/\/www.webdo.tn\/fr\/wp-content\/uploads\/2025\/06\/Webdo-Tunisie_168377.jpg","width":301,"height":301,"caption":"Webdo"},"image":{"@id":"https:\/\/www.webdo.tn\/fr\/#\/schema\/logo\/image\/"},"sameAs":["https:\/\/www.facebook.com\/webdotn","https:\/\/x.com\/webdo_tn"],"description":"Webdo est un m\u00e9dia num\u00e9rique tunisien fond\u00e9 en 2010, sp\u00e9cialis\u00e9 dans l\u2019actualit\u00e9 nationale et internationale, l\u2019\u00e9conomie, la soci\u00e9t\u00e9 et les analyses politiques. Le site s\u2019adresse \u00e0 un large public francophone et couvre l\u2019information tunisienne en temps r\u00e9el.","email":"redac@webdo.tn","legalName":"YNJ SARL","foundingDate":"2010-09-06","numberOfEmployees":{"@type":"QuantitativeValue","minValue":"11","maxValue":"50"}},{"@type":"Person","@id":"https:\/\/www.webdo.tn\/fr\/#\/schema\/person\/2c4929cbf5a809e3bd38617c6ce150f6","name":"MC","image":{"@type":"ImageObject","inLanguage":"fr-FR","@id":"https:\/\/secure.gravatar.com\/avatar\/a545bbb6f84efdd5553dbbc2895e3ca8f1d12c5215e00a041c9670b54aa9b18a?s=96&d=mm&r=g","url":"https:\/\/secure.gravatar.com\/avatar\/a545bbb6f84efdd5553dbbc2895e3ca8f1d12c5215e00a041c9670b54aa9b18a?s=96&d=mm&r=g","contentUrl":"https:\/\/secure.gravatar.com\/avatar\/a545bbb6f84efdd5553dbbc2895e3ca8f1d12c5215e00a041c9670b54aa9b18a?s=96&d=mm&r=g","caption":"MC"},"url":"https:\/\/www.webdo.tn\/fr\/actualite\/author\/mc\/"}]}},"_links":{"self":[{"href":"https:\/\/www.webdo.tn\/fr\/wp-json\/wp\/v2\/posts\/209402","targetHints":{"allow":["GET"]}}],"collection":[{"href":"https:\/\/www.webdo.tn\/fr\/wp-json\/wp\/v2\/posts"}],"about":[{"href":"https:\/\/www.webdo.tn\/fr\/wp-json\/wp\/v2\/types\/post"}],"author":[{"embeddable":true,"href":"https:\/\/www.webdo.tn\/fr\/wp-json\/wp\/v2\/users\/3162"}],"replies":[{"embeddable":true,"href":"https:\/\/www.webdo.tn\/fr\/wp-json\/wp\/v2\/comments?post=209402"}],"version-history":[{"count":0,"href":"https:\/\/www.webdo.tn\/fr\/wp-json\/wp\/v2\/posts\/209402\/revisions"}],"wp:featuredmedia":[{"embeddable":true,"href":"https:\/\/www.webdo.tn\/fr\/wp-json\/wp\/v2\/media\/278908"}],"wp:attachment":[{"href":"https:\/\/www.webdo.tn\/fr\/wp-json\/wp\/v2\/media?parent=209402"}],"wp:term":[{"taxonomy":"category","embeddable":true,"href":"https:\/\/www.webdo.tn\/fr\/wp-json\/wp\/v2\/categories?post=209402"},{"taxonomy":"post_tag","embeddable":true,"href":"https:\/\/www.webdo.tn\/fr\/wp-json\/wp\/v2\/tags?post=209402"}],"curies":[{"name":"wp","href":"https:\/\/api.w.org\/{rel}","templated":true}]}}