{"id":209384,"date":"2023-10-17T09:09:00","date_gmt":"2023-10-17T09:09:00","guid":{"rendered":"https:\/\/www.webdo.tn\/fr\/blog\/l-etat-providence-se-libere\/209384\/"},"modified":"2025-05-20T22:57:37","modified_gmt":"2025-05-20T22:57:37","slug":"l-etat-providence-se-libere","status":"publish","type":"post","link":"https:\/\/www.webdo.tn\/fr\/actualite\/tunis-hebdo\/l-etat-providence-se-libere\/209384\/","title":{"rendered":"L\u2019Etat providence se lib\u00e8re !"},"content":{"rendered":"<p>Le projet de LF 2024 pr\u00e9conise la lev\u00e9e du monopole de l\u2019Etat sur l\u2019importation et la distribution des produits subventionn\u00e9s tels que les c\u00e9r\u00e9ales, le sucre ou encore le th\u00e9 dont l\u2019OCT est le d\u00e9positaire historique. La question que l\u2019on doit se poser : \u00e0 quel prix cette mesure se fera-t-elle ?<\/p>\n<p>\t\t\t\t\t\t\t\t\tL\u2019Etat est sur le point de lever la main sur les produits de base, une information \u00e0 prendre avec les r\u00e9serves d\u2019usage tant il est vrai que le PLF 2024 dans lequel serait formul\u00e9e cette mesure, n\u2019a pas \u00e9t\u00e9 approuv\u00e9 par l\u2019ARP comme le veut la loi.<\/p>\n<p>Ceci dit, la lib\u00e9ralisation des produits de base est un v\u0153u pieux que les op\u00e9rateurs priv\u00e9s ont longtemps r\u00e9clam\u00e9 et qui sera, peut-\u00eatre, exauc\u00e9 \u00e0 partir du prochain exercice comptable.<\/p>\n<p>Le pourquoi de la mesure ?<\/p>\n<p>L\u2019Etat s\u2019est-il rendu, enfin, \u00e0 l\u2019\u00e9vidence quant \u00e0 l\u2019impossibilit\u00e9 de continuer \u00e0 monopoliser des activit\u00e9s qui sont pass\u00e9es, pratiquement dans tous les pays du monde, aux mains des priv\u00e9s ? Cette mesure sera-t-elle prise dans le cadre des r\u00e9formes visant au d\u00e9sengagement de l\u2019Etat des secteurs concurrentiels ?<\/p>\n<p>Ce serait l\u00e0 une r\u00e9forme de fond m\u00eame si elle reste discutable. L\u2019Etat le fera-t-il par n\u00e9cessit\u00e9, \u00e9tant incapable de financer ses achats de l\u2019ext\u00e9rieur, vu l\u2019explosion des cours mondiaux des produits de base ?<\/p>\n<p>Si les autorit\u00e9s le feront contre leur volont\u00e9, \u00e7a serait l\u00e0 une mesure qui ne s\u2019ins\u00e8re dans aucun projet de r\u00e9forme, lequel cas elle sera vou\u00e9e \u00e0 l\u2019\u00e9chec. En tout \u00e9tat de cause, quel que soit le mobile, cette mesure ne plaira pas \u00e0 tout le monde.<\/p>\n<p>Prix des hydrocarbures, \u00e7a va br\u00fbler !<\/p>\n<p>Le PLF 2024 pr\u00e9voit, par ailleurs, la poursuite de la politique relative \u00e0 la lev\u00e9e de la subvention sur les hydrocarbures. Une mesure qui risque de mettre davantage le feu sur des prix d\u00e9j\u00e0 tr\u00e8s \u00e9lev\u00e9s par rapport au pouvoir d\u2019achat du Tunisien. Ceci dit, tout porte \u00e0 croire que d\u2019ici quelques ann\u00e9es, le Tunisien va acqu\u00e9rir les hydrocarbures \u00e0 prix r\u00e9els, c&rsquo;est-\u00e0-dire sans la subvention de l\u2019Etat.<\/p>\n<p>Sur le plan des mesures visant, soi-disant, \u00e0 all\u00e9ger le fardeau du citoyen, il est pr\u00e9vu dans le cadre du PLF 2024 une baisse de l\u2019imp\u00f4t sur le revenu des personnes physiques. Quel sera le taux de cette baisse ? L\u2019on ne sait pas encore.<\/p>\n<p>Ce qui est frappant, par contre, dans le PLF 2024, c\u2019est la contradiction entre la lib\u00e9ralisation qui a inspir\u00e9 le gros de ce projet et le renforcement du r\u00f4le social de l&rsquo;Etat.<\/p>\n<p>Ce renforcement, soi-dit en passant, consiste \u00e0\u00a0 garantir l&rsquo;approvisionnement du march\u00e9, \u00e0 soutenir le secteur de l&rsquo;agriculture, de la p\u00eache et des ressources hydrauliques, \u00e0 appuyer l&rsquo;inclusion financi\u00e8re des PME, \u00e0 encourager l&rsquo;\u00e9pargne et \u00e0 renforcer l&rsquo;investissement. Il va sans dire que tout cela reste du domaine de l\u2019impr\u00e9cis pour ne pas dire du flou.<\/p>\n<p>On vous aura \u00e9pargn\u00e9, dans le m\u00eame sillage, les dispositions, toutes aussi improbables, relatives \u00e0 la mise en place de m\u00e9canismes alternatifs pour financer la compensation, soutenir l&rsquo;\u00e9conomie verte, le d\u00e9veloppement durable, la lutte contre l&rsquo;\u00e9vasion fiscale, l&rsquo;int\u00e9gration de l&rsquo;\u00e9conomie parall\u00e8le, la conformit\u00e9 fiscale et le renforcement des garanties au profit du contribuable.<\/p>\n<p>En r\u00e9sum\u00e9, toute la cohorte de mesures qui, en partie, ne verront jamais le jour.<\/p>\n<p>Chahir CHAKROUN<\/p>\n","protected":false},"excerpt":{"rendered":"<p>Le projet de LF 2024 pr\u00e9conise la lev\u00e9e du monopole de l\u2019Etat sur l\u2019importation et la distribution des produits subventionn\u00e9s, mais \u00e0 quel prix ?<\/p>\n","protected":false},"author":3186,"featured_media":278895,"comment_status":"open","ping_status":"closed","sticky":false,"template":"","format":"standard","meta":{"footnotes":""},"categories":[7653],"tags":[4172,7429,3735],"class_list":["post-209384","post","type-post","status-publish","format-standard","has-post-thumbnail","hentry","category-tunis-hebdo","tag-monopole","tag-plf-2024","tag-subventions"],"yoast_head":"<!-- This site is optimized with the Yoast SEO Premium plugin v27.5 (Yoast SEO v27.5) - https:\/\/yoast.com\/product\/yoast-seo-premium-wordpress\/ -->\n<title>L\u2019Etat providence se lib\u00e8re !<\/title>\n<meta name=\"description\" content=\"Le projet de LF 2024 pr\u00e9conise la lev\u00e9e du monopole de l\u2019Etat sur l\u2019importation et la distribution des produits subventionn\u00e9s, mais \u00e0 quel prix ?\" \/>\n<link rel=\"canonical\" href=\"https:\/\/www.webdo.tn\/fr\/actualite\/tunis-hebdo\/l-etat-providence-se-libere\/209384\/\" \/>\n<meta property=\"og:locale\" content=\"fr_FR\" \/>\n<meta property=\"og:type\" content=\"article\" \/>\n<meta property=\"og:title\" content=\"L\u2019Etat providence se lib\u00e8re !\" \/>\n<meta property=\"og:description\" content=\"Le projet de LF 2024 pr\u00e9conise la lev\u00e9e du monopole de l\u2019Etat sur l\u2019importation et la distribution des produits subventionn\u00e9s, mais \u00e0 quel prix ?\" \/>\n<meta property=\"og:url\" content=\"https:\/\/www.webdo.tn\/fr\/actualite\/tunis-hebdo\/l-etat-providence-se-libere\/209384\/\" \/>\n<meta property=\"og:site_name\" content=\"webdo\" \/>\n<meta property=\"article:publisher\" content=\"https:\/\/www.facebook.com\/webdotn\" \/>\n<meta property=\"article:published_time\" content=\"2023-10-17T09:09:00+00:00\" \/>\n<meta property=\"article:modified_time\" content=\"2025-05-20T22:57:37+00:00\" \/>\n<meta property=\"og:image\" content=\"https:\/\/www.webdo.tn\/fr\/wp-content\/uploads\/2023\/10\/6b0e9ced0ced73a7bf851e6f882f205e.jpg\" \/>\n\t<meta property=\"og:image:width\" content=\"750\" \/>\n\t<meta property=\"og:image:height\" content=\"400\" \/>\n\t<meta property=\"og:image:type\" content=\"image\/jpeg\" \/>\n<meta name=\"author\" content=\"Chahir Chakroun\" \/>\n<meta name=\"twitter:card\" content=\"summary_large_image\" \/>\n<meta name=\"twitter:creator\" content=\"@webdo_tn\" \/>\n<meta name=\"twitter:site\" content=\"@webdo_tn\" \/>\n<meta name=\"twitter:label1\" content=\"\u00c9crit par\" \/>\n\t<meta name=\"twitter:data1\" content=\"Chahir Chakroun\" \/>\n\t<meta name=\"twitter:label2\" content=\"Dur\u00e9e de lecture estim\u00e9e\" \/>\n\t<meta name=\"twitter:data2\" content=\"3 minutes\" \/>\n<script type=\"application\/ld+json\" class=\"yoast-schema-graph\">{\"@context\":\"https:\\\/\\\/schema.org\",\"@graph\":[{\"@type\":\"NewsArticle\",\"@id\":\"https:\\\/\\\/www.webdo.tn\\\/fr\\\/actualite\\\/tunis-hebdo\\\/l-etat-providence-se-libere\\\/209384\\\/#article\",\"isPartOf\":{\"@id\":\"https:\\\/\\\/www.webdo.tn\\\/fr\\\/actualite\\\/tunis-hebdo\\\/l-etat-providence-se-libere\\\/209384\\\/\"},\"author\":{\"name\":\"Chahir Chakroun\",\"@id\":\"https:\\\/\\\/www.webdo.tn\\\/fr\\\/#\\\/schema\\\/person\\\/3f41e9e13a5b28b1e090b453bf179656\"},\"headline\":\"L\u2019Etat providence se lib\u00e8re !\",\"datePublished\":\"2023-10-17T09:09:00+00:00\",\"dateModified\":\"2025-05-20T22:57:37+00:00\",\"mainEntityOfPage\":{\"@id\":\"https:\\\/\\\/www.webdo.tn\\\/fr\\\/actualite\\\/tunis-hebdo\\\/l-etat-providence-se-libere\\\/209384\\\/\"},\"wordCount\":604,\"commentCount\":0,\"publisher\":{\"@id\":\"https:\\\/\\\/www.webdo.tn\\\/fr\\\/#organization\"},\"image\":{\"@id\":\"https:\\\/\\\/www.webdo.tn\\\/fr\\\/actualite\\\/tunis-hebdo\\\/l-etat-providence-se-libere\\\/209384\\\/#primaryimage\"},\"thumbnailUrl\":\"https:\\\/\\\/www.webdo.tn\\\/fr\\\/wp-content\\\/uploads\\\/2023\\\/10\\\/6b0e9ced0ced73a7bf851e6f882f205e.jpg\",\"keywords\":[\"monopole\",\"PLF 2024\",\"subventions\"],\"articleSection\":[\"Tunis-Hebdo\"],\"inLanguage\":\"fr-FR\"},{\"@type\":\"WebPage\",\"@id\":\"https:\\\/\\\/www.webdo.tn\\\/fr\\\/actualite\\\/tunis-hebdo\\\/l-etat-providence-se-libere\\\/209384\\\/\",\"url\":\"https:\\\/\\\/www.webdo.tn\\\/fr\\\/actualite\\\/tunis-hebdo\\\/l-etat-providence-se-libere\\\/209384\\\/\",\"name\":\"L\u2019Etat providence se lib\u00e8re !\",\"isPartOf\":{\"@id\":\"https:\\\/\\\/www.webdo.tn\\\/fr\\\/#website\"},\"primaryImageOfPage\":{\"@id\":\"https:\\\/\\\/www.webdo.tn\\\/fr\\\/actualite\\\/tunis-hebdo\\\/l-etat-providence-se-libere\\\/209384\\\/#primaryimage\"},\"image\":{\"@id\":\"https:\\\/\\\/www.webdo.tn\\\/fr\\\/actualite\\\/tunis-hebdo\\\/l-etat-providence-se-libere\\\/209384\\\/#primaryimage\"},\"thumbnailUrl\":\"https:\\\/\\\/www.webdo.tn\\\/fr\\\/wp-content\\\/uploads\\\/2023\\\/10\\\/6b0e9ced0ced73a7bf851e6f882f205e.jpg\",\"datePublished\":\"2023-10-17T09:09:00+00:00\",\"dateModified\":\"2025-05-20T22:57:37+00:00\",\"description\":\"Le projet de LF 2024 pr\u00e9conise la lev\u00e9e du monopole de l\u2019Etat sur l\u2019importation et la distribution des produits subventionn\u00e9s, mais \u00e0 quel prix ?\",\"breadcrumb\":{\"@id\":\"https:\\\/\\\/www.webdo.tn\\\/fr\\\/actualite\\\/tunis-hebdo\\\/l-etat-providence-se-libere\\\/209384\\\/#breadcrumb\"},\"inLanguage\":\"fr-FR\",\"potentialAction\":[{\"@type\":\"ReadAction\",\"target\":[\"https:\\\/\\\/www.webdo.tn\\\/fr\\\/actualite\\\/tunis-hebdo\\\/l-etat-providence-se-libere\\\/209384\\\/\"]}]},{\"@type\":\"ImageObject\",\"inLanguage\":\"fr-FR\",\"@id\":\"https:\\\/\\\/www.webdo.tn\\\/fr\\\/actualite\\\/tunis-hebdo\\\/l-etat-providence-se-libere\\\/209384\\\/#primaryimage\",\"url\":\"https:\\\/\\\/www.webdo.tn\\\/fr\\\/wp-content\\\/uploads\\\/2023\\\/10\\\/6b0e9ced0ced73a7bf851e6f882f205e.jpg\",\"contentUrl\":\"https:\\\/\\\/www.webdo.tn\\\/fr\\\/wp-content\\\/uploads\\\/2023\\\/10\\\/6b0e9ced0ced73a7bf851e6f882f205e.jpg\",\"width\":750,\"height\":400,\"caption\":\"L\u2019Etat providence se lib\u00e8re !\"},{\"@type\":\"BreadcrumbList\",\"@id\":\"https:\\\/\\\/www.webdo.tn\\\/fr\\\/actualite\\\/tunis-hebdo\\\/l-etat-providence-se-libere\\\/209384\\\/#breadcrumb\",\"itemListElement\":[{\"@type\":\"ListItem\",\"position\":1,\"name\":\"Accueil\",\"item\":\"https:\\\/\\\/www.webdo.tn\\\/fr\\\/\"},{\"@type\":\"ListItem\",\"position\":2,\"name\":\"L\u2019Etat providence se lib\u00e8re !\"}]},{\"@type\":\"WebSite\",\"@id\":\"https:\\\/\\\/www.webdo.tn\\\/fr\\\/#website\",\"url\":\"https:\\\/\\\/www.webdo.tn\\\/fr\\\/\",\"name\":\"webdo\",\"description\":\"Tunisie - News en Tunisie et \u00e0 l&#039;international sur Webdo.tn\",\"publisher\":{\"@id\":\"https:\\\/\\\/www.webdo.tn\\\/fr\\\/#organization\"},\"potentialAction\":[{\"@type\":\"SearchAction\",\"target\":{\"@type\":\"EntryPoint\",\"urlTemplate\":\"https:\\\/\\\/www.webdo.tn\\\/fr\\\/?s={search_term_string}\"},\"query-input\":{\"@type\":\"PropertyValueSpecification\",\"valueRequired\":true,\"valueName\":\"search_term_string\"}}],\"inLanguage\":\"fr-FR\"},{\"@type\":\"Organization\",\"@id\":\"https:\\\/\\\/www.webdo.tn\\\/fr\\\/#organization\",\"name\":\"Webdo\",\"alternateName\":\"Webdo.tn\",\"url\":\"https:\\\/\\\/www.webdo.tn\\\/fr\\\/\",\"logo\":{\"@type\":\"ImageObject\",\"inLanguage\":\"fr-FR\",\"@id\":\"https:\\\/\\\/www.webdo.tn\\\/fr\\\/#\\\/schema\\\/logo\\\/image\\\/\",\"url\":\"https:\\\/\\\/www.webdo.tn\\\/fr\\\/wp-content\\\/uploads\\\/2025\\\/06\\\/Webdo-Tunisie_168377.jpg\",\"contentUrl\":\"https:\\\/\\\/www.webdo.tn\\\/fr\\\/wp-content\\\/uploads\\\/2025\\\/06\\\/Webdo-Tunisie_168377.jpg\",\"width\":301,\"height\":301,\"caption\":\"Webdo\"},\"image\":{\"@id\":\"https:\\\/\\\/www.webdo.tn\\\/fr\\\/#\\\/schema\\\/logo\\\/image\\\/\"},\"sameAs\":[\"https:\\\/\\\/www.facebook.com\\\/webdotn\",\"https:\\\/\\\/x.com\\\/webdo_tn\"],\"description\":\"Webdo est un m\u00e9dia num\u00e9rique tunisien fond\u00e9 en 2010, sp\u00e9cialis\u00e9 dans l\u2019actualit\u00e9 nationale et internationale, l\u2019\u00e9conomie, la soci\u00e9t\u00e9 et les analyses politiques. Le site s\u2019adresse \u00e0 un large public francophone et couvre l\u2019information tunisienne en temps r\u00e9el.\",\"email\":\"redac@webdo.tn\",\"legalName\":\"YNJ SARL\",\"foundingDate\":\"2010-09-06\",\"numberOfEmployees\":{\"@type\":\"QuantitativeValue\",\"minValue\":\"11\",\"maxValue\":\"50\"}},{\"@type\":\"Person\",\"@id\":\"https:\\\/\\\/www.webdo.tn\\\/fr\\\/#\\\/schema\\\/person\\\/3f41e9e13a5b28b1e090b453bf179656\",\"name\":\"Chahir Chakroun\",\"image\":{\"@type\":\"ImageObject\",\"inLanguage\":\"fr-FR\",\"@id\":\"https:\\\/\\\/secure.gravatar.com\\\/avatar\\\/7dc3cc20cf423eeea436bd24c5e8be46b96eeb7d8993ae5b47f74a1f18821d8a?s=96&d=mm&r=g\",\"url\":\"https:\\\/\\\/secure.gravatar.com\\\/avatar\\\/7dc3cc20cf423eeea436bd24c5e8be46b96eeb7d8993ae5b47f74a1f18821d8a?s=96&d=mm&r=g\",\"contentUrl\":\"https:\\\/\\\/secure.gravatar.com\\\/avatar\\\/7dc3cc20cf423eeea436bd24c5e8be46b96eeb7d8993ae5b47f74a1f18821d8a?s=96&d=mm&r=g\",\"caption\":\"Chahir Chakroun\"},\"url\":\"https:\\\/\\\/www.webdo.tn\\\/fr\\\/actualite\\\/author\\\/chahir-chakroun\\\/\"}]}<\/script>\n<!-- \/ Yoast SEO Premium plugin. -->","yoast_head_json":{"title":"L\u2019Etat providence se lib\u00e8re !","description":"Le projet de LF 2024 pr\u00e9conise la lev\u00e9e du monopole de l\u2019Etat sur l\u2019importation et la distribution des produits subventionn\u00e9s, mais \u00e0 quel prix ?","canonical":"https:\/\/www.webdo.tn\/fr\/actualite\/tunis-hebdo\/l-etat-providence-se-libere\/209384\/","og_locale":"fr_FR","og_type":"article","og_title":"L\u2019Etat providence se lib\u00e8re !","og_description":"Le projet de LF 2024 pr\u00e9conise la lev\u00e9e du monopole de l\u2019Etat sur l\u2019importation et la distribution des produits subventionn\u00e9s, mais \u00e0 quel prix ?","og_url":"https:\/\/www.webdo.tn\/fr\/actualite\/tunis-hebdo\/l-etat-providence-se-libere\/209384\/","og_site_name":"webdo","article_publisher":"https:\/\/www.facebook.com\/webdotn","article_published_time":"2023-10-17T09:09:00+00:00","article_modified_time":"2025-05-20T22:57:37+00:00","og_image":[{"width":750,"height":400,"url":"https:\/\/www.webdo.tn\/fr\/wp-content\/uploads\/2023\/10\/6b0e9ced0ced73a7bf851e6f882f205e.jpg","type":"image\/jpeg"}],"author":"Chahir Chakroun","twitter_card":"summary_large_image","twitter_creator":"@webdo_tn","twitter_site":"@webdo_tn","twitter_misc":{"\u00c9crit par":"Chahir Chakroun","Dur\u00e9e de lecture estim\u00e9e":"3 minutes"},"schema":{"@context":"https:\/\/schema.org","@graph":[{"@type":"NewsArticle","@id":"https:\/\/www.webdo.tn\/fr\/actualite\/tunis-hebdo\/l-etat-providence-se-libere\/209384\/#article","isPartOf":{"@id":"https:\/\/www.webdo.tn\/fr\/actualite\/tunis-hebdo\/l-etat-providence-se-libere\/209384\/"},"author":{"name":"Chahir Chakroun","@id":"https:\/\/www.webdo.tn\/fr\/#\/schema\/person\/3f41e9e13a5b28b1e090b453bf179656"},"headline":"L\u2019Etat providence se lib\u00e8re !","datePublished":"2023-10-17T09:09:00+00:00","dateModified":"2025-05-20T22:57:37+00:00","mainEntityOfPage":{"@id":"https:\/\/www.webdo.tn\/fr\/actualite\/tunis-hebdo\/l-etat-providence-se-libere\/209384\/"},"wordCount":604,"commentCount":0,"publisher":{"@id":"https:\/\/www.webdo.tn\/fr\/#organization"},"image":{"@id":"https:\/\/www.webdo.tn\/fr\/actualite\/tunis-hebdo\/l-etat-providence-se-libere\/209384\/#primaryimage"},"thumbnailUrl":"https:\/\/www.webdo.tn\/fr\/wp-content\/uploads\/2023\/10\/6b0e9ced0ced73a7bf851e6f882f205e.jpg","keywords":["monopole","PLF 2024","subventions"],"articleSection":["Tunis-Hebdo"],"inLanguage":"fr-FR"},{"@type":"WebPage","@id":"https:\/\/www.webdo.tn\/fr\/actualite\/tunis-hebdo\/l-etat-providence-se-libere\/209384\/","url":"https:\/\/www.webdo.tn\/fr\/actualite\/tunis-hebdo\/l-etat-providence-se-libere\/209384\/","name":"L\u2019Etat providence se lib\u00e8re !","isPartOf":{"@id":"https:\/\/www.webdo.tn\/fr\/#website"},"primaryImageOfPage":{"@id":"https:\/\/www.webdo.tn\/fr\/actualite\/tunis-hebdo\/l-etat-providence-se-libere\/209384\/#primaryimage"},"image":{"@id":"https:\/\/www.webdo.tn\/fr\/actualite\/tunis-hebdo\/l-etat-providence-se-libere\/209384\/#primaryimage"},"thumbnailUrl":"https:\/\/www.webdo.tn\/fr\/wp-content\/uploads\/2023\/10\/6b0e9ced0ced73a7bf851e6f882f205e.jpg","datePublished":"2023-10-17T09:09:00+00:00","dateModified":"2025-05-20T22:57:37+00:00","description":"Le projet de LF 2024 pr\u00e9conise la lev\u00e9e du monopole de l\u2019Etat sur l\u2019importation et la distribution des produits subventionn\u00e9s, mais \u00e0 quel prix ?","breadcrumb":{"@id":"https:\/\/www.webdo.tn\/fr\/actualite\/tunis-hebdo\/l-etat-providence-se-libere\/209384\/#breadcrumb"},"inLanguage":"fr-FR","potentialAction":[{"@type":"ReadAction","target":["https:\/\/www.webdo.tn\/fr\/actualite\/tunis-hebdo\/l-etat-providence-se-libere\/209384\/"]}]},{"@type":"ImageObject","inLanguage":"fr-FR","@id":"https:\/\/www.webdo.tn\/fr\/actualite\/tunis-hebdo\/l-etat-providence-se-libere\/209384\/#primaryimage","url":"https:\/\/www.webdo.tn\/fr\/wp-content\/uploads\/2023\/10\/6b0e9ced0ced73a7bf851e6f882f205e.jpg","contentUrl":"https:\/\/www.webdo.tn\/fr\/wp-content\/uploads\/2023\/10\/6b0e9ced0ced73a7bf851e6f882f205e.jpg","width":750,"height":400,"caption":"L\u2019Etat providence se lib\u00e8re !"},{"@type":"BreadcrumbList","@id":"https:\/\/www.webdo.tn\/fr\/actualite\/tunis-hebdo\/l-etat-providence-se-libere\/209384\/#breadcrumb","itemListElement":[{"@type":"ListItem","position":1,"name":"Accueil","item":"https:\/\/www.webdo.tn\/fr\/"},{"@type":"ListItem","position":2,"name":"L\u2019Etat providence se lib\u00e8re !"}]},{"@type":"WebSite","@id":"https:\/\/www.webdo.tn\/fr\/#website","url":"https:\/\/www.webdo.tn\/fr\/","name":"webdo","description":"Tunisie - News en Tunisie et \u00e0 l&#039;international sur Webdo.tn","publisher":{"@id":"https:\/\/www.webdo.tn\/fr\/#organization"},"potentialAction":[{"@type":"SearchAction","target":{"@type":"EntryPoint","urlTemplate":"https:\/\/www.webdo.tn\/fr\/?s={search_term_string}"},"query-input":{"@type":"PropertyValueSpecification","valueRequired":true,"valueName":"search_term_string"}}],"inLanguage":"fr-FR"},{"@type":"Organization","@id":"https:\/\/www.webdo.tn\/fr\/#organization","name":"Webdo","alternateName":"Webdo.tn","url":"https:\/\/www.webdo.tn\/fr\/","logo":{"@type":"ImageObject","inLanguage":"fr-FR","@id":"https:\/\/www.webdo.tn\/fr\/#\/schema\/logo\/image\/","url":"https:\/\/www.webdo.tn\/fr\/wp-content\/uploads\/2025\/06\/Webdo-Tunisie_168377.jpg","contentUrl":"https:\/\/www.webdo.tn\/fr\/wp-content\/uploads\/2025\/06\/Webdo-Tunisie_168377.jpg","width":301,"height":301,"caption":"Webdo"},"image":{"@id":"https:\/\/www.webdo.tn\/fr\/#\/schema\/logo\/image\/"},"sameAs":["https:\/\/www.facebook.com\/webdotn","https:\/\/x.com\/webdo_tn"],"description":"Webdo est un m\u00e9dia num\u00e9rique tunisien fond\u00e9 en 2010, sp\u00e9cialis\u00e9 dans l\u2019actualit\u00e9 nationale et internationale, l\u2019\u00e9conomie, la soci\u00e9t\u00e9 et les analyses politiques. Le site s\u2019adresse \u00e0 un large public francophone et couvre l\u2019information tunisienne en temps r\u00e9el.","email":"redac@webdo.tn","legalName":"YNJ SARL","foundingDate":"2010-09-06","numberOfEmployees":{"@type":"QuantitativeValue","minValue":"11","maxValue":"50"}},{"@type":"Person","@id":"https:\/\/www.webdo.tn\/fr\/#\/schema\/person\/3f41e9e13a5b28b1e090b453bf179656","name":"Chahir Chakroun","image":{"@type":"ImageObject","inLanguage":"fr-FR","@id":"https:\/\/secure.gravatar.com\/avatar\/7dc3cc20cf423eeea436bd24c5e8be46b96eeb7d8993ae5b47f74a1f18821d8a?s=96&d=mm&r=g","url":"https:\/\/secure.gravatar.com\/avatar\/7dc3cc20cf423eeea436bd24c5e8be46b96eeb7d8993ae5b47f74a1f18821d8a?s=96&d=mm&r=g","contentUrl":"https:\/\/secure.gravatar.com\/avatar\/7dc3cc20cf423eeea436bd24c5e8be46b96eeb7d8993ae5b47f74a1f18821d8a?s=96&d=mm&r=g","caption":"Chahir Chakroun"},"url":"https:\/\/www.webdo.tn\/fr\/actualite\/author\/chahir-chakroun\/"}]}},"_links":{"self":[{"href":"https:\/\/www.webdo.tn\/fr\/wp-json\/wp\/v2\/posts\/209384","targetHints":{"allow":["GET"]}}],"collection":[{"href":"https:\/\/www.webdo.tn\/fr\/wp-json\/wp\/v2\/posts"}],"about":[{"href":"https:\/\/www.webdo.tn\/fr\/wp-json\/wp\/v2\/types\/post"}],"author":[{"embeddable":true,"href":"https:\/\/www.webdo.tn\/fr\/wp-json\/wp\/v2\/users\/3186"}],"replies":[{"embeddable":true,"href":"https:\/\/www.webdo.tn\/fr\/wp-json\/wp\/v2\/comments?post=209384"}],"version-history":[{"count":0,"href":"https:\/\/www.webdo.tn\/fr\/wp-json\/wp\/v2\/posts\/209384\/revisions"}],"wp:featuredmedia":[{"embeddable":true,"href":"https:\/\/www.webdo.tn\/fr\/wp-json\/wp\/v2\/media\/278895"}],"wp:attachment":[{"href":"https:\/\/www.webdo.tn\/fr\/wp-json\/wp\/v2\/media?parent=209384"}],"wp:term":[{"taxonomy":"category","embeddable":true,"href":"https:\/\/www.webdo.tn\/fr\/wp-json\/wp\/v2\/categories?post=209384"},{"taxonomy":"post_tag","embeddable":true,"href":"https:\/\/www.webdo.tn\/fr\/wp-json\/wp\/v2\/tags?post=209384"}],"curies":[{"name":"wp","href":"https:\/\/api.w.org\/{rel}","templated":true}]}}