{"id":209376,"date":"2023-10-16T20:30:00","date_gmt":"2023-10-16T20:30:00","guid":{"rendered":"https:\/\/www.webdo.tn\/fr\/blog\/jusqu-a-250-otages-israeliens-a-gaza-annonce-le-hamas\/209376\/"},"modified":"2025-05-20T22:40:23","modified_gmt":"2025-05-20T22:40:23","slug":"jusqu-a-250-otages-israeliens-a-gaza-annonce-le-hamas","status":"publish","type":"post","link":"https:\/\/www.webdo.tn\/fr\/actualite\/international\/jusqu-a-250-otages-israeliens-a-gaza-annonce-le-hamas\/209376\/","title":{"rendered":"Jusqu\u2019\u00e0 250 prisonniers isra\u00e9liens \u00e0 Gaza, annonce le Hamas"},"content":{"rendered":"<p>Le porte-parole des Brigades Al-Qassam (branche arm\u00e9e du Hamas), Abu Ubaida, a d\u00e9clar\u00e9 que le nombre des prisonniers isra\u00e9liens dans la bande de Gaza est estim\u00e9 entre 200 et 250.<\/p>\n<p>\t\t\t\t\t\t\t\t\tDans une vid\u00e9o diffus\u00e9e par plusieurs m\u00e9dias il a fait savoir que \u00ab L&rsquo;ennemi a d\u00e9lib\u00e9r\u00e9ment lanc\u00e9 une attaque brutale contre notre peuple au lieu d&rsquo;affronter les combattants sur le terrain \u00bb.<\/p>\n<p>Il a poursuivi : \u00ab\u00a0L&rsquo;ennemi isra\u00e9lien ne s&rsquo;attendait pas \u00e0 ce qu&rsquo;une force arabe assi\u00e9g\u00e9e \u00e0 Gaza lui porte le coup le plus dur de son histoire \u00bb.\u00a0<\/p>\n<p>Et d\u2019ajouter que les prisonniers autres que les Isra\u00e9liens seront lib\u00e9r\u00e9s au moment opportun.<\/p>\n","protected":false},"excerpt":{"rendered":"<p>Le porte-parole des Brigades Al-Qassam (branche arm\u00e9e du Hamas), Abu Ubaida, a d\u00e9clar\u00e9 que le nombre des prisonniers isra\u00e9liens dans la bande de Gaza est estim\u00e9&#8230;<\/p>\n","protected":false},"author":3175,"featured_media":249062,"comment_status":"open","ping_status":"closed","sticky":false,"template":"","format":"standard","meta":{"footnotes":""},"categories":[2598],"tags":[2689,3349,2636,4069],"class_list":["post-209376","post","type-post","status-publish","format-standard","has-post-thumbnail","hentry","category-international","tag-gaza","tag-hamas","tag-israel","tag-otages"],"yoast_head":"<!-- This site is optimized with the Yoast SEO Premium plugin v27.4 (Yoast SEO v27.4) - https:\/\/yoast.com\/product\/yoast-seo-premium-wordpress\/ -->\n<title>Jusqu\u2019\u00e0 250 prisonniers isra\u00e9liens \u00e0 Gaza, annonce le Hamas<\/title>\n<meta name=\"description\" content=\"Le porte-parole des Brigades Al-Qassam (branche arm\u00e9e du Hamas), Abu Ubaida, a d\u00e9clar\u00e9 que le nombre des prisonniers isra\u00e9liens dans la bande de Gaza est estim\u00e9...\" \/>\n<link rel=\"canonical\" href=\"https:\/\/www.webdo.tn\/fr\/actualite\/international\/jusqu-a-250-otages-israeliens-a-gaza-annonce-le-hamas\/209376\/\" \/>\n<meta property=\"og:locale\" content=\"fr_FR\" \/>\n<meta property=\"og:type\" content=\"article\" \/>\n<meta property=\"og:title\" content=\"Jusqu\u2019\u00e0 250 prisonniers isra\u00e9liens \u00e0 Gaza, annonce le Hamas\" \/>\n<meta property=\"og:description\" content=\"Le porte-parole des Brigades Al-Qassam (branche arm\u00e9e du Hamas), Abu Ubaida, a d\u00e9clar\u00e9 que le nombre des prisonniers isra\u00e9liens dans la bande de Gaza est estim\u00e9...\" \/>\n<meta property=\"og:url\" content=\"https:\/\/www.webdo.tn\/fr\/actualite\/international\/jusqu-a-250-otages-israeliens-a-gaza-annonce-le-hamas\/209376\/\" \/>\n<meta property=\"og:site_name\" content=\"webdo\" \/>\n<meta property=\"article:publisher\" content=\"https:\/\/www.facebook.com\/webdotn\" \/>\n<meta property=\"article:published_time\" content=\"2023-10-16T20:30:00+00:00\" \/>\n<meta property=\"article:modified_time\" content=\"2025-05-20T22:40:23+00:00\" \/>\n<meta property=\"og:image\" content=\"https:\/\/www.webdo.tn\/fr\/wp-content\/uploads\/2023\/10\/97e2ac0e5009a14d2753e7759d5825d4.png\" \/>\n\t<meta property=\"og:image:width\" content=\"750\" \/>\n\t<meta property=\"og:image:height\" content=\"400\" \/>\n\t<meta property=\"og:image:type\" content=\"image\/png\" \/>\n<meta name=\"author\" content=\"CL\" \/>\n<meta name=\"twitter:card\" content=\"summary_large_image\" \/>\n<meta name=\"twitter:creator\" content=\"@webdo_tn\" \/>\n<meta name=\"twitter:site\" content=\"@webdo_tn\" \/>\n<meta name=\"twitter:label1\" content=\"\u00c9crit par\" \/>\n\t<meta name=\"twitter:data1\" content=\"CL\" \/>\n\t<meta name=\"twitter:label2\" content=\"Dur\u00e9e de lecture estim\u00e9e\" \/>\n\t<meta name=\"twitter:data2\" content=\"1 minute\" \/>\n<script type=\"application\/ld+json\" class=\"yoast-schema-graph\">{\"@context\":\"https:\\\/\\\/schema.org\",\"@graph\":[{\"@type\":\"NewsArticle\",\"@id\":\"https:\\\/\\\/www.webdo.tn\\\/fr\\\/actualite\\\/international\\\/jusqu-a-250-otages-israeliens-a-gaza-annonce-le-hamas\\\/209376\\\/#article\",\"isPartOf\":{\"@id\":\"https:\\\/\\\/www.webdo.tn\\\/fr\\\/actualite\\\/international\\\/jusqu-a-250-otages-israeliens-a-gaza-annonce-le-hamas\\\/209376\\\/\"},\"author\":{\"name\":\"CL\",\"@id\":\"https:\\\/\\\/www.webdo.tn\\\/fr\\\/#\\\/schema\\\/person\\\/f35b42a42c5e2511bbd282959d6385cc\"},\"headline\":\"Jusqu\u2019\u00e0 250 prisonniers isra\u00e9liens \u00e0 Gaza, annonce le Hamas\",\"datePublished\":\"2023-10-16T20:30:00+00:00\",\"dateModified\":\"2025-05-20T22:40:23+00:00\",\"mainEntityOfPage\":{\"@id\":\"https:\\\/\\\/www.webdo.tn\\\/fr\\\/actualite\\\/international\\\/jusqu-a-250-otages-israeliens-a-gaza-annonce-le-hamas\\\/209376\\\/\"},\"wordCount\":125,\"commentCount\":0,\"publisher\":{\"@id\":\"https:\\\/\\\/www.webdo.tn\\\/fr\\\/#organization\"},\"image\":{\"@id\":\"https:\\\/\\\/www.webdo.tn\\\/fr\\\/actualite\\\/international\\\/jusqu-a-250-otages-israeliens-a-gaza-annonce-le-hamas\\\/209376\\\/#primaryimage\"},\"thumbnailUrl\":\"https:\\\/\\\/www.webdo.tn\\\/fr\\\/wp-content\\\/uploads\\\/2023\\\/10\\\/97e2ac0e5009a14d2753e7759d5825d4.png\",\"keywords\":[\"Gaza\",\"hamas\",\"isra\u00ebl\",\"otages\"],\"articleSection\":[\"International\"],\"inLanguage\":\"fr-FR\"},{\"@type\":\"WebPage\",\"@id\":\"https:\\\/\\\/www.webdo.tn\\\/fr\\\/actualite\\\/international\\\/jusqu-a-250-otages-israeliens-a-gaza-annonce-le-hamas\\\/209376\\\/\",\"url\":\"https:\\\/\\\/www.webdo.tn\\\/fr\\\/actualite\\\/international\\\/jusqu-a-250-otages-israeliens-a-gaza-annonce-le-hamas\\\/209376\\\/\",\"name\":\"Jusqu\u2019\u00e0 250 prisonniers isra\u00e9liens \u00e0 Gaza, annonce le Hamas\",\"isPartOf\":{\"@id\":\"https:\\\/\\\/www.webdo.tn\\\/fr\\\/#website\"},\"primaryImageOfPage\":{\"@id\":\"https:\\\/\\\/www.webdo.tn\\\/fr\\\/actualite\\\/international\\\/jusqu-a-250-otages-israeliens-a-gaza-annonce-le-hamas\\\/209376\\\/#primaryimage\"},\"image\":{\"@id\":\"https:\\\/\\\/www.webdo.tn\\\/fr\\\/actualite\\\/international\\\/jusqu-a-250-otages-israeliens-a-gaza-annonce-le-hamas\\\/209376\\\/#primaryimage\"},\"thumbnailUrl\":\"https:\\\/\\\/www.webdo.tn\\\/fr\\\/wp-content\\\/uploads\\\/2023\\\/10\\\/97e2ac0e5009a14d2753e7759d5825d4.png\",\"datePublished\":\"2023-10-16T20:30:00+00:00\",\"dateModified\":\"2025-05-20T22:40:23+00:00\",\"description\":\"Le porte-parole des Brigades Al-Qassam (branche arm\u00e9e du Hamas), Abu Ubaida, a d\u00e9clar\u00e9 que le nombre des prisonniers isra\u00e9liens dans la bande de Gaza est estim\u00e9...\",\"breadcrumb\":{\"@id\":\"https:\\\/\\\/www.webdo.tn\\\/fr\\\/actualite\\\/international\\\/jusqu-a-250-otages-israeliens-a-gaza-annonce-le-hamas\\\/209376\\\/#breadcrumb\"},\"inLanguage\":\"fr-FR\",\"potentialAction\":[{\"@type\":\"ReadAction\",\"target\":[\"https:\\\/\\\/www.webdo.tn\\\/fr\\\/actualite\\\/international\\\/jusqu-a-250-otages-israeliens-a-gaza-annonce-le-hamas\\\/209376\\\/\"]}]},{\"@type\":\"ImageObject\",\"inLanguage\":\"fr-FR\",\"@id\":\"https:\\\/\\\/www.webdo.tn\\\/fr\\\/actualite\\\/international\\\/jusqu-a-250-otages-israeliens-a-gaza-annonce-le-hamas\\\/209376\\\/#primaryimage\",\"url\":\"https:\\\/\\\/www.webdo.tn\\\/fr\\\/wp-content\\\/uploads\\\/2023\\\/10\\\/97e2ac0e5009a14d2753e7759d5825d4.png\",\"contentUrl\":\"https:\\\/\\\/www.webdo.tn\\\/fr\\\/wp-content\\\/uploads\\\/2023\\\/10\\\/97e2ac0e5009a14d2753e7759d5825d4.png\",\"width\":750,\"height\":400,\"caption\":\"Jusqu\u2019\u00e0 250 prisonniers isra\u00e9liens \u00e0 Gaza, annonce le Hamas\"},{\"@type\":\"BreadcrumbList\",\"@id\":\"https:\\\/\\\/www.webdo.tn\\\/fr\\\/actualite\\\/international\\\/jusqu-a-250-otages-israeliens-a-gaza-annonce-le-hamas\\\/209376\\\/#breadcrumb\",\"itemListElement\":[{\"@type\":\"ListItem\",\"position\":1,\"name\":\"Accueil\",\"item\":\"https:\\\/\\\/www.webdo.tn\\\/fr\\\/\"},{\"@type\":\"ListItem\",\"position\":2,\"name\":\"Jusqu\u2019\u00e0 250 prisonniers isra\u00e9liens \u00e0 Gaza, annonce le Hamas\"}]},{\"@type\":\"WebSite\",\"@id\":\"https:\\\/\\\/www.webdo.tn\\\/fr\\\/#website\",\"url\":\"https:\\\/\\\/www.webdo.tn\\\/fr\\\/\",\"name\":\"webdo\",\"description\":\"Tunisie - News en Tunisie et \u00e0 l&#039;international sur Webdo.tn\",\"publisher\":{\"@id\":\"https:\\\/\\\/www.webdo.tn\\\/fr\\\/#organization\"},\"potentialAction\":[{\"@type\":\"SearchAction\",\"target\":{\"@type\":\"EntryPoint\",\"urlTemplate\":\"https:\\\/\\\/www.webdo.tn\\\/fr\\\/?s={search_term_string}\"},\"query-input\":{\"@type\":\"PropertyValueSpecification\",\"valueRequired\":true,\"valueName\":\"search_term_string\"}}],\"inLanguage\":\"fr-FR\"},{\"@type\":\"Organization\",\"@id\":\"https:\\\/\\\/www.webdo.tn\\\/fr\\\/#organization\",\"name\":\"Webdo\",\"alternateName\":\"Webdo.tn\",\"url\":\"https:\\\/\\\/www.webdo.tn\\\/fr\\\/\",\"logo\":{\"@type\":\"ImageObject\",\"inLanguage\":\"fr-FR\",\"@id\":\"https:\\\/\\\/www.webdo.tn\\\/fr\\\/#\\\/schema\\\/logo\\\/image\\\/\",\"url\":\"https:\\\/\\\/www.webdo.tn\\\/fr\\\/wp-content\\\/uploads\\\/2025\\\/06\\\/Webdo-Tunisie_168377.jpg\",\"contentUrl\":\"https:\\\/\\\/www.webdo.tn\\\/fr\\\/wp-content\\\/uploads\\\/2025\\\/06\\\/Webdo-Tunisie_168377.jpg\",\"width\":301,\"height\":301,\"caption\":\"Webdo\"},\"image\":{\"@id\":\"https:\\\/\\\/www.webdo.tn\\\/fr\\\/#\\\/schema\\\/logo\\\/image\\\/\"},\"sameAs\":[\"https:\\\/\\\/www.facebook.com\\\/webdotn\",\"https:\\\/\\\/x.com\\\/webdo_tn\"],\"description\":\"Webdo est un m\u00e9dia num\u00e9rique tunisien fond\u00e9 en 2010, sp\u00e9cialis\u00e9 dans l\u2019actualit\u00e9 nationale et internationale, l\u2019\u00e9conomie, la soci\u00e9t\u00e9 et les analyses politiques. Le site s\u2019adresse \u00e0 un large public francophone et couvre l\u2019information tunisienne en temps r\u00e9el.\",\"email\":\"redac@webdo.tn\",\"legalName\":\"YNJ SARL\",\"foundingDate\":\"2010-09-06\",\"numberOfEmployees\":{\"@type\":\"QuantitativeValue\",\"minValue\":\"11\",\"maxValue\":\"50\"}},{\"@type\":\"Person\",\"@id\":\"https:\\\/\\\/www.webdo.tn\\\/fr\\\/#\\\/schema\\\/person\\\/f35b42a42c5e2511bbd282959d6385cc\",\"name\":\"CL\",\"image\":{\"@type\":\"ImageObject\",\"inLanguage\":\"fr-FR\",\"@id\":\"https:\\\/\\\/secure.gravatar.com\\\/avatar\\\/1447a49909b67aa657c488aec6512e1dd6143a480c1ecfee9b5b5cd74eb3b59e?s=96&d=mm&r=g\",\"url\":\"https:\\\/\\\/secure.gravatar.com\\\/avatar\\\/1447a49909b67aa657c488aec6512e1dd6143a480c1ecfee9b5b5cd74eb3b59e?s=96&d=mm&r=g\",\"contentUrl\":\"https:\\\/\\\/secure.gravatar.com\\\/avatar\\\/1447a49909b67aa657c488aec6512e1dd6143a480c1ecfee9b5b5cd74eb3b59e?s=96&d=mm&r=g\",\"caption\":\"CL\"},\"url\":\"https:\\\/\\\/www.webdo.tn\\\/fr\\\/actualite\\\/author\\\/cl\\\/\"}]}<\/script>\n<!-- \/ Yoast SEO Premium plugin. -->","yoast_head_json":{"title":"Jusqu\u2019\u00e0 250 prisonniers isra\u00e9liens \u00e0 Gaza, annonce le Hamas","description":"Le porte-parole des Brigades Al-Qassam (branche arm\u00e9e du Hamas), Abu Ubaida, a d\u00e9clar\u00e9 que le nombre des prisonniers isra\u00e9liens dans la bande de Gaza est estim\u00e9...","canonical":"https:\/\/www.webdo.tn\/fr\/actualite\/international\/jusqu-a-250-otages-israeliens-a-gaza-annonce-le-hamas\/209376\/","og_locale":"fr_FR","og_type":"article","og_title":"Jusqu\u2019\u00e0 250 prisonniers isra\u00e9liens \u00e0 Gaza, annonce le Hamas","og_description":"Le porte-parole des Brigades Al-Qassam (branche arm\u00e9e du Hamas), Abu Ubaida, a d\u00e9clar\u00e9 que le nombre des prisonniers isra\u00e9liens dans la bande de Gaza est estim\u00e9...","og_url":"https:\/\/www.webdo.tn\/fr\/actualite\/international\/jusqu-a-250-otages-israeliens-a-gaza-annonce-le-hamas\/209376\/","og_site_name":"webdo","article_publisher":"https:\/\/www.facebook.com\/webdotn","article_published_time":"2023-10-16T20:30:00+00:00","article_modified_time":"2025-05-20T22:40:23+00:00","og_image":[{"width":750,"height":400,"url":"https:\/\/www.webdo.tn\/fr\/wp-content\/uploads\/2023\/10\/97e2ac0e5009a14d2753e7759d5825d4.png","type":"image\/png"}],"author":"CL","twitter_card":"summary_large_image","twitter_creator":"@webdo_tn","twitter_site":"@webdo_tn","twitter_misc":{"\u00c9crit par":"CL","Dur\u00e9e de lecture estim\u00e9e":"1 minute"},"schema":{"@context":"https:\/\/schema.org","@graph":[{"@type":"NewsArticle","@id":"https:\/\/www.webdo.tn\/fr\/actualite\/international\/jusqu-a-250-otages-israeliens-a-gaza-annonce-le-hamas\/209376\/#article","isPartOf":{"@id":"https:\/\/www.webdo.tn\/fr\/actualite\/international\/jusqu-a-250-otages-israeliens-a-gaza-annonce-le-hamas\/209376\/"},"author":{"name":"CL","@id":"https:\/\/www.webdo.tn\/fr\/#\/schema\/person\/f35b42a42c5e2511bbd282959d6385cc"},"headline":"Jusqu\u2019\u00e0 250 prisonniers isra\u00e9liens \u00e0 Gaza, annonce le Hamas","datePublished":"2023-10-16T20:30:00+00:00","dateModified":"2025-05-20T22:40:23+00:00","mainEntityOfPage":{"@id":"https:\/\/www.webdo.tn\/fr\/actualite\/international\/jusqu-a-250-otages-israeliens-a-gaza-annonce-le-hamas\/209376\/"},"wordCount":125,"commentCount":0,"publisher":{"@id":"https:\/\/www.webdo.tn\/fr\/#organization"},"image":{"@id":"https:\/\/www.webdo.tn\/fr\/actualite\/international\/jusqu-a-250-otages-israeliens-a-gaza-annonce-le-hamas\/209376\/#primaryimage"},"thumbnailUrl":"https:\/\/www.webdo.tn\/fr\/wp-content\/uploads\/2023\/10\/97e2ac0e5009a14d2753e7759d5825d4.png","keywords":["Gaza","hamas","isra\u00ebl","otages"],"articleSection":["International"],"inLanguage":"fr-FR"},{"@type":"WebPage","@id":"https:\/\/www.webdo.tn\/fr\/actualite\/international\/jusqu-a-250-otages-israeliens-a-gaza-annonce-le-hamas\/209376\/","url":"https:\/\/www.webdo.tn\/fr\/actualite\/international\/jusqu-a-250-otages-israeliens-a-gaza-annonce-le-hamas\/209376\/","name":"Jusqu\u2019\u00e0 250 prisonniers isra\u00e9liens \u00e0 Gaza, annonce le Hamas","isPartOf":{"@id":"https:\/\/www.webdo.tn\/fr\/#website"},"primaryImageOfPage":{"@id":"https:\/\/www.webdo.tn\/fr\/actualite\/international\/jusqu-a-250-otages-israeliens-a-gaza-annonce-le-hamas\/209376\/#primaryimage"},"image":{"@id":"https:\/\/www.webdo.tn\/fr\/actualite\/international\/jusqu-a-250-otages-israeliens-a-gaza-annonce-le-hamas\/209376\/#primaryimage"},"thumbnailUrl":"https:\/\/www.webdo.tn\/fr\/wp-content\/uploads\/2023\/10\/97e2ac0e5009a14d2753e7759d5825d4.png","datePublished":"2023-10-16T20:30:00+00:00","dateModified":"2025-05-20T22:40:23+00:00","description":"Le porte-parole des Brigades Al-Qassam (branche arm\u00e9e du Hamas), Abu Ubaida, a d\u00e9clar\u00e9 que le nombre des prisonniers isra\u00e9liens dans la bande de Gaza est estim\u00e9...","breadcrumb":{"@id":"https:\/\/www.webdo.tn\/fr\/actualite\/international\/jusqu-a-250-otages-israeliens-a-gaza-annonce-le-hamas\/209376\/#breadcrumb"},"inLanguage":"fr-FR","potentialAction":[{"@type":"ReadAction","target":["https:\/\/www.webdo.tn\/fr\/actualite\/international\/jusqu-a-250-otages-israeliens-a-gaza-annonce-le-hamas\/209376\/"]}]},{"@type":"ImageObject","inLanguage":"fr-FR","@id":"https:\/\/www.webdo.tn\/fr\/actualite\/international\/jusqu-a-250-otages-israeliens-a-gaza-annonce-le-hamas\/209376\/#primaryimage","url":"https:\/\/www.webdo.tn\/fr\/wp-content\/uploads\/2023\/10\/97e2ac0e5009a14d2753e7759d5825d4.png","contentUrl":"https:\/\/www.webdo.tn\/fr\/wp-content\/uploads\/2023\/10\/97e2ac0e5009a14d2753e7759d5825d4.png","width":750,"height":400,"caption":"Jusqu\u2019\u00e0 250 prisonniers isra\u00e9liens \u00e0 Gaza, annonce le Hamas"},{"@type":"BreadcrumbList","@id":"https:\/\/www.webdo.tn\/fr\/actualite\/international\/jusqu-a-250-otages-israeliens-a-gaza-annonce-le-hamas\/209376\/#breadcrumb","itemListElement":[{"@type":"ListItem","position":1,"name":"Accueil","item":"https:\/\/www.webdo.tn\/fr\/"},{"@type":"ListItem","position":2,"name":"Jusqu\u2019\u00e0 250 prisonniers isra\u00e9liens \u00e0 Gaza, annonce le Hamas"}]},{"@type":"WebSite","@id":"https:\/\/www.webdo.tn\/fr\/#website","url":"https:\/\/www.webdo.tn\/fr\/","name":"webdo","description":"Tunisie - News en Tunisie et \u00e0 l&#039;international sur Webdo.tn","publisher":{"@id":"https:\/\/www.webdo.tn\/fr\/#organization"},"potentialAction":[{"@type":"SearchAction","target":{"@type":"EntryPoint","urlTemplate":"https:\/\/www.webdo.tn\/fr\/?s={search_term_string}"},"query-input":{"@type":"PropertyValueSpecification","valueRequired":true,"valueName":"search_term_string"}}],"inLanguage":"fr-FR"},{"@type":"Organization","@id":"https:\/\/www.webdo.tn\/fr\/#organization","name":"Webdo","alternateName":"Webdo.tn","url":"https:\/\/www.webdo.tn\/fr\/","logo":{"@type":"ImageObject","inLanguage":"fr-FR","@id":"https:\/\/www.webdo.tn\/fr\/#\/schema\/logo\/image\/","url":"https:\/\/www.webdo.tn\/fr\/wp-content\/uploads\/2025\/06\/Webdo-Tunisie_168377.jpg","contentUrl":"https:\/\/www.webdo.tn\/fr\/wp-content\/uploads\/2025\/06\/Webdo-Tunisie_168377.jpg","width":301,"height":301,"caption":"Webdo"},"image":{"@id":"https:\/\/www.webdo.tn\/fr\/#\/schema\/logo\/image\/"},"sameAs":["https:\/\/www.facebook.com\/webdotn","https:\/\/x.com\/webdo_tn"],"description":"Webdo est un m\u00e9dia num\u00e9rique tunisien fond\u00e9 en 2010, sp\u00e9cialis\u00e9 dans l\u2019actualit\u00e9 nationale et internationale, l\u2019\u00e9conomie, la soci\u00e9t\u00e9 et les analyses politiques. Le site s\u2019adresse \u00e0 un large public francophone et couvre l\u2019information tunisienne en temps r\u00e9el.","email":"redac@webdo.tn","legalName":"YNJ SARL","foundingDate":"2010-09-06","numberOfEmployees":{"@type":"QuantitativeValue","minValue":"11","maxValue":"50"}},{"@type":"Person","@id":"https:\/\/www.webdo.tn\/fr\/#\/schema\/person\/f35b42a42c5e2511bbd282959d6385cc","name":"CL","image":{"@type":"ImageObject","inLanguage":"fr-FR","@id":"https:\/\/secure.gravatar.com\/avatar\/1447a49909b67aa657c488aec6512e1dd6143a480c1ecfee9b5b5cd74eb3b59e?s=96&d=mm&r=g","url":"https:\/\/secure.gravatar.com\/avatar\/1447a49909b67aa657c488aec6512e1dd6143a480c1ecfee9b5b5cd74eb3b59e?s=96&d=mm&r=g","contentUrl":"https:\/\/secure.gravatar.com\/avatar\/1447a49909b67aa657c488aec6512e1dd6143a480c1ecfee9b5b5cd74eb3b59e?s=96&d=mm&r=g","caption":"CL"},"url":"https:\/\/www.webdo.tn\/fr\/actualite\/author\/cl\/"}]}},"_links":{"self":[{"href":"https:\/\/www.webdo.tn\/fr\/wp-json\/wp\/v2\/posts\/209376","targetHints":{"allow":["GET"]}}],"collection":[{"href":"https:\/\/www.webdo.tn\/fr\/wp-json\/wp\/v2\/posts"}],"about":[{"href":"https:\/\/www.webdo.tn\/fr\/wp-json\/wp\/v2\/types\/post"}],"author":[{"embeddable":true,"href":"https:\/\/www.webdo.tn\/fr\/wp-json\/wp\/v2\/users\/3175"}],"replies":[{"embeddable":true,"href":"https:\/\/www.webdo.tn\/fr\/wp-json\/wp\/v2\/comments?post=209376"}],"version-history":[{"count":0,"href":"https:\/\/www.webdo.tn\/fr\/wp-json\/wp\/v2\/posts\/209376\/revisions"}],"wp:featuredmedia":[{"embeddable":true,"href":"https:\/\/www.webdo.tn\/fr\/wp-json\/wp\/v2\/media\/249062"}],"wp:attachment":[{"href":"https:\/\/www.webdo.tn\/fr\/wp-json\/wp\/v2\/media?parent=209376"}],"wp:term":[{"taxonomy":"category","embeddable":true,"href":"https:\/\/www.webdo.tn\/fr\/wp-json\/wp\/v2\/categories?post=209376"},{"taxonomy":"post_tag","embeddable":true,"href":"https:\/\/www.webdo.tn\/fr\/wp-json\/wp\/v2\/tags?post=209376"}],"curies":[{"name":"wp","href":"https:\/\/api.w.org\/{rel}","templated":true}]}}