{"id":209374,"date":"2023-10-16T19:54:00","date_gmt":"2023-10-16T19:54:00","guid":{"rendered":"https:\/\/www.webdo.tn\/fr\/blog\/au-moins-deux-morts-dans-une-fusillade-a-bruxelles\/209374\/"},"modified":"2025-05-20T22:40:22","modified_gmt":"2025-05-20T22:40:22","slug":"au-moins-deux-morts-dans-une-fusillade-a-bruxelles","status":"publish","type":"post","link":"https:\/\/www.webdo.tn\/fr\/actualite\/international\/au-moins-deux-morts-dans-une-fusillade-a-bruxelles\/209374\/","title":{"rendered":"Au moins deux morts dans une fusillade \u00e0 Bruxelles"},"content":{"rendered":"<p>Un individu aurait ouvert le feu lundi peu apr\u00e8s 19h dans la capitale belge pour des motifs qui demeurent encore inconnus. Deux personnes auraient perdu la vie, et une autre aurait \u00e9t\u00e9 bless\u00e9e.<\/p>\n<p>L\u2019incident a eu lieu non loin de la place Sainctelette, a indiqu\u00e9 la police, confirmant une information donn\u00e9e par plusieurs m\u00e9dias.<\/p>\n<p>Les services de secours sont arriv\u00e9s en nombre sur les lieux. Aucun suspect n\u2019aurait encore \u00e9t\u00e9 interpell\u00e9.<\/p>\n<p>Selon les informations du Soir, et plusieurs vid\u00e9os du suspect pr\u00e9sentes sur les r\u00e9seaux sociaux, les forces de police privil\u00e9gient la piste terroriste.<\/p>\n","protected":false},"excerpt":{"rendered":"<p>Un individu aurait ouvert le feu lundi peu apr\u00e8s 19h dans la capitale belge pour des motifs qui demeurent encore inconnus. Deux personnes auraient perdu la vie,&#8230;<\/p>\n","protected":false},"author":3175,"featured_media":249059,"comment_status":"open","ping_status":"closed","sticky":false,"template":"","format":"standard","meta":{"footnotes":""},"categories":[2598],"tags":[6831,6832,4147],"class_list":["post-209374","post","type-post","status-publish","format-standard","has-post-thumbnail","hentry","category-international","tag-belgique","tag-bruxelles","tag-fusillade"],"yoast_head":"<!-- This site is optimized with the Yoast SEO Premium plugin v27.4 (Yoast SEO v27.5) - https:\/\/yoast.com\/product\/yoast-seo-premium-wordpress\/ -->\n<title>Au moins deux morts dans une fusillade \u00e0 Bruxelles<\/title>\n<meta name=\"description\" content=\"Un individu aurait ouvert le feu lundi peu apr\u00e8s 19h dans la capitale belge pour des motifs qui demeurent encore inconnus. Deux personnes auraient perdu la vie,...\" \/>\n<link rel=\"canonical\" href=\"https:\/\/www.webdo.tn\/fr\/actualite\/international\/au-moins-deux-morts-dans-une-fusillade-a-bruxelles\/209374\/\" \/>\n<meta property=\"og:locale\" content=\"fr_FR\" \/>\n<meta property=\"og:type\" content=\"article\" \/>\n<meta property=\"og:title\" content=\"Au moins deux morts dans une fusillade \u00e0 Bruxelles\" \/>\n<meta property=\"og:description\" content=\"Un individu aurait ouvert le feu lundi peu apr\u00e8s 19h dans la capitale belge pour des motifs qui demeurent encore inconnus. Deux personnes auraient perdu la vie,...\" \/>\n<meta property=\"og:url\" content=\"https:\/\/www.webdo.tn\/fr\/actualite\/international\/au-moins-deux-morts-dans-une-fusillade-a-bruxelles\/209374\/\" \/>\n<meta property=\"og:site_name\" content=\"webdo\" \/>\n<meta property=\"article:publisher\" content=\"https:\/\/www.facebook.com\/webdotn\" \/>\n<meta property=\"article:published_time\" content=\"2023-10-16T19:54:00+00:00\" \/>\n<meta property=\"article:modified_time\" content=\"2025-05-20T22:40:22+00:00\" \/>\n<meta property=\"og:image\" content=\"https:\/\/www.webdo.tn\/fr\/wp-content\/uploads\/2023\/10\/6e125e77dcea2eddbbd69cecc00cdc50.jpeg\" \/>\n\t<meta property=\"og:image:width\" content=\"750\" \/>\n\t<meta property=\"og:image:height\" content=\"400\" \/>\n\t<meta property=\"og:image:type\" content=\"image\/jpeg\" \/>\n<meta name=\"author\" content=\"CL\" \/>\n<meta name=\"twitter:card\" content=\"summary_large_image\" \/>\n<meta name=\"twitter:creator\" content=\"@webdo_tn\" \/>\n<meta name=\"twitter:site\" content=\"@webdo_tn\" \/>\n<meta name=\"twitter:label1\" content=\"\u00c9crit par\" \/>\n\t<meta name=\"twitter:data1\" content=\"CL\" \/>\n\t<meta name=\"twitter:label2\" content=\"Dur\u00e9e de lecture estim\u00e9e\" \/>\n\t<meta name=\"twitter:data2\" content=\"1 minute\" \/>\n<script type=\"application\/ld+json\" class=\"yoast-schema-graph\">{\"@context\":\"https:\\\/\\\/schema.org\",\"@graph\":[{\"@type\":\"NewsArticle\",\"@id\":\"https:\\\/\\\/www.webdo.tn\\\/fr\\\/actualite\\\/international\\\/au-moins-deux-morts-dans-une-fusillade-a-bruxelles\\\/209374\\\/#article\",\"isPartOf\":{\"@id\":\"https:\\\/\\\/www.webdo.tn\\\/fr\\\/actualite\\\/international\\\/au-moins-deux-morts-dans-une-fusillade-a-bruxelles\\\/209374\\\/\"},\"author\":{\"name\":\"CL\",\"@id\":\"https:\\\/\\\/www.webdo.tn\\\/fr\\\/#\\\/schema\\\/person\\\/f35b42a42c5e2511bbd282959d6385cc\"},\"headline\":\"Au moins deux morts dans une fusillade \u00e0 Bruxelles\",\"datePublished\":\"2023-10-16T19:54:00+00:00\",\"dateModified\":\"2025-05-20T22:40:22+00:00\",\"mainEntityOfPage\":{\"@id\":\"https:\\\/\\\/www.webdo.tn\\\/fr\\\/actualite\\\/international\\\/au-moins-deux-morts-dans-une-fusillade-a-bruxelles\\\/209374\\\/\"},\"wordCount\":113,\"commentCount\":0,\"publisher\":{\"@id\":\"https:\\\/\\\/www.webdo.tn\\\/fr\\\/#organization\"},\"image\":{\"@id\":\"https:\\\/\\\/www.webdo.tn\\\/fr\\\/actualite\\\/international\\\/au-moins-deux-morts-dans-une-fusillade-a-bruxelles\\\/209374\\\/#primaryimage\"},\"thumbnailUrl\":\"https:\\\/\\\/www.webdo.tn\\\/fr\\\/wp-content\\\/uploads\\\/2023\\\/10\\\/6e125e77dcea2eddbbd69cecc00cdc50.jpeg\",\"keywords\":[\"belgique\",\"Bruxelles\",\"fusillade\"],\"articleSection\":[\"International\"],\"inLanguage\":\"fr-FR\"},{\"@type\":\"WebPage\",\"@id\":\"https:\\\/\\\/www.webdo.tn\\\/fr\\\/actualite\\\/international\\\/au-moins-deux-morts-dans-une-fusillade-a-bruxelles\\\/209374\\\/\",\"url\":\"https:\\\/\\\/www.webdo.tn\\\/fr\\\/actualite\\\/international\\\/au-moins-deux-morts-dans-une-fusillade-a-bruxelles\\\/209374\\\/\",\"name\":\"Au moins deux morts dans une fusillade \u00e0 Bruxelles\",\"isPartOf\":{\"@id\":\"https:\\\/\\\/www.webdo.tn\\\/fr\\\/#website\"},\"primaryImageOfPage\":{\"@id\":\"https:\\\/\\\/www.webdo.tn\\\/fr\\\/actualite\\\/international\\\/au-moins-deux-morts-dans-une-fusillade-a-bruxelles\\\/209374\\\/#primaryimage\"},\"image\":{\"@id\":\"https:\\\/\\\/www.webdo.tn\\\/fr\\\/actualite\\\/international\\\/au-moins-deux-morts-dans-une-fusillade-a-bruxelles\\\/209374\\\/#primaryimage\"},\"thumbnailUrl\":\"https:\\\/\\\/www.webdo.tn\\\/fr\\\/wp-content\\\/uploads\\\/2023\\\/10\\\/6e125e77dcea2eddbbd69cecc00cdc50.jpeg\",\"datePublished\":\"2023-10-16T19:54:00+00:00\",\"dateModified\":\"2025-05-20T22:40:22+00:00\",\"description\":\"Un individu aurait ouvert le feu lundi peu apr\u00e8s 19h dans la capitale belge pour des motifs qui demeurent encore inconnus. Deux personnes auraient perdu la vie,...\",\"breadcrumb\":{\"@id\":\"https:\\\/\\\/www.webdo.tn\\\/fr\\\/actualite\\\/international\\\/au-moins-deux-morts-dans-une-fusillade-a-bruxelles\\\/209374\\\/#breadcrumb\"},\"inLanguage\":\"fr-FR\",\"potentialAction\":[{\"@type\":\"ReadAction\",\"target\":[\"https:\\\/\\\/www.webdo.tn\\\/fr\\\/actualite\\\/international\\\/au-moins-deux-morts-dans-une-fusillade-a-bruxelles\\\/209374\\\/\"]}]},{\"@type\":\"ImageObject\",\"inLanguage\":\"fr-FR\",\"@id\":\"https:\\\/\\\/www.webdo.tn\\\/fr\\\/actualite\\\/international\\\/au-moins-deux-morts-dans-une-fusillade-a-bruxelles\\\/209374\\\/#primaryimage\",\"url\":\"https:\\\/\\\/www.webdo.tn\\\/fr\\\/wp-content\\\/uploads\\\/2023\\\/10\\\/6e125e77dcea2eddbbd69cecc00cdc50.jpeg\",\"contentUrl\":\"https:\\\/\\\/www.webdo.tn\\\/fr\\\/wp-content\\\/uploads\\\/2023\\\/10\\\/6e125e77dcea2eddbbd69cecc00cdc50.jpeg\",\"width\":750,\"height\":400,\"caption\":\"Au moins deux morts dans une fusillade \u00e0 Bruxelles\"},{\"@type\":\"BreadcrumbList\",\"@id\":\"https:\\\/\\\/www.webdo.tn\\\/fr\\\/actualite\\\/international\\\/au-moins-deux-morts-dans-une-fusillade-a-bruxelles\\\/209374\\\/#breadcrumb\",\"itemListElement\":[{\"@type\":\"ListItem\",\"position\":1,\"name\":\"Accueil\",\"item\":\"https:\\\/\\\/www.webdo.tn\\\/fr\\\/\"},{\"@type\":\"ListItem\",\"position\":2,\"name\":\"Au moins deux morts dans une fusillade \u00e0 Bruxelles\"}]},{\"@type\":\"WebSite\",\"@id\":\"https:\\\/\\\/www.webdo.tn\\\/fr\\\/#website\",\"url\":\"https:\\\/\\\/www.webdo.tn\\\/fr\\\/\",\"name\":\"webdo\",\"description\":\"Tunisie - News en Tunisie et \u00e0 l&#039;international sur Webdo.tn\",\"publisher\":{\"@id\":\"https:\\\/\\\/www.webdo.tn\\\/fr\\\/#organization\"},\"potentialAction\":[{\"@type\":\"SearchAction\",\"target\":{\"@type\":\"EntryPoint\",\"urlTemplate\":\"https:\\\/\\\/www.webdo.tn\\\/fr\\\/?s={search_term_string}\"},\"query-input\":{\"@type\":\"PropertyValueSpecification\",\"valueRequired\":true,\"valueName\":\"search_term_string\"}}],\"inLanguage\":\"fr-FR\"},{\"@type\":\"Organization\",\"@id\":\"https:\\\/\\\/www.webdo.tn\\\/fr\\\/#organization\",\"name\":\"Webdo\",\"alternateName\":\"Webdo.tn\",\"url\":\"https:\\\/\\\/www.webdo.tn\\\/fr\\\/\",\"logo\":{\"@type\":\"ImageObject\",\"inLanguage\":\"fr-FR\",\"@id\":\"https:\\\/\\\/www.webdo.tn\\\/fr\\\/#\\\/schema\\\/logo\\\/image\\\/\",\"url\":\"https:\\\/\\\/www.webdo.tn\\\/fr\\\/wp-content\\\/uploads\\\/2025\\\/06\\\/Webdo-Tunisie_168377.jpg\",\"contentUrl\":\"https:\\\/\\\/www.webdo.tn\\\/fr\\\/wp-content\\\/uploads\\\/2025\\\/06\\\/Webdo-Tunisie_168377.jpg\",\"width\":301,\"height\":301,\"caption\":\"Webdo\"},\"image\":{\"@id\":\"https:\\\/\\\/www.webdo.tn\\\/fr\\\/#\\\/schema\\\/logo\\\/image\\\/\"},\"sameAs\":[\"https:\\\/\\\/www.facebook.com\\\/webdotn\",\"https:\\\/\\\/x.com\\\/webdo_tn\"],\"description\":\"Webdo est un m\u00e9dia num\u00e9rique tunisien fond\u00e9 en 2010, sp\u00e9cialis\u00e9 dans l\u2019actualit\u00e9 nationale et internationale, l\u2019\u00e9conomie, la soci\u00e9t\u00e9 et les analyses politiques. Le site s\u2019adresse \u00e0 un large public francophone et couvre l\u2019information tunisienne en temps r\u00e9el.\",\"email\":\"redac@webdo.tn\",\"legalName\":\"YNJ SARL\",\"foundingDate\":\"2010-09-06\",\"numberOfEmployees\":{\"@type\":\"QuantitativeValue\",\"minValue\":\"11\",\"maxValue\":\"50\"}},{\"@type\":\"Person\",\"@id\":\"https:\\\/\\\/www.webdo.tn\\\/fr\\\/#\\\/schema\\\/person\\\/f35b42a42c5e2511bbd282959d6385cc\",\"name\":\"CL\",\"image\":{\"@type\":\"ImageObject\",\"inLanguage\":\"fr-FR\",\"@id\":\"https:\\\/\\\/secure.gravatar.com\\\/avatar\\\/1447a49909b67aa657c488aec6512e1dd6143a480c1ecfee9b5b5cd74eb3b59e?s=96&d=mm&r=g\",\"url\":\"https:\\\/\\\/secure.gravatar.com\\\/avatar\\\/1447a49909b67aa657c488aec6512e1dd6143a480c1ecfee9b5b5cd74eb3b59e?s=96&d=mm&r=g\",\"contentUrl\":\"https:\\\/\\\/secure.gravatar.com\\\/avatar\\\/1447a49909b67aa657c488aec6512e1dd6143a480c1ecfee9b5b5cd74eb3b59e?s=96&d=mm&r=g\",\"caption\":\"CL\"},\"url\":\"https:\\\/\\\/www.webdo.tn\\\/fr\\\/actualite\\\/author\\\/cl\\\/\"}]}<\/script>\n<!-- \/ Yoast SEO Premium plugin. -->","yoast_head_json":{"title":"Au moins deux morts dans une fusillade \u00e0 Bruxelles","description":"Un individu aurait ouvert le feu lundi peu apr\u00e8s 19h dans la capitale belge pour des motifs qui demeurent encore inconnus. Deux personnes auraient perdu la vie,...","canonical":"https:\/\/www.webdo.tn\/fr\/actualite\/international\/au-moins-deux-morts-dans-une-fusillade-a-bruxelles\/209374\/","og_locale":"fr_FR","og_type":"article","og_title":"Au moins deux morts dans une fusillade \u00e0 Bruxelles","og_description":"Un individu aurait ouvert le feu lundi peu apr\u00e8s 19h dans la capitale belge pour des motifs qui demeurent encore inconnus. Deux personnes auraient perdu la vie,...","og_url":"https:\/\/www.webdo.tn\/fr\/actualite\/international\/au-moins-deux-morts-dans-une-fusillade-a-bruxelles\/209374\/","og_site_name":"webdo","article_publisher":"https:\/\/www.facebook.com\/webdotn","article_published_time":"2023-10-16T19:54:00+00:00","article_modified_time":"2025-05-20T22:40:22+00:00","og_image":[{"width":750,"height":400,"url":"https:\/\/www.webdo.tn\/fr\/wp-content\/uploads\/2023\/10\/6e125e77dcea2eddbbd69cecc00cdc50.jpeg","type":"image\/jpeg"}],"author":"CL","twitter_card":"summary_large_image","twitter_creator":"@webdo_tn","twitter_site":"@webdo_tn","twitter_misc":{"\u00c9crit par":"CL","Dur\u00e9e de lecture estim\u00e9e":"1 minute"},"schema":{"@context":"https:\/\/schema.org","@graph":[{"@type":"NewsArticle","@id":"https:\/\/www.webdo.tn\/fr\/actualite\/international\/au-moins-deux-morts-dans-une-fusillade-a-bruxelles\/209374\/#article","isPartOf":{"@id":"https:\/\/www.webdo.tn\/fr\/actualite\/international\/au-moins-deux-morts-dans-une-fusillade-a-bruxelles\/209374\/"},"author":{"name":"CL","@id":"https:\/\/www.webdo.tn\/fr\/#\/schema\/person\/f35b42a42c5e2511bbd282959d6385cc"},"headline":"Au moins deux morts dans une fusillade \u00e0 Bruxelles","datePublished":"2023-10-16T19:54:00+00:00","dateModified":"2025-05-20T22:40:22+00:00","mainEntityOfPage":{"@id":"https:\/\/www.webdo.tn\/fr\/actualite\/international\/au-moins-deux-morts-dans-une-fusillade-a-bruxelles\/209374\/"},"wordCount":113,"commentCount":0,"publisher":{"@id":"https:\/\/www.webdo.tn\/fr\/#organization"},"image":{"@id":"https:\/\/www.webdo.tn\/fr\/actualite\/international\/au-moins-deux-morts-dans-une-fusillade-a-bruxelles\/209374\/#primaryimage"},"thumbnailUrl":"https:\/\/www.webdo.tn\/fr\/wp-content\/uploads\/2023\/10\/6e125e77dcea2eddbbd69cecc00cdc50.jpeg","keywords":["belgique","Bruxelles","fusillade"],"articleSection":["International"],"inLanguage":"fr-FR"},{"@type":"WebPage","@id":"https:\/\/www.webdo.tn\/fr\/actualite\/international\/au-moins-deux-morts-dans-une-fusillade-a-bruxelles\/209374\/","url":"https:\/\/www.webdo.tn\/fr\/actualite\/international\/au-moins-deux-morts-dans-une-fusillade-a-bruxelles\/209374\/","name":"Au moins deux morts dans une fusillade \u00e0 Bruxelles","isPartOf":{"@id":"https:\/\/www.webdo.tn\/fr\/#website"},"primaryImageOfPage":{"@id":"https:\/\/www.webdo.tn\/fr\/actualite\/international\/au-moins-deux-morts-dans-une-fusillade-a-bruxelles\/209374\/#primaryimage"},"image":{"@id":"https:\/\/www.webdo.tn\/fr\/actualite\/international\/au-moins-deux-morts-dans-une-fusillade-a-bruxelles\/209374\/#primaryimage"},"thumbnailUrl":"https:\/\/www.webdo.tn\/fr\/wp-content\/uploads\/2023\/10\/6e125e77dcea2eddbbd69cecc00cdc50.jpeg","datePublished":"2023-10-16T19:54:00+00:00","dateModified":"2025-05-20T22:40:22+00:00","description":"Un individu aurait ouvert le feu lundi peu apr\u00e8s 19h dans la capitale belge pour des motifs qui demeurent encore inconnus. Deux personnes auraient perdu la vie,...","breadcrumb":{"@id":"https:\/\/www.webdo.tn\/fr\/actualite\/international\/au-moins-deux-morts-dans-une-fusillade-a-bruxelles\/209374\/#breadcrumb"},"inLanguage":"fr-FR","potentialAction":[{"@type":"ReadAction","target":["https:\/\/www.webdo.tn\/fr\/actualite\/international\/au-moins-deux-morts-dans-une-fusillade-a-bruxelles\/209374\/"]}]},{"@type":"ImageObject","inLanguage":"fr-FR","@id":"https:\/\/www.webdo.tn\/fr\/actualite\/international\/au-moins-deux-morts-dans-une-fusillade-a-bruxelles\/209374\/#primaryimage","url":"https:\/\/www.webdo.tn\/fr\/wp-content\/uploads\/2023\/10\/6e125e77dcea2eddbbd69cecc00cdc50.jpeg","contentUrl":"https:\/\/www.webdo.tn\/fr\/wp-content\/uploads\/2023\/10\/6e125e77dcea2eddbbd69cecc00cdc50.jpeg","width":750,"height":400,"caption":"Au moins deux morts dans une fusillade \u00e0 Bruxelles"},{"@type":"BreadcrumbList","@id":"https:\/\/www.webdo.tn\/fr\/actualite\/international\/au-moins-deux-morts-dans-une-fusillade-a-bruxelles\/209374\/#breadcrumb","itemListElement":[{"@type":"ListItem","position":1,"name":"Accueil","item":"https:\/\/www.webdo.tn\/fr\/"},{"@type":"ListItem","position":2,"name":"Au moins deux morts dans une fusillade \u00e0 Bruxelles"}]},{"@type":"WebSite","@id":"https:\/\/www.webdo.tn\/fr\/#website","url":"https:\/\/www.webdo.tn\/fr\/","name":"webdo","description":"Tunisie - News en Tunisie et \u00e0 l&#039;international sur Webdo.tn","publisher":{"@id":"https:\/\/www.webdo.tn\/fr\/#organization"},"potentialAction":[{"@type":"SearchAction","target":{"@type":"EntryPoint","urlTemplate":"https:\/\/www.webdo.tn\/fr\/?s={search_term_string}"},"query-input":{"@type":"PropertyValueSpecification","valueRequired":true,"valueName":"search_term_string"}}],"inLanguage":"fr-FR"},{"@type":"Organization","@id":"https:\/\/www.webdo.tn\/fr\/#organization","name":"Webdo","alternateName":"Webdo.tn","url":"https:\/\/www.webdo.tn\/fr\/","logo":{"@type":"ImageObject","inLanguage":"fr-FR","@id":"https:\/\/www.webdo.tn\/fr\/#\/schema\/logo\/image\/","url":"https:\/\/www.webdo.tn\/fr\/wp-content\/uploads\/2025\/06\/Webdo-Tunisie_168377.jpg","contentUrl":"https:\/\/www.webdo.tn\/fr\/wp-content\/uploads\/2025\/06\/Webdo-Tunisie_168377.jpg","width":301,"height":301,"caption":"Webdo"},"image":{"@id":"https:\/\/www.webdo.tn\/fr\/#\/schema\/logo\/image\/"},"sameAs":["https:\/\/www.facebook.com\/webdotn","https:\/\/x.com\/webdo_tn"],"description":"Webdo est un m\u00e9dia num\u00e9rique tunisien fond\u00e9 en 2010, sp\u00e9cialis\u00e9 dans l\u2019actualit\u00e9 nationale et internationale, l\u2019\u00e9conomie, la soci\u00e9t\u00e9 et les analyses politiques. Le site s\u2019adresse \u00e0 un large public francophone et couvre l\u2019information tunisienne en temps r\u00e9el.","email":"redac@webdo.tn","legalName":"YNJ SARL","foundingDate":"2010-09-06","numberOfEmployees":{"@type":"QuantitativeValue","minValue":"11","maxValue":"50"}},{"@type":"Person","@id":"https:\/\/www.webdo.tn\/fr\/#\/schema\/person\/f35b42a42c5e2511bbd282959d6385cc","name":"CL","image":{"@type":"ImageObject","inLanguage":"fr-FR","@id":"https:\/\/secure.gravatar.com\/avatar\/1447a49909b67aa657c488aec6512e1dd6143a480c1ecfee9b5b5cd74eb3b59e?s=96&d=mm&r=g","url":"https:\/\/secure.gravatar.com\/avatar\/1447a49909b67aa657c488aec6512e1dd6143a480c1ecfee9b5b5cd74eb3b59e?s=96&d=mm&r=g","contentUrl":"https:\/\/secure.gravatar.com\/avatar\/1447a49909b67aa657c488aec6512e1dd6143a480c1ecfee9b5b5cd74eb3b59e?s=96&d=mm&r=g","caption":"CL"},"url":"https:\/\/www.webdo.tn\/fr\/actualite\/author\/cl\/"}]}},"_links":{"self":[{"href":"https:\/\/www.webdo.tn\/fr\/wp-json\/wp\/v2\/posts\/209374","targetHints":{"allow":["GET"]}}],"collection":[{"href":"https:\/\/www.webdo.tn\/fr\/wp-json\/wp\/v2\/posts"}],"about":[{"href":"https:\/\/www.webdo.tn\/fr\/wp-json\/wp\/v2\/types\/post"}],"author":[{"embeddable":true,"href":"https:\/\/www.webdo.tn\/fr\/wp-json\/wp\/v2\/users\/3175"}],"replies":[{"embeddable":true,"href":"https:\/\/www.webdo.tn\/fr\/wp-json\/wp\/v2\/comments?post=209374"}],"version-history":[{"count":0,"href":"https:\/\/www.webdo.tn\/fr\/wp-json\/wp\/v2\/posts\/209374\/revisions"}],"wp:featuredmedia":[{"embeddable":true,"href":"https:\/\/www.webdo.tn\/fr\/wp-json\/wp\/v2\/media\/249059"}],"wp:attachment":[{"href":"https:\/\/www.webdo.tn\/fr\/wp-json\/wp\/v2\/media?parent=209374"}],"wp:term":[{"taxonomy":"category","embeddable":true,"href":"https:\/\/www.webdo.tn\/fr\/wp-json\/wp\/v2\/categories?post=209374"},{"taxonomy":"post_tag","embeddable":true,"href":"https:\/\/www.webdo.tn\/fr\/wp-json\/wp\/v2\/tags?post=209374"}],"curies":[{"name":"wp","href":"https:\/\/api.w.org\/{rel}","templated":true}]}}