{"id":209370,"date":"2023-10-16T18:31:00","date_gmt":"2023-10-16T18:31:00","guid":{"rendered":"https:\/\/www.webdo.tn\/fr\/blog\/l-association-israelienne-de-tennis-porte-plainte-contre-ons-jabeur\/209370\/"},"modified":"2025-05-20T22:40:22","modified_gmt":"2025-05-20T22:40:22","slug":"l-association-israelienne-de-tennis-porte-plainte-contre-ons-jabeur","status":"publish","type":"post","link":"https:\/\/www.webdo.tn\/fr\/actualite\/sport\/l-association-israelienne-de-tennis-porte-plainte-contre-ons-jabeur\/209370\/","title":{"rendered":"L\u2019association isra\u00e9lienne de tennis porte plainte contre Ons Jabeur"},"content":{"rendered":"<p>L\u2019association isra\u00e9lienne de tennis (ITA) l\u2019\u00e9quivalant de la f\u00e9d\u00e9ration tunisienne du tennis a saisi officiellement ce lundi 16 octobre 2023 la F\u00e9d\u00e9ration internationale de tennis (IFT)  pour porter plainte contre les d\u00e9claration d\u2019Ons Jabeur, soutenant la Palestine.<\/p>\n<p>\t\t\t\t\t\t\t\t\tLa \u00ab F\u00e9d\u00e9 \u00bb isra\u00e9lienne presse pour que l\u2019Association des joueuses de tennis (WTA) prenne les mesures n\u00e9cessaires contre ce qu\u2019elle appelle une \u00ab apologie au terrorisme \u00bb.\u00a0<\/p>\n<p>La plainte concerne une publication Instagram que notre championne avait publi\u00e9 pour monter son soutien au peuple palestinien sur fond de la guerre annonc\u00e9e contre la bande de Gaza.\u00a0<\/p>\n<p>Ons Jabeur avait rappel\u00e9 entre autres, que les Palestiniens faisaient l&rsquo;objet d&rsquo;injustice durant les 75 derni\u00e8res ann\u00e9es.\u00a0<\/p>\n<p>\u00ab Cette joueuse de tennis incite et soutient une organisation terroriste meurtri\u00e8re et nazie. Nous sommes heureux qu\u2019elle soit en minorit\u00e9 par rapport aux athl\u00e8tes sens\u00e9s du reste du monde \u00bb, a d\u00e9clar\u00e9 le pr\u00e9sident de l&rsquo;association isra\u00e9lienne Avi Peretz.<\/p>\n","protected":false},"excerpt":{"rendered":"<p>L\u2019association isra\u00e9lienne de tennis (ITA) l\u2019\u00e9quivalant de la f\u00e9d\u00e9ration tunisienne du tennis a saisi officiellement ce lundi 16 octobre 2023 la F\u00e9d\u00e9ration inter&#8230;<\/p>\n","protected":false},"author":3175,"featured_media":249060,"comment_status":"open","ping_status":"closed","sticky":false,"template":"","format":"standard","meta":{"footnotes":""},"categories":[2593],"tags":[2689,2636,2604,2605],"class_list":["post-209370","post","type-post","status-publish","format-standard","has-post-thumbnail","hentry","category-sport","tag-gaza","tag-israel","tag-ons-jabeur","tag-tennis"],"yoast_head":"<!-- This site is optimized with the Yoast SEO Premium plugin v27.5 (Yoast SEO v27.5) - https:\/\/yoast.com\/product\/yoast-seo-premium-wordpress\/ -->\n<title>L\u2019association isra\u00e9lienne de tennis porte plainte contre Ons Jabeur<\/title>\n<meta name=\"description\" content=\"L\u2019association isra\u00e9lienne de tennis (ITA) l\u2019\u00e9quivalant de la f\u00e9d\u00e9ration tunisienne du tennis a saisi officiellement ce lundi 16 octobre 2023 la F\u00e9d\u00e9ration inter...\" \/>\n<link rel=\"canonical\" href=\"https:\/\/www.webdo.tn\/fr\/actualite\/sport\/l-association-israelienne-de-tennis-porte-plainte-contre-ons-jabeur\/209370\/\" \/>\n<meta property=\"og:locale\" content=\"fr_FR\" \/>\n<meta property=\"og:type\" content=\"article\" \/>\n<meta property=\"og:title\" content=\"L\u2019association isra\u00e9lienne de tennis porte plainte contre Ons Jabeur\" \/>\n<meta property=\"og:description\" content=\"L\u2019association isra\u00e9lienne de tennis (ITA) l\u2019\u00e9quivalant de la f\u00e9d\u00e9ration tunisienne du tennis a saisi officiellement ce lundi 16 octobre 2023 la F\u00e9d\u00e9ration inter...\" \/>\n<meta property=\"og:url\" content=\"https:\/\/www.webdo.tn\/fr\/actualite\/sport\/l-association-israelienne-de-tennis-porte-plainte-contre-ons-jabeur\/209370\/\" \/>\n<meta property=\"og:site_name\" content=\"webdo\" \/>\n<meta property=\"article:publisher\" content=\"https:\/\/www.facebook.com\/webdotn\" \/>\n<meta property=\"article:published_time\" content=\"2023-10-16T18:31:00+00:00\" \/>\n<meta property=\"article:modified_time\" content=\"2025-05-20T22:40:22+00:00\" \/>\n<meta property=\"og:image\" content=\"https:\/\/www.webdo.tn\/fr\/wp-content\/uploads\/2023\/10\/4402851f8034e539481cadeee046d7d9.png\" \/>\n\t<meta property=\"og:image:width\" content=\"750\" \/>\n\t<meta property=\"og:image:height\" content=\"400\" \/>\n\t<meta property=\"og:image:type\" content=\"image\/png\" \/>\n<meta name=\"author\" content=\"CL\" \/>\n<meta name=\"twitter:card\" content=\"summary_large_image\" \/>\n<meta name=\"twitter:creator\" content=\"@webdo_tn\" \/>\n<meta name=\"twitter:site\" content=\"@webdo_tn\" \/>\n<meta name=\"twitter:label1\" content=\"\u00c9crit par\" \/>\n\t<meta name=\"twitter:data1\" content=\"CL\" \/>\n\t<meta name=\"twitter:label2\" content=\"Dur\u00e9e de lecture estim\u00e9e\" \/>\n\t<meta name=\"twitter:data2\" content=\"1 minute\" \/>\n<script type=\"application\/ld+json\" class=\"yoast-schema-graph\">{\"@context\":\"https:\\\/\\\/schema.org\",\"@graph\":[{\"@type\":\"NewsArticle\",\"@id\":\"https:\\\/\\\/www.webdo.tn\\\/fr\\\/actualite\\\/sport\\\/l-association-israelienne-de-tennis-porte-plainte-contre-ons-jabeur\\\/209370\\\/#article\",\"isPartOf\":{\"@id\":\"https:\\\/\\\/www.webdo.tn\\\/fr\\\/actualite\\\/sport\\\/l-association-israelienne-de-tennis-porte-plainte-contre-ons-jabeur\\\/209370\\\/\"},\"author\":{\"name\":\"CL\",\"@id\":\"https:\\\/\\\/www.webdo.tn\\\/fr\\\/#\\\/schema\\\/person\\\/f35b42a42c5e2511bbd282959d6385cc\"},\"headline\":\"L\u2019association isra\u00e9lienne de tennis porte plainte contre Ons Jabeur\",\"datePublished\":\"2023-10-16T18:31:00+00:00\",\"dateModified\":\"2025-05-20T22:40:22+00:00\",\"mainEntityOfPage\":{\"@id\":\"https:\\\/\\\/www.webdo.tn\\\/fr\\\/actualite\\\/sport\\\/l-association-israelienne-de-tennis-porte-plainte-contre-ons-jabeur\\\/209370\\\/\"},\"wordCount\":180,\"commentCount\":0,\"publisher\":{\"@id\":\"https:\\\/\\\/www.webdo.tn\\\/fr\\\/#organization\"},\"image\":{\"@id\":\"https:\\\/\\\/www.webdo.tn\\\/fr\\\/actualite\\\/sport\\\/l-association-israelienne-de-tennis-porte-plainte-contre-ons-jabeur\\\/209370\\\/#primaryimage\"},\"thumbnailUrl\":\"https:\\\/\\\/www.webdo.tn\\\/fr\\\/wp-content\\\/uploads\\\/2023\\\/10\\\/4402851f8034e539481cadeee046d7d9.png\",\"keywords\":[\"Gaza\",\"isra\u00ebl\",\"Ons Jabeur\",\"tennis\"],\"articleSection\":[\"Sport\"],\"inLanguage\":\"fr-FR\"},{\"@type\":\"WebPage\",\"@id\":\"https:\\\/\\\/www.webdo.tn\\\/fr\\\/actualite\\\/sport\\\/l-association-israelienne-de-tennis-porte-plainte-contre-ons-jabeur\\\/209370\\\/\",\"url\":\"https:\\\/\\\/www.webdo.tn\\\/fr\\\/actualite\\\/sport\\\/l-association-israelienne-de-tennis-porte-plainte-contre-ons-jabeur\\\/209370\\\/\",\"name\":\"L\u2019association isra\u00e9lienne de tennis porte plainte contre Ons Jabeur\",\"isPartOf\":{\"@id\":\"https:\\\/\\\/www.webdo.tn\\\/fr\\\/#website\"},\"primaryImageOfPage\":{\"@id\":\"https:\\\/\\\/www.webdo.tn\\\/fr\\\/actualite\\\/sport\\\/l-association-israelienne-de-tennis-porte-plainte-contre-ons-jabeur\\\/209370\\\/#primaryimage\"},\"image\":{\"@id\":\"https:\\\/\\\/www.webdo.tn\\\/fr\\\/actualite\\\/sport\\\/l-association-israelienne-de-tennis-porte-plainte-contre-ons-jabeur\\\/209370\\\/#primaryimage\"},\"thumbnailUrl\":\"https:\\\/\\\/www.webdo.tn\\\/fr\\\/wp-content\\\/uploads\\\/2023\\\/10\\\/4402851f8034e539481cadeee046d7d9.png\",\"datePublished\":\"2023-10-16T18:31:00+00:00\",\"dateModified\":\"2025-05-20T22:40:22+00:00\",\"description\":\"L\u2019association isra\u00e9lienne de tennis (ITA) l\u2019\u00e9quivalant de la f\u00e9d\u00e9ration tunisienne du tennis a saisi officiellement ce lundi 16 octobre 2023 la F\u00e9d\u00e9ration inter...\",\"breadcrumb\":{\"@id\":\"https:\\\/\\\/www.webdo.tn\\\/fr\\\/actualite\\\/sport\\\/l-association-israelienne-de-tennis-porte-plainte-contre-ons-jabeur\\\/209370\\\/#breadcrumb\"},\"inLanguage\":\"fr-FR\",\"potentialAction\":[{\"@type\":\"ReadAction\",\"target\":[\"https:\\\/\\\/www.webdo.tn\\\/fr\\\/actualite\\\/sport\\\/l-association-israelienne-de-tennis-porte-plainte-contre-ons-jabeur\\\/209370\\\/\"]}]},{\"@type\":\"ImageObject\",\"inLanguage\":\"fr-FR\",\"@id\":\"https:\\\/\\\/www.webdo.tn\\\/fr\\\/actualite\\\/sport\\\/l-association-israelienne-de-tennis-porte-plainte-contre-ons-jabeur\\\/209370\\\/#primaryimage\",\"url\":\"https:\\\/\\\/www.webdo.tn\\\/fr\\\/wp-content\\\/uploads\\\/2023\\\/10\\\/4402851f8034e539481cadeee046d7d9.png\",\"contentUrl\":\"https:\\\/\\\/www.webdo.tn\\\/fr\\\/wp-content\\\/uploads\\\/2023\\\/10\\\/4402851f8034e539481cadeee046d7d9.png\",\"width\":750,\"height\":400,\"caption\":\"L\u2019association isra\u00e9lienne de tennis porte plainte contre Ons Jabeur\"},{\"@type\":\"BreadcrumbList\",\"@id\":\"https:\\\/\\\/www.webdo.tn\\\/fr\\\/actualite\\\/sport\\\/l-association-israelienne-de-tennis-porte-plainte-contre-ons-jabeur\\\/209370\\\/#breadcrumb\",\"itemListElement\":[{\"@type\":\"ListItem\",\"position\":1,\"name\":\"Accueil\",\"item\":\"https:\\\/\\\/www.webdo.tn\\\/fr\\\/\"},{\"@type\":\"ListItem\",\"position\":2,\"name\":\"L\u2019association isra\u00e9lienne de tennis porte plainte contre Ons Jabeur\"}]},{\"@type\":\"WebSite\",\"@id\":\"https:\\\/\\\/www.webdo.tn\\\/fr\\\/#website\",\"url\":\"https:\\\/\\\/www.webdo.tn\\\/fr\\\/\",\"name\":\"webdo\",\"description\":\"Tunisie - News en Tunisie et \u00e0 l&#039;international sur Webdo.tn\",\"publisher\":{\"@id\":\"https:\\\/\\\/www.webdo.tn\\\/fr\\\/#organization\"},\"potentialAction\":[{\"@type\":\"SearchAction\",\"target\":{\"@type\":\"EntryPoint\",\"urlTemplate\":\"https:\\\/\\\/www.webdo.tn\\\/fr\\\/?s={search_term_string}\"},\"query-input\":{\"@type\":\"PropertyValueSpecification\",\"valueRequired\":true,\"valueName\":\"search_term_string\"}}],\"inLanguage\":\"fr-FR\"},{\"@type\":\"Organization\",\"@id\":\"https:\\\/\\\/www.webdo.tn\\\/fr\\\/#organization\",\"name\":\"Webdo\",\"alternateName\":\"Webdo.tn\",\"url\":\"https:\\\/\\\/www.webdo.tn\\\/fr\\\/\",\"logo\":{\"@type\":\"ImageObject\",\"inLanguage\":\"fr-FR\",\"@id\":\"https:\\\/\\\/www.webdo.tn\\\/fr\\\/#\\\/schema\\\/logo\\\/image\\\/\",\"url\":\"https:\\\/\\\/www.webdo.tn\\\/fr\\\/wp-content\\\/uploads\\\/2025\\\/06\\\/Webdo-Tunisie_168377.jpg\",\"contentUrl\":\"https:\\\/\\\/www.webdo.tn\\\/fr\\\/wp-content\\\/uploads\\\/2025\\\/06\\\/Webdo-Tunisie_168377.jpg\",\"width\":301,\"height\":301,\"caption\":\"Webdo\"},\"image\":{\"@id\":\"https:\\\/\\\/www.webdo.tn\\\/fr\\\/#\\\/schema\\\/logo\\\/image\\\/\"},\"sameAs\":[\"https:\\\/\\\/www.facebook.com\\\/webdotn\",\"https:\\\/\\\/x.com\\\/webdo_tn\"],\"description\":\"Webdo est un m\u00e9dia num\u00e9rique tunisien fond\u00e9 en 2010, sp\u00e9cialis\u00e9 dans l\u2019actualit\u00e9 nationale et internationale, l\u2019\u00e9conomie, la soci\u00e9t\u00e9 et les analyses politiques. Le site s\u2019adresse \u00e0 un large public francophone et couvre l\u2019information tunisienne en temps r\u00e9el.\",\"email\":\"redac@webdo.tn\",\"legalName\":\"YNJ SARL\",\"foundingDate\":\"2010-09-06\",\"numberOfEmployees\":{\"@type\":\"QuantitativeValue\",\"minValue\":\"11\",\"maxValue\":\"50\"}},{\"@type\":\"Person\",\"@id\":\"https:\\\/\\\/www.webdo.tn\\\/fr\\\/#\\\/schema\\\/person\\\/f35b42a42c5e2511bbd282959d6385cc\",\"name\":\"CL\",\"image\":{\"@type\":\"ImageObject\",\"inLanguage\":\"fr-FR\",\"@id\":\"https:\\\/\\\/secure.gravatar.com\\\/avatar\\\/1447a49909b67aa657c488aec6512e1dd6143a480c1ecfee9b5b5cd74eb3b59e?s=96&d=mm&r=g\",\"url\":\"https:\\\/\\\/secure.gravatar.com\\\/avatar\\\/1447a49909b67aa657c488aec6512e1dd6143a480c1ecfee9b5b5cd74eb3b59e?s=96&d=mm&r=g\",\"contentUrl\":\"https:\\\/\\\/secure.gravatar.com\\\/avatar\\\/1447a49909b67aa657c488aec6512e1dd6143a480c1ecfee9b5b5cd74eb3b59e?s=96&d=mm&r=g\",\"caption\":\"CL\"},\"url\":\"https:\\\/\\\/www.webdo.tn\\\/fr\\\/actualite\\\/author\\\/cl\\\/\"}]}<\/script>\n<!-- \/ Yoast SEO Premium plugin. -->","yoast_head_json":{"title":"L\u2019association isra\u00e9lienne de tennis porte plainte contre Ons Jabeur","description":"L\u2019association isra\u00e9lienne de tennis (ITA) l\u2019\u00e9quivalant de la f\u00e9d\u00e9ration tunisienne du tennis a saisi officiellement ce lundi 16 octobre 2023 la F\u00e9d\u00e9ration inter...","canonical":"https:\/\/www.webdo.tn\/fr\/actualite\/sport\/l-association-israelienne-de-tennis-porte-plainte-contre-ons-jabeur\/209370\/","og_locale":"fr_FR","og_type":"article","og_title":"L\u2019association isra\u00e9lienne de tennis porte plainte contre Ons Jabeur","og_description":"L\u2019association isra\u00e9lienne de tennis (ITA) l\u2019\u00e9quivalant de la f\u00e9d\u00e9ration tunisienne du tennis a saisi officiellement ce lundi 16 octobre 2023 la F\u00e9d\u00e9ration inter...","og_url":"https:\/\/www.webdo.tn\/fr\/actualite\/sport\/l-association-israelienne-de-tennis-porte-plainte-contre-ons-jabeur\/209370\/","og_site_name":"webdo","article_publisher":"https:\/\/www.facebook.com\/webdotn","article_published_time":"2023-10-16T18:31:00+00:00","article_modified_time":"2025-05-20T22:40:22+00:00","og_image":[{"width":750,"height":400,"url":"https:\/\/www.webdo.tn\/fr\/wp-content\/uploads\/2023\/10\/4402851f8034e539481cadeee046d7d9.png","type":"image\/png"}],"author":"CL","twitter_card":"summary_large_image","twitter_creator":"@webdo_tn","twitter_site":"@webdo_tn","twitter_misc":{"\u00c9crit par":"CL","Dur\u00e9e de lecture estim\u00e9e":"1 minute"},"schema":{"@context":"https:\/\/schema.org","@graph":[{"@type":"NewsArticle","@id":"https:\/\/www.webdo.tn\/fr\/actualite\/sport\/l-association-israelienne-de-tennis-porte-plainte-contre-ons-jabeur\/209370\/#article","isPartOf":{"@id":"https:\/\/www.webdo.tn\/fr\/actualite\/sport\/l-association-israelienne-de-tennis-porte-plainte-contre-ons-jabeur\/209370\/"},"author":{"name":"CL","@id":"https:\/\/www.webdo.tn\/fr\/#\/schema\/person\/f35b42a42c5e2511bbd282959d6385cc"},"headline":"L\u2019association isra\u00e9lienne de tennis porte plainte contre Ons Jabeur","datePublished":"2023-10-16T18:31:00+00:00","dateModified":"2025-05-20T22:40:22+00:00","mainEntityOfPage":{"@id":"https:\/\/www.webdo.tn\/fr\/actualite\/sport\/l-association-israelienne-de-tennis-porte-plainte-contre-ons-jabeur\/209370\/"},"wordCount":180,"commentCount":0,"publisher":{"@id":"https:\/\/www.webdo.tn\/fr\/#organization"},"image":{"@id":"https:\/\/www.webdo.tn\/fr\/actualite\/sport\/l-association-israelienne-de-tennis-porte-plainte-contre-ons-jabeur\/209370\/#primaryimage"},"thumbnailUrl":"https:\/\/www.webdo.tn\/fr\/wp-content\/uploads\/2023\/10\/4402851f8034e539481cadeee046d7d9.png","keywords":["Gaza","isra\u00ebl","Ons Jabeur","tennis"],"articleSection":["Sport"],"inLanguage":"fr-FR"},{"@type":"WebPage","@id":"https:\/\/www.webdo.tn\/fr\/actualite\/sport\/l-association-israelienne-de-tennis-porte-plainte-contre-ons-jabeur\/209370\/","url":"https:\/\/www.webdo.tn\/fr\/actualite\/sport\/l-association-israelienne-de-tennis-porte-plainte-contre-ons-jabeur\/209370\/","name":"L\u2019association isra\u00e9lienne de tennis porte plainte contre Ons Jabeur","isPartOf":{"@id":"https:\/\/www.webdo.tn\/fr\/#website"},"primaryImageOfPage":{"@id":"https:\/\/www.webdo.tn\/fr\/actualite\/sport\/l-association-israelienne-de-tennis-porte-plainte-contre-ons-jabeur\/209370\/#primaryimage"},"image":{"@id":"https:\/\/www.webdo.tn\/fr\/actualite\/sport\/l-association-israelienne-de-tennis-porte-plainte-contre-ons-jabeur\/209370\/#primaryimage"},"thumbnailUrl":"https:\/\/www.webdo.tn\/fr\/wp-content\/uploads\/2023\/10\/4402851f8034e539481cadeee046d7d9.png","datePublished":"2023-10-16T18:31:00+00:00","dateModified":"2025-05-20T22:40:22+00:00","description":"L\u2019association isra\u00e9lienne de tennis (ITA) l\u2019\u00e9quivalant de la f\u00e9d\u00e9ration tunisienne du tennis a saisi officiellement ce lundi 16 octobre 2023 la F\u00e9d\u00e9ration inter...","breadcrumb":{"@id":"https:\/\/www.webdo.tn\/fr\/actualite\/sport\/l-association-israelienne-de-tennis-porte-plainte-contre-ons-jabeur\/209370\/#breadcrumb"},"inLanguage":"fr-FR","potentialAction":[{"@type":"ReadAction","target":["https:\/\/www.webdo.tn\/fr\/actualite\/sport\/l-association-israelienne-de-tennis-porte-plainte-contre-ons-jabeur\/209370\/"]}]},{"@type":"ImageObject","inLanguage":"fr-FR","@id":"https:\/\/www.webdo.tn\/fr\/actualite\/sport\/l-association-israelienne-de-tennis-porte-plainte-contre-ons-jabeur\/209370\/#primaryimage","url":"https:\/\/www.webdo.tn\/fr\/wp-content\/uploads\/2023\/10\/4402851f8034e539481cadeee046d7d9.png","contentUrl":"https:\/\/www.webdo.tn\/fr\/wp-content\/uploads\/2023\/10\/4402851f8034e539481cadeee046d7d9.png","width":750,"height":400,"caption":"L\u2019association isra\u00e9lienne de tennis porte plainte contre Ons Jabeur"},{"@type":"BreadcrumbList","@id":"https:\/\/www.webdo.tn\/fr\/actualite\/sport\/l-association-israelienne-de-tennis-porte-plainte-contre-ons-jabeur\/209370\/#breadcrumb","itemListElement":[{"@type":"ListItem","position":1,"name":"Accueil","item":"https:\/\/www.webdo.tn\/fr\/"},{"@type":"ListItem","position":2,"name":"L\u2019association isra\u00e9lienne de tennis porte plainte contre Ons Jabeur"}]},{"@type":"WebSite","@id":"https:\/\/www.webdo.tn\/fr\/#website","url":"https:\/\/www.webdo.tn\/fr\/","name":"webdo","description":"Tunisie - News en Tunisie et \u00e0 l&#039;international sur Webdo.tn","publisher":{"@id":"https:\/\/www.webdo.tn\/fr\/#organization"},"potentialAction":[{"@type":"SearchAction","target":{"@type":"EntryPoint","urlTemplate":"https:\/\/www.webdo.tn\/fr\/?s={search_term_string}"},"query-input":{"@type":"PropertyValueSpecification","valueRequired":true,"valueName":"search_term_string"}}],"inLanguage":"fr-FR"},{"@type":"Organization","@id":"https:\/\/www.webdo.tn\/fr\/#organization","name":"Webdo","alternateName":"Webdo.tn","url":"https:\/\/www.webdo.tn\/fr\/","logo":{"@type":"ImageObject","inLanguage":"fr-FR","@id":"https:\/\/www.webdo.tn\/fr\/#\/schema\/logo\/image\/","url":"https:\/\/www.webdo.tn\/fr\/wp-content\/uploads\/2025\/06\/Webdo-Tunisie_168377.jpg","contentUrl":"https:\/\/www.webdo.tn\/fr\/wp-content\/uploads\/2025\/06\/Webdo-Tunisie_168377.jpg","width":301,"height":301,"caption":"Webdo"},"image":{"@id":"https:\/\/www.webdo.tn\/fr\/#\/schema\/logo\/image\/"},"sameAs":["https:\/\/www.facebook.com\/webdotn","https:\/\/x.com\/webdo_tn"],"description":"Webdo est un m\u00e9dia num\u00e9rique tunisien fond\u00e9 en 2010, sp\u00e9cialis\u00e9 dans l\u2019actualit\u00e9 nationale et internationale, l\u2019\u00e9conomie, la soci\u00e9t\u00e9 et les analyses politiques. Le site s\u2019adresse \u00e0 un large public francophone et couvre l\u2019information tunisienne en temps r\u00e9el.","email":"redac@webdo.tn","legalName":"YNJ SARL","foundingDate":"2010-09-06","numberOfEmployees":{"@type":"QuantitativeValue","minValue":"11","maxValue":"50"}},{"@type":"Person","@id":"https:\/\/www.webdo.tn\/fr\/#\/schema\/person\/f35b42a42c5e2511bbd282959d6385cc","name":"CL","image":{"@type":"ImageObject","inLanguage":"fr-FR","@id":"https:\/\/secure.gravatar.com\/avatar\/1447a49909b67aa657c488aec6512e1dd6143a480c1ecfee9b5b5cd74eb3b59e?s=96&d=mm&r=g","url":"https:\/\/secure.gravatar.com\/avatar\/1447a49909b67aa657c488aec6512e1dd6143a480c1ecfee9b5b5cd74eb3b59e?s=96&d=mm&r=g","contentUrl":"https:\/\/secure.gravatar.com\/avatar\/1447a49909b67aa657c488aec6512e1dd6143a480c1ecfee9b5b5cd74eb3b59e?s=96&d=mm&r=g","caption":"CL"},"url":"https:\/\/www.webdo.tn\/fr\/actualite\/author\/cl\/"}]}},"_links":{"self":[{"href":"https:\/\/www.webdo.tn\/fr\/wp-json\/wp\/v2\/posts\/209370","targetHints":{"allow":["GET"]}}],"collection":[{"href":"https:\/\/www.webdo.tn\/fr\/wp-json\/wp\/v2\/posts"}],"about":[{"href":"https:\/\/www.webdo.tn\/fr\/wp-json\/wp\/v2\/types\/post"}],"author":[{"embeddable":true,"href":"https:\/\/www.webdo.tn\/fr\/wp-json\/wp\/v2\/users\/3175"}],"replies":[{"embeddable":true,"href":"https:\/\/www.webdo.tn\/fr\/wp-json\/wp\/v2\/comments?post=209370"}],"version-history":[{"count":0,"href":"https:\/\/www.webdo.tn\/fr\/wp-json\/wp\/v2\/posts\/209370\/revisions"}],"wp:featuredmedia":[{"embeddable":true,"href":"https:\/\/www.webdo.tn\/fr\/wp-json\/wp\/v2\/media\/249060"}],"wp:attachment":[{"href":"https:\/\/www.webdo.tn\/fr\/wp-json\/wp\/v2\/media?parent=209370"}],"wp:term":[{"taxonomy":"category","embeddable":true,"href":"https:\/\/www.webdo.tn\/fr\/wp-json\/wp\/v2\/categories?post=209370"},{"taxonomy":"post_tag","embeddable":true,"href":"https:\/\/www.webdo.tn\/fr\/wp-json\/wp\/v2\/tags?post=209370"}],"curies":[{"name":"wp","href":"https:\/\/api.w.org\/{rel}","templated":true}]}}