{"id":209369,"date":"2023-10-16T18:07:00","date_gmt":"2023-10-16T18:07:00","guid":{"rendered":"https:\/\/www.webdo.tn\/fr\/blog\/ouverture-prochaine-tout-savoir-sur-le-mall-of-sfax\/209369\/"},"modified":"2025-05-20T22:40:22","modified_gmt":"2025-05-20T22:40:22","slug":"ouverture-prochaine-tout-savoir-sur-le-mall-of-sfax","status":"publish","type":"post","link":"https:\/\/www.webdo.tn\/fr\/actualite\/regions\/ouverture-prochaine-tout-savoir-sur-le-mall-of-sfax\/209369\/","title":{"rendered":"Ouverture prochaine : Tout savoir sur le \u00ab Mall of Sfax \u00bb"},"content":{"rendered":"<p>Le tout premier Mall \u00e0 Sfax ouvrira ses portes prochainement pour offrir un centre de loisir et de shopping pour les Sfaxiens, mais aussi pour les habitants du sud tunisien.<\/p>\n<p>L\u2019un des projets les plus ambitieux de la r\u00e9gion, annonce son ouverture officielle le jeudi 26 octobre 2023.<\/p>\n<p>Joyau architectural de derni\u00e8re g\u00e9n\u00e9ration, id\u00e9alement situ\u00e9 sur le principal axe routier de la ville de Sfax, centre de gravit\u00e9 d\u2019une r\u00e9gion \u00e0 fort potentiel, \u00ab Mall of Sfax \u00bb d\u00e9ploiera une offre compl\u00e8te aux normes internationales.<\/p>\n<p>L\u2019un des principaux objectifs de \u00ab Mall of Sfax \u00bb est de cr\u00e9er un espace de rencontre unique pour toute la famille. Il sera compos\u00e9 d\u2019un hypermarch\u00e9 Carrefour de 8 000 m\u00b2, d\u2019une galerie marchande compos\u00e9e des meilleures marques nationales et internationales, d\u2019une avenue d\u00e9di\u00e9e \u00e0 la restauration, d\u2019une aire de jeux indoor de 2 000 m\u00b2 et d\u2019un cin\u00e9ma multiplexe compos\u00e9 de 6 salles de derni\u00e8re g\u00e9n\u00e9ration qui ouvrira tr\u00e8s prochainement.<\/p>\n<p>Le centre sera d\u00e9ploy\u00e9 sur 2 niveaux. En fa\u00e7ade, un Lac artificielle et une magnifique v\u00e9g\u00e9tation permettront aux visiteurs de vivre un moment unique lors de leurs passages dans cet espace attractif.<\/p>\n<p>\u00ab Mall of Sfax \u00bb pr\u00e9sentera un v\u00e9ritable lieu de vie gr\u00e2ce \u00e0 une riche programmation culturelle et \u00e9v\u00e9nementielle tout au long de l\u2019ann\u00e9e.<\/p>\n<p>En outre, le centre sera dot\u00e9 d\u2019un vaste parking gratuit de 2 500 places aux normes internationales qui permettra de maximiser le confort des clients.<\/p>\n<p>A son lancement, \u00ab Mall of Sfax \u00bb va g\u00e9n\u00e9rer la cr\u00e9ation d\u2019environ 2000 emplois et dotera la r\u00e9gion d\u2019un p\u00f4le commercial et de loisirs unique en Tunisie.<\/p>\n","protected":false},"excerpt":{"rendered":"<p>Le tout premier Mall \u00e0 Sfax ouvrira ses portes prochainement pour offrir un centre de loisir et de shopping pour les Sfaxiens, mais aussi pour les habitants du&#8230;<\/p>\n","protected":false},"author":3175,"featured_media":249061,"comment_status":"open","ping_status":"closed","sticky":false,"template":"","format":"standard","meta":{"footnotes":""},"categories":[2595],"tags":[7739,7738,2675],"class_list":["post-209369","post","type-post","status-publish","format-standard","has-post-thumbnail","hentry","category-regions","tag-mall","tag-mall-of-sfax","tag-sfax"],"yoast_head":"<!-- This site is optimized with the Yoast SEO Premium plugin v27.5 (Yoast SEO v27.5) - https:\/\/yoast.com\/product\/yoast-seo-premium-wordpress\/ -->\n<title>Ouverture prochaine : Tout savoir sur le \u00ab Mall of Sfax \u00bb<\/title>\n<meta name=\"description\" content=\"Le tout premier Mall \u00e0 Sfax ouvrira ses portes prochainement pour offrir un centre de loisir et de shopping pour les Sfaxiens, mais aussi pour les habitants du...\" \/>\n<link rel=\"canonical\" href=\"https:\/\/www.webdo.tn\/fr\/actualite\/regions\/ouverture-prochaine-tout-savoir-sur-le-mall-of-sfax\/209369\/\" \/>\n<meta property=\"og:locale\" content=\"fr_FR\" \/>\n<meta property=\"og:type\" content=\"article\" \/>\n<meta property=\"og:title\" content=\"Ouverture prochaine : Tout savoir sur le \u00ab Mall of Sfax \u00bb\" \/>\n<meta property=\"og:description\" content=\"Le tout premier Mall \u00e0 Sfax ouvrira ses portes prochainement pour offrir un centre de loisir et de shopping pour les Sfaxiens, mais aussi pour les habitants du...\" \/>\n<meta property=\"og:url\" content=\"https:\/\/www.webdo.tn\/fr\/actualite\/regions\/ouverture-prochaine-tout-savoir-sur-le-mall-of-sfax\/209369\/\" \/>\n<meta property=\"og:site_name\" content=\"webdo\" \/>\n<meta property=\"article:publisher\" content=\"https:\/\/www.facebook.com\/webdotn\" \/>\n<meta property=\"article:published_time\" content=\"2023-10-16T18:07:00+00:00\" \/>\n<meta property=\"article:modified_time\" content=\"2025-05-20T22:40:22+00:00\" \/>\n<meta property=\"og:image\" content=\"https:\/\/www.webdo.tn\/fr\/wp-content\/uploads\/2023\/10\/9179aa69d4edb64338abe984e297f2d8.jpg\" \/>\n\t<meta property=\"og:image:width\" content=\"750\" \/>\n\t<meta property=\"og:image:height\" content=\"400\" \/>\n\t<meta property=\"og:image:type\" content=\"image\/jpeg\" \/>\n<meta name=\"author\" content=\"CL\" \/>\n<meta name=\"twitter:card\" content=\"summary_large_image\" \/>\n<meta name=\"twitter:creator\" content=\"@webdo_tn\" \/>\n<meta name=\"twitter:site\" content=\"@webdo_tn\" \/>\n<meta name=\"twitter:label1\" content=\"\u00c9crit par\" \/>\n\t<meta name=\"twitter:data1\" content=\"CL\" \/>\n\t<meta name=\"twitter:label2\" content=\"Dur\u00e9e de lecture estim\u00e9e\" \/>\n\t<meta name=\"twitter:data2\" content=\"1 minute\" \/>\n<script type=\"application\/ld+json\" class=\"yoast-schema-graph\">{\"@context\":\"https:\\\/\\\/schema.org\",\"@graph\":[{\"@type\":\"NewsArticle\",\"@id\":\"https:\\\/\\\/www.webdo.tn\\\/fr\\\/actualite\\\/regions\\\/ouverture-prochaine-tout-savoir-sur-le-mall-of-sfax\\\/209369\\\/#article\",\"isPartOf\":{\"@id\":\"https:\\\/\\\/www.webdo.tn\\\/fr\\\/actualite\\\/regions\\\/ouverture-prochaine-tout-savoir-sur-le-mall-of-sfax\\\/209369\\\/\"},\"author\":{\"name\":\"CL\",\"@id\":\"https:\\\/\\\/www.webdo.tn\\\/fr\\\/#\\\/schema\\\/person\\\/f35b42a42c5e2511bbd282959d6385cc\"},\"headline\":\"Ouverture prochaine : Tout savoir sur le \u00ab Mall of Sfax \u00bb\",\"datePublished\":\"2023-10-16T18:07:00+00:00\",\"dateModified\":\"2025-05-20T22:40:22+00:00\",\"mainEntityOfPage\":{\"@id\":\"https:\\\/\\\/www.webdo.tn\\\/fr\\\/actualite\\\/regions\\\/ouverture-prochaine-tout-savoir-sur-le-mall-of-sfax\\\/209369\\\/\"},\"wordCount\":295,\"commentCount\":0,\"publisher\":{\"@id\":\"https:\\\/\\\/www.webdo.tn\\\/fr\\\/#organization\"},\"image\":{\"@id\":\"https:\\\/\\\/www.webdo.tn\\\/fr\\\/actualite\\\/regions\\\/ouverture-prochaine-tout-savoir-sur-le-mall-of-sfax\\\/209369\\\/#primaryimage\"},\"thumbnailUrl\":\"https:\\\/\\\/www.webdo.tn\\\/fr\\\/wp-content\\\/uploads\\\/2023\\\/10\\\/9179aa69d4edb64338abe984e297f2d8.jpg\",\"keywords\":[\"Mall\",\"Mall Of Sfax\",\"Sfax\"],\"articleSection\":[\"regions\"],\"inLanguage\":\"fr-FR\"},{\"@type\":\"WebPage\",\"@id\":\"https:\\\/\\\/www.webdo.tn\\\/fr\\\/actualite\\\/regions\\\/ouverture-prochaine-tout-savoir-sur-le-mall-of-sfax\\\/209369\\\/\",\"url\":\"https:\\\/\\\/www.webdo.tn\\\/fr\\\/actualite\\\/regions\\\/ouverture-prochaine-tout-savoir-sur-le-mall-of-sfax\\\/209369\\\/\",\"name\":\"Ouverture prochaine : Tout savoir sur le \u00ab Mall of Sfax \u00bb\",\"isPartOf\":{\"@id\":\"https:\\\/\\\/www.webdo.tn\\\/fr\\\/#website\"},\"primaryImageOfPage\":{\"@id\":\"https:\\\/\\\/www.webdo.tn\\\/fr\\\/actualite\\\/regions\\\/ouverture-prochaine-tout-savoir-sur-le-mall-of-sfax\\\/209369\\\/#primaryimage\"},\"image\":{\"@id\":\"https:\\\/\\\/www.webdo.tn\\\/fr\\\/actualite\\\/regions\\\/ouverture-prochaine-tout-savoir-sur-le-mall-of-sfax\\\/209369\\\/#primaryimage\"},\"thumbnailUrl\":\"https:\\\/\\\/www.webdo.tn\\\/fr\\\/wp-content\\\/uploads\\\/2023\\\/10\\\/9179aa69d4edb64338abe984e297f2d8.jpg\",\"datePublished\":\"2023-10-16T18:07:00+00:00\",\"dateModified\":\"2025-05-20T22:40:22+00:00\",\"description\":\"Le tout premier Mall \u00e0 Sfax ouvrira ses portes prochainement pour offrir un centre de loisir et de shopping pour les Sfaxiens, mais aussi pour les habitants du...\",\"breadcrumb\":{\"@id\":\"https:\\\/\\\/www.webdo.tn\\\/fr\\\/actualite\\\/regions\\\/ouverture-prochaine-tout-savoir-sur-le-mall-of-sfax\\\/209369\\\/#breadcrumb\"},\"inLanguage\":\"fr-FR\",\"potentialAction\":[{\"@type\":\"ReadAction\",\"target\":[\"https:\\\/\\\/www.webdo.tn\\\/fr\\\/actualite\\\/regions\\\/ouverture-prochaine-tout-savoir-sur-le-mall-of-sfax\\\/209369\\\/\"]}]},{\"@type\":\"ImageObject\",\"inLanguage\":\"fr-FR\",\"@id\":\"https:\\\/\\\/www.webdo.tn\\\/fr\\\/actualite\\\/regions\\\/ouverture-prochaine-tout-savoir-sur-le-mall-of-sfax\\\/209369\\\/#primaryimage\",\"url\":\"https:\\\/\\\/www.webdo.tn\\\/fr\\\/wp-content\\\/uploads\\\/2023\\\/10\\\/9179aa69d4edb64338abe984e297f2d8.jpg\",\"contentUrl\":\"https:\\\/\\\/www.webdo.tn\\\/fr\\\/wp-content\\\/uploads\\\/2023\\\/10\\\/9179aa69d4edb64338abe984e297f2d8.jpg\",\"width\":750,\"height\":400,\"caption\":\"Ouverture prochaine : Tout savoir sur le \u00ab Mall of Sfax \u00bb\"},{\"@type\":\"BreadcrumbList\",\"@id\":\"https:\\\/\\\/www.webdo.tn\\\/fr\\\/actualite\\\/regions\\\/ouverture-prochaine-tout-savoir-sur-le-mall-of-sfax\\\/209369\\\/#breadcrumb\",\"itemListElement\":[{\"@type\":\"ListItem\",\"position\":1,\"name\":\"Accueil\",\"item\":\"https:\\\/\\\/www.webdo.tn\\\/fr\\\/\"},{\"@type\":\"ListItem\",\"position\":2,\"name\":\"Ouverture prochaine : Tout savoir sur le \u00ab Mall of Sfax \u00bb\"}]},{\"@type\":\"WebSite\",\"@id\":\"https:\\\/\\\/www.webdo.tn\\\/fr\\\/#website\",\"url\":\"https:\\\/\\\/www.webdo.tn\\\/fr\\\/\",\"name\":\"webdo\",\"description\":\"Tunisie - News en Tunisie et \u00e0 l&#039;international sur Webdo.tn\",\"publisher\":{\"@id\":\"https:\\\/\\\/www.webdo.tn\\\/fr\\\/#organization\"},\"potentialAction\":[{\"@type\":\"SearchAction\",\"target\":{\"@type\":\"EntryPoint\",\"urlTemplate\":\"https:\\\/\\\/www.webdo.tn\\\/fr\\\/?s={search_term_string}\"},\"query-input\":{\"@type\":\"PropertyValueSpecification\",\"valueRequired\":true,\"valueName\":\"search_term_string\"}}],\"inLanguage\":\"fr-FR\"},{\"@type\":\"Organization\",\"@id\":\"https:\\\/\\\/www.webdo.tn\\\/fr\\\/#organization\",\"name\":\"Webdo\",\"alternateName\":\"Webdo.tn\",\"url\":\"https:\\\/\\\/www.webdo.tn\\\/fr\\\/\",\"logo\":{\"@type\":\"ImageObject\",\"inLanguage\":\"fr-FR\",\"@id\":\"https:\\\/\\\/www.webdo.tn\\\/fr\\\/#\\\/schema\\\/logo\\\/image\\\/\",\"url\":\"https:\\\/\\\/www.webdo.tn\\\/fr\\\/wp-content\\\/uploads\\\/2025\\\/06\\\/Webdo-Tunisie_168377.jpg\",\"contentUrl\":\"https:\\\/\\\/www.webdo.tn\\\/fr\\\/wp-content\\\/uploads\\\/2025\\\/06\\\/Webdo-Tunisie_168377.jpg\",\"width\":301,\"height\":301,\"caption\":\"Webdo\"},\"image\":{\"@id\":\"https:\\\/\\\/www.webdo.tn\\\/fr\\\/#\\\/schema\\\/logo\\\/image\\\/\"},\"sameAs\":[\"https:\\\/\\\/www.facebook.com\\\/webdotn\",\"https:\\\/\\\/x.com\\\/webdo_tn\"],\"description\":\"Webdo est un m\u00e9dia num\u00e9rique tunisien fond\u00e9 en 2010, sp\u00e9cialis\u00e9 dans l\u2019actualit\u00e9 nationale et internationale, l\u2019\u00e9conomie, la soci\u00e9t\u00e9 et les analyses politiques. Le site s\u2019adresse \u00e0 un large public francophone et couvre l\u2019information tunisienne en temps r\u00e9el.\",\"email\":\"redac@webdo.tn\",\"legalName\":\"YNJ SARL\",\"foundingDate\":\"2010-09-06\",\"numberOfEmployees\":{\"@type\":\"QuantitativeValue\",\"minValue\":\"11\",\"maxValue\":\"50\"}},{\"@type\":\"Person\",\"@id\":\"https:\\\/\\\/www.webdo.tn\\\/fr\\\/#\\\/schema\\\/person\\\/f35b42a42c5e2511bbd282959d6385cc\",\"name\":\"CL\",\"image\":{\"@type\":\"ImageObject\",\"inLanguage\":\"fr-FR\",\"@id\":\"https:\\\/\\\/secure.gravatar.com\\\/avatar\\\/1447a49909b67aa657c488aec6512e1dd6143a480c1ecfee9b5b5cd74eb3b59e?s=96&d=mm&r=g\",\"url\":\"https:\\\/\\\/secure.gravatar.com\\\/avatar\\\/1447a49909b67aa657c488aec6512e1dd6143a480c1ecfee9b5b5cd74eb3b59e?s=96&d=mm&r=g\",\"contentUrl\":\"https:\\\/\\\/secure.gravatar.com\\\/avatar\\\/1447a49909b67aa657c488aec6512e1dd6143a480c1ecfee9b5b5cd74eb3b59e?s=96&d=mm&r=g\",\"caption\":\"CL\"},\"url\":\"https:\\\/\\\/www.webdo.tn\\\/fr\\\/actualite\\\/author\\\/cl\\\/\"}]}<\/script>\n<!-- \/ Yoast SEO Premium plugin. -->","yoast_head_json":{"title":"Ouverture prochaine : Tout savoir sur le \u00ab Mall of Sfax \u00bb","description":"Le tout premier Mall \u00e0 Sfax ouvrira ses portes prochainement pour offrir un centre de loisir et de shopping pour les Sfaxiens, mais aussi pour les habitants du...","canonical":"https:\/\/www.webdo.tn\/fr\/actualite\/regions\/ouverture-prochaine-tout-savoir-sur-le-mall-of-sfax\/209369\/","og_locale":"fr_FR","og_type":"article","og_title":"Ouverture prochaine : Tout savoir sur le \u00ab Mall of Sfax \u00bb","og_description":"Le tout premier Mall \u00e0 Sfax ouvrira ses portes prochainement pour offrir un centre de loisir et de shopping pour les Sfaxiens, mais aussi pour les habitants du...","og_url":"https:\/\/www.webdo.tn\/fr\/actualite\/regions\/ouverture-prochaine-tout-savoir-sur-le-mall-of-sfax\/209369\/","og_site_name":"webdo","article_publisher":"https:\/\/www.facebook.com\/webdotn","article_published_time":"2023-10-16T18:07:00+00:00","article_modified_time":"2025-05-20T22:40:22+00:00","og_image":[{"width":750,"height":400,"url":"https:\/\/www.webdo.tn\/fr\/wp-content\/uploads\/2023\/10\/9179aa69d4edb64338abe984e297f2d8.jpg","type":"image\/jpeg"}],"author":"CL","twitter_card":"summary_large_image","twitter_creator":"@webdo_tn","twitter_site":"@webdo_tn","twitter_misc":{"\u00c9crit par":"CL","Dur\u00e9e de lecture estim\u00e9e":"1 minute"},"schema":{"@context":"https:\/\/schema.org","@graph":[{"@type":"NewsArticle","@id":"https:\/\/www.webdo.tn\/fr\/actualite\/regions\/ouverture-prochaine-tout-savoir-sur-le-mall-of-sfax\/209369\/#article","isPartOf":{"@id":"https:\/\/www.webdo.tn\/fr\/actualite\/regions\/ouverture-prochaine-tout-savoir-sur-le-mall-of-sfax\/209369\/"},"author":{"name":"CL","@id":"https:\/\/www.webdo.tn\/fr\/#\/schema\/person\/f35b42a42c5e2511bbd282959d6385cc"},"headline":"Ouverture prochaine : Tout savoir sur le \u00ab Mall of Sfax \u00bb","datePublished":"2023-10-16T18:07:00+00:00","dateModified":"2025-05-20T22:40:22+00:00","mainEntityOfPage":{"@id":"https:\/\/www.webdo.tn\/fr\/actualite\/regions\/ouverture-prochaine-tout-savoir-sur-le-mall-of-sfax\/209369\/"},"wordCount":295,"commentCount":0,"publisher":{"@id":"https:\/\/www.webdo.tn\/fr\/#organization"},"image":{"@id":"https:\/\/www.webdo.tn\/fr\/actualite\/regions\/ouverture-prochaine-tout-savoir-sur-le-mall-of-sfax\/209369\/#primaryimage"},"thumbnailUrl":"https:\/\/www.webdo.tn\/fr\/wp-content\/uploads\/2023\/10\/9179aa69d4edb64338abe984e297f2d8.jpg","keywords":["Mall","Mall Of Sfax","Sfax"],"articleSection":["regions"],"inLanguage":"fr-FR"},{"@type":"WebPage","@id":"https:\/\/www.webdo.tn\/fr\/actualite\/regions\/ouverture-prochaine-tout-savoir-sur-le-mall-of-sfax\/209369\/","url":"https:\/\/www.webdo.tn\/fr\/actualite\/regions\/ouverture-prochaine-tout-savoir-sur-le-mall-of-sfax\/209369\/","name":"Ouverture prochaine : Tout savoir sur le \u00ab Mall of Sfax \u00bb","isPartOf":{"@id":"https:\/\/www.webdo.tn\/fr\/#website"},"primaryImageOfPage":{"@id":"https:\/\/www.webdo.tn\/fr\/actualite\/regions\/ouverture-prochaine-tout-savoir-sur-le-mall-of-sfax\/209369\/#primaryimage"},"image":{"@id":"https:\/\/www.webdo.tn\/fr\/actualite\/regions\/ouverture-prochaine-tout-savoir-sur-le-mall-of-sfax\/209369\/#primaryimage"},"thumbnailUrl":"https:\/\/www.webdo.tn\/fr\/wp-content\/uploads\/2023\/10\/9179aa69d4edb64338abe984e297f2d8.jpg","datePublished":"2023-10-16T18:07:00+00:00","dateModified":"2025-05-20T22:40:22+00:00","description":"Le tout premier Mall \u00e0 Sfax ouvrira ses portes prochainement pour offrir un centre de loisir et de shopping pour les Sfaxiens, mais aussi pour les habitants du...","breadcrumb":{"@id":"https:\/\/www.webdo.tn\/fr\/actualite\/regions\/ouverture-prochaine-tout-savoir-sur-le-mall-of-sfax\/209369\/#breadcrumb"},"inLanguage":"fr-FR","potentialAction":[{"@type":"ReadAction","target":["https:\/\/www.webdo.tn\/fr\/actualite\/regions\/ouverture-prochaine-tout-savoir-sur-le-mall-of-sfax\/209369\/"]}]},{"@type":"ImageObject","inLanguage":"fr-FR","@id":"https:\/\/www.webdo.tn\/fr\/actualite\/regions\/ouverture-prochaine-tout-savoir-sur-le-mall-of-sfax\/209369\/#primaryimage","url":"https:\/\/www.webdo.tn\/fr\/wp-content\/uploads\/2023\/10\/9179aa69d4edb64338abe984e297f2d8.jpg","contentUrl":"https:\/\/www.webdo.tn\/fr\/wp-content\/uploads\/2023\/10\/9179aa69d4edb64338abe984e297f2d8.jpg","width":750,"height":400,"caption":"Ouverture prochaine : Tout savoir sur le \u00ab Mall of Sfax \u00bb"},{"@type":"BreadcrumbList","@id":"https:\/\/www.webdo.tn\/fr\/actualite\/regions\/ouverture-prochaine-tout-savoir-sur-le-mall-of-sfax\/209369\/#breadcrumb","itemListElement":[{"@type":"ListItem","position":1,"name":"Accueil","item":"https:\/\/www.webdo.tn\/fr\/"},{"@type":"ListItem","position":2,"name":"Ouverture prochaine : Tout savoir sur le \u00ab Mall of Sfax \u00bb"}]},{"@type":"WebSite","@id":"https:\/\/www.webdo.tn\/fr\/#website","url":"https:\/\/www.webdo.tn\/fr\/","name":"webdo","description":"Tunisie - News en Tunisie et \u00e0 l&#039;international sur Webdo.tn","publisher":{"@id":"https:\/\/www.webdo.tn\/fr\/#organization"},"potentialAction":[{"@type":"SearchAction","target":{"@type":"EntryPoint","urlTemplate":"https:\/\/www.webdo.tn\/fr\/?s={search_term_string}"},"query-input":{"@type":"PropertyValueSpecification","valueRequired":true,"valueName":"search_term_string"}}],"inLanguage":"fr-FR"},{"@type":"Organization","@id":"https:\/\/www.webdo.tn\/fr\/#organization","name":"Webdo","alternateName":"Webdo.tn","url":"https:\/\/www.webdo.tn\/fr\/","logo":{"@type":"ImageObject","inLanguage":"fr-FR","@id":"https:\/\/www.webdo.tn\/fr\/#\/schema\/logo\/image\/","url":"https:\/\/www.webdo.tn\/fr\/wp-content\/uploads\/2025\/06\/Webdo-Tunisie_168377.jpg","contentUrl":"https:\/\/www.webdo.tn\/fr\/wp-content\/uploads\/2025\/06\/Webdo-Tunisie_168377.jpg","width":301,"height":301,"caption":"Webdo"},"image":{"@id":"https:\/\/www.webdo.tn\/fr\/#\/schema\/logo\/image\/"},"sameAs":["https:\/\/www.facebook.com\/webdotn","https:\/\/x.com\/webdo_tn"],"description":"Webdo est un m\u00e9dia num\u00e9rique tunisien fond\u00e9 en 2010, sp\u00e9cialis\u00e9 dans l\u2019actualit\u00e9 nationale et internationale, l\u2019\u00e9conomie, la soci\u00e9t\u00e9 et les analyses politiques. Le site s\u2019adresse \u00e0 un large public francophone et couvre l\u2019information tunisienne en temps r\u00e9el.","email":"redac@webdo.tn","legalName":"YNJ SARL","foundingDate":"2010-09-06","numberOfEmployees":{"@type":"QuantitativeValue","minValue":"11","maxValue":"50"}},{"@type":"Person","@id":"https:\/\/www.webdo.tn\/fr\/#\/schema\/person\/f35b42a42c5e2511bbd282959d6385cc","name":"CL","image":{"@type":"ImageObject","inLanguage":"fr-FR","@id":"https:\/\/secure.gravatar.com\/avatar\/1447a49909b67aa657c488aec6512e1dd6143a480c1ecfee9b5b5cd74eb3b59e?s=96&d=mm&r=g","url":"https:\/\/secure.gravatar.com\/avatar\/1447a49909b67aa657c488aec6512e1dd6143a480c1ecfee9b5b5cd74eb3b59e?s=96&d=mm&r=g","contentUrl":"https:\/\/secure.gravatar.com\/avatar\/1447a49909b67aa657c488aec6512e1dd6143a480c1ecfee9b5b5cd74eb3b59e?s=96&d=mm&r=g","caption":"CL"},"url":"https:\/\/www.webdo.tn\/fr\/actualite\/author\/cl\/"}]}},"_links":{"self":[{"href":"https:\/\/www.webdo.tn\/fr\/wp-json\/wp\/v2\/posts\/209369","targetHints":{"allow":["GET"]}}],"collection":[{"href":"https:\/\/www.webdo.tn\/fr\/wp-json\/wp\/v2\/posts"}],"about":[{"href":"https:\/\/www.webdo.tn\/fr\/wp-json\/wp\/v2\/types\/post"}],"author":[{"embeddable":true,"href":"https:\/\/www.webdo.tn\/fr\/wp-json\/wp\/v2\/users\/3175"}],"replies":[{"embeddable":true,"href":"https:\/\/www.webdo.tn\/fr\/wp-json\/wp\/v2\/comments?post=209369"}],"version-history":[{"count":0,"href":"https:\/\/www.webdo.tn\/fr\/wp-json\/wp\/v2\/posts\/209369\/revisions"}],"wp:featuredmedia":[{"embeddable":true,"href":"https:\/\/www.webdo.tn\/fr\/wp-json\/wp\/v2\/media\/249061"}],"wp:attachment":[{"href":"https:\/\/www.webdo.tn\/fr\/wp-json\/wp\/v2\/media?parent=209369"}],"wp:term":[{"taxonomy":"category","embeddable":true,"href":"https:\/\/www.webdo.tn\/fr\/wp-json\/wp\/v2\/categories?post=209369"},{"taxonomy":"post_tag","embeddable":true,"href":"https:\/\/www.webdo.tn\/fr\/wp-json\/wp\/v2\/tags?post=209369"}],"curies":[{"name":"wp","href":"https:\/\/api.w.org\/{rel}","templated":true}]}}