{"id":209366,"date":"2023-10-16T14:54:00","date_gmt":"2023-10-16T14:54:00","guid":{"rendered":"https:\/\/www.webdo.tn\/fr\/blog\/jcc-2023-l-affiche-officielle-de-la-34e-edition-des-jcc-devoilee\/209366\/"},"modified":"2025-05-21T08:56:22","modified_gmt":"2025-05-21T08:56:22","slug":"jcc-2023-l-affiche-officielle-de-la-34e-edition-des-jcc-devoilee","status":"publish","type":"post","link":"https:\/\/www.webdo.tn\/fr\/actualite\/culture\/jcc-2023-l-affiche-officielle-de-la-34e-edition-des-jcc-devoilee\/209366\/","title":{"rendered":"JCC 2023 &#8211; L\u2019affiche officielle de la 34e \u00e9dition des JCC d\u00e9voil\u00e9e"},"content":{"rendered":"<div class=\"single-body entry-content typography-copy\" itemprop=\"articleBody\">\n<p style=\"font-weight: bold; text-align: justify\">\n\t\t\t\t\t\t\t\t\tLe portrait de Hayd\u00e9e Tamzali qui est \u00e0 l\u2019honneur sur l\u2019affiche officielle de la 34\u00e8me \u00e9dition des Journ\u00e9es Cin\u00e9matographiques de Carthage (28 Octobre-04 Novembre 2023), r\u00e9sume, \u00e0 lui seul, les d\u00e9buts du cin\u00e9ma tunisien.\n\t\t\t\t\t\t\t\t<\/p>\n<div class=\"coprs\" style=\"text-align: center\"><\/div>\n<div class=\"coprs\" style=\"text-align: justify\">\n<p><span>Hayd\u00e9e Tamzali, fille du pionnier du cin\u00e9ma tunisien Samama Chikli est la premi\u00e8re femme actrice, sc\u00e9nariste, et monteuse en Tunisie et dans le monde arabe. A travers son portrait sur l\u2019affiche officielle, les JCC rendent hommage \u00e0 toutes les cin\u00e9astes tunisiennes, qui ont contribu\u00e9 avec d\u00e9vouement et passion \u00e0 cr\u00e9er des films en Tunisie et ailleurs. Qu\u2019elles soient r\u00e9alisatrices, sc\u00e9naristes, actrices, cheffe op\u00e9ratrices, scripts, monteuses, d\u00e9coratrices, ing\u00e9nieures du son, productrices, elles sont exceptionnelles dans tous les m\u00e9tiers cin\u00e9matographiques \u2026<\/span><\/p>\n<p><span>Ceci constitue un hommage \u00e9galement \u00e0 tous les professionnels du cin\u00e9ma tunisien, Femmes et Hommes, qui ont remarquablement contribu\u00e9 \u00e0 la cr\u00e9ation d\u2019une riche m\u00e9moire cin\u00e9matographique datant d\u2019un si\u00e8cle.<\/span><\/p>\n<p>\u00a0<\/p>\n<p><img decoding=\"async\" alt=\"\" height=\"1200\" src=\"\/assets\/uploads\/images\/\/Neila\/JCC%202023%20Affiche.jpeg\" width=\"960\"><\/p>\n<p>\u00a0<\/p>\n<p><span>Hayd\u00e9e Tamzali a \u00e9crit les premi\u00e8res sc\u00e8nes de fiction du cin\u00e9ma tunisien et a \u00e9t\u00e9 la premi\u00e8re actrice et vedette des tous premiers films de l\u2019histoire du cin\u00e9ma tunisien : <em>Zohra\u00a0<\/em>(1922) , <em>Ain El Ghezal<\/em> (1924). Symbole de la naissance du cin\u00e9ma tunisien, elle tr\u00f4ne, 100 ans apr\u00e8s la production du premier film de fiction tunisien, sur l\u2019affiche officielle des JCC 2023.<\/span><br \/>\n\u00a0<\/p>\n<p>Communiqu\u00e9<\/p>\n<\/p><\/div>\n<div class=\"coprs\" style=\"text-align: center\"><\/div><\/div>\n","protected":false},"excerpt":{"rendered":"<p>Le portrait de Hayd\u00e9e Tamzali qui est \u00e0 l\u2019honneur sur l\u2019affiche officielle de la 34\u00e8me \u00e9dition des Journ\u00e9es Cin\u00e9matographiques de Carthage (28 Octobre-04 Novemb&#8230;<\/p>\n","protected":false},"author":3164,"featured_media":249056,"comment_status":"open","ping_status":"closed","sticky":false,"template":"","format":"standard","meta":{"footnotes":""},"categories":[2594],"tags":[3116,7735,4660],"class_list":["post-209366","post","type-post","status-publish","format-standard","has-post-thumbnail","hentry","category-culture","tag-jcc","tag-jcc-2023","tag-journees-cinematographiques-de-carthage"],"yoast_head":"<!-- This site is optimized with the Yoast SEO Premium plugin v27.5 (Yoast SEO v27.5) - https:\/\/yoast.com\/product\/yoast-seo-premium-wordpress\/ -->\n<title>JCC 2023 - L\u2019affiche officielle de la 34e \u00e9dition des JCC d\u00e9voil\u00e9e<\/title>\n<meta name=\"description\" content=\"Le portrait de Hayd\u00e9e Tamzali qui est \u00e0 l\u2019honneur sur l\u2019affiche officielle de la 34\u00e8me \u00e9dition des Journ\u00e9es Cin\u00e9matographiques de Carthage (28 Octobre-04 Novemb...\" \/>\n<link rel=\"canonical\" href=\"https:\/\/www.webdo.tn\/fr\/actualite\/culture\/jcc-2023-l-affiche-officielle-de-la-34e-edition-des-jcc-devoilee\/209366\/\" \/>\n<meta property=\"og:locale\" content=\"fr_FR\" \/>\n<meta property=\"og:type\" content=\"article\" \/>\n<meta property=\"og:title\" content=\"JCC 2023 - L\u2019affiche officielle de la 34e \u00e9dition des JCC d\u00e9voil\u00e9e\" \/>\n<meta property=\"og:description\" content=\"Le portrait de Hayd\u00e9e Tamzali qui est \u00e0 l\u2019honneur sur l\u2019affiche officielle de la 34\u00e8me \u00e9dition des Journ\u00e9es Cin\u00e9matographiques de Carthage (28 Octobre-04 Novemb...\" \/>\n<meta property=\"og:url\" content=\"https:\/\/www.webdo.tn\/fr\/actualite\/culture\/jcc-2023-l-affiche-officielle-de-la-34e-edition-des-jcc-devoilee\/209366\/\" \/>\n<meta property=\"og:site_name\" content=\"webdo\" \/>\n<meta property=\"article:publisher\" content=\"https:\/\/www.facebook.com\/webdotn\" \/>\n<meta property=\"article:author\" content=\"https:\/\/www.facebook.com\/massir.destiniii\/\" \/>\n<meta property=\"article:published_time\" content=\"2023-10-16T14:54:00+00:00\" \/>\n<meta property=\"article:modified_time\" content=\"2025-05-21T08:56:22+00:00\" \/>\n<meta property=\"og:image\" content=\"https:\/\/www.webdo.tn\/fr\/wp-content\/uploads\/2023\/10\/6cb1ca83cbffbf36e780f4c185da9f37.jpeg\" \/>\n\t<meta property=\"og:image:width\" content=\"750\" \/>\n\t<meta property=\"og:image:height\" content=\"400\" \/>\n\t<meta property=\"og:image:type\" content=\"image\/jpeg\" \/>\n<meta name=\"author\" content=\"Ne\u00efla DRISS\" \/>\n<meta name=\"twitter:card\" content=\"summary_large_image\" \/>\n<meta name=\"twitter:creator\" content=\"@https:\/\/x.com\/MassirDestin\" \/>\n<meta name=\"twitter:site\" content=\"@webdo_tn\" \/>\n<meta name=\"twitter:label1\" content=\"\u00c9crit par\" \/>\n\t<meta name=\"twitter:data1\" content=\"Ne\u00efla DRISS\" \/>\n\t<meta name=\"twitter:label2\" content=\"Dur\u00e9e de lecture estim\u00e9e\" \/>\n\t<meta name=\"twitter:data2\" content=\"1 minute\" \/>\n<script type=\"application\/ld+json\" class=\"yoast-schema-graph\">{\"@context\":\"https:\\\/\\\/schema.org\",\"@graph\":[{\"@type\":\"NewsArticle\",\"@id\":\"https:\\\/\\\/www.webdo.tn\\\/fr\\\/actualite\\\/culture\\\/jcc-2023-l-affiche-officielle-de-la-34e-edition-des-jcc-devoilee\\\/209366\\\/#article\",\"isPartOf\":{\"@id\":\"https:\\\/\\\/www.webdo.tn\\\/fr\\\/actualite\\\/culture\\\/jcc-2023-l-affiche-officielle-de-la-34e-edition-des-jcc-devoilee\\\/209366\\\/\"},\"author\":{\"name\":\"Ne\u00efla DRISS\",\"@id\":\"https:\\\/\\\/www.webdo.tn\\\/fr\\\/#\\\/schema\\\/person\\\/60d5ba619ed3f58783b0dc82b7dada80\"},\"headline\":\"JCC 2023 &#8211; L\u2019affiche officielle de la 34e \u00e9dition des JCC d\u00e9voil\u00e9e\",\"datePublished\":\"2023-10-16T14:54:00+00:00\",\"dateModified\":\"2025-05-21T08:56:22+00:00\",\"mainEntityOfPage\":{\"@id\":\"https:\\\/\\\/www.webdo.tn\\\/fr\\\/actualite\\\/culture\\\/jcc-2023-l-affiche-officielle-de-la-34e-edition-des-jcc-devoilee\\\/209366\\\/\"},\"wordCount\":247,\"commentCount\":0,\"publisher\":{\"@id\":\"https:\\\/\\\/www.webdo.tn\\\/fr\\\/#organization\"},\"image\":{\"@id\":\"https:\\\/\\\/www.webdo.tn\\\/fr\\\/actualite\\\/culture\\\/jcc-2023-l-affiche-officielle-de-la-34e-edition-des-jcc-devoilee\\\/209366\\\/#primaryimage\"},\"thumbnailUrl\":\"https:\\\/\\\/www.webdo.tn\\\/fr\\\/wp-content\\\/uploads\\\/2023\\\/10\\\/6cb1ca83cbffbf36e780f4c185da9f37.jpeg\",\"keywords\":[\"JCC\",\"JCC 2023\",\"Journ\u00e9es cin\u00e9matographiques de Carthage\"],\"articleSection\":[\"Culture\"],\"inLanguage\":\"fr-FR\"},{\"@type\":\"WebPage\",\"@id\":\"https:\\\/\\\/www.webdo.tn\\\/fr\\\/actualite\\\/culture\\\/jcc-2023-l-affiche-officielle-de-la-34e-edition-des-jcc-devoilee\\\/209366\\\/\",\"url\":\"https:\\\/\\\/www.webdo.tn\\\/fr\\\/actualite\\\/culture\\\/jcc-2023-l-affiche-officielle-de-la-34e-edition-des-jcc-devoilee\\\/209366\\\/\",\"name\":\"JCC 2023 - L\u2019affiche officielle de la 34e \u00e9dition des JCC d\u00e9voil\u00e9e\",\"isPartOf\":{\"@id\":\"https:\\\/\\\/www.webdo.tn\\\/fr\\\/#website\"},\"primaryImageOfPage\":{\"@id\":\"https:\\\/\\\/www.webdo.tn\\\/fr\\\/actualite\\\/culture\\\/jcc-2023-l-affiche-officielle-de-la-34e-edition-des-jcc-devoilee\\\/209366\\\/#primaryimage\"},\"image\":{\"@id\":\"https:\\\/\\\/www.webdo.tn\\\/fr\\\/actualite\\\/culture\\\/jcc-2023-l-affiche-officielle-de-la-34e-edition-des-jcc-devoilee\\\/209366\\\/#primaryimage\"},\"thumbnailUrl\":\"https:\\\/\\\/www.webdo.tn\\\/fr\\\/wp-content\\\/uploads\\\/2023\\\/10\\\/6cb1ca83cbffbf36e780f4c185da9f37.jpeg\",\"datePublished\":\"2023-10-16T14:54:00+00:00\",\"dateModified\":\"2025-05-21T08:56:22+00:00\",\"description\":\"Le portrait de Hayd\u00e9e Tamzali qui est \u00e0 l\u2019honneur sur l\u2019affiche officielle de la 34\u00e8me \u00e9dition des Journ\u00e9es Cin\u00e9matographiques de Carthage (28 Octobre-04 Novemb...\",\"breadcrumb\":{\"@id\":\"https:\\\/\\\/www.webdo.tn\\\/fr\\\/actualite\\\/culture\\\/jcc-2023-l-affiche-officielle-de-la-34e-edition-des-jcc-devoilee\\\/209366\\\/#breadcrumb\"},\"inLanguage\":\"fr-FR\",\"potentialAction\":[{\"@type\":\"ReadAction\",\"target\":[\"https:\\\/\\\/www.webdo.tn\\\/fr\\\/actualite\\\/culture\\\/jcc-2023-l-affiche-officielle-de-la-34e-edition-des-jcc-devoilee\\\/209366\\\/\"]}]},{\"@type\":\"ImageObject\",\"inLanguage\":\"fr-FR\",\"@id\":\"https:\\\/\\\/www.webdo.tn\\\/fr\\\/actualite\\\/culture\\\/jcc-2023-l-affiche-officielle-de-la-34e-edition-des-jcc-devoilee\\\/209366\\\/#primaryimage\",\"url\":\"https:\\\/\\\/www.webdo.tn\\\/fr\\\/wp-content\\\/uploads\\\/2023\\\/10\\\/6cb1ca83cbffbf36e780f4c185da9f37.jpeg\",\"contentUrl\":\"https:\\\/\\\/www.webdo.tn\\\/fr\\\/wp-content\\\/uploads\\\/2023\\\/10\\\/6cb1ca83cbffbf36e780f4c185da9f37.jpeg\",\"width\":750,\"height\":400,\"caption\":\"JCC 2023 - L\u2019affiche officielle de la 34e \u00e9dition des JCC d\u00e9voil\u00e9e\"},{\"@type\":\"BreadcrumbList\",\"@id\":\"https:\\\/\\\/www.webdo.tn\\\/fr\\\/actualite\\\/culture\\\/jcc-2023-l-affiche-officielle-de-la-34e-edition-des-jcc-devoilee\\\/209366\\\/#breadcrumb\",\"itemListElement\":[{\"@type\":\"ListItem\",\"position\":1,\"name\":\"Accueil\",\"item\":\"https:\\\/\\\/www.webdo.tn\\\/fr\\\/\"},{\"@type\":\"ListItem\",\"position\":2,\"name\":\"JCC 2023 &#8211; L\u2019affiche officielle de la 34e \u00e9dition des JCC d\u00e9voil\u00e9e\"}]},{\"@type\":\"WebSite\",\"@id\":\"https:\\\/\\\/www.webdo.tn\\\/fr\\\/#website\",\"url\":\"https:\\\/\\\/www.webdo.tn\\\/fr\\\/\",\"name\":\"webdo\",\"description\":\"Tunisie - News en Tunisie et \u00e0 l&#039;international sur Webdo.tn\",\"publisher\":{\"@id\":\"https:\\\/\\\/www.webdo.tn\\\/fr\\\/#organization\"},\"potentialAction\":[{\"@type\":\"SearchAction\",\"target\":{\"@type\":\"EntryPoint\",\"urlTemplate\":\"https:\\\/\\\/www.webdo.tn\\\/fr\\\/?s={search_term_string}\"},\"query-input\":{\"@type\":\"PropertyValueSpecification\",\"valueRequired\":true,\"valueName\":\"search_term_string\"}}],\"inLanguage\":\"fr-FR\"},{\"@type\":\"Organization\",\"@id\":\"https:\\\/\\\/www.webdo.tn\\\/fr\\\/#organization\",\"name\":\"Webdo\",\"alternateName\":\"Webdo.tn\",\"url\":\"https:\\\/\\\/www.webdo.tn\\\/fr\\\/\",\"logo\":{\"@type\":\"ImageObject\",\"inLanguage\":\"fr-FR\",\"@id\":\"https:\\\/\\\/www.webdo.tn\\\/fr\\\/#\\\/schema\\\/logo\\\/image\\\/\",\"url\":\"https:\\\/\\\/www.webdo.tn\\\/fr\\\/wp-content\\\/uploads\\\/2025\\\/06\\\/Webdo-Tunisie_168377.jpg\",\"contentUrl\":\"https:\\\/\\\/www.webdo.tn\\\/fr\\\/wp-content\\\/uploads\\\/2025\\\/06\\\/Webdo-Tunisie_168377.jpg\",\"width\":301,\"height\":301,\"caption\":\"Webdo\"},\"image\":{\"@id\":\"https:\\\/\\\/www.webdo.tn\\\/fr\\\/#\\\/schema\\\/logo\\\/image\\\/\"},\"sameAs\":[\"https:\\\/\\\/www.facebook.com\\\/webdotn\",\"https:\\\/\\\/x.com\\\/webdo_tn\"],\"description\":\"Webdo est un m\u00e9dia num\u00e9rique tunisien fond\u00e9 en 2010, sp\u00e9cialis\u00e9 dans l\u2019actualit\u00e9 nationale et internationale, l\u2019\u00e9conomie, la soci\u00e9t\u00e9 et les analyses politiques. Le site s\u2019adresse \u00e0 un large public francophone et couvre l\u2019information tunisienne en temps r\u00e9el.\",\"email\":\"redac@webdo.tn\",\"legalName\":\"YNJ SARL\",\"foundingDate\":\"2010-09-06\",\"numberOfEmployees\":{\"@type\":\"QuantitativeValue\",\"minValue\":\"11\",\"maxValue\":\"50\"}},{\"@type\":\"Person\",\"@id\":\"https:\\\/\\\/www.webdo.tn\\\/fr\\\/#\\\/schema\\\/person\\\/60d5ba619ed3f58783b0dc82b7dada80\",\"name\":\"Ne\u00efla DRISS\",\"image\":{\"@type\":\"ImageObject\",\"inLanguage\":\"fr-FR\",\"@id\":\"https:\\\/\\\/www.webdo.tn\\\/fr\\\/wp-content\\\/uploads\\\/2026\\\/04\\\/neila-driss_avatar-96x96.jpg\",\"url\":\"https:\\\/\\\/www.webdo.tn\\\/fr\\\/wp-content\\\/uploads\\\/2026\\\/04\\\/neila-driss_avatar-96x96.jpg\",\"contentUrl\":\"https:\\\/\\\/www.webdo.tn\\\/fr\\\/wp-content\\\/uploads\\\/2026\\\/04\\\/neila-driss_avatar-96x96.jpg\",\"caption\":\"Ne\u00efla DRISS\"},\"description\":\"Ne\u00efla Driss est juriste, journaliste culturelle et critique de cin\u00e9ma tunisienne. Titulaire d\u2019un DEA en droit priv\u00e9 de l\u2019Universit\u00e9 Paris II et d\u2019un DESS de l\u2019IHEC Carthage, elle d\u00e9bute sa carri\u00e8re comme juriste sp\u00e9cialis\u00e9e en gestion de patrimoine immobilier. Elle s\u2019oriente ensuite vers l\u2019\u00e9criture en ligne, o\u00f9 elle se distingue d\u00e8s 2006 aux Tunisia Blog Awards, avant de se consacrer au journalisme culturel, avec une sp\u00e9cialisation dans la critique cin\u00e9matographique. Elle couvre r\u00e9guli\u00e8rement les grands festivals internationaux, notamment le Festival de Cannes, les Journ\u00e9es Cin\u00e9matographiques de Carthage et le Festival du film du Caire. Membre de l\u2019ATPCC et de la FIPRESCI, elle participe \u00e0 des jurys et initiatives internationales de critique. Depuis 2024, elle est \u00e9lectrice internationale aux Golden Globes. Facebook : https:\\\/\\\/www.facebook.com\\\/massir.destiniii\\\/ X : https:\\\/\\\/x.com\\\/MassirDestin\",\"sameAs\":[\"https:\\\/\\\/www.facebook.com\\\/massir.destiniii\\\/\",\"https:\\\/\\\/www.instagram.com\\\/neila.driss\\\/?hl=fr\",\"https:\\\/\\\/www.linkedin.com\\\/in\\\/neila-driss-22606a80\\\/\",\"https:\\\/\\\/x.com\\\/https:\\\/\\\/x.com\\\/MassirDestin\"],\"knowsAbout\":[\"Cin\u00e9ma international\",\"critique cin\u00e9matographique\",\"festivals de cin\u00e9ma\",\"journalisme culturel\"],\"knowsLanguage\":[\"Fran\u00e7ais\",\"Arabe\",\"Anglais\"],\"jobTitle\":\"Journaliste culturelle et critique de cin\u00e9ma\",\"worksFor\":\"Webdo\",\"url\":\"https:\\\/\\\/www.webdo.tn\\\/fr\\\/actualite\\\/author\\\/neila-driss\\\/\"}]}<\/script>\n<!-- \/ Yoast SEO Premium plugin. -->","yoast_head_json":{"title":"JCC 2023 - L\u2019affiche officielle de la 34e \u00e9dition des JCC d\u00e9voil\u00e9e","description":"Le portrait de Hayd\u00e9e Tamzali qui est \u00e0 l\u2019honneur sur l\u2019affiche officielle de la 34\u00e8me \u00e9dition des Journ\u00e9es Cin\u00e9matographiques de Carthage (28 Octobre-04 Novemb...","canonical":"https:\/\/www.webdo.tn\/fr\/actualite\/culture\/jcc-2023-l-affiche-officielle-de-la-34e-edition-des-jcc-devoilee\/209366\/","og_locale":"fr_FR","og_type":"article","og_title":"JCC 2023 - L\u2019affiche officielle de la 34e \u00e9dition des JCC d\u00e9voil\u00e9e","og_description":"Le portrait de Hayd\u00e9e Tamzali qui est \u00e0 l\u2019honneur sur l\u2019affiche officielle de la 34\u00e8me \u00e9dition des Journ\u00e9es Cin\u00e9matographiques de Carthage (28 Octobre-04 Novemb...","og_url":"https:\/\/www.webdo.tn\/fr\/actualite\/culture\/jcc-2023-l-affiche-officielle-de-la-34e-edition-des-jcc-devoilee\/209366\/","og_site_name":"webdo","article_publisher":"https:\/\/www.facebook.com\/webdotn","article_author":"https:\/\/www.facebook.com\/massir.destiniii\/","article_published_time":"2023-10-16T14:54:00+00:00","article_modified_time":"2025-05-21T08:56:22+00:00","og_image":[{"width":750,"height":400,"url":"https:\/\/www.webdo.tn\/fr\/wp-content\/uploads\/2023\/10\/6cb1ca83cbffbf36e780f4c185da9f37.jpeg","type":"image\/jpeg"}],"author":"Ne\u00efla DRISS","twitter_card":"summary_large_image","twitter_creator":"@https:\/\/x.com\/MassirDestin","twitter_site":"@webdo_tn","twitter_misc":{"\u00c9crit par":"Ne\u00efla DRISS","Dur\u00e9e de lecture estim\u00e9e":"1 minute"},"schema":{"@context":"https:\/\/schema.org","@graph":[{"@type":"NewsArticle","@id":"https:\/\/www.webdo.tn\/fr\/actualite\/culture\/jcc-2023-l-affiche-officielle-de-la-34e-edition-des-jcc-devoilee\/209366\/#article","isPartOf":{"@id":"https:\/\/www.webdo.tn\/fr\/actualite\/culture\/jcc-2023-l-affiche-officielle-de-la-34e-edition-des-jcc-devoilee\/209366\/"},"author":{"name":"Ne\u00efla DRISS","@id":"https:\/\/www.webdo.tn\/fr\/#\/schema\/person\/60d5ba619ed3f58783b0dc82b7dada80"},"headline":"JCC 2023 &#8211; L\u2019affiche officielle de la 34e \u00e9dition des JCC d\u00e9voil\u00e9e","datePublished":"2023-10-16T14:54:00+00:00","dateModified":"2025-05-21T08:56:22+00:00","mainEntityOfPage":{"@id":"https:\/\/www.webdo.tn\/fr\/actualite\/culture\/jcc-2023-l-affiche-officielle-de-la-34e-edition-des-jcc-devoilee\/209366\/"},"wordCount":247,"commentCount":0,"publisher":{"@id":"https:\/\/www.webdo.tn\/fr\/#organization"},"image":{"@id":"https:\/\/www.webdo.tn\/fr\/actualite\/culture\/jcc-2023-l-affiche-officielle-de-la-34e-edition-des-jcc-devoilee\/209366\/#primaryimage"},"thumbnailUrl":"https:\/\/www.webdo.tn\/fr\/wp-content\/uploads\/2023\/10\/6cb1ca83cbffbf36e780f4c185da9f37.jpeg","keywords":["JCC","JCC 2023","Journ\u00e9es cin\u00e9matographiques de Carthage"],"articleSection":["Culture"],"inLanguage":"fr-FR"},{"@type":"WebPage","@id":"https:\/\/www.webdo.tn\/fr\/actualite\/culture\/jcc-2023-l-affiche-officielle-de-la-34e-edition-des-jcc-devoilee\/209366\/","url":"https:\/\/www.webdo.tn\/fr\/actualite\/culture\/jcc-2023-l-affiche-officielle-de-la-34e-edition-des-jcc-devoilee\/209366\/","name":"JCC 2023 - L\u2019affiche officielle de la 34e \u00e9dition des JCC d\u00e9voil\u00e9e","isPartOf":{"@id":"https:\/\/www.webdo.tn\/fr\/#website"},"primaryImageOfPage":{"@id":"https:\/\/www.webdo.tn\/fr\/actualite\/culture\/jcc-2023-l-affiche-officielle-de-la-34e-edition-des-jcc-devoilee\/209366\/#primaryimage"},"image":{"@id":"https:\/\/www.webdo.tn\/fr\/actualite\/culture\/jcc-2023-l-affiche-officielle-de-la-34e-edition-des-jcc-devoilee\/209366\/#primaryimage"},"thumbnailUrl":"https:\/\/www.webdo.tn\/fr\/wp-content\/uploads\/2023\/10\/6cb1ca83cbffbf36e780f4c185da9f37.jpeg","datePublished":"2023-10-16T14:54:00+00:00","dateModified":"2025-05-21T08:56:22+00:00","description":"Le portrait de Hayd\u00e9e Tamzali qui est \u00e0 l\u2019honneur sur l\u2019affiche officielle de la 34\u00e8me \u00e9dition des Journ\u00e9es Cin\u00e9matographiques de Carthage (28 Octobre-04 Novemb...","breadcrumb":{"@id":"https:\/\/www.webdo.tn\/fr\/actualite\/culture\/jcc-2023-l-affiche-officielle-de-la-34e-edition-des-jcc-devoilee\/209366\/#breadcrumb"},"inLanguage":"fr-FR","potentialAction":[{"@type":"ReadAction","target":["https:\/\/www.webdo.tn\/fr\/actualite\/culture\/jcc-2023-l-affiche-officielle-de-la-34e-edition-des-jcc-devoilee\/209366\/"]}]},{"@type":"ImageObject","inLanguage":"fr-FR","@id":"https:\/\/www.webdo.tn\/fr\/actualite\/culture\/jcc-2023-l-affiche-officielle-de-la-34e-edition-des-jcc-devoilee\/209366\/#primaryimage","url":"https:\/\/www.webdo.tn\/fr\/wp-content\/uploads\/2023\/10\/6cb1ca83cbffbf36e780f4c185da9f37.jpeg","contentUrl":"https:\/\/www.webdo.tn\/fr\/wp-content\/uploads\/2023\/10\/6cb1ca83cbffbf36e780f4c185da9f37.jpeg","width":750,"height":400,"caption":"JCC 2023 - L\u2019affiche officielle de la 34e \u00e9dition des JCC d\u00e9voil\u00e9e"},{"@type":"BreadcrumbList","@id":"https:\/\/www.webdo.tn\/fr\/actualite\/culture\/jcc-2023-l-affiche-officielle-de-la-34e-edition-des-jcc-devoilee\/209366\/#breadcrumb","itemListElement":[{"@type":"ListItem","position":1,"name":"Accueil","item":"https:\/\/www.webdo.tn\/fr\/"},{"@type":"ListItem","position":2,"name":"JCC 2023 &#8211; L\u2019affiche officielle de la 34e \u00e9dition des JCC d\u00e9voil\u00e9e"}]},{"@type":"WebSite","@id":"https:\/\/www.webdo.tn\/fr\/#website","url":"https:\/\/www.webdo.tn\/fr\/","name":"webdo","description":"Tunisie - News en Tunisie et \u00e0 l&#039;international sur Webdo.tn","publisher":{"@id":"https:\/\/www.webdo.tn\/fr\/#organization"},"potentialAction":[{"@type":"SearchAction","target":{"@type":"EntryPoint","urlTemplate":"https:\/\/www.webdo.tn\/fr\/?s={search_term_string}"},"query-input":{"@type":"PropertyValueSpecification","valueRequired":true,"valueName":"search_term_string"}}],"inLanguage":"fr-FR"},{"@type":"Organization","@id":"https:\/\/www.webdo.tn\/fr\/#organization","name":"Webdo","alternateName":"Webdo.tn","url":"https:\/\/www.webdo.tn\/fr\/","logo":{"@type":"ImageObject","inLanguage":"fr-FR","@id":"https:\/\/www.webdo.tn\/fr\/#\/schema\/logo\/image\/","url":"https:\/\/www.webdo.tn\/fr\/wp-content\/uploads\/2025\/06\/Webdo-Tunisie_168377.jpg","contentUrl":"https:\/\/www.webdo.tn\/fr\/wp-content\/uploads\/2025\/06\/Webdo-Tunisie_168377.jpg","width":301,"height":301,"caption":"Webdo"},"image":{"@id":"https:\/\/www.webdo.tn\/fr\/#\/schema\/logo\/image\/"},"sameAs":["https:\/\/www.facebook.com\/webdotn","https:\/\/x.com\/webdo_tn"],"description":"Webdo est un m\u00e9dia num\u00e9rique tunisien fond\u00e9 en 2010, sp\u00e9cialis\u00e9 dans l\u2019actualit\u00e9 nationale et internationale, l\u2019\u00e9conomie, la soci\u00e9t\u00e9 et les analyses politiques. Le site s\u2019adresse \u00e0 un large public francophone et couvre l\u2019information tunisienne en temps r\u00e9el.","email":"redac@webdo.tn","legalName":"YNJ SARL","foundingDate":"2010-09-06","numberOfEmployees":{"@type":"QuantitativeValue","minValue":"11","maxValue":"50"}},{"@type":"Person","@id":"https:\/\/www.webdo.tn\/fr\/#\/schema\/person\/60d5ba619ed3f58783b0dc82b7dada80","name":"Ne\u00efla DRISS","image":{"@type":"ImageObject","inLanguage":"fr-FR","@id":"https:\/\/www.webdo.tn\/fr\/wp-content\/uploads\/2026\/04\/neila-driss_avatar-96x96.jpg","url":"https:\/\/www.webdo.tn\/fr\/wp-content\/uploads\/2026\/04\/neila-driss_avatar-96x96.jpg","contentUrl":"https:\/\/www.webdo.tn\/fr\/wp-content\/uploads\/2026\/04\/neila-driss_avatar-96x96.jpg","caption":"Ne\u00efla DRISS"},"description":"Ne\u00efla Driss est juriste, journaliste culturelle et critique de cin\u00e9ma tunisienne. Titulaire d\u2019un DEA en droit priv\u00e9 de l\u2019Universit\u00e9 Paris II et d\u2019un DESS de l\u2019IHEC Carthage, elle d\u00e9bute sa carri\u00e8re comme juriste sp\u00e9cialis\u00e9e en gestion de patrimoine immobilier. Elle s\u2019oriente ensuite vers l\u2019\u00e9criture en ligne, o\u00f9 elle se distingue d\u00e8s 2006 aux Tunisia Blog Awards, avant de se consacrer au journalisme culturel, avec une sp\u00e9cialisation dans la critique cin\u00e9matographique. Elle couvre r\u00e9guli\u00e8rement les grands festivals internationaux, notamment le Festival de Cannes, les Journ\u00e9es Cin\u00e9matographiques de Carthage et le Festival du film du Caire. Membre de l\u2019ATPCC et de la FIPRESCI, elle participe \u00e0 des jurys et initiatives internationales de critique. Depuis 2024, elle est \u00e9lectrice internationale aux Golden Globes. Facebook : https:\/\/www.facebook.com\/massir.destiniii\/ X : https:\/\/x.com\/MassirDestin","sameAs":["https:\/\/www.facebook.com\/massir.destiniii\/","https:\/\/www.instagram.com\/neila.driss\/?hl=fr","https:\/\/www.linkedin.com\/in\/neila-driss-22606a80\/","https:\/\/x.com\/https:\/\/x.com\/MassirDestin"],"knowsAbout":["Cin\u00e9ma international","critique cin\u00e9matographique","festivals de cin\u00e9ma","journalisme culturel"],"knowsLanguage":["Fran\u00e7ais","Arabe","Anglais"],"jobTitle":"Journaliste culturelle et critique de cin\u00e9ma","worksFor":"Webdo","url":"https:\/\/www.webdo.tn\/fr\/actualite\/author\/neila-driss\/"}]}},"_links":{"self":[{"href":"https:\/\/www.webdo.tn\/fr\/wp-json\/wp\/v2\/posts\/209366","targetHints":{"allow":["GET"]}}],"collection":[{"href":"https:\/\/www.webdo.tn\/fr\/wp-json\/wp\/v2\/posts"}],"about":[{"href":"https:\/\/www.webdo.tn\/fr\/wp-json\/wp\/v2\/types\/post"}],"author":[{"embeddable":true,"href":"https:\/\/www.webdo.tn\/fr\/wp-json\/wp\/v2\/users\/3164"}],"replies":[{"embeddable":true,"href":"https:\/\/www.webdo.tn\/fr\/wp-json\/wp\/v2\/comments?post=209366"}],"version-history":[{"count":0,"href":"https:\/\/www.webdo.tn\/fr\/wp-json\/wp\/v2\/posts\/209366\/revisions"}],"wp:featuredmedia":[{"embeddable":true,"href":"https:\/\/www.webdo.tn\/fr\/wp-json\/wp\/v2\/media\/249056"}],"wp:attachment":[{"href":"https:\/\/www.webdo.tn\/fr\/wp-json\/wp\/v2\/media?parent=209366"}],"wp:term":[{"taxonomy":"category","embeddable":true,"href":"https:\/\/www.webdo.tn\/fr\/wp-json\/wp\/v2\/categories?post=209366"},{"taxonomy":"post_tag","embeddable":true,"href":"https:\/\/www.webdo.tn\/fr\/wp-json\/wp\/v2\/tags?post=209366"}],"curies":[{"name":"wp","href":"https:\/\/api.w.org\/{rel}","templated":true}]}}