{"id":209362,"date":"2023-10-16T14:04:00","date_gmt":"2023-10-16T14:04:00","guid":{"rendered":"https:\/\/www.webdo.tn\/fr\/blog\/les-inscriptions-aux-examens-nationaux-demarrent-le-23-octobre\/209362\/"},"modified":"2025-05-20T22:10:17","modified_gmt":"2025-05-20T22:10:17","slug":"les-inscriptions-aux-examens-nationaux-demarrent-le-23-octobre","status":"publish","type":"post","link":"https:\/\/www.webdo.tn\/fr\/actualite\/national\/les-inscriptions-aux-examens-nationaux-demarrent-le-23-octobre\/209362\/","title":{"rendered":"Les inscriptions aux examens nationaux d\u00e9marrent le 23 octobre"},"content":{"rendered":"<p>Le minist\u00e8re de l&rsquo;Education a annonc\u00e9 la prochaine ouverture des inscriptions aux examens nationaux.<\/p>\n<p>\t\t\t\t\t\t\t\t\tL\u2019annonce, faite dans un communiqu\u00e9 publi\u00e9 ce lundi 16 octobre 2023, indique que l&rsquo;ouverture des inscriptions aux examens nationaux, aura lieu le 23 octobre et se poursuivra jusqu&rsquo;au 21 novembre 2023.<\/p>\n<p>Le minist\u00e8re appelle les \u00e9l\u00e8ves de la 4\u00e8me ann\u00e9e secondaire, inscrits dans les lyc\u00e9es publics et priv\u00e9s ainsi que les candidats libres pour l&rsquo;examen de baccalaur\u00e9at session 2024, \u00e0 s&rsquo;inscrire sur le site www.bac.education.tn.<\/p>\n<p>Les candidats doivent acc\u00e9der au site et effectuer l&rsquo;inscription, retirer la demande de candidature et fournir les documents n\u00e9cessaires \u00e0 remettre \u00e0 la direction du lyc\u00e9e pour les \u00e9l\u00e8ves des \u00e9tablissements scolaires public et priv\u00e9 dans un d\u00e9lai ne d\u00e9passant pas le 27 novembre 2023.<\/p>\n<p>Les candidats libres doivent remettre ces documents au commissariat r\u00e9gional de l&rsquo;\u00e9ducation ou \u00e0 travers un envoi postal avec accus\u00e9 de r\u00e9ception dans un d\u00e9lai ne d\u00e9passant le 27 novembre 2023.<\/p>\n<p>Le minist\u00e8re a \u00e9galement appel\u00e9 les candidats aux examens de fin d&rsquo;\u00e9tude de l&rsquo;enseignement de base g\u00e9n\u00e9ral et technique, d&rsquo;acc\u00e9der au site www.neuf.education.tn, pour retirer la demande de candidature et joindre les documents n\u00e9cessaires afin de les remettre \u00e0 leur \u00e9tablissement \u00e9ducatif, public ou priv\u00e9.<\/p>\n<p>Pour les candidats libres ces documents doivent \u00eatre remis au commissariat r\u00e9gional de l&rsquo;\u00e9ducation ou par un envoi postal avec accus\u00e9 de r\u00e9ception ne d\u00e9passant pas le 27 novembre 2023.<\/p>\n<p>Pour l&rsquo;examen national d&rsquo;acc\u00e8s au coll\u00e8ge pilote session 2024, le minist\u00e8re de l&rsquo;Education appelle les candidats \u00e0 visiter le site www.six.education.tn et \u00e0 retirer la demande de candidature ainsi qu\u2019\u00e0 remettre les documents n\u00e9cessaires \u00e0 la direction de l&rsquo;\u00e9tablissement \u00e9ducatif concern\u00e9 dans un d\u00e9lai ne d\u00e9passant pas le 27 novembre 2023.<\/p>\n","protected":false},"excerpt":{"rendered":"<p>Le minist\u00e8re de l&rsquo;Education a annonc\u00e9 le prochain d\u00e9marrage des formalit\u00e9s relatives aux inscriptions aux examens nationaux.<\/p>\n","protected":false},"author":3162,"featured_media":278893,"comment_status":"open","ping_status":"closed","sticky":false,"template":"","format":"standard","meta":{"footnotes":""},"categories":[44],"tags":[2828,3264,7254],"class_list":["post-209362","post","type-post","status-publish","format-standard","has-post-thumbnail","hentry","category-national","tag-enseignement","tag-examens","tag-inscription"],"yoast_head":"<!-- This site is optimized with the Yoast SEO Premium plugin v27.5 (Yoast SEO v27.5) - https:\/\/yoast.com\/product\/yoast-seo-premium-wordpress\/ -->\n<title>Les inscriptions aux examens nationaux d\u00e9marrent le 23 octobre<\/title>\n<meta name=\"description\" content=\"Le minist\u00e8re de l&#039;Education a annonc\u00e9 le prochain d\u00e9marrage des formalit\u00e9s relatives aux inscriptions aux examens nationaux.\" \/>\n<link rel=\"canonical\" href=\"https:\/\/www.webdo.tn\/fr\/actualite\/national\/les-inscriptions-aux-examens-nationaux-demarrent-le-23-octobre\/209362\/\" \/>\n<meta property=\"og:locale\" content=\"fr_FR\" \/>\n<meta property=\"og:type\" content=\"article\" \/>\n<meta property=\"og:title\" content=\"Les inscriptions aux examens nationaux d\u00e9marrent le 23 octobre\" \/>\n<meta property=\"og:description\" content=\"Le minist\u00e8re de l&#039;Education a annonc\u00e9 le prochain d\u00e9marrage des formalit\u00e9s relatives aux inscriptions aux examens nationaux.\" \/>\n<meta property=\"og:url\" content=\"https:\/\/www.webdo.tn\/fr\/actualite\/national\/les-inscriptions-aux-examens-nationaux-demarrent-le-23-octobre\/209362\/\" \/>\n<meta property=\"og:site_name\" content=\"webdo\" \/>\n<meta property=\"article:publisher\" content=\"https:\/\/www.facebook.com\/webdotn\" \/>\n<meta property=\"article:published_time\" content=\"2023-10-16T14:04:00+00:00\" \/>\n<meta property=\"article:modified_time\" content=\"2025-05-20T22:10:17+00:00\" \/>\n<meta property=\"og:image\" content=\"https:\/\/www.webdo.tn\/fr\/wp-content\/uploads\/2023\/10\/9a234e05e212d290daff2443c744b6d8.jpg\" \/>\n\t<meta property=\"og:image:width\" content=\"750\" \/>\n\t<meta property=\"og:image:height\" content=\"400\" \/>\n\t<meta property=\"og:image:type\" content=\"image\/jpeg\" \/>\n<meta name=\"author\" content=\"MC\" \/>\n<meta name=\"twitter:card\" content=\"summary_large_image\" \/>\n<meta name=\"twitter:creator\" content=\"@webdo_tn\" \/>\n<meta name=\"twitter:site\" content=\"@webdo_tn\" \/>\n<meta name=\"twitter:label1\" content=\"\u00c9crit par\" \/>\n\t<meta name=\"twitter:data1\" content=\"MC\" \/>\n\t<meta name=\"twitter:label2\" content=\"Dur\u00e9e de lecture estim\u00e9e\" \/>\n\t<meta name=\"twitter:data2\" content=\"2 minutes\" \/>\n<script type=\"application\/ld+json\" class=\"yoast-schema-graph\">{\"@context\":\"https:\\\/\\\/schema.org\",\"@graph\":[{\"@type\":\"NewsArticle\",\"@id\":\"https:\\\/\\\/www.webdo.tn\\\/fr\\\/actualite\\\/national\\\/les-inscriptions-aux-examens-nationaux-demarrent-le-23-octobre\\\/209362\\\/#article\",\"isPartOf\":{\"@id\":\"https:\\\/\\\/www.webdo.tn\\\/fr\\\/actualite\\\/national\\\/les-inscriptions-aux-examens-nationaux-demarrent-le-23-octobre\\\/209362\\\/\"},\"author\":{\"name\":\"MC\",\"@id\":\"https:\\\/\\\/www.webdo.tn\\\/fr\\\/#\\\/schema\\\/person\\\/2c4929cbf5a809e3bd38617c6ce150f6\"},\"headline\":\"Les inscriptions aux examens nationaux d\u00e9marrent le 23 octobre\",\"datePublished\":\"2023-10-16T14:04:00+00:00\",\"dateModified\":\"2025-05-20T22:10:17+00:00\",\"mainEntityOfPage\":{\"@id\":\"https:\\\/\\\/www.webdo.tn\\\/fr\\\/actualite\\\/national\\\/les-inscriptions-aux-examens-nationaux-demarrent-le-23-octobre\\\/209362\\\/\"},\"wordCount\":323,\"commentCount\":0,\"publisher\":{\"@id\":\"https:\\\/\\\/www.webdo.tn\\\/fr\\\/#organization\"},\"image\":{\"@id\":\"https:\\\/\\\/www.webdo.tn\\\/fr\\\/actualite\\\/national\\\/les-inscriptions-aux-examens-nationaux-demarrent-le-23-octobre\\\/209362\\\/#primaryimage\"},\"thumbnailUrl\":\"https:\\\/\\\/www.webdo.tn\\\/fr\\\/wp-content\\\/uploads\\\/2023\\\/10\\\/9a234e05e212d290daff2443c744b6d8.jpg\",\"keywords\":[\"enseignement\",\"examens\",\"inscription\"],\"articleSection\":[\"National\"],\"inLanguage\":\"fr-FR\"},{\"@type\":\"WebPage\",\"@id\":\"https:\\\/\\\/www.webdo.tn\\\/fr\\\/actualite\\\/national\\\/les-inscriptions-aux-examens-nationaux-demarrent-le-23-octobre\\\/209362\\\/\",\"url\":\"https:\\\/\\\/www.webdo.tn\\\/fr\\\/actualite\\\/national\\\/les-inscriptions-aux-examens-nationaux-demarrent-le-23-octobre\\\/209362\\\/\",\"name\":\"Les inscriptions aux examens nationaux d\u00e9marrent le 23 octobre\",\"isPartOf\":{\"@id\":\"https:\\\/\\\/www.webdo.tn\\\/fr\\\/#website\"},\"primaryImageOfPage\":{\"@id\":\"https:\\\/\\\/www.webdo.tn\\\/fr\\\/actualite\\\/national\\\/les-inscriptions-aux-examens-nationaux-demarrent-le-23-octobre\\\/209362\\\/#primaryimage\"},\"image\":{\"@id\":\"https:\\\/\\\/www.webdo.tn\\\/fr\\\/actualite\\\/national\\\/les-inscriptions-aux-examens-nationaux-demarrent-le-23-octobre\\\/209362\\\/#primaryimage\"},\"thumbnailUrl\":\"https:\\\/\\\/www.webdo.tn\\\/fr\\\/wp-content\\\/uploads\\\/2023\\\/10\\\/9a234e05e212d290daff2443c744b6d8.jpg\",\"datePublished\":\"2023-10-16T14:04:00+00:00\",\"dateModified\":\"2025-05-20T22:10:17+00:00\",\"description\":\"Le minist\u00e8re de l'Education a annonc\u00e9 le prochain d\u00e9marrage des formalit\u00e9s relatives aux inscriptions aux examens nationaux.\",\"breadcrumb\":{\"@id\":\"https:\\\/\\\/www.webdo.tn\\\/fr\\\/actualite\\\/national\\\/les-inscriptions-aux-examens-nationaux-demarrent-le-23-octobre\\\/209362\\\/#breadcrumb\"},\"inLanguage\":\"fr-FR\",\"potentialAction\":[{\"@type\":\"ReadAction\",\"target\":[\"https:\\\/\\\/www.webdo.tn\\\/fr\\\/actualite\\\/national\\\/les-inscriptions-aux-examens-nationaux-demarrent-le-23-octobre\\\/209362\\\/\"]}]},{\"@type\":\"ImageObject\",\"inLanguage\":\"fr-FR\",\"@id\":\"https:\\\/\\\/www.webdo.tn\\\/fr\\\/actualite\\\/national\\\/les-inscriptions-aux-examens-nationaux-demarrent-le-23-octobre\\\/209362\\\/#primaryimage\",\"url\":\"https:\\\/\\\/www.webdo.tn\\\/fr\\\/wp-content\\\/uploads\\\/2023\\\/10\\\/9a234e05e212d290daff2443c744b6d8.jpg\",\"contentUrl\":\"https:\\\/\\\/www.webdo.tn\\\/fr\\\/wp-content\\\/uploads\\\/2023\\\/10\\\/9a234e05e212d290daff2443c744b6d8.jpg\",\"width\":750,\"height\":400,\"caption\":\"Les inscriptions aux examens nationaux d\u00e9marrent le 23 octobre\"},{\"@type\":\"BreadcrumbList\",\"@id\":\"https:\\\/\\\/www.webdo.tn\\\/fr\\\/actualite\\\/national\\\/les-inscriptions-aux-examens-nationaux-demarrent-le-23-octobre\\\/209362\\\/#breadcrumb\",\"itemListElement\":[{\"@type\":\"ListItem\",\"position\":1,\"name\":\"Accueil\",\"item\":\"https:\\\/\\\/www.webdo.tn\\\/fr\\\/\"},{\"@type\":\"ListItem\",\"position\":2,\"name\":\"Les inscriptions aux examens nationaux d\u00e9marrent le 23 octobre\"}]},{\"@type\":\"WebSite\",\"@id\":\"https:\\\/\\\/www.webdo.tn\\\/fr\\\/#website\",\"url\":\"https:\\\/\\\/www.webdo.tn\\\/fr\\\/\",\"name\":\"webdo\",\"description\":\"Tunisie - News en Tunisie et \u00e0 l&#039;international sur Webdo.tn\",\"publisher\":{\"@id\":\"https:\\\/\\\/www.webdo.tn\\\/fr\\\/#organization\"},\"potentialAction\":[{\"@type\":\"SearchAction\",\"target\":{\"@type\":\"EntryPoint\",\"urlTemplate\":\"https:\\\/\\\/www.webdo.tn\\\/fr\\\/?s={search_term_string}\"},\"query-input\":{\"@type\":\"PropertyValueSpecification\",\"valueRequired\":true,\"valueName\":\"search_term_string\"}}],\"inLanguage\":\"fr-FR\"},{\"@type\":\"Organization\",\"@id\":\"https:\\\/\\\/www.webdo.tn\\\/fr\\\/#organization\",\"name\":\"Webdo\",\"alternateName\":\"Webdo.tn\",\"url\":\"https:\\\/\\\/www.webdo.tn\\\/fr\\\/\",\"logo\":{\"@type\":\"ImageObject\",\"inLanguage\":\"fr-FR\",\"@id\":\"https:\\\/\\\/www.webdo.tn\\\/fr\\\/#\\\/schema\\\/logo\\\/image\\\/\",\"url\":\"https:\\\/\\\/www.webdo.tn\\\/fr\\\/wp-content\\\/uploads\\\/2025\\\/06\\\/Webdo-Tunisie_168377.jpg\",\"contentUrl\":\"https:\\\/\\\/www.webdo.tn\\\/fr\\\/wp-content\\\/uploads\\\/2025\\\/06\\\/Webdo-Tunisie_168377.jpg\",\"width\":301,\"height\":301,\"caption\":\"Webdo\"},\"image\":{\"@id\":\"https:\\\/\\\/www.webdo.tn\\\/fr\\\/#\\\/schema\\\/logo\\\/image\\\/\"},\"sameAs\":[\"https:\\\/\\\/www.facebook.com\\\/webdotn\",\"https:\\\/\\\/x.com\\\/webdo_tn\"],\"description\":\"Webdo est un m\u00e9dia num\u00e9rique tunisien fond\u00e9 en 2010, sp\u00e9cialis\u00e9 dans l\u2019actualit\u00e9 nationale et internationale, l\u2019\u00e9conomie, la soci\u00e9t\u00e9 et les analyses politiques. Le site s\u2019adresse \u00e0 un large public francophone et couvre l\u2019information tunisienne en temps r\u00e9el.\",\"email\":\"redac@webdo.tn\",\"legalName\":\"YNJ SARL\",\"foundingDate\":\"2010-09-06\",\"numberOfEmployees\":{\"@type\":\"QuantitativeValue\",\"minValue\":\"11\",\"maxValue\":\"50\"}},{\"@type\":\"Person\",\"@id\":\"https:\\\/\\\/www.webdo.tn\\\/fr\\\/#\\\/schema\\\/person\\\/2c4929cbf5a809e3bd38617c6ce150f6\",\"name\":\"MC\",\"image\":{\"@type\":\"ImageObject\",\"inLanguage\":\"fr-FR\",\"@id\":\"https:\\\/\\\/secure.gravatar.com\\\/avatar\\\/a545bbb6f84efdd5553dbbc2895e3ca8f1d12c5215e00a041c9670b54aa9b18a?s=96&d=mm&r=g\",\"url\":\"https:\\\/\\\/secure.gravatar.com\\\/avatar\\\/a545bbb6f84efdd5553dbbc2895e3ca8f1d12c5215e00a041c9670b54aa9b18a?s=96&d=mm&r=g\",\"contentUrl\":\"https:\\\/\\\/secure.gravatar.com\\\/avatar\\\/a545bbb6f84efdd5553dbbc2895e3ca8f1d12c5215e00a041c9670b54aa9b18a?s=96&d=mm&r=g\",\"caption\":\"MC\"},\"url\":\"https:\\\/\\\/www.webdo.tn\\\/fr\\\/actualite\\\/author\\\/mc\\\/\"}]}<\/script>\n<!-- \/ Yoast SEO Premium plugin. -->","yoast_head_json":{"title":"Les inscriptions aux examens nationaux d\u00e9marrent le 23 octobre","description":"Le minist\u00e8re de l'Education a annonc\u00e9 le prochain d\u00e9marrage des formalit\u00e9s relatives aux inscriptions aux examens nationaux.","canonical":"https:\/\/www.webdo.tn\/fr\/actualite\/national\/les-inscriptions-aux-examens-nationaux-demarrent-le-23-octobre\/209362\/","og_locale":"fr_FR","og_type":"article","og_title":"Les inscriptions aux examens nationaux d\u00e9marrent le 23 octobre","og_description":"Le minist\u00e8re de l'Education a annonc\u00e9 le prochain d\u00e9marrage des formalit\u00e9s relatives aux inscriptions aux examens nationaux.","og_url":"https:\/\/www.webdo.tn\/fr\/actualite\/national\/les-inscriptions-aux-examens-nationaux-demarrent-le-23-octobre\/209362\/","og_site_name":"webdo","article_publisher":"https:\/\/www.facebook.com\/webdotn","article_published_time":"2023-10-16T14:04:00+00:00","article_modified_time":"2025-05-20T22:10:17+00:00","og_image":[{"width":750,"height":400,"url":"https:\/\/www.webdo.tn\/fr\/wp-content\/uploads\/2023\/10\/9a234e05e212d290daff2443c744b6d8.jpg","type":"image\/jpeg"}],"author":"MC","twitter_card":"summary_large_image","twitter_creator":"@webdo_tn","twitter_site":"@webdo_tn","twitter_misc":{"\u00c9crit par":"MC","Dur\u00e9e de lecture estim\u00e9e":"2 minutes"},"schema":{"@context":"https:\/\/schema.org","@graph":[{"@type":"NewsArticle","@id":"https:\/\/www.webdo.tn\/fr\/actualite\/national\/les-inscriptions-aux-examens-nationaux-demarrent-le-23-octobre\/209362\/#article","isPartOf":{"@id":"https:\/\/www.webdo.tn\/fr\/actualite\/national\/les-inscriptions-aux-examens-nationaux-demarrent-le-23-octobre\/209362\/"},"author":{"name":"MC","@id":"https:\/\/www.webdo.tn\/fr\/#\/schema\/person\/2c4929cbf5a809e3bd38617c6ce150f6"},"headline":"Les inscriptions aux examens nationaux d\u00e9marrent le 23 octobre","datePublished":"2023-10-16T14:04:00+00:00","dateModified":"2025-05-20T22:10:17+00:00","mainEntityOfPage":{"@id":"https:\/\/www.webdo.tn\/fr\/actualite\/national\/les-inscriptions-aux-examens-nationaux-demarrent-le-23-octobre\/209362\/"},"wordCount":323,"commentCount":0,"publisher":{"@id":"https:\/\/www.webdo.tn\/fr\/#organization"},"image":{"@id":"https:\/\/www.webdo.tn\/fr\/actualite\/national\/les-inscriptions-aux-examens-nationaux-demarrent-le-23-octobre\/209362\/#primaryimage"},"thumbnailUrl":"https:\/\/www.webdo.tn\/fr\/wp-content\/uploads\/2023\/10\/9a234e05e212d290daff2443c744b6d8.jpg","keywords":["enseignement","examens","inscription"],"articleSection":["National"],"inLanguage":"fr-FR"},{"@type":"WebPage","@id":"https:\/\/www.webdo.tn\/fr\/actualite\/national\/les-inscriptions-aux-examens-nationaux-demarrent-le-23-octobre\/209362\/","url":"https:\/\/www.webdo.tn\/fr\/actualite\/national\/les-inscriptions-aux-examens-nationaux-demarrent-le-23-octobre\/209362\/","name":"Les inscriptions aux examens nationaux d\u00e9marrent le 23 octobre","isPartOf":{"@id":"https:\/\/www.webdo.tn\/fr\/#website"},"primaryImageOfPage":{"@id":"https:\/\/www.webdo.tn\/fr\/actualite\/national\/les-inscriptions-aux-examens-nationaux-demarrent-le-23-octobre\/209362\/#primaryimage"},"image":{"@id":"https:\/\/www.webdo.tn\/fr\/actualite\/national\/les-inscriptions-aux-examens-nationaux-demarrent-le-23-octobre\/209362\/#primaryimage"},"thumbnailUrl":"https:\/\/www.webdo.tn\/fr\/wp-content\/uploads\/2023\/10\/9a234e05e212d290daff2443c744b6d8.jpg","datePublished":"2023-10-16T14:04:00+00:00","dateModified":"2025-05-20T22:10:17+00:00","description":"Le minist\u00e8re de l'Education a annonc\u00e9 le prochain d\u00e9marrage des formalit\u00e9s relatives aux inscriptions aux examens nationaux.","breadcrumb":{"@id":"https:\/\/www.webdo.tn\/fr\/actualite\/national\/les-inscriptions-aux-examens-nationaux-demarrent-le-23-octobre\/209362\/#breadcrumb"},"inLanguage":"fr-FR","potentialAction":[{"@type":"ReadAction","target":["https:\/\/www.webdo.tn\/fr\/actualite\/national\/les-inscriptions-aux-examens-nationaux-demarrent-le-23-octobre\/209362\/"]}]},{"@type":"ImageObject","inLanguage":"fr-FR","@id":"https:\/\/www.webdo.tn\/fr\/actualite\/national\/les-inscriptions-aux-examens-nationaux-demarrent-le-23-octobre\/209362\/#primaryimage","url":"https:\/\/www.webdo.tn\/fr\/wp-content\/uploads\/2023\/10\/9a234e05e212d290daff2443c744b6d8.jpg","contentUrl":"https:\/\/www.webdo.tn\/fr\/wp-content\/uploads\/2023\/10\/9a234e05e212d290daff2443c744b6d8.jpg","width":750,"height":400,"caption":"Les inscriptions aux examens nationaux d\u00e9marrent le 23 octobre"},{"@type":"BreadcrumbList","@id":"https:\/\/www.webdo.tn\/fr\/actualite\/national\/les-inscriptions-aux-examens-nationaux-demarrent-le-23-octobre\/209362\/#breadcrumb","itemListElement":[{"@type":"ListItem","position":1,"name":"Accueil","item":"https:\/\/www.webdo.tn\/fr\/"},{"@type":"ListItem","position":2,"name":"Les inscriptions aux examens nationaux d\u00e9marrent le 23 octobre"}]},{"@type":"WebSite","@id":"https:\/\/www.webdo.tn\/fr\/#website","url":"https:\/\/www.webdo.tn\/fr\/","name":"webdo","description":"Tunisie - News en Tunisie et \u00e0 l&#039;international sur Webdo.tn","publisher":{"@id":"https:\/\/www.webdo.tn\/fr\/#organization"},"potentialAction":[{"@type":"SearchAction","target":{"@type":"EntryPoint","urlTemplate":"https:\/\/www.webdo.tn\/fr\/?s={search_term_string}"},"query-input":{"@type":"PropertyValueSpecification","valueRequired":true,"valueName":"search_term_string"}}],"inLanguage":"fr-FR"},{"@type":"Organization","@id":"https:\/\/www.webdo.tn\/fr\/#organization","name":"Webdo","alternateName":"Webdo.tn","url":"https:\/\/www.webdo.tn\/fr\/","logo":{"@type":"ImageObject","inLanguage":"fr-FR","@id":"https:\/\/www.webdo.tn\/fr\/#\/schema\/logo\/image\/","url":"https:\/\/www.webdo.tn\/fr\/wp-content\/uploads\/2025\/06\/Webdo-Tunisie_168377.jpg","contentUrl":"https:\/\/www.webdo.tn\/fr\/wp-content\/uploads\/2025\/06\/Webdo-Tunisie_168377.jpg","width":301,"height":301,"caption":"Webdo"},"image":{"@id":"https:\/\/www.webdo.tn\/fr\/#\/schema\/logo\/image\/"},"sameAs":["https:\/\/www.facebook.com\/webdotn","https:\/\/x.com\/webdo_tn"],"description":"Webdo est un m\u00e9dia num\u00e9rique tunisien fond\u00e9 en 2010, sp\u00e9cialis\u00e9 dans l\u2019actualit\u00e9 nationale et internationale, l\u2019\u00e9conomie, la soci\u00e9t\u00e9 et les analyses politiques. Le site s\u2019adresse \u00e0 un large public francophone et couvre l\u2019information tunisienne en temps r\u00e9el.","email":"redac@webdo.tn","legalName":"YNJ SARL","foundingDate":"2010-09-06","numberOfEmployees":{"@type":"QuantitativeValue","minValue":"11","maxValue":"50"}},{"@type":"Person","@id":"https:\/\/www.webdo.tn\/fr\/#\/schema\/person\/2c4929cbf5a809e3bd38617c6ce150f6","name":"MC","image":{"@type":"ImageObject","inLanguage":"fr-FR","@id":"https:\/\/secure.gravatar.com\/avatar\/a545bbb6f84efdd5553dbbc2895e3ca8f1d12c5215e00a041c9670b54aa9b18a?s=96&d=mm&r=g","url":"https:\/\/secure.gravatar.com\/avatar\/a545bbb6f84efdd5553dbbc2895e3ca8f1d12c5215e00a041c9670b54aa9b18a?s=96&d=mm&r=g","contentUrl":"https:\/\/secure.gravatar.com\/avatar\/a545bbb6f84efdd5553dbbc2895e3ca8f1d12c5215e00a041c9670b54aa9b18a?s=96&d=mm&r=g","caption":"MC"},"url":"https:\/\/www.webdo.tn\/fr\/actualite\/author\/mc\/"}]}},"_links":{"self":[{"href":"https:\/\/www.webdo.tn\/fr\/wp-json\/wp\/v2\/posts\/209362","targetHints":{"allow":["GET"]}}],"collection":[{"href":"https:\/\/www.webdo.tn\/fr\/wp-json\/wp\/v2\/posts"}],"about":[{"href":"https:\/\/www.webdo.tn\/fr\/wp-json\/wp\/v2\/types\/post"}],"author":[{"embeddable":true,"href":"https:\/\/www.webdo.tn\/fr\/wp-json\/wp\/v2\/users\/3162"}],"replies":[{"embeddable":true,"href":"https:\/\/www.webdo.tn\/fr\/wp-json\/wp\/v2\/comments?post=209362"}],"version-history":[{"count":0,"href":"https:\/\/www.webdo.tn\/fr\/wp-json\/wp\/v2\/posts\/209362\/revisions"}],"wp:featuredmedia":[{"embeddable":true,"href":"https:\/\/www.webdo.tn\/fr\/wp-json\/wp\/v2\/media\/278893"}],"wp:attachment":[{"href":"https:\/\/www.webdo.tn\/fr\/wp-json\/wp\/v2\/media?parent=209362"}],"wp:term":[{"taxonomy":"category","embeddable":true,"href":"https:\/\/www.webdo.tn\/fr\/wp-json\/wp\/v2\/categories?post=209362"},{"taxonomy":"post_tag","embeddable":true,"href":"https:\/\/www.webdo.tn\/fr\/wp-json\/wp\/v2\/tags?post=209362"}],"curies":[{"name":"wp","href":"https:\/\/api.w.org\/{rel}","templated":true}]}}