{"id":209361,"date":"2023-10-16T12:53:00","date_gmt":"2023-10-16T12:53:00","guid":{"rendered":"https:\/\/www.webdo.tn\/fr\/blog\/marouane-abassi-la-prochaine-visite-d-une-delegation-du-fmi-est-un-signe-positif\/209361\/"},"modified":"2025-05-20T22:10:17","modified_gmt":"2025-05-20T22:10:17","slug":"marouane-abassi-la-prochaine-visite-d-une-delegation-du-fmi-est-un-signe-positif","status":"publish","type":"post","link":"https:\/\/www.webdo.tn\/fr\/actualite\/national\/marouane-abassi-la-prochaine-visite-d-une-delegation-du-fmi-est-un-signe-positif\/209361\/","title":{"rendered":"Marouane Abassi : \u00ab\u00a0La prochaine visite d\u2019une d\u00e9l\u00e9gation du FMI, est un signe positif\u00a0\u00bb"},"content":{"rendered":"<p>Le gouverneur de la BCT reste optimiste quant \u00e0 la prochaine mission du FMI en Tunisie, estimant que celle-ci est un signe encourageant et positif.<\/p>\n<p>\t\t\t\t\t\t\t\t\tMarouane Abassi, gouverneur de la Banque Centrale de Tunisie (BCT), a estim\u00e9 que la prochaine visite d\u2019une d\u00e9l\u00e9gation du Fonds Mon\u00e9taire International (FMI) en Tunisie, du 5 au 17 d\u00e9cembre 2023, est un signe encourageant et positif.<\/p>\n<p>C\u2019est ce qu\u2019il a d\u00e9clar\u00e9 dans une interview accord\u00e9e \u00e0 l\u2019agence TAP, en marge des assembl\u00e9es annuelles du FMI et de la Banque Mondiale \u00e0 Marrakech. Selon lui, cette mission permettra de renouer le dialogue entre les deux parties.<\/p>\n<p>Une visite qui s\u2019inscrit dans le cadre d\u2019une une mission men\u00e9e par le FMI aupr\u00e8s de ses pays membres, en cela m\u00eame que les grandes \u00e9conomies comme les \u00c9tats-Unis sont soumises \u00e0 cet exercice, a tenu \u00e0 rappeler Marouane Abassi.<\/p>\n<p>Concernant la visite d\u2019une d\u00e9l\u00e9gation du FMI en Tunisie, le gouverneur de la BCT a pr\u00e9cis\u00e9 que des r\u00e9formes discut\u00e9es avec le FMI, comme l\u2019augmentation du taux de la TVA pour les professions lib\u00e9rales, ont d\u00e9j\u00e0 \u00e9t\u00e9 concr\u00e9tis\u00e9es dans la loi de finances 2023 et ont permis d\u2019augmenter les recettes fiscales.<\/p>\n<p>Il a soulign\u00e9 le contexte difficile travers\u00e9 par la Tunisie en octobre 2022 lorsqu\u2019un accord avait \u00e9t\u00e9 trouv\u00e9 avec le FMI pour un pr\u00eat d\u2019environ 1,9 milliard de dollars dans le cadre de son m\u00e9canisme \u00e9largi de cr\u00e9dit.<\/p>\n<p>Il a soulign\u00e9 que malgr\u00e9 la guerre russo-ukrainienne, qui a provoqu\u00e9 une flamb\u00e9e des prix des denr\u00e9es alimentaires et des hydrocarbures, le d\u00e9ficit de la balance des paiements est pass\u00e9 de 8,6% fin 2022 \u00e0 2,1% actuellement et devrait atteindre 4% d\u2019ici fin 2023, soit un niveau in\u00e9dit depuis des ann\u00e9es.<\/p>\n<p>Hors d\u00e9ficit \u00e9nerg\u00e9tique, la balance des paiements serait m\u00eame exc\u00e9dentaire, a-t-il ajout\u00e9, indiquant que le fait de relancer la production de phosphate pourraient permettre de combler ce d\u00e9ficit.<\/p>\n<p>Selon lui, cela s\u2019explique par la hausse des exportations dans des secteurs cl\u00e9s et par la reprise du tourisme et des transferts des Tunisiens r\u00e9sidant \u00e0 l\u2019\u00e9tranger, rappelant au passage que la Tunisie a pu honorer ses factures d\u2019importations et rembourser ses dettes, y compris l\u2019\u00e9ch\u00e9ance de 500 millions d\u2019euros d\u2019octobre 2023.<\/p>\n<p>Le gouverneur de la BCT a affirm\u00e9 que la Tunisie \u00e9tait aussi en mesure de faire face \u00e0 ses futurs engagements, Kristalina Georgieva, directrice du FMI, ayant d\u00e9clar\u00e9 que le pays n\u2019avait pas besoin de ren\u00e9gocier sa dette.<\/p>\n","protected":false},"excerpt":{"rendered":"<p>Marouane Abassi, gouverneur de la BCT, a estim\u00e9 que la prochaine visite d\u2019une d\u00e9l\u00e9gation du FMI en Tunisie, du 5 au 17 d\u00e9cembre 2023, est un signe encourageant&#8230;<\/p>\n","protected":false},"author":3162,"featured_media":278891,"comment_status":"open","ping_status":"closed","sticky":false,"template":"","format":"standard","meta":{"footnotes":""},"categories":[44],"tags":[2807,4233,8888,2608],"class_list":["post-209361","post","type-post","status-publish","format-standard","has-post-thumbnail","hentry","category-national","tag-bct","tag-fmi","tag-marouane-abassi","tag-tunisie"],"yoast_head":"<!-- This site is optimized with the Yoast SEO Premium plugin v27.5 (Yoast SEO v27.5) - https:\/\/yoast.com\/product\/yoast-seo-premium-wordpress\/ -->\n<title>Marouane Abassi : La prochaine visite d\u2019une d\u00e9l\u00e9gation du FMI, est un signe positif<\/title>\n<meta name=\"description\" content=\"Marouane Abassi, gouverneur de la BCT, a estim\u00e9 que la prochaine visite d\u2019une d\u00e9l\u00e9gation du FMI en Tunisie, du 5 au 17 d\u00e9cembre 2023, est un signe encourageant...\" \/>\n<link rel=\"canonical\" href=\"https:\/\/www.webdo.tn\/fr\/actualite\/national\/marouane-abassi-la-prochaine-visite-d-une-delegation-du-fmi-est-un-signe-positif\/209361\/\" \/>\n<meta property=\"og:locale\" content=\"fr_FR\" \/>\n<meta property=\"og:type\" content=\"article\" \/>\n<meta property=\"og:title\" content=\"Marouane Abassi : &quot;La prochaine visite d\u2019une d\u00e9l\u00e9gation du FMI, est un signe positif&quot;\" \/>\n<meta property=\"og:description\" content=\"Marouane Abassi, gouverneur de la BCT, a estim\u00e9 que la prochaine visite d\u2019une d\u00e9l\u00e9gation du FMI en Tunisie, du 5 au 17 d\u00e9cembre 2023, est un signe encourageant...\" \/>\n<meta property=\"og:url\" content=\"https:\/\/www.webdo.tn\/fr\/actualite\/national\/marouane-abassi-la-prochaine-visite-d-une-delegation-du-fmi-est-un-signe-positif\/209361\/\" \/>\n<meta property=\"og:site_name\" content=\"webdo\" \/>\n<meta property=\"article:publisher\" content=\"https:\/\/www.facebook.com\/webdotn\" \/>\n<meta property=\"article:published_time\" content=\"2023-10-16T12:53:00+00:00\" \/>\n<meta property=\"article:modified_time\" content=\"2025-05-20T22:10:17+00:00\" \/>\n<meta property=\"og:image\" content=\"https:\/\/www.webdo.tn\/fr\/wp-content\/uploads\/2023\/10\/95161e67a6b69c9ce7899f9719e5ecc0.jpg\" \/>\n\t<meta property=\"og:image:width\" content=\"750\" \/>\n\t<meta property=\"og:image:height\" content=\"400\" \/>\n\t<meta property=\"og:image:type\" content=\"image\/jpeg\" \/>\n<meta name=\"author\" content=\"MC\" \/>\n<meta name=\"twitter:card\" content=\"summary_large_image\" \/>\n<meta name=\"twitter:creator\" content=\"@webdo_tn\" \/>\n<meta name=\"twitter:site\" content=\"@webdo_tn\" \/>\n<meta name=\"twitter:label1\" content=\"\u00c9crit par\" \/>\n\t<meta name=\"twitter:data1\" content=\"MC\" \/>\n\t<meta name=\"twitter:label2\" content=\"Dur\u00e9e de lecture estim\u00e9e\" \/>\n\t<meta name=\"twitter:data2\" content=\"2 minutes\" \/>\n<script type=\"application\/ld+json\" class=\"yoast-schema-graph\">{\"@context\":\"https:\\\/\\\/schema.org\",\"@graph\":[{\"@type\":\"NewsArticle\",\"@id\":\"https:\\\/\\\/www.webdo.tn\\\/fr\\\/actualite\\\/national\\\/marouane-abassi-la-prochaine-visite-d-une-delegation-du-fmi-est-un-signe-positif\\\/209361\\\/#article\",\"isPartOf\":{\"@id\":\"https:\\\/\\\/www.webdo.tn\\\/fr\\\/actualite\\\/national\\\/marouane-abassi-la-prochaine-visite-d-une-delegation-du-fmi-est-un-signe-positif\\\/209361\\\/\"},\"author\":{\"name\":\"MC\",\"@id\":\"https:\\\/\\\/www.webdo.tn\\\/fr\\\/#\\\/schema\\\/person\\\/2c4929cbf5a809e3bd38617c6ce150f6\"},\"headline\":\"Marouane Abassi : \u00ab\u00a0La prochaine visite d\u2019une d\u00e9l\u00e9gation du FMI, est un signe positif\u00a0\u00bb\",\"datePublished\":\"2023-10-16T12:53:00+00:00\",\"dateModified\":\"2025-05-20T22:10:17+00:00\",\"mainEntityOfPage\":{\"@id\":\"https:\\\/\\\/www.webdo.tn\\\/fr\\\/actualite\\\/national\\\/marouane-abassi-la-prochaine-visite-d-une-delegation-du-fmi-est-un-signe-positif\\\/209361\\\/\"},\"wordCount\":450,\"commentCount\":0,\"publisher\":{\"@id\":\"https:\\\/\\\/www.webdo.tn\\\/fr\\\/#organization\"},\"image\":{\"@id\":\"https:\\\/\\\/www.webdo.tn\\\/fr\\\/actualite\\\/national\\\/marouane-abassi-la-prochaine-visite-d-une-delegation-du-fmi-est-un-signe-positif\\\/209361\\\/#primaryimage\"},\"thumbnailUrl\":\"https:\\\/\\\/www.webdo.tn\\\/fr\\\/wp-content\\\/uploads\\\/2023\\\/10\\\/95161e67a6b69c9ce7899f9719e5ecc0.jpg\",\"keywords\":[\"BCT\",\"FMI\",\"Marouane Abassi\",\"Tunisie\"],\"articleSection\":[\"National\"],\"inLanguage\":\"fr-FR\"},{\"@type\":\"WebPage\",\"@id\":\"https:\\\/\\\/www.webdo.tn\\\/fr\\\/actualite\\\/national\\\/marouane-abassi-la-prochaine-visite-d-une-delegation-du-fmi-est-un-signe-positif\\\/209361\\\/\",\"url\":\"https:\\\/\\\/www.webdo.tn\\\/fr\\\/actualite\\\/national\\\/marouane-abassi-la-prochaine-visite-d-une-delegation-du-fmi-est-un-signe-positif\\\/209361\\\/\",\"name\":\"Marouane Abassi : La prochaine visite d\u2019une d\u00e9l\u00e9gation du FMI, est un signe positif\",\"isPartOf\":{\"@id\":\"https:\\\/\\\/www.webdo.tn\\\/fr\\\/#website\"},\"primaryImageOfPage\":{\"@id\":\"https:\\\/\\\/www.webdo.tn\\\/fr\\\/actualite\\\/national\\\/marouane-abassi-la-prochaine-visite-d-une-delegation-du-fmi-est-un-signe-positif\\\/209361\\\/#primaryimage\"},\"image\":{\"@id\":\"https:\\\/\\\/www.webdo.tn\\\/fr\\\/actualite\\\/national\\\/marouane-abassi-la-prochaine-visite-d-une-delegation-du-fmi-est-un-signe-positif\\\/209361\\\/#primaryimage\"},\"thumbnailUrl\":\"https:\\\/\\\/www.webdo.tn\\\/fr\\\/wp-content\\\/uploads\\\/2023\\\/10\\\/95161e67a6b69c9ce7899f9719e5ecc0.jpg\",\"datePublished\":\"2023-10-16T12:53:00+00:00\",\"dateModified\":\"2025-05-20T22:10:17+00:00\",\"description\":\"Marouane Abassi, gouverneur de la BCT, a estim\u00e9 que la prochaine visite d\u2019une d\u00e9l\u00e9gation du FMI en Tunisie, du 5 au 17 d\u00e9cembre 2023, est un signe encourageant...\",\"breadcrumb\":{\"@id\":\"https:\\\/\\\/www.webdo.tn\\\/fr\\\/actualite\\\/national\\\/marouane-abassi-la-prochaine-visite-d-une-delegation-du-fmi-est-un-signe-positif\\\/209361\\\/#breadcrumb\"},\"inLanguage\":\"fr-FR\",\"potentialAction\":[{\"@type\":\"ReadAction\",\"target\":[\"https:\\\/\\\/www.webdo.tn\\\/fr\\\/actualite\\\/national\\\/marouane-abassi-la-prochaine-visite-d-une-delegation-du-fmi-est-un-signe-positif\\\/209361\\\/\"]}]},{\"@type\":\"ImageObject\",\"inLanguage\":\"fr-FR\",\"@id\":\"https:\\\/\\\/www.webdo.tn\\\/fr\\\/actualite\\\/national\\\/marouane-abassi-la-prochaine-visite-d-une-delegation-du-fmi-est-un-signe-positif\\\/209361\\\/#primaryimage\",\"url\":\"https:\\\/\\\/www.webdo.tn\\\/fr\\\/wp-content\\\/uploads\\\/2023\\\/10\\\/95161e67a6b69c9ce7899f9719e5ecc0.jpg\",\"contentUrl\":\"https:\\\/\\\/www.webdo.tn\\\/fr\\\/wp-content\\\/uploads\\\/2023\\\/10\\\/95161e67a6b69c9ce7899f9719e5ecc0.jpg\",\"width\":750,\"height\":400,\"caption\":\"Marouane Abassi : \\\"La prochaine visite d\u2019une d\u00e9l\u00e9gation du FMI, est un signe positif\\\"\"},{\"@type\":\"BreadcrumbList\",\"@id\":\"https:\\\/\\\/www.webdo.tn\\\/fr\\\/actualite\\\/national\\\/marouane-abassi-la-prochaine-visite-d-une-delegation-du-fmi-est-un-signe-positif\\\/209361\\\/#breadcrumb\",\"itemListElement\":[{\"@type\":\"ListItem\",\"position\":1,\"name\":\"Accueil\",\"item\":\"https:\\\/\\\/www.webdo.tn\\\/fr\\\/\"},{\"@type\":\"ListItem\",\"position\":2,\"name\":\"Marouane Abassi : \u00ab\u00a0La prochaine visite d\u2019une d\u00e9l\u00e9gation du FMI, est un signe positif\u00a0\u00bb\"}]},{\"@type\":\"WebSite\",\"@id\":\"https:\\\/\\\/www.webdo.tn\\\/fr\\\/#website\",\"url\":\"https:\\\/\\\/www.webdo.tn\\\/fr\\\/\",\"name\":\"webdo\",\"description\":\"Tunisie - News en Tunisie et \u00e0 l&#039;international sur Webdo.tn\",\"publisher\":{\"@id\":\"https:\\\/\\\/www.webdo.tn\\\/fr\\\/#organization\"},\"potentialAction\":[{\"@type\":\"SearchAction\",\"target\":{\"@type\":\"EntryPoint\",\"urlTemplate\":\"https:\\\/\\\/www.webdo.tn\\\/fr\\\/?s={search_term_string}\"},\"query-input\":{\"@type\":\"PropertyValueSpecification\",\"valueRequired\":true,\"valueName\":\"search_term_string\"}}],\"inLanguage\":\"fr-FR\"},{\"@type\":\"Organization\",\"@id\":\"https:\\\/\\\/www.webdo.tn\\\/fr\\\/#organization\",\"name\":\"Webdo\",\"alternateName\":\"Webdo.tn\",\"url\":\"https:\\\/\\\/www.webdo.tn\\\/fr\\\/\",\"logo\":{\"@type\":\"ImageObject\",\"inLanguage\":\"fr-FR\",\"@id\":\"https:\\\/\\\/www.webdo.tn\\\/fr\\\/#\\\/schema\\\/logo\\\/image\\\/\",\"url\":\"https:\\\/\\\/www.webdo.tn\\\/fr\\\/wp-content\\\/uploads\\\/2025\\\/06\\\/Webdo-Tunisie_168377.jpg\",\"contentUrl\":\"https:\\\/\\\/www.webdo.tn\\\/fr\\\/wp-content\\\/uploads\\\/2025\\\/06\\\/Webdo-Tunisie_168377.jpg\",\"width\":301,\"height\":301,\"caption\":\"Webdo\"},\"image\":{\"@id\":\"https:\\\/\\\/www.webdo.tn\\\/fr\\\/#\\\/schema\\\/logo\\\/image\\\/\"},\"sameAs\":[\"https:\\\/\\\/www.facebook.com\\\/webdotn\",\"https:\\\/\\\/x.com\\\/webdo_tn\"],\"description\":\"Webdo est un m\u00e9dia num\u00e9rique tunisien fond\u00e9 en 2010, sp\u00e9cialis\u00e9 dans l\u2019actualit\u00e9 nationale et internationale, l\u2019\u00e9conomie, la soci\u00e9t\u00e9 et les analyses politiques. Le site s\u2019adresse \u00e0 un large public francophone et couvre l\u2019information tunisienne en temps r\u00e9el.\",\"email\":\"redac@webdo.tn\",\"legalName\":\"YNJ SARL\",\"foundingDate\":\"2010-09-06\",\"numberOfEmployees\":{\"@type\":\"QuantitativeValue\",\"minValue\":\"11\",\"maxValue\":\"50\"}},{\"@type\":\"Person\",\"@id\":\"https:\\\/\\\/www.webdo.tn\\\/fr\\\/#\\\/schema\\\/person\\\/2c4929cbf5a809e3bd38617c6ce150f6\",\"name\":\"MC\",\"image\":{\"@type\":\"ImageObject\",\"inLanguage\":\"fr-FR\",\"@id\":\"https:\\\/\\\/secure.gravatar.com\\\/avatar\\\/a545bbb6f84efdd5553dbbc2895e3ca8f1d12c5215e00a041c9670b54aa9b18a?s=96&d=mm&r=g\",\"url\":\"https:\\\/\\\/secure.gravatar.com\\\/avatar\\\/a545bbb6f84efdd5553dbbc2895e3ca8f1d12c5215e00a041c9670b54aa9b18a?s=96&d=mm&r=g\",\"contentUrl\":\"https:\\\/\\\/secure.gravatar.com\\\/avatar\\\/a545bbb6f84efdd5553dbbc2895e3ca8f1d12c5215e00a041c9670b54aa9b18a?s=96&d=mm&r=g\",\"caption\":\"MC\"},\"url\":\"https:\\\/\\\/www.webdo.tn\\\/fr\\\/actualite\\\/author\\\/mc\\\/\"}]}<\/script>\n<!-- \/ Yoast SEO Premium plugin. -->","yoast_head_json":{"title":"Marouane Abassi : La prochaine visite d\u2019une d\u00e9l\u00e9gation du FMI, est un signe positif","description":"Marouane Abassi, gouverneur de la BCT, a estim\u00e9 que la prochaine visite d\u2019une d\u00e9l\u00e9gation du FMI en Tunisie, du 5 au 17 d\u00e9cembre 2023, est un signe encourageant...","canonical":"https:\/\/www.webdo.tn\/fr\/actualite\/national\/marouane-abassi-la-prochaine-visite-d-une-delegation-du-fmi-est-un-signe-positif\/209361\/","og_locale":"fr_FR","og_type":"article","og_title":"Marouane Abassi : \"La prochaine visite d\u2019une d\u00e9l\u00e9gation du FMI, est un signe positif\"","og_description":"Marouane Abassi, gouverneur de la BCT, a estim\u00e9 que la prochaine visite d\u2019une d\u00e9l\u00e9gation du FMI en Tunisie, du 5 au 17 d\u00e9cembre 2023, est un signe encourageant...","og_url":"https:\/\/www.webdo.tn\/fr\/actualite\/national\/marouane-abassi-la-prochaine-visite-d-une-delegation-du-fmi-est-un-signe-positif\/209361\/","og_site_name":"webdo","article_publisher":"https:\/\/www.facebook.com\/webdotn","article_published_time":"2023-10-16T12:53:00+00:00","article_modified_time":"2025-05-20T22:10:17+00:00","og_image":[{"width":750,"height":400,"url":"https:\/\/www.webdo.tn\/fr\/wp-content\/uploads\/2023\/10\/95161e67a6b69c9ce7899f9719e5ecc0.jpg","type":"image\/jpeg"}],"author":"MC","twitter_card":"summary_large_image","twitter_creator":"@webdo_tn","twitter_site":"@webdo_tn","twitter_misc":{"\u00c9crit par":"MC","Dur\u00e9e de lecture estim\u00e9e":"2 minutes"},"schema":{"@context":"https:\/\/schema.org","@graph":[{"@type":"NewsArticle","@id":"https:\/\/www.webdo.tn\/fr\/actualite\/national\/marouane-abassi-la-prochaine-visite-d-une-delegation-du-fmi-est-un-signe-positif\/209361\/#article","isPartOf":{"@id":"https:\/\/www.webdo.tn\/fr\/actualite\/national\/marouane-abassi-la-prochaine-visite-d-une-delegation-du-fmi-est-un-signe-positif\/209361\/"},"author":{"name":"MC","@id":"https:\/\/www.webdo.tn\/fr\/#\/schema\/person\/2c4929cbf5a809e3bd38617c6ce150f6"},"headline":"Marouane Abassi : \u00ab\u00a0La prochaine visite d\u2019une d\u00e9l\u00e9gation du FMI, est un signe positif\u00a0\u00bb","datePublished":"2023-10-16T12:53:00+00:00","dateModified":"2025-05-20T22:10:17+00:00","mainEntityOfPage":{"@id":"https:\/\/www.webdo.tn\/fr\/actualite\/national\/marouane-abassi-la-prochaine-visite-d-une-delegation-du-fmi-est-un-signe-positif\/209361\/"},"wordCount":450,"commentCount":0,"publisher":{"@id":"https:\/\/www.webdo.tn\/fr\/#organization"},"image":{"@id":"https:\/\/www.webdo.tn\/fr\/actualite\/national\/marouane-abassi-la-prochaine-visite-d-une-delegation-du-fmi-est-un-signe-positif\/209361\/#primaryimage"},"thumbnailUrl":"https:\/\/www.webdo.tn\/fr\/wp-content\/uploads\/2023\/10\/95161e67a6b69c9ce7899f9719e5ecc0.jpg","keywords":["BCT","FMI","Marouane Abassi","Tunisie"],"articleSection":["National"],"inLanguage":"fr-FR"},{"@type":"WebPage","@id":"https:\/\/www.webdo.tn\/fr\/actualite\/national\/marouane-abassi-la-prochaine-visite-d-une-delegation-du-fmi-est-un-signe-positif\/209361\/","url":"https:\/\/www.webdo.tn\/fr\/actualite\/national\/marouane-abassi-la-prochaine-visite-d-une-delegation-du-fmi-est-un-signe-positif\/209361\/","name":"Marouane Abassi : La prochaine visite d\u2019une d\u00e9l\u00e9gation du FMI, est un signe positif","isPartOf":{"@id":"https:\/\/www.webdo.tn\/fr\/#website"},"primaryImageOfPage":{"@id":"https:\/\/www.webdo.tn\/fr\/actualite\/national\/marouane-abassi-la-prochaine-visite-d-une-delegation-du-fmi-est-un-signe-positif\/209361\/#primaryimage"},"image":{"@id":"https:\/\/www.webdo.tn\/fr\/actualite\/national\/marouane-abassi-la-prochaine-visite-d-une-delegation-du-fmi-est-un-signe-positif\/209361\/#primaryimage"},"thumbnailUrl":"https:\/\/www.webdo.tn\/fr\/wp-content\/uploads\/2023\/10\/95161e67a6b69c9ce7899f9719e5ecc0.jpg","datePublished":"2023-10-16T12:53:00+00:00","dateModified":"2025-05-20T22:10:17+00:00","description":"Marouane Abassi, gouverneur de la BCT, a estim\u00e9 que la prochaine visite d\u2019une d\u00e9l\u00e9gation du FMI en Tunisie, du 5 au 17 d\u00e9cembre 2023, est un signe encourageant...","breadcrumb":{"@id":"https:\/\/www.webdo.tn\/fr\/actualite\/national\/marouane-abassi-la-prochaine-visite-d-une-delegation-du-fmi-est-un-signe-positif\/209361\/#breadcrumb"},"inLanguage":"fr-FR","potentialAction":[{"@type":"ReadAction","target":["https:\/\/www.webdo.tn\/fr\/actualite\/national\/marouane-abassi-la-prochaine-visite-d-une-delegation-du-fmi-est-un-signe-positif\/209361\/"]}]},{"@type":"ImageObject","inLanguage":"fr-FR","@id":"https:\/\/www.webdo.tn\/fr\/actualite\/national\/marouane-abassi-la-prochaine-visite-d-une-delegation-du-fmi-est-un-signe-positif\/209361\/#primaryimage","url":"https:\/\/www.webdo.tn\/fr\/wp-content\/uploads\/2023\/10\/95161e67a6b69c9ce7899f9719e5ecc0.jpg","contentUrl":"https:\/\/www.webdo.tn\/fr\/wp-content\/uploads\/2023\/10\/95161e67a6b69c9ce7899f9719e5ecc0.jpg","width":750,"height":400,"caption":"Marouane Abassi : \"La prochaine visite d\u2019une d\u00e9l\u00e9gation du FMI, est un signe positif\""},{"@type":"BreadcrumbList","@id":"https:\/\/www.webdo.tn\/fr\/actualite\/national\/marouane-abassi-la-prochaine-visite-d-une-delegation-du-fmi-est-un-signe-positif\/209361\/#breadcrumb","itemListElement":[{"@type":"ListItem","position":1,"name":"Accueil","item":"https:\/\/www.webdo.tn\/fr\/"},{"@type":"ListItem","position":2,"name":"Marouane Abassi : \u00ab\u00a0La prochaine visite d\u2019une d\u00e9l\u00e9gation du FMI, est un signe positif\u00a0\u00bb"}]},{"@type":"WebSite","@id":"https:\/\/www.webdo.tn\/fr\/#website","url":"https:\/\/www.webdo.tn\/fr\/","name":"webdo","description":"Tunisie - News en Tunisie et \u00e0 l&#039;international sur Webdo.tn","publisher":{"@id":"https:\/\/www.webdo.tn\/fr\/#organization"},"potentialAction":[{"@type":"SearchAction","target":{"@type":"EntryPoint","urlTemplate":"https:\/\/www.webdo.tn\/fr\/?s={search_term_string}"},"query-input":{"@type":"PropertyValueSpecification","valueRequired":true,"valueName":"search_term_string"}}],"inLanguage":"fr-FR"},{"@type":"Organization","@id":"https:\/\/www.webdo.tn\/fr\/#organization","name":"Webdo","alternateName":"Webdo.tn","url":"https:\/\/www.webdo.tn\/fr\/","logo":{"@type":"ImageObject","inLanguage":"fr-FR","@id":"https:\/\/www.webdo.tn\/fr\/#\/schema\/logo\/image\/","url":"https:\/\/www.webdo.tn\/fr\/wp-content\/uploads\/2025\/06\/Webdo-Tunisie_168377.jpg","contentUrl":"https:\/\/www.webdo.tn\/fr\/wp-content\/uploads\/2025\/06\/Webdo-Tunisie_168377.jpg","width":301,"height":301,"caption":"Webdo"},"image":{"@id":"https:\/\/www.webdo.tn\/fr\/#\/schema\/logo\/image\/"},"sameAs":["https:\/\/www.facebook.com\/webdotn","https:\/\/x.com\/webdo_tn"],"description":"Webdo est un m\u00e9dia num\u00e9rique tunisien fond\u00e9 en 2010, sp\u00e9cialis\u00e9 dans l\u2019actualit\u00e9 nationale et internationale, l\u2019\u00e9conomie, la soci\u00e9t\u00e9 et les analyses politiques. Le site s\u2019adresse \u00e0 un large public francophone et couvre l\u2019information tunisienne en temps r\u00e9el.","email":"redac@webdo.tn","legalName":"YNJ SARL","foundingDate":"2010-09-06","numberOfEmployees":{"@type":"QuantitativeValue","minValue":"11","maxValue":"50"}},{"@type":"Person","@id":"https:\/\/www.webdo.tn\/fr\/#\/schema\/person\/2c4929cbf5a809e3bd38617c6ce150f6","name":"MC","image":{"@type":"ImageObject","inLanguage":"fr-FR","@id":"https:\/\/secure.gravatar.com\/avatar\/a545bbb6f84efdd5553dbbc2895e3ca8f1d12c5215e00a041c9670b54aa9b18a?s=96&d=mm&r=g","url":"https:\/\/secure.gravatar.com\/avatar\/a545bbb6f84efdd5553dbbc2895e3ca8f1d12c5215e00a041c9670b54aa9b18a?s=96&d=mm&r=g","contentUrl":"https:\/\/secure.gravatar.com\/avatar\/a545bbb6f84efdd5553dbbc2895e3ca8f1d12c5215e00a041c9670b54aa9b18a?s=96&d=mm&r=g","caption":"MC"},"url":"https:\/\/www.webdo.tn\/fr\/actualite\/author\/mc\/"}]}},"_links":{"self":[{"href":"https:\/\/www.webdo.tn\/fr\/wp-json\/wp\/v2\/posts\/209361","targetHints":{"allow":["GET"]}}],"collection":[{"href":"https:\/\/www.webdo.tn\/fr\/wp-json\/wp\/v2\/posts"}],"about":[{"href":"https:\/\/www.webdo.tn\/fr\/wp-json\/wp\/v2\/types\/post"}],"author":[{"embeddable":true,"href":"https:\/\/www.webdo.tn\/fr\/wp-json\/wp\/v2\/users\/3162"}],"replies":[{"embeddable":true,"href":"https:\/\/www.webdo.tn\/fr\/wp-json\/wp\/v2\/comments?post=209361"}],"version-history":[{"count":0,"href":"https:\/\/www.webdo.tn\/fr\/wp-json\/wp\/v2\/posts\/209361\/revisions"}],"wp:featuredmedia":[{"embeddable":true,"href":"https:\/\/www.webdo.tn\/fr\/wp-json\/wp\/v2\/media\/278891"}],"wp:attachment":[{"href":"https:\/\/www.webdo.tn\/fr\/wp-json\/wp\/v2\/media?parent=209361"}],"wp:term":[{"taxonomy":"category","embeddable":true,"href":"https:\/\/www.webdo.tn\/fr\/wp-json\/wp\/v2\/categories?post=209361"},{"taxonomy":"post_tag","embeddable":true,"href":"https:\/\/www.webdo.tn\/fr\/wp-json\/wp\/v2\/tags?post=209361"}],"curies":[{"name":"wp","href":"https:\/\/api.w.org\/{rel}","templated":true}]}}