{"id":209340,"date":"2023-10-14T17:52:00","date_gmt":"2023-10-14T17:52:00","guid":{"rendered":"https:\/\/www.webdo.tn\/fr\/blog\/tunisie-loi-incriminant-la-normalisation-des-peines-jusqu-a-5-ans-de-prison\/209340\/"},"modified":"2025-05-20T22:40:24","modified_gmt":"2025-05-20T22:40:24","slug":"tunisie-loi-incriminant-la-normalisation-des-peines-jusqu-a-5-ans-de-prison","status":"publish","type":"post","link":"https:\/\/www.webdo.tn\/fr\/actualite\/national\/tunisie-loi-incriminant-la-normalisation-des-peines-jusqu-a-5-ans-de-prison\/209340\/","title":{"rendered":"Tunisie &#8211; Loi incriminant la normalisation : Des peines jusqu&rsquo;\u00e0 5 ans de prison  ?"},"content":{"rendered":"<p>Le projet de loi incriminant la normalisation avec l&rsquo;entit\u00e9 sioniste pr\u00e9voit, dans l&rsquo;article 3, des peines allant de 2 \u00e0 5 ans de prison ferme et des amendes entre 10 mille et 100 mille dinars.<\/p>\n<p>\t\t\t\t\t\t\t\t\tSoumis, r\u00e9cemment, \u00e0 la Commission parlementaire des droits et des libert\u00e9s, l&rsquo;article 3 dudit projet de loi stipule que la tentative de normalisation avec l&rsquo;entit\u00e9 sioniste est passible des peines pr\u00e9cit\u00e9es.<\/p>\n<p>Le bloc parlementaire de la ligne nationale souveraine avait pr\u00e9sent\u00e9, en juin 2023, une proposition de loi incriminant la normalisation avec l&rsquo;entit\u00e9 sioniste.<\/p>\n<p>La Commission des droits de l&rsquo;Homme a auditionn\u00e9, le 11 octobre courant, la partie initiatrice du projet de loi.<\/p>\n<p>Quatre-vingt-dix-sept d\u00e9put\u00e9s ont demand\u00e9 mardi dernier, au bureau du parlement, de h\u00e2ter l&rsquo;examen du projet de loi incriminant la normalisation avec l&rsquo;entit\u00e9 sioniste. Ils ont d\u00e9pos\u00e9 une demande dans ce sens au bureau d&rsquo;ordre central de l&rsquo;h\u00e9micycle.<\/p>\n","protected":false},"excerpt":{"rendered":"<p>Le projet de loi incriminant la normalisation avec l&rsquo;entit\u00e9 sioniste pr\u00e9voit, dans l&rsquo;article 3, des peines allant de 2 \u00e0 5 ans de prison ferme et des amendes en&#8230;<\/p>\n","protected":false},"author":3175,"featured_media":249074,"comment_status":"open","ping_status":"closed","sticky":false,"template":"","format":"standard","meta":{"footnotes":""},"categories":[44],"tags":[3729,3529,2708,2608],"class_list":["post-209340","post","type-post","status-publish","format-standard","has-post-thumbnail","hentry","category-national","tag-normalisation","tag-peine","tag-prison","tag-tunisie"],"yoast_head":"<!-- This site is optimized with the Yoast SEO Premium plugin v27.5 (Yoast SEO v27.5) - https:\/\/yoast.com\/product\/yoast-seo-premium-wordpress\/ -->\n<title>Tunisie - Loi incriminant la normalisation : Des peines jusqu&#039;\u00e0 5 ans de prison ?<\/title>\n<meta name=\"description\" content=\"Le projet de loi incriminant la normalisation avec l&#039;entit\u00e9 sioniste pr\u00e9voit, dans l&#039;article 3, des peines allant de 2 \u00e0 5 ans de prison ferme et des amendes en...\" \/>\n<link rel=\"canonical\" href=\"https:\/\/www.webdo.tn\/fr\/actualite\/national\/tunisie-loi-incriminant-la-normalisation-des-peines-jusqu-a-5-ans-de-prison\/209340\/\" \/>\n<meta property=\"og:locale\" content=\"fr_FR\" \/>\n<meta property=\"og:type\" content=\"article\" \/>\n<meta property=\"og:title\" content=\"Tunisie - Loi incriminant la normalisation : Des peines jusqu&#039;\u00e0 5 ans de prison ?\" \/>\n<meta property=\"og:description\" content=\"Le projet de loi incriminant la normalisation avec l&#039;entit\u00e9 sioniste pr\u00e9voit, dans l&#039;article 3, des peines allant de 2 \u00e0 5 ans de prison ferme et des amendes en...\" \/>\n<meta property=\"og:url\" content=\"https:\/\/www.webdo.tn\/fr\/actualite\/national\/tunisie-loi-incriminant-la-normalisation-des-peines-jusqu-a-5-ans-de-prison\/209340\/\" \/>\n<meta property=\"og:site_name\" content=\"webdo\" \/>\n<meta property=\"article:publisher\" content=\"https:\/\/www.facebook.com\/webdotn\" \/>\n<meta property=\"article:published_time\" content=\"2023-10-14T17:52:00+00:00\" \/>\n<meta property=\"article:modified_time\" content=\"2025-05-20T22:40:24+00:00\" \/>\n<meta property=\"og:image\" content=\"https:\/\/www.webdo.tn\/fr\/wp-content\/uploads\/2023\/10\/26feb5f18f8dc5e024d3be964b3c2ba1.jpg\" \/>\n\t<meta property=\"og:image:width\" content=\"750\" \/>\n\t<meta property=\"og:image:height\" content=\"400\" \/>\n\t<meta property=\"og:image:type\" content=\"image\/jpeg\" \/>\n<meta name=\"author\" content=\"CL\" \/>\n<meta name=\"twitter:card\" content=\"summary_large_image\" \/>\n<meta name=\"twitter:creator\" content=\"@webdo_tn\" \/>\n<meta name=\"twitter:site\" content=\"@webdo_tn\" \/>\n<meta name=\"twitter:label1\" content=\"\u00c9crit par\" \/>\n\t<meta name=\"twitter:data1\" content=\"CL\" \/>\n\t<meta name=\"twitter:label2\" content=\"Dur\u00e9e de lecture estim\u00e9e\" \/>\n\t<meta name=\"twitter:data2\" content=\"1 minute\" \/>\n<script type=\"application\/ld+json\" class=\"yoast-schema-graph\">{\"@context\":\"https:\\\/\\\/schema.org\",\"@graph\":[{\"@type\":\"NewsArticle\",\"@id\":\"https:\\\/\\\/www.webdo.tn\\\/fr\\\/actualite\\\/national\\\/tunisie-loi-incriminant-la-normalisation-des-peines-jusqu-a-5-ans-de-prison\\\/209340\\\/#article\",\"isPartOf\":{\"@id\":\"https:\\\/\\\/www.webdo.tn\\\/fr\\\/actualite\\\/national\\\/tunisie-loi-incriminant-la-normalisation-des-peines-jusqu-a-5-ans-de-prison\\\/209340\\\/\"},\"author\":{\"name\":\"CL\",\"@id\":\"https:\\\/\\\/www.webdo.tn\\\/fr\\\/#\\\/schema\\\/person\\\/f35b42a42c5e2511bbd282959d6385cc\"},\"headline\":\"Tunisie &#8211; Loi incriminant la normalisation : Des peines jusqu&rsquo;\u00e0 5 ans de prison ?\",\"datePublished\":\"2023-10-14T17:52:00+00:00\",\"dateModified\":\"2025-05-20T22:40:24+00:00\",\"mainEntityOfPage\":{\"@id\":\"https:\\\/\\\/www.webdo.tn\\\/fr\\\/actualite\\\/national\\\/tunisie-loi-incriminant-la-normalisation-des-peines-jusqu-a-5-ans-de-prison\\\/209340\\\/\"},\"wordCount\":168,\"commentCount\":0,\"publisher\":{\"@id\":\"https:\\\/\\\/www.webdo.tn\\\/fr\\\/#organization\"},\"image\":{\"@id\":\"https:\\\/\\\/www.webdo.tn\\\/fr\\\/actualite\\\/national\\\/tunisie-loi-incriminant-la-normalisation-des-peines-jusqu-a-5-ans-de-prison\\\/209340\\\/#primaryimage\"},\"thumbnailUrl\":\"https:\\\/\\\/www.webdo.tn\\\/fr\\\/wp-content\\\/uploads\\\/2023\\\/10\\\/26feb5f18f8dc5e024d3be964b3c2ba1.jpg\",\"keywords\":[\"normalisation\",\"peine\",\"Prison\",\"Tunisie\"],\"articleSection\":[\"National\"],\"inLanguage\":\"fr-FR\"},{\"@type\":\"WebPage\",\"@id\":\"https:\\\/\\\/www.webdo.tn\\\/fr\\\/actualite\\\/national\\\/tunisie-loi-incriminant-la-normalisation-des-peines-jusqu-a-5-ans-de-prison\\\/209340\\\/\",\"url\":\"https:\\\/\\\/www.webdo.tn\\\/fr\\\/actualite\\\/national\\\/tunisie-loi-incriminant-la-normalisation-des-peines-jusqu-a-5-ans-de-prison\\\/209340\\\/\",\"name\":\"Tunisie - Loi incriminant la normalisation : Des peines jusqu'\u00e0 5 ans de prison ?\",\"isPartOf\":{\"@id\":\"https:\\\/\\\/www.webdo.tn\\\/fr\\\/#website\"},\"primaryImageOfPage\":{\"@id\":\"https:\\\/\\\/www.webdo.tn\\\/fr\\\/actualite\\\/national\\\/tunisie-loi-incriminant-la-normalisation-des-peines-jusqu-a-5-ans-de-prison\\\/209340\\\/#primaryimage\"},\"image\":{\"@id\":\"https:\\\/\\\/www.webdo.tn\\\/fr\\\/actualite\\\/national\\\/tunisie-loi-incriminant-la-normalisation-des-peines-jusqu-a-5-ans-de-prison\\\/209340\\\/#primaryimage\"},\"thumbnailUrl\":\"https:\\\/\\\/www.webdo.tn\\\/fr\\\/wp-content\\\/uploads\\\/2023\\\/10\\\/26feb5f18f8dc5e024d3be964b3c2ba1.jpg\",\"datePublished\":\"2023-10-14T17:52:00+00:00\",\"dateModified\":\"2025-05-20T22:40:24+00:00\",\"description\":\"Le projet de loi incriminant la normalisation avec l'entit\u00e9 sioniste pr\u00e9voit, dans l'article 3, des peines allant de 2 \u00e0 5 ans de prison ferme et des amendes en...\",\"breadcrumb\":{\"@id\":\"https:\\\/\\\/www.webdo.tn\\\/fr\\\/actualite\\\/national\\\/tunisie-loi-incriminant-la-normalisation-des-peines-jusqu-a-5-ans-de-prison\\\/209340\\\/#breadcrumb\"},\"inLanguage\":\"fr-FR\",\"potentialAction\":[{\"@type\":\"ReadAction\",\"target\":[\"https:\\\/\\\/www.webdo.tn\\\/fr\\\/actualite\\\/national\\\/tunisie-loi-incriminant-la-normalisation-des-peines-jusqu-a-5-ans-de-prison\\\/209340\\\/\"]}]},{\"@type\":\"ImageObject\",\"inLanguage\":\"fr-FR\",\"@id\":\"https:\\\/\\\/www.webdo.tn\\\/fr\\\/actualite\\\/national\\\/tunisie-loi-incriminant-la-normalisation-des-peines-jusqu-a-5-ans-de-prison\\\/209340\\\/#primaryimage\",\"url\":\"https:\\\/\\\/www.webdo.tn\\\/fr\\\/wp-content\\\/uploads\\\/2023\\\/10\\\/26feb5f18f8dc5e024d3be964b3c2ba1.jpg\",\"contentUrl\":\"https:\\\/\\\/www.webdo.tn\\\/fr\\\/wp-content\\\/uploads\\\/2023\\\/10\\\/26feb5f18f8dc5e024d3be964b3c2ba1.jpg\",\"width\":750,\"height\":400,\"caption\":\"Tunisie - Loi incriminant la normalisation : Des peines jusqu'\u00e0 5 ans de prison ?\"},{\"@type\":\"BreadcrumbList\",\"@id\":\"https:\\\/\\\/www.webdo.tn\\\/fr\\\/actualite\\\/national\\\/tunisie-loi-incriminant-la-normalisation-des-peines-jusqu-a-5-ans-de-prison\\\/209340\\\/#breadcrumb\",\"itemListElement\":[{\"@type\":\"ListItem\",\"position\":1,\"name\":\"Accueil\",\"item\":\"https:\\\/\\\/www.webdo.tn\\\/fr\\\/\"},{\"@type\":\"ListItem\",\"position\":2,\"name\":\"Tunisie &#8211; Loi incriminant la normalisation : Des peines jusqu&#8217;\u00e0 5 ans de prison ?\"}]},{\"@type\":\"WebSite\",\"@id\":\"https:\\\/\\\/www.webdo.tn\\\/fr\\\/#website\",\"url\":\"https:\\\/\\\/www.webdo.tn\\\/fr\\\/\",\"name\":\"webdo\",\"description\":\"Tunisie - News en Tunisie et \u00e0 l&#039;international sur Webdo.tn\",\"publisher\":{\"@id\":\"https:\\\/\\\/www.webdo.tn\\\/fr\\\/#organization\"},\"potentialAction\":[{\"@type\":\"SearchAction\",\"target\":{\"@type\":\"EntryPoint\",\"urlTemplate\":\"https:\\\/\\\/www.webdo.tn\\\/fr\\\/?s={search_term_string}\"},\"query-input\":{\"@type\":\"PropertyValueSpecification\",\"valueRequired\":true,\"valueName\":\"search_term_string\"}}],\"inLanguage\":\"fr-FR\"},{\"@type\":\"Organization\",\"@id\":\"https:\\\/\\\/www.webdo.tn\\\/fr\\\/#organization\",\"name\":\"Webdo\",\"alternateName\":\"Webdo.tn\",\"url\":\"https:\\\/\\\/www.webdo.tn\\\/fr\\\/\",\"logo\":{\"@type\":\"ImageObject\",\"inLanguage\":\"fr-FR\",\"@id\":\"https:\\\/\\\/www.webdo.tn\\\/fr\\\/#\\\/schema\\\/logo\\\/image\\\/\",\"url\":\"https:\\\/\\\/www.webdo.tn\\\/fr\\\/wp-content\\\/uploads\\\/2025\\\/06\\\/Webdo-Tunisie_168377.jpg\",\"contentUrl\":\"https:\\\/\\\/www.webdo.tn\\\/fr\\\/wp-content\\\/uploads\\\/2025\\\/06\\\/Webdo-Tunisie_168377.jpg\",\"width\":301,\"height\":301,\"caption\":\"Webdo\"},\"image\":{\"@id\":\"https:\\\/\\\/www.webdo.tn\\\/fr\\\/#\\\/schema\\\/logo\\\/image\\\/\"},\"sameAs\":[\"https:\\\/\\\/www.facebook.com\\\/webdotn\",\"https:\\\/\\\/x.com\\\/webdo_tn\"],\"description\":\"Webdo est un m\u00e9dia num\u00e9rique tunisien fond\u00e9 en 2010, sp\u00e9cialis\u00e9 dans l\u2019actualit\u00e9 nationale et internationale, l\u2019\u00e9conomie, la soci\u00e9t\u00e9 et les analyses politiques. Le site s\u2019adresse \u00e0 un large public francophone et couvre l\u2019information tunisienne en temps r\u00e9el.\",\"email\":\"redac@webdo.tn\",\"legalName\":\"YNJ SARL\",\"foundingDate\":\"2010-09-06\",\"numberOfEmployees\":{\"@type\":\"QuantitativeValue\",\"minValue\":\"11\",\"maxValue\":\"50\"}},{\"@type\":\"Person\",\"@id\":\"https:\\\/\\\/www.webdo.tn\\\/fr\\\/#\\\/schema\\\/person\\\/f35b42a42c5e2511bbd282959d6385cc\",\"name\":\"CL\",\"image\":{\"@type\":\"ImageObject\",\"inLanguage\":\"fr-FR\",\"@id\":\"https:\\\/\\\/secure.gravatar.com\\\/avatar\\\/1447a49909b67aa657c488aec6512e1dd6143a480c1ecfee9b5b5cd74eb3b59e?s=96&d=mm&r=g\",\"url\":\"https:\\\/\\\/secure.gravatar.com\\\/avatar\\\/1447a49909b67aa657c488aec6512e1dd6143a480c1ecfee9b5b5cd74eb3b59e?s=96&d=mm&r=g\",\"contentUrl\":\"https:\\\/\\\/secure.gravatar.com\\\/avatar\\\/1447a49909b67aa657c488aec6512e1dd6143a480c1ecfee9b5b5cd74eb3b59e?s=96&d=mm&r=g\",\"caption\":\"CL\"},\"url\":\"https:\\\/\\\/www.webdo.tn\\\/fr\\\/actualite\\\/author\\\/cl\\\/\"}]}<\/script>\n<!-- \/ Yoast SEO Premium plugin. -->","yoast_head_json":{"title":"Tunisie - Loi incriminant la normalisation : Des peines jusqu'\u00e0 5 ans de prison ?","description":"Le projet de loi incriminant la normalisation avec l'entit\u00e9 sioniste pr\u00e9voit, dans l'article 3, des peines allant de 2 \u00e0 5 ans de prison ferme et des amendes en...","canonical":"https:\/\/www.webdo.tn\/fr\/actualite\/national\/tunisie-loi-incriminant-la-normalisation-des-peines-jusqu-a-5-ans-de-prison\/209340\/","og_locale":"fr_FR","og_type":"article","og_title":"Tunisie - Loi incriminant la normalisation : Des peines jusqu'\u00e0 5 ans de prison ?","og_description":"Le projet de loi incriminant la normalisation avec l'entit\u00e9 sioniste pr\u00e9voit, dans l'article 3, des peines allant de 2 \u00e0 5 ans de prison ferme et des amendes en...","og_url":"https:\/\/www.webdo.tn\/fr\/actualite\/national\/tunisie-loi-incriminant-la-normalisation-des-peines-jusqu-a-5-ans-de-prison\/209340\/","og_site_name":"webdo","article_publisher":"https:\/\/www.facebook.com\/webdotn","article_published_time":"2023-10-14T17:52:00+00:00","article_modified_time":"2025-05-20T22:40:24+00:00","og_image":[{"width":750,"height":400,"url":"https:\/\/www.webdo.tn\/fr\/wp-content\/uploads\/2023\/10\/26feb5f18f8dc5e024d3be964b3c2ba1.jpg","type":"image\/jpeg"}],"author":"CL","twitter_card":"summary_large_image","twitter_creator":"@webdo_tn","twitter_site":"@webdo_tn","twitter_misc":{"\u00c9crit par":"CL","Dur\u00e9e de lecture estim\u00e9e":"1 minute"},"schema":{"@context":"https:\/\/schema.org","@graph":[{"@type":"NewsArticle","@id":"https:\/\/www.webdo.tn\/fr\/actualite\/national\/tunisie-loi-incriminant-la-normalisation-des-peines-jusqu-a-5-ans-de-prison\/209340\/#article","isPartOf":{"@id":"https:\/\/www.webdo.tn\/fr\/actualite\/national\/tunisie-loi-incriminant-la-normalisation-des-peines-jusqu-a-5-ans-de-prison\/209340\/"},"author":{"name":"CL","@id":"https:\/\/www.webdo.tn\/fr\/#\/schema\/person\/f35b42a42c5e2511bbd282959d6385cc"},"headline":"Tunisie &#8211; Loi incriminant la normalisation : Des peines jusqu&rsquo;\u00e0 5 ans de prison ?","datePublished":"2023-10-14T17:52:00+00:00","dateModified":"2025-05-20T22:40:24+00:00","mainEntityOfPage":{"@id":"https:\/\/www.webdo.tn\/fr\/actualite\/national\/tunisie-loi-incriminant-la-normalisation-des-peines-jusqu-a-5-ans-de-prison\/209340\/"},"wordCount":168,"commentCount":0,"publisher":{"@id":"https:\/\/www.webdo.tn\/fr\/#organization"},"image":{"@id":"https:\/\/www.webdo.tn\/fr\/actualite\/national\/tunisie-loi-incriminant-la-normalisation-des-peines-jusqu-a-5-ans-de-prison\/209340\/#primaryimage"},"thumbnailUrl":"https:\/\/www.webdo.tn\/fr\/wp-content\/uploads\/2023\/10\/26feb5f18f8dc5e024d3be964b3c2ba1.jpg","keywords":["normalisation","peine","Prison","Tunisie"],"articleSection":["National"],"inLanguage":"fr-FR"},{"@type":"WebPage","@id":"https:\/\/www.webdo.tn\/fr\/actualite\/national\/tunisie-loi-incriminant-la-normalisation-des-peines-jusqu-a-5-ans-de-prison\/209340\/","url":"https:\/\/www.webdo.tn\/fr\/actualite\/national\/tunisie-loi-incriminant-la-normalisation-des-peines-jusqu-a-5-ans-de-prison\/209340\/","name":"Tunisie - Loi incriminant la normalisation : Des peines jusqu'\u00e0 5 ans de prison ?","isPartOf":{"@id":"https:\/\/www.webdo.tn\/fr\/#website"},"primaryImageOfPage":{"@id":"https:\/\/www.webdo.tn\/fr\/actualite\/national\/tunisie-loi-incriminant-la-normalisation-des-peines-jusqu-a-5-ans-de-prison\/209340\/#primaryimage"},"image":{"@id":"https:\/\/www.webdo.tn\/fr\/actualite\/national\/tunisie-loi-incriminant-la-normalisation-des-peines-jusqu-a-5-ans-de-prison\/209340\/#primaryimage"},"thumbnailUrl":"https:\/\/www.webdo.tn\/fr\/wp-content\/uploads\/2023\/10\/26feb5f18f8dc5e024d3be964b3c2ba1.jpg","datePublished":"2023-10-14T17:52:00+00:00","dateModified":"2025-05-20T22:40:24+00:00","description":"Le projet de loi incriminant la normalisation avec l'entit\u00e9 sioniste pr\u00e9voit, dans l'article 3, des peines allant de 2 \u00e0 5 ans de prison ferme et des amendes en...","breadcrumb":{"@id":"https:\/\/www.webdo.tn\/fr\/actualite\/national\/tunisie-loi-incriminant-la-normalisation-des-peines-jusqu-a-5-ans-de-prison\/209340\/#breadcrumb"},"inLanguage":"fr-FR","potentialAction":[{"@type":"ReadAction","target":["https:\/\/www.webdo.tn\/fr\/actualite\/national\/tunisie-loi-incriminant-la-normalisation-des-peines-jusqu-a-5-ans-de-prison\/209340\/"]}]},{"@type":"ImageObject","inLanguage":"fr-FR","@id":"https:\/\/www.webdo.tn\/fr\/actualite\/national\/tunisie-loi-incriminant-la-normalisation-des-peines-jusqu-a-5-ans-de-prison\/209340\/#primaryimage","url":"https:\/\/www.webdo.tn\/fr\/wp-content\/uploads\/2023\/10\/26feb5f18f8dc5e024d3be964b3c2ba1.jpg","contentUrl":"https:\/\/www.webdo.tn\/fr\/wp-content\/uploads\/2023\/10\/26feb5f18f8dc5e024d3be964b3c2ba1.jpg","width":750,"height":400,"caption":"Tunisie - Loi incriminant la normalisation : Des peines jusqu'\u00e0 5 ans de prison ?"},{"@type":"BreadcrumbList","@id":"https:\/\/www.webdo.tn\/fr\/actualite\/national\/tunisie-loi-incriminant-la-normalisation-des-peines-jusqu-a-5-ans-de-prison\/209340\/#breadcrumb","itemListElement":[{"@type":"ListItem","position":1,"name":"Accueil","item":"https:\/\/www.webdo.tn\/fr\/"},{"@type":"ListItem","position":2,"name":"Tunisie &#8211; Loi incriminant la normalisation : Des peines jusqu&#8217;\u00e0 5 ans de prison ?"}]},{"@type":"WebSite","@id":"https:\/\/www.webdo.tn\/fr\/#website","url":"https:\/\/www.webdo.tn\/fr\/","name":"webdo","description":"Tunisie - News en Tunisie et \u00e0 l&#039;international sur Webdo.tn","publisher":{"@id":"https:\/\/www.webdo.tn\/fr\/#organization"},"potentialAction":[{"@type":"SearchAction","target":{"@type":"EntryPoint","urlTemplate":"https:\/\/www.webdo.tn\/fr\/?s={search_term_string}"},"query-input":{"@type":"PropertyValueSpecification","valueRequired":true,"valueName":"search_term_string"}}],"inLanguage":"fr-FR"},{"@type":"Organization","@id":"https:\/\/www.webdo.tn\/fr\/#organization","name":"Webdo","alternateName":"Webdo.tn","url":"https:\/\/www.webdo.tn\/fr\/","logo":{"@type":"ImageObject","inLanguage":"fr-FR","@id":"https:\/\/www.webdo.tn\/fr\/#\/schema\/logo\/image\/","url":"https:\/\/www.webdo.tn\/fr\/wp-content\/uploads\/2025\/06\/Webdo-Tunisie_168377.jpg","contentUrl":"https:\/\/www.webdo.tn\/fr\/wp-content\/uploads\/2025\/06\/Webdo-Tunisie_168377.jpg","width":301,"height":301,"caption":"Webdo"},"image":{"@id":"https:\/\/www.webdo.tn\/fr\/#\/schema\/logo\/image\/"},"sameAs":["https:\/\/www.facebook.com\/webdotn","https:\/\/x.com\/webdo_tn"],"description":"Webdo est un m\u00e9dia num\u00e9rique tunisien fond\u00e9 en 2010, sp\u00e9cialis\u00e9 dans l\u2019actualit\u00e9 nationale et internationale, l\u2019\u00e9conomie, la soci\u00e9t\u00e9 et les analyses politiques. Le site s\u2019adresse \u00e0 un large public francophone et couvre l\u2019information tunisienne en temps r\u00e9el.","email":"redac@webdo.tn","legalName":"YNJ SARL","foundingDate":"2010-09-06","numberOfEmployees":{"@type":"QuantitativeValue","minValue":"11","maxValue":"50"}},{"@type":"Person","@id":"https:\/\/www.webdo.tn\/fr\/#\/schema\/person\/f35b42a42c5e2511bbd282959d6385cc","name":"CL","image":{"@type":"ImageObject","inLanguage":"fr-FR","@id":"https:\/\/secure.gravatar.com\/avatar\/1447a49909b67aa657c488aec6512e1dd6143a480c1ecfee9b5b5cd74eb3b59e?s=96&d=mm&r=g","url":"https:\/\/secure.gravatar.com\/avatar\/1447a49909b67aa657c488aec6512e1dd6143a480c1ecfee9b5b5cd74eb3b59e?s=96&d=mm&r=g","contentUrl":"https:\/\/secure.gravatar.com\/avatar\/1447a49909b67aa657c488aec6512e1dd6143a480c1ecfee9b5b5cd74eb3b59e?s=96&d=mm&r=g","caption":"CL"},"url":"https:\/\/www.webdo.tn\/fr\/actualite\/author\/cl\/"}]}},"_links":{"self":[{"href":"https:\/\/www.webdo.tn\/fr\/wp-json\/wp\/v2\/posts\/209340","targetHints":{"allow":["GET"]}}],"collection":[{"href":"https:\/\/www.webdo.tn\/fr\/wp-json\/wp\/v2\/posts"}],"about":[{"href":"https:\/\/www.webdo.tn\/fr\/wp-json\/wp\/v2\/types\/post"}],"author":[{"embeddable":true,"href":"https:\/\/www.webdo.tn\/fr\/wp-json\/wp\/v2\/users\/3175"}],"replies":[{"embeddable":true,"href":"https:\/\/www.webdo.tn\/fr\/wp-json\/wp\/v2\/comments?post=209340"}],"version-history":[{"count":0,"href":"https:\/\/www.webdo.tn\/fr\/wp-json\/wp\/v2\/posts\/209340\/revisions"}],"wp:featuredmedia":[{"embeddable":true,"href":"https:\/\/www.webdo.tn\/fr\/wp-json\/wp\/v2\/media\/249074"}],"wp:attachment":[{"href":"https:\/\/www.webdo.tn\/fr\/wp-json\/wp\/v2\/media?parent=209340"}],"wp:term":[{"taxonomy":"category","embeddable":true,"href":"https:\/\/www.webdo.tn\/fr\/wp-json\/wp\/v2\/categories?post=209340"},{"taxonomy":"post_tag","embeddable":true,"href":"https:\/\/www.webdo.tn\/fr\/wp-json\/wp\/v2\/tags?post=209340"}],"curies":[{"name":"wp","href":"https:\/\/api.w.org\/{rel}","templated":true}]}}