{"id":209339,"date":"2023-10-14T17:35:00","date_gmt":"2023-10-14T17:35:00","guid":{"rendered":"https:\/\/www.webdo.tn\/fr\/blog\/israel-annonce-une-large-operation-terrestre-contre-gaza\/209339\/"},"modified":"2025-05-20T22:40:24","modified_gmt":"2025-05-20T22:40:24","slug":"israel-annonce-une-large-operation-terrestre-contre-gaza","status":"publish","type":"post","link":"https:\/\/www.webdo.tn\/fr\/actualite\/international\/israel-annonce-une-large-operation-terrestre-contre-gaza\/209339\/","title":{"rendered":"Isra\u00ebl annonce une large op\u00e9ration terrestre contre Gaza"},"content":{"rendered":"<p>L&rsquo;arm\u00e9e isra\u00e9lienne se pr\u00e9pare \u00e0 \u00e9tendre sa campagne \u00e0 Gaza pour inclure des attaques a\u00e9riennes, maritimes et terrestres.<\/p>\n<p>L&rsquo;arm\u00e9e isra\u00e9lienne a d\u00e9clar\u00e9ce samedi 14 octobre 2023 qu&rsquo;elle se pr\u00e9parait \u00e0 une vaste campagne \u00e0 Gaza et \u00e0 \u00ab la mise en \u0153uvre d&rsquo;un large \u00e9ventail de plans offensifs qui incluent, entre autres, une attaque int\u00e9gr\u00e9e et coordonn\u00e9e par voie a\u00e9rienne, maritime et terrestre \u00bb.<\/p>\n<p>\u00ab\u00a0Les bataillons et les soldats de l&rsquo;arm\u00e9e isra\u00e9lienne sont d\u00e9ploy\u00e9s dans tout le pays et sont pr\u00eats \u00e0 accro\u00eetre leur pr\u00e9paration pour les prochaines \u00e9tapes de la guerre, en mettant l&rsquo;accent sur une op\u00e9ration terrestre significative\u00a0\u00bb, indique le communiqu\u00e9.<\/p>\n","protected":false},"excerpt":{"rendered":"<p>L&rsquo;arm\u00e9e isra\u00e9lienne se pr\u00e9pare \u00e0 \u00e9tendre sa campagne \u00e0 Gaza pour inclure des attaques a\u00e9riennes, maritimes et terrestres.<\/p>\n","protected":false},"author":3175,"featured_media":249071,"comment_status":"open","ping_status":"closed","sticky":false,"template":"","format":"standard","meta":{"footnotes":""},"categories":[2598],"tags":[2689,2636,7679],"class_list":["post-209339","post","type-post","status-publish","format-standard","has-post-thumbnail","hentry","category-international","tag-gaza","tag-israel","tag-operation-terrestre"],"yoast_head":"<!-- This site is optimized with the Yoast SEO Premium plugin v27.5 (Yoast SEO v27.5) - https:\/\/yoast.com\/product\/yoast-seo-premium-wordpress\/ -->\n<title>Isra\u00ebl annonce une large op\u00e9ration terrestre contre Gaza<\/title>\n<meta name=\"description\" content=\"L&#039;arm\u00e9e isra\u00e9lienne se pr\u00e9pare \u00e0 \u00e9tendre sa campagne \u00e0 Gaza pour inclure des attaques a\u00e9riennes, maritimes et terrestres.\" \/>\n<link rel=\"canonical\" href=\"https:\/\/www.webdo.tn\/fr\/actualite\/international\/israel-annonce-une-large-operation-terrestre-contre-gaza\/209339\/\" \/>\n<meta property=\"og:locale\" content=\"fr_FR\" \/>\n<meta property=\"og:type\" content=\"article\" \/>\n<meta property=\"og:title\" content=\"Isra\u00ebl annonce une large op\u00e9ration terrestre contre Gaza\" \/>\n<meta property=\"og:description\" content=\"L&#039;arm\u00e9e isra\u00e9lienne se pr\u00e9pare \u00e0 \u00e9tendre sa campagne \u00e0 Gaza pour inclure des attaques a\u00e9riennes, maritimes et terrestres.\" \/>\n<meta property=\"og:url\" content=\"https:\/\/www.webdo.tn\/fr\/actualite\/international\/israel-annonce-une-large-operation-terrestre-contre-gaza\/209339\/\" \/>\n<meta property=\"og:site_name\" content=\"webdo\" \/>\n<meta property=\"article:publisher\" content=\"https:\/\/www.facebook.com\/webdotn\" \/>\n<meta property=\"article:published_time\" content=\"2023-10-14T17:35:00+00:00\" \/>\n<meta property=\"article:modified_time\" content=\"2025-05-20T22:40:24+00:00\" \/>\n<meta property=\"og:image\" content=\"https:\/\/www.webdo.tn\/fr\/wp-content\/uploads\/2023\/10\/c444504bb191b87ce991f7325a08641b.png\" \/>\n\t<meta property=\"og:image:width\" content=\"750\" \/>\n\t<meta property=\"og:image:height\" content=\"400\" \/>\n\t<meta property=\"og:image:type\" content=\"image\/png\" \/>\n<meta name=\"author\" content=\"CL\" \/>\n<meta name=\"twitter:card\" content=\"summary_large_image\" \/>\n<meta name=\"twitter:creator\" content=\"@webdo_tn\" \/>\n<meta name=\"twitter:site\" content=\"@webdo_tn\" \/>\n<meta name=\"twitter:label1\" content=\"\u00c9crit par\" \/>\n\t<meta name=\"twitter:data1\" content=\"CL\" \/>\n\t<meta name=\"twitter:label2\" content=\"Dur\u00e9e de lecture estim\u00e9e\" \/>\n\t<meta name=\"twitter:data2\" content=\"1 minute\" \/>\n<script type=\"application\/ld+json\" class=\"yoast-schema-graph\">{\"@context\":\"https:\\\/\\\/schema.org\",\"@graph\":[{\"@type\":\"NewsArticle\",\"@id\":\"https:\\\/\\\/www.webdo.tn\\\/fr\\\/actualite\\\/international\\\/israel-annonce-une-large-operation-terrestre-contre-gaza\\\/209339\\\/#article\",\"isPartOf\":{\"@id\":\"https:\\\/\\\/www.webdo.tn\\\/fr\\\/actualite\\\/international\\\/israel-annonce-une-large-operation-terrestre-contre-gaza\\\/209339\\\/\"},\"author\":{\"name\":\"CL\",\"@id\":\"https:\\\/\\\/www.webdo.tn\\\/fr\\\/#\\\/schema\\\/person\\\/f35b42a42c5e2511bbd282959d6385cc\"},\"headline\":\"Isra\u00ebl annonce une large op\u00e9ration terrestre contre Gaza\",\"datePublished\":\"2023-10-14T17:35:00+00:00\",\"dateModified\":\"2025-05-20T22:40:24+00:00\",\"mainEntityOfPage\":{\"@id\":\"https:\\\/\\\/www.webdo.tn\\\/fr\\\/actualite\\\/international\\\/israel-annonce-une-large-operation-terrestre-contre-gaza\\\/209339\\\/\"},\"wordCount\":130,\"commentCount\":0,\"publisher\":{\"@id\":\"https:\\\/\\\/www.webdo.tn\\\/fr\\\/#organization\"},\"image\":{\"@id\":\"https:\\\/\\\/www.webdo.tn\\\/fr\\\/actualite\\\/international\\\/israel-annonce-une-large-operation-terrestre-contre-gaza\\\/209339\\\/#primaryimage\"},\"thumbnailUrl\":\"https:\\\/\\\/www.webdo.tn\\\/fr\\\/wp-content\\\/uploads\\\/2023\\\/10\\\/c444504bb191b87ce991f7325a08641b.png\",\"keywords\":[\"Gaza\",\"isra\u00ebl\",\"Op\u00e9ration terrestre\"],\"articleSection\":[\"International\"],\"inLanguage\":\"fr-FR\"},{\"@type\":\"WebPage\",\"@id\":\"https:\\\/\\\/www.webdo.tn\\\/fr\\\/actualite\\\/international\\\/israel-annonce-une-large-operation-terrestre-contre-gaza\\\/209339\\\/\",\"url\":\"https:\\\/\\\/www.webdo.tn\\\/fr\\\/actualite\\\/international\\\/israel-annonce-une-large-operation-terrestre-contre-gaza\\\/209339\\\/\",\"name\":\"Isra\u00ebl annonce une large op\u00e9ration terrestre contre Gaza\",\"isPartOf\":{\"@id\":\"https:\\\/\\\/www.webdo.tn\\\/fr\\\/#website\"},\"primaryImageOfPage\":{\"@id\":\"https:\\\/\\\/www.webdo.tn\\\/fr\\\/actualite\\\/international\\\/israel-annonce-une-large-operation-terrestre-contre-gaza\\\/209339\\\/#primaryimage\"},\"image\":{\"@id\":\"https:\\\/\\\/www.webdo.tn\\\/fr\\\/actualite\\\/international\\\/israel-annonce-une-large-operation-terrestre-contre-gaza\\\/209339\\\/#primaryimage\"},\"thumbnailUrl\":\"https:\\\/\\\/www.webdo.tn\\\/fr\\\/wp-content\\\/uploads\\\/2023\\\/10\\\/c444504bb191b87ce991f7325a08641b.png\",\"datePublished\":\"2023-10-14T17:35:00+00:00\",\"dateModified\":\"2025-05-20T22:40:24+00:00\",\"description\":\"L'arm\u00e9e isra\u00e9lienne se pr\u00e9pare \u00e0 \u00e9tendre sa campagne \u00e0 Gaza pour inclure des attaques a\u00e9riennes, maritimes et terrestres.\",\"breadcrumb\":{\"@id\":\"https:\\\/\\\/www.webdo.tn\\\/fr\\\/actualite\\\/international\\\/israel-annonce-une-large-operation-terrestre-contre-gaza\\\/209339\\\/#breadcrumb\"},\"inLanguage\":\"fr-FR\",\"potentialAction\":[{\"@type\":\"ReadAction\",\"target\":[\"https:\\\/\\\/www.webdo.tn\\\/fr\\\/actualite\\\/international\\\/israel-annonce-une-large-operation-terrestre-contre-gaza\\\/209339\\\/\"]}]},{\"@type\":\"ImageObject\",\"inLanguage\":\"fr-FR\",\"@id\":\"https:\\\/\\\/www.webdo.tn\\\/fr\\\/actualite\\\/international\\\/israel-annonce-une-large-operation-terrestre-contre-gaza\\\/209339\\\/#primaryimage\",\"url\":\"https:\\\/\\\/www.webdo.tn\\\/fr\\\/wp-content\\\/uploads\\\/2023\\\/10\\\/c444504bb191b87ce991f7325a08641b.png\",\"contentUrl\":\"https:\\\/\\\/www.webdo.tn\\\/fr\\\/wp-content\\\/uploads\\\/2023\\\/10\\\/c444504bb191b87ce991f7325a08641b.png\",\"width\":750,\"height\":400,\"caption\":\"Isra\u00ebl annonce une large op\u00e9ration terrestre contre Gaza\"},{\"@type\":\"BreadcrumbList\",\"@id\":\"https:\\\/\\\/www.webdo.tn\\\/fr\\\/actualite\\\/international\\\/israel-annonce-une-large-operation-terrestre-contre-gaza\\\/209339\\\/#breadcrumb\",\"itemListElement\":[{\"@type\":\"ListItem\",\"position\":1,\"name\":\"Accueil\",\"item\":\"https:\\\/\\\/www.webdo.tn\\\/fr\\\/\"},{\"@type\":\"ListItem\",\"position\":2,\"name\":\"Isra\u00ebl annonce une large op\u00e9ration terrestre contre Gaza\"}]},{\"@type\":\"WebSite\",\"@id\":\"https:\\\/\\\/www.webdo.tn\\\/fr\\\/#website\",\"url\":\"https:\\\/\\\/www.webdo.tn\\\/fr\\\/\",\"name\":\"webdo\",\"description\":\"Tunisie - News en Tunisie et \u00e0 l&#039;international sur Webdo.tn\",\"publisher\":{\"@id\":\"https:\\\/\\\/www.webdo.tn\\\/fr\\\/#organization\"},\"potentialAction\":[{\"@type\":\"SearchAction\",\"target\":{\"@type\":\"EntryPoint\",\"urlTemplate\":\"https:\\\/\\\/www.webdo.tn\\\/fr\\\/?s={search_term_string}\"},\"query-input\":{\"@type\":\"PropertyValueSpecification\",\"valueRequired\":true,\"valueName\":\"search_term_string\"}}],\"inLanguage\":\"fr-FR\"},{\"@type\":\"Organization\",\"@id\":\"https:\\\/\\\/www.webdo.tn\\\/fr\\\/#organization\",\"name\":\"Webdo\",\"alternateName\":\"Webdo.tn\",\"url\":\"https:\\\/\\\/www.webdo.tn\\\/fr\\\/\",\"logo\":{\"@type\":\"ImageObject\",\"inLanguage\":\"fr-FR\",\"@id\":\"https:\\\/\\\/www.webdo.tn\\\/fr\\\/#\\\/schema\\\/logo\\\/image\\\/\",\"url\":\"https:\\\/\\\/www.webdo.tn\\\/fr\\\/wp-content\\\/uploads\\\/2025\\\/06\\\/Webdo-Tunisie_168377.jpg\",\"contentUrl\":\"https:\\\/\\\/www.webdo.tn\\\/fr\\\/wp-content\\\/uploads\\\/2025\\\/06\\\/Webdo-Tunisie_168377.jpg\",\"width\":301,\"height\":301,\"caption\":\"Webdo\"},\"image\":{\"@id\":\"https:\\\/\\\/www.webdo.tn\\\/fr\\\/#\\\/schema\\\/logo\\\/image\\\/\"},\"sameAs\":[\"https:\\\/\\\/www.facebook.com\\\/webdotn\",\"https:\\\/\\\/x.com\\\/webdo_tn\"],\"description\":\"Webdo est un m\u00e9dia num\u00e9rique tunisien fond\u00e9 en 2010, sp\u00e9cialis\u00e9 dans l\u2019actualit\u00e9 nationale et internationale, l\u2019\u00e9conomie, la soci\u00e9t\u00e9 et les analyses politiques. Le site s\u2019adresse \u00e0 un large public francophone et couvre l\u2019information tunisienne en temps r\u00e9el.\",\"email\":\"redac@webdo.tn\",\"legalName\":\"YNJ SARL\",\"foundingDate\":\"2010-09-06\",\"numberOfEmployees\":{\"@type\":\"QuantitativeValue\",\"minValue\":\"11\",\"maxValue\":\"50\"}},{\"@type\":\"Person\",\"@id\":\"https:\\\/\\\/www.webdo.tn\\\/fr\\\/#\\\/schema\\\/person\\\/f35b42a42c5e2511bbd282959d6385cc\",\"name\":\"CL\",\"image\":{\"@type\":\"ImageObject\",\"inLanguage\":\"fr-FR\",\"@id\":\"https:\\\/\\\/secure.gravatar.com\\\/avatar\\\/1447a49909b67aa657c488aec6512e1dd6143a480c1ecfee9b5b5cd74eb3b59e?s=96&d=mm&r=g\",\"url\":\"https:\\\/\\\/secure.gravatar.com\\\/avatar\\\/1447a49909b67aa657c488aec6512e1dd6143a480c1ecfee9b5b5cd74eb3b59e?s=96&d=mm&r=g\",\"contentUrl\":\"https:\\\/\\\/secure.gravatar.com\\\/avatar\\\/1447a49909b67aa657c488aec6512e1dd6143a480c1ecfee9b5b5cd74eb3b59e?s=96&d=mm&r=g\",\"caption\":\"CL\"},\"url\":\"https:\\\/\\\/www.webdo.tn\\\/fr\\\/actualite\\\/author\\\/cl\\\/\"}]}<\/script>\n<!-- \/ Yoast SEO Premium plugin. -->","yoast_head_json":{"title":"Isra\u00ebl annonce une large op\u00e9ration terrestre contre Gaza","description":"L'arm\u00e9e isra\u00e9lienne se pr\u00e9pare \u00e0 \u00e9tendre sa campagne \u00e0 Gaza pour inclure des attaques a\u00e9riennes, maritimes et terrestres.","canonical":"https:\/\/www.webdo.tn\/fr\/actualite\/international\/israel-annonce-une-large-operation-terrestre-contre-gaza\/209339\/","og_locale":"fr_FR","og_type":"article","og_title":"Isra\u00ebl annonce une large op\u00e9ration terrestre contre Gaza","og_description":"L'arm\u00e9e isra\u00e9lienne se pr\u00e9pare \u00e0 \u00e9tendre sa campagne \u00e0 Gaza pour inclure des attaques a\u00e9riennes, maritimes et terrestres.","og_url":"https:\/\/www.webdo.tn\/fr\/actualite\/international\/israel-annonce-une-large-operation-terrestre-contre-gaza\/209339\/","og_site_name":"webdo","article_publisher":"https:\/\/www.facebook.com\/webdotn","article_published_time":"2023-10-14T17:35:00+00:00","article_modified_time":"2025-05-20T22:40:24+00:00","og_image":[{"width":750,"height":400,"url":"https:\/\/www.webdo.tn\/fr\/wp-content\/uploads\/2023\/10\/c444504bb191b87ce991f7325a08641b.png","type":"image\/png"}],"author":"CL","twitter_card":"summary_large_image","twitter_creator":"@webdo_tn","twitter_site":"@webdo_tn","twitter_misc":{"\u00c9crit par":"CL","Dur\u00e9e de lecture estim\u00e9e":"1 minute"},"schema":{"@context":"https:\/\/schema.org","@graph":[{"@type":"NewsArticle","@id":"https:\/\/www.webdo.tn\/fr\/actualite\/international\/israel-annonce-une-large-operation-terrestre-contre-gaza\/209339\/#article","isPartOf":{"@id":"https:\/\/www.webdo.tn\/fr\/actualite\/international\/israel-annonce-une-large-operation-terrestre-contre-gaza\/209339\/"},"author":{"name":"CL","@id":"https:\/\/www.webdo.tn\/fr\/#\/schema\/person\/f35b42a42c5e2511bbd282959d6385cc"},"headline":"Isra\u00ebl annonce une large op\u00e9ration terrestre contre Gaza","datePublished":"2023-10-14T17:35:00+00:00","dateModified":"2025-05-20T22:40:24+00:00","mainEntityOfPage":{"@id":"https:\/\/www.webdo.tn\/fr\/actualite\/international\/israel-annonce-une-large-operation-terrestre-contre-gaza\/209339\/"},"wordCount":130,"commentCount":0,"publisher":{"@id":"https:\/\/www.webdo.tn\/fr\/#organization"},"image":{"@id":"https:\/\/www.webdo.tn\/fr\/actualite\/international\/israel-annonce-une-large-operation-terrestre-contre-gaza\/209339\/#primaryimage"},"thumbnailUrl":"https:\/\/www.webdo.tn\/fr\/wp-content\/uploads\/2023\/10\/c444504bb191b87ce991f7325a08641b.png","keywords":["Gaza","isra\u00ebl","Op\u00e9ration terrestre"],"articleSection":["International"],"inLanguage":"fr-FR"},{"@type":"WebPage","@id":"https:\/\/www.webdo.tn\/fr\/actualite\/international\/israel-annonce-une-large-operation-terrestre-contre-gaza\/209339\/","url":"https:\/\/www.webdo.tn\/fr\/actualite\/international\/israel-annonce-une-large-operation-terrestre-contre-gaza\/209339\/","name":"Isra\u00ebl annonce une large op\u00e9ration terrestre contre Gaza","isPartOf":{"@id":"https:\/\/www.webdo.tn\/fr\/#website"},"primaryImageOfPage":{"@id":"https:\/\/www.webdo.tn\/fr\/actualite\/international\/israel-annonce-une-large-operation-terrestre-contre-gaza\/209339\/#primaryimage"},"image":{"@id":"https:\/\/www.webdo.tn\/fr\/actualite\/international\/israel-annonce-une-large-operation-terrestre-contre-gaza\/209339\/#primaryimage"},"thumbnailUrl":"https:\/\/www.webdo.tn\/fr\/wp-content\/uploads\/2023\/10\/c444504bb191b87ce991f7325a08641b.png","datePublished":"2023-10-14T17:35:00+00:00","dateModified":"2025-05-20T22:40:24+00:00","description":"L'arm\u00e9e isra\u00e9lienne se pr\u00e9pare \u00e0 \u00e9tendre sa campagne \u00e0 Gaza pour inclure des attaques a\u00e9riennes, maritimes et terrestres.","breadcrumb":{"@id":"https:\/\/www.webdo.tn\/fr\/actualite\/international\/israel-annonce-une-large-operation-terrestre-contre-gaza\/209339\/#breadcrumb"},"inLanguage":"fr-FR","potentialAction":[{"@type":"ReadAction","target":["https:\/\/www.webdo.tn\/fr\/actualite\/international\/israel-annonce-une-large-operation-terrestre-contre-gaza\/209339\/"]}]},{"@type":"ImageObject","inLanguage":"fr-FR","@id":"https:\/\/www.webdo.tn\/fr\/actualite\/international\/israel-annonce-une-large-operation-terrestre-contre-gaza\/209339\/#primaryimage","url":"https:\/\/www.webdo.tn\/fr\/wp-content\/uploads\/2023\/10\/c444504bb191b87ce991f7325a08641b.png","contentUrl":"https:\/\/www.webdo.tn\/fr\/wp-content\/uploads\/2023\/10\/c444504bb191b87ce991f7325a08641b.png","width":750,"height":400,"caption":"Isra\u00ebl annonce une large op\u00e9ration terrestre contre Gaza"},{"@type":"BreadcrumbList","@id":"https:\/\/www.webdo.tn\/fr\/actualite\/international\/israel-annonce-une-large-operation-terrestre-contre-gaza\/209339\/#breadcrumb","itemListElement":[{"@type":"ListItem","position":1,"name":"Accueil","item":"https:\/\/www.webdo.tn\/fr\/"},{"@type":"ListItem","position":2,"name":"Isra\u00ebl annonce une large op\u00e9ration terrestre contre Gaza"}]},{"@type":"WebSite","@id":"https:\/\/www.webdo.tn\/fr\/#website","url":"https:\/\/www.webdo.tn\/fr\/","name":"webdo","description":"Tunisie - News en Tunisie et \u00e0 l&#039;international sur Webdo.tn","publisher":{"@id":"https:\/\/www.webdo.tn\/fr\/#organization"},"potentialAction":[{"@type":"SearchAction","target":{"@type":"EntryPoint","urlTemplate":"https:\/\/www.webdo.tn\/fr\/?s={search_term_string}"},"query-input":{"@type":"PropertyValueSpecification","valueRequired":true,"valueName":"search_term_string"}}],"inLanguage":"fr-FR"},{"@type":"Organization","@id":"https:\/\/www.webdo.tn\/fr\/#organization","name":"Webdo","alternateName":"Webdo.tn","url":"https:\/\/www.webdo.tn\/fr\/","logo":{"@type":"ImageObject","inLanguage":"fr-FR","@id":"https:\/\/www.webdo.tn\/fr\/#\/schema\/logo\/image\/","url":"https:\/\/www.webdo.tn\/fr\/wp-content\/uploads\/2025\/06\/Webdo-Tunisie_168377.jpg","contentUrl":"https:\/\/www.webdo.tn\/fr\/wp-content\/uploads\/2025\/06\/Webdo-Tunisie_168377.jpg","width":301,"height":301,"caption":"Webdo"},"image":{"@id":"https:\/\/www.webdo.tn\/fr\/#\/schema\/logo\/image\/"},"sameAs":["https:\/\/www.facebook.com\/webdotn","https:\/\/x.com\/webdo_tn"],"description":"Webdo est un m\u00e9dia num\u00e9rique tunisien fond\u00e9 en 2010, sp\u00e9cialis\u00e9 dans l\u2019actualit\u00e9 nationale et internationale, l\u2019\u00e9conomie, la soci\u00e9t\u00e9 et les analyses politiques. Le site s\u2019adresse \u00e0 un large public francophone et couvre l\u2019information tunisienne en temps r\u00e9el.","email":"redac@webdo.tn","legalName":"YNJ SARL","foundingDate":"2010-09-06","numberOfEmployees":{"@type":"QuantitativeValue","minValue":"11","maxValue":"50"}},{"@type":"Person","@id":"https:\/\/www.webdo.tn\/fr\/#\/schema\/person\/f35b42a42c5e2511bbd282959d6385cc","name":"CL","image":{"@type":"ImageObject","inLanguage":"fr-FR","@id":"https:\/\/secure.gravatar.com\/avatar\/1447a49909b67aa657c488aec6512e1dd6143a480c1ecfee9b5b5cd74eb3b59e?s=96&d=mm&r=g","url":"https:\/\/secure.gravatar.com\/avatar\/1447a49909b67aa657c488aec6512e1dd6143a480c1ecfee9b5b5cd74eb3b59e?s=96&d=mm&r=g","contentUrl":"https:\/\/secure.gravatar.com\/avatar\/1447a49909b67aa657c488aec6512e1dd6143a480c1ecfee9b5b5cd74eb3b59e?s=96&d=mm&r=g","caption":"CL"},"url":"https:\/\/www.webdo.tn\/fr\/actualite\/author\/cl\/"}]}},"_links":{"self":[{"href":"https:\/\/www.webdo.tn\/fr\/wp-json\/wp\/v2\/posts\/209339","targetHints":{"allow":["GET"]}}],"collection":[{"href":"https:\/\/www.webdo.tn\/fr\/wp-json\/wp\/v2\/posts"}],"about":[{"href":"https:\/\/www.webdo.tn\/fr\/wp-json\/wp\/v2\/types\/post"}],"author":[{"embeddable":true,"href":"https:\/\/www.webdo.tn\/fr\/wp-json\/wp\/v2\/users\/3175"}],"replies":[{"embeddable":true,"href":"https:\/\/www.webdo.tn\/fr\/wp-json\/wp\/v2\/comments?post=209339"}],"version-history":[{"count":0,"href":"https:\/\/www.webdo.tn\/fr\/wp-json\/wp\/v2\/posts\/209339\/revisions"}],"wp:featuredmedia":[{"embeddable":true,"href":"https:\/\/www.webdo.tn\/fr\/wp-json\/wp\/v2\/media\/249071"}],"wp:attachment":[{"href":"https:\/\/www.webdo.tn\/fr\/wp-json\/wp\/v2\/media?parent=209339"}],"wp:term":[{"taxonomy":"category","embeddable":true,"href":"https:\/\/www.webdo.tn\/fr\/wp-json\/wp\/v2\/categories?post=209339"},{"taxonomy":"post_tag","embeddable":true,"href":"https:\/\/www.webdo.tn\/fr\/wp-json\/wp\/v2\/tags?post=209339"}],"curies":[{"name":"wp","href":"https:\/\/api.w.org\/{rel}","templated":true}]}}