{"id":209338,"date":"2023-10-14T12:22:00","date_gmt":"2023-10-14T12:22:00","guid":{"rendered":"https:\/\/www.webdo.tn\/fr\/blog\/palestine-le-bilan-s-alourdit-a-plus-de-2200-martyrs-dont-315-tues-en-une-matinee\/209338\/"},"modified":"2025-05-20T21:56:51","modified_gmt":"2025-05-20T21:56:51","slug":"palestine-le-bilan-s-alourdit-a-plus-de-2200-martyrs-dont-315-tues-en-une-matinee","status":"publish","type":"post","link":"https:\/\/www.webdo.tn\/fr\/actualite\/international\/palestine-le-bilan-s-alourdit-a-plus-de-2200-martyrs-dont-315-tues-en-une-matinee\/209338\/","title":{"rendered":"Palestine : Le bilan s\u2019alourdit \u00e0 plus de 2200 martyrs dont 315 tu\u00e9s en une matin\u00e9e"},"content":{"rendered":"<p>Les bombardements isra\u00e9liens sur Gaza s\u2019intensifient. Pour la seule matin\u00e9e de ce samedi 14 octobre 2023, plus de 300 Palestiniens sont tomb\u00e9s en martyrs dont 90 enfants.<\/p>\n<p>\t\t\t\t\t\t\t\t\tC\u2019est l\u2019h\u00e9catombe attendue dans la bande de Gaza o\u00f9 le bilan des civils palestiniens tu\u00e9s s\u2019alourdit d\u2019heure en heure.<\/p>\n<p>Les h\u00f4pitaux de Gaza ont annonc\u00e9 que 315 Palestiniens sont tomb\u00e9s en martyrs depuis la matin\u00e9e de ce samedi 14 octobre 2023, lors de bombardements isra\u00e9liens. Parmi les victimes figurent 90 enfants et 107 femmes, ainsi que 1788 bless\u00e9s.<\/p>\n<p>Les avions de guerre isra\u00e9liens m\u00e8nent une s\u00e9rie de raids a\u00e9riens dans toute la bande de Gaza, ciblant les habitations, mais aussi les h\u00f4pitaux \u00e0 l\u2019heure o\u00f9 Isra\u00ebl se pr\u00e9pare \u00e0 une offensive terrestre \u00e0 Gaza et o\u00f9 des milliers de Palestiniens sont en train de fuir vers le sud.<\/p>\n<p>Le bilan des martyrs palestiniens dans la bande de Gaza et en Cisjordanie s\u2019alourdit ainsi \u00e0 2215 tu\u00e9s dont 724 enfants et 458 femmes, ainsi que 8714 bless\u00e9s, dont 2450 enfants et 1536 femmes, depuis le d\u00e9but de l\u2019agression isra\u00e9lienne, et huiti\u00e8me jour de la guerre que se livrent le Hamas et Isra\u00ebl.<\/p>\n<p>Par ailleurs, un haut responsable militaire du Hamas a \u00e9t\u00e9 abattu par l&rsquo;arm\u00e9e de l&rsquo;air isra\u00e9lienne, au cours des 24 derni\u00e8res heures. Il s\u2019agit de Mourad Abou Mourad, chef des op\u00e9rations a\u00e9riennes du Hamas dans la ville de Gaza, responsable d&rsquo;une grande partie de l&rsquo;offensive lanc\u00e9e samedi dernier contre Isra\u00ebl.<\/p>\n","protected":false},"excerpt":{"rendered":"<p>C\u2019est l\u2019h\u00e9catombe attendue dans la bande de Gaza o\u00f9 le bilan des civils palestiniens tu\u00e9s s\u2019alourdit d\u2019heure en heure.<\/p>\n","protected":false},"author":3162,"featured_media":249070,"comment_status":"open","ping_status":"closed","sticky":false,"template":"","format":"standard","meta":{"footnotes":""},"categories":[2598],"tags":[5941,2689,3349,2636,4472,3208],"class_list":["post-209338","post","type-post","status-publish","format-standard","has-post-thumbnail","hentry","category-international","tag-bilan","tag-gaza","tag-hamas","tag-israel","tag-martyrs","tag-morts"],"yoast_head":"<!-- This site is optimized with the Yoast SEO Premium plugin v27.5 (Yoast SEO v27.5) - https:\/\/yoast.com\/product\/yoast-seo-premium-wordpress\/ -->\n<title>Palestine : Le bilan s\u2019alourdit \u00e0 plus de 2200 martyrs dont 315 tu\u00e9s en une matin\u00e9e<\/title>\n<meta name=\"description\" content=\"C\u2019est l\u2019h\u00e9catombe attendue dans la bande de Gaza o\u00f9 le bilan des civils palestiniens tu\u00e9s s\u2019alourdit d\u2019heure en heure.\" \/>\n<link rel=\"canonical\" href=\"https:\/\/www.webdo.tn\/fr\/actualite\/international\/palestine-le-bilan-s-alourdit-a-plus-de-2200-martyrs-dont-315-tues-en-une-matinee\/209338\/\" \/>\n<meta property=\"og:locale\" content=\"fr_FR\" \/>\n<meta property=\"og:type\" content=\"article\" \/>\n<meta property=\"og:title\" content=\"Palestine : Le bilan s\u2019alourdit \u00e0 plus de 2200 martyrs dont 315 tu\u00e9s en une matin\u00e9e\" \/>\n<meta property=\"og:description\" content=\"C\u2019est l\u2019h\u00e9catombe attendue dans la bande de Gaza o\u00f9 le bilan des civils palestiniens tu\u00e9s s\u2019alourdit d\u2019heure en heure.\" \/>\n<meta property=\"og:url\" content=\"https:\/\/www.webdo.tn\/fr\/actualite\/international\/palestine-le-bilan-s-alourdit-a-plus-de-2200-martyrs-dont-315-tues-en-une-matinee\/209338\/\" \/>\n<meta property=\"og:site_name\" content=\"webdo\" \/>\n<meta property=\"article:publisher\" content=\"https:\/\/www.facebook.com\/webdotn\" \/>\n<meta property=\"article:published_time\" content=\"2023-10-14T12:22:00+00:00\" \/>\n<meta property=\"article:modified_time\" content=\"2025-05-20T21:56:51+00:00\" \/>\n<meta property=\"og:image\" content=\"https:\/\/www.webdo.tn\/fr\/wp-content\/uploads\/2023\/10\/04e17a6a866334a3514ee9bac7ff475d.jpg\" \/>\n\t<meta property=\"og:image:width\" content=\"750\" \/>\n\t<meta property=\"og:image:height\" content=\"400\" \/>\n\t<meta property=\"og:image:type\" content=\"image\/jpeg\" \/>\n<meta name=\"author\" content=\"MC\" \/>\n<meta name=\"twitter:card\" content=\"summary_large_image\" \/>\n<meta name=\"twitter:creator\" content=\"@webdo_tn\" \/>\n<meta name=\"twitter:site\" content=\"@webdo_tn\" \/>\n<meta name=\"twitter:label1\" content=\"\u00c9crit par\" \/>\n\t<meta name=\"twitter:data1\" content=\"MC\" \/>\n\t<meta name=\"twitter:label2\" content=\"Dur\u00e9e de lecture estim\u00e9e\" \/>\n\t<meta name=\"twitter:data2\" content=\"1 minute\" \/>\n<script type=\"application\/ld+json\" class=\"yoast-schema-graph\">{\"@context\":\"https:\\\/\\\/schema.org\",\"@graph\":[{\"@type\":\"NewsArticle\",\"@id\":\"https:\\\/\\\/www.webdo.tn\\\/fr\\\/actualite\\\/international\\\/palestine-le-bilan-s-alourdit-a-plus-de-2200-martyrs-dont-315-tues-en-une-matinee\\\/209338\\\/#article\",\"isPartOf\":{\"@id\":\"https:\\\/\\\/www.webdo.tn\\\/fr\\\/actualite\\\/international\\\/palestine-le-bilan-s-alourdit-a-plus-de-2200-martyrs-dont-315-tues-en-une-matinee\\\/209338\\\/\"},\"author\":{\"name\":\"MC\",\"@id\":\"https:\\\/\\\/www.webdo.tn\\\/fr\\\/#\\\/schema\\\/person\\\/2c4929cbf5a809e3bd38617c6ce150f6\"},\"headline\":\"Palestine : Le bilan s\u2019alourdit \u00e0 plus de 2200 martyrs dont 315 tu\u00e9s en une matin\u00e9e\",\"datePublished\":\"2023-10-14T12:22:00+00:00\",\"dateModified\":\"2025-05-20T21:56:51+00:00\",\"mainEntityOfPage\":{\"@id\":\"https:\\\/\\\/www.webdo.tn\\\/fr\\\/actualite\\\/international\\\/palestine-le-bilan-s-alourdit-a-plus-de-2200-martyrs-dont-315-tues-en-une-matinee\\\/209338\\\/\"},\"wordCount\":275,\"commentCount\":0,\"publisher\":{\"@id\":\"https:\\\/\\\/www.webdo.tn\\\/fr\\\/#organization\"},\"image\":{\"@id\":\"https:\\\/\\\/www.webdo.tn\\\/fr\\\/actualite\\\/international\\\/palestine-le-bilan-s-alourdit-a-plus-de-2200-martyrs-dont-315-tues-en-une-matinee\\\/209338\\\/#primaryimage\"},\"thumbnailUrl\":\"https:\\\/\\\/www.webdo.tn\\\/fr\\\/wp-content\\\/uploads\\\/2023\\\/10\\\/04e17a6a866334a3514ee9bac7ff475d.jpg\",\"keywords\":[\"bilan\",\"Gaza\",\"hamas\",\"isra\u00ebl\",\"Martyrs\",\"morts\"],\"articleSection\":[\"International\"],\"inLanguage\":\"fr-FR\"},{\"@type\":\"WebPage\",\"@id\":\"https:\\\/\\\/www.webdo.tn\\\/fr\\\/actualite\\\/international\\\/palestine-le-bilan-s-alourdit-a-plus-de-2200-martyrs-dont-315-tues-en-une-matinee\\\/209338\\\/\",\"url\":\"https:\\\/\\\/www.webdo.tn\\\/fr\\\/actualite\\\/international\\\/palestine-le-bilan-s-alourdit-a-plus-de-2200-martyrs-dont-315-tues-en-une-matinee\\\/209338\\\/\",\"name\":\"Palestine : Le bilan s\u2019alourdit \u00e0 plus de 2200 martyrs dont 315 tu\u00e9s en une matin\u00e9e\",\"isPartOf\":{\"@id\":\"https:\\\/\\\/www.webdo.tn\\\/fr\\\/#website\"},\"primaryImageOfPage\":{\"@id\":\"https:\\\/\\\/www.webdo.tn\\\/fr\\\/actualite\\\/international\\\/palestine-le-bilan-s-alourdit-a-plus-de-2200-martyrs-dont-315-tues-en-une-matinee\\\/209338\\\/#primaryimage\"},\"image\":{\"@id\":\"https:\\\/\\\/www.webdo.tn\\\/fr\\\/actualite\\\/international\\\/palestine-le-bilan-s-alourdit-a-plus-de-2200-martyrs-dont-315-tues-en-une-matinee\\\/209338\\\/#primaryimage\"},\"thumbnailUrl\":\"https:\\\/\\\/www.webdo.tn\\\/fr\\\/wp-content\\\/uploads\\\/2023\\\/10\\\/04e17a6a866334a3514ee9bac7ff475d.jpg\",\"datePublished\":\"2023-10-14T12:22:00+00:00\",\"dateModified\":\"2025-05-20T21:56:51+00:00\",\"description\":\"C\u2019est l\u2019h\u00e9catombe attendue dans la bande de Gaza o\u00f9 le bilan des civils palestiniens tu\u00e9s s\u2019alourdit d\u2019heure en heure.\",\"breadcrumb\":{\"@id\":\"https:\\\/\\\/www.webdo.tn\\\/fr\\\/actualite\\\/international\\\/palestine-le-bilan-s-alourdit-a-plus-de-2200-martyrs-dont-315-tues-en-une-matinee\\\/209338\\\/#breadcrumb\"},\"inLanguage\":\"fr-FR\",\"potentialAction\":[{\"@type\":\"ReadAction\",\"target\":[\"https:\\\/\\\/www.webdo.tn\\\/fr\\\/actualite\\\/international\\\/palestine-le-bilan-s-alourdit-a-plus-de-2200-martyrs-dont-315-tues-en-une-matinee\\\/209338\\\/\"]}]},{\"@type\":\"ImageObject\",\"inLanguage\":\"fr-FR\",\"@id\":\"https:\\\/\\\/www.webdo.tn\\\/fr\\\/actualite\\\/international\\\/palestine-le-bilan-s-alourdit-a-plus-de-2200-martyrs-dont-315-tues-en-une-matinee\\\/209338\\\/#primaryimage\",\"url\":\"https:\\\/\\\/www.webdo.tn\\\/fr\\\/wp-content\\\/uploads\\\/2023\\\/10\\\/04e17a6a866334a3514ee9bac7ff475d.jpg\",\"contentUrl\":\"https:\\\/\\\/www.webdo.tn\\\/fr\\\/wp-content\\\/uploads\\\/2023\\\/10\\\/04e17a6a866334a3514ee9bac7ff475d.jpg\",\"width\":750,\"height\":400,\"caption\":\"Palestine : Le bilan s\u2019alourdit \u00e0 plus de 2200 martyrs dont 315 tu\u00e9s en une matin\u00e9e\"},{\"@type\":\"BreadcrumbList\",\"@id\":\"https:\\\/\\\/www.webdo.tn\\\/fr\\\/actualite\\\/international\\\/palestine-le-bilan-s-alourdit-a-plus-de-2200-martyrs-dont-315-tues-en-une-matinee\\\/209338\\\/#breadcrumb\",\"itemListElement\":[{\"@type\":\"ListItem\",\"position\":1,\"name\":\"Accueil\",\"item\":\"https:\\\/\\\/www.webdo.tn\\\/fr\\\/\"},{\"@type\":\"ListItem\",\"position\":2,\"name\":\"Palestine : Le bilan s\u2019alourdit \u00e0 plus de 2200 martyrs dont 315 tu\u00e9s en une matin\u00e9e\"}]},{\"@type\":\"WebSite\",\"@id\":\"https:\\\/\\\/www.webdo.tn\\\/fr\\\/#website\",\"url\":\"https:\\\/\\\/www.webdo.tn\\\/fr\\\/\",\"name\":\"webdo\",\"description\":\"Tunisie - News en Tunisie et \u00e0 l&#039;international sur Webdo.tn\",\"publisher\":{\"@id\":\"https:\\\/\\\/www.webdo.tn\\\/fr\\\/#organization\"},\"potentialAction\":[{\"@type\":\"SearchAction\",\"target\":{\"@type\":\"EntryPoint\",\"urlTemplate\":\"https:\\\/\\\/www.webdo.tn\\\/fr\\\/?s={search_term_string}\"},\"query-input\":{\"@type\":\"PropertyValueSpecification\",\"valueRequired\":true,\"valueName\":\"search_term_string\"}}],\"inLanguage\":\"fr-FR\"},{\"@type\":\"Organization\",\"@id\":\"https:\\\/\\\/www.webdo.tn\\\/fr\\\/#organization\",\"name\":\"Webdo\",\"alternateName\":\"Webdo.tn\",\"url\":\"https:\\\/\\\/www.webdo.tn\\\/fr\\\/\",\"logo\":{\"@type\":\"ImageObject\",\"inLanguage\":\"fr-FR\",\"@id\":\"https:\\\/\\\/www.webdo.tn\\\/fr\\\/#\\\/schema\\\/logo\\\/image\\\/\",\"url\":\"https:\\\/\\\/www.webdo.tn\\\/fr\\\/wp-content\\\/uploads\\\/2025\\\/06\\\/Webdo-Tunisie_168377.jpg\",\"contentUrl\":\"https:\\\/\\\/www.webdo.tn\\\/fr\\\/wp-content\\\/uploads\\\/2025\\\/06\\\/Webdo-Tunisie_168377.jpg\",\"width\":301,\"height\":301,\"caption\":\"Webdo\"},\"image\":{\"@id\":\"https:\\\/\\\/www.webdo.tn\\\/fr\\\/#\\\/schema\\\/logo\\\/image\\\/\"},\"sameAs\":[\"https:\\\/\\\/www.facebook.com\\\/webdotn\",\"https:\\\/\\\/x.com\\\/webdo_tn\"],\"description\":\"Webdo est un m\u00e9dia num\u00e9rique tunisien fond\u00e9 en 2010, sp\u00e9cialis\u00e9 dans l\u2019actualit\u00e9 nationale et internationale, l\u2019\u00e9conomie, la soci\u00e9t\u00e9 et les analyses politiques. Le site s\u2019adresse \u00e0 un large public francophone et couvre l\u2019information tunisienne en temps r\u00e9el.\",\"email\":\"redac@webdo.tn\",\"legalName\":\"YNJ SARL\",\"foundingDate\":\"2010-09-06\",\"numberOfEmployees\":{\"@type\":\"QuantitativeValue\",\"minValue\":\"11\",\"maxValue\":\"50\"}},{\"@type\":\"Person\",\"@id\":\"https:\\\/\\\/www.webdo.tn\\\/fr\\\/#\\\/schema\\\/person\\\/2c4929cbf5a809e3bd38617c6ce150f6\",\"name\":\"MC\",\"image\":{\"@type\":\"ImageObject\",\"inLanguage\":\"fr-FR\",\"@id\":\"https:\\\/\\\/secure.gravatar.com\\\/avatar\\\/a545bbb6f84efdd5553dbbc2895e3ca8f1d12c5215e00a041c9670b54aa9b18a?s=96&d=mm&r=g\",\"url\":\"https:\\\/\\\/secure.gravatar.com\\\/avatar\\\/a545bbb6f84efdd5553dbbc2895e3ca8f1d12c5215e00a041c9670b54aa9b18a?s=96&d=mm&r=g\",\"contentUrl\":\"https:\\\/\\\/secure.gravatar.com\\\/avatar\\\/a545bbb6f84efdd5553dbbc2895e3ca8f1d12c5215e00a041c9670b54aa9b18a?s=96&d=mm&r=g\",\"caption\":\"MC\"},\"url\":\"https:\\\/\\\/www.webdo.tn\\\/fr\\\/actualite\\\/author\\\/mc\\\/\"}]}<\/script>\n<!-- \/ Yoast SEO Premium plugin. -->","yoast_head_json":{"title":"Palestine : Le bilan s\u2019alourdit \u00e0 plus de 2200 martyrs dont 315 tu\u00e9s en une matin\u00e9e","description":"C\u2019est l\u2019h\u00e9catombe attendue dans la bande de Gaza o\u00f9 le bilan des civils palestiniens tu\u00e9s s\u2019alourdit d\u2019heure en heure.","canonical":"https:\/\/www.webdo.tn\/fr\/actualite\/international\/palestine-le-bilan-s-alourdit-a-plus-de-2200-martyrs-dont-315-tues-en-une-matinee\/209338\/","og_locale":"fr_FR","og_type":"article","og_title":"Palestine : Le bilan s\u2019alourdit \u00e0 plus de 2200 martyrs dont 315 tu\u00e9s en une matin\u00e9e","og_description":"C\u2019est l\u2019h\u00e9catombe attendue dans la bande de Gaza o\u00f9 le bilan des civils palestiniens tu\u00e9s s\u2019alourdit d\u2019heure en heure.","og_url":"https:\/\/www.webdo.tn\/fr\/actualite\/international\/palestine-le-bilan-s-alourdit-a-plus-de-2200-martyrs-dont-315-tues-en-une-matinee\/209338\/","og_site_name":"webdo","article_publisher":"https:\/\/www.facebook.com\/webdotn","article_published_time":"2023-10-14T12:22:00+00:00","article_modified_time":"2025-05-20T21:56:51+00:00","og_image":[{"width":750,"height":400,"url":"https:\/\/www.webdo.tn\/fr\/wp-content\/uploads\/2023\/10\/04e17a6a866334a3514ee9bac7ff475d.jpg","type":"image\/jpeg"}],"author":"MC","twitter_card":"summary_large_image","twitter_creator":"@webdo_tn","twitter_site":"@webdo_tn","twitter_misc":{"\u00c9crit par":"MC","Dur\u00e9e de lecture estim\u00e9e":"1 minute"},"schema":{"@context":"https:\/\/schema.org","@graph":[{"@type":"NewsArticle","@id":"https:\/\/www.webdo.tn\/fr\/actualite\/international\/palestine-le-bilan-s-alourdit-a-plus-de-2200-martyrs-dont-315-tues-en-une-matinee\/209338\/#article","isPartOf":{"@id":"https:\/\/www.webdo.tn\/fr\/actualite\/international\/palestine-le-bilan-s-alourdit-a-plus-de-2200-martyrs-dont-315-tues-en-une-matinee\/209338\/"},"author":{"name":"MC","@id":"https:\/\/www.webdo.tn\/fr\/#\/schema\/person\/2c4929cbf5a809e3bd38617c6ce150f6"},"headline":"Palestine : Le bilan s\u2019alourdit \u00e0 plus de 2200 martyrs dont 315 tu\u00e9s en une matin\u00e9e","datePublished":"2023-10-14T12:22:00+00:00","dateModified":"2025-05-20T21:56:51+00:00","mainEntityOfPage":{"@id":"https:\/\/www.webdo.tn\/fr\/actualite\/international\/palestine-le-bilan-s-alourdit-a-plus-de-2200-martyrs-dont-315-tues-en-une-matinee\/209338\/"},"wordCount":275,"commentCount":0,"publisher":{"@id":"https:\/\/www.webdo.tn\/fr\/#organization"},"image":{"@id":"https:\/\/www.webdo.tn\/fr\/actualite\/international\/palestine-le-bilan-s-alourdit-a-plus-de-2200-martyrs-dont-315-tues-en-une-matinee\/209338\/#primaryimage"},"thumbnailUrl":"https:\/\/www.webdo.tn\/fr\/wp-content\/uploads\/2023\/10\/04e17a6a866334a3514ee9bac7ff475d.jpg","keywords":["bilan","Gaza","hamas","isra\u00ebl","Martyrs","morts"],"articleSection":["International"],"inLanguage":"fr-FR"},{"@type":"WebPage","@id":"https:\/\/www.webdo.tn\/fr\/actualite\/international\/palestine-le-bilan-s-alourdit-a-plus-de-2200-martyrs-dont-315-tues-en-une-matinee\/209338\/","url":"https:\/\/www.webdo.tn\/fr\/actualite\/international\/palestine-le-bilan-s-alourdit-a-plus-de-2200-martyrs-dont-315-tues-en-une-matinee\/209338\/","name":"Palestine : Le bilan s\u2019alourdit \u00e0 plus de 2200 martyrs dont 315 tu\u00e9s en une matin\u00e9e","isPartOf":{"@id":"https:\/\/www.webdo.tn\/fr\/#website"},"primaryImageOfPage":{"@id":"https:\/\/www.webdo.tn\/fr\/actualite\/international\/palestine-le-bilan-s-alourdit-a-plus-de-2200-martyrs-dont-315-tues-en-une-matinee\/209338\/#primaryimage"},"image":{"@id":"https:\/\/www.webdo.tn\/fr\/actualite\/international\/palestine-le-bilan-s-alourdit-a-plus-de-2200-martyrs-dont-315-tues-en-une-matinee\/209338\/#primaryimage"},"thumbnailUrl":"https:\/\/www.webdo.tn\/fr\/wp-content\/uploads\/2023\/10\/04e17a6a866334a3514ee9bac7ff475d.jpg","datePublished":"2023-10-14T12:22:00+00:00","dateModified":"2025-05-20T21:56:51+00:00","description":"C\u2019est l\u2019h\u00e9catombe attendue dans la bande de Gaza o\u00f9 le bilan des civils palestiniens tu\u00e9s s\u2019alourdit d\u2019heure en heure.","breadcrumb":{"@id":"https:\/\/www.webdo.tn\/fr\/actualite\/international\/palestine-le-bilan-s-alourdit-a-plus-de-2200-martyrs-dont-315-tues-en-une-matinee\/209338\/#breadcrumb"},"inLanguage":"fr-FR","potentialAction":[{"@type":"ReadAction","target":["https:\/\/www.webdo.tn\/fr\/actualite\/international\/palestine-le-bilan-s-alourdit-a-plus-de-2200-martyrs-dont-315-tues-en-une-matinee\/209338\/"]}]},{"@type":"ImageObject","inLanguage":"fr-FR","@id":"https:\/\/www.webdo.tn\/fr\/actualite\/international\/palestine-le-bilan-s-alourdit-a-plus-de-2200-martyrs-dont-315-tues-en-une-matinee\/209338\/#primaryimage","url":"https:\/\/www.webdo.tn\/fr\/wp-content\/uploads\/2023\/10\/04e17a6a866334a3514ee9bac7ff475d.jpg","contentUrl":"https:\/\/www.webdo.tn\/fr\/wp-content\/uploads\/2023\/10\/04e17a6a866334a3514ee9bac7ff475d.jpg","width":750,"height":400,"caption":"Palestine : Le bilan s\u2019alourdit \u00e0 plus de 2200 martyrs dont 315 tu\u00e9s en une matin\u00e9e"},{"@type":"BreadcrumbList","@id":"https:\/\/www.webdo.tn\/fr\/actualite\/international\/palestine-le-bilan-s-alourdit-a-plus-de-2200-martyrs-dont-315-tues-en-une-matinee\/209338\/#breadcrumb","itemListElement":[{"@type":"ListItem","position":1,"name":"Accueil","item":"https:\/\/www.webdo.tn\/fr\/"},{"@type":"ListItem","position":2,"name":"Palestine : Le bilan s\u2019alourdit \u00e0 plus de 2200 martyrs dont 315 tu\u00e9s en une matin\u00e9e"}]},{"@type":"WebSite","@id":"https:\/\/www.webdo.tn\/fr\/#website","url":"https:\/\/www.webdo.tn\/fr\/","name":"webdo","description":"Tunisie - News en Tunisie et \u00e0 l&#039;international sur Webdo.tn","publisher":{"@id":"https:\/\/www.webdo.tn\/fr\/#organization"},"potentialAction":[{"@type":"SearchAction","target":{"@type":"EntryPoint","urlTemplate":"https:\/\/www.webdo.tn\/fr\/?s={search_term_string}"},"query-input":{"@type":"PropertyValueSpecification","valueRequired":true,"valueName":"search_term_string"}}],"inLanguage":"fr-FR"},{"@type":"Organization","@id":"https:\/\/www.webdo.tn\/fr\/#organization","name":"Webdo","alternateName":"Webdo.tn","url":"https:\/\/www.webdo.tn\/fr\/","logo":{"@type":"ImageObject","inLanguage":"fr-FR","@id":"https:\/\/www.webdo.tn\/fr\/#\/schema\/logo\/image\/","url":"https:\/\/www.webdo.tn\/fr\/wp-content\/uploads\/2025\/06\/Webdo-Tunisie_168377.jpg","contentUrl":"https:\/\/www.webdo.tn\/fr\/wp-content\/uploads\/2025\/06\/Webdo-Tunisie_168377.jpg","width":301,"height":301,"caption":"Webdo"},"image":{"@id":"https:\/\/www.webdo.tn\/fr\/#\/schema\/logo\/image\/"},"sameAs":["https:\/\/www.facebook.com\/webdotn","https:\/\/x.com\/webdo_tn"],"description":"Webdo est un m\u00e9dia num\u00e9rique tunisien fond\u00e9 en 2010, sp\u00e9cialis\u00e9 dans l\u2019actualit\u00e9 nationale et internationale, l\u2019\u00e9conomie, la soci\u00e9t\u00e9 et les analyses politiques. Le site s\u2019adresse \u00e0 un large public francophone et couvre l\u2019information tunisienne en temps r\u00e9el.","email":"redac@webdo.tn","legalName":"YNJ SARL","foundingDate":"2010-09-06","numberOfEmployees":{"@type":"QuantitativeValue","minValue":"11","maxValue":"50"}},{"@type":"Person","@id":"https:\/\/www.webdo.tn\/fr\/#\/schema\/person\/2c4929cbf5a809e3bd38617c6ce150f6","name":"MC","image":{"@type":"ImageObject","inLanguage":"fr-FR","@id":"https:\/\/secure.gravatar.com\/avatar\/a545bbb6f84efdd5553dbbc2895e3ca8f1d12c5215e00a041c9670b54aa9b18a?s=96&d=mm&r=g","url":"https:\/\/secure.gravatar.com\/avatar\/a545bbb6f84efdd5553dbbc2895e3ca8f1d12c5215e00a041c9670b54aa9b18a?s=96&d=mm&r=g","contentUrl":"https:\/\/secure.gravatar.com\/avatar\/a545bbb6f84efdd5553dbbc2895e3ca8f1d12c5215e00a041c9670b54aa9b18a?s=96&d=mm&r=g","caption":"MC"},"url":"https:\/\/www.webdo.tn\/fr\/actualite\/author\/mc\/"}]}},"_links":{"self":[{"href":"https:\/\/www.webdo.tn\/fr\/wp-json\/wp\/v2\/posts\/209338","targetHints":{"allow":["GET"]}}],"collection":[{"href":"https:\/\/www.webdo.tn\/fr\/wp-json\/wp\/v2\/posts"}],"about":[{"href":"https:\/\/www.webdo.tn\/fr\/wp-json\/wp\/v2\/types\/post"}],"author":[{"embeddable":true,"href":"https:\/\/www.webdo.tn\/fr\/wp-json\/wp\/v2\/users\/3162"}],"replies":[{"embeddable":true,"href":"https:\/\/www.webdo.tn\/fr\/wp-json\/wp\/v2\/comments?post=209338"}],"version-history":[{"count":0,"href":"https:\/\/www.webdo.tn\/fr\/wp-json\/wp\/v2\/posts\/209338\/revisions"}],"wp:featuredmedia":[{"embeddable":true,"href":"https:\/\/www.webdo.tn\/fr\/wp-json\/wp\/v2\/media\/249070"}],"wp:attachment":[{"href":"https:\/\/www.webdo.tn\/fr\/wp-json\/wp\/v2\/media?parent=209338"}],"wp:term":[{"taxonomy":"category","embeddable":true,"href":"https:\/\/www.webdo.tn\/fr\/wp-json\/wp\/v2\/categories?post=209338"},{"taxonomy":"post_tag","embeddable":true,"href":"https:\/\/www.webdo.tn\/fr\/wp-json\/wp\/v2\/tags?post=209338"}],"curies":[{"name":"wp","href":"https:\/\/api.w.org\/{rel}","templated":true}]}}