{"id":209328,"date":"2023-10-14T09:09:00","date_gmt":"2023-10-14T09:09:00","guid":{"rendered":"https:\/\/www.webdo.tn\/fr\/blog\/antonio-guterres-meme-les-guerres-ont-des-regles\/209328\/"},"modified":"2025-05-20T21:56:48","modified_gmt":"2025-05-20T21:56:48","slug":"antonio-guterres-meme-les-guerres-ont-des-regles","status":"publish","type":"post","link":"https:\/\/www.webdo.tn\/fr\/actualite\/international\/antonio-guterres-meme-les-guerres-ont-des-regles\/209328\/","title":{"rendered":"Antonio Guterres : \u00ab\u00a0M\u00eame les guerres ont des r\u00e8gles\u00a0\u00bb"},"content":{"rendered":"<p>A l\u2019heure o\u00f9 Isra\u00ebl se pr\u00e9pare \u00e0 une offensive terrestre \u00e0 Gaza, des milliers de Palestiniens sont en train de fuir vers le sud<\/p>\n<p>\t\t\t\t\t\t\t\t\t\u00ab\u00a0Ce n\u2019est que le d\u00e9but\u00a0\u00bb des op\u00e9rations isra\u00e9liennes \u00e0 Gaza, a pr\u00e9venu vendredi le Premier ministre isra\u00e9lien Benjamin Netanyahu au septi\u00e8me jour de la guerre entre le Hamas et Isra\u00ebl et qui a d\u00e9j\u00e0 fait des milliers de morts.<\/p>\n<p>Environ 1900 Palestiniens, la plupart des civils, dont 614 enfants, selon les autorit\u00e9s palestiniennes, ont \u00e9t\u00e9 tu\u00e9s dans la bande de Gaza. C\u00f4t\u00e9 isra\u00e9lien, 1300 personnes sont morts.<\/p>\n<p>Par ailleurs, les appels se multiplient \u00e0 travers le monde pour \u00e9viter une \u00ab\u00a0catastrophe humanitaire\u00a0\u00bb, apr\u00e8s l\u2019appel lanc\u00e9 par Isra\u00ebl \u00e0 \u00e9vacuer la partie nord de la bande de Gaza, qui concerne environ 1,1 million d\u2019habitants, sur un total de 2,4 millions.<\/p>\n<p>\u00ab\u00a0M\u00eame les guerres ont des r\u00e8gles\u00a0\u00bb, a rappel\u00e9 le secr\u00e9taire g\u00e9n\u00e9ral de l\u2019ONU, Ant\u00f3nio Guterres, r\u00e9clamant un acc\u00e8s humanitaire \u00ab\u00a0imm\u00e9diat\u00a0\u00bb \u00e0 la bande de Gaza.<\/p>\n<p>Ant\u00f3nio Guterres a d\u00e9clar\u00e9 que le d\u00e9placement de plus d&rsquo;un million de personnes \u00e0 travers une zone de guerre dens\u00e9ment peupl\u00e9e vers une zone sans nourriture, sans eau ou logement, alors que le territoire entier est en \u00e9tat de si\u00e8ge, est extr\u00eamement dangereux et parfois tout simplement impossible soulignant que la guerre a&#8230; des r\u00e8gles.<\/p>\n<p>Il a d\u00e9crit un \u00ab\u00a0syst\u00e8me de sant\u00e9 au bord de l\u2019effondrement\u00a0\u00bb, des \u00ab\u00a0morgues qui d\u00e9bordent\u00a0\u00bb et \u00ab\u00a0une crise de l\u2019eau\u00a0\u00bb, tandis que plusieurs ONG ont \u00e9galement demand\u00e9 l\u2019ouverture de couloirs humanitaires.<\/p>\n","protected":false},"excerpt":{"rendered":"<p>Environ 1900 Palestiniens, la plupart des civils, dont 614 enfants, selon les autorit\u00e9s palestiniennes, ont \u00e9t\u00e9 tu\u00e9s dans la bande de Gaza.<\/p>\n","protected":false},"author":3162,"featured_media":249064,"comment_status":"open","ping_status":"closed","sticky":false,"template":"","format":"standard","meta":{"footnotes":""},"categories":[2598],"tags":[2689,2636,3296],"class_list":["post-209328","post","type-post","status-publish","format-standard","has-post-thumbnail","hentry","category-international","tag-gaza","tag-israel","tag-onu"],"yoast_head":"<!-- This site is optimized with the Yoast SEO Premium plugin v27.5 (Yoast SEO v27.5) - https:\/\/yoast.com\/product\/yoast-seo-premium-wordpress\/ -->\n<title>Antonio Guterres : M\u00eame les guerres ont des r\u00e8gles<\/title>\n<meta name=\"description\" content=\"Environ 1900 Palestiniens, la plupart des civils, dont 614 enfants, selon les autorit\u00e9s palestiniennes, ont \u00e9t\u00e9 tu\u00e9s dans la bande de Gaza.\" \/>\n<link rel=\"canonical\" href=\"https:\/\/www.webdo.tn\/fr\/actualite\/international\/antonio-guterres-meme-les-guerres-ont-des-regles\/209328\/\" \/>\n<meta property=\"og:locale\" content=\"fr_FR\" \/>\n<meta property=\"og:type\" content=\"article\" \/>\n<meta property=\"og:title\" content=\"Antonio Guterres : &quot;M\u00eame les guerres ont des r\u00e8gles&quot;\" \/>\n<meta property=\"og:description\" content=\"Environ 1900 Palestiniens, la plupart des civils, dont 614 enfants, selon les autorit\u00e9s palestiniennes, ont \u00e9t\u00e9 tu\u00e9s dans la bande de Gaza.\" \/>\n<meta property=\"og:url\" content=\"https:\/\/www.webdo.tn\/fr\/actualite\/international\/antonio-guterres-meme-les-guerres-ont-des-regles\/209328\/\" \/>\n<meta property=\"og:site_name\" content=\"webdo\" \/>\n<meta property=\"article:publisher\" content=\"https:\/\/www.facebook.com\/webdotn\" \/>\n<meta property=\"article:published_time\" content=\"2023-10-14T09:09:00+00:00\" \/>\n<meta property=\"article:modified_time\" content=\"2025-05-20T21:56:48+00:00\" \/>\n<meta property=\"og:image\" content=\"https:\/\/www.webdo.tn\/fr\/wp-content\/uploads\/2023\/10\/65e0911ac563c112b69b90f61dc485e3.jpg\" \/>\n\t<meta property=\"og:image:width\" content=\"750\" \/>\n\t<meta property=\"og:image:height\" content=\"400\" \/>\n\t<meta property=\"og:image:type\" content=\"image\/jpeg\" \/>\n<meta name=\"author\" content=\"MC\" \/>\n<meta name=\"twitter:card\" content=\"summary_large_image\" \/>\n<meta name=\"twitter:creator\" content=\"@webdo_tn\" \/>\n<meta name=\"twitter:site\" content=\"@webdo_tn\" \/>\n<meta name=\"twitter:label1\" content=\"\u00c9crit par\" \/>\n\t<meta name=\"twitter:data1\" content=\"MC\" \/>\n\t<meta name=\"twitter:label2\" content=\"Dur\u00e9e de lecture estim\u00e9e\" \/>\n\t<meta name=\"twitter:data2\" content=\"1 minute\" \/>\n<script type=\"application\/ld+json\" class=\"yoast-schema-graph\">{\"@context\":\"https:\\\/\\\/schema.org\",\"@graph\":[{\"@type\":\"NewsArticle\",\"@id\":\"https:\\\/\\\/www.webdo.tn\\\/fr\\\/actualite\\\/international\\\/antonio-guterres-meme-les-guerres-ont-des-regles\\\/209328\\\/#article\",\"isPartOf\":{\"@id\":\"https:\\\/\\\/www.webdo.tn\\\/fr\\\/actualite\\\/international\\\/antonio-guterres-meme-les-guerres-ont-des-regles\\\/209328\\\/\"},\"author\":{\"name\":\"MC\",\"@id\":\"https:\\\/\\\/www.webdo.tn\\\/fr\\\/#\\\/schema\\\/person\\\/2c4929cbf5a809e3bd38617c6ce150f6\"},\"headline\":\"Antonio Guterres : \u00ab\u00a0M\u00eame les guerres ont des r\u00e8gles\u00a0\u00bb\",\"datePublished\":\"2023-10-14T09:09:00+00:00\",\"dateModified\":\"2025-05-20T21:56:48+00:00\",\"mainEntityOfPage\":{\"@id\":\"https:\\\/\\\/www.webdo.tn\\\/fr\\\/actualite\\\/international\\\/antonio-guterres-meme-les-guerres-ont-des-regles\\\/209328\\\/\"},\"wordCount\":287,\"commentCount\":0,\"publisher\":{\"@id\":\"https:\\\/\\\/www.webdo.tn\\\/fr\\\/#organization\"},\"image\":{\"@id\":\"https:\\\/\\\/www.webdo.tn\\\/fr\\\/actualite\\\/international\\\/antonio-guterres-meme-les-guerres-ont-des-regles\\\/209328\\\/#primaryimage\"},\"thumbnailUrl\":\"https:\\\/\\\/www.webdo.tn\\\/fr\\\/wp-content\\\/uploads\\\/2023\\\/10\\\/65e0911ac563c112b69b90f61dc485e3.jpg\",\"keywords\":[\"Gaza\",\"isra\u00ebl\",\"ONU\"],\"articleSection\":[\"International\"],\"inLanguage\":\"fr-FR\"},{\"@type\":\"WebPage\",\"@id\":\"https:\\\/\\\/www.webdo.tn\\\/fr\\\/actualite\\\/international\\\/antonio-guterres-meme-les-guerres-ont-des-regles\\\/209328\\\/\",\"url\":\"https:\\\/\\\/www.webdo.tn\\\/fr\\\/actualite\\\/international\\\/antonio-guterres-meme-les-guerres-ont-des-regles\\\/209328\\\/\",\"name\":\"Antonio Guterres : M\u00eame les guerres ont des r\u00e8gles\",\"isPartOf\":{\"@id\":\"https:\\\/\\\/www.webdo.tn\\\/fr\\\/#website\"},\"primaryImageOfPage\":{\"@id\":\"https:\\\/\\\/www.webdo.tn\\\/fr\\\/actualite\\\/international\\\/antonio-guterres-meme-les-guerres-ont-des-regles\\\/209328\\\/#primaryimage\"},\"image\":{\"@id\":\"https:\\\/\\\/www.webdo.tn\\\/fr\\\/actualite\\\/international\\\/antonio-guterres-meme-les-guerres-ont-des-regles\\\/209328\\\/#primaryimage\"},\"thumbnailUrl\":\"https:\\\/\\\/www.webdo.tn\\\/fr\\\/wp-content\\\/uploads\\\/2023\\\/10\\\/65e0911ac563c112b69b90f61dc485e3.jpg\",\"datePublished\":\"2023-10-14T09:09:00+00:00\",\"dateModified\":\"2025-05-20T21:56:48+00:00\",\"description\":\"Environ 1900 Palestiniens, la plupart des civils, dont 614 enfants, selon les autorit\u00e9s palestiniennes, ont \u00e9t\u00e9 tu\u00e9s dans la bande de Gaza.\",\"breadcrumb\":{\"@id\":\"https:\\\/\\\/www.webdo.tn\\\/fr\\\/actualite\\\/international\\\/antonio-guterres-meme-les-guerres-ont-des-regles\\\/209328\\\/#breadcrumb\"},\"inLanguage\":\"fr-FR\",\"potentialAction\":[{\"@type\":\"ReadAction\",\"target\":[\"https:\\\/\\\/www.webdo.tn\\\/fr\\\/actualite\\\/international\\\/antonio-guterres-meme-les-guerres-ont-des-regles\\\/209328\\\/\"]}]},{\"@type\":\"ImageObject\",\"inLanguage\":\"fr-FR\",\"@id\":\"https:\\\/\\\/www.webdo.tn\\\/fr\\\/actualite\\\/international\\\/antonio-guterres-meme-les-guerres-ont-des-regles\\\/209328\\\/#primaryimage\",\"url\":\"https:\\\/\\\/www.webdo.tn\\\/fr\\\/wp-content\\\/uploads\\\/2023\\\/10\\\/65e0911ac563c112b69b90f61dc485e3.jpg\",\"contentUrl\":\"https:\\\/\\\/www.webdo.tn\\\/fr\\\/wp-content\\\/uploads\\\/2023\\\/10\\\/65e0911ac563c112b69b90f61dc485e3.jpg\",\"width\":750,\"height\":400,\"caption\":\"Antonio Guterres : \\\"M\u00eame les guerres ont des r\u00e8gles\\\"\"},{\"@type\":\"BreadcrumbList\",\"@id\":\"https:\\\/\\\/www.webdo.tn\\\/fr\\\/actualite\\\/international\\\/antonio-guterres-meme-les-guerres-ont-des-regles\\\/209328\\\/#breadcrumb\",\"itemListElement\":[{\"@type\":\"ListItem\",\"position\":1,\"name\":\"Accueil\",\"item\":\"https:\\\/\\\/www.webdo.tn\\\/fr\\\/\"},{\"@type\":\"ListItem\",\"position\":2,\"name\":\"Antonio Guterres : \u00ab\u00a0M\u00eame les guerres ont des r\u00e8gles\u00a0\u00bb\"}]},{\"@type\":\"WebSite\",\"@id\":\"https:\\\/\\\/www.webdo.tn\\\/fr\\\/#website\",\"url\":\"https:\\\/\\\/www.webdo.tn\\\/fr\\\/\",\"name\":\"webdo\",\"description\":\"Tunisie - News en Tunisie et \u00e0 l&#039;international sur Webdo.tn\",\"publisher\":{\"@id\":\"https:\\\/\\\/www.webdo.tn\\\/fr\\\/#organization\"},\"potentialAction\":[{\"@type\":\"SearchAction\",\"target\":{\"@type\":\"EntryPoint\",\"urlTemplate\":\"https:\\\/\\\/www.webdo.tn\\\/fr\\\/?s={search_term_string}\"},\"query-input\":{\"@type\":\"PropertyValueSpecification\",\"valueRequired\":true,\"valueName\":\"search_term_string\"}}],\"inLanguage\":\"fr-FR\"},{\"@type\":\"Organization\",\"@id\":\"https:\\\/\\\/www.webdo.tn\\\/fr\\\/#organization\",\"name\":\"Webdo\",\"alternateName\":\"Webdo.tn\",\"url\":\"https:\\\/\\\/www.webdo.tn\\\/fr\\\/\",\"logo\":{\"@type\":\"ImageObject\",\"inLanguage\":\"fr-FR\",\"@id\":\"https:\\\/\\\/www.webdo.tn\\\/fr\\\/#\\\/schema\\\/logo\\\/image\\\/\",\"url\":\"https:\\\/\\\/www.webdo.tn\\\/fr\\\/wp-content\\\/uploads\\\/2025\\\/06\\\/Webdo-Tunisie_168377.jpg\",\"contentUrl\":\"https:\\\/\\\/www.webdo.tn\\\/fr\\\/wp-content\\\/uploads\\\/2025\\\/06\\\/Webdo-Tunisie_168377.jpg\",\"width\":301,\"height\":301,\"caption\":\"Webdo\"},\"image\":{\"@id\":\"https:\\\/\\\/www.webdo.tn\\\/fr\\\/#\\\/schema\\\/logo\\\/image\\\/\"},\"sameAs\":[\"https:\\\/\\\/www.facebook.com\\\/webdotn\",\"https:\\\/\\\/x.com\\\/webdo_tn\"],\"description\":\"Webdo est un m\u00e9dia num\u00e9rique tunisien fond\u00e9 en 2010, sp\u00e9cialis\u00e9 dans l\u2019actualit\u00e9 nationale et internationale, l\u2019\u00e9conomie, la soci\u00e9t\u00e9 et les analyses politiques. Le site s\u2019adresse \u00e0 un large public francophone et couvre l\u2019information tunisienne en temps r\u00e9el.\",\"email\":\"redac@webdo.tn\",\"legalName\":\"YNJ SARL\",\"foundingDate\":\"2010-09-06\",\"numberOfEmployees\":{\"@type\":\"QuantitativeValue\",\"minValue\":\"11\",\"maxValue\":\"50\"}},{\"@type\":\"Person\",\"@id\":\"https:\\\/\\\/www.webdo.tn\\\/fr\\\/#\\\/schema\\\/person\\\/2c4929cbf5a809e3bd38617c6ce150f6\",\"name\":\"MC\",\"image\":{\"@type\":\"ImageObject\",\"inLanguage\":\"fr-FR\",\"@id\":\"https:\\\/\\\/secure.gravatar.com\\\/avatar\\\/a545bbb6f84efdd5553dbbc2895e3ca8f1d12c5215e00a041c9670b54aa9b18a?s=96&d=mm&r=g\",\"url\":\"https:\\\/\\\/secure.gravatar.com\\\/avatar\\\/a545bbb6f84efdd5553dbbc2895e3ca8f1d12c5215e00a041c9670b54aa9b18a?s=96&d=mm&r=g\",\"contentUrl\":\"https:\\\/\\\/secure.gravatar.com\\\/avatar\\\/a545bbb6f84efdd5553dbbc2895e3ca8f1d12c5215e00a041c9670b54aa9b18a?s=96&d=mm&r=g\",\"caption\":\"MC\"},\"url\":\"https:\\\/\\\/www.webdo.tn\\\/fr\\\/actualite\\\/author\\\/mc\\\/\"}]}<\/script>\n<!-- \/ Yoast SEO Premium plugin. -->","yoast_head_json":{"title":"Antonio Guterres : M\u00eame les guerres ont des r\u00e8gles","description":"Environ 1900 Palestiniens, la plupart des civils, dont 614 enfants, selon les autorit\u00e9s palestiniennes, ont \u00e9t\u00e9 tu\u00e9s dans la bande de Gaza.","canonical":"https:\/\/www.webdo.tn\/fr\/actualite\/international\/antonio-guterres-meme-les-guerres-ont-des-regles\/209328\/","og_locale":"fr_FR","og_type":"article","og_title":"Antonio Guterres : \"M\u00eame les guerres ont des r\u00e8gles\"","og_description":"Environ 1900 Palestiniens, la plupart des civils, dont 614 enfants, selon les autorit\u00e9s palestiniennes, ont \u00e9t\u00e9 tu\u00e9s dans la bande de Gaza.","og_url":"https:\/\/www.webdo.tn\/fr\/actualite\/international\/antonio-guterres-meme-les-guerres-ont-des-regles\/209328\/","og_site_name":"webdo","article_publisher":"https:\/\/www.facebook.com\/webdotn","article_published_time":"2023-10-14T09:09:00+00:00","article_modified_time":"2025-05-20T21:56:48+00:00","og_image":[{"width":750,"height":400,"url":"https:\/\/www.webdo.tn\/fr\/wp-content\/uploads\/2023\/10\/65e0911ac563c112b69b90f61dc485e3.jpg","type":"image\/jpeg"}],"author":"MC","twitter_card":"summary_large_image","twitter_creator":"@webdo_tn","twitter_site":"@webdo_tn","twitter_misc":{"\u00c9crit par":"MC","Dur\u00e9e de lecture estim\u00e9e":"1 minute"},"schema":{"@context":"https:\/\/schema.org","@graph":[{"@type":"NewsArticle","@id":"https:\/\/www.webdo.tn\/fr\/actualite\/international\/antonio-guterres-meme-les-guerres-ont-des-regles\/209328\/#article","isPartOf":{"@id":"https:\/\/www.webdo.tn\/fr\/actualite\/international\/antonio-guterres-meme-les-guerres-ont-des-regles\/209328\/"},"author":{"name":"MC","@id":"https:\/\/www.webdo.tn\/fr\/#\/schema\/person\/2c4929cbf5a809e3bd38617c6ce150f6"},"headline":"Antonio Guterres : \u00ab\u00a0M\u00eame les guerres ont des r\u00e8gles\u00a0\u00bb","datePublished":"2023-10-14T09:09:00+00:00","dateModified":"2025-05-20T21:56:48+00:00","mainEntityOfPage":{"@id":"https:\/\/www.webdo.tn\/fr\/actualite\/international\/antonio-guterres-meme-les-guerres-ont-des-regles\/209328\/"},"wordCount":287,"commentCount":0,"publisher":{"@id":"https:\/\/www.webdo.tn\/fr\/#organization"},"image":{"@id":"https:\/\/www.webdo.tn\/fr\/actualite\/international\/antonio-guterres-meme-les-guerres-ont-des-regles\/209328\/#primaryimage"},"thumbnailUrl":"https:\/\/www.webdo.tn\/fr\/wp-content\/uploads\/2023\/10\/65e0911ac563c112b69b90f61dc485e3.jpg","keywords":["Gaza","isra\u00ebl","ONU"],"articleSection":["International"],"inLanguage":"fr-FR"},{"@type":"WebPage","@id":"https:\/\/www.webdo.tn\/fr\/actualite\/international\/antonio-guterres-meme-les-guerres-ont-des-regles\/209328\/","url":"https:\/\/www.webdo.tn\/fr\/actualite\/international\/antonio-guterres-meme-les-guerres-ont-des-regles\/209328\/","name":"Antonio Guterres : M\u00eame les guerres ont des r\u00e8gles","isPartOf":{"@id":"https:\/\/www.webdo.tn\/fr\/#website"},"primaryImageOfPage":{"@id":"https:\/\/www.webdo.tn\/fr\/actualite\/international\/antonio-guterres-meme-les-guerres-ont-des-regles\/209328\/#primaryimage"},"image":{"@id":"https:\/\/www.webdo.tn\/fr\/actualite\/international\/antonio-guterres-meme-les-guerres-ont-des-regles\/209328\/#primaryimage"},"thumbnailUrl":"https:\/\/www.webdo.tn\/fr\/wp-content\/uploads\/2023\/10\/65e0911ac563c112b69b90f61dc485e3.jpg","datePublished":"2023-10-14T09:09:00+00:00","dateModified":"2025-05-20T21:56:48+00:00","description":"Environ 1900 Palestiniens, la plupart des civils, dont 614 enfants, selon les autorit\u00e9s palestiniennes, ont \u00e9t\u00e9 tu\u00e9s dans la bande de Gaza.","breadcrumb":{"@id":"https:\/\/www.webdo.tn\/fr\/actualite\/international\/antonio-guterres-meme-les-guerres-ont-des-regles\/209328\/#breadcrumb"},"inLanguage":"fr-FR","potentialAction":[{"@type":"ReadAction","target":["https:\/\/www.webdo.tn\/fr\/actualite\/international\/antonio-guterres-meme-les-guerres-ont-des-regles\/209328\/"]}]},{"@type":"ImageObject","inLanguage":"fr-FR","@id":"https:\/\/www.webdo.tn\/fr\/actualite\/international\/antonio-guterres-meme-les-guerres-ont-des-regles\/209328\/#primaryimage","url":"https:\/\/www.webdo.tn\/fr\/wp-content\/uploads\/2023\/10\/65e0911ac563c112b69b90f61dc485e3.jpg","contentUrl":"https:\/\/www.webdo.tn\/fr\/wp-content\/uploads\/2023\/10\/65e0911ac563c112b69b90f61dc485e3.jpg","width":750,"height":400,"caption":"Antonio Guterres : \"M\u00eame les guerres ont des r\u00e8gles\""},{"@type":"BreadcrumbList","@id":"https:\/\/www.webdo.tn\/fr\/actualite\/international\/antonio-guterres-meme-les-guerres-ont-des-regles\/209328\/#breadcrumb","itemListElement":[{"@type":"ListItem","position":1,"name":"Accueil","item":"https:\/\/www.webdo.tn\/fr\/"},{"@type":"ListItem","position":2,"name":"Antonio Guterres : \u00ab\u00a0M\u00eame les guerres ont des r\u00e8gles\u00a0\u00bb"}]},{"@type":"WebSite","@id":"https:\/\/www.webdo.tn\/fr\/#website","url":"https:\/\/www.webdo.tn\/fr\/","name":"webdo","description":"Tunisie - News en Tunisie et \u00e0 l&#039;international sur Webdo.tn","publisher":{"@id":"https:\/\/www.webdo.tn\/fr\/#organization"},"potentialAction":[{"@type":"SearchAction","target":{"@type":"EntryPoint","urlTemplate":"https:\/\/www.webdo.tn\/fr\/?s={search_term_string}"},"query-input":{"@type":"PropertyValueSpecification","valueRequired":true,"valueName":"search_term_string"}}],"inLanguage":"fr-FR"},{"@type":"Organization","@id":"https:\/\/www.webdo.tn\/fr\/#organization","name":"Webdo","alternateName":"Webdo.tn","url":"https:\/\/www.webdo.tn\/fr\/","logo":{"@type":"ImageObject","inLanguage":"fr-FR","@id":"https:\/\/www.webdo.tn\/fr\/#\/schema\/logo\/image\/","url":"https:\/\/www.webdo.tn\/fr\/wp-content\/uploads\/2025\/06\/Webdo-Tunisie_168377.jpg","contentUrl":"https:\/\/www.webdo.tn\/fr\/wp-content\/uploads\/2025\/06\/Webdo-Tunisie_168377.jpg","width":301,"height":301,"caption":"Webdo"},"image":{"@id":"https:\/\/www.webdo.tn\/fr\/#\/schema\/logo\/image\/"},"sameAs":["https:\/\/www.facebook.com\/webdotn","https:\/\/x.com\/webdo_tn"],"description":"Webdo est un m\u00e9dia num\u00e9rique tunisien fond\u00e9 en 2010, sp\u00e9cialis\u00e9 dans l\u2019actualit\u00e9 nationale et internationale, l\u2019\u00e9conomie, la soci\u00e9t\u00e9 et les analyses politiques. Le site s\u2019adresse \u00e0 un large public francophone et couvre l\u2019information tunisienne en temps r\u00e9el.","email":"redac@webdo.tn","legalName":"YNJ SARL","foundingDate":"2010-09-06","numberOfEmployees":{"@type":"QuantitativeValue","minValue":"11","maxValue":"50"}},{"@type":"Person","@id":"https:\/\/www.webdo.tn\/fr\/#\/schema\/person\/2c4929cbf5a809e3bd38617c6ce150f6","name":"MC","image":{"@type":"ImageObject","inLanguage":"fr-FR","@id":"https:\/\/secure.gravatar.com\/avatar\/a545bbb6f84efdd5553dbbc2895e3ca8f1d12c5215e00a041c9670b54aa9b18a?s=96&d=mm&r=g","url":"https:\/\/secure.gravatar.com\/avatar\/a545bbb6f84efdd5553dbbc2895e3ca8f1d12c5215e00a041c9670b54aa9b18a?s=96&d=mm&r=g","contentUrl":"https:\/\/secure.gravatar.com\/avatar\/a545bbb6f84efdd5553dbbc2895e3ca8f1d12c5215e00a041c9670b54aa9b18a?s=96&d=mm&r=g","caption":"MC"},"url":"https:\/\/www.webdo.tn\/fr\/actualite\/author\/mc\/"}]}},"_links":{"self":[{"href":"https:\/\/www.webdo.tn\/fr\/wp-json\/wp\/v2\/posts\/209328","targetHints":{"allow":["GET"]}}],"collection":[{"href":"https:\/\/www.webdo.tn\/fr\/wp-json\/wp\/v2\/posts"}],"about":[{"href":"https:\/\/www.webdo.tn\/fr\/wp-json\/wp\/v2\/types\/post"}],"author":[{"embeddable":true,"href":"https:\/\/www.webdo.tn\/fr\/wp-json\/wp\/v2\/users\/3162"}],"replies":[{"embeddable":true,"href":"https:\/\/www.webdo.tn\/fr\/wp-json\/wp\/v2\/comments?post=209328"}],"version-history":[{"count":0,"href":"https:\/\/www.webdo.tn\/fr\/wp-json\/wp\/v2\/posts\/209328\/revisions"}],"wp:featuredmedia":[{"embeddable":true,"href":"https:\/\/www.webdo.tn\/fr\/wp-json\/wp\/v2\/media\/249064"}],"wp:attachment":[{"href":"https:\/\/www.webdo.tn\/fr\/wp-json\/wp\/v2\/media?parent=209328"}],"wp:term":[{"taxonomy":"category","embeddable":true,"href":"https:\/\/www.webdo.tn\/fr\/wp-json\/wp\/v2\/categories?post=209328"},{"taxonomy":"post_tag","embeddable":true,"href":"https:\/\/www.webdo.tn\/fr\/wp-json\/wp\/v2\/tags?post=209328"}],"curies":[{"name":"wp","href":"https:\/\/api.w.org\/{rel}","templated":true}]}}