{"id":209314,"date":"2023-10-13T15:49:00","date_gmt":"2023-10-13T15:49:00","guid":{"rendered":"https:\/\/www.webdo.tn\/fr\/blog\/greve-des-transporteurs-de-carburant-les-19-et-20-octobre-prochains\/209314\/"},"modified":"2025-05-20T22:10:15","modified_gmt":"2025-05-20T22:10:15","slug":"greve-des-transporteurs-de-carburant-les-19-et-20-octobre-prochains","status":"publish","type":"post","link":"https:\/\/www.webdo.tn\/fr\/actualite\/national\/greve-des-transporteurs-de-carburant-les-19-et-20-octobre-prochains\/209314\/","title":{"rendered":"Gr\u00e8ve des transporteurs de carburant, les 19 et 20 octobre prochains"},"content":{"rendered":"<p>La gr\u00e8ve des transporteurs de carburant, report\u00e9e aux 19 et 20 octobre, a \u00e9t\u00e9 maintenue.<\/p>\n<p>\t\t\t\t\t\t\t\t\tLa gr\u00e8ve des transporteurs de carburant, qui devait se tenir les 29 et 30 septembre derniers, et qui avait \u00e9t\u00e9 report\u00e9e aux 19 et 20 octobre, a \u00e9t\u00e9 maintenue, r\u00e9v\u00e8le\u00a0Echa\u00e2b News, organe de presse officiel de l&rsquo;Union g\u00e9n\u00e9rale tunisienne du travail (UGTT).<\/p>\n<p>D&rsquo;apr\u00e8s Echa\u00e2b News, la f\u00e9d\u00e9ration g\u00e9n\u00e9rale de p\u00e9trochimie relevant de l&rsquo;UGTT a d\u00e9cid\u00e9 de maintenir la gr\u00e8ve pr\u00e9vue jeudi 19 et vendredi 20 octobre 2023 suite \u00e0 l&rsquo;absence r\u00e9p\u00e9t\u00e9e des repr\u00e9sentants de l&rsquo;Union tunisienne de l&rsquo;industrie, du commerce et de l&rsquo;artisanat (UTICA) et celles des Chambres nationales, de transport, des transporteurs de mati\u00e8res dangereuses et de transport de marchandises, aux r\u00e9unions de n\u00e9gociations.<\/p>\n<p>Le 28 septembre dernier, une s\u00e9ance de r\u00e9conciliation tenue au si\u00e8ge du minist\u00e8re des Affaires sociales, et consacr\u00e9e \u00e0 l&rsquo;examen du pr\u00e9avis de gr\u00e8ve dans le secteur du transport de carburant avait permis de reporter pour une \u00e9ni\u00e8me fois la gr\u00e8ve sachant que celle-ci \u00e9tait pr\u00e9vue, dans un premier temps, les 31 ao\u00fbt et 1er septembre, puis les 14 et 15 septembre ; les 29 et 30 septembre avant d&rsquo;\u00eatre report\u00e9e de nouveau aux 19 et 20 octobre.<\/p>\n<p>La m\u00eame source pr\u00e9cise que la gr\u00e8ve \u00e9tait pr\u00e9vue pour les 31 ao\u00fbt et 1er septembre. Elle a \u00e9t\u00e9, initialement, report\u00e9e aux 14 et 15 septembre puis aux 29 et 30 septembre et enfin aux 19 et 20 octobre.<\/p>\n<p>Concernant la gr\u00e8ve, l\u2019UGTT exige la signature de l&rsquo;avenant n\u00b010 et l&rsquo;attribution d&rsquo;un accord sectoriel au profit des travailleurs du transport de carburant.<\/p>\n","protected":false},"excerpt":{"rendered":"<p>La gr\u00e8ve des transporteurs de carburant, fix\u00e9e aux 19 et 20 octobre, a \u00e9t\u00e9 maintenue par la f\u00e9d\u00e9ration g\u00e9n\u00e9rale de p\u00e9trochimie relevant de l&rsquo;UGTT.<\/p>\n","protected":false},"author":3162,"featured_media":278875,"comment_status":"open","ping_status":"closed","sticky":false,"template":"","format":"standard","meta":{"footnotes":""},"categories":[44],"tags":[4956,2647,4957],"class_list":["post-209314","post","type-post","status-publish","format-standard","has-post-thumbnail","hentry","category-national","tag-carburant","tag-greve","tag-transporteurs"],"yoast_head":"<!-- This site is optimized with the Yoast SEO Premium plugin v27.5 (Yoast SEO v27.5) - https:\/\/yoast.com\/product\/yoast-seo-premium-wordpress\/ -->\n<title>Gr\u00e8ve des transporteurs de carburant, les 19 et 20 octobre prochains<\/title>\n<meta name=\"description\" content=\"La gr\u00e8ve des transporteurs de carburant, fix\u00e9e aux 19 et 20 octobre, a \u00e9t\u00e9 maintenue par la f\u00e9d\u00e9ration g\u00e9n\u00e9rale de p\u00e9trochimie relevant de l&#039;UGTT.\" \/>\n<link rel=\"canonical\" href=\"https:\/\/www.webdo.tn\/fr\/actualite\/national\/greve-des-transporteurs-de-carburant-les-19-et-20-octobre-prochains\/209314\/\" \/>\n<meta property=\"og:locale\" content=\"fr_FR\" \/>\n<meta property=\"og:type\" content=\"article\" \/>\n<meta property=\"og:title\" content=\"Gr\u00e8ve des transporteurs de carburant, les 19 et 20 octobre prochains\" \/>\n<meta property=\"og:description\" content=\"La gr\u00e8ve des transporteurs de carburant, fix\u00e9e aux 19 et 20 octobre, a \u00e9t\u00e9 maintenue par la f\u00e9d\u00e9ration g\u00e9n\u00e9rale de p\u00e9trochimie relevant de l&#039;UGTT.\" \/>\n<meta property=\"og:url\" content=\"https:\/\/www.webdo.tn\/fr\/actualite\/national\/greve-des-transporteurs-de-carburant-les-19-et-20-octobre-prochains\/209314\/\" \/>\n<meta property=\"og:site_name\" content=\"webdo\" \/>\n<meta property=\"article:publisher\" content=\"https:\/\/www.facebook.com\/webdotn\" \/>\n<meta property=\"article:published_time\" content=\"2023-10-13T15:49:00+00:00\" \/>\n<meta property=\"article:modified_time\" content=\"2025-05-20T22:10:15+00:00\" \/>\n<meta property=\"og:image\" content=\"https:\/\/www.webdo.tn\/fr\/wp-content\/uploads\/2023\/10\/f09999cd6c6ad908b6047bbae383d4aa.jpg\" \/>\n\t<meta property=\"og:image:width\" content=\"750\" \/>\n\t<meta property=\"og:image:height\" content=\"400\" \/>\n\t<meta property=\"og:image:type\" content=\"image\/jpeg\" \/>\n<meta name=\"author\" content=\"MC\" \/>\n<meta name=\"twitter:card\" content=\"summary_large_image\" \/>\n<meta name=\"twitter:creator\" content=\"@webdo_tn\" \/>\n<meta name=\"twitter:site\" content=\"@webdo_tn\" \/>\n<meta name=\"twitter:label1\" content=\"\u00c9crit par\" \/>\n\t<meta name=\"twitter:data1\" content=\"MC\" \/>\n\t<meta name=\"twitter:label2\" content=\"Dur\u00e9e de lecture estim\u00e9e\" \/>\n\t<meta name=\"twitter:data2\" content=\"1 minute\" \/>\n<script type=\"application\/ld+json\" class=\"yoast-schema-graph\">{\"@context\":\"https:\\\/\\\/schema.org\",\"@graph\":[{\"@type\":\"NewsArticle\",\"@id\":\"https:\\\/\\\/www.webdo.tn\\\/fr\\\/actualite\\\/national\\\/greve-des-transporteurs-de-carburant-les-19-et-20-octobre-prochains\\\/209314\\\/#article\",\"isPartOf\":{\"@id\":\"https:\\\/\\\/www.webdo.tn\\\/fr\\\/actualite\\\/national\\\/greve-des-transporteurs-de-carburant-les-19-et-20-octobre-prochains\\\/209314\\\/\"},\"author\":{\"name\":\"MC\",\"@id\":\"https:\\\/\\\/www.webdo.tn\\\/fr\\\/#\\\/schema\\\/person\\\/2c4929cbf5a809e3bd38617c6ce150f6\"},\"headline\":\"Gr\u00e8ve des transporteurs de carburant, les 19 et 20 octobre prochains\",\"datePublished\":\"2023-10-13T15:49:00+00:00\",\"dateModified\":\"2025-05-20T22:10:15+00:00\",\"mainEntityOfPage\":{\"@id\":\"https:\\\/\\\/www.webdo.tn\\\/fr\\\/actualite\\\/national\\\/greve-des-transporteurs-de-carburant-les-19-et-20-octobre-prochains\\\/209314\\\/\"},\"wordCount\":302,\"commentCount\":0,\"publisher\":{\"@id\":\"https:\\\/\\\/www.webdo.tn\\\/fr\\\/#organization\"},\"image\":{\"@id\":\"https:\\\/\\\/www.webdo.tn\\\/fr\\\/actualite\\\/national\\\/greve-des-transporteurs-de-carburant-les-19-et-20-octobre-prochains\\\/209314\\\/#primaryimage\"},\"thumbnailUrl\":\"https:\\\/\\\/www.webdo.tn\\\/fr\\\/wp-content\\\/uploads\\\/2023\\\/10\\\/f09999cd6c6ad908b6047bbae383d4aa.jpg\",\"keywords\":[\"carburant\",\"Gr\u00e8ve\",\"transporteurs\"],\"articleSection\":[\"National\"],\"inLanguage\":\"fr-FR\"},{\"@type\":\"WebPage\",\"@id\":\"https:\\\/\\\/www.webdo.tn\\\/fr\\\/actualite\\\/national\\\/greve-des-transporteurs-de-carburant-les-19-et-20-octobre-prochains\\\/209314\\\/\",\"url\":\"https:\\\/\\\/www.webdo.tn\\\/fr\\\/actualite\\\/national\\\/greve-des-transporteurs-de-carburant-les-19-et-20-octobre-prochains\\\/209314\\\/\",\"name\":\"Gr\u00e8ve des transporteurs de carburant, les 19 et 20 octobre prochains\",\"isPartOf\":{\"@id\":\"https:\\\/\\\/www.webdo.tn\\\/fr\\\/#website\"},\"primaryImageOfPage\":{\"@id\":\"https:\\\/\\\/www.webdo.tn\\\/fr\\\/actualite\\\/national\\\/greve-des-transporteurs-de-carburant-les-19-et-20-octobre-prochains\\\/209314\\\/#primaryimage\"},\"image\":{\"@id\":\"https:\\\/\\\/www.webdo.tn\\\/fr\\\/actualite\\\/national\\\/greve-des-transporteurs-de-carburant-les-19-et-20-octobre-prochains\\\/209314\\\/#primaryimage\"},\"thumbnailUrl\":\"https:\\\/\\\/www.webdo.tn\\\/fr\\\/wp-content\\\/uploads\\\/2023\\\/10\\\/f09999cd6c6ad908b6047bbae383d4aa.jpg\",\"datePublished\":\"2023-10-13T15:49:00+00:00\",\"dateModified\":\"2025-05-20T22:10:15+00:00\",\"description\":\"La gr\u00e8ve des transporteurs de carburant, fix\u00e9e aux 19 et 20 octobre, a \u00e9t\u00e9 maintenue par la f\u00e9d\u00e9ration g\u00e9n\u00e9rale de p\u00e9trochimie relevant de l'UGTT.\",\"breadcrumb\":{\"@id\":\"https:\\\/\\\/www.webdo.tn\\\/fr\\\/actualite\\\/national\\\/greve-des-transporteurs-de-carburant-les-19-et-20-octobre-prochains\\\/209314\\\/#breadcrumb\"},\"inLanguage\":\"fr-FR\",\"potentialAction\":[{\"@type\":\"ReadAction\",\"target\":[\"https:\\\/\\\/www.webdo.tn\\\/fr\\\/actualite\\\/national\\\/greve-des-transporteurs-de-carburant-les-19-et-20-octobre-prochains\\\/209314\\\/\"]}]},{\"@type\":\"ImageObject\",\"inLanguage\":\"fr-FR\",\"@id\":\"https:\\\/\\\/www.webdo.tn\\\/fr\\\/actualite\\\/national\\\/greve-des-transporteurs-de-carburant-les-19-et-20-octobre-prochains\\\/209314\\\/#primaryimage\",\"url\":\"https:\\\/\\\/www.webdo.tn\\\/fr\\\/wp-content\\\/uploads\\\/2023\\\/10\\\/f09999cd6c6ad908b6047bbae383d4aa.jpg\",\"contentUrl\":\"https:\\\/\\\/www.webdo.tn\\\/fr\\\/wp-content\\\/uploads\\\/2023\\\/10\\\/f09999cd6c6ad908b6047bbae383d4aa.jpg\",\"width\":750,\"height\":400,\"caption\":\"Gr\u00e8ve des transporteurs de carburant, les 19 et 20 octobre prochains\"},{\"@type\":\"BreadcrumbList\",\"@id\":\"https:\\\/\\\/www.webdo.tn\\\/fr\\\/actualite\\\/national\\\/greve-des-transporteurs-de-carburant-les-19-et-20-octobre-prochains\\\/209314\\\/#breadcrumb\",\"itemListElement\":[{\"@type\":\"ListItem\",\"position\":1,\"name\":\"Accueil\",\"item\":\"https:\\\/\\\/www.webdo.tn\\\/fr\\\/\"},{\"@type\":\"ListItem\",\"position\":2,\"name\":\"Gr\u00e8ve des transporteurs de carburant, les 19 et 20 octobre prochains\"}]},{\"@type\":\"WebSite\",\"@id\":\"https:\\\/\\\/www.webdo.tn\\\/fr\\\/#website\",\"url\":\"https:\\\/\\\/www.webdo.tn\\\/fr\\\/\",\"name\":\"webdo\",\"description\":\"Tunisie - News en Tunisie et \u00e0 l&#039;international sur Webdo.tn\",\"publisher\":{\"@id\":\"https:\\\/\\\/www.webdo.tn\\\/fr\\\/#organization\"},\"potentialAction\":[{\"@type\":\"SearchAction\",\"target\":{\"@type\":\"EntryPoint\",\"urlTemplate\":\"https:\\\/\\\/www.webdo.tn\\\/fr\\\/?s={search_term_string}\"},\"query-input\":{\"@type\":\"PropertyValueSpecification\",\"valueRequired\":true,\"valueName\":\"search_term_string\"}}],\"inLanguage\":\"fr-FR\"},{\"@type\":\"Organization\",\"@id\":\"https:\\\/\\\/www.webdo.tn\\\/fr\\\/#organization\",\"name\":\"Webdo\",\"alternateName\":\"Webdo.tn\",\"url\":\"https:\\\/\\\/www.webdo.tn\\\/fr\\\/\",\"logo\":{\"@type\":\"ImageObject\",\"inLanguage\":\"fr-FR\",\"@id\":\"https:\\\/\\\/www.webdo.tn\\\/fr\\\/#\\\/schema\\\/logo\\\/image\\\/\",\"url\":\"https:\\\/\\\/www.webdo.tn\\\/fr\\\/wp-content\\\/uploads\\\/2025\\\/06\\\/Webdo-Tunisie_168377.jpg\",\"contentUrl\":\"https:\\\/\\\/www.webdo.tn\\\/fr\\\/wp-content\\\/uploads\\\/2025\\\/06\\\/Webdo-Tunisie_168377.jpg\",\"width\":301,\"height\":301,\"caption\":\"Webdo\"},\"image\":{\"@id\":\"https:\\\/\\\/www.webdo.tn\\\/fr\\\/#\\\/schema\\\/logo\\\/image\\\/\"},\"sameAs\":[\"https:\\\/\\\/www.facebook.com\\\/webdotn\",\"https:\\\/\\\/x.com\\\/webdo_tn\"],\"description\":\"Webdo est un m\u00e9dia num\u00e9rique tunisien fond\u00e9 en 2010, sp\u00e9cialis\u00e9 dans l\u2019actualit\u00e9 nationale et internationale, l\u2019\u00e9conomie, la soci\u00e9t\u00e9 et les analyses politiques. Le site s\u2019adresse \u00e0 un large public francophone et couvre l\u2019information tunisienne en temps r\u00e9el.\",\"email\":\"redac@webdo.tn\",\"legalName\":\"YNJ SARL\",\"foundingDate\":\"2010-09-06\",\"numberOfEmployees\":{\"@type\":\"QuantitativeValue\",\"minValue\":\"11\",\"maxValue\":\"50\"}},{\"@type\":\"Person\",\"@id\":\"https:\\\/\\\/www.webdo.tn\\\/fr\\\/#\\\/schema\\\/person\\\/2c4929cbf5a809e3bd38617c6ce150f6\",\"name\":\"MC\",\"image\":{\"@type\":\"ImageObject\",\"inLanguage\":\"fr-FR\",\"@id\":\"https:\\\/\\\/secure.gravatar.com\\\/avatar\\\/a545bbb6f84efdd5553dbbc2895e3ca8f1d12c5215e00a041c9670b54aa9b18a?s=96&d=mm&r=g\",\"url\":\"https:\\\/\\\/secure.gravatar.com\\\/avatar\\\/a545bbb6f84efdd5553dbbc2895e3ca8f1d12c5215e00a041c9670b54aa9b18a?s=96&d=mm&r=g\",\"contentUrl\":\"https:\\\/\\\/secure.gravatar.com\\\/avatar\\\/a545bbb6f84efdd5553dbbc2895e3ca8f1d12c5215e00a041c9670b54aa9b18a?s=96&d=mm&r=g\",\"caption\":\"MC\"},\"url\":\"https:\\\/\\\/www.webdo.tn\\\/fr\\\/actualite\\\/author\\\/mc\\\/\"}]}<\/script>\n<!-- \/ Yoast SEO Premium plugin. -->","yoast_head_json":{"title":"Gr\u00e8ve des transporteurs de carburant, les 19 et 20 octobre prochains","description":"La gr\u00e8ve des transporteurs de carburant, fix\u00e9e aux 19 et 20 octobre, a \u00e9t\u00e9 maintenue par la f\u00e9d\u00e9ration g\u00e9n\u00e9rale de p\u00e9trochimie relevant de l'UGTT.","canonical":"https:\/\/www.webdo.tn\/fr\/actualite\/national\/greve-des-transporteurs-de-carburant-les-19-et-20-octobre-prochains\/209314\/","og_locale":"fr_FR","og_type":"article","og_title":"Gr\u00e8ve des transporteurs de carburant, les 19 et 20 octobre prochains","og_description":"La gr\u00e8ve des transporteurs de carburant, fix\u00e9e aux 19 et 20 octobre, a \u00e9t\u00e9 maintenue par la f\u00e9d\u00e9ration g\u00e9n\u00e9rale de p\u00e9trochimie relevant de l'UGTT.","og_url":"https:\/\/www.webdo.tn\/fr\/actualite\/national\/greve-des-transporteurs-de-carburant-les-19-et-20-octobre-prochains\/209314\/","og_site_name":"webdo","article_publisher":"https:\/\/www.facebook.com\/webdotn","article_published_time":"2023-10-13T15:49:00+00:00","article_modified_time":"2025-05-20T22:10:15+00:00","og_image":[{"width":750,"height":400,"url":"https:\/\/www.webdo.tn\/fr\/wp-content\/uploads\/2023\/10\/f09999cd6c6ad908b6047bbae383d4aa.jpg","type":"image\/jpeg"}],"author":"MC","twitter_card":"summary_large_image","twitter_creator":"@webdo_tn","twitter_site":"@webdo_tn","twitter_misc":{"\u00c9crit par":"MC","Dur\u00e9e de lecture estim\u00e9e":"1 minute"},"schema":{"@context":"https:\/\/schema.org","@graph":[{"@type":"NewsArticle","@id":"https:\/\/www.webdo.tn\/fr\/actualite\/national\/greve-des-transporteurs-de-carburant-les-19-et-20-octobre-prochains\/209314\/#article","isPartOf":{"@id":"https:\/\/www.webdo.tn\/fr\/actualite\/national\/greve-des-transporteurs-de-carburant-les-19-et-20-octobre-prochains\/209314\/"},"author":{"name":"MC","@id":"https:\/\/www.webdo.tn\/fr\/#\/schema\/person\/2c4929cbf5a809e3bd38617c6ce150f6"},"headline":"Gr\u00e8ve des transporteurs de carburant, les 19 et 20 octobre prochains","datePublished":"2023-10-13T15:49:00+00:00","dateModified":"2025-05-20T22:10:15+00:00","mainEntityOfPage":{"@id":"https:\/\/www.webdo.tn\/fr\/actualite\/national\/greve-des-transporteurs-de-carburant-les-19-et-20-octobre-prochains\/209314\/"},"wordCount":302,"commentCount":0,"publisher":{"@id":"https:\/\/www.webdo.tn\/fr\/#organization"},"image":{"@id":"https:\/\/www.webdo.tn\/fr\/actualite\/national\/greve-des-transporteurs-de-carburant-les-19-et-20-octobre-prochains\/209314\/#primaryimage"},"thumbnailUrl":"https:\/\/www.webdo.tn\/fr\/wp-content\/uploads\/2023\/10\/f09999cd6c6ad908b6047bbae383d4aa.jpg","keywords":["carburant","Gr\u00e8ve","transporteurs"],"articleSection":["National"],"inLanguage":"fr-FR"},{"@type":"WebPage","@id":"https:\/\/www.webdo.tn\/fr\/actualite\/national\/greve-des-transporteurs-de-carburant-les-19-et-20-octobre-prochains\/209314\/","url":"https:\/\/www.webdo.tn\/fr\/actualite\/national\/greve-des-transporteurs-de-carburant-les-19-et-20-octobre-prochains\/209314\/","name":"Gr\u00e8ve des transporteurs de carburant, les 19 et 20 octobre prochains","isPartOf":{"@id":"https:\/\/www.webdo.tn\/fr\/#website"},"primaryImageOfPage":{"@id":"https:\/\/www.webdo.tn\/fr\/actualite\/national\/greve-des-transporteurs-de-carburant-les-19-et-20-octobre-prochains\/209314\/#primaryimage"},"image":{"@id":"https:\/\/www.webdo.tn\/fr\/actualite\/national\/greve-des-transporteurs-de-carburant-les-19-et-20-octobre-prochains\/209314\/#primaryimage"},"thumbnailUrl":"https:\/\/www.webdo.tn\/fr\/wp-content\/uploads\/2023\/10\/f09999cd6c6ad908b6047bbae383d4aa.jpg","datePublished":"2023-10-13T15:49:00+00:00","dateModified":"2025-05-20T22:10:15+00:00","description":"La gr\u00e8ve des transporteurs de carburant, fix\u00e9e aux 19 et 20 octobre, a \u00e9t\u00e9 maintenue par la f\u00e9d\u00e9ration g\u00e9n\u00e9rale de p\u00e9trochimie relevant de l'UGTT.","breadcrumb":{"@id":"https:\/\/www.webdo.tn\/fr\/actualite\/national\/greve-des-transporteurs-de-carburant-les-19-et-20-octobre-prochains\/209314\/#breadcrumb"},"inLanguage":"fr-FR","potentialAction":[{"@type":"ReadAction","target":["https:\/\/www.webdo.tn\/fr\/actualite\/national\/greve-des-transporteurs-de-carburant-les-19-et-20-octobre-prochains\/209314\/"]}]},{"@type":"ImageObject","inLanguage":"fr-FR","@id":"https:\/\/www.webdo.tn\/fr\/actualite\/national\/greve-des-transporteurs-de-carburant-les-19-et-20-octobre-prochains\/209314\/#primaryimage","url":"https:\/\/www.webdo.tn\/fr\/wp-content\/uploads\/2023\/10\/f09999cd6c6ad908b6047bbae383d4aa.jpg","contentUrl":"https:\/\/www.webdo.tn\/fr\/wp-content\/uploads\/2023\/10\/f09999cd6c6ad908b6047bbae383d4aa.jpg","width":750,"height":400,"caption":"Gr\u00e8ve des transporteurs de carburant, les 19 et 20 octobre prochains"},{"@type":"BreadcrumbList","@id":"https:\/\/www.webdo.tn\/fr\/actualite\/national\/greve-des-transporteurs-de-carburant-les-19-et-20-octobre-prochains\/209314\/#breadcrumb","itemListElement":[{"@type":"ListItem","position":1,"name":"Accueil","item":"https:\/\/www.webdo.tn\/fr\/"},{"@type":"ListItem","position":2,"name":"Gr\u00e8ve des transporteurs de carburant, les 19 et 20 octobre prochains"}]},{"@type":"WebSite","@id":"https:\/\/www.webdo.tn\/fr\/#website","url":"https:\/\/www.webdo.tn\/fr\/","name":"webdo","description":"Tunisie - News en Tunisie et \u00e0 l&#039;international sur Webdo.tn","publisher":{"@id":"https:\/\/www.webdo.tn\/fr\/#organization"},"potentialAction":[{"@type":"SearchAction","target":{"@type":"EntryPoint","urlTemplate":"https:\/\/www.webdo.tn\/fr\/?s={search_term_string}"},"query-input":{"@type":"PropertyValueSpecification","valueRequired":true,"valueName":"search_term_string"}}],"inLanguage":"fr-FR"},{"@type":"Organization","@id":"https:\/\/www.webdo.tn\/fr\/#organization","name":"Webdo","alternateName":"Webdo.tn","url":"https:\/\/www.webdo.tn\/fr\/","logo":{"@type":"ImageObject","inLanguage":"fr-FR","@id":"https:\/\/www.webdo.tn\/fr\/#\/schema\/logo\/image\/","url":"https:\/\/www.webdo.tn\/fr\/wp-content\/uploads\/2025\/06\/Webdo-Tunisie_168377.jpg","contentUrl":"https:\/\/www.webdo.tn\/fr\/wp-content\/uploads\/2025\/06\/Webdo-Tunisie_168377.jpg","width":301,"height":301,"caption":"Webdo"},"image":{"@id":"https:\/\/www.webdo.tn\/fr\/#\/schema\/logo\/image\/"},"sameAs":["https:\/\/www.facebook.com\/webdotn","https:\/\/x.com\/webdo_tn"],"description":"Webdo est un m\u00e9dia num\u00e9rique tunisien fond\u00e9 en 2010, sp\u00e9cialis\u00e9 dans l\u2019actualit\u00e9 nationale et internationale, l\u2019\u00e9conomie, la soci\u00e9t\u00e9 et les analyses politiques. Le site s\u2019adresse \u00e0 un large public francophone et couvre l\u2019information tunisienne en temps r\u00e9el.","email":"redac@webdo.tn","legalName":"YNJ SARL","foundingDate":"2010-09-06","numberOfEmployees":{"@type":"QuantitativeValue","minValue":"11","maxValue":"50"}},{"@type":"Person","@id":"https:\/\/www.webdo.tn\/fr\/#\/schema\/person\/2c4929cbf5a809e3bd38617c6ce150f6","name":"MC","image":{"@type":"ImageObject","inLanguage":"fr-FR","@id":"https:\/\/secure.gravatar.com\/avatar\/a545bbb6f84efdd5553dbbc2895e3ca8f1d12c5215e00a041c9670b54aa9b18a?s=96&d=mm&r=g","url":"https:\/\/secure.gravatar.com\/avatar\/a545bbb6f84efdd5553dbbc2895e3ca8f1d12c5215e00a041c9670b54aa9b18a?s=96&d=mm&r=g","contentUrl":"https:\/\/secure.gravatar.com\/avatar\/a545bbb6f84efdd5553dbbc2895e3ca8f1d12c5215e00a041c9670b54aa9b18a?s=96&d=mm&r=g","caption":"MC"},"url":"https:\/\/www.webdo.tn\/fr\/actualite\/author\/mc\/"}]}},"_links":{"self":[{"href":"https:\/\/www.webdo.tn\/fr\/wp-json\/wp\/v2\/posts\/209314","targetHints":{"allow":["GET"]}}],"collection":[{"href":"https:\/\/www.webdo.tn\/fr\/wp-json\/wp\/v2\/posts"}],"about":[{"href":"https:\/\/www.webdo.tn\/fr\/wp-json\/wp\/v2\/types\/post"}],"author":[{"embeddable":true,"href":"https:\/\/www.webdo.tn\/fr\/wp-json\/wp\/v2\/users\/3162"}],"replies":[{"embeddable":true,"href":"https:\/\/www.webdo.tn\/fr\/wp-json\/wp\/v2\/comments?post=209314"}],"version-history":[{"count":0,"href":"https:\/\/www.webdo.tn\/fr\/wp-json\/wp\/v2\/posts\/209314\/revisions"}],"wp:featuredmedia":[{"embeddable":true,"href":"https:\/\/www.webdo.tn\/fr\/wp-json\/wp\/v2\/media\/278875"}],"wp:attachment":[{"href":"https:\/\/www.webdo.tn\/fr\/wp-json\/wp\/v2\/media?parent=209314"}],"wp:term":[{"taxonomy":"category","embeddable":true,"href":"https:\/\/www.webdo.tn\/fr\/wp-json\/wp\/v2\/categories?post=209314"},{"taxonomy":"post_tag","embeddable":true,"href":"https:\/\/www.webdo.tn\/fr\/wp-json\/wp\/v2\/tags?post=209314"}],"curies":[{"name":"wp","href":"https:\/\/api.w.org\/{rel}","templated":true}]}}