{"id":209313,"date":"2023-10-13T15:32:00","date_gmt":"2023-10-13T15:32:00","guid":{"rendered":"https:\/\/www.webdo.tn\/fr\/blog\/jcc-2023-hommage-au-realisateur-et-ecrivain-senegalais-sembene-ousmane-1923-2023\/209313\/"},"modified":"2025-05-21T08:57:15","modified_gmt":"2025-05-21T08:57:15","slug":"jcc-2023-hommage-au-realisateur-et-ecrivain-senegalais-sembene-ousmane-1923-2023","status":"publish","type":"post","link":"https:\/\/www.webdo.tn\/fr\/actualite\/culture\/jcc-2023-hommage-au-realisateur-et-ecrivain-senegalais-sembene-ousmane-1923-2023\/209313\/","title":{"rendered":"JCC 2023 &#8211; Hommage au r\u00e9alisateur et \u00e9crivain s\u00e9n\u00e9galais Semb\u00e8ne Ousmane (1923-2023)"},"content":{"rendered":"<div class=\"single-body entry-content typography-copy\" itemprop=\"articleBody\">\n<p style=\"font-weight: bold; text-align: justify\">\n\t\t\t\t\t\t\t\t\tLa 34\u00e8me \u00e9dition des Journ\u00e9es Cin\u00e9matographiques de Carthage met \u00e0 l\u2019honneur et c\u00e9l\u00e8bre le centenaire de la naissance du r\u00e9alisateur et \u00e9crivain s\u00e9n\u00e9galais et l\u2019un des pionniers du cin\u00e9ma panafricain Semb\u00e8ne Ousmane (1923-2023).\n\t\t\t\t\t\t\t\t<\/p>\n<div class=\"coprs\" style=\"text-align: center\"><\/div>\n<div class=\"coprs\" style=\"text-align: justify\">\n<p><span>Fid\u00e8le compagnon de Tahar Ch\u00e9riaa dans le parcours de naissance des JCC, Semb\u00e8ne a \u00e9t\u00e9 le premier laur\u00e9at du tout premier Tanit d\u2019Or des JCC dans sa premi\u00e8re \u00e9dition en 1966 pour son film \u00ab La Noire de\u2026 \u00bb.<\/span><\/p>\n<p><span>Le p\u00e8re du cin\u00e9ma africain a forg\u00e9 durant sa carri\u00e8re cin\u00e9matographique un v\u00e9ritable plaidoyer contre la perte de l\u2019identit\u00e9 culturelle africaine et pour la r\u00e9sistance contre les oppressions de tous bords.<\/span><\/p>\n<p><span>A cet effet, l\u2019hommage-c\u00e9l\u00e9bration qu&rsquo;organisent les JCC constitue un devoir de m\u00e9moire \u00e0 l\u2019\u00e9gard d\u2019un cin\u00e9aste qui a \u0153uvr\u00e9 pour l\u2019ind\u00e9pendance des cin\u00e9mas du Sud et pour d\u00e9fendre les causes de sa patrie et de l\u2019Afrique.<\/span><\/p>\n<p><span>Communiqu\u00e9<\/span><\/p>\n<\/p><\/div>\n<div class=\"coprs\" style=\"text-align: center\"><\/div><\/div>\n","protected":false},"excerpt":{"rendered":"<p>La 34\u00e8me \u00e9dition des Journ\u00e9es Cin\u00e9matographiques de Carthage met \u00e0 l\u2019honneur et c\u00e9l\u00e8bre le centenaire de la naissance du r\u00e9alisateur et \u00e9crivain s\u00e9n\u00e9galais et l&#8230;<\/p>\n","protected":false},"author":3164,"featured_media":278871,"comment_status":"open","ping_status":"closed","sticky":false,"template":"","format":"standard","meta":{"footnotes":""},"categories":[2594],"tags":[3116,7735,4660],"class_list":["post-209313","post","type-post","status-publish","format-standard","has-post-thumbnail","hentry","category-culture","tag-jcc","tag-jcc-2023","tag-journees-cinematographiques-de-carthage"],"yoast_head":"<!-- This site is optimized with the Yoast SEO Premium plugin v27.5 (Yoast SEO v27.5) - https:\/\/yoast.com\/product\/yoast-seo-premium-wordpress\/ -->\n<title>JCC 2023 - Hommage au r\u00e9alisateur et \u00e9crivain s\u00e9n\u00e9galais Semb\u00e8ne Ousmane (1923-2023)<\/title>\n<meta name=\"description\" content=\"La 34\u00e8me \u00e9dition des Journ\u00e9es Cin\u00e9matographiques de Carthage met \u00e0 l\u2019honneur et c\u00e9l\u00e8bre le centenaire de la naissance du r\u00e9alisateur et \u00e9crivain s\u00e9n\u00e9galais et l...\" \/>\n<link rel=\"canonical\" href=\"https:\/\/www.webdo.tn\/fr\/actualite\/culture\/jcc-2023-hommage-au-realisateur-et-ecrivain-senegalais-sembene-ousmane-1923-2023\/209313\/\" \/>\n<meta property=\"og:locale\" content=\"fr_FR\" \/>\n<meta property=\"og:type\" content=\"article\" \/>\n<meta property=\"og:title\" content=\"JCC 2023 - Hommage au r\u00e9alisateur et \u00e9crivain s\u00e9n\u00e9galais Semb\u00e8ne Ousmane (1923-2023)\" \/>\n<meta property=\"og:description\" content=\"La 34\u00e8me \u00e9dition des Journ\u00e9es Cin\u00e9matographiques de Carthage met \u00e0 l\u2019honneur et c\u00e9l\u00e8bre le centenaire de la naissance du r\u00e9alisateur et \u00e9crivain s\u00e9n\u00e9galais et l...\" \/>\n<meta property=\"og:url\" content=\"https:\/\/www.webdo.tn\/fr\/actualite\/culture\/jcc-2023-hommage-au-realisateur-et-ecrivain-senegalais-sembene-ousmane-1923-2023\/209313\/\" \/>\n<meta property=\"og:site_name\" content=\"webdo\" \/>\n<meta property=\"article:publisher\" content=\"https:\/\/www.facebook.com\/webdotn\" \/>\n<meta property=\"article:author\" content=\"https:\/\/www.facebook.com\/massir.destiniii\/\" \/>\n<meta property=\"article:published_time\" content=\"2023-10-13T15:32:00+00:00\" \/>\n<meta property=\"article:modified_time\" content=\"2025-05-21T08:57:15+00:00\" \/>\n<meta property=\"og:image\" content=\"https:\/\/www.webdo.tn\/fr\/wp-content\/uploads\/2023\/10\/f8acbaa02b8e486ddc580e31c602d1b9.jpeg\" \/>\n\t<meta property=\"og:image:width\" content=\"750\" \/>\n\t<meta property=\"og:image:height\" content=\"400\" \/>\n\t<meta property=\"og:image:type\" content=\"image\/jpeg\" \/>\n<meta name=\"author\" content=\"Ne\u00efla DRISS\" \/>\n<meta name=\"twitter:card\" content=\"summary_large_image\" \/>\n<meta name=\"twitter:creator\" content=\"@https:\/\/x.com\/MassirDestin\" \/>\n<meta name=\"twitter:site\" content=\"@webdo_tn\" \/>\n<meta name=\"twitter:label1\" content=\"\u00c9crit par\" \/>\n\t<meta name=\"twitter:data1\" content=\"Ne\u00efla DRISS\" \/>\n\t<meta name=\"twitter:label2\" content=\"Dur\u00e9e de lecture estim\u00e9e\" \/>\n\t<meta name=\"twitter:data2\" content=\"1 minute\" \/>\n<script type=\"application\/ld+json\" class=\"yoast-schema-graph\">{\"@context\":\"https:\\\/\\\/schema.org\",\"@graph\":[{\"@type\":\"NewsArticle\",\"@id\":\"https:\\\/\\\/www.webdo.tn\\\/fr\\\/actualite\\\/culture\\\/jcc-2023-hommage-au-realisateur-et-ecrivain-senegalais-sembene-ousmane-1923-2023\\\/209313\\\/#article\",\"isPartOf\":{\"@id\":\"https:\\\/\\\/www.webdo.tn\\\/fr\\\/actualite\\\/culture\\\/jcc-2023-hommage-au-realisateur-et-ecrivain-senegalais-sembene-ousmane-1923-2023\\\/209313\\\/\"},\"author\":{\"name\":\"Ne\u00efla DRISS\",\"@id\":\"https:\\\/\\\/www.webdo.tn\\\/fr\\\/#\\\/schema\\\/person\\\/60d5ba619ed3f58783b0dc82b7dada80\"},\"headline\":\"JCC 2023 &#8211; Hommage au r\u00e9alisateur et \u00e9crivain s\u00e9n\u00e9galais Semb\u00e8ne Ousmane (1923-2023)\",\"datePublished\":\"2023-10-13T15:32:00+00:00\",\"dateModified\":\"2025-05-21T08:57:15+00:00\",\"mainEntityOfPage\":{\"@id\":\"https:\\\/\\\/www.webdo.tn\\\/fr\\\/actualite\\\/culture\\\/jcc-2023-hommage-au-realisateur-et-ecrivain-senegalais-sembene-ousmane-1923-2023\\\/209313\\\/\"},\"wordCount\":187,\"commentCount\":0,\"publisher\":{\"@id\":\"https:\\\/\\\/www.webdo.tn\\\/fr\\\/#organization\"},\"image\":{\"@id\":\"https:\\\/\\\/www.webdo.tn\\\/fr\\\/actualite\\\/culture\\\/jcc-2023-hommage-au-realisateur-et-ecrivain-senegalais-sembene-ousmane-1923-2023\\\/209313\\\/#primaryimage\"},\"thumbnailUrl\":\"https:\\\/\\\/www.webdo.tn\\\/fr\\\/wp-content\\\/uploads\\\/2023\\\/10\\\/f8acbaa02b8e486ddc580e31c602d1b9.jpeg\",\"keywords\":[\"JCC\",\"JCC 2023\",\"Journ\u00e9es cin\u00e9matographiques de Carthage\"],\"articleSection\":[\"Culture\"],\"inLanguage\":\"fr-FR\"},{\"@type\":\"WebPage\",\"@id\":\"https:\\\/\\\/www.webdo.tn\\\/fr\\\/actualite\\\/culture\\\/jcc-2023-hommage-au-realisateur-et-ecrivain-senegalais-sembene-ousmane-1923-2023\\\/209313\\\/\",\"url\":\"https:\\\/\\\/www.webdo.tn\\\/fr\\\/actualite\\\/culture\\\/jcc-2023-hommage-au-realisateur-et-ecrivain-senegalais-sembene-ousmane-1923-2023\\\/209313\\\/\",\"name\":\"JCC 2023 - Hommage au r\u00e9alisateur et \u00e9crivain s\u00e9n\u00e9galais Semb\u00e8ne Ousmane (1923-2023)\",\"isPartOf\":{\"@id\":\"https:\\\/\\\/www.webdo.tn\\\/fr\\\/#website\"},\"primaryImageOfPage\":{\"@id\":\"https:\\\/\\\/www.webdo.tn\\\/fr\\\/actualite\\\/culture\\\/jcc-2023-hommage-au-realisateur-et-ecrivain-senegalais-sembene-ousmane-1923-2023\\\/209313\\\/#primaryimage\"},\"image\":{\"@id\":\"https:\\\/\\\/www.webdo.tn\\\/fr\\\/actualite\\\/culture\\\/jcc-2023-hommage-au-realisateur-et-ecrivain-senegalais-sembene-ousmane-1923-2023\\\/209313\\\/#primaryimage\"},\"thumbnailUrl\":\"https:\\\/\\\/www.webdo.tn\\\/fr\\\/wp-content\\\/uploads\\\/2023\\\/10\\\/f8acbaa02b8e486ddc580e31c602d1b9.jpeg\",\"datePublished\":\"2023-10-13T15:32:00+00:00\",\"dateModified\":\"2025-05-21T08:57:15+00:00\",\"description\":\"La 34\u00e8me \u00e9dition des Journ\u00e9es Cin\u00e9matographiques de Carthage met \u00e0 l\u2019honneur et c\u00e9l\u00e8bre le centenaire de la naissance du r\u00e9alisateur et \u00e9crivain s\u00e9n\u00e9galais et l...\",\"breadcrumb\":{\"@id\":\"https:\\\/\\\/www.webdo.tn\\\/fr\\\/actualite\\\/culture\\\/jcc-2023-hommage-au-realisateur-et-ecrivain-senegalais-sembene-ousmane-1923-2023\\\/209313\\\/#breadcrumb\"},\"inLanguage\":\"fr-FR\",\"potentialAction\":[{\"@type\":\"ReadAction\",\"target\":[\"https:\\\/\\\/www.webdo.tn\\\/fr\\\/actualite\\\/culture\\\/jcc-2023-hommage-au-realisateur-et-ecrivain-senegalais-sembene-ousmane-1923-2023\\\/209313\\\/\"]}]},{\"@type\":\"ImageObject\",\"inLanguage\":\"fr-FR\",\"@id\":\"https:\\\/\\\/www.webdo.tn\\\/fr\\\/actualite\\\/culture\\\/jcc-2023-hommage-au-realisateur-et-ecrivain-senegalais-sembene-ousmane-1923-2023\\\/209313\\\/#primaryimage\",\"url\":\"https:\\\/\\\/www.webdo.tn\\\/fr\\\/wp-content\\\/uploads\\\/2023\\\/10\\\/f8acbaa02b8e486ddc580e31c602d1b9.jpeg\",\"contentUrl\":\"https:\\\/\\\/www.webdo.tn\\\/fr\\\/wp-content\\\/uploads\\\/2023\\\/10\\\/f8acbaa02b8e486ddc580e31c602d1b9.jpeg\",\"width\":750,\"height\":400,\"caption\":\"JCC 2023 - Hommage au r\u00e9alisateur et \u00e9crivain s\u00e9n\u00e9galais Semb\u00e8ne Ousmane (1923-2023)\"},{\"@type\":\"BreadcrumbList\",\"@id\":\"https:\\\/\\\/www.webdo.tn\\\/fr\\\/actualite\\\/culture\\\/jcc-2023-hommage-au-realisateur-et-ecrivain-senegalais-sembene-ousmane-1923-2023\\\/209313\\\/#breadcrumb\",\"itemListElement\":[{\"@type\":\"ListItem\",\"position\":1,\"name\":\"Accueil\",\"item\":\"https:\\\/\\\/www.webdo.tn\\\/fr\\\/\"},{\"@type\":\"ListItem\",\"position\":2,\"name\":\"JCC 2023 &#8211; Hommage au r\u00e9alisateur et \u00e9crivain s\u00e9n\u00e9galais Semb\u00e8ne Ousmane (1923-2023)\"}]},{\"@type\":\"WebSite\",\"@id\":\"https:\\\/\\\/www.webdo.tn\\\/fr\\\/#website\",\"url\":\"https:\\\/\\\/www.webdo.tn\\\/fr\\\/\",\"name\":\"webdo\",\"description\":\"Tunisie - News en Tunisie et \u00e0 l&#039;international sur Webdo.tn\",\"publisher\":{\"@id\":\"https:\\\/\\\/www.webdo.tn\\\/fr\\\/#organization\"},\"potentialAction\":[{\"@type\":\"SearchAction\",\"target\":{\"@type\":\"EntryPoint\",\"urlTemplate\":\"https:\\\/\\\/www.webdo.tn\\\/fr\\\/?s={search_term_string}\"},\"query-input\":{\"@type\":\"PropertyValueSpecification\",\"valueRequired\":true,\"valueName\":\"search_term_string\"}}],\"inLanguage\":\"fr-FR\"},{\"@type\":\"Organization\",\"@id\":\"https:\\\/\\\/www.webdo.tn\\\/fr\\\/#organization\",\"name\":\"Webdo\",\"alternateName\":\"Webdo.tn\",\"url\":\"https:\\\/\\\/www.webdo.tn\\\/fr\\\/\",\"logo\":{\"@type\":\"ImageObject\",\"inLanguage\":\"fr-FR\",\"@id\":\"https:\\\/\\\/www.webdo.tn\\\/fr\\\/#\\\/schema\\\/logo\\\/image\\\/\",\"url\":\"https:\\\/\\\/www.webdo.tn\\\/fr\\\/wp-content\\\/uploads\\\/2025\\\/06\\\/Webdo-Tunisie_168377.jpg\",\"contentUrl\":\"https:\\\/\\\/www.webdo.tn\\\/fr\\\/wp-content\\\/uploads\\\/2025\\\/06\\\/Webdo-Tunisie_168377.jpg\",\"width\":301,\"height\":301,\"caption\":\"Webdo\"},\"image\":{\"@id\":\"https:\\\/\\\/www.webdo.tn\\\/fr\\\/#\\\/schema\\\/logo\\\/image\\\/\"},\"sameAs\":[\"https:\\\/\\\/www.facebook.com\\\/webdotn\",\"https:\\\/\\\/x.com\\\/webdo_tn\"],\"description\":\"Webdo est un m\u00e9dia num\u00e9rique tunisien fond\u00e9 en 2010, sp\u00e9cialis\u00e9 dans l\u2019actualit\u00e9 nationale et internationale, l\u2019\u00e9conomie, la soci\u00e9t\u00e9 et les analyses politiques. Le site s\u2019adresse \u00e0 un large public francophone et couvre l\u2019information tunisienne en temps r\u00e9el.\",\"email\":\"redac@webdo.tn\",\"legalName\":\"YNJ SARL\",\"foundingDate\":\"2010-09-06\",\"numberOfEmployees\":{\"@type\":\"QuantitativeValue\",\"minValue\":\"11\",\"maxValue\":\"50\"}},{\"@type\":\"Person\",\"@id\":\"https:\\\/\\\/www.webdo.tn\\\/fr\\\/#\\\/schema\\\/person\\\/60d5ba619ed3f58783b0dc82b7dada80\",\"name\":\"Ne\u00efla DRISS\",\"image\":{\"@type\":\"ImageObject\",\"inLanguage\":\"fr-FR\",\"@id\":\"https:\\\/\\\/www.webdo.tn\\\/fr\\\/wp-content\\\/uploads\\\/2026\\\/04\\\/neila-driss_avatar-96x96.jpg\",\"url\":\"https:\\\/\\\/www.webdo.tn\\\/fr\\\/wp-content\\\/uploads\\\/2026\\\/04\\\/neila-driss_avatar-96x96.jpg\",\"contentUrl\":\"https:\\\/\\\/www.webdo.tn\\\/fr\\\/wp-content\\\/uploads\\\/2026\\\/04\\\/neila-driss_avatar-96x96.jpg\",\"caption\":\"Ne\u00efla DRISS\"},\"description\":\"Ne\u00efla Driss est juriste, journaliste culturelle et critique de cin\u00e9ma tunisienne. Titulaire d\u2019un DEA en droit priv\u00e9 de l\u2019Universit\u00e9 Paris II et d\u2019un DESS de l\u2019IHEC Carthage, elle d\u00e9bute sa carri\u00e8re comme juriste sp\u00e9cialis\u00e9e en gestion de patrimoine immobilier. Elle s\u2019oriente ensuite vers l\u2019\u00e9criture en ligne, o\u00f9 elle se distingue d\u00e8s 2006 aux Tunisia Blog Awards, avant de se consacrer au journalisme culturel, avec une sp\u00e9cialisation dans la critique cin\u00e9matographique. Elle couvre r\u00e9guli\u00e8rement les grands festivals internationaux, notamment le Festival de Cannes, les Journ\u00e9es Cin\u00e9matographiques de Carthage et le Festival du film du Caire. Membre de l\u2019ATPCC et de la FIPRESCI, elle participe \u00e0 des jurys et initiatives internationales de critique. Depuis 2024, elle est \u00e9lectrice internationale aux Golden Globes. Facebook : https:\\\/\\\/www.facebook.com\\\/massir.destiniii\\\/ X : https:\\\/\\\/x.com\\\/MassirDestin\",\"sameAs\":[\"https:\\\/\\\/www.facebook.com\\\/massir.destiniii\\\/\",\"https:\\\/\\\/www.instagram.com\\\/neila.driss\\\/?hl=fr\",\"https:\\\/\\\/www.linkedin.com\\\/in\\\/neila-driss-22606a80\\\/\",\"https:\\\/\\\/x.com\\\/https:\\\/\\\/x.com\\\/MassirDestin\"],\"knowsAbout\":[\"Cin\u00e9ma international\",\"critique cin\u00e9matographique\",\"festivals de cin\u00e9ma\",\"journalisme culturel\"],\"knowsLanguage\":[\"Fran\u00e7ais\",\"Arabe\",\"Anglais\"],\"jobTitle\":\"Journaliste culturelle et critique de cin\u00e9ma\",\"worksFor\":\"Webdo\",\"url\":\"https:\\\/\\\/www.webdo.tn\\\/fr\\\/actualite\\\/author\\\/neila-driss\\\/\"}]}<\/script>\n<!-- \/ Yoast SEO Premium plugin. -->","yoast_head_json":{"title":"JCC 2023 - Hommage au r\u00e9alisateur et \u00e9crivain s\u00e9n\u00e9galais Semb\u00e8ne Ousmane (1923-2023)","description":"La 34\u00e8me \u00e9dition des Journ\u00e9es Cin\u00e9matographiques de Carthage met \u00e0 l\u2019honneur et c\u00e9l\u00e8bre le centenaire de la naissance du r\u00e9alisateur et \u00e9crivain s\u00e9n\u00e9galais et l...","canonical":"https:\/\/www.webdo.tn\/fr\/actualite\/culture\/jcc-2023-hommage-au-realisateur-et-ecrivain-senegalais-sembene-ousmane-1923-2023\/209313\/","og_locale":"fr_FR","og_type":"article","og_title":"JCC 2023 - Hommage au r\u00e9alisateur et \u00e9crivain s\u00e9n\u00e9galais Semb\u00e8ne Ousmane (1923-2023)","og_description":"La 34\u00e8me \u00e9dition des Journ\u00e9es Cin\u00e9matographiques de Carthage met \u00e0 l\u2019honneur et c\u00e9l\u00e8bre le centenaire de la naissance du r\u00e9alisateur et \u00e9crivain s\u00e9n\u00e9galais et l...","og_url":"https:\/\/www.webdo.tn\/fr\/actualite\/culture\/jcc-2023-hommage-au-realisateur-et-ecrivain-senegalais-sembene-ousmane-1923-2023\/209313\/","og_site_name":"webdo","article_publisher":"https:\/\/www.facebook.com\/webdotn","article_author":"https:\/\/www.facebook.com\/massir.destiniii\/","article_published_time":"2023-10-13T15:32:00+00:00","article_modified_time":"2025-05-21T08:57:15+00:00","og_image":[{"width":750,"height":400,"url":"https:\/\/www.webdo.tn\/fr\/wp-content\/uploads\/2023\/10\/f8acbaa02b8e486ddc580e31c602d1b9.jpeg","type":"image\/jpeg"}],"author":"Ne\u00efla DRISS","twitter_card":"summary_large_image","twitter_creator":"@https:\/\/x.com\/MassirDestin","twitter_site":"@webdo_tn","twitter_misc":{"\u00c9crit par":"Ne\u00efla DRISS","Dur\u00e9e de lecture estim\u00e9e":"1 minute"},"schema":{"@context":"https:\/\/schema.org","@graph":[{"@type":"NewsArticle","@id":"https:\/\/www.webdo.tn\/fr\/actualite\/culture\/jcc-2023-hommage-au-realisateur-et-ecrivain-senegalais-sembene-ousmane-1923-2023\/209313\/#article","isPartOf":{"@id":"https:\/\/www.webdo.tn\/fr\/actualite\/culture\/jcc-2023-hommage-au-realisateur-et-ecrivain-senegalais-sembene-ousmane-1923-2023\/209313\/"},"author":{"name":"Ne\u00efla DRISS","@id":"https:\/\/www.webdo.tn\/fr\/#\/schema\/person\/60d5ba619ed3f58783b0dc82b7dada80"},"headline":"JCC 2023 &#8211; Hommage au r\u00e9alisateur et \u00e9crivain s\u00e9n\u00e9galais Semb\u00e8ne Ousmane (1923-2023)","datePublished":"2023-10-13T15:32:00+00:00","dateModified":"2025-05-21T08:57:15+00:00","mainEntityOfPage":{"@id":"https:\/\/www.webdo.tn\/fr\/actualite\/culture\/jcc-2023-hommage-au-realisateur-et-ecrivain-senegalais-sembene-ousmane-1923-2023\/209313\/"},"wordCount":187,"commentCount":0,"publisher":{"@id":"https:\/\/www.webdo.tn\/fr\/#organization"},"image":{"@id":"https:\/\/www.webdo.tn\/fr\/actualite\/culture\/jcc-2023-hommage-au-realisateur-et-ecrivain-senegalais-sembene-ousmane-1923-2023\/209313\/#primaryimage"},"thumbnailUrl":"https:\/\/www.webdo.tn\/fr\/wp-content\/uploads\/2023\/10\/f8acbaa02b8e486ddc580e31c602d1b9.jpeg","keywords":["JCC","JCC 2023","Journ\u00e9es cin\u00e9matographiques de Carthage"],"articleSection":["Culture"],"inLanguage":"fr-FR"},{"@type":"WebPage","@id":"https:\/\/www.webdo.tn\/fr\/actualite\/culture\/jcc-2023-hommage-au-realisateur-et-ecrivain-senegalais-sembene-ousmane-1923-2023\/209313\/","url":"https:\/\/www.webdo.tn\/fr\/actualite\/culture\/jcc-2023-hommage-au-realisateur-et-ecrivain-senegalais-sembene-ousmane-1923-2023\/209313\/","name":"JCC 2023 - Hommage au r\u00e9alisateur et \u00e9crivain s\u00e9n\u00e9galais Semb\u00e8ne Ousmane (1923-2023)","isPartOf":{"@id":"https:\/\/www.webdo.tn\/fr\/#website"},"primaryImageOfPage":{"@id":"https:\/\/www.webdo.tn\/fr\/actualite\/culture\/jcc-2023-hommage-au-realisateur-et-ecrivain-senegalais-sembene-ousmane-1923-2023\/209313\/#primaryimage"},"image":{"@id":"https:\/\/www.webdo.tn\/fr\/actualite\/culture\/jcc-2023-hommage-au-realisateur-et-ecrivain-senegalais-sembene-ousmane-1923-2023\/209313\/#primaryimage"},"thumbnailUrl":"https:\/\/www.webdo.tn\/fr\/wp-content\/uploads\/2023\/10\/f8acbaa02b8e486ddc580e31c602d1b9.jpeg","datePublished":"2023-10-13T15:32:00+00:00","dateModified":"2025-05-21T08:57:15+00:00","description":"La 34\u00e8me \u00e9dition des Journ\u00e9es Cin\u00e9matographiques de Carthage met \u00e0 l\u2019honneur et c\u00e9l\u00e8bre le centenaire de la naissance du r\u00e9alisateur et \u00e9crivain s\u00e9n\u00e9galais et l...","breadcrumb":{"@id":"https:\/\/www.webdo.tn\/fr\/actualite\/culture\/jcc-2023-hommage-au-realisateur-et-ecrivain-senegalais-sembene-ousmane-1923-2023\/209313\/#breadcrumb"},"inLanguage":"fr-FR","potentialAction":[{"@type":"ReadAction","target":["https:\/\/www.webdo.tn\/fr\/actualite\/culture\/jcc-2023-hommage-au-realisateur-et-ecrivain-senegalais-sembene-ousmane-1923-2023\/209313\/"]}]},{"@type":"ImageObject","inLanguage":"fr-FR","@id":"https:\/\/www.webdo.tn\/fr\/actualite\/culture\/jcc-2023-hommage-au-realisateur-et-ecrivain-senegalais-sembene-ousmane-1923-2023\/209313\/#primaryimage","url":"https:\/\/www.webdo.tn\/fr\/wp-content\/uploads\/2023\/10\/f8acbaa02b8e486ddc580e31c602d1b9.jpeg","contentUrl":"https:\/\/www.webdo.tn\/fr\/wp-content\/uploads\/2023\/10\/f8acbaa02b8e486ddc580e31c602d1b9.jpeg","width":750,"height":400,"caption":"JCC 2023 - Hommage au r\u00e9alisateur et \u00e9crivain s\u00e9n\u00e9galais Semb\u00e8ne Ousmane (1923-2023)"},{"@type":"BreadcrumbList","@id":"https:\/\/www.webdo.tn\/fr\/actualite\/culture\/jcc-2023-hommage-au-realisateur-et-ecrivain-senegalais-sembene-ousmane-1923-2023\/209313\/#breadcrumb","itemListElement":[{"@type":"ListItem","position":1,"name":"Accueil","item":"https:\/\/www.webdo.tn\/fr\/"},{"@type":"ListItem","position":2,"name":"JCC 2023 &#8211; Hommage au r\u00e9alisateur et \u00e9crivain s\u00e9n\u00e9galais Semb\u00e8ne Ousmane (1923-2023)"}]},{"@type":"WebSite","@id":"https:\/\/www.webdo.tn\/fr\/#website","url":"https:\/\/www.webdo.tn\/fr\/","name":"webdo","description":"Tunisie - News en Tunisie et \u00e0 l&#039;international sur Webdo.tn","publisher":{"@id":"https:\/\/www.webdo.tn\/fr\/#organization"},"potentialAction":[{"@type":"SearchAction","target":{"@type":"EntryPoint","urlTemplate":"https:\/\/www.webdo.tn\/fr\/?s={search_term_string}"},"query-input":{"@type":"PropertyValueSpecification","valueRequired":true,"valueName":"search_term_string"}}],"inLanguage":"fr-FR"},{"@type":"Organization","@id":"https:\/\/www.webdo.tn\/fr\/#organization","name":"Webdo","alternateName":"Webdo.tn","url":"https:\/\/www.webdo.tn\/fr\/","logo":{"@type":"ImageObject","inLanguage":"fr-FR","@id":"https:\/\/www.webdo.tn\/fr\/#\/schema\/logo\/image\/","url":"https:\/\/www.webdo.tn\/fr\/wp-content\/uploads\/2025\/06\/Webdo-Tunisie_168377.jpg","contentUrl":"https:\/\/www.webdo.tn\/fr\/wp-content\/uploads\/2025\/06\/Webdo-Tunisie_168377.jpg","width":301,"height":301,"caption":"Webdo"},"image":{"@id":"https:\/\/www.webdo.tn\/fr\/#\/schema\/logo\/image\/"},"sameAs":["https:\/\/www.facebook.com\/webdotn","https:\/\/x.com\/webdo_tn"],"description":"Webdo est un m\u00e9dia num\u00e9rique tunisien fond\u00e9 en 2010, sp\u00e9cialis\u00e9 dans l\u2019actualit\u00e9 nationale et internationale, l\u2019\u00e9conomie, la soci\u00e9t\u00e9 et les analyses politiques. Le site s\u2019adresse \u00e0 un large public francophone et couvre l\u2019information tunisienne en temps r\u00e9el.","email":"redac@webdo.tn","legalName":"YNJ SARL","foundingDate":"2010-09-06","numberOfEmployees":{"@type":"QuantitativeValue","minValue":"11","maxValue":"50"}},{"@type":"Person","@id":"https:\/\/www.webdo.tn\/fr\/#\/schema\/person\/60d5ba619ed3f58783b0dc82b7dada80","name":"Ne\u00efla DRISS","image":{"@type":"ImageObject","inLanguage":"fr-FR","@id":"https:\/\/www.webdo.tn\/fr\/wp-content\/uploads\/2026\/04\/neila-driss_avatar-96x96.jpg","url":"https:\/\/www.webdo.tn\/fr\/wp-content\/uploads\/2026\/04\/neila-driss_avatar-96x96.jpg","contentUrl":"https:\/\/www.webdo.tn\/fr\/wp-content\/uploads\/2026\/04\/neila-driss_avatar-96x96.jpg","caption":"Ne\u00efla DRISS"},"description":"Ne\u00efla Driss est juriste, journaliste culturelle et critique de cin\u00e9ma tunisienne. Titulaire d\u2019un DEA en droit priv\u00e9 de l\u2019Universit\u00e9 Paris II et d\u2019un DESS de l\u2019IHEC Carthage, elle d\u00e9bute sa carri\u00e8re comme juriste sp\u00e9cialis\u00e9e en gestion de patrimoine immobilier. Elle s\u2019oriente ensuite vers l\u2019\u00e9criture en ligne, o\u00f9 elle se distingue d\u00e8s 2006 aux Tunisia Blog Awards, avant de se consacrer au journalisme culturel, avec une sp\u00e9cialisation dans la critique cin\u00e9matographique. Elle couvre r\u00e9guli\u00e8rement les grands festivals internationaux, notamment le Festival de Cannes, les Journ\u00e9es Cin\u00e9matographiques de Carthage et le Festival du film du Caire. Membre de l\u2019ATPCC et de la FIPRESCI, elle participe \u00e0 des jurys et initiatives internationales de critique. Depuis 2024, elle est \u00e9lectrice internationale aux Golden Globes. Facebook : https:\/\/www.facebook.com\/massir.destiniii\/ X : https:\/\/x.com\/MassirDestin","sameAs":["https:\/\/www.facebook.com\/massir.destiniii\/","https:\/\/www.instagram.com\/neila.driss\/?hl=fr","https:\/\/www.linkedin.com\/in\/neila-driss-22606a80\/","https:\/\/x.com\/https:\/\/x.com\/MassirDestin"],"knowsAbout":["Cin\u00e9ma international","critique cin\u00e9matographique","festivals de cin\u00e9ma","journalisme culturel"],"knowsLanguage":["Fran\u00e7ais","Arabe","Anglais"],"jobTitle":"Journaliste culturelle et critique de cin\u00e9ma","worksFor":"Webdo","url":"https:\/\/www.webdo.tn\/fr\/actualite\/author\/neila-driss\/"}]}},"_links":{"self":[{"href":"https:\/\/www.webdo.tn\/fr\/wp-json\/wp\/v2\/posts\/209313","targetHints":{"allow":["GET"]}}],"collection":[{"href":"https:\/\/www.webdo.tn\/fr\/wp-json\/wp\/v2\/posts"}],"about":[{"href":"https:\/\/www.webdo.tn\/fr\/wp-json\/wp\/v2\/types\/post"}],"author":[{"embeddable":true,"href":"https:\/\/www.webdo.tn\/fr\/wp-json\/wp\/v2\/users\/3164"}],"replies":[{"embeddable":true,"href":"https:\/\/www.webdo.tn\/fr\/wp-json\/wp\/v2\/comments?post=209313"}],"version-history":[{"count":0,"href":"https:\/\/www.webdo.tn\/fr\/wp-json\/wp\/v2\/posts\/209313\/revisions"}],"wp:featuredmedia":[{"embeddable":true,"href":"https:\/\/www.webdo.tn\/fr\/wp-json\/wp\/v2\/media\/278871"}],"wp:attachment":[{"href":"https:\/\/www.webdo.tn\/fr\/wp-json\/wp\/v2\/media?parent=209313"}],"wp:term":[{"taxonomy":"category","embeddable":true,"href":"https:\/\/www.webdo.tn\/fr\/wp-json\/wp\/v2\/categories?post=209313"},{"taxonomy":"post_tag","embeddable":true,"href":"https:\/\/www.webdo.tn\/fr\/wp-json\/wp\/v2\/tags?post=209313"}],"curies":[{"name":"wp","href":"https:\/\/api.w.org\/{rel}","templated":true}]}}