{"id":209294,"date":"2023-10-13T09:10:00","date_gmt":"2023-10-13T09:10:00","guid":{"rendered":"https:\/\/www.webdo.tn\/fr\/blog\/le-bilan-des-victimes-de-plus-en-plus-lourd-a-gaza\/209294\/"},"modified":"2025-05-20T21:56:51","modified_gmt":"2025-05-20T21:56:51","slug":"le-bilan-des-victimes-de-plus-en-plus-lourd-a-gaza","status":"publish","type":"post","link":"https:\/\/www.webdo.tn\/fr\/actualite\/international\/le-bilan-des-victimes-de-plus-en-plus-lourd-a-gaza\/209294\/","title":{"rendered":"Le bilan des victimes de plus en plus lourd \u00e0 Gaza"},"content":{"rendered":"<p>Au septi\u00e8me jour de combats entre le Hamas et Isra\u00ebl, le bilan de l&rsquo;agression isra\u00e9lienne contre les Palestiniens dans la bande de Gaza et en Cisjordanie ne cesse de s&rsquo;alourdir.<\/p>\n<p>\t\t\t\t\t\t\t\t\tLe minist\u00e8re\u00a0 palestinien de la Sant\u00e9 a annonc\u00e9, ce vendredi 13 octobre 2023, que les frappes et bombardements isra\u00e9liens dans la bande de Gaza et en Cisjordanie ont tu\u00e9, jusqu&rsquo;\u00e0 pr\u00e9sent 1572 personnes alors qu&rsquo;on d\u00e9nombre 7262 bless\u00e9s.<\/p>\n<p>Rappelons que depuis samedi, des avions de combat isra\u00e9liens ont intensifi\u00e9 leurs frappes a\u00e9riennes dans plusieurs quartiers de la bande de Gaza, causant d&rsquo;importantes pertes en vies humaines, principalement parmi la population civile.<\/p>\n<p>Ces attaques ont, \u00e9galement, provoqu\u00e9 le d\u00e9placement de pr\u00e8s de 400.000 habitants et d&rsquo;importants d\u00e9g\u00e2ts mat\u00e9riels dans la r\u00e9gion alors qu&rsquo;Isra\u00ebl continue de pilonner sans rel\u00e2che la bande de Gaza avec l\u2019objectif \u00ab\u00a0d\u2019\u00e9craser\u00a0\u00bb et \u00ab\u00a0d\u00e9truire\u00a0\u00bb le Hamas.<\/p>\n<p>C\u00f4t\u00e9 isra\u00e9lien, 1200 morts et plus de 2700 bless\u00e9s sont recens\u00e9s \u00e0 la suite de l\u2019op\u00e9ration \u00ab\u00a0D\u00e9luge d\u2019Al-Aqsa\u00a0\u00bb. L\u2019arm\u00e9e isra\u00e9lienne disait mardi matin avoir retrouv\u00e9 \u00ab\u00a0environ 1500 corps\u00a0\u00bb de terroristes du Hamas sur le sol isra\u00e9lien depuis samedi.<\/p>\n<p>Par ailleurs, l\u2019arm\u00e9e isra\u00e9lienne a ordonn\u00e9, ce matin l\u2019\u00e9vacuation de \u00ab\u00a0tous les civils de Gaza\u00a0\u00bb vers le sud de l\u2019enclave palestinienne, un ultimatum qui pourrait indiquer l\u2019imminence d\u2019une invasion terrestre.<\/p>\n<p>L\u2019ONU, qui a \u00e9t\u00e9 inform\u00e9e par l\u2019arm\u00e9e isra\u00e9lienne d\u2019un ordre d\u2019\u00e9vacuation concernant 1,1 million d\u2019habitants du nord de la bande de Gaza vers le sud dans les 24 heures, a r\u00e9clam\u00e9 que cet ordre soit annul\u00e9 car un \u00ab tel d\u00e9placement de population \u00bb risquerait de \u00ab provoquer des cons\u00e9quences humanitaires d\u00e9vastatrices \u00bb.<\/p>\n<p>De son c\u00f4t\u00e9, le Hamas a demand\u00e9 vendredi aux Palestiniens vivant \u00e0 Gaza de ne pas quitter leur domicile. Il a accus\u00e9 Isra\u00ebl de se livrer \u00e0 une \u00abguerre psychologique\u00bb en envoyant des messages demandant aux civils palestiniens et aux employ\u00e9s des organisations internationales d&rsquo;\u00e9vacuer vers le sud.<\/p>\n","protected":false},"excerpt":{"rendered":"<p>Au septi\u00e8me jour de combats entre le Hamas et Isra\u00ebl, le bilan de l&rsquo;agression isra\u00e9lienne contre les Palestiniens a fait pr\u00e8s de 1600 morts \u00e0 Gaza et en Cisjord&#8230;<\/p>\n","protected":false},"author":3162,"featured_media":249081,"comment_status":"open","ping_status":"closed","sticky":false,"template":"","format":"standard","meta":{"footnotes":""},"categories":[2598],"tags":[2689,3349,2636,3208],"class_list":["post-209294","post","type-post","status-publish","format-standard","has-post-thumbnail","hentry","category-international","tag-gaza","tag-hamas","tag-israel","tag-morts"],"yoast_head":"<!-- This site is optimized with the Yoast SEO Premium plugin v27.4 (Yoast SEO v27.4) - https:\/\/yoast.com\/product\/yoast-seo-premium-wordpress\/ -->\n<title>Le bilan des victimes de plus en plus lourd \u00e0 Gaza<\/title>\n<meta name=\"description\" content=\"Au septi\u00e8me jour de combats entre le Hamas et Isra\u00ebl, le bilan de l&#039;agression isra\u00e9lienne contre les Palestiniens a fait pr\u00e8s de 1600 morts \u00e0 Gaza et en Cisjord...\" \/>\n<link rel=\"canonical\" href=\"https:\/\/www.webdo.tn\/fr\/actualite\/international\/le-bilan-des-victimes-de-plus-en-plus-lourd-a-gaza\/209294\/\" \/>\n<meta property=\"og:locale\" content=\"fr_FR\" \/>\n<meta property=\"og:type\" content=\"article\" \/>\n<meta property=\"og:title\" content=\"Le bilan des victimes de plus en plus lourd \u00e0 Gaza\" \/>\n<meta property=\"og:description\" content=\"Au septi\u00e8me jour de combats entre le Hamas et Isra\u00ebl, le bilan de l&#039;agression isra\u00e9lienne contre les Palestiniens a fait pr\u00e8s de 1600 morts \u00e0 Gaza et en Cisjord...\" \/>\n<meta property=\"og:url\" content=\"https:\/\/www.webdo.tn\/fr\/actualite\/international\/le-bilan-des-victimes-de-plus-en-plus-lourd-a-gaza\/209294\/\" \/>\n<meta property=\"og:site_name\" content=\"webdo\" \/>\n<meta property=\"article:publisher\" content=\"https:\/\/www.facebook.com\/webdotn\" \/>\n<meta property=\"article:published_time\" content=\"2023-10-13T09:10:00+00:00\" \/>\n<meta property=\"article:modified_time\" content=\"2025-05-20T21:56:51+00:00\" \/>\n<meta property=\"og:image\" content=\"https:\/\/www.webdo.tn\/fr\/wp-content\/uploads\/2023\/10\/5b33cfcc80bce78eb806efbaa491e9ea.jpg\" \/>\n\t<meta property=\"og:image:width\" content=\"750\" \/>\n\t<meta property=\"og:image:height\" content=\"400\" \/>\n\t<meta property=\"og:image:type\" content=\"image\/jpeg\" \/>\n<meta name=\"author\" content=\"MC\" \/>\n<meta name=\"twitter:card\" content=\"summary_large_image\" \/>\n<meta name=\"twitter:creator\" content=\"@webdo_tn\" \/>\n<meta name=\"twitter:site\" content=\"@webdo_tn\" \/>\n<meta name=\"twitter:label1\" content=\"\u00c9crit par\" \/>\n\t<meta name=\"twitter:data1\" content=\"MC\" \/>\n\t<meta name=\"twitter:label2\" content=\"Dur\u00e9e de lecture estim\u00e9e\" \/>\n\t<meta name=\"twitter:data2\" content=\"2 minutes\" \/>\n<script type=\"application\/ld+json\" class=\"yoast-schema-graph\">{\"@context\":\"https:\\\/\\\/schema.org\",\"@graph\":[{\"@type\":\"NewsArticle\",\"@id\":\"https:\\\/\\\/www.webdo.tn\\\/fr\\\/actualite\\\/international\\\/le-bilan-des-victimes-de-plus-en-plus-lourd-a-gaza\\\/209294\\\/#article\",\"isPartOf\":{\"@id\":\"https:\\\/\\\/www.webdo.tn\\\/fr\\\/actualite\\\/international\\\/le-bilan-des-victimes-de-plus-en-plus-lourd-a-gaza\\\/209294\\\/\"},\"author\":{\"name\":\"MC\",\"@id\":\"https:\\\/\\\/www.webdo.tn\\\/fr\\\/#\\\/schema\\\/person\\\/2c4929cbf5a809e3bd38617c6ce150f6\"},\"headline\":\"Le bilan des victimes de plus en plus lourd \u00e0 Gaza\",\"datePublished\":\"2023-10-13T09:10:00+00:00\",\"dateModified\":\"2025-05-20T21:56:51+00:00\",\"mainEntityOfPage\":{\"@id\":\"https:\\\/\\\/www.webdo.tn\\\/fr\\\/actualite\\\/international\\\/le-bilan-des-victimes-de-plus-en-plus-lourd-a-gaza\\\/209294\\\/\"},\"wordCount\":362,\"commentCount\":0,\"publisher\":{\"@id\":\"https:\\\/\\\/www.webdo.tn\\\/fr\\\/#organization\"},\"image\":{\"@id\":\"https:\\\/\\\/www.webdo.tn\\\/fr\\\/actualite\\\/international\\\/le-bilan-des-victimes-de-plus-en-plus-lourd-a-gaza\\\/209294\\\/#primaryimage\"},\"thumbnailUrl\":\"https:\\\/\\\/www.webdo.tn\\\/fr\\\/wp-content\\\/uploads\\\/2023\\\/10\\\/5b33cfcc80bce78eb806efbaa491e9ea.jpg\",\"keywords\":[\"Gaza\",\"hamas\",\"isra\u00ebl\",\"morts\"],\"articleSection\":[\"International\"],\"inLanguage\":\"fr-FR\"},{\"@type\":\"WebPage\",\"@id\":\"https:\\\/\\\/www.webdo.tn\\\/fr\\\/actualite\\\/international\\\/le-bilan-des-victimes-de-plus-en-plus-lourd-a-gaza\\\/209294\\\/\",\"url\":\"https:\\\/\\\/www.webdo.tn\\\/fr\\\/actualite\\\/international\\\/le-bilan-des-victimes-de-plus-en-plus-lourd-a-gaza\\\/209294\\\/\",\"name\":\"Le bilan des victimes de plus en plus lourd \u00e0 Gaza\",\"isPartOf\":{\"@id\":\"https:\\\/\\\/www.webdo.tn\\\/fr\\\/#website\"},\"primaryImageOfPage\":{\"@id\":\"https:\\\/\\\/www.webdo.tn\\\/fr\\\/actualite\\\/international\\\/le-bilan-des-victimes-de-plus-en-plus-lourd-a-gaza\\\/209294\\\/#primaryimage\"},\"image\":{\"@id\":\"https:\\\/\\\/www.webdo.tn\\\/fr\\\/actualite\\\/international\\\/le-bilan-des-victimes-de-plus-en-plus-lourd-a-gaza\\\/209294\\\/#primaryimage\"},\"thumbnailUrl\":\"https:\\\/\\\/www.webdo.tn\\\/fr\\\/wp-content\\\/uploads\\\/2023\\\/10\\\/5b33cfcc80bce78eb806efbaa491e9ea.jpg\",\"datePublished\":\"2023-10-13T09:10:00+00:00\",\"dateModified\":\"2025-05-20T21:56:51+00:00\",\"description\":\"Au septi\u00e8me jour de combats entre le Hamas et Isra\u00ebl, le bilan de l'agression isra\u00e9lienne contre les Palestiniens a fait pr\u00e8s de 1600 morts \u00e0 Gaza et en Cisjord...\",\"breadcrumb\":{\"@id\":\"https:\\\/\\\/www.webdo.tn\\\/fr\\\/actualite\\\/international\\\/le-bilan-des-victimes-de-plus-en-plus-lourd-a-gaza\\\/209294\\\/#breadcrumb\"},\"inLanguage\":\"fr-FR\",\"potentialAction\":[{\"@type\":\"ReadAction\",\"target\":[\"https:\\\/\\\/www.webdo.tn\\\/fr\\\/actualite\\\/international\\\/le-bilan-des-victimes-de-plus-en-plus-lourd-a-gaza\\\/209294\\\/\"]}]},{\"@type\":\"ImageObject\",\"inLanguage\":\"fr-FR\",\"@id\":\"https:\\\/\\\/www.webdo.tn\\\/fr\\\/actualite\\\/international\\\/le-bilan-des-victimes-de-plus-en-plus-lourd-a-gaza\\\/209294\\\/#primaryimage\",\"url\":\"https:\\\/\\\/www.webdo.tn\\\/fr\\\/wp-content\\\/uploads\\\/2023\\\/10\\\/5b33cfcc80bce78eb806efbaa491e9ea.jpg\",\"contentUrl\":\"https:\\\/\\\/www.webdo.tn\\\/fr\\\/wp-content\\\/uploads\\\/2023\\\/10\\\/5b33cfcc80bce78eb806efbaa491e9ea.jpg\",\"width\":750,\"height\":400,\"caption\":\"Le bilan des victimes de plus en plus lourd \u00e0 Gaza\"},{\"@type\":\"BreadcrumbList\",\"@id\":\"https:\\\/\\\/www.webdo.tn\\\/fr\\\/actualite\\\/international\\\/le-bilan-des-victimes-de-plus-en-plus-lourd-a-gaza\\\/209294\\\/#breadcrumb\",\"itemListElement\":[{\"@type\":\"ListItem\",\"position\":1,\"name\":\"Accueil\",\"item\":\"https:\\\/\\\/www.webdo.tn\\\/fr\\\/\"},{\"@type\":\"ListItem\",\"position\":2,\"name\":\"Le bilan des victimes de plus en plus lourd \u00e0 Gaza\"}]},{\"@type\":\"WebSite\",\"@id\":\"https:\\\/\\\/www.webdo.tn\\\/fr\\\/#website\",\"url\":\"https:\\\/\\\/www.webdo.tn\\\/fr\\\/\",\"name\":\"webdo\",\"description\":\"Tunisie - News en Tunisie et \u00e0 l&#039;international sur Webdo.tn\",\"publisher\":{\"@id\":\"https:\\\/\\\/www.webdo.tn\\\/fr\\\/#organization\"},\"potentialAction\":[{\"@type\":\"SearchAction\",\"target\":{\"@type\":\"EntryPoint\",\"urlTemplate\":\"https:\\\/\\\/www.webdo.tn\\\/fr\\\/?s={search_term_string}\"},\"query-input\":{\"@type\":\"PropertyValueSpecification\",\"valueRequired\":true,\"valueName\":\"search_term_string\"}}],\"inLanguage\":\"fr-FR\"},{\"@type\":\"Organization\",\"@id\":\"https:\\\/\\\/www.webdo.tn\\\/fr\\\/#organization\",\"name\":\"Webdo\",\"alternateName\":\"Webdo.tn\",\"url\":\"https:\\\/\\\/www.webdo.tn\\\/fr\\\/\",\"logo\":{\"@type\":\"ImageObject\",\"inLanguage\":\"fr-FR\",\"@id\":\"https:\\\/\\\/www.webdo.tn\\\/fr\\\/#\\\/schema\\\/logo\\\/image\\\/\",\"url\":\"https:\\\/\\\/www.webdo.tn\\\/fr\\\/wp-content\\\/uploads\\\/2025\\\/06\\\/Webdo-Tunisie_168377.jpg\",\"contentUrl\":\"https:\\\/\\\/www.webdo.tn\\\/fr\\\/wp-content\\\/uploads\\\/2025\\\/06\\\/Webdo-Tunisie_168377.jpg\",\"width\":301,\"height\":301,\"caption\":\"Webdo\"},\"image\":{\"@id\":\"https:\\\/\\\/www.webdo.tn\\\/fr\\\/#\\\/schema\\\/logo\\\/image\\\/\"},\"sameAs\":[\"https:\\\/\\\/www.facebook.com\\\/webdotn\",\"https:\\\/\\\/x.com\\\/webdo_tn\"],\"description\":\"Webdo est un m\u00e9dia num\u00e9rique tunisien fond\u00e9 en 2010, sp\u00e9cialis\u00e9 dans l\u2019actualit\u00e9 nationale et internationale, l\u2019\u00e9conomie, la soci\u00e9t\u00e9 et les analyses politiques. Le site s\u2019adresse \u00e0 un large public francophone et couvre l\u2019information tunisienne en temps r\u00e9el.\",\"email\":\"redac@webdo.tn\",\"legalName\":\"YNJ SARL\",\"foundingDate\":\"2010-09-06\",\"numberOfEmployees\":{\"@type\":\"QuantitativeValue\",\"minValue\":\"11\",\"maxValue\":\"50\"}},{\"@type\":\"Person\",\"@id\":\"https:\\\/\\\/www.webdo.tn\\\/fr\\\/#\\\/schema\\\/person\\\/2c4929cbf5a809e3bd38617c6ce150f6\",\"name\":\"MC\",\"image\":{\"@type\":\"ImageObject\",\"inLanguage\":\"fr-FR\",\"@id\":\"https:\\\/\\\/secure.gravatar.com\\\/avatar\\\/a545bbb6f84efdd5553dbbc2895e3ca8f1d12c5215e00a041c9670b54aa9b18a?s=96&d=mm&r=g\",\"url\":\"https:\\\/\\\/secure.gravatar.com\\\/avatar\\\/a545bbb6f84efdd5553dbbc2895e3ca8f1d12c5215e00a041c9670b54aa9b18a?s=96&d=mm&r=g\",\"contentUrl\":\"https:\\\/\\\/secure.gravatar.com\\\/avatar\\\/a545bbb6f84efdd5553dbbc2895e3ca8f1d12c5215e00a041c9670b54aa9b18a?s=96&d=mm&r=g\",\"caption\":\"MC\"},\"url\":\"https:\\\/\\\/www.webdo.tn\\\/fr\\\/actualite\\\/author\\\/mc\\\/\"}]}<\/script>\n<!-- \/ Yoast SEO Premium plugin. -->","yoast_head_json":{"title":"Le bilan des victimes de plus en plus lourd \u00e0 Gaza","description":"Au septi\u00e8me jour de combats entre le Hamas et Isra\u00ebl, le bilan de l'agression isra\u00e9lienne contre les Palestiniens a fait pr\u00e8s de 1600 morts \u00e0 Gaza et en Cisjord...","canonical":"https:\/\/www.webdo.tn\/fr\/actualite\/international\/le-bilan-des-victimes-de-plus-en-plus-lourd-a-gaza\/209294\/","og_locale":"fr_FR","og_type":"article","og_title":"Le bilan des victimes de plus en plus lourd \u00e0 Gaza","og_description":"Au septi\u00e8me jour de combats entre le Hamas et Isra\u00ebl, le bilan de l'agression isra\u00e9lienne contre les Palestiniens a fait pr\u00e8s de 1600 morts \u00e0 Gaza et en Cisjord...","og_url":"https:\/\/www.webdo.tn\/fr\/actualite\/international\/le-bilan-des-victimes-de-plus-en-plus-lourd-a-gaza\/209294\/","og_site_name":"webdo","article_publisher":"https:\/\/www.facebook.com\/webdotn","article_published_time":"2023-10-13T09:10:00+00:00","article_modified_time":"2025-05-20T21:56:51+00:00","og_image":[{"width":750,"height":400,"url":"https:\/\/www.webdo.tn\/fr\/wp-content\/uploads\/2023\/10\/5b33cfcc80bce78eb806efbaa491e9ea.jpg","type":"image\/jpeg"}],"author":"MC","twitter_card":"summary_large_image","twitter_creator":"@webdo_tn","twitter_site":"@webdo_tn","twitter_misc":{"\u00c9crit par":"MC","Dur\u00e9e de lecture estim\u00e9e":"2 minutes"},"schema":{"@context":"https:\/\/schema.org","@graph":[{"@type":"NewsArticle","@id":"https:\/\/www.webdo.tn\/fr\/actualite\/international\/le-bilan-des-victimes-de-plus-en-plus-lourd-a-gaza\/209294\/#article","isPartOf":{"@id":"https:\/\/www.webdo.tn\/fr\/actualite\/international\/le-bilan-des-victimes-de-plus-en-plus-lourd-a-gaza\/209294\/"},"author":{"name":"MC","@id":"https:\/\/www.webdo.tn\/fr\/#\/schema\/person\/2c4929cbf5a809e3bd38617c6ce150f6"},"headline":"Le bilan des victimes de plus en plus lourd \u00e0 Gaza","datePublished":"2023-10-13T09:10:00+00:00","dateModified":"2025-05-20T21:56:51+00:00","mainEntityOfPage":{"@id":"https:\/\/www.webdo.tn\/fr\/actualite\/international\/le-bilan-des-victimes-de-plus-en-plus-lourd-a-gaza\/209294\/"},"wordCount":362,"commentCount":0,"publisher":{"@id":"https:\/\/www.webdo.tn\/fr\/#organization"},"image":{"@id":"https:\/\/www.webdo.tn\/fr\/actualite\/international\/le-bilan-des-victimes-de-plus-en-plus-lourd-a-gaza\/209294\/#primaryimage"},"thumbnailUrl":"https:\/\/www.webdo.tn\/fr\/wp-content\/uploads\/2023\/10\/5b33cfcc80bce78eb806efbaa491e9ea.jpg","keywords":["Gaza","hamas","isra\u00ebl","morts"],"articleSection":["International"],"inLanguage":"fr-FR"},{"@type":"WebPage","@id":"https:\/\/www.webdo.tn\/fr\/actualite\/international\/le-bilan-des-victimes-de-plus-en-plus-lourd-a-gaza\/209294\/","url":"https:\/\/www.webdo.tn\/fr\/actualite\/international\/le-bilan-des-victimes-de-plus-en-plus-lourd-a-gaza\/209294\/","name":"Le bilan des victimes de plus en plus lourd \u00e0 Gaza","isPartOf":{"@id":"https:\/\/www.webdo.tn\/fr\/#website"},"primaryImageOfPage":{"@id":"https:\/\/www.webdo.tn\/fr\/actualite\/international\/le-bilan-des-victimes-de-plus-en-plus-lourd-a-gaza\/209294\/#primaryimage"},"image":{"@id":"https:\/\/www.webdo.tn\/fr\/actualite\/international\/le-bilan-des-victimes-de-plus-en-plus-lourd-a-gaza\/209294\/#primaryimage"},"thumbnailUrl":"https:\/\/www.webdo.tn\/fr\/wp-content\/uploads\/2023\/10\/5b33cfcc80bce78eb806efbaa491e9ea.jpg","datePublished":"2023-10-13T09:10:00+00:00","dateModified":"2025-05-20T21:56:51+00:00","description":"Au septi\u00e8me jour de combats entre le Hamas et Isra\u00ebl, le bilan de l'agression isra\u00e9lienne contre les Palestiniens a fait pr\u00e8s de 1600 morts \u00e0 Gaza et en Cisjord...","breadcrumb":{"@id":"https:\/\/www.webdo.tn\/fr\/actualite\/international\/le-bilan-des-victimes-de-plus-en-plus-lourd-a-gaza\/209294\/#breadcrumb"},"inLanguage":"fr-FR","potentialAction":[{"@type":"ReadAction","target":["https:\/\/www.webdo.tn\/fr\/actualite\/international\/le-bilan-des-victimes-de-plus-en-plus-lourd-a-gaza\/209294\/"]}]},{"@type":"ImageObject","inLanguage":"fr-FR","@id":"https:\/\/www.webdo.tn\/fr\/actualite\/international\/le-bilan-des-victimes-de-plus-en-plus-lourd-a-gaza\/209294\/#primaryimage","url":"https:\/\/www.webdo.tn\/fr\/wp-content\/uploads\/2023\/10\/5b33cfcc80bce78eb806efbaa491e9ea.jpg","contentUrl":"https:\/\/www.webdo.tn\/fr\/wp-content\/uploads\/2023\/10\/5b33cfcc80bce78eb806efbaa491e9ea.jpg","width":750,"height":400,"caption":"Le bilan des victimes de plus en plus lourd \u00e0 Gaza"},{"@type":"BreadcrumbList","@id":"https:\/\/www.webdo.tn\/fr\/actualite\/international\/le-bilan-des-victimes-de-plus-en-plus-lourd-a-gaza\/209294\/#breadcrumb","itemListElement":[{"@type":"ListItem","position":1,"name":"Accueil","item":"https:\/\/www.webdo.tn\/fr\/"},{"@type":"ListItem","position":2,"name":"Le bilan des victimes de plus en plus lourd \u00e0 Gaza"}]},{"@type":"WebSite","@id":"https:\/\/www.webdo.tn\/fr\/#website","url":"https:\/\/www.webdo.tn\/fr\/","name":"webdo","description":"Tunisie - News en Tunisie et \u00e0 l&#039;international sur Webdo.tn","publisher":{"@id":"https:\/\/www.webdo.tn\/fr\/#organization"},"potentialAction":[{"@type":"SearchAction","target":{"@type":"EntryPoint","urlTemplate":"https:\/\/www.webdo.tn\/fr\/?s={search_term_string}"},"query-input":{"@type":"PropertyValueSpecification","valueRequired":true,"valueName":"search_term_string"}}],"inLanguage":"fr-FR"},{"@type":"Organization","@id":"https:\/\/www.webdo.tn\/fr\/#organization","name":"Webdo","alternateName":"Webdo.tn","url":"https:\/\/www.webdo.tn\/fr\/","logo":{"@type":"ImageObject","inLanguage":"fr-FR","@id":"https:\/\/www.webdo.tn\/fr\/#\/schema\/logo\/image\/","url":"https:\/\/www.webdo.tn\/fr\/wp-content\/uploads\/2025\/06\/Webdo-Tunisie_168377.jpg","contentUrl":"https:\/\/www.webdo.tn\/fr\/wp-content\/uploads\/2025\/06\/Webdo-Tunisie_168377.jpg","width":301,"height":301,"caption":"Webdo"},"image":{"@id":"https:\/\/www.webdo.tn\/fr\/#\/schema\/logo\/image\/"},"sameAs":["https:\/\/www.facebook.com\/webdotn","https:\/\/x.com\/webdo_tn"],"description":"Webdo est un m\u00e9dia num\u00e9rique tunisien fond\u00e9 en 2010, sp\u00e9cialis\u00e9 dans l\u2019actualit\u00e9 nationale et internationale, l\u2019\u00e9conomie, la soci\u00e9t\u00e9 et les analyses politiques. Le site s\u2019adresse \u00e0 un large public francophone et couvre l\u2019information tunisienne en temps r\u00e9el.","email":"redac@webdo.tn","legalName":"YNJ SARL","foundingDate":"2010-09-06","numberOfEmployees":{"@type":"QuantitativeValue","minValue":"11","maxValue":"50"}},{"@type":"Person","@id":"https:\/\/www.webdo.tn\/fr\/#\/schema\/person\/2c4929cbf5a809e3bd38617c6ce150f6","name":"MC","image":{"@type":"ImageObject","inLanguage":"fr-FR","@id":"https:\/\/secure.gravatar.com\/avatar\/a545bbb6f84efdd5553dbbc2895e3ca8f1d12c5215e00a041c9670b54aa9b18a?s=96&d=mm&r=g","url":"https:\/\/secure.gravatar.com\/avatar\/a545bbb6f84efdd5553dbbc2895e3ca8f1d12c5215e00a041c9670b54aa9b18a?s=96&d=mm&r=g","contentUrl":"https:\/\/secure.gravatar.com\/avatar\/a545bbb6f84efdd5553dbbc2895e3ca8f1d12c5215e00a041c9670b54aa9b18a?s=96&d=mm&r=g","caption":"MC"},"url":"https:\/\/www.webdo.tn\/fr\/actualite\/author\/mc\/"}]}},"_links":{"self":[{"href":"https:\/\/www.webdo.tn\/fr\/wp-json\/wp\/v2\/posts\/209294","targetHints":{"allow":["GET"]}}],"collection":[{"href":"https:\/\/www.webdo.tn\/fr\/wp-json\/wp\/v2\/posts"}],"about":[{"href":"https:\/\/www.webdo.tn\/fr\/wp-json\/wp\/v2\/types\/post"}],"author":[{"embeddable":true,"href":"https:\/\/www.webdo.tn\/fr\/wp-json\/wp\/v2\/users\/3162"}],"replies":[{"embeddable":true,"href":"https:\/\/www.webdo.tn\/fr\/wp-json\/wp\/v2\/comments?post=209294"}],"version-history":[{"count":0,"href":"https:\/\/www.webdo.tn\/fr\/wp-json\/wp\/v2\/posts\/209294\/revisions"}],"wp:featuredmedia":[{"embeddable":true,"href":"https:\/\/www.webdo.tn\/fr\/wp-json\/wp\/v2\/media\/249081"}],"wp:attachment":[{"href":"https:\/\/www.webdo.tn\/fr\/wp-json\/wp\/v2\/media?parent=209294"}],"wp:term":[{"taxonomy":"category","embeddable":true,"href":"https:\/\/www.webdo.tn\/fr\/wp-json\/wp\/v2\/categories?post=209294"},{"taxonomy":"post_tag","embeddable":true,"href":"https:\/\/www.webdo.tn\/fr\/wp-json\/wp\/v2\/tags?post=209294"}],"curies":[{"name":"wp","href":"https:\/\/api.w.org\/{rel}","templated":true}]}}