{"id":209286,"date":"2023-10-12T20:24:00","date_gmt":"2023-10-12T20:24:00","guid":{"rendered":"https:\/\/www.webdo.tn\/fr\/blog\/le-plf-2024-approuve-en-conseil-des-ministres\/209286\/"},"modified":"2025-05-20T22:52:04","modified_gmt":"2025-05-20T22:52:04","slug":"le-plf-2024-approuve-en-conseil-des-ministres","status":"publish","type":"post","link":"https:\/\/www.webdo.tn\/fr\/actualite\/national\/le-plf-2024-approuve-en-conseil-des-ministres\/209286\/","title":{"rendered":"Le PLF 2024 approuv\u00e9 en Conseil des ministres"},"content":{"rendered":"<p>Des projets de lois et d\u00e9crets \u00e0 caract\u00e8re \u00e9conomique ont \u00e9t\u00e9 approuv\u00e9s lors d&rsquo;une r\u00e9union du Conseil des ministres tenue, jeudi matin au Palais du Gouvernement \u00e0 la Kasbah et pr\u00e9sid\u00e9e par le Chef du Gouvernement Ahmed Hachani.<\/p>\n<p>\t\t\t\t\t\t\t\t\tIl s&rsquo;agit de :<\/p>\n<p>&#8211; Un projet de Loi de Finances compl\u00e9mentaire pour l&rsquo;ann\u00e9e 2023 qui comprend une mise \u00e0 jour du budget de l&rsquo;Etat 2023.<\/p>\n<p>&#8211; Un projet de Loi de Finances pour l&rsquo;ann\u00e9e 2024 qui comprend, outre les dispositions relatives au Budget, des dispositions fiscales et financi\u00e8res relatives \u00e0 la consolidation du r\u00f4le social de l&rsquo;Etat et \u00e0 la garantie de l&rsquo;approvisionnement du march\u00e9, au soutien du secteur de l&rsquo;agriculture, de la p\u00eache et des ressources hydrauliques et \u00e0 l&rsquo;appui de l&rsquo;inclusion financi\u00e8re des PME, \u00e0 l&rsquo;encouragement de l&rsquo;\u00e9pargne et au renforcement de l&rsquo;investissement.<\/p>\n<p>Il s&rsquo;agit \u00e9galement de dispositions relatives \u00e0 la mise en place de m\u00e9canismes alternatifs pour financer la compensation, le soutien \u00e0 l&rsquo;\u00e9conomie verte et du d\u00e9veloppement durable,<br \/>\n\u00e0 la lutte contre l&rsquo;\u00e9vasion fiscale et \u00e0 l&rsquo;int\u00e9gration de l&rsquo;\u00e9conomie parall\u00e8le, \u00e0 la conformit\u00e9 fiscale et au renforcement des garanties au profit du contribuable.<\/p>\n<p>&#8211; Un projet de loi portant approbation de la convention de financement, conclue le 10 octobre 2023, entre la R\u00e9publique tunisienne et un groupe de banques locales pour le financement du budget de l&rsquo;Etat, moyennant un pr\u00eat syndiqu\u00e9 en devises d&rsquo;environ 750 millions de dinars.<\/p>\n","protected":false},"excerpt":{"rendered":"<p>Des projets de lois et d\u00e9crets \u00e0 caract\u00e8re \u00e9conomique ont \u00e9t\u00e9 approuv\u00e9s lors d&rsquo;une r\u00e9union du Conseil des ministres tenue, jeudi matin au Palais du Gouvernement&#8230;<\/p>\n","protected":false},"author":3175,"featured_media":278857,"comment_status":"open","ping_status":"closed","sticky":false,"template":"","format":"standard","meta":{"footnotes":""},"categories":[44],"tags":[4579,7429,2608],"class_list":["post-209286","post","type-post","status-publish","format-standard","has-post-thumbnail","hentry","category-national","tag-loi-de-finances","tag-plf-2024","tag-tunisie"],"yoast_head":"<!-- This site is optimized with the Yoast SEO Premium plugin v27.5 (Yoast SEO v27.5) - https:\/\/yoast.com\/product\/yoast-seo-premium-wordpress\/ -->\n<title>Le PLF 2024 approuv\u00e9 en Conseil des ministres<\/title>\n<meta name=\"description\" content=\"Des projets de lois et d\u00e9crets \u00e0 caract\u00e8re \u00e9conomique ont \u00e9t\u00e9 approuv\u00e9s lors d&#039;une r\u00e9union du Conseil des ministres tenue, jeudi matin au Palais du Gouvernement...\" \/>\n<link rel=\"canonical\" href=\"https:\/\/www.webdo.tn\/fr\/actualite\/national\/le-plf-2024-approuve-en-conseil-des-ministres\/209286\/\" \/>\n<meta property=\"og:locale\" content=\"fr_FR\" \/>\n<meta property=\"og:type\" content=\"article\" \/>\n<meta property=\"og:title\" content=\"Le PLF 2024 approuv\u00e9 en Conseil des ministres\" \/>\n<meta property=\"og:description\" content=\"Des projets de lois et d\u00e9crets \u00e0 caract\u00e8re \u00e9conomique ont \u00e9t\u00e9 approuv\u00e9s lors d&#039;une r\u00e9union du Conseil des ministres tenue, jeudi matin au Palais du Gouvernement...\" \/>\n<meta property=\"og:url\" content=\"https:\/\/www.webdo.tn\/fr\/actualite\/national\/le-plf-2024-approuve-en-conseil-des-ministres\/209286\/\" \/>\n<meta property=\"og:site_name\" content=\"webdo\" \/>\n<meta property=\"article:publisher\" content=\"https:\/\/www.facebook.com\/webdotn\" \/>\n<meta property=\"article:published_time\" content=\"2023-10-12T20:24:00+00:00\" \/>\n<meta property=\"article:modified_time\" content=\"2025-05-20T22:52:04+00:00\" \/>\n<meta property=\"og:image\" content=\"https:\/\/www.webdo.tn\/fr\/wp-content\/uploads\/2023\/10\/3b1f3ca34ac813a05adb2d421f438c67.jpg\" \/>\n\t<meta property=\"og:image:width\" content=\"750\" \/>\n\t<meta property=\"og:image:height\" content=\"400\" \/>\n\t<meta property=\"og:image:type\" content=\"image\/jpeg\" \/>\n<meta name=\"author\" content=\"CL\" \/>\n<meta name=\"twitter:card\" content=\"summary_large_image\" \/>\n<meta name=\"twitter:creator\" content=\"@webdo_tn\" \/>\n<meta name=\"twitter:site\" content=\"@webdo_tn\" \/>\n<meta name=\"twitter:label1\" content=\"\u00c9crit par\" \/>\n\t<meta name=\"twitter:data1\" content=\"CL\" \/>\n\t<meta name=\"twitter:label2\" content=\"Dur\u00e9e de lecture estim\u00e9e\" \/>\n\t<meta name=\"twitter:data2\" content=\"1 minute\" \/>\n<script type=\"application\/ld+json\" class=\"yoast-schema-graph\">{\"@context\":\"https:\\\/\\\/schema.org\",\"@graph\":[{\"@type\":\"NewsArticle\",\"@id\":\"https:\\\/\\\/www.webdo.tn\\\/fr\\\/actualite\\\/national\\\/le-plf-2024-approuve-en-conseil-des-ministres\\\/209286\\\/#article\",\"isPartOf\":{\"@id\":\"https:\\\/\\\/www.webdo.tn\\\/fr\\\/actualite\\\/national\\\/le-plf-2024-approuve-en-conseil-des-ministres\\\/209286\\\/\"},\"author\":{\"name\":\"CL\",\"@id\":\"https:\\\/\\\/www.webdo.tn\\\/fr\\\/#\\\/schema\\\/person\\\/f35b42a42c5e2511bbd282959d6385cc\"},\"headline\":\"Le PLF 2024 approuv\u00e9 en Conseil des ministres\",\"datePublished\":\"2023-10-12T20:24:00+00:00\",\"dateModified\":\"2025-05-20T22:52:04+00:00\",\"mainEntityOfPage\":{\"@id\":\"https:\\\/\\\/www.webdo.tn\\\/fr\\\/actualite\\\/national\\\/le-plf-2024-approuve-en-conseil-des-ministres\\\/209286\\\/\"},\"wordCount\":258,\"commentCount\":0,\"publisher\":{\"@id\":\"https:\\\/\\\/www.webdo.tn\\\/fr\\\/#organization\"},\"image\":{\"@id\":\"https:\\\/\\\/www.webdo.tn\\\/fr\\\/actualite\\\/national\\\/le-plf-2024-approuve-en-conseil-des-ministres\\\/209286\\\/#primaryimage\"},\"thumbnailUrl\":\"https:\\\/\\\/www.webdo.tn\\\/fr\\\/wp-content\\\/uploads\\\/2023\\\/10\\\/3b1f3ca34ac813a05adb2d421f438c67.jpg\",\"keywords\":[\"Loi de Finances\",\"PLF 2024\",\"Tunisie\"],\"articleSection\":[\"National\"],\"inLanguage\":\"fr-FR\"},{\"@type\":\"WebPage\",\"@id\":\"https:\\\/\\\/www.webdo.tn\\\/fr\\\/actualite\\\/national\\\/le-plf-2024-approuve-en-conseil-des-ministres\\\/209286\\\/\",\"url\":\"https:\\\/\\\/www.webdo.tn\\\/fr\\\/actualite\\\/national\\\/le-plf-2024-approuve-en-conseil-des-ministres\\\/209286\\\/\",\"name\":\"Le PLF 2024 approuv\u00e9 en Conseil des ministres\",\"isPartOf\":{\"@id\":\"https:\\\/\\\/www.webdo.tn\\\/fr\\\/#website\"},\"primaryImageOfPage\":{\"@id\":\"https:\\\/\\\/www.webdo.tn\\\/fr\\\/actualite\\\/national\\\/le-plf-2024-approuve-en-conseil-des-ministres\\\/209286\\\/#primaryimage\"},\"image\":{\"@id\":\"https:\\\/\\\/www.webdo.tn\\\/fr\\\/actualite\\\/national\\\/le-plf-2024-approuve-en-conseil-des-ministres\\\/209286\\\/#primaryimage\"},\"thumbnailUrl\":\"https:\\\/\\\/www.webdo.tn\\\/fr\\\/wp-content\\\/uploads\\\/2023\\\/10\\\/3b1f3ca34ac813a05adb2d421f438c67.jpg\",\"datePublished\":\"2023-10-12T20:24:00+00:00\",\"dateModified\":\"2025-05-20T22:52:04+00:00\",\"description\":\"Des projets de lois et d\u00e9crets \u00e0 caract\u00e8re \u00e9conomique ont \u00e9t\u00e9 approuv\u00e9s lors d'une r\u00e9union du Conseil des ministres tenue, jeudi matin au Palais du Gouvernement...\",\"breadcrumb\":{\"@id\":\"https:\\\/\\\/www.webdo.tn\\\/fr\\\/actualite\\\/national\\\/le-plf-2024-approuve-en-conseil-des-ministres\\\/209286\\\/#breadcrumb\"},\"inLanguage\":\"fr-FR\",\"potentialAction\":[{\"@type\":\"ReadAction\",\"target\":[\"https:\\\/\\\/www.webdo.tn\\\/fr\\\/actualite\\\/national\\\/le-plf-2024-approuve-en-conseil-des-ministres\\\/209286\\\/\"]}]},{\"@type\":\"ImageObject\",\"inLanguage\":\"fr-FR\",\"@id\":\"https:\\\/\\\/www.webdo.tn\\\/fr\\\/actualite\\\/national\\\/le-plf-2024-approuve-en-conseil-des-ministres\\\/209286\\\/#primaryimage\",\"url\":\"https:\\\/\\\/www.webdo.tn\\\/fr\\\/wp-content\\\/uploads\\\/2023\\\/10\\\/3b1f3ca34ac813a05adb2d421f438c67.jpg\",\"contentUrl\":\"https:\\\/\\\/www.webdo.tn\\\/fr\\\/wp-content\\\/uploads\\\/2023\\\/10\\\/3b1f3ca34ac813a05adb2d421f438c67.jpg\",\"width\":750,\"height\":400,\"caption\":\"Le PLF 2024 approuv\u00e9 en Conseil des ministres\"},{\"@type\":\"BreadcrumbList\",\"@id\":\"https:\\\/\\\/www.webdo.tn\\\/fr\\\/actualite\\\/national\\\/le-plf-2024-approuve-en-conseil-des-ministres\\\/209286\\\/#breadcrumb\",\"itemListElement\":[{\"@type\":\"ListItem\",\"position\":1,\"name\":\"Accueil\",\"item\":\"https:\\\/\\\/www.webdo.tn\\\/fr\\\/\"},{\"@type\":\"ListItem\",\"position\":2,\"name\":\"Le PLF 2024 approuv\u00e9 en Conseil des ministres\"}]},{\"@type\":\"WebSite\",\"@id\":\"https:\\\/\\\/www.webdo.tn\\\/fr\\\/#website\",\"url\":\"https:\\\/\\\/www.webdo.tn\\\/fr\\\/\",\"name\":\"webdo\",\"description\":\"Tunisie - News en Tunisie et \u00e0 l&#039;international sur Webdo.tn\",\"publisher\":{\"@id\":\"https:\\\/\\\/www.webdo.tn\\\/fr\\\/#organization\"},\"potentialAction\":[{\"@type\":\"SearchAction\",\"target\":{\"@type\":\"EntryPoint\",\"urlTemplate\":\"https:\\\/\\\/www.webdo.tn\\\/fr\\\/?s={search_term_string}\"},\"query-input\":{\"@type\":\"PropertyValueSpecification\",\"valueRequired\":true,\"valueName\":\"search_term_string\"}}],\"inLanguage\":\"fr-FR\"},{\"@type\":\"Organization\",\"@id\":\"https:\\\/\\\/www.webdo.tn\\\/fr\\\/#organization\",\"name\":\"Webdo\",\"alternateName\":\"Webdo.tn\",\"url\":\"https:\\\/\\\/www.webdo.tn\\\/fr\\\/\",\"logo\":{\"@type\":\"ImageObject\",\"inLanguage\":\"fr-FR\",\"@id\":\"https:\\\/\\\/www.webdo.tn\\\/fr\\\/#\\\/schema\\\/logo\\\/image\\\/\",\"url\":\"https:\\\/\\\/www.webdo.tn\\\/fr\\\/wp-content\\\/uploads\\\/2025\\\/06\\\/Webdo-Tunisie_168377.jpg\",\"contentUrl\":\"https:\\\/\\\/www.webdo.tn\\\/fr\\\/wp-content\\\/uploads\\\/2025\\\/06\\\/Webdo-Tunisie_168377.jpg\",\"width\":301,\"height\":301,\"caption\":\"Webdo\"},\"image\":{\"@id\":\"https:\\\/\\\/www.webdo.tn\\\/fr\\\/#\\\/schema\\\/logo\\\/image\\\/\"},\"sameAs\":[\"https:\\\/\\\/www.facebook.com\\\/webdotn\",\"https:\\\/\\\/x.com\\\/webdo_tn\"],\"description\":\"Webdo est un m\u00e9dia num\u00e9rique tunisien fond\u00e9 en 2010, sp\u00e9cialis\u00e9 dans l\u2019actualit\u00e9 nationale et internationale, l\u2019\u00e9conomie, la soci\u00e9t\u00e9 et les analyses politiques. Le site s\u2019adresse \u00e0 un large public francophone et couvre l\u2019information tunisienne en temps r\u00e9el.\",\"email\":\"redac@webdo.tn\",\"legalName\":\"YNJ SARL\",\"foundingDate\":\"2010-09-06\",\"numberOfEmployees\":{\"@type\":\"QuantitativeValue\",\"minValue\":\"11\",\"maxValue\":\"50\"}},{\"@type\":\"Person\",\"@id\":\"https:\\\/\\\/www.webdo.tn\\\/fr\\\/#\\\/schema\\\/person\\\/f35b42a42c5e2511bbd282959d6385cc\",\"name\":\"CL\",\"image\":{\"@type\":\"ImageObject\",\"inLanguage\":\"fr-FR\",\"@id\":\"https:\\\/\\\/secure.gravatar.com\\\/avatar\\\/1447a49909b67aa657c488aec6512e1dd6143a480c1ecfee9b5b5cd74eb3b59e?s=96&d=mm&r=g\",\"url\":\"https:\\\/\\\/secure.gravatar.com\\\/avatar\\\/1447a49909b67aa657c488aec6512e1dd6143a480c1ecfee9b5b5cd74eb3b59e?s=96&d=mm&r=g\",\"contentUrl\":\"https:\\\/\\\/secure.gravatar.com\\\/avatar\\\/1447a49909b67aa657c488aec6512e1dd6143a480c1ecfee9b5b5cd74eb3b59e?s=96&d=mm&r=g\",\"caption\":\"CL\"},\"url\":\"https:\\\/\\\/www.webdo.tn\\\/fr\\\/actualite\\\/author\\\/cl\\\/\"}]}<\/script>\n<!-- \/ Yoast SEO Premium plugin. -->","yoast_head_json":{"title":"Le PLF 2024 approuv\u00e9 en Conseil des ministres","description":"Des projets de lois et d\u00e9crets \u00e0 caract\u00e8re \u00e9conomique ont \u00e9t\u00e9 approuv\u00e9s lors d'une r\u00e9union du Conseil des ministres tenue, jeudi matin au Palais du Gouvernement...","canonical":"https:\/\/www.webdo.tn\/fr\/actualite\/national\/le-plf-2024-approuve-en-conseil-des-ministres\/209286\/","og_locale":"fr_FR","og_type":"article","og_title":"Le PLF 2024 approuv\u00e9 en Conseil des ministres","og_description":"Des projets de lois et d\u00e9crets \u00e0 caract\u00e8re \u00e9conomique ont \u00e9t\u00e9 approuv\u00e9s lors d'une r\u00e9union du Conseil des ministres tenue, jeudi matin au Palais du Gouvernement...","og_url":"https:\/\/www.webdo.tn\/fr\/actualite\/national\/le-plf-2024-approuve-en-conseil-des-ministres\/209286\/","og_site_name":"webdo","article_publisher":"https:\/\/www.facebook.com\/webdotn","article_published_time":"2023-10-12T20:24:00+00:00","article_modified_time":"2025-05-20T22:52:04+00:00","og_image":[{"width":750,"height":400,"url":"https:\/\/www.webdo.tn\/fr\/wp-content\/uploads\/2023\/10\/3b1f3ca34ac813a05adb2d421f438c67.jpg","type":"image\/jpeg"}],"author":"CL","twitter_card":"summary_large_image","twitter_creator":"@webdo_tn","twitter_site":"@webdo_tn","twitter_misc":{"\u00c9crit par":"CL","Dur\u00e9e de lecture estim\u00e9e":"1 minute"},"schema":{"@context":"https:\/\/schema.org","@graph":[{"@type":"NewsArticle","@id":"https:\/\/www.webdo.tn\/fr\/actualite\/national\/le-plf-2024-approuve-en-conseil-des-ministres\/209286\/#article","isPartOf":{"@id":"https:\/\/www.webdo.tn\/fr\/actualite\/national\/le-plf-2024-approuve-en-conseil-des-ministres\/209286\/"},"author":{"name":"CL","@id":"https:\/\/www.webdo.tn\/fr\/#\/schema\/person\/f35b42a42c5e2511bbd282959d6385cc"},"headline":"Le PLF 2024 approuv\u00e9 en Conseil des ministres","datePublished":"2023-10-12T20:24:00+00:00","dateModified":"2025-05-20T22:52:04+00:00","mainEntityOfPage":{"@id":"https:\/\/www.webdo.tn\/fr\/actualite\/national\/le-plf-2024-approuve-en-conseil-des-ministres\/209286\/"},"wordCount":258,"commentCount":0,"publisher":{"@id":"https:\/\/www.webdo.tn\/fr\/#organization"},"image":{"@id":"https:\/\/www.webdo.tn\/fr\/actualite\/national\/le-plf-2024-approuve-en-conseil-des-ministres\/209286\/#primaryimage"},"thumbnailUrl":"https:\/\/www.webdo.tn\/fr\/wp-content\/uploads\/2023\/10\/3b1f3ca34ac813a05adb2d421f438c67.jpg","keywords":["Loi de Finances","PLF 2024","Tunisie"],"articleSection":["National"],"inLanguage":"fr-FR"},{"@type":"WebPage","@id":"https:\/\/www.webdo.tn\/fr\/actualite\/national\/le-plf-2024-approuve-en-conseil-des-ministres\/209286\/","url":"https:\/\/www.webdo.tn\/fr\/actualite\/national\/le-plf-2024-approuve-en-conseil-des-ministres\/209286\/","name":"Le PLF 2024 approuv\u00e9 en Conseil des ministres","isPartOf":{"@id":"https:\/\/www.webdo.tn\/fr\/#website"},"primaryImageOfPage":{"@id":"https:\/\/www.webdo.tn\/fr\/actualite\/national\/le-plf-2024-approuve-en-conseil-des-ministres\/209286\/#primaryimage"},"image":{"@id":"https:\/\/www.webdo.tn\/fr\/actualite\/national\/le-plf-2024-approuve-en-conseil-des-ministres\/209286\/#primaryimage"},"thumbnailUrl":"https:\/\/www.webdo.tn\/fr\/wp-content\/uploads\/2023\/10\/3b1f3ca34ac813a05adb2d421f438c67.jpg","datePublished":"2023-10-12T20:24:00+00:00","dateModified":"2025-05-20T22:52:04+00:00","description":"Des projets de lois et d\u00e9crets \u00e0 caract\u00e8re \u00e9conomique ont \u00e9t\u00e9 approuv\u00e9s lors d'une r\u00e9union du Conseil des ministres tenue, jeudi matin au Palais du Gouvernement...","breadcrumb":{"@id":"https:\/\/www.webdo.tn\/fr\/actualite\/national\/le-plf-2024-approuve-en-conseil-des-ministres\/209286\/#breadcrumb"},"inLanguage":"fr-FR","potentialAction":[{"@type":"ReadAction","target":["https:\/\/www.webdo.tn\/fr\/actualite\/national\/le-plf-2024-approuve-en-conseil-des-ministres\/209286\/"]}]},{"@type":"ImageObject","inLanguage":"fr-FR","@id":"https:\/\/www.webdo.tn\/fr\/actualite\/national\/le-plf-2024-approuve-en-conseil-des-ministres\/209286\/#primaryimage","url":"https:\/\/www.webdo.tn\/fr\/wp-content\/uploads\/2023\/10\/3b1f3ca34ac813a05adb2d421f438c67.jpg","contentUrl":"https:\/\/www.webdo.tn\/fr\/wp-content\/uploads\/2023\/10\/3b1f3ca34ac813a05adb2d421f438c67.jpg","width":750,"height":400,"caption":"Le PLF 2024 approuv\u00e9 en Conseil des ministres"},{"@type":"BreadcrumbList","@id":"https:\/\/www.webdo.tn\/fr\/actualite\/national\/le-plf-2024-approuve-en-conseil-des-ministres\/209286\/#breadcrumb","itemListElement":[{"@type":"ListItem","position":1,"name":"Accueil","item":"https:\/\/www.webdo.tn\/fr\/"},{"@type":"ListItem","position":2,"name":"Le PLF 2024 approuv\u00e9 en Conseil des ministres"}]},{"@type":"WebSite","@id":"https:\/\/www.webdo.tn\/fr\/#website","url":"https:\/\/www.webdo.tn\/fr\/","name":"webdo","description":"Tunisie - News en Tunisie et \u00e0 l&#039;international sur Webdo.tn","publisher":{"@id":"https:\/\/www.webdo.tn\/fr\/#organization"},"potentialAction":[{"@type":"SearchAction","target":{"@type":"EntryPoint","urlTemplate":"https:\/\/www.webdo.tn\/fr\/?s={search_term_string}"},"query-input":{"@type":"PropertyValueSpecification","valueRequired":true,"valueName":"search_term_string"}}],"inLanguage":"fr-FR"},{"@type":"Organization","@id":"https:\/\/www.webdo.tn\/fr\/#organization","name":"Webdo","alternateName":"Webdo.tn","url":"https:\/\/www.webdo.tn\/fr\/","logo":{"@type":"ImageObject","inLanguage":"fr-FR","@id":"https:\/\/www.webdo.tn\/fr\/#\/schema\/logo\/image\/","url":"https:\/\/www.webdo.tn\/fr\/wp-content\/uploads\/2025\/06\/Webdo-Tunisie_168377.jpg","contentUrl":"https:\/\/www.webdo.tn\/fr\/wp-content\/uploads\/2025\/06\/Webdo-Tunisie_168377.jpg","width":301,"height":301,"caption":"Webdo"},"image":{"@id":"https:\/\/www.webdo.tn\/fr\/#\/schema\/logo\/image\/"},"sameAs":["https:\/\/www.facebook.com\/webdotn","https:\/\/x.com\/webdo_tn"],"description":"Webdo est un m\u00e9dia num\u00e9rique tunisien fond\u00e9 en 2010, sp\u00e9cialis\u00e9 dans l\u2019actualit\u00e9 nationale et internationale, l\u2019\u00e9conomie, la soci\u00e9t\u00e9 et les analyses politiques. Le site s\u2019adresse \u00e0 un large public francophone et couvre l\u2019information tunisienne en temps r\u00e9el.","email":"redac@webdo.tn","legalName":"YNJ SARL","foundingDate":"2010-09-06","numberOfEmployees":{"@type":"QuantitativeValue","minValue":"11","maxValue":"50"}},{"@type":"Person","@id":"https:\/\/www.webdo.tn\/fr\/#\/schema\/person\/f35b42a42c5e2511bbd282959d6385cc","name":"CL","image":{"@type":"ImageObject","inLanguage":"fr-FR","@id":"https:\/\/secure.gravatar.com\/avatar\/1447a49909b67aa657c488aec6512e1dd6143a480c1ecfee9b5b5cd74eb3b59e?s=96&d=mm&r=g","url":"https:\/\/secure.gravatar.com\/avatar\/1447a49909b67aa657c488aec6512e1dd6143a480c1ecfee9b5b5cd74eb3b59e?s=96&d=mm&r=g","contentUrl":"https:\/\/secure.gravatar.com\/avatar\/1447a49909b67aa657c488aec6512e1dd6143a480c1ecfee9b5b5cd74eb3b59e?s=96&d=mm&r=g","caption":"CL"},"url":"https:\/\/www.webdo.tn\/fr\/actualite\/author\/cl\/"}]}},"_links":{"self":[{"href":"https:\/\/www.webdo.tn\/fr\/wp-json\/wp\/v2\/posts\/209286","targetHints":{"allow":["GET"]}}],"collection":[{"href":"https:\/\/www.webdo.tn\/fr\/wp-json\/wp\/v2\/posts"}],"about":[{"href":"https:\/\/www.webdo.tn\/fr\/wp-json\/wp\/v2\/types\/post"}],"author":[{"embeddable":true,"href":"https:\/\/www.webdo.tn\/fr\/wp-json\/wp\/v2\/users\/3175"}],"replies":[{"embeddable":true,"href":"https:\/\/www.webdo.tn\/fr\/wp-json\/wp\/v2\/comments?post=209286"}],"version-history":[{"count":0,"href":"https:\/\/www.webdo.tn\/fr\/wp-json\/wp\/v2\/posts\/209286\/revisions"}],"wp:featuredmedia":[{"embeddable":true,"href":"https:\/\/www.webdo.tn\/fr\/wp-json\/wp\/v2\/media\/278857"}],"wp:attachment":[{"href":"https:\/\/www.webdo.tn\/fr\/wp-json\/wp\/v2\/media?parent=209286"}],"wp:term":[{"taxonomy":"category","embeddable":true,"href":"https:\/\/www.webdo.tn\/fr\/wp-json\/wp\/v2\/categories?post=209286"},{"taxonomy":"post_tag","embeddable":true,"href":"https:\/\/www.webdo.tn\/fr\/wp-json\/wp\/v2\/tags?post=209286"}],"curies":[{"name":"wp","href":"https:\/\/api.w.org\/{rel}","templated":true}]}}