{"id":209283,"date":"2023-10-12T18:50:00","date_gmt":"2023-10-12T18:50:00","guid":{"rendered":"https:\/\/www.webdo.tn\/fr\/blog\/le-royaume-uni-va-deployer-des-navires-et-des-avions-pour-soutenir-israel\/209283\/"},"modified":"2025-05-20T22:52:03","modified_gmt":"2025-05-20T22:52:03","slug":"le-royaume-uni-va-deployer-des-navires-et-des-avions-pour-soutenir-israel","status":"publish","type":"post","link":"https:\/\/www.webdo.tn\/fr\/actualite\/international\/le-royaume-uni-va-deployer-des-navires-et-des-avions-pour-soutenir-israel\/209283\/","title":{"rendered":"Le Royaume-Uni va d\u00e9ployer des navires et des avions pour soutenir Isra\u00ebl"},"content":{"rendered":"<p>Le Royaume-Uni enverra des avions de surveillance et deux navires de la Royal Navy en M\u00e9diterran\u00e9e orientale dans le but de \u00ab soutenir Isra\u00ebl \u00bb, annonce le gouvernement britannique.<\/p>\n<p>L&rsquo;avion d\u00e9butera demain des patrouilles pour \u00ab\u00a0traquer les menaces \u00e0 la stabilit\u00e9 r\u00e9gionale telles que le transfert d&rsquo;armes \u00e0 des groupes terroristes\u00a0\u00bb.<\/p>\n<p>Le package comprend des moyens de surveillance, des h\u00e9licopt\u00e8res, des avions P8 et une compagnie de marines.<\/p>\n<p>Les autorit\u00e9s britanniques\u00a0\u00a0onyd\u00e9clar\u00e9 que le soutien militaire \u00ab emp\u00eacherait une nouvelle escalade \u00bb.<\/p>\n<p>Dans le cadre de ces plans, un groupe de travail de la Royal Navy sera transf\u00e9r\u00e9 dans la r\u00e9gion la semaine prochaine pour soutenir les efforts humanitaires, a ajout\u00e9 la meme source.<\/p>\n","protected":false},"excerpt":{"rendered":"<p>Le Royaume-Uni enverra des avions de surveillance et deux navires de la Royal Navy en M\u00e9diterran\u00e9e orientale dans le but de \u00ab soutenir Isra\u00ebl \u00bb, annonce le gouv&#8230;<\/p>\n","protected":false},"author":3175,"featured_media":278851,"comment_status":"open","ping_status":"closed","sticky":false,"template":"","format":"standard","meta":{"footnotes":""},"categories":[2598],"tags":[9749,2636,2688,3900],"class_list":["post-209283","post","type-post","status-publish","format-standard","has-post-thumbnail","hentry","category-international","tag-forces","tag-israel","tag-palestine","tag-royaume-uni"],"yoast_head":"<!-- This site is optimized with the Yoast SEO Premium plugin v27.5 (Yoast SEO v27.5) - https:\/\/yoast.com\/product\/yoast-seo-premium-wordpress\/ -->\n<title>Le Royaume-Uni va d\u00e9ployer des navires et des avions pour soutenir Isra\u00ebl<\/title>\n<meta name=\"description\" content=\"Le Royaume-Uni enverra des avions de surveillance et deux navires de la Royal Navy en M\u00e9diterran\u00e9e orientale dans le but de \u00ab soutenir Isra\u00ebl \u00bb, annonce le gouv...\" \/>\n<link rel=\"canonical\" href=\"https:\/\/www.webdo.tn\/fr\/actualite\/international\/le-royaume-uni-va-deployer-des-navires-et-des-avions-pour-soutenir-israel\/209283\/\" \/>\n<meta property=\"og:locale\" content=\"fr_FR\" \/>\n<meta property=\"og:type\" content=\"article\" \/>\n<meta property=\"og:title\" content=\"Le Royaume-Uni va d\u00e9ployer des navires et des avions pour soutenir Isra\u00ebl\" \/>\n<meta property=\"og:description\" content=\"Le Royaume-Uni enverra des avions de surveillance et deux navires de la Royal Navy en M\u00e9diterran\u00e9e orientale dans le but de \u00ab soutenir Isra\u00ebl \u00bb, annonce le gouv...\" \/>\n<meta property=\"og:url\" content=\"https:\/\/www.webdo.tn\/fr\/actualite\/international\/le-royaume-uni-va-deployer-des-navires-et-des-avions-pour-soutenir-israel\/209283\/\" \/>\n<meta property=\"og:site_name\" content=\"webdo\" \/>\n<meta property=\"article:publisher\" content=\"https:\/\/www.facebook.com\/webdotn\" \/>\n<meta property=\"article:published_time\" content=\"2023-10-12T18:50:00+00:00\" \/>\n<meta property=\"article:modified_time\" content=\"2025-05-20T22:52:03+00:00\" \/>\n<meta property=\"og:image\" content=\"https:\/\/www.webdo.tn\/fr\/wp-content\/uploads\/2023\/10\/ac508e3a3f83bfce6ab779bdd6a30830.png\" \/>\n\t<meta property=\"og:image:width\" content=\"750\" \/>\n\t<meta property=\"og:image:height\" content=\"400\" \/>\n\t<meta property=\"og:image:type\" content=\"image\/png\" \/>\n<meta name=\"author\" content=\"CL\" \/>\n<meta name=\"twitter:card\" content=\"summary_large_image\" \/>\n<meta name=\"twitter:creator\" content=\"@webdo_tn\" \/>\n<meta name=\"twitter:site\" content=\"@webdo_tn\" \/>\n<meta name=\"twitter:label1\" content=\"\u00c9crit par\" \/>\n\t<meta name=\"twitter:data1\" content=\"CL\" \/>\n\t<meta name=\"twitter:label2\" content=\"Dur\u00e9e de lecture estim\u00e9e\" \/>\n\t<meta name=\"twitter:data2\" content=\"1 minute\" \/>\n<script type=\"application\/ld+json\" class=\"yoast-schema-graph\">{\"@context\":\"https:\\\/\\\/schema.org\",\"@graph\":[{\"@type\":\"NewsArticle\",\"@id\":\"https:\\\/\\\/www.webdo.tn\\\/fr\\\/actualite\\\/international\\\/le-royaume-uni-va-deployer-des-navires-et-des-avions-pour-soutenir-israel\\\/209283\\\/#article\",\"isPartOf\":{\"@id\":\"https:\\\/\\\/www.webdo.tn\\\/fr\\\/actualite\\\/international\\\/le-royaume-uni-va-deployer-des-navires-et-des-avions-pour-soutenir-israel\\\/209283\\\/\"},\"author\":{\"name\":\"CL\",\"@id\":\"https:\\\/\\\/www.webdo.tn\\\/fr\\\/#\\\/schema\\\/person\\\/f35b42a42c5e2511bbd282959d6385cc\"},\"headline\":\"Le Royaume-Uni va d\u00e9ployer des navires et des avions pour soutenir Isra\u00ebl\",\"datePublished\":\"2023-10-12T18:50:00+00:00\",\"dateModified\":\"2025-05-20T22:52:03+00:00\",\"mainEntityOfPage\":{\"@id\":\"https:\\\/\\\/www.webdo.tn\\\/fr\\\/actualite\\\/international\\\/le-royaume-uni-va-deployer-des-navires-et-des-avions-pour-soutenir-israel\\\/209283\\\/\"},\"wordCount\":136,\"commentCount\":0,\"publisher\":{\"@id\":\"https:\\\/\\\/www.webdo.tn\\\/fr\\\/#organization\"},\"image\":{\"@id\":\"https:\\\/\\\/www.webdo.tn\\\/fr\\\/actualite\\\/international\\\/le-royaume-uni-va-deployer-des-navires-et-des-avions-pour-soutenir-israel\\\/209283\\\/#primaryimage\"},\"thumbnailUrl\":\"https:\\\/\\\/www.webdo.tn\\\/fr\\\/wp-content\\\/uploads\\\/2023\\\/10\\\/ac508e3a3f83bfce6ab779bdd6a30830.png\",\"keywords\":[\"Forces\",\"isra\u00ebl\",\"Palestine\",\"royaume-uni\"],\"articleSection\":[\"International\"],\"inLanguage\":\"fr-FR\"},{\"@type\":\"WebPage\",\"@id\":\"https:\\\/\\\/www.webdo.tn\\\/fr\\\/actualite\\\/international\\\/le-royaume-uni-va-deployer-des-navires-et-des-avions-pour-soutenir-israel\\\/209283\\\/\",\"url\":\"https:\\\/\\\/www.webdo.tn\\\/fr\\\/actualite\\\/international\\\/le-royaume-uni-va-deployer-des-navires-et-des-avions-pour-soutenir-israel\\\/209283\\\/\",\"name\":\"Le Royaume-Uni va d\u00e9ployer des navires et des avions pour soutenir Isra\u00ebl\",\"isPartOf\":{\"@id\":\"https:\\\/\\\/www.webdo.tn\\\/fr\\\/#website\"},\"primaryImageOfPage\":{\"@id\":\"https:\\\/\\\/www.webdo.tn\\\/fr\\\/actualite\\\/international\\\/le-royaume-uni-va-deployer-des-navires-et-des-avions-pour-soutenir-israel\\\/209283\\\/#primaryimage\"},\"image\":{\"@id\":\"https:\\\/\\\/www.webdo.tn\\\/fr\\\/actualite\\\/international\\\/le-royaume-uni-va-deployer-des-navires-et-des-avions-pour-soutenir-israel\\\/209283\\\/#primaryimage\"},\"thumbnailUrl\":\"https:\\\/\\\/www.webdo.tn\\\/fr\\\/wp-content\\\/uploads\\\/2023\\\/10\\\/ac508e3a3f83bfce6ab779bdd6a30830.png\",\"datePublished\":\"2023-10-12T18:50:00+00:00\",\"dateModified\":\"2025-05-20T22:52:03+00:00\",\"description\":\"Le Royaume-Uni enverra des avions de surveillance et deux navires de la Royal Navy en M\u00e9diterran\u00e9e orientale dans le but de \u00ab soutenir Isra\u00ebl \u00bb, annonce le gouv...\",\"breadcrumb\":{\"@id\":\"https:\\\/\\\/www.webdo.tn\\\/fr\\\/actualite\\\/international\\\/le-royaume-uni-va-deployer-des-navires-et-des-avions-pour-soutenir-israel\\\/209283\\\/#breadcrumb\"},\"inLanguage\":\"fr-FR\",\"potentialAction\":[{\"@type\":\"ReadAction\",\"target\":[\"https:\\\/\\\/www.webdo.tn\\\/fr\\\/actualite\\\/international\\\/le-royaume-uni-va-deployer-des-navires-et-des-avions-pour-soutenir-israel\\\/209283\\\/\"]}]},{\"@type\":\"ImageObject\",\"inLanguage\":\"fr-FR\",\"@id\":\"https:\\\/\\\/www.webdo.tn\\\/fr\\\/actualite\\\/international\\\/le-royaume-uni-va-deployer-des-navires-et-des-avions-pour-soutenir-israel\\\/209283\\\/#primaryimage\",\"url\":\"https:\\\/\\\/www.webdo.tn\\\/fr\\\/wp-content\\\/uploads\\\/2023\\\/10\\\/ac508e3a3f83bfce6ab779bdd6a30830.png\",\"contentUrl\":\"https:\\\/\\\/www.webdo.tn\\\/fr\\\/wp-content\\\/uploads\\\/2023\\\/10\\\/ac508e3a3f83bfce6ab779bdd6a30830.png\",\"width\":750,\"height\":400,\"caption\":\"Le Royaume-Uni va d\u00e9ployer des navires et des avions pour soutenir Isra\u00ebl\"},{\"@type\":\"BreadcrumbList\",\"@id\":\"https:\\\/\\\/www.webdo.tn\\\/fr\\\/actualite\\\/international\\\/le-royaume-uni-va-deployer-des-navires-et-des-avions-pour-soutenir-israel\\\/209283\\\/#breadcrumb\",\"itemListElement\":[{\"@type\":\"ListItem\",\"position\":1,\"name\":\"Accueil\",\"item\":\"https:\\\/\\\/www.webdo.tn\\\/fr\\\/\"},{\"@type\":\"ListItem\",\"position\":2,\"name\":\"Le Royaume-Uni va d\u00e9ployer des navires et des avions pour soutenir Isra\u00ebl\"}]},{\"@type\":\"WebSite\",\"@id\":\"https:\\\/\\\/www.webdo.tn\\\/fr\\\/#website\",\"url\":\"https:\\\/\\\/www.webdo.tn\\\/fr\\\/\",\"name\":\"webdo\",\"description\":\"Tunisie - News en Tunisie et \u00e0 l&#039;international sur Webdo.tn\",\"publisher\":{\"@id\":\"https:\\\/\\\/www.webdo.tn\\\/fr\\\/#organization\"},\"potentialAction\":[{\"@type\":\"SearchAction\",\"target\":{\"@type\":\"EntryPoint\",\"urlTemplate\":\"https:\\\/\\\/www.webdo.tn\\\/fr\\\/?s={search_term_string}\"},\"query-input\":{\"@type\":\"PropertyValueSpecification\",\"valueRequired\":true,\"valueName\":\"search_term_string\"}}],\"inLanguage\":\"fr-FR\"},{\"@type\":\"Organization\",\"@id\":\"https:\\\/\\\/www.webdo.tn\\\/fr\\\/#organization\",\"name\":\"Webdo\",\"alternateName\":\"Webdo.tn\",\"url\":\"https:\\\/\\\/www.webdo.tn\\\/fr\\\/\",\"logo\":{\"@type\":\"ImageObject\",\"inLanguage\":\"fr-FR\",\"@id\":\"https:\\\/\\\/www.webdo.tn\\\/fr\\\/#\\\/schema\\\/logo\\\/image\\\/\",\"url\":\"https:\\\/\\\/www.webdo.tn\\\/fr\\\/wp-content\\\/uploads\\\/2025\\\/06\\\/Webdo-Tunisie_168377.jpg\",\"contentUrl\":\"https:\\\/\\\/www.webdo.tn\\\/fr\\\/wp-content\\\/uploads\\\/2025\\\/06\\\/Webdo-Tunisie_168377.jpg\",\"width\":301,\"height\":301,\"caption\":\"Webdo\"},\"image\":{\"@id\":\"https:\\\/\\\/www.webdo.tn\\\/fr\\\/#\\\/schema\\\/logo\\\/image\\\/\"},\"sameAs\":[\"https:\\\/\\\/www.facebook.com\\\/webdotn\",\"https:\\\/\\\/x.com\\\/webdo_tn\"],\"description\":\"Webdo est un m\u00e9dia num\u00e9rique tunisien fond\u00e9 en 2010, sp\u00e9cialis\u00e9 dans l\u2019actualit\u00e9 nationale et internationale, l\u2019\u00e9conomie, la soci\u00e9t\u00e9 et les analyses politiques. Le site s\u2019adresse \u00e0 un large public francophone et couvre l\u2019information tunisienne en temps r\u00e9el.\",\"email\":\"redac@webdo.tn\",\"legalName\":\"YNJ SARL\",\"foundingDate\":\"2010-09-06\",\"numberOfEmployees\":{\"@type\":\"QuantitativeValue\",\"minValue\":\"11\",\"maxValue\":\"50\"}},{\"@type\":\"Person\",\"@id\":\"https:\\\/\\\/www.webdo.tn\\\/fr\\\/#\\\/schema\\\/person\\\/f35b42a42c5e2511bbd282959d6385cc\",\"name\":\"CL\",\"image\":{\"@type\":\"ImageObject\",\"inLanguage\":\"fr-FR\",\"@id\":\"https:\\\/\\\/secure.gravatar.com\\\/avatar\\\/1447a49909b67aa657c488aec6512e1dd6143a480c1ecfee9b5b5cd74eb3b59e?s=96&d=mm&r=g\",\"url\":\"https:\\\/\\\/secure.gravatar.com\\\/avatar\\\/1447a49909b67aa657c488aec6512e1dd6143a480c1ecfee9b5b5cd74eb3b59e?s=96&d=mm&r=g\",\"contentUrl\":\"https:\\\/\\\/secure.gravatar.com\\\/avatar\\\/1447a49909b67aa657c488aec6512e1dd6143a480c1ecfee9b5b5cd74eb3b59e?s=96&d=mm&r=g\",\"caption\":\"CL\"},\"url\":\"https:\\\/\\\/www.webdo.tn\\\/fr\\\/actualite\\\/author\\\/cl\\\/\"}]}<\/script>\n<!-- \/ Yoast SEO Premium plugin. -->","yoast_head_json":{"title":"Le Royaume-Uni va d\u00e9ployer des navires et des avions pour soutenir Isra\u00ebl","description":"Le Royaume-Uni enverra des avions de surveillance et deux navires de la Royal Navy en M\u00e9diterran\u00e9e orientale dans le but de \u00ab soutenir Isra\u00ebl \u00bb, annonce le gouv...","canonical":"https:\/\/www.webdo.tn\/fr\/actualite\/international\/le-royaume-uni-va-deployer-des-navires-et-des-avions-pour-soutenir-israel\/209283\/","og_locale":"fr_FR","og_type":"article","og_title":"Le Royaume-Uni va d\u00e9ployer des navires et des avions pour soutenir Isra\u00ebl","og_description":"Le Royaume-Uni enverra des avions de surveillance et deux navires de la Royal Navy en M\u00e9diterran\u00e9e orientale dans le but de \u00ab soutenir Isra\u00ebl \u00bb, annonce le gouv...","og_url":"https:\/\/www.webdo.tn\/fr\/actualite\/international\/le-royaume-uni-va-deployer-des-navires-et-des-avions-pour-soutenir-israel\/209283\/","og_site_name":"webdo","article_publisher":"https:\/\/www.facebook.com\/webdotn","article_published_time":"2023-10-12T18:50:00+00:00","article_modified_time":"2025-05-20T22:52:03+00:00","og_image":[{"width":750,"height":400,"url":"https:\/\/www.webdo.tn\/fr\/wp-content\/uploads\/2023\/10\/ac508e3a3f83bfce6ab779bdd6a30830.png","type":"image\/png"}],"author":"CL","twitter_card":"summary_large_image","twitter_creator":"@webdo_tn","twitter_site":"@webdo_tn","twitter_misc":{"\u00c9crit par":"CL","Dur\u00e9e de lecture estim\u00e9e":"1 minute"},"schema":{"@context":"https:\/\/schema.org","@graph":[{"@type":"NewsArticle","@id":"https:\/\/www.webdo.tn\/fr\/actualite\/international\/le-royaume-uni-va-deployer-des-navires-et-des-avions-pour-soutenir-israel\/209283\/#article","isPartOf":{"@id":"https:\/\/www.webdo.tn\/fr\/actualite\/international\/le-royaume-uni-va-deployer-des-navires-et-des-avions-pour-soutenir-israel\/209283\/"},"author":{"name":"CL","@id":"https:\/\/www.webdo.tn\/fr\/#\/schema\/person\/f35b42a42c5e2511bbd282959d6385cc"},"headline":"Le Royaume-Uni va d\u00e9ployer des navires et des avions pour soutenir Isra\u00ebl","datePublished":"2023-10-12T18:50:00+00:00","dateModified":"2025-05-20T22:52:03+00:00","mainEntityOfPage":{"@id":"https:\/\/www.webdo.tn\/fr\/actualite\/international\/le-royaume-uni-va-deployer-des-navires-et-des-avions-pour-soutenir-israel\/209283\/"},"wordCount":136,"commentCount":0,"publisher":{"@id":"https:\/\/www.webdo.tn\/fr\/#organization"},"image":{"@id":"https:\/\/www.webdo.tn\/fr\/actualite\/international\/le-royaume-uni-va-deployer-des-navires-et-des-avions-pour-soutenir-israel\/209283\/#primaryimage"},"thumbnailUrl":"https:\/\/www.webdo.tn\/fr\/wp-content\/uploads\/2023\/10\/ac508e3a3f83bfce6ab779bdd6a30830.png","keywords":["Forces","isra\u00ebl","Palestine","royaume-uni"],"articleSection":["International"],"inLanguage":"fr-FR"},{"@type":"WebPage","@id":"https:\/\/www.webdo.tn\/fr\/actualite\/international\/le-royaume-uni-va-deployer-des-navires-et-des-avions-pour-soutenir-israel\/209283\/","url":"https:\/\/www.webdo.tn\/fr\/actualite\/international\/le-royaume-uni-va-deployer-des-navires-et-des-avions-pour-soutenir-israel\/209283\/","name":"Le Royaume-Uni va d\u00e9ployer des navires et des avions pour soutenir Isra\u00ebl","isPartOf":{"@id":"https:\/\/www.webdo.tn\/fr\/#website"},"primaryImageOfPage":{"@id":"https:\/\/www.webdo.tn\/fr\/actualite\/international\/le-royaume-uni-va-deployer-des-navires-et-des-avions-pour-soutenir-israel\/209283\/#primaryimage"},"image":{"@id":"https:\/\/www.webdo.tn\/fr\/actualite\/international\/le-royaume-uni-va-deployer-des-navires-et-des-avions-pour-soutenir-israel\/209283\/#primaryimage"},"thumbnailUrl":"https:\/\/www.webdo.tn\/fr\/wp-content\/uploads\/2023\/10\/ac508e3a3f83bfce6ab779bdd6a30830.png","datePublished":"2023-10-12T18:50:00+00:00","dateModified":"2025-05-20T22:52:03+00:00","description":"Le Royaume-Uni enverra des avions de surveillance et deux navires de la Royal Navy en M\u00e9diterran\u00e9e orientale dans le but de \u00ab soutenir Isra\u00ebl \u00bb, annonce le gouv...","breadcrumb":{"@id":"https:\/\/www.webdo.tn\/fr\/actualite\/international\/le-royaume-uni-va-deployer-des-navires-et-des-avions-pour-soutenir-israel\/209283\/#breadcrumb"},"inLanguage":"fr-FR","potentialAction":[{"@type":"ReadAction","target":["https:\/\/www.webdo.tn\/fr\/actualite\/international\/le-royaume-uni-va-deployer-des-navires-et-des-avions-pour-soutenir-israel\/209283\/"]}]},{"@type":"ImageObject","inLanguage":"fr-FR","@id":"https:\/\/www.webdo.tn\/fr\/actualite\/international\/le-royaume-uni-va-deployer-des-navires-et-des-avions-pour-soutenir-israel\/209283\/#primaryimage","url":"https:\/\/www.webdo.tn\/fr\/wp-content\/uploads\/2023\/10\/ac508e3a3f83bfce6ab779bdd6a30830.png","contentUrl":"https:\/\/www.webdo.tn\/fr\/wp-content\/uploads\/2023\/10\/ac508e3a3f83bfce6ab779bdd6a30830.png","width":750,"height":400,"caption":"Le Royaume-Uni va d\u00e9ployer des navires et des avions pour soutenir Isra\u00ebl"},{"@type":"BreadcrumbList","@id":"https:\/\/www.webdo.tn\/fr\/actualite\/international\/le-royaume-uni-va-deployer-des-navires-et-des-avions-pour-soutenir-israel\/209283\/#breadcrumb","itemListElement":[{"@type":"ListItem","position":1,"name":"Accueil","item":"https:\/\/www.webdo.tn\/fr\/"},{"@type":"ListItem","position":2,"name":"Le Royaume-Uni va d\u00e9ployer des navires et des avions pour soutenir Isra\u00ebl"}]},{"@type":"WebSite","@id":"https:\/\/www.webdo.tn\/fr\/#website","url":"https:\/\/www.webdo.tn\/fr\/","name":"webdo","description":"Tunisie - News en Tunisie et \u00e0 l&#039;international sur Webdo.tn","publisher":{"@id":"https:\/\/www.webdo.tn\/fr\/#organization"},"potentialAction":[{"@type":"SearchAction","target":{"@type":"EntryPoint","urlTemplate":"https:\/\/www.webdo.tn\/fr\/?s={search_term_string}"},"query-input":{"@type":"PropertyValueSpecification","valueRequired":true,"valueName":"search_term_string"}}],"inLanguage":"fr-FR"},{"@type":"Organization","@id":"https:\/\/www.webdo.tn\/fr\/#organization","name":"Webdo","alternateName":"Webdo.tn","url":"https:\/\/www.webdo.tn\/fr\/","logo":{"@type":"ImageObject","inLanguage":"fr-FR","@id":"https:\/\/www.webdo.tn\/fr\/#\/schema\/logo\/image\/","url":"https:\/\/www.webdo.tn\/fr\/wp-content\/uploads\/2025\/06\/Webdo-Tunisie_168377.jpg","contentUrl":"https:\/\/www.webdo.tn\/fr\/wp-content\/uploads\/2025\/06\/Webdo-Tunisie_168377.jpg","width":301,"height":301,"caption":"Webdo"},"image":{"@id":"https:\/\/www.webdo.tn\/fr\/#\/schema\/logo\/image\/"},"sameAs":["https:\/\/www.facebook.com\/webdotn","https:\/\/x.com\/webdo_tn"],"description":"Webdo est un m\u00e9dia num\u00e9rique tunisien fond\u00e9 en 2010, sp\u00e9cialis\u00e9 dans l\u2019actualit\u00e9 nationale et internationale, l\u2019\u00e9conomie, la soci\u00e9t\u00e9 et les analyses politiques. Le site s\u2019adresse \u00e0 un large public francophone et couvre l\u2019information tunisienne en temps r\u00e9el.","email":"redac@webdo.tn","legalName":"YNJ SARL","foundingDate":"2010-09-06","numberOfEmployees":{"@type":"QuantitativeValue","minValue":"11","maxValue":"50"}},{"@type":"Person","@id":"https:\/\/www.webdo.tn\/fr\/#\/schema\/person\/f35b42a42c5e2511bbd282959d6385cc","name":"CL","image":{"@type":"ImageObject","inLanguage":"fr-FR","@id":"https:\/\/secure.gravatar.com\/avatar\/1447a49909b67aa657c488aec6512e1dd6143a480c1ecfee9b5b5cd74eb3b59e?s=96&d=mm&r=g","url":"https:\/\/secure.gravatar.com\/avatar\/1447a49909b67aa657c488aec6512e1dd6143a480c1ecfee9b5b5cd74eb3b59e?s=96&d=mm&r=g","contentUrl":"https:\/\/secure.gravatar.com\/avatar\/1447a49909b67aa657c488aec6512e1dd6143a480c1ecfee9b5b5cd74eb3b59e?s=96&d=mm&r=g","caption":"CL"},"url":"https:\/\/www.webdo.tn\/fr\/actualite\/author\/cl\/"}]}},"_links":{"self":[{"href":"https:\/\/www.webdo.tn\/fr\/wp-json\/wp\/v2\/posts\/209283","targetHints":{"allow":["GET"]}}],"collection":[{"href":"https:\/\/www.webdo.tn\/fr\/wp-json\/wp\/v2\/posts"}],"about":[{"href":"https:\/\/www.webdo.tn\/fr\/wp-json\/wp\/v2\/types\/post"}],"author":[{"embeddable":true,"href":"https:\/\/www.webdo.tn\/fr\/wp-json\/wp\/v2\/users\/3175"}],"replies":[{"embeddable":true,"href":"https:\/\/www.webdo.tn\/fr\/wp-json\/wp\/v2\/comments?post=209283"}],"version-history":[{"count":0,"href":"https:\/\/www.webdo.tn\/fr\/wp-json\/wp\/v2\/posts\/209283\/revisions"}],"wp:featuredmedia":[{"embeddable":true,"href":"https:\/\/www.webdo.tn\/fr\/wp-json\/wp\/v2\/media\/278851"}],"wp:attachment":[{"href":"https:\/\/www.webdo.tn\/fr\/wp-json\/wp\/v2\/media?parent=209283"}],"wp:term":[{"taxonomy":"category","embeddable":true,"href":"https:\/\/www.webdo.tn\/fr\/wp-json\/wp\/v2\/categories?post=209283"},{"taxonomy":"post_tag","embeddable":true,"href":"https:\/\/www.webdo.tn\/fr\/wp-json\/wp\/v2\/tags?post=209283"}],"curies":[{"name":"wp","href":"https:\/\/api.w.org\/{rel}","templated":true}]}}