{"id":209241,"date":"2023-10-11T09:11:00","date_gmt":"2023-10-11T09:11:00","guid":{"rendered":"https:\/\/www.webdo.tn\/fr\/blog\/guerre-hamas-israel-le-bilan-s-alourdit-a-pres-de-1000-morts-du-cote-palestinien\/209241\/"},"modified":"2025-05-20T22:10:14","modified_gmt":"2025-05-20T22:10:14","slug":"guerre-hamas-israel-le-bilan-s-alourdit-a-pres-de-1000-morts-du-cote-palestinien","status":"publish","type":"post","link":"https:\/\/www.webdo.tn\/fr\/actualite\/international\/guerre-hamas-israel-le-bilan-s-alourdit-a-pres-de-1000-morts-du-cote-palestinien\/209241\/","title":{"rendered":"Guerre Hamas &#8211; Isra\u00ebl : le bilan s\u2019alourdit \u00e0 pr\u00e8s de 1000 morts du c\u00f4t\u00e9 palestinien"},"content":{"rendered":"<p>Au cinqui\u00e8me jour de l\u2019offensive surprise du Hamas contre Isra\u00ebl, les violents affrontements se poursuivent ce mercredi 11 octobre 2023 et le bilan humain ne cesse de s\u2019alourdir.<\/p>\n<p>\t\t\t\t\t\t\t\t\tLe minist\u00e8re palestinien de la Sant\u00e9 a annonc\u00e9, mardi soir, que le nombre de martyrs \u00e0 la suite de l&rsquo;agression isra\u00e9lienne contre la bande de Gaza et la Cisjordanie est pass\u00e9 \u00e0 974 martyrs, tandis que le nombre de bless\u00e9s a atteint 5000. Il a d\u00e9clar\u00e9 que 950 martyrs ont \u00e9t\u00e9 tu\u00e9s dans la bande de Gaza et 5000 autres ont \u00e9t\u00e9 bless\u00e9s lors des raids depuis samedi dernier.<\/p>\n<p>C\u00f4t\u00e9 isra\u00e9lien, 1200 morts et plus de 2700 bless\u00e9s sont recens\u00e9s \u00e0 la suite de l\u2019op\u00e9ration \u00ab\u00a0D\u00e9luge d\u2019Al-Aqsa\u00a0\u00bb. L\u2019arm\u00e9e isra\u00e9lienne disait mardi matin avoir retrouv\u00e9 \u00ab\u00a0environ 1500 corps\u00a0\u00bb de terroristes du Hamas sur le sol isra\u00e9lien depuis samedi. Les responsables h\u00e9breux estiment \u00e9galement que des dizaines de personnes sont encore port\u00e9es disparues.<\/p>\n","protected":false},"excerpt":{"rendered":"<p>Au cinqui\u00e8me jour de l\u2019offensive surprise du Hamas contre Isra\u00ebl, le bilan humain est pass\u00e9 \u00e0 pr\u00e8s de 1000 morts c\u00f4t\u00e9 palestinien et 1200 c\u00f4t\u00e9 isra\u00e9lien.<\/p>\n","protected":false},"author":3162,"featured_media":278847,"comment_status":"open","ping_status":"closed","sticky":false,"template":"","format":"standard","meta":{"footnotes":""},"categories":[2598],"tags":[5941,2689,3349,2636],"class_list":["post-209241","post","type-post","status-publish","format-standard","has-post-thumbnail","hentry","category-international","tag-bilan","tag-gaza","tag-hamas","tag-israel"],"yoast_head":"<!-- This site is optimized with the Yoast SEO Premium plugin v27.4 (Yoast SEO v27.4) - https:\/\/yoast.com\/product\/yoast-seo-premium-wordpress\/ -->\n<title>Guerre Hamas - Isra\u00ebl : le bilan s\u2019alourdit \u00e0 pr\u00e8s de 1000 morts du c\u00f4t\u00e9 palestinien<\/title>\n<meta name=\"description\" content=\"Au cinqui\u00e8me jour de l\u2019offensive surprise du Hamas contre Isra\u00ebl, le bilan humain est pass\u00e9 \u00e0 pr\u00e8s de 1000 morts c\u00f4t\u00e9 palestinien et 1200 c\u00f4t\u00e9 isra\u00e9lien.\" \/>\n<link rel=\"canonical\" href=\"https:\/\/www.webdo.tn\/fr\/actualite\/international\/guerre-hamas-israel-le-bilan-s-alourdit-a-pres-de-1000-morts-du-cote-palestinien\/209241\/\" \/>\n<meta property=\"og:locale\" content=\"fr_FR\" \/>\n<meta property=\"og:type\" content=\"article\" \/>\n<meta property=\"og:title\" content=\"Guerre Hamas - Isra\u00ebl : le bilan s\u2019alourdit \u00e0 pr\u00e8s de 1000 morts du c\u00f4t\u00e9 palestinien\" \/>\n<meta property=\"og:description\" content=\"Au cinqui\u00e8me jour de l\u2019offensive surprise du Hamas contre Isra\u00ebl, le bilan humain est pass\u00e9 \u00e0 pr\u00e8s de 1000 morts c\u00f4t\u00e9 palestinien et 1200 c\u00f4t\u00e9 isra\u00e9lien.\" \/>\n<meta property=\"og:url\" content=\"https:\/\/www.webdo.tn\/fr\/actualite\/international\/guerre-hamas-israel-le-bilan-s-alourdit-a-pres-de-1000-morts-du-cote-palestinien\/209241\/\" \/>\n<meta property=\"og:site_name\" content=\"webdo\" \/>\n<meta property=\"article:publisher\" content=\"https:\/\/www.facebook.com\/webdotn\" \/>\n<meta property=\"article:published_time\" content=\"2023-10-11T09:11:00+00:00\" \/>\n<meta property=\"article:modified_time\" content=\"2025-05-20T22:10:14+00:00\" \/>\n<meta property=\"og:image\" content=\"https:\/\/www.webdo.tn\/fr\/wp-content\/uploads\/2023\/10\/83a587e0cc360e71f4697db99cedba0f.jpg\" \/>\n\t<meta property=\"og:image:width\" content=\"750\" \/>\n\t<meta property=\"og:image:height\" content=\"400\" \/>\n\t<meta property=\"og:image:type\" content=\"image\/jpeg\" \/>\n<meta name=\"author\" content=\"MC\" \/>\n<meta name=\"twitter:card\" content=\"summary_large_image\" \/>\n<meta name=\"twitter:creator\" content=\"@webdo_tn\" \/>\n<meta name=\"twitter:site\" content=\"@webdo_tn\" \/>\n<meta name=\"twitter:label1\" content=\"\u00c9crit par\" \/>\n\t<meta name=\"twitter:data1\" content=\"MC\" \/>\n\t<meta name=\"twitter:label2\" content=\"Dur\u00e9e de lecture estim\u00e9e\" \/>\n\t<meta name=\"twitter:data2\" content=\"1 minute\" \/>\n<script type=\"application\/ld+json\" class=\"yoast-schema-graph\">{\"@context\":\"https:\\\/\\\/schema.org\",\"@graph\":[{\"@type\":\"NewsArticle\",\"@id\":\"https:\\\/\\\/www.webdo.tn\\\/fr\\\/actualite\\\/international\\\/guerre-hamas-israel-le-bilan-s-alourdit-a-pres-de-1000-morts-du-cote-palestinien\\\/209241\\\/#article\",\"isPartOf\":{\"@id\":\"https:\\\/\\\/www.webdo.tn\\\/fr\\\/actualite\\\/international\\\/guerre-hamas-israel-le-bilan-s-alourdit-a-pres-de-1000-morts-du-cote-palestinien\\\/209241\\\/\"},\"author\":{\"name\":\"MC\",\"@id\":\"https:\\\/\\\/www.webdo.tn\\\/fr\\\/#\\\/schema\\\/person\\\/2c4929cbf5a809e3bd38617c6ce150f6\"},\"headline\":\"Guerre Hamas &#8211; Isra\u00ebl : le bilan s\u2019alourdit \u00e0 pr\u00e8s de 1000 morts du c\u00f4t\u00e9 palestinien\",\"datePublished\":\"2023-10-11T09:11:00+00:00\",\"dateModified\":\"2025-05-20T22:10:14+00:00\",\"mainEntityOfPage\":{\"@id\":\"https:\\\/\\\/www.webdo.tn\\\/fr\\\/actualite\\\/international\\\/guerre-hamas-israel-le-bilan-s-alourdit-a-pres-de-1000-morts-du-cote-palestinien\\\/209241\\\/\"},\"wordCount\":179,\"commentCount\":0,\"publisher\":{\"@id\":\"https:\\\/\\\/www.webdo.tn\\\/fr\\\/#organization\"},\"image\":{\"@id\":\"https:\\\/\\\/www.webdo.tn\\\/fr\\\/actualite\\\/international\\\/guerre-hamas-israel-le-bilan-s-alourdit-a-pres-de-1000-morts-du-cote-palestinien\\\/209241\\\/#primaryimage\"},\"thumbnailUrl\":\"https:\\\/\\\/www.webdo.tn\\\/fr\\\/wp-content\\\/uploads\\\/2023\\\/10\\\/83a587e0cc360e71f4697db99cedba0f.jpg\",\"keywords\":[\"bilan\",\"Gaza\",\"hamas\",\"isra\u00ebl\"],\"articleSection\":[\"International\"],\"inLanguage\":\"fr-FR\"},{\"@type\":\"WebPage\",\"@id\":\"https:\\\/\\\/www.webdo.tn\\\/fr\\\/actualite\\\/international\\\/guerre-hamas-israel-le-bilan-s-alourdit-a-pres-de-1000-morts-du-cote-palestinien\\\/209241\\\/\",\"url\":\"https:\\\/\\\/www.webdo.tn\\\/fr\\\/actualite\\\/international\\\/guerre-hamas-israel-le-bilan-s-alourdit-a-pres-de-1000-morts-du-cote-palestinien\\\/209241\\\/\",\"name\":\"Guerre Hamas - Isra\u00ebl : le bilan s\u2019alourdit \u00e0 pr\u00e8s de 1000 morts du c\u00f4t\u00e9 palestinien\",\"isPartOf\":{\"@id\":\"https:\\\/\\\/www.webdo.tn\\\/fr\\\/#website\"},\"primaryImageOfPage\":{\"@id\":\"https:\\\/\\\/www.webdo.tn\\\/fr\\\/actualite\\\/international\\\/guerre-hamas-israel-le-bilan-s-alourdit-a-pres-de-1000-morts-du-cote-palestinien\\\/209241\\\/#primaryimage\"},\"image\":{\"@id\":\"https:\\\/\\\/www.webdo.tn\\\/fr\\\/actualite\\\/international\\\/guerre-hamas-israel-le-bilan-s-alourdit-a-pres-de-1000-morts-du-cote-palestinien\\\/209241\\\/#primaryimage\"},\"thumbnailUrl\":\"https:\\\/\\\/www.webdo.tn\\\/fr\\\/wp-content\\\/uploads\\\/2023\\\/10\\\/83a587e0cc360e71f4697db99cedba0f.jpg\",\"datePublished\":\"2023-10-11T09:11:00+00:00\",\"dateModified\":\"2025-05-20T22:10:14+00:00\",\"description\":\"Au cinqui\u00e8me jour de l\u2019offensive surprise du Hamas contre Isra\u00ebl, le bilan humain est pass\u00e9 \u00e0 pr\u00e8s de 1000 morts c\u00f4t\u00e9 palestinien et 1200 c\u00f4t\u00e9 isra\u00e9lien.\",\"breadcrumb\":{\"@id\":\"https:\\\/\\\/www.webdo.tn\\\/fr\\\/actualite\\\/international\\\/guerre-hamas-israel-le-bilan-s-alourdit-a-pres-de-1000-morts-du-cote-palestinien\\\/209241\\\/#breadcrumb\"},\"inLanguage\":\"fr-FR\",\"potentialAction\":[{\"@type\":\"ReadAction\",\"target\":[\"https:\\\/\\\/www.webdo.tn\\\/fr\\\/actualite\\\/international\\\/guerre-hamas-israel-le-bilan-s-alourdit-a-pres-de-1000-morts-du-cote-palestinien\\\/209241\\\/\"]}]},{\"@type\":\"ImageObject\",\"inLanguage\":\"fr-FR\",\"@id\":\"https:\\\/\\\/www.webdo.tn\\\/fr\\\/actualite\\\/international\\\/guerre-hamas-israel-le-bilan-s-alourdit-a-pres-de-1000-morts-du-cote-palestinien\\\/209241\\\/#primaryimage\",\"url\":\"https:\\\/\\\/www.webdo.tn\\\/fr\\\/wp-content\\\/uploads\\\/2023\\\/10\\\/83a587e0cc360e71f4697db99cedba0f.jpg\",\"contentUrl\":\"https:\\\/\\\/www.webdo.tn\\\/fr\\\/wp-content\\\/uploads\\\/2023\\\/10\\\/83a587e0cc360e71f4697db99cedba0f.jpg\",\"width\":750,\"height\":400,\"caption\":\"Guerre Hamas - Isra\u00ebl : le bilan s\u2019alourdit \u00e0 pr\u00e8s de 1000 morts du c\u00f4t\u00e9 palestinien\"},{\"@type\":\"BreadcrumbList\",\"@id\":\"https:\\\/\\\/www.webdo.tn\\\/fr\\\/actualite\\\/international\\\/guerre-hamas-israel-le-bilan-s-alourdit-a-pres-de-1000-morts-du-cote-palestinien\\\/209241\\\/#breadcrumb\",\"itemListElement\":[{\"@type\":\"ListItem\",\"position\":1,\"name\":\"Accueil\",\"item\":\"https:\\\/\\\/www.webdo.tn\\\/fr\\\/\"},{\"@type\":\"ListItem\",\"position\":2,\"name\":\"Guerre Hamas &#8211; Isra\u00ebl : le bilan s\u2019alourdit \u00e0 pr\u00e8s de 1000 morts du c\u00f4t\u00e9 palestinien\"}]},{\"@type\":\"WebSite\",\"@id\":\"https:\\\/\\\/www.webdo.tn\\\/fr\\\/#website\",\"url\":\"https:\\\/\\\/www.webdo.tn\\\/fr\\\/\",\"name\":\"webdo\",\"description\":\"Tunisie - News en Tunisie et \u00e0 l&#039;international sur Webdo.tn\",\"publisher\":{\"@id\":\"https:\\\/\\\/www.webdo.tn\\\/fr\\\/#organization\"},\"potentialAction\":[{\"@type\":\"SearchAction\",\"target\":{\"@type\":\"EntryPoint\",\"urlTemplate\":\"https:\\\/\\\/www.webdo.tn\\\/fr\\\/?s={search_term_string}\"},\"query-input\":{\"@type\":\"PropertyValueSpecification\",\"valueRequired\":true,\"valueName\":\"search_term_string\"}}],\"inLanguage\":\"fr-FR\"},{\"@type\":\"Organization\",\"@id\":\"https:\\\/\\\/www.webdo.tn\\\/fr\\\/#organization\",\"name\":\"Webdo\",\"alternateName\":\"Webdo.tn\",\"url\":\"https:\\\/\\\/www.webdo.tn\\\/fr\\\/\",\"logo\":{\"@type\":\"ImageObject\",\"inLanguage\":\"fr-FR\",\"@id\":\"https:\\\/\\\/www.webdo.tn\\\/fr\\\/#\\\/schema\\\/logo\\\/image\\\/\",\"url\":\"https:\\\/\\\/www.webdo.tn\\\/fr\\\/wp-content\\\/uploads\\\/2025\\\/06\\\/Webdo-Tunisie_168377.jpg\",\"contentUrl\":\"https:\\\/\\\/www.webdo.tn\\\/fr\\\/wp-content\\\/uploads\\\/2025\\\/06\\\/Webdo-Tunisie_168377.jpg\",\"width\":301,\"height\":301,\"caption\":\"Webdo\"},\"image\":{\"@id\":\"https:\\\/\\\/www.webdo.tn\\\/fr\\\/#\\\/schema\\\/logo\\\/image\\\/\"},\"sameAs\":[\"https:\\\/\\\/www.facebook.com\\\/webdotn\",\"https:\\\/\\\/x.com\\\/webdo_tn\"],\"description\":\"Webdo est un m\u00e9dia num\u00e9rique tunisien fond\u00e9 en 2010, sp\u00e9cialis\u00e9 dans l\u2019actualit\u00e9 nationale et internationale, l\u2019\u00e9conomie, la soci\u00e9t\u00e9 et les analyses politiques. Le site s\u2019adresse \u00e0 un large public francophone et couvre l\u2019information tunisienne en temps r\u00e9el.\",\"email\":\"redac@webdo.tn\",\"legalName\":\"YNJ SARL\",\"foundingDate\":\"2010-09-06\",\"numberOfEmployees\":{\"@type\":\"QuantitativeValue\",\"minValue\":\"11\",\"maxValue\":\"50\"}},{\"@type\":\"Person\",\"@id\":\"https:\\\/\\\/www.webdo.tn\\\/fr\\\/#\\\/schema\\\/person\\\/2c4929cbf5a809e3bd38617c6ce150f6\",\"name\":\"MC\",\"image\":{\"@type\":\"ImageObject\",\"inLanguage\":\"fr-FR\",\"@id\":\"https:\\\/\\\/secure.gravatar.com\\\/avatar\\\/a545bbb6f84efdd5553dbbc2895e3ca8f1d12c5215e00a041c9670b54aa9b18a?s=96&d=mm&r=g\",\"url\":\"https:\\\/\\\/secure.gravatar.com\\\/avatar\\\/a545bbb6f84efdd5553dbbc2895e3ca8f1d12c5215e00a041c9670b54aa9b18a?s=96&d=mm&r=g\",\"contentUrl\":\"https:\\\/\\\/secure.gravatar.com\\\/avatar\\\/a545bbb6f84efdd5553dbbc2895e3ca8f1d12c5215e00a041c9670b54aa9b18a?s=96&d=mm&r=g\",\"caption\":\"MC\"},\"url\":\"https:\\\/\\\/www.webdo.tn\\\/fr\\\/actualite\\\/author\\\/mc\\\/\"}]}<\/script>\n<!-- \/ Yoast SEO Premium plugin. -->","yoast_head_json":{"title":"Guerre Hamas - Isra\u00ebl : le bilan s\u2019alourdit \u00e0 pr\u00e8s de 1000 morts du c\u00f4t\u00e9 palestinien","description":"Au cinqui\u00e8me jour de l\u2019offensive surprise du Hamas contre Isra\u00ebl, le bilan humain est pass\u00e9 \u00e0 pr\u00e8s de 1000 morts c\u00f4t\u00e9 palestinien et 1200 c\u00f4t\u00e9 isra\u00e9lien.","canonical":"https:\/\/www.webdo.tn\/fr\/actualite\/international\/guerre-hamas-israel-le-bilan-s-alourdit-a-pres-de-1000-morts-du-cote-palestinien\/209241\/","og_locale":"fr_FR","og_type":"article","og_title":"Guerre Hamas - Isra\u00ebl : le bilan s\u2019alourdit \u00e0 pr\u00e8s de 1000 morts du c\u00f4t\u00e9 palestinien","og_description":"Au cinqui\u00e8me jour de l\u2019offensive surprise du Hamas contre Isra\u00ebl, le bilan humain est pass\u00e9 \u00e0 pr\u00e8s de 1000 morts c\u00f4t\u00e9 palestinien et 1200 c\u00f4t\u00e9 isra\u00e9lien.","og_url":"https:\/\/www.webdo.tn\/fr\/actualite\/international\/guerre-hamas-israel-le-bilan-s-alourdit-a-pres-de-1000-morts-du-cote-palestinien\/209241\/","og_site_name":"webdo","article_publisher":"https:\/\/www.facebook.com\/webdotn","article_published_time":"2023-10-11T09:11:00+00:00","article_modified_time":"2025-05-20T22:10:14+00:00","og_image":[{"width":750,"height":400,"url":"https:\/\/www.webdo.tn\/fr\/wp-content\/uploads\/2023\/10\/83a587e0cc360e71f4697db99cedba0f.jpg","type":"image\/jpeg"}],"author":"MC","twitter_card":"summary_large_image","twitter_creator":"@webdo_tn","twitter_site":"@webdo_tn","twitter_misc":{"\u00c9crit par":"MC","Dur\u00e9e de lecture estim\u00e9e":"1 minute"},"schema":{"@context":"https:\/\/schema.org","@graph":[{"@type":"NewsArticle","@id":"https:\/\/www.webdo.tn\/fr\/actualite\/international\/guerre-hamas-israel-le-bilan-s-alourdit-a-pres-de-1000-morts-du-cote-palestinien\/209241\/#article","isPartOf":{"@id":"https:\/\/www.webdo.tn\/fr\/actualite\/international\/guerre-hamas-israel-le-bilan-s-alourdit-a-pres-de-1000-morts-du-cote-palestinien\/209241\/"},"author":{"name":"MC","@id":"https:\/\/www.webdo.tn\/fr\/#\/schema\/person\/2c4929cbf5a809e3bd38617c6ce150f6"},"headline":"Guerre Hamas &#8211; Isra\u00ebl : le bilan s\u2019alourdit \u00e0 pr\u00e8s de 1000 morts du c\u00f4t\u00e9 palestinien","datePublished":"2023-10-11T09:11:00+00:00","dateModified":"2025-05-20T22:10:14+00:00","mainEntityOfPage":{"@id":"https:\/\/www.webdo.tn\/fr\/actualite\/international\/guerre-hamas-israel-le-bilan-s-alourdit-a-pres-de-1000-morts-du-cote-palestinien\/209241\/"},"wordCount":179,"commentCount":0,"publisher":{"@id":"https:\/\/www.webdo.tn\/fr\/#organization"},"image":{"@id":"https:\/\/www.webdo.tn\/fr\/actualite\/international\/guerre-hamas-israel-le-bilan-s-alourdit-a-pres-de-1000-morts-du-cote-palestinien\/209241\/#primaryimage"},"thumbnailUrl":"https:\/\/www.webdo.tn\/fr\/wp-content\/uploads\/2023\/10\/83a587e0cc360e71f4697db99cedba0f.jpg","keywords":["bilan","Gaza","hamas","isra\u00ebl"],"articleSection":["International"],"inLanguage":"fr-FR"},{"@type":"WebPage","@id":"https:\/\/www.webdo.tn\/fr\/actualite\/international\/guerre-hamas-israel-le-bilan-s-alourdit-a-pres-de-1000-morts-du-cote-palestinien\/209241\/","url":"https:\/\/www.webdo.tn\/fr\/actualite\/international\/guerre-hamas-israel-le-bilan-s-alourdit-a-pres-de-1000-morts-du-cote-palestinien\/209241\/","name":"Guerre Hamas - Isra\u00ebl : le bilan s\u2019alourdit \u00e0 pr\u00e8s de 1000 morts du c\u00f4t\u00e9 palestinien","isPartOf":{"@id":"https:\/\/www.webdo.tn\/fr\/#website"},"primaryImageOfPage":{"@id":"https:\/\/www.webdo.tn\/fr\/actualite\/international\/guerre-hamas-israel-le-bilan-s-alourdit-a-pres-de-1000-morts-du-cote-palestinien\/209241\/#primaryimage"},"image":{"@id":"https:\/\/www.webdo.tn\/fr\/actualite\/international\/guerre-hamas-israel-le-bilan-s-alourdit-a-pres-de-1000-morts-du-cote-palestinien\/209241\/#primaryimage"},"thumbnailUrl":"https:\/\/www.webdo.tn\/fr\/wp-content\/uploads\/2023\/10\/83a587e0cc360e71f4697db99cedba0f.jpg","datePublished":"2023-10-11T09:11:00+00:00","dateModified":"2025-05-20T22:10:14+00:00","description":"Au cinqui\u00e8me jour de l\u2019offensive surprise du Hamas contre Isra\u00ebl, le bilan humain est pass\u00e9 \u00e0 pr\u00e8s de 1000 morts c\u00f4t\u00e9 palestinien et 1200 c\u00f4t\u00e9 isra\u00e9lien.","breadcrumb":{"@id":"https:\/\/www.webdo.tn\/fr\/actualite\/international\/guerre-hamas-israel-le-bilan-s-alourdit-a-pres-de-1000-morts-du-cote-palestinien\/209241\/#breadcrumb"},"inLanguage":"fr-FR","potentialAction":[{"@type":"ReadAction","target":["https:\/\/www.webdo.tn\/fr\/actualite\/international\/guerre-hamas-israel-le-bilan-s-alourdit-a-pres-de-1000-morts-du-cote-palestinien\/209241\/"]}]},{"@type":"ImageObject","inLanguage":"fr-FR","@id":"https:\/\/www.webdo.tn\/fr\/actualite\/international\/guerre-hamas-israel-le-bilan-s-alourdit-a-pres-de-1000-morts-du-cote-palestinien\/209241\/#primaryimage","url":"https:\/\/www.webdo.tn\/fr\/wp-content\/uploads\/2023\/10\/83a587e0cc360e71f4697db99cedba0f.jpg","contentUrl":"https:\/\/www.webdo.tn\/fr\/wp-content\/uploads\/2023\/10\/83a587e0cc360e71f4697db99cedba0f.jpg","width":750,"height":400,"caption":"Guerre Hamas - Isra\u00ebl : le bilan s\u2019alourdit \u00e0 pr\u00e8s de 1000 morts du c\u00f4t\u00e9 palestinien"},{"@type":"BreadcrumbList","@id":"https:\/\/www.webdo.tn\/fr\/actualite\/international\/guerre-hamas-israel-le-bilan-s-alourdit-a-pres-de-1000-morts-du-cote-palestinien\/209241\/#breadcrumb","itemListElement":[{"@type":"ListItem","position":1,"name":"Accueil","item":"https:\/\/www.webdo.tn\/fr\/"},{"@type":"ListItem","position":2,"name":"Guerre Hamas &#8211; Isra\u00ebl : le bilan s\u2019alourdit \u00e0 pr\u00e8s de 1000 morts du c\u00f4t\u00e9 palestinien"}]},{"@type":"WebSite","@id":"https:\/\/www.webdo.tn\/fr\/#website","url":"https:\/\/www.webdo.tn\/fr\/","name":"webdo","description":"Tunisie - News en Tunisie et \u00e0 l&#039;international sur Webdo.tn","publisher":{"@id":"https:\/\/www.webdo.tn\/fr\/#organization"},"potentialAction":[{"@type":"SearchAction","target":{"@type":"EntryPoint","urlTemplate":"https:\/\/www.webdo.tn\/fr\/?s={search_term_string}"},"query-input":{"@type":"PropertyValueSpecification","valueRequired":true,"valueName":"search_term_string"}}],"inLanguage":"fr-FR"},{"@type":"Organization","@id":"https:\/\/www.webdo.tn\/fr\/#organization","name":"Webdo","alternateName":"Webdo.tn","url":"https:\/\/www.webdo.tn\/fr\/","logo":{"@type":"ImageObject","inLanguage":"fr-FR","@id":"https:\/\/www.webdo.tn\/fr\/#\/schema\/logo\/image\/","url":"https:\/\/www.webdo.tn\/fr\/wp-content\/uploads\/2025\/06\/Webdo-Tunisie_168377.jpg","contentUrl":"https:\/\/www.webdo.tn\/fr\/wp-content\/uploads\/2025\/06\/Webdo-Tunisie_168377.jpg","width":301,"height":301,"caption":"Webdo"},"image":{"@id":"https:\/\/www.webdo.tn\/fr\/#\/schema\/logo\/image\/"},"sameAs":["https:\/\/www.facebook.com\/webdotn","https:\/\/x.com\/webdo_tn"],"description":"Webdo est un m\u00e9dia num\u00e9rique tunisien fond\u00e9 en 2010, sp\u00e9cialis\u00e9 dans l\u2019actualit\u00e9 nationale et internationale, l\u2019\u00e9conomie, la soci\u00e9t\u00e9 et les analyses politiques. Le site s\u2019adresse \u00e0 un large public francophone et couvre l\u2019information tunisienne en temps r\u00e9el.","email":"redac@webdo.tn","legalName":"YNJ SARL","foundingDate":"2010-09-06","numberOfEmployees":{"@type":"QuantitativeValue","minValue":"11","maxValue":"50"}},{"@type":"Person","@id":"https:\/\/www.webdo.tn\/fr\/#\/schema\/person\/2c4929cbf5a809e3bd38617c6ce150f6","name":"MC","image":{"@type":"ImageObject","inLanguage":"fr-FR","@id":"https:\/\/secure.gravatar.com\/avatar\/a545bbb6f84efdd5553dbbc2895e3ca8f1d12c5215e00a041c9670b54aa9b18a?s=96&d=mm&r=g","url":"https:\/\/secure.gravatar.com\/avatar\/a545bbb6f84efdd5553dbbc2895e3ca8f1d12c5215e00a041c9670b54aa9b18a?s=96&d=mm&r=g","contentUrl":"https:\/\/secure.gravatar.com\/avatar\/a545bbb6f84efdd5553dbbc2895e3ca8f1d12c5215e00a041c9670b54aa9b18a?s=96&d=mm&r=g","caption":"MC"},"url":"https:\/\/www.webdo.tn\/fr\/actualite\/author\/mc\/"}]}},"_links":{"self":[{"href":"https:\/\/www.webdo.tn\/fr\/wp-json\/wp\/v2\/posts\/209241","targetHints":{"allow":["GET"]}}],"collection":[{"href":"https:\/\/www.webdo.tn\/fr\/wp-json\/wp\/v2\/posts"}],"about":[{"href":"https:\/\/www.webdo.tn\/fr\/wp-json\/wp\/v2\/types\/post"}],"author":[{"embeddable":true,"href":"https:\/\/www.webdo.tn\/fr\/wp-json\/wp\/v2\/users\/3162"}],"replies":[{"embeddable":true,"href":"https:\/\/www.webdo.tn\/fr\/wp-json\/wp\/v2\/comments?post=209241"}],"version-history":[{"count":0,"href":"https:\/\/www.webdo.tn\/fr\/wp-json\/wp\/v2\/posts\/209241\/revisions"}],"wp:featuredmedia":[{"embeddable":true,"href":"https:\/\/www.webdo.tn\/fr\/wp-json\/wp\/v2\/media\/278847"}],"wp:attachment":[{"href":"https:\/\/www.webdo.tn\/fr\/wp-json\/wp\/v2\/media?parent=209241"}],"wp:term":[{"taxonomy":"category","embeddable":true,"href":"https:\/\/www.webdo.tn\/fr\/wp-json\/wp\/v2\/categories?post=209241"},{"taxonomy":"post_tag","embeddable":true,"href":"https:\/\/www.webdo.tn\/fr\/wp-json\/wp\/v2\/tags?post=209241"}],"curies":[{"name":"wp","href":"https:\/\/api.w.org\/{rel}","templated":true}]}}