{"id":209239,"date":"2023-10-11T08:20:00","date_gmt":"2023-10-11T08:20:00","guid":{"rendered":"https:\/\/www.webdo.tn\/fr\/blog\/paris-interdit-deux-manifestations-propalestiniennes\/209239\/"},"modified":"2025-05-20T22:52:02","modified_gmt":"2025-05-20T22:52:02","slug":"paris-interdit-deux-manifestations-propalestiniennes","status":"publish","type":"post","link":"https:\/\/www.webdo.tn\/fr\/actualite\/international\/paris-interdit-deux-manifestations-propalestiniennes\/209239\/","title":{"rendered":"Paris interdit deux manifestations pro-palestiniennes"},"content":{"rendered":"<p>La pr\u00e9fecture de police de Paris a interdit deux manifestations pro-palestiniennes pr\u00e9vues demain jeudi pour d\u00e9noncer les agressions de l\u2019entit\u00e9 sioniste contre Gaza.<\/p>\n<p>\t\t\t\t\t\t\t\t\tCette interdiction a \u00e9t\u00e9 prise \u00ab compte tenu des risques de troubles \u00e0 l&rsquo;ordre public \u00bb, indique la pr\u00e9fecture de police \u00e0 l&rsquo;AFP.\u00a0<\/p>\n<p>Les deux manifestations devaient se tenir place de La R\u00e9publique \u00e0 18 heures.\u00a0<\/p>\n<p>Rappelons que quelques 1300 personnes se sont rassembl\u00e9es hier mardi soir dans le centre de Lyon, \u00ab contre le terrorisme, en solidarit\u00e9 avec Isra\u00ebl et le peuple isra\u00e9lien \u00bb, \u00e0 l&rsquo;appel du Conseil repr\u00e9sentatif des institutions juives de France.<\/p>\n","protected":false},"excerpt":{"rendered":"<p>La pr\u00e9fecture de police de Paris a interdit deux manifestations pro-palestiennes pr\u00e9vues demain jeudi pour d\u00e9noncer les agressions de l\u2019entit\u00e9 sioniste contre G&#8230;<\/p>\n","protected":false},"author":3175,"featured_media":278846,"comment_status":"open","ping_status":"closed","sticky":false,"template":"","format":"standard","meta":{"footnotes":""},"categories":[2598],"tags":[2998,2817,5270],"class_list":["post-209239","post","type-post","status-publish","format-standard","has-post-thumbnail","hentry","category-international","tag-france","tag-manifestation","tag-paris"],"yoast_head":"<!-- This site is optimized with the Yoast SEO Premium plugin v27.5 (Yoast SEO v27.5) - https:\/\/yoast.com\/product\/yoast-seo-premium-wordpress\/ -->\n<title>Paris interdit deux manifestations pro-palestiniennes<\/title>\n<meta name=\"description\" content=\"La pr\u00e9fecture de police de Paris a interdit deux manifestations pro-palestiennes pr\u00e9vues demain jeudi pour d\u00e9noncer les agressions de l\u2019entit\u00e9 sioniste contre G...\" \/>\n<link rel=\"canonical\" href=\"https:\/\/www.webdo.tn\/fr\/actualite\/international\/paris-interdit-deux-manifestations-propalestiniennes\/209239\/\" \/>\n<meta property=\"og:locale\" content=\"fr_FR\" \/>\n<meta property=\"og:type\" content=\"article\" \/>\n<meta property=\"og:title\" content=\"Paris interdit deux manifestations pro-palestiniennes\" \/>\n<meta property=\"og:description\" content=\"La pr\u00e9fecture de police de Paris a interdit deux manifestations pro-palestiennes pr\u00e9vues demain jeudi pour d\u00e9noncer les agressions de l\u2019entit\u00e9 sioniste contre G...\" \/>\n<meta property=\"og:url\" content=\"https:\/\/www.webdo.tn\/fr\/actualite\/international\/paris-interdit-deux-manifestations-propalestiniennes\/209239\/\" \/>\n<meta property=\"og:site_name\" content=\"webdo\" \/>\n<meta property=\"article:publisher\" content=\"https:\/\/www.facebook.com\/webdotn\" \/>\n<meta property=\"article:published_time\" content=\"2023-10-11T08:20:00+00:00\" \/>\n<meta property=\"article:modified_time\" content=\"2025-05-20T22:52:02+00:00\" \/>\n<meta property=\"og:image\" content=\"https:\/\/www.webdo.tn\/fr\/wp-content\/uploads\/2023\/10\/c44e18d5bdb3b82493a72f8c013818db.png\" \/>\n\t<meta property=\"og:image:width\" content=\"746\" \/>\n\t<meta property=\"og:image:height\" content=\"398\" \/>\n\t<meta property=\"og:image:type\" content=\"image\/png\" \/>\n<meta name=\"author\" content=\"CL\" \/>\n<meta name=\"twitter:card\" content=\"summary_large_image\" \/>\n<meta name=\"twitter:creator\" content=\"@webdo_tn\" \/>\n<meta name=\"twitter:site\" content=\"@webdo_tn\" \/>\n<meta name=\"twitter:label1\" content=\"\u00c9crit par\" \/>\n\t<meta name=\"twitter:data1\" content=\"CL\" \/>\n<script type=\"application\/ld+json\" class=\"yoast-schema-graph\">{\"@context\":\"https:\\\/\\\/schema.org\",\"@graph\":[{\"@type\":\"NewsArticle\",\"@id\":\"https:\\\/\\\/www.webdo.tn\\\/fr\\\/actualite\\\/international\\\/paris-interdit-deux-manifestations-propalestiniennes\\\/209239\\\/#article\",\"isPartOf\":{\"@id\":\"https:\\\/\\\/www.webdo.tn\\\/fr\\\/actualite\\\/international\\\/paris-interdit-deux-manifestations-propalestiniennes\\\/209239\\\/\"},\"author\":{\"name\":\"CL\",\"@id\":\"https:\\\/\\\/www.webdo.tn\\\/fr\\\/#\\\/schema\\\/person\\\/f35b42a42c5e2511bbd282959d6385cc\"},\"headline\":\"Paris interdit deux manifestations pro-palestiniennes\",\"datePublished\":\"2023-10-11T08:20:00+00:00\",\"dateModified\":\"2025-05-20T22:52:02+00:00\",\"mainEntityOfPage\":{\"@id\":\"https:\\\/\\\/www.webdo.tn\\\/fr\\\/actualite\\\/international\\\/paris-interdit-deux-manifestations-propalestiniennes\\\/209239\\\/\"},\"wordCount\":106,\"commentCount\":0,\"publisher\":{\"@id\":\"https:\\\/\\\/www.webdo.tn\\\/fr\\\/#organization\"},\"image\":{\"@id\":\"https:\\\/\\\/www.webdo.tn\\\/fr\\\/actualite\\\/international\\\/paris-interdit-deux-manifestations-propalestiniennes\\\/209239\\\/#primaryimage\"},\"thumbnailUrl\":\"https:\\\/\\\/www.webdo.tn\\\/fr\\\/wp-content\\\/uploads\\\/2023\\\/10\\\/c44e18d5bdb3b82493a72f8c013818db.png\",\"keywords\":[\"france\",\"Manifestation\",\"Paris\"],\"articleSection\":[\"International\"],\"inLanguage\":\"fr-FR\"},{\"@type\":\"WebPage\",\"@id\":\"https:\\\/\\\/www.webdo.tn\\\/fr\\\/actualite\\\/international\\\/paris-interdit-deux-manifestations-propalestiniennes\\\/209239\\\/\",\"url\":\"https:\\\/\\\/www.webdo.tn\\\/fr\\\/actualite\\\/international\\\/paris-interdit-deux-manifestations-propalestiniennes\\\/209239\\\/\",\"name\":\"Paris interdit deux manifestations pro-palestiniennes\",\"isPartOf\":{\"@id\":\"https:\\\/\\\/www.webdo.tn\\\/fr\\\/#website\"},\"primaryImageOfPage\":{\"@id\":\"https:\\\/\\\/www.webdo.tn\\\/fr\\\/actualite\\\/international\\\/paris-interdit-deux-manifestations-propalestiniennes\\\/209239\\\/#primaryimage\"},\"image\":{\"@id\":\"https:\\\/\\\/www.webdo.tn\\\/fr\\\/actualite\\\/international\\\/paris-interdit-deux-manifestations-propalestiniennes\\\/209239\\\/#primaryimage\"},\"thumbnailUrl\":\"https:\\\/\\\/www.webdo.tn\\\/fr\\\/wp-content\\\/uploads\\\/2023\\\/10\\\/c44e18d5bdb3b82493a72f8c013818db.png\",\"datePublished\":\"2023-10-11T08:20:00+00:00\",\"dateModified\":\"2025-05-20T22:52:02+00:00\",\"description\":\"La pr\u00e9fecture de police de Paris a interdit deux manifestations pro-palestiennes pr\u00e9vues demain jeudi pour d\u00e9noncer les agressions de l\u2019entit\u00e9 sioniste contre G...\",\"breadcrumb\":{\"@id\":\"https:\\\/\\\/www.webdo.tn\\\/fr\\\/actualite\\\/international\\\/paris-interdit-deux-manifestations-propalestiniennes\\\/209239\\\/#breadcrumb\"},\"inLanguage\":\"fr-FR\",\"potentialAction\":[{\"@type\":\"ReadAction\",\"target\":[\"https:\\\/\\\/www.webdo.tn\\\/fr\\\/actualite\\\/international\\\/paris-interdit-deux-manifestations-propalestiniennes\\\/209239\\\/\"]}]},{\"@type\":\"ImageObject\",\"inLanguage\":\"fr-FR\",\"@id\":\"https:\\\/\\\/www.webdo.tn\\\/fr\\\/actualite\\\/international\\\/paris-interdit-deux-manifestations-propalestiniennes\\\/209239\\\/#primaryimage\",\"url\":\"https:\\\/\\\/www.webdo.tn\\\/fr\\\/wp-content\\\/uploads\\\/2023\\\/10\\\/c44e18d5bdb3b82493a72f8c013818db.png\",\"contentUrl\":\"https:\\\/\\\/www.webdo.tn\\\/fr\\\/wp-content\\\/uploads\\\/2023\\\/10\\\/c44e18d5bdb3b82493a72f8c013818db.png\",\"width\":746,\"height\":398,\"caption\":\"Paris interdit deux manifestations pro-palestiniennes\"},{\"@type\":\"BreadcrumbList\",\"@id\":\"https:\\\/\\\/www.webdo.tn\\\/fr\\\/actualite\\\/international\\\/paris-interdit-deux-manifestations-propalestiniennes\\\/209239\\\/#breadcrumb\",\"itemListElement\":[{\"@type\":\"ListItem\",\"position\":1,\"name\":\"Accueil\",\"item\":\"https:\\\/\\\/www.webdo.tn\\\/fr\\\/\"},{\"@type\":\"ListItem\",\"position\":2,\"name\":\"Paris interdit deux manifestations pro-palestiniennes\"}]},{\"@type\":\"WebSite\",\"@id\":\"https:\\\/\\\/www.webdo.tn\\\/fr\\\/#website\",\"url\":\"https:\\\/\\\/www.webdo.tn\\\/fr\\\/\",\"name\":\"webdo\",\"description\":\"Tunisie - News en Tunisie et \u00e0 l&#039;international sur Webdo.tn\",\"publisher\":{\"@id\":\"https:\\\/\\\/www.webdo.tn\\\/fr\\\/#organization\"},\"potentialAction\":[{\"@type\":\"SearchAction\",\"target\":{\"@type\":\"EntryPoint\",\"urlTemplate\":\"https:\\\/\\\/www.webdo.tn\\\/fr\\\/?s={search_term_string}\"},\"query-input\":{\"@type\":\"PropertyValueSpecification\",\"valueRequired\":true,\"valueName\":\"search_term_string\"}}],\"inLanguage\":\"fr-FR\"},{\"@type\":\"Organization\",\"@id\":\"https:\\\/\\\/www.webdo.tn\\\/fr\\\/#organization\",\"name\":\"Webdo\",\"alternateName\":\"Webdo.tn\",\"url\":\"https:\\\/\\\/www.webdo.tn\\\/fr\\\/\",\"logo\":{\"@type\":\"ImageObject\",\"inLanguage\":\"fr-FR\",\"@id\":\"https:\\\/\\\/www.webdo.tn\\\/fr\\\/#\\\/schema\\\/logo\\\/image\\\/\",\"url\":\"https:\\\/\\\/www.webdo.tn\\\/fr\\\/wp-content\\\/uploads\\\/2025\\\/06\\\/Webdo-Tunisie_168377.jpg\",\"contentUrl\":\"https:\\\/\\\/www.webdo.tn\\\/fr\\\/wp-content\\\/uploads\\\/2025\\\/06\\\/Webdo-Tunisie_168377.jpg\",\"width\":301,\"height\":301,\"caption\":\"Webdo\"},\"image\":{\"@id\":\"https:\\\/\\\/www.webdo.tn\\\/fr\\\/#\\\/schema\\\/logo\\\/image\\\/\"},\"sameAs\":[\"https:\\\/\\\/www.facebook.com\\\/webdotn\",\"https:\\\/\\\/x.com\\\/webdo_tn\"],\"description\":\"Webdo est un m\u00e9dia num\u00e9rique tunisien fond\u00e9 en 2010, sp\u00e9cialis\u00e9 dans l\u2019actualit\u00e9 nationale et internationale, l\u2019\u00e9conomie, la soci\u00e9t\u00e9 et les analyses politiques. Le site s\u2019adresse \u00e0 un large public francophone et couvre l\u2019information tunisienne en temps r\u00e9el.\",\"email\":\"redac@webdo.tn\",\"legalName\":\"YNJ SARL\",\"foundingDate\":\"2010-09-06\",\"numberOfEmployees\":{\"@type\":\"QuantitativeValue\",\"minValue\":\"11\",\"maxValue\":\"50\"}},{\"@type\":\"Person\",\"@id\":\"https:\\\/\\\/www.webdo.tn\\\/fr\\\/#\\\/schema\\\/person\\\/f35b42a42c5e2511bbd282959d6385cc\",\"name\":\"CL\",\"image\":{\"@type\":\"ImageObject\",\"inLanguage\":\"fr-FR\",\"@id\":\"https:\\\/\\\/secure.gravatar.com\\\/avatar\\\/1447a49909b67aa657c488aec6512e1dd6143a480c1ecfee9b5b5cd74eb3b59e?s=96&d=mm&r=g\",\"url\":\"https:\\\/\\\/secure.gravatar.com\\\/avatar\\\/1447a49909b67aa657c488aec6512e1dd6143a480c1ecfee9b5b5cd74eb3b59e?s=96&d=mm&r=g\",\"contentUrl\":\"https:\\\/\\\/secure.gravatar.com\\\/avatar\\\/1447a49909b67aa657c488aec6512e1dd6143a480c1ecfee9b5b5cd74eb3b59e?s=96&d=mm&r=g\",\"caption\":\"CL\"},\"url\":\"https:\\\/\\\/www.webdo.tn\\\/fr\\\/actualite\\\/author\\\/cl\\\/\"}]}<\/script>\n<!-- \/ Yoast SEO Premium plugin. -->","yoast_head_json":{"title":"Paris interdit deux manifestations pro-palestiniennes","description":"La pr\u00e9fecture de police de Paris a interdit deux manifestations pro-palestiennes pr\u00e9vues demain jeudi pour d\u00e9noncer les agressions de l\u2019entit\u00e9 sioniste contre G...","canonical":"https:\/\/www.webdo.tn\/fr\/actualite\/international\/paris-interdit-deux-manifestations-propalestiniennes\/209239\/","og_locale":"fr_FR","og_type":"article","og_title":"Paris interdit deux manifestations pro-palestiniennes","og_description":"La pr\u00e9fecture de police de Paris a interdit deux manifestations pro-palestiennes pr\u00e9vues demain jeudi pour d\u00e9noncer les agressions de l\u2019entit\u00e9 sioniste contre G...","og_url":"https:\/\/www.webdo.tn\/fr\/actualite\/international\/paris-interdit-deux-manifestations-propalestiniennes\/209239\/","og_site_name":"webdo","article_publisher":"https:\/\/www.facebook.com\/webdotn","article_published_time":"2023-10-11T08:20:00+00:00","article_modified_time":"2025-05-20T22:52:02+00:00","og_image":[{"width":746,"height":398,"url":"https:\/\/www.webdo.tn\/fr\/wp-content\/uploads\/2023\/10\/c44e18d5bdb3b82493a72f8c013818db.png","type":"image\/png"}],"author":"CL","twitter_card":"summary_large_image","twitter_creator":"@webdo_tn","twitter_site":"@webdo_tn","twitter_misc":{"\u00c9crit par":"CL"},"schema":{"@context":"https:\/\/schema.org","@graph":[{"@type":"NewsArticle","@id":"https:\/\/www.webdo.tn\/fr\/actualite\/international\/paris-interdit-deux-manifestations-propalestiniennes\/209239\/#article","isPartOf":{"@id":"https:\/\/www.webdo.tn\/fr\/actualite\/international\/paris-interdit-deux-manifestations-propalestiniennes\/209239\/"},"author":{"name":"CL","@id":"https:\/\/www.webdo.tn\/fr\/#\/schema\/person\/f35b42a42c5e2511bbd282959d6385cc"},"headline":"Paris interdit deux manifestations pro-palestiniennes","datePublished":"2023-10-11T08:20:00+00:00","dateModified":"2025-05-20T22:52:02+00:00","mainEntityOfPage":{"@id":"https:\/\/www.webdo.tn\/fr\/actualite\/international\/paris-interdit-deux-manifestations-propalestiniennes\/209239\/"},"wordCount":106,"commentCount":0,"publisher":{"@id":"https:\/\/www.webdo.tn\/fr\/#organization"},"image":{"@id":"https:\/\/www.webdo.tn\/fr\/actualite\/international\/paris-interdit-deux-manifestations-propalestiniennes\/209239\/#primaryimage"},"thumbnailUrl":"https:\/\/www.webdo.tn\/fr\/wp-content\/uploads\/2023\/10\/c44e18d5bdb3b82493a72f8c013818db.png","keywords":["france","Manifestation","Paris"],"articleSection":["International"],"inLanguage":"fr-FR"},{"@type":"WebPage","@id":"https:\/\/www.webdo.tn\/fr\/actualite\/international\/paris-interdit-deux-manifestations-propalestiniennes\/209239\/","url":"https:\/\/www.webdo.tn\/fr\/actualite\/international\/paris-interdit-deux-manifestations-propalestiniennes\/209239\/","name":"Paris interdit deux manifestations pro-palestiniennes","isPartOf":{"@id":"https:\/\/www.webdo.tn\/fr\/#website"},"primaryImageOfPage":{"@id":"https:\/\/www.webdo.tn\/fr\/actualite\/international\/paris-interdit-deux-manifestations-propalestiniennes\/209239\/#primaryimage"},"image":{"@id":"https:\/\/www.webdo.tn\/fr\/actualite\/international\/paris-interdit-deux-manifestations-propalestiniennes\/209239\/#primaryimage"},"thumbnailUrl":"https:\/\/www.webdo.tn\/fr\/wp-content\/uploads\/2023\/10\/c44e18d5bdb3b82493a72f8c013818db.png","datePublished":"2023-10-11T08:20:00+00:00","dateModified":"2025-05-20T22:52:02+00:00","description":"La pr\u00e9fecture de police de Paris a interdit deux manifestations pro-palestiennes pr\u00e9vues demain jeudi pour d\u00e9noncer les agressions de l\u2019entit\u00e9 sioniste contre G...","breadcrumb":{"@id":"https:\/\/www.webdo.tn\/fr\/actualite\/international\/paris-interdit-deux-manifestations-propalestiniennes\/209239\/#breadcrumb"},"inLanguage":"fr-FR","potentialAction":[{"@type":"ReadAction","target":["https:\/\/www.webdo.tn\/fr\/actualite\/international\/paris-interdit-deux-manifestations-propalestiniennes\/209239\/"]}]},{"@type":"ImageObject","inLanguage":"fr-FR","@id":"https:\/\/www.webdo.tn\/fr\/actualite\/international\/paris-interdit-deux-manifestations-propalestiniennes\/209239\/#primaryimage","url":"https:\/\/www.webdo.tn\/fr\/wp-content\/uploads\/2023\/10\/c44e18d5bdb3b82493a72f8c013818db.png","contentUrl":"https:\/\/www.webdo.tn\/fr\/wp-content\/uploads\/2023\/10\/c44e18d5bdb3b82493a72f8c013818db.png","width":746,"height":398,"caption":"Paris interdit deux manifestations pro-palestiniennes"},{"@type":"BreadcrumbList","@id":"https:\/\/www.webdo.tn\/fr\/actualite\/international\/paris-interdit-deux-manifestations-propalestiniennes\/209239\/#breadcrumb","itemListElement":[{"@type":"ListItem","position":1,"name":"Accueil","item":"https:\/\/www.webdo.tn\/fr\/"},{"@type":"ListItem","position":2,"name":"Paris interdit deux manifestations pro-palestiniennes"}]},{"@type":"WebSite","@id":"https:\/\/www.webdo.tn\/fr\/#website","url":"https:\/\/www.webdo.tn\/fr\/","name":"webdo","description":"Tunisie - News en Tunisie et \u00e0 l&#039;international sur Webdo.tn","publisher":{"@id":"https:\/\/www.webdo.tn\/fr\/#organization"},"potentialAction":[{"@type":"SearchAction","target":{"@type":"EntryPoint","urlTemplate":"https:\/\/www.webdo.tn\/fr\/?s={search_term_string}"},"query-input":{"@type":"PropertyValueSpecification","valueRequired":true,"valueName":"search_term_string"}}],"inLanguage":"fr-FR"},{"@type":"Organization","@id":"https:\/\/www.webdo.tn\/fr\/#organization","name":"Webdo","alternateName":"Webdo.tn","url":"https:\/\/www.webdo.tn\/fr\/","logo":{"@type":"ImageObject","inLanguage":"fr-FR","@id":"https:\/\/www.webdo.tn\/fr\/#\/schema\/logo\/image\/","url":"https:\/\/www.webdo.tn\/fr\/wp-content\/uploads\/2025\/06\/Webdo-Tunisie_168377.jpg","contentUrl":"https:\/\/www.webdo.tn\/fr\/wp-content\/uploads\/2025\/06\/Webdo-Tunisie_168377.jpg","width":301,"height":301,"caption":"Webdo"},"image":{"@id":"https:\/\/www.webdo.tn\/fr\/#\/schema\/logo\/image\/"},"sameAs":["https:\/\/www.facebook.com\/webdotn","https:\/\/x.com\/webdo_tn"],"description":"Webdo est un m\u00e9dia num\u00e9rique tunisien fond\u00e9 en 2010, sp\u00e9cialis\u00e9 dans l\u2019actualit\u00e9 nationale et internationale, l\u2019\u00e9conomie, la soci\u00e9t\u00e9 et les analyses politiques. Le site s\u2019adresse \u00e0 un large public francophone et couvre l\u2019information tunisienne en temps r\u00e9el.","email":"redac@webdo.tn","legalName":"YNJ SARL","foundingDate":"2010-09-06","numberOfEmployees":{"@type":"QuantitativeValue","minValue":"11","maxValue":"50"}},{"@type":"Person","@id":"https:\/\/www.webdo.tn\/fr\/#\/schema\/person\/f35b42a42c5e2511bbd282959d6385cc","name":"CL","image":{"@type":"ImageObject","inLanguage":"fr-FR","@id":"https:\/\/secure.gravatar.com\/avatar\/1447a49909b67aa657c488aec6512e1dd6143a480c1ecfee9b5b5cd74eb3b59e?s=96&d=mm&r=g","url":"https:\/\/secure.gravatar.com\/avatar\/1447a49909b67aa657c488aec6512e1dd6143a480c1ecfee9b5b5cd74eb3b59e?s=96&d=mm&r=g","contentUrl":"https:\/\/secure.gravatar.com\/avatar\/1447a49909b67aa657c488aec6512e1dd6143a480c1ecfee9b5b5cd74eb3b59e?s=96&d=mm&r=g","caption":"CL"},"url":"https:\/\/www.webdo.tn\/fr\/actualite\/author\/cl\/"}]}},"_links":{"self":[{"href":"https:\/\/www.webdo.tn\/fr\/wp-json\/wp\/v2\/posts\/209239","targetHints":{"allow":["GET"]}}],"collection":[{"href":"https:\/\/www.webdo.tn\/fr\/wp-json\/wp\/v2\/posts"}],"about":[{"href":"https:\/\/www.webdo.tn\/fr\/wp-json\/wp\/v2\/types\/post"}],"author":[{"embeddable":true,"href":"https:\/\/www.webdo.tn\/fr\/wp-json\/wp\/v2\/users\/3175"}],"replies":[{"embeddable":true,"href":"https:\/\/www.webdo.tn\/fr\/wp-json\/wp\/v2\/comments?post=209239"}],"version-history":[{"count":0,"href":"https:\/\/www.webdo.tn\/fr\/wp-json\/wp\/v2\/posts\/209239\/revisions"}],"wp:featuredmedia":[{"embeddable":true,"href":"https:\/\/www.webdo.tn\/fr\/wp-json\/wp\/v2\/media\/278846"}],"wp:attachment":[{"href":"https:\/\/www.webdo.tn\/fr\/wp-json\/wp\/v2\/media?parent=209239"}],"wp:term":[{"taxonomy":"category","embeddable":true,"href":"https:\/\/www.webdo.tn\/fr\/wp-json\/wp\/v2\/categories?post=209239"},{"taxonomy":"post_tag","embeddable":true,"href":"https:\/\/www.webdo.tn\/fr\/wp-json\/wp\/v2\/tags?post=209239"}],"curies":[{"name":"wp","href":"https:\/\/api.w.org\/{rel}","templated":true}]}}