{"id":209237,"date":"2023-10-11T07:52:00","date_gmt":"2023-10-11T07:52:00","guid":{"rendered":"https:\/\/www.webdo.tn\/fr\/blog\/palestine-nabil-ammar-prend-part-a-la-reunion-urgente-des-mae\/209237\/"},"modified":"2025-05-20T22:52:02","modified_gmt":"2025-05-20T22:52:02","slug":"palestine-nabil-ammar-prend-part-a-la-reunion-urgente-des-mae","status":"publish","type":"post","link":"https:\/\/www.webdo.tn\/fr\/actualite\/international\/palestine-nabil-ammar-prend-part-a-la-reunion-urgente-des-mae\/209237\/","title":{"rendered":"Palestine : Nabil Ammar \u00e0 la r\u00e9union urgente des MAE"},"content":{"rendered":"<p>Charg\u00e9 par le pr\u00e9sident de la R\u00e9publique, le ministre des Affaires \u00e9trang\u00e8res, Nabil Ammar, participera \u00e0 la r\u00e9union urgente des ministres arabes des Affaires \u00e9trang\u00e8res de la Ligue arabe au Caire.<\/p>\n<p>Cette r\u00e9union aura ce mercredi 11 octobre 2023 et \u00e9tudiera les derniers rebondissements en Palestine.\u00a0<\/p>\n<p>Le Maroc et la Palestine ont demand\u00e9 la tenue de cette r\u00e9union urgente pour d\u00e9noncer l&rsquo;agression de l&rsquo;entit\u00e9 sioniste contre la Palestine.\u00a0<\/p>\n<p>La Tunisie avait d\u00e9nonc\u00e9 l\u2019attaque sans pr\u00e9c\u00e9dent contre le peuple palestinien. Dans un communiqu\u00e9 publi\u00e9 dans la soir\u00e9e du samedi 7 octobre 2023, la pr\u00e9sidence a rappel\u00e9 que ce que \u00abcertains m\u00e9dias qualifient de \u00ab colonies entourant la bande de Gaza \u00bb sont des terres palestiniennes sous occupation sioniste depuis des d\u00e9cennies et que le peuple palestinien a le droit de r\u00e9cup\u00e9rer \u2026 Ils ont \u00e9galement le droit d\u2019\u00e9tablir leur \u00c9tat ind\u00e9pendant dont la capitale est Al-Quds \u00bb.<\/p>\n","protected":false},"excerpt":{"rendered":"<p>Charg\u00e9 par le pr\u00e9sident de la R\u00e9publique, le ministre des Affaires \u00e9trang\u00e8res, Nabil Ammar, participera \u00e0 la r\u00e9union urgente des ministres arabes des Affaires \u00e9&#8230;<\/p>\n","protected":false},"author":3175,"featured_media":278844,"comment_status":"open","ping_status":"closed","sticky":false,"template":"","format":"standard","meta":{"footnotes":""},"categories":[2598],"tags":[2689,5912,2688,2608],"class_list":["post-209237","post","type-post","status-publish","format-standard","has-post-thumbnail","hentry","category-international","tag-gaza","tag-nabil-ammar","tag-palestine","tag-tunisie"],"yoast_head":"<!-- This site is optimized with the Yoast SEO Premium plugin v27.5 (Yoast SEO v27.5) - https:\/\/yoast.com\/product\/yoast-seo-premium-wordpress\/ -->\n<title>Palestine : Nabil Ammar \u00e0 la r\u00e9union urgente des MAE<\/title>\n<meta name=\"description\" content=\"Charg\u00e9 par le pr\u00e9sident de la R\u00e9publique, le ministre des Affaires \u00e9trang\u00e8res, Nabil Ammar, participera \u00e0 la r\u00e9union urgente des ministres arabes des Affaires \u00e9...\" \/>\n<link rel=\"canonical\" href=\"https:\/\/www.webdo.tn\/fr\/actualite\/international\/palestine-nabil-ammar-prend-part-a-la-reunion-urgente-des-mae\/209237\/\" \/>\n<meta property=\"og:locale\" content=\"fr_FR\" \/>\n<meta property=\"og:type\" content=\"article\" \/>\n<meta property=\"og:title\" content=\"Palestine : Nabil Ammar \u00e0 la r\u00e9union urgente des MAE\" \/>\n<meta property=\"og:description\" content=\"Charg\u00e9 par le pr\u00e9sident de la R\u00e9publique, le ministre des Affaires \u00e9trang\u00e8res, Nabil Ammar, participera \u00e0 la r\u00e9union urgente des ministres arabes des Affaires \u00e9...\" \/>\n<meta property=\"og:url\" content=\"https:\/\/www.webdo.tn\/fr\/actualite\/international\/palestine-nabil-ammar-prend-part-a-la-reunion-urgente-des-mae\/209237\/\" \/>\n<meta property=\"og:site_name\" content=\"webdo\" \/>\n<meta property=\"article:publisher\" content=\"https:\/\/www.facebook.com\/webdotn\" \/>\n<meta property=\"article:published_time\" content=\"2023-10-11T07:52:00+00:00\" \/>\n<meta property=\"article:modified_time\" content=\"2025-05-20T22:52:02+00:00\" \/>\n<meta property=\"og:image\" content=\"https:\/\/www.webdo.tn\/fr\/wp-content\/uploads\/2023\/10\/579be480fa31eb766372ccf3b4bd7894.jpg\" \/>\n\t<meta property=\"og:image:width\" content=\"750\" \/>\n\t<meta property=\"og:image:height\" content=\"400\" \/>\n\t<meta property=\"og:image:type\" content=\"image\/jpeg\" \/>\n<meta name=\"author\" content=\"CL\" \/>\n<meta name=\"twitter:card\" content=\"summary_large_image\" \/>\n<meta name=\"twitter:creator\" content=\"@webdo_tn\" \/>\n<meta name=\"twitter:site\" content=\"@webdo_tn\" \/>\n<meta name=\"twitter:label1\" content=\"\u00c9crit par\" \/>\n\t<meta name=\"twitter:data1\" content=\"CL\" \/>\n\t<meta name=\"twitter:label2\" content=\"Dur\u00e9e de lecture estim\u00e9e\" \/>\n\t<meta name=\"twitter:data2\" content=\"1 minute\" \/>\n<script type=\"application\/ld+json\" class=\"yoast-schema-graph\">{\"@context\":\"https:\\\/\\\/schema.org\",\"@graph\":[{\"@type\":\"NewsArticle\",\"@id\":\"https:\\\/\\\/www.webdo.tn\\\/fr\\\/actualite\\\/international\\\/palestine-nabil-ammar-prend-part-a-la-reunion-urgente-des-mae\\\/209237\\\/#article\",\"isPartOf\":{\"@id\":\"https:\\\/\\\/www.webdo.tn\\\/fr\\\/actualite\\\/international\\\/palestine-nabil-ammar-prend-part-a-la-reunion-urgente-des-mae\\\/209237\\\/\"},\"author\":{\"name\":\"CL\",\"@id\":\"https:\\\/\\\/www.webdo.tn\\\/fr\\\/#\\\/schema\\\/person\\\/f35b42a42c5e2511bbd282959d6385cc\"},\"headline\":\"Palestine : Nabil Ammar \u00e0 la r\u00e9union urgente des MAE\",\"datePublished\":\"2023-10-11T07:52:00+00:00\",\"dateModified\":\"2025-05-20T22:52:02+00:00\",\"mainEntityOfPage\":{\"@id\":\"https:\\\/\\\/www.webdo.tn\\\/fr\\\/actualite\\\/international\\\/palestine-nabil-ammar-prend-part-a-la-reunion-urgente-des-mae\\\/209237\\\/\"},\"wordCount\":168,\"commentCount\":0,\"publisher\":{\"@id\":\"https:\\\/\\\/www.webdo.tn\\\/fr\\\/#organization\"},\"image\":{\"@id\":\"https:\\\/\\\/www.webdo.tn\\\/fr\\\/actualite\\\/international\\\/palestine-nabil-ammar-prend-part-a-la-reunion-urgente-des-mae\\\/209237\\\/#primaryimage\"},\"thumbnailUrl\":\"https:\\\/\\\/www.webdo.tn\\\/fr\\\/wp-content\\\/uploads\\\/2023\\\/10\\\/579be480fa31eb766372ccf3b4bd7894.jpg\",\"keywords\":[\"Gaza\",\"Nabil Ammar\",\"Palestine\",\"Tunisie\"],\"articleSection\":[\"International\"],\"inLanguage\":\"fr-FR\"},{\"@type\":\"WebPage\",\"@id\":\"https:\\\/\\\/www.webdo.tn\\\/fr\\\/actualite\\\/international\\\/palestine-nabil-ammar-prend-part-a-la-reunion-urgente-des-mae\\\/209237\\\/\",\"url\":\"https:\\\/\\\/www.webdo.tn\\\/fr\\\/actualite\\\/international\\\/palestine-nabil-ammar-prend-part-a-la-reunion-urgente-des-mae\\\/209237\\\/\",\"name\":\"Palestine : Nabil Ammar \u00e0 la r\u00e9union urgente des MAE\",\"isPartOf\":{\"@id\":\"https:\\\/\\\/www.webdo.tn\\\/fr\\\/#website\"},\"primaryImageOfPage\":{\"@id\":\"https:\\\/\\\/www.webdo.tn\\\/fr\\\/actualite\\\/international\\\/palestine-nabil-ammar-prend-part-a-la-reunion-urgente-des-mae\\\/209237\\\/#primaryimage\"},\"image\":{\"@id\":\"https:\\\/\\\/www.webdo.tn\\\/fr\\\/actualite\\\/international\\\/palestine-nabil-ammar-prend-part-a-la-reunion-urgente-des-mae\\\/209237\\\/#primaryimage\"},\"thumbnailUrl\":\"https:\\\/\\\/www.webdo.tn\\\/fr\\\/wp-content\\\/uploads\\\/2023\\\/10\\\/579be480fa31eb766372ccf3b4bd7894.jpg\",\"datePublished\":\"2023-10-11T07:52:00+00:00\",\"dateModified\":\"2025-05-20T22:52:02+00:00\",\"description\":\"Charg\u00e9 par le pr\u00e9sident de la R\u00e9publique, le ministre des Affaires \u00e9trang\u00e8res, Nabil Ammar, participera \u00e0 la r\u00e9union urgente des ministres arabes des Affaires \u00e9...\",\"breadcrumb\":{\"@id\":\"https:\\\/\\\/www.webdo.tn\\\/fr\\\/actualite\\\/international\\\/palestine-nabil-ammar-prend-part-a-la-reunion-urgente-des-mae\\\/209237\\\/#breadcrumb\"},\"inLanguage\":\"fr-FR\",\"potentialAction\":[{\"@type\":\"ReadAction\",\"target\":[\"https:\\\/\\\/www.webdo.tn\\\/fr\\\/actualite\\\/international\\\/palestine-nabil-ammar-prend-part-a-la-reunion-urgente-des-mae\\\/209237\\\/\"]}]},{\"@type\":\"ImageObject\",\"inLanguage\":\"fr-FR\",\"@id\":\"https:\\\/\\\/www.webdo.tn\\\/fr\\\/actualite\\\/international\\\/palestine-nabil-ammar-prend-part-a-la-reunion-urgente-des-mae\\\/209237\\\/#primaryimage\",\"url\":\"https:\\\/\\\/www.webdo.tn\\\/fr\\\/wp-content\\\/uploads\\\/2023\\\/10\\\/579be480fa31eb766372ccf3b4bd7894.jpg\",\"contentUrl\":\"https:\\\/\\\/www.webdo.tn\\\/fr\\\/wp-content\\\/uploads\\\/2023\\\/10\\\/579be480fa31eb766372ccf3b4bd7894.jpg\",\"width\":750,\"height\":400,\"caption\":\"Palestine : Nabil Ammar \u00e0 la r\u00e9union urgente des MAE\"},{\"@type\":\"BreadcrumbList\",\"@id\":\"https:\\\/\\\/www.webdo.tn\\\/fr\\\/actualite\\\/international\\\/palestine-nabil-ammar-prend-part-a-la-reunion-urgente-des-mae\\\/209237\\\/#breadcrumb\",\"itemListElement\":[{\"@type\":\"ListItem\",\"position\":1,\"name\":\"Accueil\",\"item\":\"https:\\\/\\\/www.webdo.tn\\\/fr\\\/\"},{\"@type\":\"ListItem\",\"position\":2,\"name\":\"Palestine : Nabil Ammar \u00e0 la r\u00e9union urgente des MAE\"}]},{\"@type\":\"WebSite\",\"@id\":\"https:\\\/\\\/www.webdo.tn\\\/fr\\\/#website\",\"url\":\"https:\\\/\\\/www.webdo.tn\\\/fr\\\/\",\"name\":\"webdo\",\"description\":\"Tunisie - News en Tunisie et \u00e0 l&#039;international sur Webdo.tn\",\"publisher\":{\"@id\":\"https:\\\/\\\/www.webdo.tn\\\/fr\\\/#organization\"},\"potentialAction\":[{\"@type\":\"SearchAction\",\"target\":{\"@type\":\"EntryPoint\",\"urlTemplate\":\"https:\\\/\\\/www.webdo.tn\\\/fr\\\/?s={search_term_string}\"},\"query-input\":{\"@type\":\"PropertyValueSpecification\",\"valueRequired\":true,\"valueName\":\"search_term_string\"}}],\"inLanguage\":\"fr-FR\"},{\"@type\":\"Organization\",\"@id\":\"https:\\\/\\\/www.webdo.tn\\\/fr\\\/#organization\",\"name\":\"Webdo\",\"alternateName\":\"Webdo.tn\",\"url\":\"https:\\\/\\\/www.webdo.tn\\\/fr\\\/\",\"logo\":{\"@type\":\"ImageObject\",\"inLanguage\":\"fr-FR\",\"@id\":\"https:\\\/\\\/www.webdo.tn\\\/fr\\\/#\\\/schema\\\/logo\\\/image\\\/\",\"url\":\"https:\\\/\\\/www.webdo.tn\\\/fr\\\/wp-content\\\/uploads\\\/2025\\\/06\\\/Webdo-Tunisie_168377.jpg\",\"contentUrl\":\"https:\\\/\\\/www.webdo.tn\\\/fr\\\/wp-content\\\/uploads\\\/2025\\\/06\\\/Webdo-Tunisie_168377.jpg\",\"width\":301,\"height\":301,\"caption\":\"Webdo\"},\"image\":{\"@id\":\"https:\\\/\\\/www.webdo.tn\\\/fr\\\/#\\\/schema\\\/logo\\\/image\\\/\"},\"sameAs\":[\"https:\\\/\\\/www.facebook.com\\\/webdotn\",\"https:\\\/\\\/x.com\\\/webdo_tn\"],\"description\":\"Webdo est un m\u00e9dia num\u00e9rique tunisien fond\u00e9 en 2010, sp\u00e9cialis\u00e9 dans l\u2019actualit\u00e9 nationale et internationale, l\u2019\u00e9conomie, la soci\u00e9t\u00e9 et les analyses politiques. Le site s\u2019adresse \u00e0 un large public francophone et couvre l\u2019information tunisienne en temps r\u00e9el.\",\"email\":\"redac@webdo.tn\",\"legalName\":\"YNJ SARL\",\"foundingDate\":\"2010-09-06\",\"numberOfEmployees\":{\"@type\":\"QuantitativeValue\",\"minValue\":\"11\",\"maxValue\":\"50\"}},{\"@type\":\"Person\",\"@id\":\"https:\\\/\\\/www.webdo.tn\\\/fr\\\/#\\\/schema\\\/person\\\/f35b42a42c5e2511bbd282959d6385cc\",\"name\":\"CL\",\"image\":{\"@type\":\"ImageObject\",\"inLanguage\":\"fr-FR\",\"@id\":\"https:\\\/\\\/secure.gravatar.com\\\/avatar\\\/1447a49909b67aa657c488aec6512e1dd6143a480c1ecfee9b5b5cd74eb3b59e?s=96&d=mm&r=g\",\"url\":\"https:\\\/\\\/secure.gravatar.com\\\/avatar\\\/1447a49909b67aa657c488aec6512e1dd6143a480c1ecfee9b5b5cd74eb3b59e?s=96&d=mm&r=g\",\"contentUrl\":\"https:\\\/\\\/secure.gravatar.com\\\/avatar\\\/1447a49909b67aa657c488aec6512e1dd6143a480c1ecfee9b5b5cd74eb3b59e?s=96&d=mm&r=g\",\"caption\":\"CL\"},\"url\":\"https:\\\/\\\/www.webdo.tn\\\/fr\\\/actualite\\\/author\\\/cl\\\/\"}]}<\/script>\n<!-- \/ Yoast SEO Premium plugin. -->","yoast_head_json":{"title":"Palestine : Nabil Ammar \u00e0 la r\u00e9union urgente des MAE","description":"Charg\u00e9 par le pr\u00e9sident de la R\u00e9publique, le ministre des Affaires \u00e9trang\u00e8res, Nabil Ammar, participera \u00e0 la r\u00e9union urgente des ministres arabes des Affaires \u00e9...","canonical":"https:\/\/www.webdo.tn\/fr\/actualite\/international\/palestine-nabil-ammar-prend-part-a-la-reunion-urgente-des-mae\/209237\/","og_locale":"fr_FR","og_type":"article","og_title":"Palestine : Nabil Ammar \u00e0 la r\u00e9union urgente des MAE","og_description":"Charg\u00e9 par le pr\u00e9sident de la R\u00e9publique, le ministre des Affaires \u00e9trang\u00e8res, Nabil Ammar, participera \u00e0 la r\u00e9union urgente des ministres arabes des Affaires \u00e9...","og_url":"https:\/\/www.webdo.tn\/fr\/actualite\/international\/palestine-nabil-ammar-prend-part-a-la-reunion-urgente-des-mae\/209237\/","og_site_name":"webdo","article_publisher":"https:\/\/www.facebook.com\/webdotn","article_published_time":"2023-10-11T07:52:00+00:00","article_modified_time":"2025-05-20T22:52:02+00:00","og_image":[{"width":750,"height":400,"url":"https:\/\/www.webdo.tn\/fr\/wp-content\/uploads\/2023\/10\/579be480fa31eb766372ccf3b4bd7894.jpg","type":"image\/jpeg"}],"author":"CL","twitter_card":"summary_large_image","twitter_creator":"@webdo_tn","twitter_site":"@webdo_tn","twitter_misc":{"\u00c9crit par":"CL","Dur\u00e9e de lecture estim\u00e9e":"1 minute"},"schema":{"@context":"https:\/\/schema.org","@graph":[{"@type":"NewsArticle","@id":"https:\/\/www.webdo.tn\/fr\/actualite\/international\/palestine-nabil-ammar-prend-part-a-la-reunion-urgente-des-mae\/209237\/#article","isPartOf":{"@id":"https:\/\/www.webdo.tn\/fr\/actualite\/international\/palestine-nabil-ammar-prend-part-a-la-reunion-urgente-des-mae\/209237\/"},"author":{"name":"CL","@id":"https:\/\/www.webdo.tn\/fr\/#\/schema\/person\/f35b42a42c5e2511bbd282959d6385cc"},"headline":"Palestine : Nabil Ammar \u00e0 la r\u00e9union urgente des MAE","datePublished":"2023-10-11T07:52:00+00:00","dateModified":"2025-05-20T22:52:02+00:00","mainEntityOfPage":{"@id":"https:\/\/www.webdo.tn\/fr\/actualite\/international\/palestine-nabil-ammar-prend-part-a-la-reunion-urgente-des-mae\/209237\/"},"wordCount":168,"commentCount":0,"publisher":{"@id":"https:\/\/www.webdo.tn\/fr\/#organization"},"image":{"@id":"https:\/\/www.webdo.tn\/fr\/actualite\/international\/palestine-nabil-ammar-prend-part-a-la-reunion-urgente-des-mae\/209237\/#primaryimage"},"thumbnailUrl":"https:\/\/www.webdo.tn\/fr\/wp-content\/uploads\/2023\/10\/579be480fa31eb766372ccf3b4bd7894.jpg","keywords":["Gaza","Nabil Ammar","Palestine","Tunisie"],"articleSection":["International"],"inLanguage":"fr-FR"},{"@type":"WebPage","@id":"https:\/\/www.webdo.tn\/fr\/actualite\/international\/palestine-nabil-ammar-prend-part-a-la-reunion-urgente-des-mae\/209237\/","url":"https:\/\/www.webdo.tn\/fr\/actualite\/international\/palestine-nabil-ammar-prend-part-a-la-reunion-urgente-des-mae\/209237\/","name":"Palestine : Nabil Ammar \u00e0 la r\u00e9union urgente des MAE","isPartOf":{"@id":"https:\/\/www.webdo.tn\/fr\/#website"},"primaryImageOfPage":{"@id":"https:\/\/www.webdo.tn\/fr\/actualite\/international\/palestine-nabil-ammar-prend-part-a-la-reunion-urgente-des-mae\/209237\/#primaryimage"},"image":{"@id":"https:\/\/www.webdo.tn\/fr\/actualite\/international\/palestine-nabil-ammar-prend-part-a-la-reunion-urgente-des-mae\/209237\/#primaryimage"},"thumbnailUrl":"https:\/\/www.webdo.tn\/fr\/wp-content\/uploads\/2023\/10\/579be480fa31eb766372ccf3b4bd7894.jpg","datePublished":"2023-10-11T07:52:00+00:00","dateModified":"2025-05-20T22:52:02+00:00","description":"Charg\u00e9 par le pr\u00e9sident de la R\u00e9publique, le ministre des Affaires \u00e9trang\u00e8res, Nabil Ammar, participera \u00e0 la r\u00e9union urgente des ministres arabes des Affaires \u00e9...","breadcrumb":{"@id":"https:\/\/www.webdo.tn\/fr\/actualite\/international\/palestine-nabil-ammar-prend-part-a-la-reunion-urgente-des-mae\/209237\/#breadcrumb"},"inLanguage":"fr-FR","potentialAction":[{"@type":"ReadAction","target":["https:\/\/www.webdo.tn\/fr\/actualite\/international\/palestine-nabil-ammar-prend-part-a-la-reunion-urgente-des-mae\/209237\/"]}]},{"@type":"ImageObject","inLanguage":"fr-FR","@id":"https:\/\/www.webdo.tn\/fr\/actualite\/international\/palestine-nabil-ammar-prend-part-a-la-reunion-urgente-des-mae\/209237\/#primaryimage","url":"https:\/\/www.webdo.tn\/fr\/wp-content\/uploads\/2023\/10\/579be480fa31eb766372ccf3b4bd7894.jpg","contentUrl":"https:\/\/www.webdo.tn\/fr\/wp-content\/uploads\/2023\/10\/579be480fa31eb766372ccf3b4bd7894.jpg","width":750,"height":400,"caption":"Palestine : Nabil Ammar \u00e0 la r\u00e9union urgente des MAE"},{"@type":"BreadcrumbList","@id":"https:\/\/www.webdo.tn\/fr\/actualite\/international\/palestine-nabil-ammar-prend-part-a-la-reunion-urgente-des-mae\/209237\/#breadcrumb","itemListElement":[{"@type":"ListItem","position":1,"name":"Accueil","item":"https:\/\/www.webdo.tn\/fr\/"},{"@type":"ListItem","position":2,"name":"Palestine : Nabil Ammar \u00e0 la r\u00e9union urgente des MAE"}]},{"@type":"WebSite","@id":"https:\/\/www.webdo.tn\/fr\/#website","url":"https:\/\/www.webdo.tn\/fr\/","name":"webdo","description":"Tunisie - News en Tunisie et \u00e0 l&#039;international sur Webdo.tn","publisher":{"@id":"https:\/\/www.webdo.tn\/fr\/#organization"},"potentialAction":[{"@type":"SearchAction","target":{"@type":"EntryPoint","urlTemplate":"https:\/\/www.webdo.tn\/fr\/?s={search_term_string}"},"query-input":{"@type":"PropertyValueSpecification","valueRequired":true,"valueName":"search_term_string"}}],"inLanguage":"fr-FR"},{"@type":"Organization","@id":"https:\/\/www.webdo.tn\/fr\/#organization","name":"Webdo","alternateName":"Webdo.tn","url":"https:\/\/www.webdo.tn\/fr\/","logo":{"@type":"ImageObject","inLanguage":"fr-FR","@id":"https:\/\/www.webdo.tn\/fr\/#\/schema\/logo\/image\/","url":"https:\/\/www.webdo.tn\/fr\/wp-content\/uploads\/2025\/06\/Webdo-Tunisie_168377.jpg","contentUrl":"https:\/\/www.webdo.tn\/fr\/wp-content\/uploads\/2025\/06\/Webdo-Tunisie_168377.jpg","width":301,"height":301,"caption":"Webdo"},"image":{"@id":"https:\/\/www.webdo.tn\/fr\/#\/schema\/logo\/image\/"},"sameAs":["https:\/\/www.facebook.com\/webdotn","https:\/\/x.com\/webdo_tn"],"description":"Webdo est un m\u00e9dia num\u00e9rique tunisien fond\u00e9 en 2010, sp\u00e9cialis\u00e9 dans l\u2019actualit\u00e9 nationale et internationale, l\u2019\u00e9conomie, la soci\u00e9t\u00e9 et les analyses politiques. Le site s\u2019adresse \u00e0 un large public francophone et couvre l\u2019information tunisienne en temps r\u00e9el.","email":"redac@webdo.tn","legalName":"YNJ SARL","foundingDate":"2010-09-06","numberOfEmployees":{"@type":"QuantitativeValue","minValue":"11","maxValue":"50"}},{"@type":"Person","@id":"https:\/\/www.webdo.tn\/fr\/#\/schema\/person\/f35b42a42c5e2511bbd282959d6385cc","name":"CL","image":{"@type":"ImageObject","inLanguage":"fr-FR","@id":"https:\/\/secure.gravatar.com\/avatar\/1447a49909b67aa657c488aec6512e1dd6143a480c1ecfee9b5b5cd74eb3b59e?s=96&d=mm&r=g","url":"https:\/\/secure.gravatar.com\/avatar\/1447a49909b67aa657c488aec6512e1dd6143a480c1ecfee9b5b5cd74eb3b59e?s=96&d=mm&r=g","contentUrl":"https:\/\/secure.gravatar.com\/avatar\/1447a49909b67aa657c488aec6512e1dd6143a480c1ecfee9b5b5cd74eb3b59e?s=96&d=mm&r=g","caption":"CL"},"url":"https:\/\/www.webdo.tn\/fr\/actualite\/author\/cl\/"}]}},"_links":{"self":[{"href":"https:\/\/www.webdo.tn\/fr\/wp-json\/wp\/v2\/posts\/209237","targetHints":{"allow":["GET"]}}],"collection":[{"href":"https:\/\/www.webdo.tn\/fr\/wp-json\/wp\/v2\/posts"}],"about":[{"href":"https:\/\/www.webdo.tn\/fr\/wp-json\/wp\/v2\/types\/post"}],"author":[{"embeddable":true,"href":"https:\/\/www.webdo.tn\/fr\/wp-json\/wp\/v2\/users\/3175"}],"replies":[{"embeddable":true,"href":"https:\/\/www.webdo.tn\/fr\/wp-json\/wp\/v2\/comments?post=209237"}],"version-history":[{"count":0,"href":"https:\/\/www.webdo.tn\/fr\/wp-json\/wp\/v2\/posts\/209237\/revisions"}],"wp:featuredmedia":[{"embeddable":true,"href":"https:\/\/www.webdo.tn\/fr\/wp-json\/wp\/v2\/media\/278844"}],"wp:attachment":[{"href":"https:\/\/www.webdo.tn\/fr\/wp-json\/wp\/v2\/media?parent=209237"}],"wp:term":[{"taxonomy":"category","embeddable":true,"href":"https:\/\/www.webdo.tn\/fr\/wp-json\/wp\/v2\/categories?post=209237"},{"taxonomy":"post_tag","embeddable":true,"href":"https:\/\/www.webdo.tn\/fr\/wp-json\/wp\/v2\/tags?post=209237"}],"curies":[{"name":"wp","href":"https:\/\/api.w.org\/{rel}","templated":true}]}}