{"id":209215,"date":"2023-10-10T10:56:00","date_gmt":"2023-10-10T10:56:00","guid":{"rendered":"https:\/\/www.webdo.tn\/fr\/blog\/transition-numerique-la-tunisie-et-le-japon-signent-un-memorandum-de-cooperation\/209215\/"},"modified":"2025-05-20T21:56:56","modified_gmt":"2025-05-20T21:56:56","slug":"transition-numerique-la-tunisie-et-le-japon-signent-un-memorandum-de-cooperation","status":"publish","type":"post","link":"https:\/\/www.webdo.tn\/fr\/actualite\/national\/transition-numerique-la-tunisie-et-le-japon-signent-un-memorandum-de-cooperation\/209215\/","title":{"rendered":"Transition num\u00e9rique : La Tunisie et le Japon signent un m\u00e9morandum de coop\u00e9ration"},"content":{"rendered":"<p>Un m\u00e9morandum de coop\u00e9ration visant \u00e0 renforcer la coop\u00e9ration bilat\u00e9rale dans le domaine de la transition num\u00e9rique et des nouvelles technologies entre la Tunisie et le Japon a \u00e9t\u00e9 sign\u00e9 ce mardi 10 octobre 2023.<\/p>\n<p>\t\t\t\t\t\t\t\t\tCe m\u00e9morandum affirme l&rsquo;engagement des deux parties \u00e0 renforcer les perspectives de coop\u00e9ration pour tirer profit des meilleures pratiques mondiales dans le domaine num\u00e9rique.<\/p>\n<p>Le m\u00e9morandum, sign\u00e9 par le ministre des Technologies de la Communication, Nizar Ben N\u00e8ji, actuellement en visite au Japon, et son homologue, le ministre japonais de la reforme num\u00e9rique, Kono Taro, vise \u00e0 promouvoir les opportunit\u00e9s de coop\u00e9ration et d&rsquo;\u00e9change des meilleures pratiques en mati\u00e8re d&rsquo;e-gouvernement, de transition num\u00e9rique et d&rsquo;adoption de solutions innovantes li\u00e9es \u00e0 la technologie des donn\u00e9es, au paiement \u00e9lectronique et \u00e0 l&rsquo;identit\u00e9 num\u00e9rique, au computer clouding de haute performance.<\/p>\n<p>Le m\u00e9morandum aura pour objectif de d\u00e9velopper des services gouvernementaux destin\u00e9s aux citoyens, promouvoir l&rsquo;innovation et l&rsquo;entrepreneuriat et r\u00e9aliser les objectifs de d\u00e9veloppement durable.<\/p>\n","protected":false},"excerpt":{"rendered":"<p>Le m\u00e9morandum aura pour objectif de d\u00e9velopper des services gouvernementaux destin\u00e9s aux citoyens, promouvoir l&rsquo;innovation et l&rsquo;entrepreneuriat et r\u00e9aliser les&#8230;<\/p>\n","protected":false},"author":3162,"featured_media":249106,"comment_status":"open","ping_status":"closed","sticky":false,"template":"","format":"standard","meta":{"footnotes":""},"categories":[44],"tags":[2961,4552,2608],"class_list":["post-209215","post","type-post","status-publish","format-standard","has-post-thumbnail","hentry","category-national","tag-japon","tag-transition-numerique","tag-tunisie"],"yoast_head":"<!-- This site is optimized with the Yoast SEO Premium plugin v27.5 (Yoast SEO v27.5) - https:\/\/yoast.com\/product\/yoast-seo-premium-wordpress\/ -->\n<title>Transition num\u00e9rique : La Tunisie et le Japon signent un m\u00e9morandum de coop\u00e9ration<\/title>\n<meta name=\"description\" content=\"Le m\u00e9morandum aura pour objectif de d\u00e9velopper des services gouvernementaux destin\u00e9s aux citoyens, promouvoir l&#039;innovation et l&#039;entrepreneuriat et r\u00e9aliser les...\" \/>\n<link rel=\"canonical\" href=\"https:\/\/www.webdo.tn\/fr\/actualite\/national\/transition-numerique-la-tunisie-et-le-japon-signent-un-memorandum-de-cooperation\/209215\/\" \/>\n<meta property=\"og:locale\" content=\"fr_FR\" \/>\n<meta property=\"og:type\" content=\"article\" \/>\n<meta property=\"og:title\" content=\"Transition num\u00e9rique : La Tunisie et le Japon signent un m\u00e9morandum de coop\u00e9ration\" \/>\n<meta property=\"og:description\" content=\"Le m\u00e9morandum aura pour objectif de d\u00e9velopper des services gouvernementaux destin\u00e9s aux citoyens, promouvoir l&#039;innovation et l&#039;entrepreneuriat et r\u00e9aliser les...\" \/>\n<meta property=\"og:url\" content=\"https:\/\/www.webdo.tn\/fr\/actualite\/national\/transition-numerique-la-tunisie-et-le-japon-signent-un-memorandum-de-cooperation\/209215\/\" \/>\n<meta property=\"og:site_name\" content=\"webdo\" \/>\n<meta property=\"article:publisher\" content=\"https:\/\/www.facebook.com\/webdotn\" \/>\n<meta property=\"article:published_time\" content=\"2023-10-10T10:56:00+00:00\" \/>\n<meta property=\"article:modified_time\" content=\"2025-05-20T21:56:56+00:00\" \/>\n<meta property=\"og:image\" content=\"https:\/\/www.webdo.tn\/fr\/wp-content\/uploads\/2023\/10\/de1e8f58431935a61602ad384753060a.jpg\" \/>\n\t<meta property=\"og:image:width\" content=\"750\" \/>\n\t<meta property=\"og:image:height\" content=\"400\" \/>\n\t<meta property=\"og:image:type\" content=\"image\/jpeg\" \/>\n<meta name=\"author\" content=\"MC\" \/>\n<meta name=\"twitter:card\" content=\"summary_large_image\" \/>\n<meta name=\"twitter:creator\" content=\"@webdo_tn\" \/>\n<meta name=\"twitter:site\" content=\"@webdo_tn\" \/>\n<meta name=\"twitter:label1\" content=\"\u00c9crit par\" \/>\n\t<meta name=\"twitter:data1\" content=\"MC\" \/>\n\t<meta name=\"twitter:label2\" content=\"Dur\u00e9e de lecture estim\u00e9e\" \/>\n\t<meta name=\"twitter:data2\" content=\"1 minute\" \/>\n<script type=\"application\/ld+json\" class=\"yoast-schema-graph\">{\"@context\":\"https:\\\/\\\/schema.org\",\"@graph\":[{\"@type\":\"NewsArticle\",\"@id\":\"https:\\\/\\\/www.webdo.tn\\\/fr\\\/actualite\\\/national\\\/transition-numerique-la-tunisie-et-le-japon-signent-un-memorandum-de-cooperation\\\/209215\\\/#article\",\"isPartOf\":{\"@id\":\"https:\\\/\\\/www.webdo.tn\\\/fr\\\/actualite\\\/national\\\/transition-numerique-la-tunisie-et-le-japon-signent-un-memorandum-de-cooperation\\\/209215\\\/\"},\"author\":{\"name\":\"MC\",\"@id\":\"https:\\\/\\\/www.webdo.tn\\\/fr\\\/#\\\/schema\\\/person\\\/2c4929cbf5a809e3bd38617c6ce150f6\"},\"headline\":\"Transition num\u00e9rique : La Tunisie et le Japon signent un m\u00e9morandum de coop\u00e9ration\",\"datePublished\":\"2023-10-10T10:56:00+00:00\",\"dateModified\":\"2025-05-20T21:56:56+00:00\",\"mainEntityOfPage\":{\"@id\":\"https:\\\/\\\/www.webdo.tn\\\/fr\\\/actualite\\\/national\\\/transition-numerique-la-tunisie-et-le-japon-signent-un-memorandum-de-cooperation\\\/209215\\\/\"},\"wordCount\":194,\"commentCount\":0,\"publisher\":{\"@id\":\"https:\\\/\\\/www.webdo.tn\\\/fr\\\/#organization\"},\"image\":{\"@id\":\"https:\\\/\\\/www.webdo.tn\\\/fr\\\/actualite\\\/national\\\/transition-numerique-la-tunisie-et-le-japon-signent-un-memorandum-de-cooperation\\\/209215\\\/#primaryimage\"},\"thumbnailUrl\":\"https:\\\/\\\/www.webdo.tn\\\/fr\\\/wp-content\\\/uploads\\\/2023\\\/10\\\/de1e8f58431935a61602ad384753060a.jpg\",\"keywords\":[\"Japon\",\"transition num\u00e9rique\",\"Tunisie\"],\"articleSection\":[\"National\"],\"inLanguage\":\"fr-FR\"},{\"@type\":\"WebPage\",\"@id\":\"https:\\\/\\\/www.webdo.tn\\\/fr\\\/actualite\\\/national\\\/transition-numerique-la-tunisie-et-le-japon-signent-un-memorandum-de-cooperation\\\/209215\\\/\",\"url\":\"https:\\\/\\\/www.webdo.tn\\\/fr\\\/actualite\\\/national\\\/transition-numerique-la-tunisie-et-le-japon-signent-un-memorandum-de-cooperation\\\/209215\\\/\",\"name\":\"Transition num\u00e9rique : La Tunisie et le Japon signent un m\u00e9morandum de coop\u00e9ration\",\"isPartOf\":{\"@id\":\"https:\\\/\\\/www.webdo.tn\\\/fr\\\/#website\"},\"primaryImageOfPage\":{\"@id\":\"https:\\\/\\\/www.webdo.tn\\\/fr\\\/actualite\\\/national\\\/transition-numerique-la-tunisie-et-le-japon-signent-un-memorandum-de-cooperation\\\/209215\\\/#primaryimage\"},\"image\":{\"@id\":\"https:\\\/\\\/www.webdo.tn\\\/fr\\\/actualite\\\/national\\\/transition-numerique-la-tunisie-et-le-japon-signent-un-memorandum-de-cooperation\\\/209215\\\/#primaryimage\"},\"thumbnailUrl\":\"https:\\\/\\\/www.webdo.tn\\\/fr\\\/wp-content\\\/uploads\\\/2023\\\/10\\\/de1e8f58431935a61602ad384753060a.jpg\",\"datePublished\":\"2023-10-10T10:56:00+00:00\",\"dateModified\":\"2025-05-20T21:56:56+00:00\",\"description\":\"Le m\u00e9morandum aura pour objectif de d\u00e9velopper des services gouvernementaux destin\u00e9s aux citoyens, promouvoir l'innovation et l'entrepreneuriat et r\u00e9aliser les...\",\"breadcrumb\":{\"@id\":\"https:\\\/\\\/www.webdo.tn\\\/fr\\\/actualite\\\/national\\\/transition-numerique-la-tunisie-et-le-japon-signent-un-memorandum-de-cooperation\\\/209215\\\/#breadcrumb\"},\"inLanguage\":\"fr-FR\",\"potentialAction\":[{\"@type\":\"ReadAction\",\"target\":[\"https:\\\/\\\/www.webdo.tn\\\/fr\\\/actualite\\\/national\\\/transition-numerique-la-tunisie-et-le-japon-signent-un-memorandum-de-cooperation\\\/209215\\\/\"]}]},{\"@type\":\"ImageObject\",\"inLanguage\":\"fr-FR\",\"@id\":\"https:\\\/\\\/www.webdo.tn\\\/fr\\\/actualite\\\/national\\\/transition-numerique-la-tunisie-et-le-japon-signent-un-memorandum-de-cooperation\\\/209215\\\/#primaryimage\",\"url\":\"https:\\\/\\\/www.webdo.tn\\\/fr\\\/wp-content\\\/uploads\\\/2023\\\/10\\\/de1e8f58431935a61602ad384753060a.jpg\",\"contentUrl\":\"https:\\\/\\\/www.webdo.tn\\\/fr\\\/wp-content\\\/uploads\\\/2023\\\/10\\\/de1e8f58431935a61602ad384753060a.jpg\",\"width\":750,\"height\":400,\"caption\":\"Transition num\u00e9rique : La Tunisie et le Japon signent un m\u00e9morandum de coop\u00e9ration\"},{\"@type\":\"BreadcrumbList\",\"@id\":\"https:\\\/\\\/www.webdo.tn\\\/fr\\\/actualite\\\/national\\\/transition-numerique-la-tunisie-et-le-japon-signent-un-memorandum-de-cooperation\\\/209215\\\/#breadcrumb\",\"itemListElement\":[{\"@type\":\"ListItem\",\"position\":1,\"name\":\"Accueil\",\"item\":\"https:\\\/\\\/www.webdo.tn\\\/fr\\\/\"},{\"@type\":\"ListItem\",\"position\":2,\"name\":\"Transition num\u00e9rique : La Tunisie et le Japon signent un m\u00e9morandum de coop\u00e9ration\"}]},{\"@type\":\"WebSite\",\"@id\":\"https:\\\/\\\/www.webdo.tn\\\/fr\\\/#website\",\"url\":\"https:\\\/\\\/www.webdo.tn\\\/fr\\\/\",\"name\":\"webdo\",\"description\":\"Tunisie - News en Tunisie et \u00e0 l&#039;international sur Webdo.tn\",\"publisher\":{\"@id\":\"https:\\\/\\\/www.webdo.tn\\\/fr\\\/#organization\"},\"potentialAction\":[{\"@type\":\"SearchAction\",\"target\":{\"@type\":\"EntryPoint\",\"urlTemplate\":\"https:\\\/\\\/www.webdo.tn\\\/fr\\\/?s={search_term_string}\"},\"query-input\":{\"@type\":\"PropertyValueSpecification\",\"valueRequired\":true,\"valueName\":\"search_term_string\"}}],\"inLanguage\":\"fr-FR\"},{\"@type\":\"Organization\",\"@id\":\"https:\\\/\\\/www.webdo.tn\\\/fr\\\/#organization\",\"name\":\"Webdo\",\"alternateName\":\"Webdo.tn\",\"url\":\"https:\\\/\\\/www.webdo.tn\\\/fr\\\/\",\"logo\":{\"@type\":\"ImageObject\",\"inLanguage\":\"fr-FR\",\"@id\":\"https:\\\/\\\/www.webdo.tn\\\/fr\\\/#\\\/schema\\\/logo\\\/image\\\/\",\"url\":\"https:\\\/\\\/www.webdo.tn\\\/fr\\\/wp-content\\\/uploads\\\/2025\\\/06\\\/Webdo-Tunisie_168377.jpg\",\"contentUrl\":\"https:\\\/\\\/www.webdo.tn\\\/fr\\\/wp-content\\\/uploads\\\/2025\\\/06\\\/Webdo-Tunisie_168377.jpg\",\"width\":301,\"height\":301,\"caption\":\"Webdo\"},\"image\":{\"@id\":\"https:\\\/\\\/www.webdo.tn\\\/fr\\\/#\\\/schema\\\/logo\\\/image\\\/\"},\"sameAs\":[\"https:\\\/\\\/www.facebook.com\\\/webdotn\",\"https:\\\/\\\/x.com\\\/webdo_tn\"],\"description\":\"Webdo est un m\u00e9dia num\u00e9rique tunisien fond\u00e9 en 2010, sp\u00e9cialis\u00e9 dans l\u2019actualit\u00e9 nationale et internationale, l\u2019\u00e9conomie, la soci\u00e9t\u00e9 et les analyses politiques. Le site s\u2019adresse \u00e0 un large public francophone et couvre l\u2019information tunisienne en temps r\u00e9el.\",\"email\":\"redac@webdo.tn\",\"legalName\":\"YNJ SARL\",\"foundingDate\":\"2010-09-06\",\"numberOfEmployees\":{\"@type\":\"QuantitativeValue\",\"minValue\":\"11\",\"maxValue\":\"50\"}},{\"@type\":\"Person\",\"@id\":\"https:\\\/\\\/www.webdo.tn\\\/fr\\\/#\\\/schema\\\/person\\\/2c4929cbf5a809e3bd38617c6ce150f6\",\"name\":\"MC\",\"image\":{\"@type\":\"ImageObject\",\"inLanguage\":\"fr-FR\",\"@id\":\"https:\\\/\\\/secure.gravatar.com\\\/avatar\\\/a545bbb6f84efdd5553dbbc2895e3ca8f1d12c5215e00a041c9670b54aa9b18a?s=96&d=mm&r=g\",\"url\":\"https:\\\/\\\/secure.gravatar.com\\\/avatar\\\/a545bbb6f84efdd5553dbbc2895e3ca8f1d12c5215e00a041c9670b54aa9b18a?s=96&d=mm&r=g\",\"contentUrl\":\"https:\\\/\\\/secure.gravatar.com\\\/avatar\\\/a545bbb6f84efdd5553dbbc2895e3ca8f1d12c5215e00a041c9670b54aa9b18a?s=96&d=mm&r=g\",\"caption\":\"MC\"},\"url\":\"https:\\\/\\\/www.webdo.tn\\\/fr\\\/actualite\\\/author\\\/mc\\\/\"}]}<\/script>\n<!-- \/ Yoast SEO Premium plugin. -->","yoast_head_json":{"title":"Transition num\u00e9rique : La Tunisie et le Japon signent un m\u00e9morandum de coop\u00e9ration","description":"Le m\u00e9morandum aura pour objectif de d\u00e9velopper des services gouvernementaux destin\u00e9s aux citoyens, promouvoir l'innovation et l'entrepreneuriat et r\u00e9aliser les...","canonical":"https:\/\/www.webdo.tn\/fr\/actualite\/national\/transition-numerique-la-tunisie-et-le-japon-signent-un-memorandum-de-cooperation\/209215\/","og_locale":"fr_FR","og_type":"article","og_title":"Transition num\u00e9rique : La Tunisie et le Japon signent un m\u00e9morandum de coop\u00e9ration","og_description":"Le m\u00e9morandum aura pour objectif de d\u00e9velopper des services gouvernementaux destin\u00e9s aux citoyens, promouvoir l'innovation et l'entrepreneuriat et r\u00e9aliser les...","og_url":"https:\/\/www.webdo.tn\/fr\/actualite\/national\/transition-numerique-la-tunisie-et-le-japon-signent-un-memorandum-de-cooperation\/209215\/","og_site_name":"webdo","article_publisher":"https:\/\/www.facebook.com\/webdotn","article_published_time":"2023-10-10T10:56:00+00:00","article_modified_time":"2025-05-20T21:56:56+00:00","og_image":[{"width":750,"height":400,"url":"https:\/\/www.webdo.tn\/fr\/wp-content\/uploads\/2023\/10\/de1e8f58431935a61602ad384753060a.jpg","type":"image\/jpeg"}],"author":"MC","twitter_card":"summary_large_image","twitter_creator":"@webdo_tn","twitter_site":"@webdo_tn","twitter_misc":{"\u00c9crit par":"MC","Dur\u00e9e de lecture estim\u00e9e":"1 minute"},"schema":{"@context":"https:\/\/schema.org","@graph":[{"@type":"NewsArticle","@id":"https:\/\/www.webdo.tn\/fr\/actualite\/national\/transition-numerique-la-tunisie-et-le-japon-signent-un-memorandum-de-cooperation\/209215\/#article","isPartOf":{"@id":"https:\/\/www.webdo.tn\/fr\/actualite\/national\/transition-numerique-la-tunisie-et-le-japon-signent-un-memorandum-de-cooperation\/209215\/"},"author":{"name":"MC","@id":"https:\/\/www.webdo.tn\/fr\/#\/schema\/person\/2c4929cbf5a809e3bd38617c6ce150f6"},"headline":"Transition num\u00e9rique : La Tunisie et le Japon signent un m\u00e9morandum de coop\u00e9ration","datePublished":"2023-10-10T10:56:00+00:00","dateModified":"2025-05-20T21:56:56+00:00","mainEntityOfPage":{"@id":"https:\/\/www.webdo.tn\/fr\/actualite\/national\/transition-numerique-la-tunisie-et-le-japon-signent-un-memorandum-de-cooperation\/209215\/"},"wordCount":194,"commentCount":0,"publisher":{"@id":"https:\/\/www.webdo.tn\/fr\/#organization"},"image":{"@id":"https:\/\/www.webdo.tn\/fr\/actualite\/national\/transition-numerique-la-tunisie-et-le-japon-signent-un-memorandum-de-cooperation\/209215\/#primaryimage"},"thumbnailUrl":"https:\/\/www.webdo.tn\/fr\/wp-content\/uploads\/2023\/10\/de1e8f58431935a61602ad384753060a.jpg","keywords":["Japon","transition num\u00e9rique","Tunisie"],"articleSection":["National"],"inLanguage":"fr-FR"},{"@type":"WebPage","@id":"https:\/\/www.webdo.tn\/fr\/actualite\/national\/transition-numerique-la-tunisie-et-le-japon-signent-un-memorandum-de-cooperation\/209215\/","url":"https:\/\/www.webdo.tn\/fr\/actualite\/national\/transition-numerique-la-tunisie-et-le-japon-signent-un-memorandum-de-cooperation\/209215\/","name":"Transition num\u00e9rique : La Tunisie et le Japon signent un m\u00e9morandum de coop\u00e9ration","isPartOf":{"@id":"https:\/\/www.webdo.tn\/fr\/#website"},"primaryImageOfPage":{"@id":"https:\/\/www.webdo.tn\/fr\/actualite\/national\/transition-numerique-la-tunisie-et-le-japon-signent-un-memorandum-de-cooperation\/209215\/#primaryimage"},"image":{"@id":"https:\/\/www.webdo.tn\/fr\/actualite\/national\/transition-numerique-la-tunisie-et-le-japon-signent-un-memorandum-de-cooperation\/209215\/#primaryimage"},"thumbnailUrl":"https:\/\/www.webdo.tn\/fr\/wp-content\/uploads\/2023\/10\/de1e8f58431935a61602ad384753060a.jpg","datePublished":"2023-10-10T10:56:00+00:00","dateModified":"2025-05-20T21:56:56+00:00","description":"Le m\u00e9morandum aura pour objectif de d\u00e9velopper des services gouvernementaux destin\u00e9s aux citoyens, promouvoir l'innovation et l'entrepreneuriat et r\u00e9aliser les...","breadcrumb":{"@id":"https:\/\/www.webdo.tn\/fr\/actualite\/national\/transition-numerique-la-tunisie-et-le-japon-signent-un-memorandum-de-cooperation\/209215\/#breadcrumb"},"inLanguage":"fr-FR","potentialAction":[{"@type":"ReadAction","target":["https:\/\/www.webdo.tn\/fr\/actualite\/national\/transition-numerique-la-tunisie-et-le-japon-signent-un-memorandum-de-cooperation\/209215\/"]}]},{"@type":"ImageObject","inLanguage":"fr-FR","@id":"https:\/\/www.webdo.tn\/fr\/actualite\/national\/transition-numerique-la-tunisie-et-le-japon-signent-un-memorandum-de-cooperation\/209215\/#primaryimage","url":"https:\/\/www.webdo.tn\/fr\/wp-content\/uploads\/2023\/10\/de1e8f58431935a61602ad384753060a.jpg","contentUrl":"https:\/\/www.webdo.tn\/fr\/wp-content\/uploads\/2023\/10\/de1e8f58431935a61602ad384753060a.jpg","width":750,"height":400,"caption":"Transition num\u00e9rique : La Tunisie et le Japon signent un m\u00e9morandum de coop\u00e9ration"},{"@type":"BreadcrumbList","@id":"https:\/\/www.webdo.tn\/fr\/actualite\/national\/transition-numerique-la-tunisie-et-le-japon-signent-un-memorandum-de-cooperation\/209215\/#breadcrumb","itemListElement":[{"@type":"ListItem","position":1,"name":"Accueil","item":"https:\/\/www.webdo.tn\/fr\/"},{"@type":"ListItem","position":2,"name":"Transition num\u00e9rique : La Tunisie et le Japon signent un m\u00e9morandum de coop\u00e9ration"}]},{"@type":"WebSite","@id":"https:\/\/www.webdo.tn\/fr\/#website","url":"https:\/\/www.webdo.tn\/fr\/","name":"webdo","description":"Tunisie - News en Tunisie et \u00e0 l&#039;international sur Webdo.tn","publisher":{"@id":"https:\/\/www.webdo.tn\/fr\/#organization"},"potentialAction":[{"@type":"SearchAction","target":{"@type":"EntryPoint","urlTemplate":"https:\/\/www.webdo.tn\/fr\/?s={search_term_string}"},"query-input":{"@type":"PropertyValueSpecification","valueRequired":true,"valueName":"search_term_string"}}],"inLanguage":"fr-FR"},{"@type":"Organization","@id":"https:\/\/www.webdo.tn\/fr\/#organization","name":"Webdo","alternateName":"Webdo.tn","url":"https:\/\/www.webdo.tn\/fr\/","logo":{"@type":"ImageObject","inLanguage":"fr-FR","@id":"https:\/\/www.webdo.tn\/fr\/#\/schema\/logo\/image\/","url":"https:\/\/www.webdo.tn\/fr\/wp-content\/uploads\/2025\/06\/Webdo-Tunisie_168377.jpg","contentUrl":"https:\/\/www.webdo.tn\/fr\/wp-content\/uploads\/2025\/06\/Webdo-Tunisie_168377.jpg","width":301,"height":301,"caption":"Webdo"},"image":{"@id":"https:\/\/www.webdo.tn\/fr\/#\/schema\/logo\/image\/"},"sameAs":["https:\/\/www.facebook.com\/webdotn","https:\/\/x.com\/webdo_tn"],"description":"Webdo est un m\u00e9dia num\u00e9rique tunisien fond\u00e9 en 2010, sp\u00e9cialis\u00e9 dans l\u2019actualit\u00e9 nationale et internationale, l\u2019\u00e9conomie, la soci\u00e9t\u00e9 et les analyses politiques. Le site s\u2019adresse \u00e0 un large public francophone et couvre l\u2019information tunisienne en temps r\u00e9el.","email":"redac@webdo.tn","legalName":"YNJ SARL","foundingDate":"2010-09-06","numberOfEmployees":{"@type":"QuantitativeValue","minValue":"11","maxValue":"50"}},{"@type":"Person","@id":"https:\/\/www.webdo.tn\/fr\/#\/schema\/person\/2c4929cbf5a809e3bd38617c6ce150f6","name":"MC","image":{"@type":"ImageObject","inLanguage":"fr-FR","@id":"https:\/\/secure.gravatar.com\/avatar\/a545bbb6f84efdd5553dbbc2895e3ca8f1d12c5215e00a041c9670b54aa9b18a?s=96&d=mm&r=g","url":"https:\/\/secure.gravatar.com\/avatar\/a545bbb6f84efdd5553dbbc2895e3ca8f1d12c5215e00a041c9670b54aa9b18a?s=96&d=mm&r=g","contentUrl":"https:\/\/secure.gravatar.com\/avatar\/a545bbb6f84efdd5553dbbc2895e3ca8f1d12c5215e00a041c9670b54aa9b18a?s=96&d=mm&r=g","caption":"MC"},"url":"https:\/\/www.webdo.tn\/fr\/actualite\/author\/mc\/"}]}},"_links":{"self":[{"href":"https:\/\/www.webdo.tn\/fr\/wp-json\/wp\/v2\/posts\/209215","targetHints":{"allow":["GET"]}}],"collection":[{"href":"https:\/\/www.webdo.tn\/fr\/wp-json\/wp\/v2\/posts"}],"about":[{"href":"https:\/\/www.webdo.tn\/fr\/wp-json\/wp\/v2\/types\/post"}],"author":[{"embeddable":true,"href":"https:\/\/www.webdo.tn\/fr\/wp-json\/wp\/v2\/users\/3162"}],"replies":[{"embeddable":true,"href":"https:\/\/www.webdo.tn\/fr\/wp-json\/wp\/v2\/comments?post=209215"}],"version-history":[{"count":0,"href":"https:\/\/www.webdo.tn\/fr\/wp-json\/wp\/v2\/posts\/209215\/revisions"}],"wp:featuredmedia":[{"embeddable":true,"href":"https:\/\/www.webdo.tn\/fr\/wp-json\/wp\/v2\/media\/249106"}],"wp:attachment":[{"href":"https:\/\/www.webdo.tn\/fr\/wp-json\/wp\/v2\/media?parent=209215"}],"wp:term":[{"taxonomy":"category","embeddable":true,"href":"https:\/\/www.webdo.tn\/fr\/wp-json\/wp\/v2\/categories?post=209215"},{"taxonomy":"post_tag","embeddable":true,"href":"https:\/\/www.webdo.tn\/fr\/wp-json\/wp\/v2\/tags?post=209215"}],"curies":[{"name":"wp","href":"https:\/\/api.w.org\/{rel}","templated":true}]}}