{"id":209213,"date":"2023-10-10T10:23:00","date_gmt":"2023-10-10T10:23:00","guid":{"rendered":"https:\/\/www.webdo.tn\/fr\/blog\/presence-tunisienne-a-la-6eme-edition-du-festival-du-film-d-el-gouna\/209213\/"},"modified":"2025-05-21T08:56:24","modified_gmt":"2025-05-21T08:56:24","slug":"presence-tunisienne-a-la-6eme-edition-du-festival-du-film-d-el-gouna","status":"publish","type":"post","link":"https:\/\/www.webdo.tn\/fr\/actualite\/culture\/presence-tunisienne-a-la-6eme-edition-du-festival-du-film-d-el-gouna\/209213\/","title":{"rendered":"Pr\u00e9sence tunisienne \u00e0 la 6\u00e8me \u00e9dition du Festival du Film d&rsquo;El Gouna"},"content":{"rendered":"<div class=\"single-body entry-content typography-copy\" itemprop=\"articleBody\">\n<p style=\"font-weight: bold; text-align: justify\">\n\t\t\t\t\t\t\t\t\tDans trois jours seulement, et apr\u00e8s une ann\u00e9e d\u2019absence, le Festival du Film d\u2019El Gouna sera de retour dans sa 6\u00e8me \u00e9dition qui se d\u00e9roulera du 13 au 20 octobre 2023.\n\t\t\t\t\t\t\t\t<\/p>\n<div class=\"coprs\" style=\"text-align: center\"><\/div>\n<div class=\"coprs\" style=\"text-align: justify\">\n<p><span><span>Comme \u00e0 l&rsquo;accoutum\u00e9e, les Tunisiens sont bien repr\u00e9sent\u00e9s \u00e0 cet \u00e9v\u00e9nement cin\u00e9matographique majeur.<\/span><\/span><\/p>\n<p><span><span>On peut d\u00e9j\u00e0 noter que depuis quelques ann\u00e9es, en r\u00e9alit\u00e9 depuis la premi\u00e8re \u00e9dition, deux \u00e9minents membres tunisiens si\u00e8gent au sein du Conseil Consultatif International (International Advisory Board) du festival: l\u2019actrice Hend Sabry et le producteur et distributeur Tarak Ben Ammar.<\/span><\/span><\/p>\n<p><span><span>Concernant la programmation de cette ann\u00e9e, il est \u00e0 noter que malheureusement seule une \u0153uvre cin\u00e9matographique tunisienne sera en comp\u00e9tition, \u00e0 savoir le long m\u00e9trage documentaire <em>Machtat<\/em><span>, <\/span>r\u00e9alis\u00e9 par Sonia Ben Slama. Le synopsis du film nous plonge dans l&rsquo;atmosph\u00e8re de Mahdia, en Tunisie, o\u00f9 Fatma et ses filles, Najeh et Waffeh, exercent le m\u00e9tier de \u00ab\u00a0machtat\u00a0\u00bb, musiciennes traditionnelles qui animent les c\u00e9r\u00e9monies de mariage. Leur musique \u00e9voque l&rsquo;amour et ses promesses, mais la r\u00e9alit\u00e9 est bien plus complexe et douloureuse.<em> Machtat<\/em> est le deuxi\u00e8me long m\u00e9trage de Sonia Ben Slama, <a href=\"mailto:https:\/\/www.webdo.tn\/fr\/actualite\/culture\/cannes-2023-films-arabes\/205735\">et a pr\u00e9c\u00e9demment \u00e9t\u00e9 s\u00e9lectionn\u00e9 dans la section ACID de la 76\u00e8me \u00e9dition du Festival de Cannes<\/a>, o\u00f9 il a \u00e9t\u00e9 accueilli par des critiques \u00e9logieuses.<\/span><\/span><\/p>\n<p>\u00a0<\/p>\n<p><img decoding=\"async\" alt=\"\" height=\"1200\" src=\"\/assets\/uploads\/images\/\/Neila\/GFF%202023%20Machtat%20affiche.jpeg\" width=\"867\"><\/p>\n<p><span><span>Dans <a href=\"mailto:https:\/\/www.webdo.tn\/fr\/actualite\/culture\/el-gouna-2023-cinegouna-springboard-devoile-les-details-de-sa-6eme-edition\/209110\">la section CineGouna SpringBoard<\/a>, nous retrouvons un membre du jury tunisien, le producteur Habib Attia, ainsi que quatre projets de films s\u00e9lectionn\u00e9s, promettant un avenir lumineux pour le cin\u00e9ma tunisien :<\/span><\/span><\/p>\n<p><img decoding=\"async\" alt=\"\" height=\"1144\" src=\"\/assets\/uploads\/images\/\/Neila\/GFF%202023%20CINEGOUNA%20JURY.jpeg\" width=\"915\"><\/p>\n<p>\u00a0<\/p>\n<p><span><span>Deux projets de films longs m\u00e9trages de fiction en d\u00e9veloppement:<\/span><\/span><\/p>\n<ul>\n<li><span><span><em>Girl of Wind<\/em> de Moufida Fedhila <\/span><\/span><\/li>\n<li><span><span><em>Yammi<\/em> de Hinde Boujemaa <\/span><\/span><\/li>\n<\/ul>\n<p><img decoding=\"async\" alt=\"\" height=\"530\" src=\"\/assets\/uploads\/images\/\/Neila\/GFF%202023%20Girl%20of%20wind.jpeg\" width=\"844\"><\/p>\n<p>\u00a0<\/p>\n<p><img decoding=\"async\" alt=\"\" height=\"556\" src=\"\/assets\/uploads\/images\/\/Neila\/GFF%202023%20Yammi.jpeg\" width=\"861\"><\/p>\n<p><span><span>Deux films en post-production :<\/span><\/span><\/p>\n<ul>\n<li><span><span>Un long m\u00e9trage de fiction : <em>Tunis Djerba <\/em>d\u2019Amel Guellaty<\/span><\/span><\/li>\n<li><span><span>Un long m\u00e9trage documentaire : <em>Sudan, When Poems Fall Apart <\/em>de Hind Meddeb <\/span><\/span><\/li>\n<\/ul>\n<p><img decoding=\"async\" alt=\"\" height=\"1074\" src=\"\/assets\/uploads\/images\/\/Neila\/GFF%202023%20Tunis%20Jerba.jpeg\" width=\"859\"><\/p>\n<p>\u00a0<\/p>\n<p><img decoding=\"async\" alt=\"\" height=\"1060\" src=\"\/assets\/uploads\/images\/\/Neila\/GFF%202023%20Soudan%20Hind.jpeg\" width=\"848\"><\/p>\n<p>\u00a0<\/p>\n<p><span><span>On peut remarquer que les quatre projets s\u00e9lectionn\u00e9s sont r\u00e9alis\u00e9s par des femmes\u00a0! <\/span><\/span><\/p>\n<p><span><span>La section CineGouna Bridge nous r\u00e9serve \u00e9galement une conversation captivante, mod\u00e9r\u00e9e par <a href=\"mailto:https:\/\/www.webdo.tn\/fr\/actualite\/culture\/gff-2023-marianne-khoury-nouvelle-directrice-artistique-du-festival-du-film-d-el-gouna\/206847\">Marianne Khoury<\/a>, avec l\u2019actrice et productrice Hend Sabry. Cette talentueuse artiste, qui a r\u00e9colt\u00e9 plus de 30 prix de la meilleure actrice tant au niveau r\u00e9gional que mondial, partagera son parcours impressionnant, qui s&rsquo;\u00e9tend sur plus de 25 ans. Elle a remport\u00e9 son premier prix de meilleure actrice \u00e0 l&rsquo;\u00e2ge de 15 ans lors des JCC 1994 pour son r\u00f4le dans le film <em>Les silences du Palais<\/em> de Moufida Tlatli. En 2019, elle a \u00e9t\u00e9 honor\u00e9e de trois prix de meilleure actrice pour sa performance dans le film tunisien <em>Noura r\u00eave <\/em>r\u00e9alis\u00e9 par Hinde Boujemaa\u00a0: <a href=\"mailto:https:\/\/www.webdo.tn\/fr\/actualite\/culture\/hend-sabry-remporte-letoile-de-la-meilleure-actrice-au-festival-du-film-del-gouna\/116698\">au Festival d\u2019El Gouna o\u00f9 le film avait fait sa premi\u00e8re<\/a>, <a href=\"mailto:https:\/\/www.webdo.tn\/fr\/actualite\/culture\/jcc-2019-hend-sabry-meilleure-actrice-et-noura-reve-tanit-dor\/199869\">aux JCC, o\u00f9 le m\u00eame film avait \u00e9galement remport\u00e9 le Tanit d\u2019Or,<\/a> et enfin le prix de meilleure actrice arabe de l\u2019ann\u00e9e aux Critics Awards For Arab Films. Hend Sabry a \u00e9galement remport\u00e9 cinq prix de meilleure actrice pour son r\u00f4le exceptionnel dans le film \u00e9gyptien <em>Asmaa <\/em>(2011) r\u00e9alis\u00e9 Amr Salama. Parmi ses autres \u0153uvres acclam\u00e9es figurent <em>Kira W Al Gen<\/em> (2022) le film \u00e9gyptien le plus rentable de tous les temps, ainsi que <em>Blue Elephant 2<\/em> (2019), le deuxi\u00e8me film \u00e9gyptien le plus rentable. Plus r\u00e9cemment, <a href=\"mailto:https:\/\/www.facebook.com\/massir.destiniii\/posts\/pfbid0k7viavued1nhD7qUiJ2R58gLR3dHMnndorQK3aJoYzt7ne24Lkfujrb3LY8ysnwql\">Hend s&rsquo;est lanc\u00e9e dans la production et la direction, donnant vie \u00e0 la s\u00e9rie originale Netflix <em>Ola cherche sa voie<\/em> (2022),<\/a> la s\u00e9rie arabe la plus tendance au Moyen-Orient et en Afrique du Nord. En 2023, Hend a \u00e9galement jou\u00e9 dans le nouveau film de Kaouthar Ben Hania, <a href=\"mailto:https:\/\/www.webdo.tn\/fr\/actualite\/culture\/cannes-2023\/206097\"><em>Les filles d\u2019Olfa<\/em>, qui a fait ses d\u00e9buts au Festival de Cannes en comp\u00e9tition officielle<\/a> et o\u00f9 <a href=\"mailto:https:\/\/www.webdo.tn\/fr\/actualite\/culture\/cannes-2023-quatre-prix-pour-les-filles-d-olfa-de-kaouther-ben-hania\/206114\">il a remport\u00e9 quatre prix.<\/a> En 2017, Hend Sabry a re\u00e7u le Prix de l\u2019America Abroad Media pour l\u2019ensemble de sa carri\u00e8re et en 2019, elle a \u00e9t\u00e9 la premi\u00e8re femme arabe \u00e0 faire partie du jury de la Mostra de Venise, le plus ancien festival de films au monde.<\/span><\/span><\/p>\n<p><img decoding=\"async\" alt=\"\" height=\"1055\" src=\"\/assets\/uploads\/images\/\/Neila\/GFF%202023%20Hend%20Sabry.jpeg\" width=\"844\"><\/p>\n<p>\u00a0<\/p>\n<p><span><span>Le distributeur, producteur et g\u00e9rant de Cin\u00e9madart Kais Zaied, participera quant \u00e0 lui au panel \u00ab10 ann\u00e9es de cin\u00e9mas ind\u00e9pendants et de cr\u00e9ation de communaut\u00e9s\u00a0\u00bb.<\/span><\/span><\/p>\n<p><img decoding=\"async\" alt=\"\" height=\"1045\" src=\"\/assets\/uploads\/images\/\/Neila\/GFF%202023%20Kais%20Zaied.jpeg\" width=\"836\"><\/p>\n<p>\u00a0<\/p>\n<p><span><span>\u00c0 ce stade, c&rsquo;est ce que nous savons de la participation tunisienne au festival. Il est fort probable que d&rsquo;autres cin\u00e9astes tunisiens soient pr\u00e9sents dans diff\u00e9rentes sections du festival, en particulier lors des tables rondes organis\u00e9es dans le cadre du CineGouna Bridge. Qui sait, peut-\u00eatre verrons-nous \u00e9galement un membre du jury tunisien dans les diverses comp\u00e9titions? Il est \u00e9vident aussi que des professionnels du cin\u00e9ma figureront parmi les invit\u00e9s du festival et seront \u00e9galement pr\u00e9sent sur le tapis rouge, comme par exemple la jeune actrice tunisienne, Aicha Ben Ahmed, qui a d\u00e9j\u00e0 annonc\u00e9 sa pr\u00e9sence. <\/span><\/span><\/p>\n<p><span><span>Restez \u00e0 l&rsquo;aff\u00fbt pour d\u00e9couvrir toutes les surprises que le Festival du Film d&rsquo;El Gouna r\u00e9serve cette ann\u00e9e !<\/span><\/span><\/p>\n<p><span><span><strong>Ne\u00efla Driss <\/strong><\/span><\/span><\/p>\n<\/p><\/div>\n<div class=\"coprs\" style=\"text-align: center\"><\/div><\/div>\n","protected":false},"excerpt":{"rendered":"<p>Comme \u00e0 l&rsquo;accoutum\u00e9e, les Tunisiens sont bien repr\u00e9sent\u00e9s \u00e0 cet \u00e9v\u00e9nement cin\u00e9matographique majeur.<\/p>\n","protected":false},"author":3164,"featured_media":249104,"comment_status":"open","ping_status":"closed","sticky":false,"template":"","format":"standard","meta":{"footnotes":""},"categories":[2594],"tags":[6648,7281,7765,3259,7280],"class_list":["post-209213","post","type-post","status-publish","format-standard","has-post-thumbnail","hentry","category-culture","tag-el-gouna","tag-el-gouna-2023","tag-festival-du-cinema-del-gouna","tag-gff","tag-gff-2023"],"yoast_head":"<!-- This site is optimized with the Yoast SEO Premium plugin v27.5 (Yoast SEO v27.5) - https:\/\/yoast.com\/product\/yoast-seo-premium-wordpress\/ -->\n<title>Pr\u00e9sence tunisienne \u00e0 la 6\u00e8me \u00e9dition du Festival du Film d&#039;El Gouna<\/title>\n<meta name=\"description\" content=\"Comme \u00e0 l&#039;accoutum\u00e9e, les Tunisiens sont bien repr\u00e9sent\u00e9s \u00e0 cet \u00e9v\u00e9nement cin\u00e9matographique majeur.\" \/>\n<link rel=\"canonical\" href=\"https:\/\/www.webdo.tn\/fr\/actualite\/culture\/presence-tunisienne-a-la-6eme-edition-du-festival-du-film-d-el-gouna\/209213\/\" \/>\n<meta property=\"og:locale\" content=\"fr_FR\" \/>\n<meta property=\"og:type\" content=\"article\" \/>\n<meta property=\"og:title\" content=\"Pr\u00e9sence tunisienne \u00e0 la 6\u00e8me \u00e9dition du Festival du Film d&#039;El Gouna\" \/>\n<meta property=\"og:description\" content=\"Comme \u00e0 l&#039;accoutum\u00e9e, les Tunisiens sont bien repr\u00e9sent\u00e9s \u00e0 cet \u00e9v\u00e9nement cin\u00e9matographique majeur.\" \/>\n<meta property=\"og:url\" content=\"https:\/\/www.webdo.tn\/fr\/actualite\/culture\/presence-tunisienne-a-la-6eme-edition-du-festival-du-film-d-el-gouna\/209213\/\" \/>\n<meta property=\"og:site_name\" content=\"webdo\" \/>\n<meta property=\"article:publisher\" content=\"https:\/\/www.facebook.com\/webdotn\" \/>\n<meta property=\"article:author\" content=\"https:\/\/www.facebook.com\/massir.destiniii\/\" \/>\n<meta property=\"article:published_time\" content=\"2023-10-10T10:23:00+00:00\" \/>\n<meta property=\"article:modified_time\" content=\"2025-05-21T08:56:24+00:00\" \/>\n<meta property=\"og:image\" content=\"https:\/\/www.webdo.tn\/fr\/wp-content\/uploads\/2023\/10\/9acff39a4b0409ce7d27a67cbeeb756f.jpeg\" \/>\n\t<meta property=\"og:image:width\" content=\"750\" \/>\n\t<meta property=\"og:image:height\" content=\"400\" \/>\n\t<meta property=\"og:image:type\" content=\"image\/jpeg\" \/>\n<meta name=\"author\" content=\"Ne\u00efla DRISS\" \/>\n<meta name=\"twitter:card\" content=\"summary_large_image\" \/>\n<meta name=\"twitter:creator\" content=\"@https:\/\/x.com\/MassirDestin\" \/>\n<meta name=\"twitter:site\" content=\"@webdo_tn\" \/>\n<meta name=\"twitter:label1\" content=\"\u00c9crit par\" \/>\n\t<meta name=\"twitter:data1\" content=\"Ne\u00efla DRISS\" \/>\n\t<meta name=\"twitter:label2\" content=\"Dur\u00e9e de lecture estim\u00e9e\" \/>\n\t<meta name=\"twitter:data2\" content=\"4 minutes\" \/>\n<script type=\"application\/ld+json\" class=\"yoast-schema-graph\">{\"@context\":\"https:\\\/\\\/schema.org\",\"@graph\":[{\"@type\":\"NewsArticle\",\"@id\":\"https:\\\/\\\/www.webdo.tn\\\/fr\\\/actualite\\\/culture\\\/presence-tunisienne-a-la-6eme-edition-du-festival-du-film-d-el-gouna\\\/209213\\\/#article\",\"isPartOf\":{\"@id\":\"https:\\\/\\\/www.webdo.tn\\\/fr\\\/actualite\\\/culture\\\/presence-tunisienne-a-la-6eme-edition-du-festival-du-film-d-el-gouna\\\/209213\\\/\"},\"author\":{\"name\":\"Ne\u00efla DRISS\",\"@id\":\"https:\\\/\\\/www.webdo.tn\\\/fr\\\/#\\\/schema\\\/person\\\/60d5ba619ed3f58783b0dc82b7dada80\"},\"headline\":\"Pr\u00e9sence tunisienne \u00e0 la 6\u00e8me \u00e9dition du Festival du Film d&rsquo;El Gouna\",\"datePublished\":\"2023-10-10T10:23:00+00:00\",\"dateModified\":\"2025-05-21T08:56:24+00:00\",\"mainEntityOfPage\":{\"@id\":\"https:\\\/\\\/www.webdo.tn\\\/fr\\\/actualite\\\/culture\\\/presence-tunisienne-a-la-6eme-edition-du-festival-du-film-d-el-gouna\\\/209213\\\/\"},\"wordCount\":845,\"commentCount\":0,\"publisher\":{\"@id\":\"https:\\\/\\\/www.webdo.tn\\\/fr\\\/#organization\"},\"image\":{\"@id\":\"https:\\\/\\\/www.webdo.tn\\\/fr\\\/actualite\\\/culture\\\/presence-tunisienne-a-la-6eme-edition-du-festival-du-film-d-el-gouna\\\/209213\\\/#primaryimage\"},\"thumbnailUrl\":\"https:\\\/\\\/www.webdo.tn\\\/fr\\\/wp-content\\\/uploads\\\/2023\\\/10\\\/9acff39a4b0409ce7d27a67cbeeb756f.jpeg\",\"keywords\":[\"El Gouna\",\"El Gouna 2023\",\"Festival du Cin\u00e9ma d'El Gouna\",\"GFF\",\"GFF 2023\"],\"articleSection\":[\"Culture\"],\"inLanguage\":\"fr-FR\"},{\"@type\":\"WebPage\",\"@id\":\"https:\\\/\\\/www.webdo.tn\\\/fr\\\/actualite\\\/culture\\\/presence-tunisienne-a-la-6eme-edition-du-festival-du-film-d-el-gouna\\\/209213\\\/\",\"url\":\"https:\\\/\\\/www.webdo.tn\\\/fr\\\/actualite\\\/culture\\\/presence-tunisienne-a-la-6eme-edition-du-festival-du-film-d-el-gouna\\\/209213\\\/\",\"name\":\"Pr\u00e9sence tunisienne \u00e0 la 6\u00e8me \u00e9dition du Festival du Film d'El Gouna\",\"isPartOf\":{\"@id\":\"https:\\\/\\\/www.webdo.tn\\\/fr\\\/#website\"},\"primaryImageOfPage\":{\"@id\":\"https:\\\/\\\/www.webdo.tn\\\/fr\\\/actualite\\\/culture\\\/presence-tunisienne-a-la-6eme-edition-du-festival-du-film-d-el-gouna\\\/209213\\\/#primaryimage\"},\"image\":{\"@id\":\"https:\\\/\\\/www.webdo.tn\\\/fr\\\/actualite\\\/culture\\\/presence-tunisienne-a-la-6eme-edition-du-festival-du-film-d-el-gouna\\\/209213\\\/#primaryimage\"},\"thumbnailUrl\":\"https:\\\/\\\/www.webdo.tn\\\/fr\\\/wp-content\\\/uploads\\\/2023\\\/10\\\/9acff39a4b0409ce7d27a67cbeeb756f.jpeg\",\"datePublished\":\"2023-10-10T10:23:00+00:00\",\"dateModified\":\"2025-05-21T08:56:24+00:00\",\"description\":\"Comme \u00e0 l'accoutum\u00e9e, les Tunisiens sont bien repr\u00e9sent\u00e9s \u00e0 cet \u00e9v\u00e9nement cin\u00e9matographique majeur.\",\"breadcrumb\":{\"@id\":\"https:\\\/\\\/www.webdo.tn\\\/fr\\\/actualite\\\/culture\\\/presence-tunisienne-a-la-6eme-edition-du-festival-du-film-d-el-gouna\\\/209213\\\/#breadcrumb\"},\"inLanguage\":\"fr-FR\",\"potentialAction\":[{\"@type\":\"ReadAction\",\"target\":[\"https:\\\/\\\/www.webdo.tn\\\/fr\\\/actualite\\\/culture\\\/presence-tunisienne-a-la-6eme-edition-du-festival-du-film-d-el-gouna\\\/209213\\\/\"]}]},{\"@type\":\"ImageObject\",\"inLanguage\":\"fr-FR\",\"@id\":\"https:\\\/\\\/www.webdo.tn\\\/fr\\\/actualite\\\/culture\\\/presence-tunisienne-a-la-6eme-edition-du-festival-du-film-d-el-gouna\\\/209213\\\/#primaryimage\",\"url\":\"https:\\\/\\\/www.webdo.tn\\\/fr\\\/wp-content\\\/uploads\\\/2023\\\/10\\\/9acff39a4b0409ce7d27a67cbeeb756f.jpeg\",\"contentUrl\":\"https:\\\/\\\/www.webdo.tn\\\/fr\\\/wp-content\\\/uploads\\\/2023\\\/10\\\/9acff39a4b0409ce7d27a67cbeeb756f.jpeg\",\"width\":750,\"height\":400,\"caption\":\"Pr\u00e9sence tunisienne \u00e0 la 6\u00e8me \u00e9dition du Festival du Film d'El Gouna\"},{\"@type\":\"BreadcrumbList\",\"@id\":\"https:\\\/\\\/www.webdo.tn\\\/fr\\\/actualite\\\/culture\\\/presence-tunisienne-a-la-6eme-edition-du-festival-du-film-d-el-gouna\\\/209213\\\/#breadcrumb\",\"itemListElement\":[{\"@type\":\"ListItem\",\"position\":1,\"name\":\"Accueil\",\"item\":\"https:\\\/\\\/www.webdo.tn\\\/fr\\\/\"},{\"@type\":\"ListItem\",\"position\":2,\"name\":\"Pr\u00e9sence tunisienne \u00e0 la 6\u00e8me \u00e9dition du Festival du Film d&rsquo;El Gouna\"}]},{\"@type\":\"WebSite\",\"@id\":\"https:\\\/\\\/www.webdo.tn\\\/fr\\\/#website\",\"url\":\"https:\\\/\\\/www.webdo.tn\\\/fr\\\/\",\"name\":\"webdo\",\"description\":\"Tunisie - News en Tunisie et \u00e0 l&#039;international sur Webdo.tn\",\"publisher\":{\"@id\":\"https:\\\/\\\/www.webdo.tn\\\/fr\\\/#organization\"},\"potentialAction\":[{\"@type\":\"SearchAction\",\"target\":{\"@type\":\"EntryPoint\",\"urlTemplate\":\"https:\\\/\\\/www.webdo.tn\\\/fr\\\/?s={search_term_string}\"},\"query-input\":{\"@type\":\"PropertyValueSpecification\",\"valueRequired\":true,\"valueName\":\"search_term_string\"}}],\"inLanguage\":\"fr-FR\"},{\"@type\":\"Organization\",\"@id\":\"https:\\\/\\\/www.webdo.tn\\\/fr\\\/#organization\",\"name\":\"Webdo\",\"alternateName\":\"Webdo.tn\",\"url\":\"https:\\\/\\\/www.webdo.tn\\\/fr\\\/\",\"logo\":{\"@type\":\"ImageObject\",\"inLanguage\":\"fr-FR\",\"@id\":\"https:\\\/\\\/www.webdo.tn\\\/fr\\\/#\\\/schema\\\/logo\\\/image\\\/\",\"url\":\"https:\\\/\\\/www.webdo.tn\\\/fr\\\/wp-content\\\/uploads\\\/2025\\\/06\\\/Webdo-Tunisie_168377.jpg\",\"contentUrl\":\"https:\\\/\\\/www.webdo.tn\\\/fr\\\/wp-content\\\/uploads\\\/2025\\\/06\\\/Webdo-Tunisie_168377.jpg\",\"width\":301,\"height\":301,\"caption\":\"Webdo\"},\"image\":{\"@id\":\"https:\\\/\\\/www.webdo.tn\\\/fr\\\/#\\\/schema\\\/logo\\\/image\\\/\"},\"sameAs\":[\"https:\\\/\\\/www.facebook.com\\\/webdotn\",\"https:\\\/\\\/x.com\\\/webdo_tn\"],\"description\":\"Webdo est un m\u00e9dia num\u00e9rique tunisien fond\u00e9 en 2010, sp\u00e9cialis\u00e9 dans l\u2019actualit\u00e9 nationale et internationale, l\u2019\u00e9conomie, la soci\u00e9t\u00e9 et les analyses politiques. Le site s\u2019adresse \u00e0 un large public francophone et couvre l\u2019information tunisienne en temps r\u00e9el.\",\"email\":\"redac@webdo.tn\",\"legalName\":\"YNJ SARL\",\"foundingDate\":\"2010-09-06\",\"numberOfEmployees\":{\"@type\":\"QuantitativeValue\",\"minValue\":\"11\",\"maxValue\":\"50\"}},{\"@type\":\"Person\",\"@id\":\"https:\\\/\\\/www.webdo.tn\\\/fr\\\/#\\\/schema\\\/person\\\/60d5ba619ed3f58783b0dc82b7dada80\",\"name\":\"Ne\u00efla DRISS\",\"image\":{\"@type\":\"ImageObject\",\"inLanguage\":\"fr-FR\",\"@id\":\"https:\\\/\\\/www.webdo.tn\\\/fr\\\/wp-content\\\/uploads\\\/2026\\\/04\\\/neila-driss_avatar-96x96.jpg\",\"url\":\"https:\\\/\\\/www.webdo.tn\\\/fr\\\/wp-content\\\/uploads\\\/2026\\\/04\\\/neila-driss_avatar-96x96.jpg\",\"contentUrl\":\"https:\\\/\\\/www.webdo.tn\\\/fr\\\/wp-content\\\/uploads\\\/2026\\\/04\\\/neila-driss_avatar-96x96.jpg\",\"caption\":\"Ne\u00efla DRISS\"},\"description\":\"Ne\u00efla Driss est juriste, journaliste culturelle et critique de cin\u00e9ma tunisienne. Titulaire d\u2019un DEA en droit priv\u00e9 de l\u2019Universit\u00e9 Paris II et d\u2019un DESS de l\u2019IHEC Carthage, elle d\u00e9bute sa carri\u00e8re comme juriste sp\u00e9cialis\u00e9e en gestion de patrimoine immobilier. Elle s\u2019oriente ensuite vers l\u2019\u00e9criture en ligne, o\u00f9 elle se distingue d\u00e8s 2006 aux Tunisia Blog Awards, avant de se consacrer au journalisme culturel, avec une sp\u00e9cialisation dans la critique cin\u00e9matographique. Elle couvre r\u00e9guli\u00e8rement les grands festivals internationaux, notamment le Festival de Cannes, les Journ\u00e9es Cin\u00e9matographiques de Carthage et le Festival du film du Caire. Membre de l\u2019ATPCC et de la FIPRESCI, elle participe \u00e0 des jurys et initiatives internationales de critique. Depuis 2024, elle est \u00e9lectrice internationale aux Golden Globes. Facebook : https:\\\/\\\/www.facebook.com\\\/massir.destiniii\\\/ X : https:\\\/\\\/x.com\\\/MassirDestin\",\"sameAs\":[\"https:\\\/\\\/www.facebook.com\\\/massir.destiniii\\\/\",\"https:\\\/\\\/www.instagram.com\\\/neila.driss\\\/?hl=fr\",\"https:\\\/\\\/www.linkedin.com\\\/in\\\/neila-driss-22606a80\\\/\",\"https:\\\/\\\/x.com\\\/https:\\\/\\\/x.com\\\/MassirDestin\"],\"knowsAbout\":[\"Cin\u00e9ma international\",\"critique cin\u00e9matographique\",\"festivals de cin\u00e9ma\",\"journalisme culturel\"],\"knowsLanguage\":[\"Fran\u00e7ais\",\"Arabe\",\"Anglais\"],\"jobTitle\":\"Journaliste culturelle et critique de cin\u00e9ma\",\"worksFor\":\"Webdo\",\"url\":\"https:\\\/\\\/www.webdo.tn\\\/fr\\\/actualite\\\/author\\\/neila-driss\\\/\"}]}<\/script>\n<!-- \/ Yoast SEO Premium plugin. -->","yoast_head_json":{"title":"Pr\u00e9sence tunisienne \u00e0 la 6\u00e8me \u00e9dition du Festival du Film d'El Gouna","description":"Comme \u00e0 l'accoutum\u00e9e, les Tunisiens sont bien repr\u00e9sent\u00e9s \u00e0 cet \u00e9v\u00e9nement cin\u00e9matographique majeur.","canonical":"https:\/\/www.webdo.tn\/fr\/actualite\/culture\/presence-tunisienne-a-la-6eme-edition-du-festival-du-film-d-el-gouna\/209213\/","og_locale":"fr_FR","og_type":"article","og_title":"Pr\u00e9sence tunisienne \u00e0 la 6\u00e8me \u00e9dition du Festival du Film d'El Gouna","og_description":"Comme \u00e0 l'accoutum\u00e9e, les Tunisiens sont bien repr\u00e9sent\u00e9s \u00e0 cet \u00e9v\u00e9nement cin\u00e9matographique majeur.","og_url":"https:\/\/www.webdo.tn\/fr\/actualite\/culture\/presence-tunisienne-a-la-6eme-edition-du-festival-du-film-d-el-gouna\/209213\/","og_site_name":"webdo","article_publisher":"https:\/\/www.facebook.com\/webdotn","article_author":"https:\/\/www.facebook.com\/massir.destiniii\/","article_published_time":"2023-10-10T10:23:00+00:00","article_modified_time":"2025-05-21T08:56:24+00:00","og_image":[{"width":750,"height":400,"url":"https:\/\/www.webdo.tn\/fr\/wp-content\/uploads\/2023\/10\/9acff39a4b0409ce7d27a67cbeeb756f.jpeg","type":"image\/jpeg"}],"author":"Ne\u00efla DRISS","twitter_card":"summary_large_image","twitter_creator":"@https:\/\/x.com\/MassirDestin","twitter_site":"@webdo_tn","twitter_misc":{"\u00c9crit par":"Ne\u00efla DRISS","Dur\u00e9e de lecture estim\u00e9e":"4 minutes"},"schema":{"@context":"https:\/\/schema.org","@graph":[{"@type":"NewsArticle","@id":"https:\/\/www.webdo.tn\/fr\/actualite\/culture\/presence-tunisienne-a-la-6eme-edition-du-festival-du-film-d-el-gouna\/209213\/#article","isPartOf":{"@id":"https:\/\/www.webdo.tn\/fr\/actualite\/culture\/presence-tunisienne-a-la-6eme-edition-du-festival-du-film-d-el-gouna\/209213\/"},"author":{"name":"Ne\u00efla DRISS","@id":"https:\/\/www.webdo.tn\/fr\/#\/schema\/person\/60d5ba619ed3f58783b0dc82b7dada80"},"headline":"Pr\u00e9sence tunisienne \u00e0 la 6\u00e8me \u00e9dition du Festival du Film d&rsquo;El Gouna","datePublished":"2023-10-10T10:23:00+00:00","dateModified":"2025-05-21T08:56:24+00:00","mainEntityOfPage":{"@id":"https:\/\/www.webdo.tn\/fr\/actualite\/culture\/presence-tunisienne-a-la-6eme-edition-du-festival-du-film-d-el-gouna\/209213\/"},"wordCount":845,"commentCount":0,"publisher":{"@id":"https:\/\/www.webdo.tn\/fr\/#organization"},"image":{"@id":"https:\/\/www.webdo.tn\/fr\/actualite\/culture\/presence-tunisienne-a-la-6eme-edition-du-festival-du-film-d-el-gouna\/209213\/#primaryimage"},"thumbnailUrl":"https:\/\/www.webdo.tn\/fr\/wp-content\/uploads\/2023\/10\/9acff39a4b0409ce7d27a67cbeeb756f.jpeg","keywords":["El Gouna","El Gouna 2023","Festival du Cin\u00e9ma d'El Gouna","GFF","GFF 2023"],"articleSection":["Culture"],"inLanguage":"fr-FR"},{"@type":"WebPage","@id":"https:\/\/www.webdo.tn\/fr\/actualite\/culture\/presence-tunisienne-a-la-6eme-edition-du-festival-du-film-d-el-gouna\/209213\/","url":"https:\/\/www.webdo.tn\/fr\/actualite\/culture\/presence-tunisienne-a-la-6eme-edition-du-festival-du-film-d-el-gouna\/209213\/","name":"Pr\u00e9sence tunisienne \u00e0 la 6\u00e8me \u00e9dition du Festival du Film d'El Gouna","isPartOf":{"@id":"https:\/\/www.webdo.tn\/fr\/#website"},"primaryImageOfPage":{"@id":"https:\/\/www.webdo.tn\/fr\/actualite\/culture\/presence-tunisienne-a-la-6eme-edition-du-festival-du-film-d-el-gouna\/209213\/#primaryimage"},"image":{"@id":"https:\/\/www.webdo.tn\/fr\/actualite\/culture\/presence-tunisienne-a-la-6eme-edition-du-festival-du-film-d-el-gouna\/209213\/#primaryimage"},"thumbnailUrl":"https:\/\/www.webdo.tn\/fr\/wp-content\/uploads\/2023\/10\/9acff39a4b0409ce7d27a67cbeeb756f.jpeg","datePublished":"2023-10-10T10:23:00+00:00","dateModified":"2025-05-21T08:56:24+00:00","description":"Comme \u00e0 l'accoutum\u00e9e, les Tunisiens sont bien repr\u00e9sent\u00e9s \u00e0 cet \u00e9v\u00e9nement cin\u00e9matographique majeur.","breadcrumb":{"@id":"https:\/\/www.webdo.tn\/fr\/actualite\/culture\/presence-tunisienne-a-la-6eme-edition-du-festival-du-film-d-el-gouna\/209213\/#breadcrumb"},"inLanguage":"fr-FR","potentialAction":[{"@type":"ReadAction","target":["https:\/\/www.webdo.tn\/fr\/actualite\/culture\/presence-tunisienne-a-la-6eme-edition-du-festival-du-film-d-el-gouna\/209213\/"]}]},{"@type":"ImageObject","inLanguage":"fr-FR","@id":"https:\/\/www.webdo.tn\/fr\/actualite\/culture\/presence-tunisienne-a-la-6eme-edition-du-festival-du-film-d-el-gouna\/209213\/#primaryimage","url":"https:\/\/www.webdo.tn\/fr\/wp-content\/uploads\/2023\/10\/9acff39a4b0409ce7d27a67cbeeb756f.jpeg","contentUrl":"https:\/\/www.webdo.tn\/fr\/wp-content\/uploads\/2023\/10\/9acff39a4b0409ce7d27a67cbeeb756f.jpeg","width":750,"height":400,"caption":"Pr\u00e9sence tunisienne \u00e0 la 6\u00e8me \u00e9dition du Festival du Film d'El Gouna"},{"@type":"BreadcrumbList","@id":"https:\/\/www.webdo.tn\/fr\/actualite\/culture\/presence-tunisienne-a-la-6eme-edition-du-festival-du-film-d-el-gouna\/209213\/#breadcrumb","itemListElement":[{"@type":"ListItem","position":1,"name":"Accueil","item":"https:\/\/www.webdo.tn\/fr\/"},{"@type":"ListItem","position":2,"name":"Pr\u00e9sence tunisienne \u00e0 la 6\u00e8me \u00e9dition du Festival du Film d&rsquo;El Gouna"}]},{"@type":"WebSite","@id":"https:\/\/www.webdo.tn\/fr\/#website","url":"https:\/\/www.webdo.tn\/fr\/","name":"webdo","description":"Tunisie - News en Tunisie et \u00e0 l&#039;international sur Webdo.tn","publisher":{"@id":"https:\/\/www.webdo.tn\/fr\/#organization"},"potentialAction":[{"@type":"SearchAction","target":{"@type":"EntryPoint","urlTemplate":"https:\/\/www.webdo.tn\/fr\/?s={search_term_string}"},"query-input":{"@type":"PropertyValueSpecification","valueRequired":true,"valueName":"search_term_string"}}],"inLanguage":"fr-FR"},{"@type":"Organization","@id":"https:\/\/www.webdo.tn\/fr\/#organization","name":"Webdo","alternateName":"Webdo.tn","url":"https:\/\/www.webdo.tn\/fr\/","logo":{"@type":"ImageObject","inLanguage":"fr-FR","@id":"https:\/\/www.webdo.tn\/fr\/#\/schema\/logo\/image\/","url":"https:\/\/www.webdo.tn\/fr\/wp-content\/uploads\/2025\/06\/Webdo-Tunisie_168377.jpg","contentUrl":"https:\/\/www.webdo.tn\/fr\/wp-content\/uploads\/2025\/06\/Webdo-Tunisie_168377.jpg","width":301,"height":301,"caption":"Webdo"},"image":{"@id":"https:\/\/www.webdo.tn\/fr\/#\/schema\/logo\/image\/"},"sameAs":["https:\/\/www.facebook.com\/webdotn","https:\/\/x.com\/webdo_tn"],"description":"Webdo est un m\u00e9dia num\u00e9rique tunisien fond\u00e9 en 2010, sp\u00e9cialis\u00e9 dans l\u2019actualit\u00e9 nationale et internationale, l\u2019\u00e9conomie, la soci\u00e9t\u00e9 et les analyses politiques. Le site s\u2019adresse \u00e0 un large public francophone et couvre l\u2019information tunisienne en temps r\u00e9el.","email":"redac@webdo.tn","legalName":"YNJ SARL","foundingDate":"2010-09-06","numberOfEmployees":{"@type":"QuantitativeValue","minValue":"11","maxValue":"50"}},{"@type":"Person","@id":"https:\/\/www.webdo.tn\/fr\/#\/schema\/person\/60d5ba619ed3f58783b0dc82b7dada80","name":"Ne\u00efla DRISS","image":{"@type":"ImageObject","inLanguage":"fr-FR","@id":"https:\/\/www.webdo.tn\/fr\/wp-content\/uploads\/2026\/04\/neila-driss_avatar-96x96.jpg","url":"https:\/\/www.webdo.tn\/fr\/wp-content\/uploads\/2026\/04\/neila-driss_avatar-96x96.jpg","contentUrl":"https:\/\/www.webdo.tn\/fr\/wp-content\/uploads\/2026\/04\/neila-driss_avatar-96x96.jpg","caption":"Ne\u00efla DRISS"},"description":"Ne\u00efla Driss est juriste, journaliste culturelle et critique de cin\u00e9ma tunisienne. Titulaire d\u2019un DEA en droit priv\u00e9 de l\u2019Universit\u00e9 Paris II et d\u2019un DESS de l\u2019IHEC Carthage, elle d\u00e9bute sa carri\u00e8re comme juriste sp\u00e9cialis\u00e9e en gestion de patrimoine immobilier. Elle s\u2019oriente ensuite vers l\u2019\u00e9criture en ligne, o\u00f9 elle se distingue d\u00e8s 2006 aux Tunisia Blog Awards, avant de se consacrer au journalisme culturel, avec une sp\u00e9cialisation dans la critique cin\u00e9matographique. Elle couvre r\u00e9guli\u00e8rement les grands festivals internationaux, notamment le Festival de Cannes, les Journ\u00e9es Cin\u00e9matographiques de Carthage et le Festival du film du Caire. Membre de l\u2019ATPCC et de la FIPRESCI, elle participe \u00e0 des jurys et initiatives internationales de critique. Depuis 2024, elle est \u00e9lectrice internationale aux Golden Globes. Facebook : https:\/\/www.facebook.com\/massir.destiniii\/ X : https:\/\/x.com\/MassirDestin","sameAs":["https:\/\/www.facebook.com\/massir.destiniii\/","https:\/\/www.instagram.com\/neila.driss\/?hl=fr","https:\/\/www.linkedin.com\/in\/neila-driss-22606a80\/","https:\/\/x.com\/https:\/\/x.com\/MassirDestin"],"knowsAbout":["Cin\u00e9ma international","critique cin\u00e9matographique","festivals de cin\u00e9ma","journalisme culturel"],"knowsLanguage":["Fran\u00e7ais","Arabe","Anglais"],"jobTitle":"Journaliste culturelle et critique de cin\u00e9ma","worksFor":"Webdo","url":"https:\/\/www.webdo.tn\/fr\/actualite\/author\/neila-driss\/"}]}},"_links":{"self":[{"href":"https:\/\/www.webdo.tn\/fr\/wp-json\/wp\/v2\/posts\/209213","targetHints":{"allow":["GET"]}}],"collection":[{"href":"https:\/\/www.webdo.tn\/fr\/wp-json\/wp\/v2\/posts"}],"about":[{"href":"https:\/\/www.webdo.tn\/fr\/wp-json\/wp\/v2\/types\/post"}],"author":[{"embeddable":true,"href":"https:\/\/www.webdo.tn\/fr\/wp-json\/wp\/v2\/users\/3164"}],"replies":[{"embeddable":true,"href":"https:\/\/www.webdo.tn\/fr\/wp-json\/wp\/v2\/comments?post=209213"}],"version-history":[{"count":0,"href":"https:\/\/www.webdo.tn\/fr\/wp-json\/wp\/v2\/posts\/209213\/revisions"}],"wp:featuredmedia":[{"embeddable":true,"href":"https:\/\/www.webdo.tn\/fr\/wp-json\/wp\/v2\/media\/249104"}],"wp:attachment":[{"href":"https:\/\/www.webdo.tn\/fr\/wp-json\/wp\/v2\/media?parent=209213"}],"wp:term":[{"taxonomy":"category","embeddable":true,"href":"https:\/\/www.webdo.tn\/fr\/wp-json\/wp\/v2\/categories?post=209213"},{"taxonomy":"post_tag","embeddable":true,"href":"https:\/\/www.webdo.tn\/fr\/wp-json\/wp\/v2\/tags?post=209213"}],"curies":[{"name":"wp","href":"https:\/\/api.w.org\/{rel}","templated":true}]}}