{"id":209210,"date":"2023-10-10T09:06:00","date_gmt":"2023-10-10T09:06:00","guid":{"rendered":"https:\/\/www.webdo.tn\/fr\/blog\/attaque-du-hamas-1600-morts-et-6000-blesses-dans-les-deux-camps\/209210\/"},"modified":"2025-05-20T22:10:12","modified_gmt":"2025-05-20T22:10:12","slug":"attaque-du-hamas-1600-morts-et-6000-blesses-dans-les-deux-camps","status":"publish","type":"post","link":"https:\/\/www.webdo.tn\/fr\/actualite\/international\/attaque-du-hamas-1600-morts-et-6000-blesses-dans-les-deux-camps\/209210\/","title":{"rendered":"Attaque du Hamas : 1600 morts et 6000 bless\u00e9s dans les deux camps"},"content":{"rendered":"<p>Trois jours apr\u00e8s le d\u00e9but de l\u2019op\u00e9ration \u00ab D\u00e9luge d\u2019Al-Aqsa \u00bb lanc\u00e9e par le Hamas sur le territoire d\u2019Isra\u00ebl, le nombre de victimes s\u2019\u00e9tablit \u00e0 plus de 1600 morts et 6000 bless\u00e9s dans les deux camps.<\/p>\n<p>\t\t\t\t\t\t\t\t\tLe bilan de cette guerre a fait pr\u00e8s de 1600 morts, selon les bilans officiels des deux camps. Du c\u00f4t\u00e9 isra\u00e9lien, plus de 900 personnes ont \u00e9t\u00e9 tu\u00e9es et 2616 ont \u00e9t\u00e9 bless\u00e9es depuis le d\u00e9but de l\u2019attaque du Hamas, samedi 7 octobre. C\u00f4t\u00e9 palestinien, 687 personnes ont \u00e9t\u00e9 tu\u00e9es et 3727 bless\u00e9es, d\u2019apr\u00e8s les autorit\u00e9s locales, soit un bilan global de 1587 morts et 6343 bless\u00e9s.<\/p>\n<p>Isra\u00ebl a annonc\u00e9, lundi, la mise en place d\u2019un \u00ab si\u00e8ge complet \u00bb de la bande de Gaza. \u00ab Pas d\u2019\u00e9lectricit\u00e9, pas de nourriture, pas de gaz, a ass\u00e9n\u00e9 le ministre de la d\u00e9fense isra\u00e9lien, Yoav Galant. Le premier ministre isra\u00e9lien, Benyamin N\u00e9tanyahou, quant \u00e0 lui, a promis, lundi soir, que \u00ab chaque lieu \u00e0 partir duquel [le Hamas] op\u00e8re deviendra une ruine \u00bb et que \u00ab l\u2019attaque massive \u00bb en cours dans la bande de Gaza sera \u00ab d\u2019une intensit\u00e9 qui n\u2019a jamais eu lieu \u00bb.<\/p>\n<p>De son c\u00f4t\u00e9, le Hamas a menac\u00e9 d\u2019ex\u00e9cuter des otages en r\u00e9action aux bombardements de Gaza. \u00ab Chaque fois que notre peuple sera pris pour cible sans avertissement, cela entra\u00eenera l\u2019ex\u00e9cution d\u2019un des otages civils \u00bb, a menac\u00e9 le mouvement islamiste dans un communiqu\u00e9. Plus d\u2019une centaine de personnes ont \u00e9t\u00e9 enlev\u00e9es en Isra\u00ebl par le Hamas, selon le gouvernement isra\u00e9lien.<br \/>\n\u00a0\u00a0 \u00a0<br \/>\nPar ailleurs, plus de 187.500 personnes ont \u00e9t\u00e9 d\u00e9plac\u00e9es \u00e0 Gaza depuis le d\u00e9but du conflit, selon un rapport du Bureau de la coordination des affaires humanitaires des Nations unies (OCHA).<\/p>\n","protected":false},"excerpt":{"rendered":"<p>Trois jours apr\u00e8s le d\u00e9but de l\u2019op\u00e9ration \u00ab D\u00e9luge d\u2019Al-Aqsa \u00bb lanc\u00e9e par le Hamas sur le territoire d\u2019Isra\u00ebl, le nombre de victimes s\u2019\u00e9tablit \u00e0 plus de 1600 mo&#8230;<\/p>\n","protected":false},"author":3162,"featured_media":278821,"comment_status":"open","ping_status":"closed","sticky":false,"template":"","format":"standard","meta":{"footnotes":""},"categories":[2598],"tags":[2689,3349,2636,2688],"class_list":["post-209210","post","type-post","status-publish","format-standard","has-post-thumbnail","hentry","category-international","tag-gaza","tag-hamas","tag-israel","tag-palestine"],"yoast_head":"<!-- This site is optimized with the Yoast SEO Premium plugin v27.4 (Yoast SEO v27.4) - https:\/\/yoast.com\/product\/yoast-seo-premium-wordpress\/ -->\n<title>Attaque du Hamas : 1600 morts et 6000 bless\u00e9s dans les deux camps<\/title>\n<meta name=\"description\" content=\"Trois jours apr\u00e8s le d\u00e9but de l\u2019op\u00e9ration \u00ab D\u00e9luge d\u2019Al-Aqsa \u00bb lanc\u00e9e par le Hamas sur le territoire d\u2019Isra\u00ebl, le nombre de victimes s\u2019\u00e9tablit \u00e0 plus de 1600 mo...\" \/>\n<link rel=\"canonical\" href=\"https:\/\/www.webdo.tn\/fr\/actualite\/international\/attaque-du-hamas-1600-morts-et-6000-blesses-dans-les-deux-camps\/209210\/\" \/>\n<meta property=\"og:locale\" content=\"fr_FR\" \/>\n<meta property=\"og:type\" content=\"article\" \/>\n<meta property=\"og:title\" content=\"Attaque du Hamas : 1600 morts et 6000 bless\u00e9s dans les deux camps\" \/>\n<meta property=\"og:description\" content=\"Trois jours apr\u00e8s le d\u00e9but de l\u2019op\u00e9ration \u00ab D\u00e9luge d\u2019Al-Aqsa \u00bb lanc\u00e9e par le Hamas sur le territoire d\u2019Isra\u00ebl, le nombre de victimes s\u2019\u00e9tablit \u00e0 plus de 1600 mo...\" \/>\n<meta property=\"og:url\" content=\"https:\/\/www.webdo.tn\/fr\/actualite\/international\/attaque-du-hamas-1600-morts-et-6000-blesses-dans-les-deux-camps\/209210\/\" \/>\n<meta property=\"og:site_name\" content=\"webdo\" \/>\n<meta property=\"article:publisher\" content=\"https:\/\/www.facebook.com\/webdotn\" \/>\n<meta property=\"article:published_time\" content=\"2023-10-10T09:06:00+00:00\" \/>\n<meta property=\"article:modified_time\" content=\"2025-05-20T22:10:12+00:00\" \/>\n<meta property=\"og:image\" content=\"https:\/\/www.webdo.tn\/fr\/wp-content\/uploads\/2023\/10\/de518301845d6e3baa1dbca7905da6d1.jpg\" \/>\n\t<meta property=\"og:image:width\" content=\"750\" \/>\n\t<meta property=\"og:image:height\" content=\"400\" \/>\n\t<meta property=\"og:image:type\" content=\"image\/jpeg\" \/>\n<meta name=\"author\" content=\"MC\" \/>\n<meta name=\"twitter:card\" content=\"summary_large_image\" \/>\n<meta name=\"twitter:creator\" content=\"@webdo_tn\" \/>\n<meta name=\"twitter:site\" content=\"@webdo_tn\" \/>\n<meta name=\"twitter:label1\" content=\"\u00c9crit par\" \/>\n\t<meta name=\"twitter:data1\" content=\"MC\" \/>\n\t<meta name=\"twitter:label2\" content=\"Dur\u00e9e de lecture estim\u00e9e\" \/>\n\t<meta name=\"twitter:data2\" content=\"2 minutes\" \/>\n<script type=\"application\/ld+json\" class=\"yoast-schema-graph\">{\"@context\":\"https:\\\/\\\/schema.org\",\"@graph\":[{\"@type\":\"NewsArticle\",\"@id\":\"https:\\\/\\\/www.webdo.tn\\\/fr\\\/actualite\\\/international\\\/attaque-du-hamas-1600-morts-et-6000-blesses-dans-les-deux-camps\\\/209210\\\/#article\",\"isPartOf\":{\"@id\":\"https:\\\/\\\/www.webdo.tn\\\/fr\\\/actualite\\\/international\\\/attaque-du-hamas-1600-morts-et-6000-blesses-dans-les-deux-camps\\\/209210\\\/\"},\"author\":{\"name\":\"MC\",\"@id\":\"https:\\\/\\\/www.webdo.tn\\\/fr\\\/#\\\/schema\\\/person\\\/2c4929cbf5a809e3bd38617c6ce150f6\"},\"headline\":\"Attaque du Hamas : 1600 morts et 6000 bless\u00e9s dans les deux camps\",\"datePublished\":\"2023-10-10T09:06:00+00:00\",\"dateModified\":\"2025-05-20T22:10:12+00:00\",\"mainEntityOfPage\":{\"@id\":\"https:\\\/\\\/www.webdo.tn\\\/fr\\\/actualite\\\/international\\\/attaque-du-hamas-1600-morts-et-6000-blesses-dans-les-deux-camps\\\/209210\\\/\"},\"wordCount\":318,\"commentCount\":0,\"publisher\":{\"@id\":\"https:\\\/\\\/www.webdo.tn\\\/fr\\\/#organization\"},\"image\":{\"@id\":\"https:\\\/\\\/www.webdo.tn\\\/fr\\\/actualite\\\/international\\\/attaque-du-hamas-1600-morts-et-6000-blesses-dans-les-deux-camps\\\/209210\\\/#primaryimage\"},\"thumbnailUrl\":\"https:\\\/\\\/www.webdo.tn\\\/fr\\\/wp-content\\\/uploads\\\/2023\\\/10\\\/de518301845d6e3baa1dbca7905da6d1.jpg\",\"keywords\":[\"Gaza\",\"hamas\",\"isra\u00ebl\",\"Palestine\"],\"articleSection\":[\"International\"],\"inLanguage\":\"fr-FR\"},{\"@type\":\"WebPage\",\"@id\":\"https:\\\/\\\/www.webdo.tn\\\/fr\\\/actualite\\\/international\\\/attaque-du-hamas-1600-morts-et-6000-blesses-dans-les-deux-camps\\\/209210\\\/\",\"url\":\"https:\\\/\\\/www.webdo.tn\\\/fr\\\/actualite\\\/international\\\/attaque-du-hamas-1600-morts-et-6000-blesses-dans-les-deux-camps\\\/209210\\\/\",\"name\":\"Attaque du Hamas : 1600 morts et 6000 bless\u00e9s dans les deux camps\",\"isPartOf\":{\"@id\":\"https:\\\/\\\/www.webdo.tn\\\/fr\\\/#website\"},\"primaryImageOfPage\":{\"@id\":\"https:\\\/\\\/www.webdo.tn\\\/fr\\\/actualite\\\/international\\\/attaque-du-hamas-1600-morts-et-6000-blesses-dans-les-deux-camps\\\/209210\\\/#primaryimage\"},\"image\":{\"@id\":\"https:\\\/\\\/www.webdo.tn\\\/fr\\\/actualite\\\/international\\\/attaque-du-hamas-1600-morts-et-6000-blesses-dans-les-deux-camps\\\/209210\\\/#primaryimage\"},\"thumbnailUrl\":\"https:\\\/\\\/www.webdo.tn\\\/fr\\\/wp-content\\\/uploads\\\/2023\\\/10\\\/de518301845d6e3baa1dbca7905da6d1.jpg\",\"datePublished\":\"2023-10-10T09:06:00+00:00\",\"dateModified\":\"2025-05-20T22:10:12+00:00\",\"description\":\"Trois jours apr\u00e8s le d\u00e9but de l\u2019op\u00e9ration \u00ab D\u00e9luge d\u2019Al-Aqsa \u00bb lanc\u00e9e par le Hamas sur le territoire d\u2019Isra\u00ebl, le nombre de victimes s\u2019\u00e9tablit \u00e0 plus de 1600 mo...\",\"breadcrumb\":{\"@id\":\"https:\\\/\\\/www.webdo.tn\\\/fr\\\/actualite\\\/international\\\/attaque-du-hamas-1600-morts-et-6000-blesses-dans-les-deux-camps\\\/209210\\\/#breadcrumb\"},\"inLanguage\":\"fr-FR\",\"potentialAction\":[{\"@type\":\"ReadAction\",\"target\":[\"https:\\\/\\\/www.webdo.tn\\\/fr\\\/actualite\\\/international\\\/attaque-du-hamas-1600-morts-et-6000-blesses-dans-les-deux-camps\\\/209210\\\/\"]}]},{\"@type\":\"ImageObject\",\"inLanguage\":\"fr-FR\",\"@id\":\"https:\\\/\\\/www.webdo.tn\\\/fr\\\/actualite\\\/international\\\/attaque-du-hamas-1600-morts-et-6000-blesses-dans-les-deux-camps\\\/209210\\\/#primaryimage\",\"url\":\"https:\\\/\\\/www.webdo.tn\\\/fr\\\/wp-content\\\/uploads\\\/2023\\\/10\\\/de518301845d6e3baa1dbca7905da6d1.jpg\",\"contentUrl\":\"https:\\\/\\\/www.webdo.tn\\\/fr\\\/wp-content\\\/uploads\\\/2023\\\/10\\\/de518301845d6e3baa1dbca7905da6d1.jpg\",\"width\":750,\"height\":400,\"caption\":\"Gaza\"},{\"@type\":\"BreadcrumbList\",\"@id\":\"https:\\\/\\\/www.webdo.tn\\\/fr\\\/actualite\\\/international\\\/attaque-du-hamas-1600-morts-et-6000-blesses-dans-les-deux-camps\\\/209210\\\/#breadcrumb\",\"itemListElement\":[{\"@type\":\"ListItem\",\"position\":1,\"name\":\"Accueil\",\"item\":\"https:\\\/\\\/www.webdo.tn\\\/fr\\\/\"},{\"@type\":\"ListItem\",\"position\":2,\"name\":\"Attaque du Hamas : 1600 morts et 6000 bless\u00e9s dans les deux camps\"}]},{\"@type\":\"WebSite\",\"@id\":\"https:\\\/\\\/www.webdo.tn\\\/fr\\\/#website\",\"url\":\"https:\\\/\\\/www.webdo.tn\\\/fr\\\/\",\"name\":\"webdo\",\"description\":\"Tunisie - News en Tunisie et \u00e0 l&#039;international sur Webdo.tn\",\"publisher\":{\"@id\":\"https:\\\/\\\/www.webdo.tn\\\/fr\\\/#organization\"},\"potentialAction\":[{\"@type\":\"SearchAction\",\"target\":{\"@type\":\"EntryPoint\",\"urlTemplate\":\"https:\\\/\\\/www.webdo.tn\\\/fr\\\/?s={search_term_string}\"},\"query-input\":{\"@type\":\"PropertyValueSpecification\",\"valueRequired\":true,\"valueName\":\"search_term_string\"}}],\"inLanguage\":\"fr-FR\"},{\"@type\":\"Organization\",\"@id\":\"https:\\\/\\\/www.webdo.tn\\\/fr\\\/#organization\",\"name\":\"Webdo\",\"alternateName\":\"Webdo.tn\",\"url\":\"https:\\\/\\\/www.webdo.tn\\\/fr\\\/\",\"logo\":{\"@type\":\"ImageObject\",\"inLanguage\":\"fr-FR\",\"@id\":\"https:\\\/\\\/www.webdo.tn\\\/fr\\\/#\\\/schema\\\/logo\\\/image\\\/\",\"url\":\"https:\\\/\\\/www.webdo.tn\\\/fr\\\/wp-content\\\/uploads\\\/2025\\\/06\\\/Webdo-Tunisie_168377.jpg\",\"contentUrl\":\"https:\\\/\\\/www.webdo.tn\\\/fr\\\/wp-content\\\/uploads\\\/2025\\\/06\\\/Webdo-Tunisie_168377.jpg\",\"width\":301,\"height\":301,\"caption\":\"Webdo\"},\"image\":{\"@id\":\"https:\\\/\\\/www.webdo.tn\\\/fr\\\/#\\\/schema\\\/logo\\\/image\\\/\"},\"sameAs\":[\"https:\\\/\\\/www.facebook.com\\\/webdotn\",\"https:\\\/\\\/x.com\\\/webdo_tn\"],\"description\":\"Webdo est un m\u00e9dia num\u00e9rique tunisien fond\u00e9 en 2010, sp\u00e9cialis\u00e9 dans l\u2019actualit\u00e9 nationale et internationale, l\u2019\u00e9conomie, la soci\u00e9t\u00e9 et les analyses politiques. Le site s\u2019adresse \u00e0 un large public francophone et couvre l\u2019information tunisienne en temps r\u00e9el.\",\"email\":\"redac@webdo.tn\",\"legalName\":\"YNJ SARL\",\"foundingDate\":\"2010-09-06\",\"numberOfEmployees\":{\"@type\":\"QuantitativeValue\",\"minValue\":\"11\",\"maxValue\":\"50\"}},{\"@type\":\"Person\",\"@id\":\"https:\\\/\\\/www.webdo.tn\\\/fr\\\/#\\\/schema\\\/person\\\/2c4929cbf5a809e3bd38617c6ce150f6\",\"name\":\"MC\",\"image\":{\"@type\":\"ImageObject\",\"inLanguage\":\"fr-FR\",\"@id\":\"https:\\\/\\\/secure.gravatar.com\\\/avatar\\\/a545bbb6f84efdd5553dbbc2895e3ca8f1d12c5215e00a041c9670b54aa9b18a?s=96&d=mm&r=g\",\"url\":\"https:\\\/\\\/secure.gravatar.com\\\/avatar\\\/a545bbb6f84efdd5553dbbc2895e3ca8f1d12c5215e00a041c9670b54aa9b18a?s=96&d=mm&r=g\",\"contentUrl\":\"https:\\\/\\\/secure.gravatar.com\\\/avatar\\\/a545bbb6f84efdd5553dbbc2895e3ca8f1d12c5215e00a041c9670b54aa9b18a?s=96&d=mm&r=g\",\"caption\":\"MC\"},\"url\":\"https:\\\/\\\/www.webdo.tn\\\/fr\\\/actualite\\\/author\\\/mc\\\/\"}]}<\/script>\n<!-- \/ Yoast SEO Premium plugin. -->","yoast_head_json":{"title":"Attaque du Hamas : 1600 morts et 6000 bless\u00e9s dans les deux camps","description":"Trois jours apr\u00e8s le d\u00e9but de l\u2019op\u00e9ration \u00ab D\u00e9luge d\u2019Al-Aqsa \u00bb lanc\u00e9e par le Hamas sur le territoire d\u2019Isra\u00ebl, le nombre de victimes s\u2019\u00e9tablit \u00e0 plus de 1600 mo...","canonical":"https:\/\/www.webdo.tn\/fr\/actualite\/international\/attaque-du-hamas-1600-morts-et-6000-blesses-dans-les-deux-camps\/209210\/","og_locale":"fr_FR","og_type":"article","og_title":"Attaque du Hamas : 1600 morts et 6000 bless\u00e9s dans les deux camps","og_description":"Trois jours apr\u00e8s le d\u00e9but de l\u2019op\u00e9ration \u00ab D\u00e9luge d\u2019Al-Aqsa \u00bb lanc\u00e9e par le Hamas sur le territoire d\u2019Isra\u00ebl, le nombre de victimes s\u2019\u00e9tablit \u00e0 plus de 1600 mo...","og_url":"https:\/\/www.webdo.tn\/fr\/actualite\/international\/attaque-du-hamas-1600-morts-et-6000-blesses-dans-les-deux-camps\/209210\/","og_site_name":"webdo","article_publisher":"https:\/\/www.facebook.com\/webdotn","article_published_time":"2023-10-10T09:06:00+00:00","article_modified_time":"2025-05-20T22:10:12+00:00","og_image":[{"width":750,"height":400,"url":"https:\/\/www.webdo.tn\/fr\/wp-content\/uploads\/2023\/10\/de518301845d6e3baa1dbca7905da6d1.jpg","type":"image\/jpeg"}],"author":"MC","twitter_card":"summary_large_image","twitter_creator":"@webdo_tn","twitter_site":"@webdo_tn","twitter_misc":{"\u00c9crit par":"MC","Dur\u00e9e de lecture estim\u00e9e":"2 minutes"},"schema":{"@context":"https:\/\/schema.org","@graph":[{"@type":"NewsArticle","@id":"https:\/\/www.webdo.tn\/fr\/actualite\/international\/attaque-du-hamas-1600-morts-et-6000-blesses-dans-les-deux-camps\/209210\/#article","isPartOf":{"@id":"https:\/\/www.webdo.tn\/fr\/actualite\/international\/attaque-du-hamas-1600-morts-et-6000-blesses-dans-les-deux-camps\/209210\/"},"author":{"name":"MC","@id":"https:\/\/www.webdo.tn\/fr\/#\/schema\/person\/2c4929cbf5a809e3bd38617c6ce150f6"},"headline":"Attaque du Hamas : 1600 morts et 6000 bless\u00e9s dans les deux camps","datePublished":"2023-10-10T09:06:00+00:00","dateModified":"2025-05-20T22:10:12+00:00","mainEntityOfPage":{"@id":"https:\/\/www.webdo.tn\/fr\/actualite\/international\/attaque-du-hamas-1600-morts-et-6000-blesses-dans-les-deux-camps\/209210\/"},"wordCount":318,"commentCount":0,"publisher":{"@id":"https:\/\/www.webdo.tn\/fr\/#organization"},"image":{"@id":"https:\/\/www.webdo.tn\/fr\/actualite\/international\/attaque-du-hamas-1600-morts-et-6000-blesses-dans-les-deux-camps\/209210\/#primaryimage"},"thumbnailUrl":"https:\/\/www.webdo.tn\/fr\/wp-content\/uploads\/2023\/10\/de518301845d6e3baa1dbca7905da6d1.jpg","keywords":["Gaza","hamas","isra\u00ebl","Palestine"],"articleSection":["International"],"inLanguage":"fr-FR"},{"@type":"WebPage","@id":"https:\/\/www.webdo.tn\/fr\/actualite\/international\/attaque-du-hamas-1600-morts-et-6000-blesses-dans-les-deux-camps\/209210\/","url":"https:\/\/www.webdo.tn\/fr\/actualite\/international\/attaque-du-hamas-1600-morts-et-6000-blesses-dans-les-deux-camps\/209210\/","name":"Attaque du Hamas : 1600 morts et 6000 bless\u00e9s dans les deux camps","isPartOf":{"@id":"https:\/\/www.webdo.tn\/fr\/#website"},"primaryImageOfPage":{"@id":"https:\/\/www.webdo.tn\/fr\/actualite\/international\/attaque-du-hamas-1600-morts-et-6000-blesses-dans-les-deux-camps\/209210\/#primaryimage"},"image":{"@id":"https:\/\/www.webdo.tn\/fr\/actualite\/international\/attaque-du-hamas-1600-morts-et-6000-blesses-dans-les-deux-camps\/209210\/#primaryimage"},"thumbnailUrl":"https:\/\/www.webdo.tn\/fr\/wp-content\/uploads\/2023\/10\/de518301845d6e3baa1dbca7905da6d1.jpg","datePublished":"2023-10-10T09:06:00+00:00","dateModified":"2025-05-20T22:10:12+00:00","description":"Trois jours apr\u00e8s le d\u00e9but de l\u2019op\u00e9ration \u00ab D\u00e9luge d\u2019Al-Aqsa \u00bb lanc\u00e9e par le Hamas sur le territoire d\u2019Isra\u00ebl, le nombre de victimes s\u2019\u00e9tablit \u00e0 plus de 1600 mo...","breadcrumb":{"@id":"https:\/\/www.webdo.tn\/fr\/actualite\/international\/attaque-du-hamas-1600-morts-et-6000-blesses-dans-les-deux-camps\/209210\/#breadcrumb"},"inLanguage":"fr-FR","potentialAction":[{"@type":"ReadAction","target":["https:\/\/www.webdo.tn\/fr\/actualite\/international\/attaque-du-hamas-1600-morts-et-6000-blesses-dans-les-deux-camps\/209210\/"]}]},{"@type":"ImageObject","inLanguage":"fr-FR","@id":"https:\/\/www.webdo.tn\/fr\/actualite\/international\/attaque-du-hamas-1600-morts-et-6000-blesses-dans-les-deux-camps\/209210\/#primaryimage","url":"https:\/\/www.webdo.tn\/fr\/wp-content\/uploads\/2023\/10\/de518301845d6e3baa1dbca7905da6d1.jpg","contentUrl":"https:\/\/www.webdo.tn\/fr\/wp-content\/uploads\/2023\/10\/de518301845d6e3baa1dbca7905da6d1.jpg","width":750,"height":400,"caption":"Gaza"},{"@type":"BreadcrumbList","@id":"https:\/\/www.webdo.tn\/fr\/actualite\/international\/attaque-du-hamas-1600-morts-et-6000-blesses-dans-les-deux-camps\/209210\/#breadcrumb","itemListElement":[{"@type":"ListItem","position":1,"name":"Accueil","item":"https:\/\/www.webdo.tn\/fr\/"},{"@type":"ListItem","position":2,"name":"Attaque du Hamas : 1600 morts et 6000 bless\u00e9s dans les deux camps"}]},{"@type":"WebSite","@id":"https:\/\/www.webdo.tn\/fr\/#website","url":"https:\/\/www.webdo.tn\/fr\/","name":"webdo","description":"Tunisie - News en Tunisie et \u00e0 l&#039;international sur Webdo.tn","publisher":{"@id":"https:\/\/www.webdo.tn\/fr\/#organization"},"potentialAction":[{"@type":"SearchAction","target":{"@type":"EntryPoint","urlTemplate":"https:\/\/www.webdo.tn\/fr\/?s={search_term_string}"},"query-input":{"@type":"PropertyValueSpecification","valueRequired":true,"valueName":"search_term_string"}}],"inLanguage":"fr-FR"},{"@type":"Organization","@id":"https:\/\/www.webdo.tn\/fr\/#organization","name":"Webdo","alternateName":"Webdo.tn","url":"https:\/\/www.webdo.tn\/fr\/","logo":{"@type":"ImageObject","inLanguage":"fr-FR","@id":"https:\/\/www.webdo.tn\/fr\/#\/schema\/logo\/image\/","url":"https:\/\/www.webdo.tn\/fr\/wp-content\/uploads\/2025\/06\/Webdo-Tunisie_168377.jpg","contentUrl":"https:\/\/www.webdo.tn\/fr\/wp-content\/uploads\/2025\/06\/Webdo-Tunisie_168377.jpg","width":301,"height":301,"caption":"Webdo"},"image":{"@id":"https:\/\/www.webdo.tn\/fr\/#\/schema\/logo\/image\/"},"sameAs":["https:\/\/www.facebook.com\/webdotn","https:\/\/x.com\/webdo_tn"],"description":"Webdo est un m\u00e9dia num\u00e9rique tunisien fond\u00e9 en 2010, sp\u00e9cialis\u00e9 dans l\u2019actualit\u00e9 nationale et internationale, l\u2019\u00e9conomie, la soci\u00e9t\u00e9 et les analyses politiques. Le site s\u2019adresse \u00e0 un large public francophone et couvre l\u2019information tunisienne en temps r\u00e9el.","email":"redac@webdo.tn","legalName":"YNJ SARL","foundingDate":"2010-09-06","numberOfEmployees":{"@type":"QuantitativeValue","minValue":"11","maxValue":"50"}},{"@type":"Person","@id":"https:\/\/www.webdo.tn\/fr\/#\/schema\/person\/2c4929cbf5a809e3bd38617c6ce150f6","name":"MC","image":{"@type":"ImageObject","inLanguage":"fr-FR","@id":"https:\/\/secure.gravatar.com\/avatar\/a545bbb6f84efdd5553dbbc2895e3ca8f1d12c5215e00a041c9670b54aa9b18a?s=96&d=mm&r=g","url":"https:\/\/secure.gravatar.com\/avatar\/a545bbb6f84efdd5553dbbc2895e3ca8f1d12c5215e00a041c9670b54aa9b18a?s=96&d=mm&r=g","contentUrl":"https:\/\/secure.gravatar.com\/avatar\/a545bbb6f84efdd5553dbbc2895e3ca8f1d12c5215e00a041c9670b54aa9b18a?s=96&d=mm&r=g","caption":"MC"},"url":"https:\/\/www.webdo.tn\/fr\/actualite\/author\/mc\/"}]}},"_links":{"self":[{"href":"https:\/\/www.webdo.tn\/fr\/wp-json\/wp\/v2\/posts\/209210","targetHints":{"allow":["GET"]}}],"collection":[{"href":"https:\/\/www.webdo.tn\/fr\/wp-json\/wp\/v2\/posts"}],"about":[{"href":"https:\/\/www.webdo.tn\/fr\/wp-json\/wp\/v2\/types\/post"}],"author":[{"embeddable":true,"href":"https:\/\/www.webdo.tn\/fr\/wp-json\/wp\/v2\/users\/3162"}],"replies":[{"embeddable":true,"href":"https:\/\/www.webdo.tn\/fr\/wp-json\/wp\/v2\/comments?post=209210"}],"version-history":[{"count":0,"href":"https:\/\/www.webdo.tn\/fr\/wp-json\/wp\/v2\/posts\/209210\/revisions"}],"wp:featuredmedia":[{"embeddable":true,"href":"https:\/\/www.webdo.tn\/fr\/wp-json\/wp\/v2\/media\/278821"}],"wp:attachment":[{"href":"https:\/\/www.webdo.tn\/fr\/wp-json\/wp\/v2\/media?parent=209210"}],"wp:term":[{"taxonomy":"category","embeddable":true,"href":"https:\/\/www.webdo.tn\/fr\/wp-json\/wp\/v2\/categories?post=209210"},{"taxonomy":"post_tag","embeddable":true,"href":"https:\/\/www.webdo.tn\/fr\/wp-json\/wp\/v2\/tags?post=209210"}],"curies":[{"name":"wp","href":"https:\/\/api.w.org\/{rel}","templated":true}]}}