{"id":209204,"date":"2023-10-09T18:28:00","date_gmt":"2023-10-09T18:28:00","guid":{"rendered":"https:\/\/www.webdo.tn\/fr\/blog\/le-hamas-menace-d-executer-des-otages-civils-en-cas-de-frappes-d-israel\/209204\/"},"modified":"2025-05-20T22:52:00","modified_gmt":"2025-05-20T22:52:00","slug":"le-hamas-menace-d-executer-des-otages-civils-en-cas-de-frappes-d-israel","status":"publish","type":"post","link":"https:\/\/www.webdo.tn\/fr\/actualite\/international\/le-hamas-menace-d-executer-des-otages-civils-en-cas-de-frappes-d-israel\/209204\/","title":{"rendered":"Le Hamas menace d&rsquo;ex\u00e9cuter des otages civils en cas de frappes d&rsquo;Isra\u00ebl"},"content":{"rendered":"<p>Le Hamas ex\u00e9cutera un otage civil \u00e0 chaque fois qu&rsquo;Isra\u00ebl proc\u00e9dera \u00e0 une frappe a\u00e9rienne sans pr\u00e9avis sur des logements civils, a pr\u00e9venu lundi 9 octobre 2023 un porte-parole du mouvement palestinien.<\/p>\n<p>\t\t\t\t\t\t\t\t\tCe nouveau rebondissement intervient au moment o\u00f9 les forces de l\u2019occupation lancent des frappes in\u00e9dites ciblant la bande de Gaza.\u00a0<\/p>\n<p>L&rsquo;attaque du Hamas, samedi 7 octobre au petit matin, et la riposte isra\u00e9lienne qui a suivi, ont fait de nombreuses victimes, dans tous les camps, et notamment parmi les civils.\u00a0<\/p>\n<p>Le Hamas a profit\u00e9 de la situation chaotique, qu&rsquo;il a nomm\u00e9e le \u00abd\u00e9luge d&rsquo;Al-Aqsa\u00bb, pour ramener des otages dans la bande de Gaza, tandis que d&rsquo;autres sont retenus en Isra\u00ebl<\/p>\n","protected":false},"excerpt":{"rendered":"<p>Le Hamas ex\u00e9cutera un otage civil \u00e0 chaque fois qu&rsquo;Isra\u00ebl proc\u00e9dera \u00e0 une frappe a\u00e9rienne sans pr\u00e9avis sur des logements civils, a pr\u00e9venu lundi 9 octobre 2023&#8230;<\/p>\n","protected":false},"author":3175,"featured_media":278818,"comment_status":"open","ping_status":"closed","sticky":false,"template":"","format":"standard","meta":{"footnotes":""},"categories":[2598],"tags":[3349,4069],"class_list":["post-209204","post","type-post","status-publish","format-standard","has-post-thumbnail","hentry","category-international","tag-hamas","tag-otages"],"yoast_head":"<!-- This site is optimized with the Yoast SEO Premium plugin v27.4 (Yoast SEO v27.4) - https:\/\/yoast.com\/product\/yoast-seo-premium-wordpress\/ -->\n<title>Le Hamas menace d&#039;ex\u00e9cuter des otages civils en cas de frappes d&#039;Isra\u00ebl<\/title>\n<meta name=\"description\" content=\"Le Hamas ex\u00e9cutera un otage civil \u00e0 chaque fois qu&#039;Isra\u00ebl proc\u00e9dera \u00e0 une frappe a\u00e9rienne sans pr\u00e9avis sur des logements civils, a pr\u00e9venu lundi 9 octobre 2023...\" \/>\n<link rel=\"canonical\" href=\"https:\/\/www.webdo.tn\/fr\/actualite\/international\/le-hamas-menace-d-executer-des-otages-civils-en-cas-de-frappes-d-israel\/209204\/\" \/>\n<meta property=\"og:locale\" content=\"fr_FR\" \/>\n<meta property=\"og:type\" content=\"article\" \/>\n<meta property=\"og:title\" content=\"Le Hamas menace d&#039;ex\u00e9cuter des otages civils en cas de frappes d&#039;Isra\u00ebl\" \/>\n<meta property=\"og:description\" content=\"Le Hamas ex\u00e9cutera un otage civil \u00e0 chaque fois qu&#039;Isra\u00ebl proc\u00e9dera \u00e0 une frappe a\u00e9rienne sans pr\u00e9avis sur des logements civils, a pr\u00e9venu lundi 9 octobre 2023...\" \/>\n<meta property=\"og:url\" content=\"https:\/\/www.webdo.tn\/fr\/actualite\/international\/le-hamas-menace-d-executer-des-otages-civils-en-cas-de-frappes-d-israel\/209204\/\" \/>\n<meta property=\"og:site_name\" content=\"webdo\" \/>\n<meta property=\"article:publisher\" content=\"https:\/\/www.facebook.com\/webdotn\" \/>\n<meta property=\"article:published_time\" content=\"2023-10-09T18:28:00+00:00\" \/>\n<meta property=\"article:modified_time\" content=\"2025-05-20T22:52:00+00:00\" \/>\n<meta property=\"og:image\" content=\"https:\/\/www.webdo.tn\/fr\/wp-content\/uploads\/2023\/10\/98b747733f2f72d643617bc75c0daa0e.jpg\" \/>\n\t<meta property=\"og:image:width\" content=\"750\" \/>\n\t<meta property=\"og:image:height\" content=\"400\" \/>\n\t<meta property=\"og:image:type\" content=\"image\/jpeg\" \/>\n<meta name=\"author\" content=\"CL\" \/>\n<meta name=\"twitter:card\" content=\"summary_large_image\" \/>\n<meta name=\"twitter:creator\" content=\"@webdo_tn\" \/>\n<meta name=\"twitter:site\" content=\"@webdo_tn\" \/>\n<meta name=\"twitter:label1\" content=\"\u00c9crit par\" \/>\n\t<meta name=\"twitter:data1\" content=\"CL\" \/>\n\t<meta name=\"twitter:label2\" content=\"Dur\u00e9e de lecture estim\u00e9e\" \/>\n\t<meta name=\"twitter:data2\" content=\"1 minute\" \/>\n<script type=\"application\/ld+json\" class=\"yoast-schema-graph\">{\"@context\":\"https:\\\/\\\/schema.org\",\"@graph\":[{\"@type\":\"NewsArticle\",\"@id\":\"https:\\\/\\\/www.webdo.tn\\\/fr\\\/actualite\\\/international\\\/le-hamas-menace-d-executer-des-otages-civils-en-cas-de-frappes-d-israel\\\/209204\\\/#article\",\"isPartOf\":{\"@id\":\"https:\\\/\\\/www.webdo.tn\\\/fr\\\/actualite\\\/international\\\/le-hamas-menace-d-executer-des-otages-civils-en-cas-de-frappes-d-israel\\\/209204\\\/\"},\"author\":{\"name\":\"CL\",\"@id\":\"https:\\\/\\\/www.webdo.tn\\\/fr\\\/#\\\/schema\\\/person\\\/f35b42a42c5e2511bbd282959d6385cc\"},\"headline\":\"Le Hamas menace d&rsquo;ex\u00e9cuter des otages civils en cas de frappes d&rsquo;Isra\u00ebl\",\"datePublished\":\"2023-10-09T18:28:00+00:00\",\"dateModified\":\"2025-05-20T22:52:00+00:00\",\"mainEntityOfPage\":{\"@id\":\"https:\\\/\\\/www.webdo.tn\\\/fr\\\/actualite\\\/international\\\/le-hamas-menace-d-executer-des-otages-civils-en-cas-de-frappes-d-israel\\\/209204\\\/\"},\"wordCount\":140,\"commentCount\":0,\"publisher\":{\"@id\":\"https:\\\/\\\/www.webdo.tn\\\/fr\\\/#organization\"},\"image\":{\"@id\":\"https:\\\/\\\/www.webdo.tn\\\/fr\\\/actualite\\\/international\\\/le-hamas-menace-d-executer-des-otages-civils-en-cas-de-frappes-d-israel\\\/209204\\\/#primaryimage\"},\"thumbnailUrl\":\"https:\\\/\\\/www.webdo.tn\\\/fr\\\/wp-content\\\/uploads\\\/2023\\\/10\\\/98b747733f2f72d643617bc75c0daa0e.jpg\",\"keywords\":[\"hamas\",\"otages\"],\"articleSection\":[\"International\"],\"inLanguage\":\"fr-FR\"},{\"@type\":\"WebPage\",\"@id\":\"https:\\\/\\\/www.webdo.tn\\\/fr\\\/actualite\\\/international\\\/le-hamas-menace-d-executer-des-otages-civils-en-cas-de-frappes-d-israel\\\/209204\\\/\",\"url\":\"https:\\\/\\\/www.webdo.tn\\\/fr\\\/actualite\\\/international\\\/le-hamas-menace-d-executer-des-otages-civils-en-cas-de-frappes-d-israel\\\/209204\\\/\",\"name\":\"Le Hamas menace d'ex\u00e9cuter des otages civils en cas de frappes d'Isra\u00ebl\",\"isPartOf\":{\"@id\":\"https:\\\/\\\/www.webdo.tn\\\/fr\\\/#website\"},\"primaryImageOfPage\":{\"@id\":\"https:\\\/\\\/www.webdo.tn\\\/fr\\\/actualite\\\/international\\\/le-hamas-menace-d-executer-des-otages-civils-en-cas-de-frappes-d-israel\\\/209204\\\/#primaryimage\"},\"image\":{\"@id\":\"https:\\\/\\\/www.webdo.tn\\\/fr\\\/actualite\\\/international\\\/le-hamas-menace-d-executer-des-otages-civils-en-cas-de-frappes-d-israel\\\/209204\\\/#primaryimage\"},\"thumbnailUrl\":\"https:\\\/\\\/www.webdo.tn\\\/fr\\\/wp-content\\\/uploads\\\/2023\\\/10\\\/98b747733f2f72d643617bc75c0daa0e.jpg\",\"datePublished\":\"2023-10-09T18:28:00+00:00\",\"dateModified\":\"2025-05-20T22:52:00+00:00\",\"description\":\"Le Hamas ex\u00e9cutera un otage civil \u00e0 chaque fois qu'Isra\u00ebl proc\u00e9dera \u00e0 une frappe a\u00e9rienne sans pr\u00e9avis sur des logements civils, a pr\u00e9venu lundi 9 octobre 2023...\",\"breadcrumb\":{\"@id\":\"https:\\\/\\\/www.webdo.tn\\\/fr\\\/actualite\\\/international\\\/le-hamas-menace-d-executer-des-otages-civils-en-cas-de-frappes-d-israel\\\/209204\\\/#breadcrumb\"},\"inLanguage\":\"fr-FR\",\"potentialAction\":[{\"@type\":\"ReadAction\",\"target\":[\"https:\\\/\\\/www.webdo.tn\\\/fr\\\/actualite\\\/international\\\/le-hamas-menace-d-executer-des-otages-civils-en-cas-de-frappes-d-israel\\\/209204\\\/\"]}]},{\"@type\":\"ImageObject\",\"inLanguage\":\"fr-FR\",\"@id\":\"https:\\\/\\\/www.webdo.tn\\\/fr\\\/actualite\\\/international\\\/le-hamas-menace-d-executer-des-otages-civils-en-cas-de-frappes-d-israel\\\/209204\\\/#primaryimage\",\"url\":\"https:\\\/\\\/www.webdo.tn\\\/fr\\\/wp-content\\\/uploads\\\/2023\\\/10\\\/98b747733f2f72d643617bc75c0daa0e.jpg\",\"contentUrl\":\"https:\\\/\\\/www.webdo.tn\\\/fr\\\/wp-content\\\/uploads\\\/2023\\\/10\\\/98b747733f2f72d643617bc75c0daa0e.jpg\",\"width\":750,\"height\":400,\"caption\":\"Le Hamas menace d'ex\u00e9cuter des otages civils en cas de frappes d'Isra\u00ebl\"},{\"@type\":\"BreadcrumbList\",\"@id\":\"https:\\\/\\\/www.webdo.tn\\\/fr\\\/actualite\\\/international\\\/le-hamas-menace-d-executer-des-otages-civils-en-cas-de-frappes-d-israel\\\/209204\\\/#breadcrumb\",\"itemListElement\":[{\"@type\":\"ListItem\",\"position\":1,\"name\":\"Accueil\",\"item\":\"https:\\\/\\\/www.webdo.tn\\\/fr\\\/\"},{\"@type\":\"ListItem\",\"position\":2,\"name\":\"Le Hamas menace d&rsquo;ex\u00e9cuter des otages civils en cas de frappes d&rsquo;Isra\u00ebl\"}]},{\"@type\":\"WebSite\",\"@id\":\"https:\\\/\\\/www.webdo.tn\\\/fr\\\/#website\",\"url\":\"https:\\\/\\\/www.webdo.tn\\\/fr\\\/\",\"name\":\"webdo\",\"description\":\"Tunisie - News en Tunisie et \u00e0 l&#039;international sur Webdo.tn\",\"publisher\":{\"@id\":\"https:\\\/\\\/www.webdo.tn\\\/fr\\\/#organization\"},\"potentialAction\":[{\"@type\":\"SearchAction\",\"target\":{\"@type\":\"EntryPoint\",\"urlTemplate\":\"https:\\\/\\\/www.webdo.tn\\\/fr\\\/?s={search_term_string}\"},\"query-input\":{\"@type\":\"PropertyValueSpecification\",\"valueRequired\":true,\"valueName\":\"search_term_string\"}}],\"inLanguage\":\"fr-FR\"},{\"@type\":\"Organization\",\"@id\":\"https:\\\/\\\/www.webdo.tn\\\/fr\\\/#organization\",\"name\":\"Webdo\",\"alternateName\":\"Webdo.tn\",\"url\":\"https:\\\/\\\/www.webdo.tn\\\/fr\\\/\",\"logo\":{\"@type\":\"ImageObject\",\"inLanguage\":\"fr-FR\",\"@id\":\"https:\\\/\\\/www.webdo.tn\\\/fr\\\/#\\\/schema\\\/logo\\\/image\\\/\",\"url\":\"https:\\\/\\\/www.webdo.tn\\\/fr\\\/wp-content\\\/uploads\\\/2025\\\/06\\\/Webdo-Tunisie_168377.jpg\",\"contentUrl\":\"https:\\\/\\\/www.webdo.tn\\\/fr\\\/wp-content\\\/uploads\\\/2025\\\/06\\\/Webdo-Tunisie_168377.jpg\",\"width\":301,\"height\":301,\"caption\":\"Webdo\"},\"image\":{\"@id\":\"https:\\\/\\\/www.webdo.tn\\\/fr\\\/#\\\/schema\\\/logo\\\/image\\\/\"},\"sameAs\":[\"https:\\\/\\\/www.facebook.com\\\/webdotn\",\"https:\\\/\\\/x.com\\\/webdo_tn\"],\"description\":\"Webdo est un m\u00e9dia num\u00e9rique tunisien fond\u00e9 en 2010, sp\u00e9cialis\u00e9 dans l\u2019actualit\u00e9 nationale et internationale, l\u2019\u00e9conomie, la soci\u00e9t\u00e9 et les analyses politiques. Le site s\u2019adresse \u00e0 un large public francophone et couvre l\u2019information tunisienne en temps r\u00e9el.\",\"email\":\"redac@webdo.tn\",\"legalName\":\"YNJ SARL\",\"foundingDate\":\"2010-09-06\",\"numberOfEmployees\":{\"@type\":\"QuantitativeValue\",\"minValue\":\"11\",\"maxValue\":\"50\"}},{\"@type\":\"Person\",\"@id\":\"https:\\\/\\\/www.webdo.tn\\\/fr\\\/#\\\/schema\\\/person\\\/f35b42a42c5e2511bbd282959d6385cc\",\"name\":\"CL\",\"image\":{\"@type\":\"ImageObject\",\"inLanguage\":\"fr-FR\",\"@id\":\"https:\\\/\\\/secure.gravatar.com\\\/avatar\\\/1447a49909b67aa657c488aec6512e1dd6143a480c1ecfee9b5b5cd74eb3b59e?s=96&d=mm&r=g\",\"url\":\"https:\\\/\\\/secure.gravatar.com\\\/avatar\\\/1447a49909b67aa657c488aec6512e1dd6143a480c1ecfee9b5b5cd74eb3b59e?s=96&d=mm&r=g\",\"contentUrl\":\"https:\\\/\\\/secure.gravatar.com\\\/avatar\\\/1447a49909b67aa657c488aec6512e1dd6143a480c1ecfee9b5b5cd74eb3b59e?s=96&d=mm&r=g\",\"caption\":\"CL\"},\"url\":\"https:\\\/\\\/www.webdo.tn\\\/fr\\\/actualite\\\/author\\\/cl\\\/\"}]}<\/script>\n<!-- \/ Yoast SEO Premium plugin. -->","yoast_head_json":{"title":"Le Hamas menace d'ex\u00e9cuter des otages civils en cas de frappes d'Isra\u00ebl","description":"Le Hamas ex\u00e9cutera un otage civil \u00e0 chaque fois qu'Isra\u00ebl proc\u00e9dera \u00e0 une frappe a\u00e9rienne sans pr\u00e9avis sur des logements civils, a pr\u00e9venu lundi 9 octobre 2023...","canonical":"https:\/\/www.webdo.tn\/fr\/actualite\/international\/le-hamas-menace-d-executer-des-otages-civils-en-cas-de-frappes-d-israel\/209204\/","og_locale":"fr_FR","og_type":"article","og_title":"Le Hamas menace d'ex\u00e9cuter des otages civils en cas de frappes d'Isra\u00ebl","og_description":"Le Hamas ex\u00e9cutera un otage civil \u00e0 chaque fois qu'Isra\u00ebl proc\u00e9dera \u00e0 une frappe a\u00e9rienne sans pr\u00e9avis sur des logements civils, a pr\u00e9venu lundi 9 octobre 2023...","og_url":"https:\/\/www.webdo.tn\/fr\/actualite\/international\/le-hamas-menace-d-executer-des-otages-civils-en-cas-de-frappes-d-israel\/209204\/","og_site_name":"webdo","article_publisher":"https:\/\/www.facebook.com\/webdotn","article_published_time":"2023-10-09T18:28:00+00:00","article_modified_time":"2025-05-20T22:52:00+00:00","og_image":[{"width":750,"height":400,"url":"https:\/\/www.webdo.tn\/fr\/wp-content\/uploads\/2023\/10\/98b747733f2f72d643617bc75c0daa0e.jpg","type":"image\/jpeg"}],"author":"CL","twitter_card":"summary_large_image","twitter_creator":"@webdo_tn","twitter_site":"@webdo_tn","twitter_misc":{"\u00c9crit par":"CL","Dur\u00e9e de lecture estim\u00e9e":"1 minute"},"schema":{"@context":"https:\/\/schema.org","@graph":[{"@type":"NewsArticle","@id":"https:\/\/www.webdo.tn\/fr\/actualite\/international\/le-hamas-menace-d-executer-des-otages-civils-en-cas-de-frappes-d-israel\/209204\/#article","isPartOf":{"@id":"https:\/\/www.webdo.tn\/fr\/actualite\/international\/le-hamas-menace-d-executer-des-otages-civils-en-cas-de-frappes-d-israel\/209204\/"},"author":{"name":"CL","@id":"https:\/\/www.webdo.tn\/fr\/#\/schema\/person\/f35b42a42c5e2511bbd282959d6385cc"},"headline":"Le Hamas menace d&rsquo;ex\u00e9cuter des otages civils en cas de frappes d&rsquo;Isra\u00ebl","datePublished":"2023-10-09T18:28:00+00:00","dateModified":"2025-05-20T22:52:00+00:00","mainEntityOfPage":{"@id":"https:\/\/www.webdo.tn\/fr\/actualite\/international\/le-hamas-menace-d-executer-des-otages-civils-en-cas-de-frappes-d-israel\/209204\/"},"wordCount":140,"commentCount":0,"publisher":{"@id":"https:\/\/www.webdo.tn\/fr\/#organization"},"image":{"@id":"https:\/\/www.webdo.tn\/fr\/actualite\/international\/le-hamas-menace-d-executer-des-otages-civils-en-cas-de-frappes-d-israel\/209204\/#primaryimage"},"thumbnailUrl":"https:\/\/www.webdo.tn\/fr\/wp-content\/uploads\/2023\/10\/98b747733f2f72d643617bc75c0daa0e.jpg","keywords":["hamas","otages"],"articleSection":["International"],"inLanguage":"fr-FR"},{"@type":"WebPage","@id":"https:\/\/www.webdo.tn\/fr\/actualite\/international\/le-hamas-menace-d-executer-des-otages-civils-en-cas-de-frappes-d-israel\/209204\/","url":"https:\/\/www.webdo.tn\/fr\/actualite\/international\/le-hamas-menace-d-executer-des-otages-civils-en-cas-de-frappes-d-israel\/209204\/","name":"Le Hamas menace d'ex\u00e9cuter des otages civils en cas de frappes d'Isra\u00ebl","isPartOf":{"@id":"https:\/\/www.webdo.tn\/fr\/#website"},"primaryImageOfPage":{"@id":"https:\/\/www.webdo.tn\/fr\/actualite\/international\/le-hamas-menace-d-executer-des-otages-civils-en-cas-de-frappes-d-israel\/209204\/#primaryimage"},"image":{"@id":"https:\/\/www.webdo.tn\/fr\/actualite\/international\/le-hamas-menace-d-executer-des-otages-civils-en-cas-de-frappes-d-israel\/209204\/#primaryimage"},"thumbnailUrl":"https:\/\/www.webdo.tn\/fr\/wp-content\/uploads\/2023\/10\/98b747733f2f72d643617bc75c0daa0e.jpg","datePublished":"2023-10-09T18:28:00+00:00","dateModified":"2025-05-20T22:52:00+00:00","description":"Le Hamas ex\u00e9cutera un otage civil \u00e0 chaque fois qu'Isra\u00ebl proc\u00e9dera \u00e0 une frappe a\u00e9rienne sans pr\u00e9avis sur des logements civils, a pr\u00e9venu lundi 9 octobre 2023...","breadcrumb":{"@id":"https:\/\/www.webdo.tn\/fr\/actualite\/international\/le-hamas-menace-d-executer-des-otages-civils-en-cas-de-frappes-d-israel\/209204\/#breadcrumb"},"inLanguage":"fr-FR","potentialAction":[{"@type":"ReadAction","target":["https:\/\/www.webdo.tn\/fr\/actualite\/international\/le-hamas-menace-d-executer-des-otages-civils-en-cas-de-frappes-d-israel\/209204\/"]}]},{"@type":"ImageObject","inLanguage":"fr-FR","@id":"https:\/\/www.webdo.tn\/fr\/actualite\/international\/le-hamas-menace-d-executer-des-otages-civils-en-cas-de-frappes-d-israel\/209204\/#primaryimage","url":"https:\/\/www.webdo.tn\/fr\/wp-content\/uploads\/2023\/10\/98b747733f2f72d643617bc75c0daa0e.jpg","contentUrl":"https:\/\/www.webdo.tn\/fr\/wp-content\/uploads\/2023\/10\/98b747733f2f72d643617bc75c0daa0e.jpg","width":750,"height":400,"caption":"Le Hamas menace d'ex\u00e9cuter des otages civils en cas de frappes d'Isra\u00ebl"},{"@type":"BreadcrumbList","@id":"https:\/\/www.webdo.tn\/fr\/actualite\/international\/le-hamas-menace-d-executer-des-otages-civils-en-cas-de-frappes-d-israel\/209204\/#breadcrumb","itemListElement":[{"@type":"ListItem","position":1,"name":"Accueil","item":"https:\/\/www.webdo.tn\/fr\/"},{"@type":"ListItem","position":2,"name":"Le Hamas menace d&rsquo;ex\u00e9cuter des otages civils en cas de frappes d&rsquo;Isra\u00ebl"}]},{"@type":"WebSite","@id":"https:\/\/www.webdo.tn\/fr\/#website","url":"https:\/\/www.webdo.tn\/fr\/","name":"webdo","description":"Tunisie - News en Tunisie et \u00e0 l&#039;international sur Webdo.tn","publisher":{"@id":"https:\/\/www.webdo.tn\/fr\/#organization"},"potentialAction":[{"@type":"SearchAction","target":{"@type":"EntryPoint","urlTemplate":"https:\/\/www.webdo.tn\/fr\/?s={search_term_string}"},"query-input":{"@type":"PropertyValueSpecification","valueRequired":true,"valueName":"search_term_string"}}],"inLanguage":"fr-FR"},{"@type":"Organization","@id":"https:\/\/www.webdo.tn\/fr\/#organization","name":"Webdo","alternateName":"Webdo.tn","url":"https:\/\/www.webdo.tn\/fr\/","logo":{"@type":"ImageObject","inLanguage":"fr-FR","@id":"https:\/\/www.webdo.tn\/fr\/#\/schema\/logo\/image\/","url":"https:\/\/www.webdo.tn\/fr\/wp-content\/uploads\/2025\/06\/Webdo-Tunisie_168377.jpg","contentUrl":"https:\/\/www.webdo.tn\/fr\/wp-content\/uploads\/2025\/06\/Webdo-Tunisie_168377.jpg","width":301,"height":301,"caption":"Webdo"},"image":{"@id":"https:\/\/www.webdo.tn\/fr\/#\/schema\/logo\/image\/"},"sameAs":["https:\/\/www.facebook.com\/webdotn","https:\/\/x.com\/webdo_tn"],"description":"Webdo est un m\u00e9dia num\u00e9rique tunisien fond\u00e9 en 2010, sp\u00e9cialis\u00e9 dans l\u2019actualit\u00e9 nationale et internationale, l\u2019\u00e9conomie, la soci\u00e9t\u00e9 et les analyses politiques. Le site s\u2019adresse \u00e0 un large public francophone et couvre l\u2019information tunisienne en temps r\u00e9el.","email":"redac@webdo.tn","legalName":"YNJ SARL","foundingDate":"2010-09-06","numberOfEmployees":{"@type":"QuantitativeValue","minValue":"11","maxValue":"50"}},{"@type":"Person","@id":"https:\/\/www.webdo.tn\/fr\/#\/schema\/person\/f35b42a42c5e2511bbd282959d6385cc","name":"CL","image":{"@type":"ImageObject","inLanguage":"fr-FR","@id":"https:\/\/secure.gravatar.com\/avatar\/1447a49909b67aa657c488aec6512e1dd6143a480c1ecfee9b5b5cd74eb3b59e?s=96&d=mm&r=g","url":"https:\/\/secure.gravatar.com\/avatar\/1447a49909b67aa657c488aec6512e1dd6143a480c1ecfee9b5b5cd74eb3b59e?s=96&d=mm&r=g","contentUrl":"https:\/\/secure.gravatar.com\/avatar\/1447a49909b67aa657c488aec6512e1dd6143a480c1ecfee9b5b5cd74eb3b59e?s=96&d=mm&r=g","caption":"CL"},"url":"https:\/\/www.webdo.tn\/fr\/actualite\/author\/cl\/"}]}},"_links":{"self":[{"href":"https:\/\/www.webdo.tn\/fr\/wp-json\/wp\/v2\/posts\/209204","targetHints":{"allow":["GET"]}}],"collection":[{"href":"https:\/\/www.webdo.tn\/fr\/wp-json\/wp\/v2\/posts"}],"about":[{"href":"https:\/\/www.webdo.tn\/fr\/wp-json\/wp\/v2\/types\/post"}],"author":[{"embeddable":true,"href":"https:\/\/www.webdo.tn\/fr\/wp-json\/wp\/v2\/users\/3175"}],"replies":[{"embeddable":true,"href":"https:\/\/www.webdo.tn\/fr\/wp-json\/wp\/v2\/comments?post=209204"}],"version-history":[{"count":0,"href":"https:\/\/www.webdo.tn\/fr\/wp-json\/wp\/v2\/posts\/209204\/revisions"}],"wp:featuredmedia":[{"embeddable":true,"href":"https:\/\/www.webdo.tn\/fr\/wp-json\/wp\/v2\/media\/278818"}],"wp:attachment":[{"href":"https:\/\/www.webdo.tn\/fr\/wp-json\/wp\/v2\/media?parent=209204"}],"wp:term":[{"taxonomy":"category","embeddable":true,"href":"https:\/\/www.webdo.tn\/fr\/wp-json\/wp\/v2\/categories?post=209204"},{"taxonomy":"post_tag","embeddable":true,"href":"https:\/\/www.webdo.tn\/fr\/wp-json\/wp\/v2\/tags?post=209204"}],"curies":[{"name":"wp","href":"https:\/\/api.w.org\/{rel}","templated":true}]}}