{"id":209203,"date":"2023-10-09T17:48:00","date_gmt":"2023-10-09T17:48:00","guid":{"rendered":"https:\/\/www.webdo.tn\/fr\/blog\/la-tunisie-premier-pays-a-annoncer-des-aides-en-faveur-de-la-palestine\/209203\/"},"modified":"2025-05-20T22:52:00","modified_gmt":"2025-05-20T22:52:00","slug":"la-tunisie-premier-pays-a-annoncer-des-aides-en-faveur-de-la-palestine","status":"publish","type":"post","link":"https:\/\/www.webdo.tn\/fr\/actualite\/national\/la-tunisie-premier-pays-a-annoncer-des-aides-en-faveur-de-la-palestine\/209203\/","title":{"rendered":"La Tunisie, premier pays \u00e0 annoncer des aides en faveur de la Palestine"},"content":{"rendered":"<p>Dans un communiqu\u00e9 rendu public ce lundi 9 octobre 2023, la pr\u00e9sidence de la R\u00e9publique a annonc\u00e9 que le chef de l\u2019Etat a pr\u00e9sid\u00e9 une importante r\u00e9union pour revenir sur la situation en Palestine.<\/p>\n<p>Il a annonc\u00e9 que la Tunisie coordonne les efforts avec les parties palestiniennes, dont le croissant rouge palestinien, pour envoyer des aides en Palestine. \u00a0<\/p>\n<p>Dans ce sens, la Tunisie propose d&rsquo;accueillir des bless\u00e9s et d&rsquo;envoyer des m\u00e9decins en Palestine, outre l\u2019envoi de g\u00e9n\u00e9rateurs \u00e9lectriques.<\/p>\n","protected":false},"excerpt":{"rendered":"<p>Dans un communiqu\u00e9 rendu public ce lundi 9 octobre 2023, la pr\u00e9sidence de la R\u00e9publique a annonc\u00e9 que le chef de l\u2019Etat a pr\u00e9sid\u00e9 une importante r\u00e9union pour re&#8230;<\/p>\n","protected":false},"author":3175,"featured_media":278816,"comment_status":"open","ping_status":"closed","sticky":false,"template":"","format":"standard","meta":{"footnotes":""},"categories":[44],"tags":[7198,2688,2608],"class_list":["post-209203","post","type-post","status-publish","format-standard","has-post-thumbnail","hentry","category-national","tag-aides","tag-palestine","tag-tunisie"],"yoast_head":"<!-- This site is optimized with the Yoast SEO Premium plugin v27.5 (Yoast SEO v27.5) - https:\/\/yoast.com\/product\/yoast-seo-premium-wordpress\/ -->\n<title>La Tunisie, premier pays \u00e0 annoncer des aides en faveur de la Palestine<\/title>\n<meta name=\"description\" content=\"Dans un communiqu\u00e9 rendu public ce lundi 9 octobre 2023, la pr\u00e9sidence de la R\u00e9publique a annonc\u00e9 que le chef de l\u2019Etat a pr\u00e9sid\u00e9 une importante r\u00e9union pour re...\" \/>\n<link rel=\"canonical\" href=\"https:\/\/www.webdo.tn\/fr\/actualite\/national\/la-tunisie-premier-pays-a-annoncer-des-aides-en-faveur-de-la-palestine\/209203\/\" \/>\n<meta property=\"og:locale\" content=\"fr_FR\" \/>\n<meta property=\"og:type\" content=\"article\" \/>\n<meta property=\"og:title\" content=\"La Tunisie, premier pays \u00e0 annoncer des aides en faveur de la Palestine\" \/>\n<meta property=\"og:description\" content=\"Dans un communiqu\u00e9 rendu public ce lundi 9 octobre 2023, la pr\u00e9sidence de la R\u00e9publique a annonc\u00e9 que le chef de l\u2019Etat a pr\u00e9sid\u00e9 une importante r\u00e9union pour re...\" \/>\n<meta property=\"og:url\" content=\"https:\/\/www.webdo.tn\/fr\/actualite\/national\/la-tunisie-premier-pays-a-annoncer-des-aides-en-faveur-de-la-palestine\/209203\/\" \/>\n<meta property=\"og:site_name\" content=\"webdo\" \/>\n<meta property=\"article:publisher\" content=\"https:\/\/www.facebook.com\/webdotn\" \/>\n<meta property=\"article:published_time\" content=\"2023-10-09T17:48:00+00:00\" \/>\n<meta property=\"article:modified_time\" content=\"2025-05-20T22:52:00+00:00\" \/>\n<meta property=\"og:image\" content=\"https:\/\/www.webdo.tn\/fr\/wp-content\/uploads\/2023\/10\/7d64335de3617b0e762425a91299c822.jpg\" \/>\n\t<meta property=\"og:image:width\" content=\"750\" \/>\n\t<meta property=\"og:image:height\" content=\"400\" \/>\n\t<meta property=\"og:image:type\" content=\"image\/jpeg\" \/>\n<meta name=\"author\" content=\"CL\" \/>\n<meta name=\"twitter:card\" content=\"summary_large_image\" \/>\n<meta name=\"twitter:creator\" content=\"@webdo_tn\" \/>\n<meta name=\"twitter:site\" content=\"@webdo_tn\" \/>\n<meta name=\"twitter:label1\" content=\"\u00c9crit par\" \/>\n\t<meta name=\"twitter:data1\" content=\"CL\" \/>\n<script type=\"application\/ld+json\" class=\"yoast-schema-graph\">{\"@context\":\"https:\\\/\\\/schema.org\",\"@graph\":[{\"@type\":\"NewsArticle\",\"@id\":\"https:\\\/\\\/www.webdo.tn\\\/fr\\\/actualite\\\/national\\\/la-tunisie-premier-pays-a-annoncer-des-aides-en-faveur-de-la-palestine\\\/209203\\\/#article\",\"isPartOf\":{\"@id\":\"https:\\\/\\\/www.webdo.tn\\\/fr\\\/actualite\\\/national\\\/la-tunisie-premier-pays-a-annoncer-des-aides-en-faveur-de-la-palestine\\\/209203\\\/\"},\"author\":{\"name\":\"CL\",\"@id\":\"https:\\\/\\\/www.webdo.tn\\\/fr\\\/#\\\/schema\\\/person\\\/f35b42a42c5e2511bbd282959d6385cc\"},\"headline\":\"La Tunisie, premier pays \u00e0 annoncer des aides en faveur de la Palestine\",\"datePublished\":\"2023-10-09T17:48:00+00:00\",\"dateModified\":\"2025-05-20T22:52:00+00:00\",\"mainEntityOfPage\":{\"@id\":\"https:\\\/\\\/www.webdo.tn\\\/fr\\\/actualite\\\/national\\\/la-tunisie-premier-pays-a-annoncer-des-aides-en-faveur-de-la-palestine\\\/209203\\\/\"},\"wordCount\":100,\"commentCount\":0,\"publisher\":{\"@id\":\"https:\\\/\\\/www.webdo.tn\\\/fr\\\/#organization\"},\"image\":{\"@id\":\"https:\\\/\\\/www.webdo.tn\\\/fr\\\/actualite\\\/national\\\/la-tunisie-premier-pays-a-annoncer-des-aides-en-faveur-de-la-palestine\\\/209203\\\/#primaryimage\"},\"thumbnailUrl\":\"https:\\\/\\\/www.webdo.tn\\\/fr\\\/wp-content\\\/uploads\\\/2023\\\/10\\\/7d64335de3617b0e762425a91299c822.jpg\",\"keywords\":[\"Aides\",\"Palestine\",\"Tunisie\"],\"articleSection\":[\"National\"],\"inLanguage\":\"fr-FR\"},{\"@type\":\"WebPage\",\"@id\":\"https:\\\/\\\/www.webdo.tn\\\/fr\\\/actualite\\\/national\\\/la-tunisie-premier-pays-a-annoncer-des-aides-en-faveur-de-la-palestine\\\/209203\\\/\",\"url\":\"https:\\\/\\\/www.webdo.tn\\\/fr\\\/actualite\\\/national\\\/la-tunisie-premier-pays-a-annoncer-des-aides-en-faveur-de-la-palestine\\\/209203\\\/\",\"name\":\"La Tunisie, premier pays \u00e0 annoncer des aides en faveur de la Palestine\",\"isPartOf\":{\"@id\":\"https:\\\/\\\/www.webdo.tn\\\/fr\\\/#website\"},\"primaryImageOfPage\":{\"@id\":\"https:\\\/\\\/www.webdo.tn\\\/fr\\\/actualite\\\/national\\\/la-tunisie-premier-pays-a-annoncer-des-aides-en-faveur-de-la-palestine\\\/209203\\\/#primaryimage\"},\"image\":{\"@id\":\"https:\\\/\\\/www.webdo.tn\\\/fr\\\/actualite\\\/national\\\/la-tunisie-premier-pays-a-annoncer-des-aides-en-faveur-de-la-palestine\\\/209203\\\/#primaryimage\"},\"thumbnailUrl\":\"https:\\\/\\\/www.webdo.tn\\\/fr\\\/wp-content\\\/uploads\\\/2023\\\/10\\\/7d64335de3617b0e762425a91299c822.jpg\",\"datePublished\":\"2023-10-09T17:48:00+00:00\",\"dateModified\":\"2025-05-20T22:52:00+00:00\",\"description\":\"Dans un communiqu\u00e9 rendu public ce lundi 9 octobre 2023, la pr\u00e9sidence de la R\u00e9publique a annonc\u00e9 que le chef de l\u2019Etat a pr\u00e9sid\u00e9 une importante r\u00e9union pour re...\",\"breadcrumb\":{\"@id\":\"https:\\\/\\\/www.webdo.tn\\\/fr\\\/actualite\\\/national\\\/la-tunisie-premier-pays-a-annoncer-des-aides-en-faveur-de-la-palestine\\\/209203\\\/#breadcrumb\"},\"inLanguage\":\"fr-FR\",\"potentialAction\":[{\"@type\":\"ReadAction\",\"target\":[\"https:\\\/\\\/www.webdo.tn\\\/fr\\\/actualite\\\/national\\\/la-tunisie-premier-pays-a-annoncer-des-aides-en-faveur-de-la-palestine\\\/209203\\\/\"]}]},{\"@type\":\"ImageObject\",\"inLanguage\":\"fr-FR\",\"@id\":\"https:\\\/\\\/www.webdo.tn\\\/fr\\\/actualite\\\/national\\\/la-tunisie-premier-pays-a-annoncer-des-aides-en-faveur-de-la-palestine\\\/209203\\\/#primaryimage\",\"url\":\"https:\\\/\\\/www.webdo.tn\\\/fr\\\/wp-content\\\/uploads\\\/2023\\\/10\\\/7d64335de3617b0e762425a91299c822.jpg\",\"contentUrl\":\"https:\\\/\\\/www.webdo.tn\\\/fr\\\/wp-content\\\/uploads\\\/2023\\\/10\\\/7d64335de3617b0e762425a91299c822.jpg\",\"width\":750,\"height\":400,\"caption\":\"La Tunisie, premier pays \u00e0 annoncer des aides en faveur de la Palestine\"},{\"@type\":\"BreadcrumbList\",\"@id\":\"https:\\\/\\\/www.webdo.tn\\\/fr\\\/actualite\\\/national\\\/la-tunisie-premier-pays-a-annoncer-des-aides-en-faveur-de-la-palestine\\\/209203\\\/#breadcrumb\",\"itemListElement\":[{\"@type\":\"ListItem\",\"position\":1,\"name\":\"Accueil\",\"item\":\"https:\\\/\\\/www.webdo.tn\\\/fr\\\/\"},{\"@type\":\"ListItem\",\"position\":2,\"name\":\"La Tunisie, premier pays \u00e0 annoncer des aides en faveur de la Palestine\"}]},{\"@type\":\"WebSite\",\"@id\":\"https:\\\/\\\/www.webdo.tn\\\/fr\\\/#website\",\"url\":\"https:\\\/\\\/www.webdo.tn\\\/fr\\\/\",\"name\":\"webdo\",\"description\":\"Tunisie - News en Tunisie et \u00e0 l&#039;international sur Webdo.tn\",\"publisher\":{\"@id\":\"https:\\\/\\\/www.webdo.tn\\\/fr\\\/#organization\"},\"potentialAction\":[{\"@type\":\"SearchAction\",\"target\":{\"@type\":\"EntryPoint\",\"urlTemplate\":\"https:\\\/\\\/www.webdo.tn\\\/fr\\\/?s={search_term_string}\"},\"query-input\":{\"@type\":\"PropertyValueSpecification\",\"valueRequired\":true,\"valueName\":\"search_term_string\"}}],\"inLanguage\":\"fr-FR\"},{\"@type\":\"Organization\",\"@id\":\"https:\\\/\\\/www.webdo.tn\\\/fr\\\/#organization\",\"name\":\"Webdo\",\"alternateName\":\"Webdo.tn\",\"url\":\"https:\\\/\\\/www.webdo.tn\\\/fr\\\/\",\"logo\":{\"@type\":\"ImageObject\",\"inLanguage\":\"fr-FR\",\"@id\":\"https:\\\/\\\/www.webdo.tn\\\/fr\\\/#\\\/schema\\\/logo\\\/image\\\/\",\"url\":\"https:\\\/\\\/www.webdo.tn\\\/fr\\\/wp-content\\\/uploads\\\/2025\\\/06\\\/Webdo-Tunisie_168377.jpg\",\"contentUrl\":\"https:\\\/\\\/www.webdo.tn\\\/fr\\\/wp-content\\\/uploads\\\/2025\\\/06\\\/Webdo-Tunisie_168377.jpg\",\"width\":301,\"height\":301,\"caption\":\"Webdo\"},\"image\":{\"@id\":\"https:\\\/\\\/www.webdo.tn\\\/fr\\\/#\\\/schema\\\/logo\\\/image\\\/\"},\"sameAs\":[\"https:\\\/\\\/www.facebook.com\\\/webdotn\",\"https:\\\/\\\/x.com\\\/webdo_tn\"],\"description\":\"Webdo est un m\u00e9dia num\u00e9rique tunisien fond\u00e9 en 2010, sp\u00e9cialis\u00e9 dans l\u2019actualit\u00e9 nationale et internationale, l\u2019\u00e9conomie, la soci\u00e9t\u00e9 et les analyses politiques. Le site s\u2019adresse \u00e0 un large public francophone et couvre l\u2019information tunisienne en temps r\u00e9el.\",\"email\":\"redac@webdo.tn\",\"legalName\":\"YNJ SARL\",\"foundingDate\":\"2010-09-06\",\"numberOfEmployees\":{\"@type\":\"QuantitativeValue\",\"minValue\":\"11\",\"maxValue\":\"50\"}},{\"@type\":\"Person\",\"@id\":\"https:\\\/\\\/www.webdo.tn\\\/fr\\\/#\\\/schema\\\/person\\\/f35b42a42c5e2511bbd282959d6385cc\",\"name\":\"CL\",\"image\":{\"@type\":\"ImageObject\",\"inLanguage\":\"fr-FR\",\"@id\":\"https:\\\/\\\/secure.gravatar.com\\\/avatar\\\/1447a49909b67aa657c488aec6512e1dd6143a480c1ecfee9b5b5cd74eb3b59e?s=96&d=mm&r=g\",\"url\":\"https:\\\/\\\/secure.gravatar.com\\\/avatar\\\/1447a49909b67aa657c488aec6512e1dd6143a480c1ecfee9b5b5cd74eb3b59e?s=96&d=mm&r=g\",\"contentUrl\":\"https:\\\/\\\/secure.gravatar.com\\\/avatar\\\/1447a49909b67aa657c488aec6512e1dd6143a480c1ecfee9b5b5cd74eb3b59e?s=96&d=mm&r=g\",\"caption\":\"CL\"},\"url\":\"https:\\\/\\\/www.webdo.tn\\\/fr\\\/actualite\\\/author\\\/cl\\\/\"}]}<\/script>\n<!-- \/ Yoast SEO Premium plugin. -->","yoast_head_json":{"title":"La Tunisie, premier pays \u00e0 annoncer des aides en faveur de la Palestine","description":"Dans un communiqu\u00e9 rendu public ce lundi 9 octobre 2023, la pr\u00e9sidence de la R\u00e9publique a annonc\u00e9 que le chef de l\u2019Etat a pr\u00e9sid\u00e9 une importante r\u00e9union pour re...","canonical":"https:\/\/www.webdo.tn\/fr\/actualite\/national\/la-tunisie-premier-pays-a-annoncer-des-aides-en-faveur-de-la-palestine\/209203\/","og_locale":"fr_FR","og_type":"article","og_title":"La Tunisie, premier pays \u00e0 annoncer des aides en faveur de la Palestine","og_description":"Dans un communiqu\u00e9 rendu public ce lundi 9 octobre 2023, la pr\u00e9sidence de la R\u00e9publique a annonc\u00e9 que le chef de l\u2019Etat a pr\u00e9sid\u00e9 une importante r\u00e9union pour re...","og_url":"https:\/\/www.webdo.tn\/fr\/actualite\/national\/la-tunisie-premier-pays-a-annoncer-des-aides-en-faveur-de-la-palestine\/209203\/","og_site_name":"webdo","article_publisher":"https:\/\/www.facebook.com\/webdotn","article_published_time":"2023-10-09T17:48:00+00:00","article_modified_time":"2025-05-20T22:52:00+00:00","og_image":[{"width":750,"height":400,"url":"https:\/\/www.webdo.tn\/fr\/wp-content\/uploads\/2023\/10\/7d64335de3617b0e762425a91299c822.jpg","type":"image\/jpeg"}],"author":"CL","twitter_card":"summary_large_image","twitter_creator":"@webdo_tn","twitter_site":"@webdo_tn","twitter_misc":{"\u00c9crit par":"CL"},"schema":{"@context":"https:\/\/schema.org","@graph":[{"@type":"NewsArticle","@id":"https:\/\/www.webdo.tn\/fr\/actualite\/national\/la-tunisie-premier-pays-a-annoncer-des-aides-en-faveur-de-la-palestine\/209203\/#article","isPartOf":{"@id":"https:\/\/www.webdo.tn\/fr\/actualite\/national\/la-tunisie-premier-pays-a-annoncer-des-aides-en-faveur-de-la-palestine\/209203\/"},"author":{"name":"CL","@id":"https:\/\/www.webdo.tn\/fr\/#\/schema\/person\/f35b42a42c5e2511bbd282959d6385cc"},"headline":"La Tunisie, premier pays \u00e0 annoncer des aides en faveur de la Palestine","datePublished":"2023-10-09T17:48:00+00:00","dateModified":"2025-05-20T22:52:00+00:00","mainEntityOfPage":{"@id":"https:\/\/www.webdo.tn\/fr\/actualite\/national\/la-tunisie-premier-pays-a-annoncer-des-aides-en-faveur-de-la-palestine\/209203\/"},"wordCount":100,"commentCount":0,"publisher":{"@id":"https:\/\/www.webdo.tn\/fr\/#organization"},"image":{"@id":"https:\/\/www.webdo.tn\/fr\/actualite\/national\/la-tunisie-premier-pays-a-annoncer-des-aides-en-faveur-de-la-palestine\/209203\/#primaryimage"},"thumbnailUrl":"https:\/\/www.webdo.tn\/fr\/wp-content\/uploads\/2023\/10\/7d64335de3617b0e762425a91299c822.jpg","keywords":["Aides","Palestine","Tunisie"],"articleSection":["National"],"inLanguage":"fr-FR"},{"@type":"WebPage","@id":"https:\/\/www.webdo.tn\/fr\/actualite\/national\/la-tunisie-premier-pays-a-annoncer-des-aides-en-faveur-de-la-palestine\/209203\/","url":"https:\/\/www.webdo.tn\/fr\/actualite\/national\/la-tunisie-premier-pays-a-annoncer-des-aides-en-faveur-de-la-palestine\/209203\/","name":"La Tunisie, premier pays \u00e0 annoncer des aides en faveur de la Palestine","isPartOf":{"@id":"https:\/\/www.webdo.tn\/fr\/#website"},"primaryImageOfPage":{"@id":"https:\/\/www.webdo.tn\/fr\/actualite\/national\/la-tunisie-premier-pays-a-annoncer-des-aides-en-faveur-de-la-palestine\/209203\/#primaryimage"},"image":{"@id":"https:\/\/www.webdo.tn\/fr\/actualite\/national\/la-tunisie-premier-pays-a-annoncer-des-aides-en-faveur-de-la-palestine\/209203\/#primaryimage"},"thumbnailUrl":"https:\/\/www.webdo.tn\/fr\/wp-content\/uploads\/2023\/10\/7d64335de3617b0e762425a91299c822.jpg","datePublished":"2023-10-09T17:48:00+00:00","dateModified":"2025-05-20T22:52:00+00:00","description":"Dans un communiqu\u00e9 rendu public ce lundi 9 octobre 2023, la pr\u00e9sidence de la R\u00e9publique a annonc\u00e9 que le chef de l\u2019Etat a pr\u00e9sid\u00e9 une importante r\u00e9union pour re...","breadcrumb":{"@id":"https:\/\/www.webdo.tn\/fr\/actualite\/national\/la-tunisie-premier-pays-a-annoncer-des-aides-en-faveur-de-la-palestine\/209203\/#breadcrumb"},"inLanguage":"fr-FR","potentialAction":[{"@type":"ReadAction","target":["https:\/\/www.webdo.tn\/fr\/actualite\/national\/la-tunisie-premier-pays-a-annoncer-des-aides-en-faveur-de-la-palestine\/209203\/"]}]},{"@type":"ImageObject","inLanguage":"fr-FR","@id":"https:\/\/www.webdo.tn\/fr\/actualite\/national\/la-tunisie-premier-pays-a-annoncer-des-aides-en-faveur-de-la-palestine\/209203\/#primaryimage","url":"https:\/\/www.webdo.tn\/fr\/wp-content\/uploads\/2023\/10\/7d64335de3617b0e762425a91299c822.jpg","contentUrl":"https:\/\/www.webdo.tn\/fr\/wp-content\/uploads\/2023\/10\/7d64335de3617b0e762425a91299c822.jpg","width":750,"height":400,"caption":"La Tunisie, premier pays \u00e0 annoncer des aides en faveur de la Palestine"},{"@type":"BreadcrumbList","@id":"https:\/\/www.webdo.tn\/fr\/actualite\/national\/la-tunisie-premier-pays-a-annoncer-des-aides-en-faveur-de-la-palestine\/209203\/#breadcrumb","itemListElement":[{"@type":"ListItem","position":1,"name":"Accueil","item":"https:\/\/www.webdo.tn\/fr\/"},{"@type":"ListItem","position":2,"name":"La Tunisie, premier pays \u00e0 annoncer des aides en faveur de la Palestine"}]},{"@type":"WebSite","@id":"https:\/\/www.webdo.tn\/fr\/#website","url":"https:\/\/www.webdo.tn\/fr\/","name":"webdo","description":"Tunisie - News en Tunisie et \u00e0 l&#039;international sur Webdo.tn","publisher":{"@id":"https:\/\/www.webdo.tn\/fr\/#organization"},"potentialAction":[{"@type":"SearchAction","target":{"@type":"EntryPoint","urlTemplate":"https:\/\/www.webdo.tn\/fr\/?s={search_term_string}"},"query-input":{"@type":"PropertyValueSpecification","valueRequired":true,"valueName":"search_term_string"}}],"inLanguage":"fr-FR"},{"@type":"Organization","@id":"https:\/\/www.webdo.tn\/fr\/#organization","name":"Webdo","alternateName":"Webdo.tn","url":"https:\/\/www.webdo.tn\/fr\/","logo":{"@type":"ImageObject","inLanguage":"fr-FR","@id":"https:\/\/www.webdo.tn\/fr\/#\/schema\/logo\/image\/","url":"https:\/\/www.webdo.tn\/fr\/wp-content\/uploads\/2025\/06\/Webdo-Tunisie_168377.jpg","contentUrl":"https:\/\/www.webdo.tn\/fr\/wp-content\/uploads\/2025\/06\/Webdo-Tunisie_168377.jpg","width":301,"height":301,"caption":"Webdo"},"image":{"@id":"https:\/\/www.webdo.tn\/fr\/#\/schema\/logo\/image\/"},"sameAs":["https:\/\/www.facebook.com\/webdotn","https:\/\/x.com\/webdo_tn"],"description":"Webdo est un m\u00e9dia num\u00e9rique tunisien fond\u00e9 en 2010, sp\u00e9cialis\u00e9 dans l\u2019actualit\u00e9 nationale et internationale, l\u2019\u00e9conomie, la soci\u00e9t\u00e9 et les analyses politiques. Le site s\u2019adresse \u00e0 un large public francophone et couvre l\u2019information tunisienne en temps r\u00e9el.","email":"redac@webdo.tn","legalName":"YNJ SARL","foundingDate":"2010-09-06","numberOfEmployees":{"@type":"QuantitativeValue","minValue":"11","maxValue":"50"}},{"@type":"Person","@id":"https:\/\/www.webdo.tn\/fr\/#\/schema\/person\/f35b42a42c5e2511bbd282959d6385cc","name":"CL","image":{"@type":"ImageObject","inLanguage":"fr-FR","@id":"https:\/\/secure.gravatar.com\/avatar\/1447a49909b67aa657c488aec6512e1dd6143a480c1ecfee9b5b5cd74eb3b59e?s=96&d=mm&r=g","url":"https:\/\/secure.gravatar.com\/avatar\/1447a49909b67aa657c488aec6512e1dd6143a480c1ecfee9b5b5cd74eb3b59e?s=96&d=mm&r=g","contentUrl":"https:\/\/secure.gravatar.com\/avatar\/1447a49909b67aa657c488aec6512e1dd6143a480c1ecfee9b5b5cd74eb3b59e?s=96&d=mm&r=g","caption":"CL"},"url":"https:\/\/www.webdo.tn\/fr\/actualite\/author\/cl\/"}]}},"_links":{"self":[{"href":"https:\/\/www.webdo.tn\/fr\/wp-json\/wp\/v2\/posts\/209203","targetHints":{"allow":["GET"]}}],"collection":[{"href":"https:\/\/www.webdo.tn\/fr\/wp-json\/wp\/v2\/posts"}],"about":[{"href":"https:\/\/www.webdo.tn\/fr\/wp-json\/wp\/v2\/types\/post"}],"author":[{"embeddable":true,"href":"https:\/\/www.webdo.tn\/fr\/wp-json\/wp\/v2\/users\/3175"}],"replies":[{"embeddable":true,"href":"https:\/\/www.webdo.tn\/fr\/wp-json\/wp\/v2\/comments?post=209203"}],"version-history":[{"count":0,"href":"https:\/\/www.webdo.tn\/fr\/wp-json\/wp\/v2\/posts\/209203\/revisions"}],"wp:featuredmedia":[{"embeddable":true,"href":"https:\/\/www.webdo.tn\/fr\/wp-json\/wp\/v2\/media\/278816"}],"wp:attachment":[{"href":"https:\/\/www.webdo.tn\/fr\/wp-json\/wp\/v2\/media?parent=209203"}],"wp:term":[{"taxonomy":"category","embeddable":true,"href":"https:\/\/www.webdo.tn\/fr\/wp-json\/wp\/v2\/categories?post=209203"},{"taxonomy":"post_tag","embeddable":true,"href":"https:\/\/www.webdo.tn\/fr\/wp-json\/wp\/v2\/tags?post=209203"}],"curies":[{"name":"wp","href":"https:\/\/api.w.org\/{rel}","templated":true}]}}