{"id":209191,"date":"2023-10-09T10:40:00","date_gmt":"2023-10-09T10:40:00","guid":{"rendered":"https:\/\/www.webdo.tn\/fr\/blog\/dhia-khaled-nouvel-ambassadeur-de-tunisie-a-paris\/209191\/"},"modified":"2025-05-20T21:56:58","modified_gmt":"2025-05-20T21:56:58","slug":"dhia-khaled-nouvel-ambassadeur-de-tunisie-a-paris","status":"publish","type":"post","link":"https:\/\/www.webdo.tn\/fr\/actualite\/national\/dhia-khaled-nouvel-ambassadeur-de-tunisie-a-paris\/209191\/","title":{"rendered":"Dhia Khaled, nouvel ambassadeur de Tunisie \u00e0 Paris ?"},"content":{"rendered":"<p>Dhia Khaled serait le successeur de Mohamed Karim Jamoussi en tant qu\u2019ambassadeur de Tunisie en France.<\/p>\n<p>\t\t\t\t\t\t\t\t\tIl aurait \u00e9t\u00e9 nomm\u00e9 ambassadeur \u00e0 Paris, en remplacement de Mohamed Karim Jamoussi, rapporte, ce lundi 9 octobre 2023, Mosa\u00efque fm en attendant la confirmation du minist\u00e8re des Affaires \u00e9trang\u00e8res, de la migration et des Tunisiens \u00e0 l\u2019\u00e9tranger.<\/p>\n<p>Dhia Khaled a occup\u00e9, par le pass\u00e9, les postes d\u2019ambassadeur de Tunisie \u00e0 P\u00e9kin et de directeur g\u00e9n\u00e9ral, charg\u00e9 du continent am\u00e9ricain et de l\u2019Asie aupr\u00e8s du minist\u00e8re des Affaires \u00e9trang\u00e8res.<\/p>\n<p>Rappelons que Mohamed Karim Jamoussi a \u00e9t\u00e9 d\u00e9mis de ses fonctions au cours de la semaine \u00e9coul\u00e9e, trois ans apr\u00e8s sa nomination. Le consul g\u00e9n\u00e9ral \u00e0 Paris, Ridha Gharsellaoui a \u00e9galement \u00e9t\u00e9 limog\u00e9 la semaine derni\u00e8re.<\/p>\n<p>D\u2019un autre c\u00f4t\u00e9, Mourad Bourahla, ancien ambassaderu de Tunisie en Suisse aurait \u00e9t\u00e9 nomm\u00e9 ambassadeur de Tunisie \u00e0 Rome, ajoute Mosa\u00efque fm.<\/p>\n","protected":false},"excerpt":{"rendered":"<p>Dhia Khaled serait le nouvel ambassadeur de Tunisie en France.<\/p>\n","protected":false},"author":3162,"featured_media":249123,"comment_status":"open","ping_status":"closed","sticky":false,"template":"","format":"standard","meta":{"footnotes":""},"categories":[44],"tags":[3999,7783,2998,2608],"class_list":["post-209191","post","type-post","status-publish","format-standard","has-post-thumbnail","hentry","category-national","tag-ambassadeur","tag-dhia-khaled","tag-france","tag-tunisie"],"yoast_head":"<!-- This site is optimized with the Yoast SEO Premium plugin v27.5 (Yoast SEO v27.5) - https:\/\/yoast.com\/product\/yoast-seo-premium-wordpress\/ -->\n<title>Dhia Khaled, nouvel ambassadeur de Tunisie \u00e0 Paris ?<\/title>\n<meta name=\"description\" content=\"Dhia Khaled serait le nouvel ambassadeur de Tunisie en France.\" \/>\n<link rel=\"canonical\" href=\"https:\/\/www.webdo.tn\/fr\/actualite\/national\/dhia-khaled-nouvel-ambassadeur-de-tunisie-a-paris\/209191\/\" \/>\n<meta property=\"og:locale\" content=\"fr_FR\" \/>\n<meta property=\"og:type\" content=\"article\" \/>\n<meta property=\"og:title\" content=\"Dhia Khaled, nouvel ambassadeur de Tunisie \u00e0 Paris ?\" \/>\n<meta property=\"og:description\" content=\"Dhia Khaled serait le nouvel ambassadeur de Tunisie en France.\" \/>\n<meta property=\"og:url\" content=\"https:\/\/www.webdo.tn\/fr\/actualite\/national\/dhia-khaled-nouvel-ambassadeur-de-tunisie-a-paris\/209191\/\" \/>\n<meta property=\"og:site_name\" content=\"webdo\" \/>\n<meta property=\"article:publisher\" content=\"https:\/\/www.facebook.com\/webdotn\" \/>\n<meta property=\"article:published_time\" content=\"2023-10-09T10:40:00+00:00\" \/>\n<meta property=\"article:modified_time\" content=\"2025-05-20T21:56:58+00:00\" \/>\n<meta property=\"og:image\" content=\"https:\/\/www.webdo.tn\/fr\/wp-content\/uploads\/2023\/10\/fa47da766a214deed4450bf84c13b2c8.jpg\" \/>\n\t<meta property=\"og:image:width\" content=\"720\" \/>\n\t<meta property=\"og:image:height\" content=\"384\" \/>\n\t<meta property=\"og:image:type\" content=\"image\/jpeg\" \/>\n<meta name=\"author\" content=\"MC\" \/>\n<meta name=\"twitter:card\" content=\"summary_large_image\" \/>\n<meta name=\"twitter:creator\" content=\"@webdo_tn\" \/>\n<meta name=\"twitter:site\" content=\"@webdo_tn\" \/>\n<meta name=\"twitter:label1\" content=\"\u00c9crit par\" \/>\n\t<meta name=\"twitter:data1\" content=\"MC\" \/>\n\t<meta name=\"twitter:label2\" content=\"Dur\u00e9e de lecture estim\u00e9e\" \/>\n\t<meta name=\"twitter:data2\" content=\"1 minute\" \/>\n<script type=\"application\/ld+json\" class=\"yoast-schema-graph\">{\"@context\":\"https:\\\/\\\/schema.org\",\"@graph\":[{\"@type\":\"NewsArticle\",\"@id\":\"https:\\\/\\\/www.webdo.tn\\\/fr\\\/actualite\\\/national\\\/dhia-khaled-nouvel-ambassadeur-de-tunisie-a-paris\\\/209191\\\/#article\",\"isPartOf\":{\"@id\":\"https:\\\/\\\/www.webdo.tn\\\/fr\\\/actualite\\\/national\\\/dhia-khaled-nouvel-ambassadeur-de-tunisie-a-paris\\\/209191\\\/\"},\"author\":{\"name\":\"MC\",\"@id\":\"https:\\\/\\\/www.webdo.tn\\\/fr\\\/#\\\/schema\\\/person\\\/2c4929cbf5a809e3bd38617c6ce150f6\"},\"headline\":\"Dhia Khaled, nouvel ambassadeur de Tunisie \u00e0 Paris ?\",\"datePublished\":\"2023-10-09T10:40:00+00:00\",\"dateModified\":\"2025-05-20T21:56:58+00:00\",\"mainEntityOfPage\":{\"@id\":\"https:\\\/\\\/www.webdo.tn\\\/fr\\\/actualite\\\/national\\\/dhia-khaled-nouvel-ambassadeur-de-tunisie-a-paris\\\/209191\\\/\"},\"wordCount\":166,\"commentCount\":0,\"publisher\":{\"@id\":\"https:\\\/\\\/www.webdo.tn\\\/fr\\\/#organization\"},\"image\":{\"@id\":\"https:\\\/\\\/www.webdo.tn\\\/fr\\\/actualite\\\/national\\\/dhia-khaled-nouvel-ambassadeur-de-tunisie-a-paris\\\/209191\\\/#primaryimage\"},\"thumbnailUrl\":\"https:\\\/\\\/www.webdo.tn\\\/fr\\\/wp-content\\\/uploads\\\/2023\\\/10\\\/fa47da766a214deed4450bf84c13b2c8.jpg\",\"keywords\":[\"Ambassadeur\",\"dhia khaled\",\"france\",\"Tunisie\"],\"articleSection\":[\"National\"],\"inLanguage\":\"fr-FR\"},{\"@type\":\"WebPage\",\"@id\":\"https:\\\/\\\/www.webdo.tn\\\/fr\\\/actualite\\\/national\\\/dhia-khaled-nouvel-ambassadeur-de-tunisie-a-paris\\\/209191\\\/\",\"url\":\"https:\\\/\\\/www.webdo.tn\\\/fr\\\/actualite\\\/national\\\/dhia-khaled-nouvel-ambassadeur-de-tunisie-a-paris\\\/209191\\\/\",\"name\":\"Dhia Khaled, nouvel ambassadeur de Tunisie \u00e0 Paris ?\",\"isPartOf\":{\"@id\":\"https:\\\/\\\/www.webdo.tn\\\/fr\\\/#website\"},\"primaryImageOfPage\":{\"@id\":\"https:\\\/\\\/www.webdo.tn\\\/fr\\\/actualite\\\/national\\\/dhia-khaled-nouvel-ambassadeur-de-tunisie-a-paris\\\/209191\\\/#primaryimage\"},\"image\":{\"@id\":\"https:\\\/\\\/www.webdo.tn\\\/fr\\\/actualite\\\/national\\\/dhia-khaled-nouvel-ambassadeur-de-tunisie-a-paris\\\/209191\\\/#primaryimage\"},\"thumbnailUrl\":\"https:\\\/\\\/www.webdo.tn\\\/fr\\\/wp-content\\\/uploads\\\/2023\\\/10\\\/fa47da766a214deed4450bf84c13b2c8.jpg\",\"datePublished\":\"2023-10-09T10:40:00+00:00\",\"dateModified\":\"2025-05-20T21:56:58+00:00\",\"description\":\"Dhia Khaled serait le nouvel ambassadeur de Tunisie en France.\",\"breadcrumb\":{\"@id\":\"https:\\\/\\\/www.webdo.tn\\\/fr\\\/actualite\\\/national\\\/dhia-khaled-nouvel-ambassadeur-de-tunisie-a-paris\\\/209191\\\/#breadcrumb\"},\"inLanguage\":\"fr-FR\",\"potentialAction\":[{\"@type\":\"ReadAction\",\"target\":[\"https:\\\/\\\/www.webdo.tn\\\/fr\\\/actualite\\\/national\\\/dhia-khaled-nouvel-ambassadeur-de-tunisie-a-paris\\\/209191\\\/\"]}]},{\"@type\":\"ImageObject\",\"inLanguage\":\"fr-FR\",\"@id\":\"https:\\\/\\\/www.webdo.tn\\\/fr\\\/actualite\\\/national\\\/dhia-khaled-nouvel-ambassadeur-de-tunisie-a-paris\\\/209191\\\/#primaryimage\",\"url\":\"https:\\\/\\\/www.webdo.tn\\\/fr\\\/wp-content\\\/uploads\\\/2023\\\/10\\\/fa47da766a214deed4450bf84c13b2c8.jpg\",\"contentUrl\":\"https:\\\/\\\/www.webdo.tn\\\/fr\\\/wp-content\\\/uploads\\\/2023\\\/10\\\/fa47da766a214deed4450bf84c13b2c8.jpg\",\"width\":720,\"height\":384,\"caption\":\"Dhia Khaled, nouvel ambassadeur de Tunisie \u00e0 Paris ?\"},{\"@type\":\"BreadcrumbList\",\"@id\":\"https:\\\/\\\/www.webdo.tn\\\/fr\\\/actualite\\\/national\\\/dhia-khaled-nouvel-ambassadeur-de-tunisie-a-paris\\\/209191\\\/#breadcrumb\",\"itemListElement\":[{\"@type\":\"ListItem\",\"position\":1,\"name\":\"Accueil\",\"item\":\"https:\\\/\\\/www.webdo.tn\\\/fr\\\/\"},{\"@type\":\"ListItem\",\"position\":2,\"name\":\"Dhia Khaled, nouvel ambassadeur de Tunisie \u00e0 Paris ?\"}]},{\"@type\":\"WebSite\",\"@id\":\"https:\\\/\\\/www.webdo.tn\\\/fr\\\/#website\",\"url\":\"https:\\\/\\\/www.webdo.tn\\\/fr\\\/\",\"name\":\"webdo\",\"description\":\"Tunisie - News en Tunisie et \u00e0 l&#039;international sur Webdo.tn\",\"publisher\":{\"@id\":\"https:\\\/\\\/www.webdo.tn\\\/fr\\\/#organization\"},\"potentialAction\":[{\"@type\":\"SearchAction\",\"target\":{\"@type\":\"EntryPoint\",\"urlTemplate\":\"https:\\\/\\\/www.webdo.tn\\\/fr\\\/?s={search_term_string}\"},\"query-input\":{\"@type\":\"PropertyValueSpecification\",\"valueRequired\":true,\"valueName\":\"search_term_string\"}}],\"inLanguage\":\"fr-FR\"},{\"@type\":\"Organization\",\"@id\":\"https:\\\/\\\/www.webdo.tn\\\/fr\\\/#organization\",\"name\":\"Webdo\",\"alternateName\":\"Webdo.tn\",\"url\":\"https:\\\/\\\/www.webdo.tn\\\/fr\\\/\",\"logo\":{\"@type\":\"ImageObject\",\"inLanguage\":\"fr-FR\",\"@id\":\"https:\\\/\\\/www.webdo.tn\\\/fr\\\/#\\\/schema\\\/logo\\\/image\\\/\",\"url\":\"https:\\\/\\\/www.webdo.tn\\\/fr\\\/wp-content\\\/uploads\\\/2025\\\/06\\\/Webdo-Tunisie_168377.jpg\",\"contentUrl\":\"https:\\\/\\\/www.webdo.tn\\\/fr\\\/wp-content\\\/uploads\\\/2025\\\/06\\\/Webdo-Tunisie_168377.jpg\",\"width\":301,\"height\":301,\"caption\":\"Webdo\"},\"image\":{\"@id\":\"https:\\\/\\\/www.webdo.tn\\\/fr\\\/#\\\/schema\\\/logo\\\/image\\\/\"},\"sameAs\":[\"https:\\\/\\\/www.facebook.com\\\/webdotn\",\"https:\\\/\\\/x.com\\\/webdo_tn\"],\"description\":\"Webdo est un m\u00e9dia num\u00e9rique tunisien fond\u00e9 en 2010, sp\u00e9cialis\u00e9 dans l\u2019actualit\u00e9 nationale et internationale, l\u2019\u00e9conomie, la soci\u00e9t\u00e9 et les analyses politiques. Le site s\u2019adresse \u00e0 un large public francophone et couvre l\u2019information tunisienne en temps r\u00e9el.\",\"email\":\"redac@webdo.tn\",\"legalName\":\"YNJ SARL\",\"foundingDate\":\"2010-09-06\",\"numberOfEmployees\":{\"@type\":\"QuantitativeValue\",\"minValue\":\"11\",\"maxValue\":\"50\"}},{\"@type\":\"Person\",\"@id\":\"https:\\\/\\\/www.webdo.tn\\\/fr\\\/#\\\/schema\\\/person\\\/2c4929cbf5a809e3bd38617c6ce150f6\",\"name\":\"MC\",\"image\":{\"@type\":\"ImageObject\",\"inLanguage\":\"fr-FR\",\"@id\":\"https:\\\/\\\/secure.gravatar.com\\\/avatar\\\/a545bbb6f84efdd5553dbbc2895e3ca8f1d12c5215e00a041c9670b54aa9b18a?s=96&d=mm&r=g\",\"url\":\"https:\\\/\\\/secure.gravatar.com\\\/avatar\\\/a545bbb6f84efdd5553dbbc2895e3ca8f1d12c5215e00a041c9670b54aa9b18a?s=96&d=mm&r=g\",\"contentUrl\":\"https:\\\/\\\/secure.gravatar.com\\\/avatar\\\/a545bbb6f84efdd5553dbbc2895e3ca8f1d12c5215e00a041c9670b54aa9b18a?s=96&d=mm&r=g\",\"caption\":\"MC\"},\"url\":\"https:\\\/\\\/www.webdo.tn\\\/fr\\\/actualite\\\/author\\\/mc\\\/\"}]}<\/script>\n<!-- \/ Yoast SEO Premium plugin. -->","yoast_head_json":{"title":"Dhia Khaled, nouvel ambassadeur de Tunisie \u00e0 Paris ?","description":"Dhia Khaled serait le nouvel ambassadeur de Tunisie en France.","canonical":"https:\/\/www.webdo.tn\/fr\/actualite\/national\/dhia-khaled-nouvel-ambassadeur-de-tunisie-a-paris\/209191\/","og_locale":"fr_FR","og_type":"article","og_title":"Dhia Khaled, nouvel ambassadeur de Tunisie \u00e0 Paris ?","og_description":"Dhia Khaled serait le nouvel ambassadeur de Tunisie en France.","og_url":"https:\/\/www.webdo.tn\/fr\/actualite\/national\/dhia-khaled-nouvel-ambassadeur-de-tunisie-a-paris\/209191\/","og_site_name":"webdo","article_publisher":"https:\/\/www.facebook.com\/webdotn","article_published_time":"2023-10-09T10:40:00+00:00","article_modified_time":"2025-05-20T21:56:58+00:00","og_image":[{"width":720,"height":384,"url":"https:\/\/www.webdo.tn\/fr\/wp-content\/uploads\/2023\/10\/fa47da766a214deed4450bf84c13b2c8.jpg","type":"image\/jpeg"}],"author":"MC","twitter_card":"summary_large_image","twitter_creator":"@webdo_tn","twitter_site":"@webdo_tn","twitter_misc":{"\u00c9crit par":"MC","Dur\u00e9e de lecture estim\u00e9e":"1 minute"},"schema":{"@context":"https:\/\/schema.org","@graph":[{"@type":"NewsArticle","@id":"https:\/\/www.webdo.tn\/fr\/actualite\/national\/dhia-khaled-nouvel-ambassadeur-de-tunisie-a-paris\/209191\/#article","isPartOf":{"@id":"https:\/\/www.webdo.tn\/fr\/actualite\/national\/dhia-khaled-nouvel-ambassadeur-de-tunisie-a-paris\/209191\/"},"author":{"name":"MC","@id":"https:\/\/www.webdo.tn\/fr\/#\/schema\/person\/2c4929cbf5a809e3bd38617c6ce150f6"},"headline":"Dhia Khaled, nouvel ambassadeur de Tunisie \u00e0 Paris ?","datePublished":"2023-10-09T10:40:00+00:00","dateModified":"2025-05-20T21:56:58+00:00","mainEntityOfPage":{"@id":"https:\/\/www.webdo.tn\/fr\/actualite\/national\/dhia-khaled-nouvel-ambassadeur-de-tunisie-a-paris\/209191\/"},"wordCount":166,"commentCount":0,"publisher":{"@id":"https:\/\/www.webdo.tn\/fr\/#organization"},"image":{"@id":"https:\/\/www.webdo.tn\/fr\/actualite\/national\/dhia-khaled-nouvel-ambassadeur-de-tunisie-a-paris\/209191\/#primaryimage"},"thumbnailUrl":"https:\/\/www.webdo.tn\/fr\/wp-content\/uploads\/2023\/10\/fa47da766a214deed4450bf84c13b2c8.jpg","keywords":["Ambassadeur","dhia khaled","france","Tunisie"],"articleSection":["National"],"inLanguage":"fr-FR"},{"@type":"WebPage","@id":"https:\/\/www.webdo.tn\/fr\/actualite\/national\/dhia-khaled-nouvel-ambassadeur-de-tunisie-a-paris\/209191\/","url":"https:\/\/www.webdo.tn\/fr\/actualite\/national\/dhia-khaled-nouvel-ambassadeur-de-tunisie-a-paris\/209191\/","name":"Dhia Khaled, nouvel ambassadeur de Tunisie \u00e0 Paris ?","isPartOf":{"@id":"https:\/\/www.webdo.tn\/fr\/#website"},"primaryImageOfPage":{"@id":"https:\/\/www.webdo.tn\/fr\/actualite\/national\/dhia-khaled-nouvel-ambassadeur-de-tunisie-a-paris\/209191\/#primaryimage"},"image":{"@id":"https:\/\/www.webdo.tn\/fr\/actualite\/national\/dhia-khaled-nouvel-ambassadeur-de-tunisie-a-paris\/209191\/#primaryimage"},"thumbnailUrl":"https:\/\/www.webdo.tn\/fr\/wp-content\/uploads\/2023\/10\/fa47da766a214deed4450bf84c13b2c8.jpg","datePublished":"2023-10-09T10:40:00+00:00","dateModified":"2025-05-20T21:56:58+00:00","description":"Dhia Khaled serait le nouvel ambassadeur de Tunisie en France.","breadcrumb":{"@id":"https:\/\/www.webdo.tn\/fr\/actualite\/national\/dhia-khaled-nouvel-ambassadeur-de-tunisie-a-paris\/209191\/#breadcrumb"},"inLanguage":"fr-FR","potentialAction":[{"@type":"ReadAction","target":["https:\/\/www.webdo.tn\/fr\/actualite\/national\/dhia-khaled-nouvel-ambassadeur-de-tunisie-a-paris\/209191\/"]}]},{"@type":"ImageObject","inLanguage":"fr-FR","@id":"https:\/\/www.webdo.tn\/fr\/actualite\/national\/dhia-khaled-nouvel-ambassadeur-de-tunisie-a-paris\/209191\/#primaryimage","url":"https:\/\/www.webdo.tn\/fr\/wp-content\/uploads\/2023\/10\/fa47da766a214deed4450bf84c13b2c8.jpg","contentUrl":"https:\/\/www.webdo.tn\/fr\/wp-content\/uploads\/2023\/10\/fa47da766a214deed4450bf84c13b2c8.jpg","width":720,"height":384,"caption":"Dhia Khaled, nouvel ambassadeur de Tunisie \u00e0 Paris ?"},{"@type":"BreadcrumbList","@id":"https:\/\/www.webdo.tn\/fr\/actualite\/national\/dhia-khaled-nouvel-ambassadeur-de-tunisie-a-paris\/209191\/#breadcrumb","itemListElement":[{"@type":"ListItem","position":1,"name":"Accueil","item":"https:\/\/www.webdo.tn\/fr\/"},{"@type":"ListItem","position":2,"name":"Dhia Khaled, nouvel ambassadeur de Tunisie \u00e0 Paris ?"}]},{"@type":"WebSite","@id":"https:\/\/www.webdo.tn\/fr\/#website","url":"https:\/\/www.webdo.tn\/fr\/","name":"webdo","description":"Tunisie - News en Tunisie et \u00e0 l&#039;international sur Webdo.tn","publisher":{"@id":"https:\/\/www.webdo.tn\/fr\/#organization"},"potentialAction":[{"@type":"SearchAction","target":{"@type":"EntryPoint","urlTemplate":"https:\/\/www.webdo.tn\/fr\/?s={search_term_string}"},"query-input":{"@type":"PropertyValueSpecification","valueRequired":true,"valueName":"search_term_string"}}],"inLanguage":"fr-FR"},{"@type":"Organization","@id":"https:\/\/www.webdo.tn\/fr\/#organization","name":"Webdo","alternateName":"Webdo.tn","url":"https:\/\/www.webdo.tn\/fr\/","logo":{"@type":"ImageObject","inLanguage":"fr-FR","@id":"https:\/\/www.webdo.tn\/fr\/#\/schema\/logo\/image\/","url":"https:\/\/www.webdo.tn\/fr\/wp-content\/uploads\/2025\/06\/Webdo-Tunisie_168377.jpg","contentUrl":"https:\/\/www.webdo.tn\/fr\/wp-content\/uploads\/2025\/06\/Webdo-Tunisie_168377.jpg","width":301,"height":301,"caption":"Webdo"},"image":{"@id":"https:\/\/www.webdo.tn\/fr\/#\/schema\/logo\/image\/"},"sameAs":["https:\/\/www.facebook.com\/webdotn","https:\/\/x.com\/webdo_tn"],"description":"Webdo est un m\u00e9dia num\u00e9rique tunisien fond\u00e9 en 2010, sp\u00e9cialis\u00e9 dans l\u2019actualit\u00e9 nationale et internationale, l\u2019\u00e9conomie, la soci\u00e9t\u00e9 et les analyses politiques. Le site s\u2019adresse \u00e0 un large public francophone et couvre l\u2019information tunisienne en temps r\u00e9el.","email":"redac@webdo.tn","legalName":"YNJ SARL","foundingDate":"2010-09-06","numberOfEmployees":{"@type":"QuantitativeValue","minValue":"11","maxValue":"50"}},{"@type":"Person","@id":"https:\/\/www.webdo.tn\/fr\/#\/schema\/person\/2c4929cbf5a809e3bd38617c6ce150f6","name":"MC","image":{"@type":"ImageObject","inLanguage":"fr-FR","@id":"https:\/\/secure.gravatar.com\/avatar\/a545bbb6f84efdd5553dbbc2895e3ca8f1d12c5215e00a041c9670b54aa9b18a?s=96&d=mm&r=g","url":"https:\/\/secure.gravatar.com\/avatar\/a545bbb6f84efdd5553dbbc2895e3ca8f1d12c5215e00a041c9670b54aa9b18a?s=96&d=mm&r=g","contentUrl":"https:\/\/secure.gravatar.com\/avatar\/a545bbb6f84efdd5553dbbc2895e3ca8f1d12c5215e00a041c9670b54aa9b18a?s=96&d=mm&r=g","caption":"MC"},"url":"https:\/\/www.webdo.tn\/fr\/actualite\/author\/mc\/"}]}},"_links":{"self":[{"href":"https:\/\/www.webdo.tn\/fr\/wp-json\/wp\/v2\/posts\/209191","targetHints":{"allow":["GET"]}}],"collection":[{"href":"https:\/\/www.webdo.tn\/fr\/wp-json\/wp\/v2\/posts"}],"about":[{"href":"https:\/\/www.webdo.tn\/fr\/wp-json\/wp\/v2\/types\/post"}],"author":[{"embeddable":true,"href":"https:\/\/www.webdo.tn\/fr\/wp-json\/wp\/v2\/users\/3162"}],"replies":[{"embeddable":true,"href":"https:\/\/www.webdo.tn\/fr\/wp-json\/wp\/v2\/comments?post=209191"}],"version-history":[{"count":0,"href":"https:\/\/www.webdo.tn\/fr\/wp-json\/wp\/v2\/posts\/209191\/revisions"}],"wp:featuredmedia":[{"embeddable":true,"href":"https:\/\/www.webdo.tn\/fr\/wp-json\/wp\/v2\/media\/249123"}],"wp:attachment":[{"href":"https:\/\/www.webdo.tn\/fr\/wp-json\/wp\/v2\/media?parent=209191"}],"wp:term":[{"taxonomy":"category","embeddable":true,"href":"https:\/\/www.webdo.tn\/fr\/wp-json\/wp\/v2\/categories?post=209191"},{"taxonomy":"post_tag","embeddable":true,"href":"https:\/\/www.webdo.tn\/fr\/wp-json\/wp\/v2\/tags?post=209191"}],"curies":[{"name":"wp","href":"https:\/\/api.w.org\/{rel}","templated":true}]}}