{"id":209186,"date":"2023-10-09T09:14:00","date_gmt":"2023-10-09T09:14:00","guid":{"rendered":"https:\/\/www.webdo.tn\/fr\/blog\/deluge-d-al-aqsa-plus-de-1100-morts-et-4500-blesses-dans-les-deux-camps\/209186\/"},"modified":"2025-05-20T21:56:57","modified_gmt":"2025-05-20T21:56:57","slug":"deluge-d-al-aqsa-plus-de-1100-morts-et-4500-blesses-dans-les-deux-camps","status":"publish","type":"post","link":"https:\/\/www.webdo.tn\/fr\/actualite\/international\/deluge-d-al-aqsa-plus-de-1100-morts-et-4500-blesses-dans-les-deux-camps\/209186\/","title":{"rendered":"\u00ab\u00a0D\u00e9luge d\u2019Al Aqsa\u00a0\u00bb : plus de 1100 morts et 4600 bless\u00e9s dans les deux camps"},"content":{"rendered":"<p>Les combats se poursuivent et \u00e9taient toujours en cours, ce lundi matin, entre des militants du Hamas et les forces isra\u00e9liennes, apr\u00e8s le lancement, samedi, de l\u2019attaque \u00ab\u00a0D\u00e9luge d\u2019Al-Aqsa\u00a0\u00bb contre Isra\u00ebl \u00e0 partir de la bande de Gaza.<\/p>\n<p>\t\t\t\t\t\t\t\t\tC\u00f4t\u00e9 isra\u00e9lien, l\u2019attaque du Hamas a fait au moins 700 morts et plus de 2382 bless\u00e9s c\u00f4t\u00e9 isra\u00e9lien. C\u00f4t\u00e9 palestinien, au moins 413 personnes sont mortes et 2300 ont \u00e9t\u00e9 bless\u00e9es depuis le d\u00e9but de la r\u00e9plique de l\u2019arm\u00e9e isra\u00e9lienne, selon les derniers bilans, soit un total de plus de 1100 morts et plus de 4600 bless\u00e9s dans les deux camps.<\/p>\n<p>Les forces d\u2019Isra\u00ebl (FDI) ont continu\u00e9 de bombarder la bande de Gaza dans la nuit de dimanche \u00e0 lundi. \u00ab\u00a0Pendant la nuit, des avions de combats, des h\u00e9licopt\u00e8res, des a\u00e9ronefs et l\u2019artillerie ont frapp\u00e9 plus de 500 cibles du Hamas et du Jihad islamique\u00a0\u00bb dans la bande de Gaza, a annonc\u00e9 l\u2019arm\u00e9e isra\u00e9lienne, ce lundi matin, dans un communiqu\u00e9.<\/p>\n<p>Cherchant \u00e0 reprendre la main apr\u00e8s l&rsquo;attaque surprise du Hamas samedi &#8211; par terre, air, mer &#8211; en plein Shabbat, le repos hebdomadaire juif, les forces isra\u00e9liennes continuent aussi \u00e0 traquer les membres du Hamas dans le sud d&rsquo;Isra\u00ebl o\u00f9 ils ont mass\u00e9 100.000 r\u00e9servistes selon un porte-parole de l&rsquo;arm\u00e9e.<\/p>\n<p>Lors de la conversation avec le pr\u00e9sident iranien, Ebrahim Raissi, le chef du bureau politique du mouvement palestinien Hamas, Ismail Haniyeh, a d\u00e9clar\u00e9 que l&rsquo;op\u00e9ration militaire s&rsquo;\u00e9tendrait de Gaza \u00e0 d&rsquo;autres th\u00e9\u00e2tres. Cela a \u00e9t\u00e9 rapport\u00e9 dans un communiqu\u00e9 de presse du Hamas. Haniyeh a, par ailleurs, remerci\u00e9 Ra\u00efssi pour le soutien de l&rsquo;Iran.<\/p>\n","protected":false},"excerpt":{"rendered":"<p>Apr\u00e8s le lancement, samedi, de l\u2019attaque  D\u00e9luge d\u2019Al-Aqsa  contre Isra\u00ebl \u00e0 partir de la bande de Gaza, le bilan s&rsquo;\u00e9tablit \u00e0 plus de 1100 morts et 4600 bless\u00e9s&#8230;<\/p>\n","protected":false},"author":3162,"featured_media":249117,"comment_status":"open","ping_status":"closed","sticky":false,"template":"","format":"standard","meta":{"footnotes":""},"categories":[2598],"tags":[7778,5941,3349,2636],"class_list":["post-209186","post","type-post","status-publish","format-standard","has-post-thumbnail","hentry","category-international","tag-al-aqsa","tag-bilan","tag-hamas","tag-israel"],"yoast_head":"<!-- This site is optimized with the Yoast SEO Premium plugin v27.5 (Yoast SEO v27.5) - https:\/\/yoast.com\/product\/yoast-seo-premium-wordpress\/ -->\n<title>D\u00e9luge d\u2019Al Aqsa : plus de 1100 morts et 4600 bless\u00e9s dans les deux camps<\/title>\n<meta name=\"description\" content=\"Apr\u00e8s le lancement, samedi, de l\u2019attaque D\u00e9luge d\u2019Al-Aqsa contre Isra\u00ebl \u00e0 partir de la bande de Gaza, le bilan s&#039;\u00e9tablit \u00e0 plus de 1100 morts et 4600 bless\u00e9s...\" \/>\n<link rel=\"canonical\" href=\"https:\/\/www.webdo.tn\/fr\/actualite\/international\/deluge-d-al-aqsa-plus-de-1100-morts-et-4500-blesses-dans-les-deux-camps\/209186\/\" \/>\n<meta property=\"og:locale\" content=\"fr_FR\" \/>\n<meta property=\"og:type\" content=\"article\" \/>\n<meta property=\"og:title\" content=\"&quot;D\u00e9luge d\u2019Al Aqsa&quot; : plus de 1100 morts et 4600 bless\u00e9s dans les deux camps\" \/>\n<meta property=\"og:description\" content=\"Apr\u00e8s le lancement, samedi, de l\u2019attaque D\u00e9luge d\u2019Al-Aqsa contre Isra\u00ebl \u00e0 partir de la bande de Gaza, le bilan s&#039;\u00e9tablit \u00e0 plus de 1100 morts et 4600 bless\u00e9s...\" \/>\n<meta property=\"og:url\" content=\"https:\/\/www.webdo.tn\/fr\/actualite\/international\/deluge-d-al-aqsa-plus-de-1100-morts-et-4500-blesses-dans-les-deux-camps\/209186\/\" \/>\n<meta property=\"og:site_name\" content=\"webdo\" \/>\n<meta property=\"article:publisher\" content=\"https:\/\/www.facebook.com\/webdotn\" \/>\n<meta property=\"article:published_time\" content=\"2023-10-09T09:14:00+00:00\" \/>\n<meta property=\"article:modified_time\" content=\"2025-05-20T21:56:57+00:00\" \/>\n<meta property=\"og:image\" content=\"https:\/\/www.webdo.tn\/fr\/wp-content\/uploads\/2023\/10\/37af9a2d95d6809d98c3858f31cf89c8.jpg\" \/>\n\t<meta property=\"og:image:width\" content=\"750\" \/>\n\t<meta property=\"og:image:height\" content=\"400\" \/>\n\t<meta property=\"og:image:type\" content=\"image\/jpeg\" \/>\n<meta name=\"author\" content=\"MC\" \/>\n<meta name=\"twitter:card\" content=\"summary_large_image\" \/>\n<meta name=\"twitter:creator\" content=\"@webdo_tn\" \/>\n<meta name=\"twitter:site\" content=\"@webdo_tn\" \/>\n<meta name=\"twitter:label1\" content=\"\u00c9crit par\" \/>\n\t<meta name=\"twitter:data1\" content=\"MC\" \/>\n\t<meta name=\"twitter:label2\" content=\"Dur\u00e9e de lecture estim\u00e9e\" \/>\n\t<meta name=\"twitter:data2\" content=\"1 minute\" \/>\n<script type=\"application\/ld+json\" class=\"yoast-schema-graph\">{\"@context\":\"https:\\\/\\\/schema.org\",\"@graph\":[{\"@type\":\"NewsArticle\",\"@id\":\"https:\\\/\\\/www.webdo.tn\\\/fr\\\/actualite\\\/international\\\/deluge-d-al-aqsa-plus-de-1100-morts-et-4500-blesses-dans-les-deux-camps\\\/209186\\\/#article\",\"isPartOf\":{\"@id\":\"https:\\\/\\\/www.webdo.tn\\\/fr\\\/actualite\\\/international\\\/deluge-d-al-aqsa-plus-de-1100-morts-et-4500-blesses-dans-les-deux-camps\\\/209186\\\/\"},\"author\":{\"name\":\"MC\",\"@id\":\"https:\\\/\\\/www.webdo.tn\\\/fr\\\/#\\\/schema\\\/person\\\/2c4929cbf5a809e3bd38617c6ce150f6\"},\"headline\":\"\u00ab\u00a0D\u00e9luge d\u2019Al Aqsa\u00a0\u00bb : plus de 1100 morts et 4600 bless\u00e9s dans les deux camps\",\"datePublished\":\"2023-10-09T09:14:00+00:00\",\"dateModified\":\"2025-05-20T21:56:57+00:00\",\"mainEntityOfPage\":{\"@id\":\"https:\\\/\\\/www.webdo.tn\\\/fr\\\/actualite\\\/international\\\/deluge-d-al-aqsa-plus-de-1100-morts-et-4500-blesses-dans-les-deux-camps\\\/209186\\\/\"},\"wordCount\":310,\"commentCount\":0,\"publisher\":{\"@id\":\"https:\\\/\\\/www.webdo.tn\\\/fr\\\/#organization\"},\"image\":{\"@id\":\"https:\\\/\\\/www.webdo.tn\\\/fr\\\/actualite\\\/international\\\/deluge-d-al-aqsa-plus-de-1100-morts-et-4500-blesses-dans-les-deux-camps\\\/209186\\\/#primaryimage\"},\"thumbnailUrl\":\"https:\\\/\\\/www.webdo.tn\\\/fr\\\/wp-content\\\/uploads\\\/2023\\\/10\\\/37af9a2d95d6809d98c3858f31cf89c8.jpg\",\"keywords\":[\"al aqsa\",\"bilan\",\"hamas\",\"isra\u00ebl\"],\"articleSection\":[\"International\"],\"inLanguage\":\"fr-FR\"},{\"@type\":\"WebPage\",\"@id\":\"https:\\\/\\\/www.webdo.tn\\\/fr\\\/actualite\\\/international\\\/deluge-d-al-aqsa-plus-de-1100-morts-et-4500-blesses-dans-les-deux-camps\\\/209186\\\/\",\"url\":\"https:\\\/\\\/www.webdo.tn\\\/fr\\\/actualite\\\/international\\\/deluge-d-al-aqsa-plus-de-1100-morts-et-4500-blesses-dans-les-deux-camps\\\/209186\\\/\",\"name\":\"D\u00e9luge d\u2019Al Aqsa : plus de 1100 morts et 4600 bless\u00e9s dans les deux camps\",\"isPartOf\":{\"@id\":\"https:\\\/\\\/www.webdo.tn\\\/fr\\\/#website\"},\"primaryImageOfPage\":{\"@id\":\"https:\\\/\\\/www.webdo.tn\\\/fr\\\/actualite\\\/international\\\/deluge-d-al-aqsa-plus-de-1100-morts-et-4500-blesses-dans-les-deux-camps\\\/209186\\\/#primaryimage\"},\"image\":{\"@id\":\"https:\\\/\\\/www.webdo.tn\\\/fr\\\/actualite\\\/international\\\/deluge-d-al-aqsa-plus-de-1100-morts-et-4500-blesses-dans-les-deux-camps\\\/209186\\\/#primaryimage\"},\"thumbnailUrl\":\"https:\\\/\\\/www.webdo.tn\\\/fr\\\/wp-content\\\/uploads\\\/2023\\\/10\\\/37af9a2d95d6809d98c3858f31cf89c8.jpg\",\"datePublished\":\"2023-10-09T09:14:00+00:00\",\"dateModified\":\"2025-05-20T21:56:57+00:00\",\"description\":\"Apr\u00e8s le lancement, samedi, de l\u2019attaque D\u00e9luge d\u2019Al-Aqsa contre Isra\u00ebl \u00e0 partir de la bande de Gaza, le bilan s'\u00e9tablit \u00e0 plus de 1100 morts et 4600 bless\u00e9s...\",\"breadcrumb\":{\"@id\":\"https:\\\/\\\/www.webdo.tn\\\/fr\\\/actualite\\\/international\\\/deluge-d-al-aqsa-plus-de-1100-morts-et-4500-blesses-dans-les-deux-camps\\\/209186\\\/#breadcrumb\"},\"inLanguage\":\"fr-FR\",\"potentialAction\":[{\"@type\":\"ReadAction\",\"target\":[\"https:\\\/\\\/www.webdo.tn\\\/fr\\\/actualite\\\/international\\\/deluge-d-al-aqsa-plus-de-1100-morts-et-4500-blesses-dans-les-deux-camps\\\/209186\\\/\"]}]},{\"@type\":\"ImageObject\",\"inLanguage\":\"fr-FR\",\"@id\":\"https:\\\/\\\/www.webdo.tn\\\/fr\\\/actualite\\\/international\\\/deluge-d-al-aqsa-plus-de-1100-morts-et-4500-blesses-dans-les-deux-camps\\\/209186\\\/#primaryimage\",\"url\":\"https:\\\/\\\/www.webdo.tn\\\/fr\\\/wp-content\\\/uploads\\\/2023\\\/10\\\/37af9a2d95d6809d98c3858f31cf89c8.jpg\",\"contentUrl\":\"https:\\\/\\\/www.webdo.tn\\\/fr\\\/wp-content\\\/uploads\\\/2023\\\/10\\\/37af9a2d95d6809d98c3858f31cf89c8.jpg\",\"width\":750,\"height\":400,\"caption\":\"\\\"D\u00e9luge d\u2019Al Aqsa\\\" : plus de 1100 morts et 4600 bless\u00e9s dans les deux camps\"},{\"@type\":\"BreadcrumbList\",\"@id\":\"https:\\\/\\\/www.webdo.tn\\\/fr\\\/actualite\\\/international\\\/deluge-d-al-aqsa-plus-de-1100-morts-et-4500-blesses-dans-les-deux-camps\\\/209186\\\/#breadcrumb\",\"itemListElement\":[{\"@type\":\"ListItem\",\"position\":1,\"name\":\"Accueil\",\"item\":\"https:\\\/\\\/www.webdo.tn\\\/fr\\\/\"},{\"@type\":\"ListItem\",\"position\":2,\"name\":\"\u00ab\u00a0D\u00e9luge d\u2019Al Aqsa\u00a0\u00bb : plus de 1100 morts et 4600 bless\u00e9s dans les deux camps\"}]},{\"@type\":\"WebSite\",\"@id\":\"https:\\\/\\\/www.webdo.tn\\\/fr\\\/#website\",\"url\":\"https:\\\/\\\/www.webdo.tn\\\/fr\\\/\",\"name\":\"webdo\",\"description\":\"Tunisie - News en Tunisie et \u00e0 l&#039;international sur Webdo.tn\",\"publisher\":{\"@id\":\"https:\\\/\\\/www.webdo.tn\\\/fr\\\/#organization\"},\"potentialAction\":[{\"@type\":\"SearchAction\",\"target\":{\"@type\":\"EntryPoint\",\"urlTemplate\":\"https:\\\/\\\/www.webdo.tn\\\/fr\\\/?s={search_term_string}\"},\"query-input\":{\"@type\":\"PropertyValueSpecification\",\"valueRequired\":true,\"valueName\":\"search_term_string\"}}],\"inLanguage\":\"fr-FR\"},{\"@type\":\"Organization\",\"@id\":\"https:\\\/\\\/www.webdo.tn\\\/fr\\\/#organization\",\"name\":\"Webdo\",\"alternateName\":\"Webdo.tn\",\"url\":\"https:\\\/\\\/www.webdo.tn\\\/fr\\\/\",\"logo\":{\"@type\":\"ImageObject\",\"inLanguage\":\"fr-FR\",\"@id\":\"https:\\\/\\\/www.webdo.tn\\\/fr\\\/#\\\/schema\\\/logo\\\/image\\\/\",\"url\":\"https:\\\/\\\/www.webdo.tn\\\/fr\\\/wp-content\\\/uploads\\\/2025\\\/06\\\/Webdo-Tunisie_168377.jpg\",\"contentUrl\":\"https:\\\/\\\/www.webdo.tn\\\/fr\\\/wp-content\\\/uploads\\\/2025\\\/06\\\/Webdo-Tunisie_168377.jpg\",\"width\":301,\"height\":301,\"caption\":\"Webdo\"},\"image\":{\"@id\":\"https:\\\/\\\/www.webdo.tn\\\/fr\\\/#\\\/schema\\\/logo\\\/image\\\/\"},\"sameAs\":[\"https:\\\/\\\/www.facebook.com\\\/webdotn\",\"https:\\\/\\\/x.com\\\/webdo_tn\"],\"description\":\"Webdo est un m\u00e9dia num\u00e9rique tunisien fond\u00e9 en 2010, sp\u00e9cialis\u00e9 dans l\u2019actualit\u00e9 nationale et internationale, l\u2019\u00e9conomie, la soci\u00e9t\u00e9 et les analyses politiques. Le site s\u2019adresse \u00e0 un large public francophone et couvre l\u2019information tunisienne en temps r\u00e9el.\",\"email\":\"redac@webdo.tn\",\"legalName\":\"YNJ SARL\",\"foundingDate\":\"2010-09-06\",\"numberOfEmployees\":{\"@type\":\"QuantitativeValue\",\"minValue\":\"11\",\"maxValue\":\"50\"}},{\"@type\":\"Person\",\"@id\":\"https:\\\/\\\/www.webdo.tn\\\/fr\\\/#\\\/schema\\\/person\\\/2c4929cbf5a809e3bd38617c6ce150f6\",\"name\":\"MC\",\"image\":{\"@type\":\"ImageObject\",\"inLanguage\":\"fr-FR\",\"@id\":\"https:\\\/\\\/secure.gravatar.com\\\/avatar\\\/a545bbb6f84efdd5553dbbc2895e3ca8f1d12c5215e00a041c9670b54aa9b18a?s=96&d=mm&r=g\",\"url\":\"https:\\\/\\\/secure.gravatar.com\\\/avatar\\\/a545bbb6f84efdd5553dbbc2895e3ca8f1d12c5215e00a041c9670b54aa9b18a?s=96&d=mm&r=g\",\"contentUrl\":\"https:\\\/\\\/secure.gravatar.com\\\/avatar\\\/a545bbb6f84efdd5553dbbc2895e3ca8f1d12c5215e00a041c9670b54aa9b18a?s=96&d=mm&r=g\",\"caption\":\"MC\"},\"url\":\"https:\\\/\\\/www.webdo.tn\\\/fr\\\/actualite\\\/author\\\/mc\\\/\"}]}<\/script>\n<!-- \/ Yoast SEO Premium plugin. -->","yoast_head_json":{"title":"D\u00e9luge d\u2019Al Aqsa : plus de 1100 morts et 4600 bless\u00e9s dans les deux camps","description":"Apr\u00e8s le lancement, samedi, de l\u2019attaque D\u00e9luge d\u2019Al-Aqsa contre Isra\u00ebl \u00e0 partir de la bande de Gaza, le bilan s'\u00e9tablit \u00e0 plus de 1100 morts et 4600 bless\u00e9s...","canonical":"https:\/\/www.webdo.tn\/fr\/actualite\/international\/deluge-d-al-aqsa-plus-de-1100-morts-et-4500-blesses-dans-les-deux-camps\/209186\/","og_locale":"fr_FR","og_type":"article","og_title":"\"D\u00e9luge d\u2019Al Aqsa\" : plus de 1100 morts et 4600 bless\u00e9s dans les deux camps","og_description":"Apr\u00e8s le lancement, samedi, de l\u2019attaque D\u00e9luge d\u2019Al-Aqsa contre Isra\u00ebl \u00e0 partir de la bande de Gaza, le bilan s'\u00e9tablit \u00e0 plus de 1100 morts et 4600 bless\u00e9s...","og_url":"https:\/\/www.webdo.tn\/fr\/actualite\/international\/deluge-d-al-aqsa-plus-de-1100-morts-et-4500-blesses-dans-les-deux-camps\/209186\/","og_site_name":"webdo","article_publisher":"https:\/\/www.facebook.com\/webdotn","article_published_time":"2023-10-09T09:14:00+00:00","article_modified_time":"2025-05-20T21:56:57+00:00","og_image":[{"width":750,"height":400,"url":"https:\/\/www.webdo.tn\/fr\/wp-content\/uploads\/2023\/10\/37af9a2d95d6809d98c3858f31cf89c8.jpg","type":"image\/jpeg"}],"author":"MC","twitter_card":"summary_large_image","twitter_creator":"@webdo_tn","twitter_site":"@webdo_tn","twitter_misc":{"\u00c9crit par":"MC","Dur\u00e9e de lecture estim\u00e9e":"1 minute"},"schema":{"@context":"https:\/\/schema.org","@graph":[{"@type":"NewsArticle","@id":"https:\/\/www.webdo.tn\/fr\/actualite\/international\/deluge-d-al-aqsa-plus-de-1100-morts-et-4500-blesses-dans-les-deux-camps\/209186\/#article","isPartOf":{"@id":"https:\/\/www.webdo.tn\/fr\/actualite\/international\/deluge-d-al-aqsa-plus-de-1100-morts-et-4500-blesses-dans-les-deux-camps\/209186\/"},"author":{"name":"MC","@id":"https:\/\/www.webdo.tn\/fr\/#\/schema\/person\/2c4929cbf5a809e3bd38617c6ce150f6"},"headline":"\u00ab\u00a0D\u00e9luge d\u2019Al Aqsa\u00a0\u00bb : plus de 1100 morts et 4600 bless\u00e9s dans les deux camps","datePublished":"2023-10-09T09:14:00+00:00","dateModified":"2025-05-20T21:56:57+00:00","mainEntityOfPage":{"@id":"https:\/\/www.webdo.tn\/fr\/actualite\/international\/deluge-d-al-aqsa-plus-de-1100-morts-et-4500-blesses-dans-les-deux-camps\/209186\/"},"wordCount":310,"commentCount":0,"publisher":{"@id":"https:\/\/www.webdo.tn\/fr\/#organization"},"image":{"@id":"https:\/\/www.webdo.tn\/fr\/actualite\/international\/deluge-d-al-aqsa-plus-de-1100-morts-et-4500-blesses-dans-les-deux-camps\/209186\/#primaryimage"},"thumbnailUrl":"https:\/\/www.webdo.tn\/fr\/wp-content\/uploads\/2023\/10\/37af9a2d95d6809d98c3858f31cf89c8.jpg","keywords":["al aqsa","bilan","hamas","isra\u00ebl"],"articleSection":["International"],"inLanguage":"fr-FR"},{"@type":"WebPage","@id":"https:\/\/www.webdo.tn\/fr\/actualite\/international\/deluge-d-al-aqsa-plus-de-1100-morts-et-4500-blesses-dans-les-deux-camps\/209186\/","url":"https:\/\/www.webdo.tn\/fr\/actualite\/international\/deluge-d-al-aqsa-plus-de-1100-morts-et-4500-blesses-dans-les-deux-camps\/209186\/","name":"D\u00e9luge d\u2019Al Aqsa : plus de 1100 morts et 4600 bless\u00e9s dans les deux camps","isPartOf":{"@id":"https:\/\/www.webdo.tn\/fr\/#website"},"primaryImageOfPage":{"@id":"https:\/\/www.webdo.tn\/fr\/actualite\/international\/deluge-d-al-aqsa-plus-de-1100-morts-et-4500-blesses-dans-les-deux-camps\/209186\/#primaryimage"},"image":{"@id":"https:\/\/www.webdo.tn\/fr\/actualite\/international\/deluge-d-al-aqsa-plus-de-1100-morts-et-4500-blesses-dans-les-deux-camps\/209186\/#primaryimage"},"thumbnailUrl":"https:\/\/www.webdo.tn\/fr\/wp-content\/uploads\/2023\/10\/37af9a2d95d6809d98c3858f31cf89c8.jpg","datePublished":"2023-10-09T09:14:00+00:00","dateModified":"2025-05-20T21:56:57+00:00","description":"Apr\u00e8s le lancement, samedi, de l\u2019attaque D\u00e9luge d\u2019Al-Aqsa contre Isra\u00ebl \u00e0 partir de la bande de Gaza, le bilan s'\u00e9tablit \u00e0 plus de 1100 morts et 4600 bless\u00e9s...","breadcrumb":{"@id":"https:\/\/www.webdo.tn\/fr\/actualite\/international\/deluge-d-al-aqsa-plus-de-1100-morts-et-4500-blesses-dans-les-deux-camps\/209186\/#breadcrumb"},"inLanguage":"fr-FR","potentialAction":[{"@type":"ReadAction","target":["https:\/\/www.webdo.tn\/fr\/actualite\/international\/deluge-d-al-aqsa-plus-de-1100-morts-et-4500-blesses-dans-les-deux-camps\/209186\/"]}]},{"@type":"ImageObject","inLanguage":"fr-FR","@id":"https:\/\/www.webdo.tn\/fr\/actualite\/international\/deluge-d-al-aqsa-plus-de-1100-morts-et-4500-blesses-dans-les-deux-camps\/209186\/#primaryimage","url":"https:\/\/www.webdo.tn\/fr\/wp-content\/uploads\/2023\/10\/37af9a2d95d6809d98c3858f31cf89c8.jpg","contentUrl":"https:\/\/www.webdo.tn\/fr\/wp-content\/uploads\/2023\/10\/37af9a2d95d6809d98c3858f31cf89c8.jpg","width":750,"height":400,"caption":"\"D\u00e9luge d\u2019Al Aqsa\" : plus de 1100 morts et 4600 bless\u00e9s dans les deux camps"},{"@type":"BreadcrumbList","@id":"https:\/\/www.webdo.tn\/fr\/actualite\/international\/deluge-d-al-aqsa-plus-de-1100-morts-et-4500-blesses-dans-les-deux-camps\/209186\/#breadcrumb","itemListElement":[{"@type":"ListItem","position":1,"name":"Accueil","item":"https:\/\/www.webdo.tn\/fr\/"},{"@type":"ListItem","position":2,"name":"\u00ab\u00a0D\u00e9luge d\u2019Al Aqsa\u00a0\u00bb : plus de 1100 morts et 4600 bless\u00e9s dans les deux camps"}]},{"@type":"WebSite","@id":"https:\/\/www.webdo.tn\/fr\/#website","url":"https:\/\/www.webdo.tn\/fr\/","name":"webdo","description":"Tunisie - News en Tunisie et \u00e0 l&#039;international sur Webdo.tn","publisher":{"@id":"https:\/\/www.webdo.tn\/fr\/#organization"},"potentialAction":[{"@type":"SearchAction","target":{"@type":"EntryPoint","urlTemplate":"https:\/\/www.webdo.tn\/fr\/?s={search_term_string}"},"query-input":{"@type":"PropertyValueSpecification","valueRequired":true,"valueName":"search_term_string"}}],"inLanguage":"fr-FR"},{"@type":"Organization","@id":"https:\/\/www.webdo.tn\/fr\/#organization","name":"Webdo","alternateName":"Webdo.tn","url":"https:\/\/www.webdo.tn\/fr\/","logo":{"@type":"ImageObject","inLanguage":"fr-FR","@id":"https:\/\/www.webdo.tn\/fr\/#\/schema\/logo\/image\/","url":"https:\/\/www.webdo.tn\/fr\/wp-content\/uploads\/2025\/06\/Webdo-Tunisie_168377.jpg","contentUrl":"https:\/\/www.webdo.tn\/fr\/wp-content\/uploads\/2025\/06\/Webdo-Tunisie_168377.jpg","width":301,"height":301,"caption":"Webdo"},"image":{"@id":"https:\/\/www.webdo.tn\/fr\/#\/schema\/logo\/image\/"},"sameAs":["https:\/\/www.facebook.com\/webdotn","https:\/\/x.com\/webdo_tn"],"description":"Webdo est un m\u00e9dia num\u00e9rique tunisien fond\u00e9 en 2010, sp\u00e9cialis\u00e9 dans l\u2019actualit\u00e9 nationale et internationale, l\u2019\u00e9conomie, la soci\u00e9t\u00e9 et les analyses politiques. Le site s\u2019adresse \u00e0 un large public francophone et couvre l\u2019information tunisienne en temps r\u00e9el.","email":"redac@webdo.tn","legalName":"YNJ SARL","foundingDate":"2010-09-06","numberOfEmployees":{"@type":"QuantitativeValue","minValue":"11","maxValue":"50"}},{"@type":"Person","@id":"https:\/\/www.webdo.tn\/fr\/#\/schema\/person\/2c4929cbf5a809e3bd38617c6ce150f6","name":"MC","image":{"@type":"ImageObject","inLanguage":"fr-FR","@id":"https:\/\/secure.gravatar.com\/avatar\/a545bbb6f84efdd5553dbbc2895e3ca8f1d12c5215e00a041c9670b54aa9b18a?s=96&d=mm&r=g","url":"https:\/\/secure.gravatar.com\/avatar\/a545bbb6f84efdd5553dbbc2895e3ca8f1d12c5215e00a041c9670b54aa9b18a?s=96&d=mm&r=g","contentUrl":"https:\/\/secure.gravatar.com\/avatar\/a545bbb6f84efdd5553dbbc2895e3ca8f1d12c5215e00a041c9670b54aa9b18a?s=96&d=mm&r=g","caption":"MC"},"url":"https:\/\/www.webdo.tn\/fr\/actualite\/author\/mc\/"}]}},"_links":{"self":[{"href":"https:\/\/www.webdo.tn\/fr\/wp-json\/wp\/v2\/posts\/209186","targetHints":{"allow":["GET"]}}],"collection":[{"href":"https:\/\/www.webdo.tn\/fr\/wp-json\/wp\/v2\/posts"}],"about":[{"href":"https:\/\/www.webdo.tn\/fr\/wp-json\/wp\/v2\/types\/post"}],"author":[{"embeddable":true,"href":"https:\/\/www.webdo.tn\/fr\/wp-json\/wp\/v2\/users\/3162"}],"replies":[{"embeddable":true,"href":"https:\/\/www.webdo.tn\/fr\/wp-json\/wp\/v2\/comments?post=209186"}],"version-history":[{"count":0,"href":"https:\/\/www.webdo.tn\/fr\/wp-json\/wp\/v2\/posts\/209186\/revisions"}],"wp:featuredmedia":[{"embeddable":true,"href":"https:\/\/www.webdo.tn\/fr\/wp-json\/wp\/v2\/media\/249117"}],"wp:attachment":[{"href":"https:\/\/www.webdo.tn\/fr\/wp-json\/wp\/v2\/media?parent=209186"}],"wp:term":[{"taxonomy":"category","embeddable":true,"href":"https:\/\/www.webdo.tn\/fr\/wp-json\/wp\/v2\/categories?post=209186"},{"taxonomy":"post_tag","embeddable":true,"href":"https:\/\/www.webdo.tn\/fr\/wp-json\/wp\/v2\/tags?post=209186"}],"curies":[{"name":"wp","href":"https:\/\/api.w.org\/{rel}","templated":true}]}}